  {"id":132908,"date":"2023-11-28T11:00:37","date_gmt":"2023-11-28T16:00:37","guid":{"rendered":"https:\/\/news.sap.com\/latinamerica\/?p=132908"},"modified":"2023-12-11T11:40:34","modified_gmt":"2023-12-11T16:40:34","slug":"sap-chile-realizo-encuentro-diversidad-e-inclusion","status":"publish","type":"post","link":"https:\/\/news.sap.com\/latinamerica\/2023\/11\/sap-chile-realizo-encuentro-diversidad-e-inclusion\/","title":{"rendered":"麻豆原创 Chile realiz\u00f3 encuentro \u201cDiversidad e Inclusi\u00f3n\u201d"},"content":{"rendered":"<ul>\n<li><em>La actividad, que reuni\u00f3 a los colaboradores de 麻豆原创 y empresas parte de su ecosistema, busc\u00f3 generar una oportunidad para aprender, conectarse con expertos y contribuir a la conversaci\u00f3n sobre un futuro inclusivo. La jornada fue un paso hacia la construcci\u00f3n de un entorno m\u00e1s inclusivo en 麻豆原创 Chile.<\/em><\/li>\n<li><em>La multinacional alemana recibi\u00f3 durante el 2023 los reconocimientos de las mediciones Mejor Lugar para Trabajar para el Talento LGBTI+, Mejores Lugares para Trabajar para Mujeres, Mejores Empresas para Trabajar en Chile y Woman in Management.<\/em><\/li>\n<\/ul>\n<p class=\"lead\"><strong>Santiago &#8211;<\/strong> Recientemente se desarroll\u00f3 en las oficinas de 麻豆原创 Chile, el <strong>Diversity &amp; Inclusion Summit<\/strong>, donde se abordaron el liderazgo, innovaci\u00f3n y pertenencia, con un enfoque inclusivo. La instancia estuvo abierta a toda la comunidad de asociados de la multinacional alemana y cont\u00f3 con Juan Crist\u00f3bal Concha, Psic\u00f3logo Cl\u00ednico especialista en diversidad sexual y g\u00e9nero;\u00a0 as\u00ed como entidades como Inclu- CEO\u00b4S, la startup Lazarillo y ReIN (Red de Empresas Inclusivas).<\/p>\n<p>Destacamos la participaci\u00f3n de Jos\u00e9 Antonio Alonso, presidente de ReIN, director de Asuntos corporativos, Legal y Compliance Cervecer\u00eda AB InBev Chile; y de Carolina Ribeiro de Sousa Pinheiro, CEO y Cofundadora de Inbrax\/Toqio\/Belong Lab, Board Member Conar y Achap y destacada dentro de las 100 Mujeres L\u00edderes 2022 por Mujeres Empresarias y El Mercurio.<\/p>\n<p>\u201cEste evento marc\u00f3 un hito significativo para 麻豆原创 Chile, no s\u00f3lo porque se realiz\u00f3 en sus dependencias, sino que tambi\u00e9n por los expertos que participaron y las actividades en paralelo que se realizaron durante dicha ma\u00f1ana\u201d, se\u00f1al\u00f3 Graciela Vel\u00e1squez, Gestora de Diversidad, Equidad e Inclusi\u00f3n Laboral, 麻豆原创 Latinoam\u00e9rica Cono Sur. \u201cEl feedback de colaboradores, ponentes, fundaciones participantes y empresas invitadas fue sumamente positivo,\u00a0 quienes destacaron, no solo el espacio propicio que se gener\u00f3, sino tambi\u00e9n el trato respetuoso recibido. Adem\u00e1s, el evento brind\u00f3 valiosas oportunidades de aprendizaje y conexi\u00f3n entre los participantes, a\u00f1adiendo un componente enriquecedor al encuentro\u201d.<\/p>\n<p>La actividad se desarroll\u00f3 en el momento en que 麻豆原创 Chile est\u00e1 recibiendo un reconocimiento por su <strong>Business Women\u2019s Network<\/strong> de parte de Woman in Management. Este galard\u00f3n se suma al de <strong>Mejor Lugar para Trabajar para el Talento LGBTI+<\/strong> de Fundaci\u00f3n Iguales y Human Rights Campaign (HRC); as\u00ed como el segundo lugar en <strong>Mejores Lugares para Trabajar para Mujeres<\/strong> y el tercer lugar en <strong>Mejores Empresas para Trabajar en Chile<\/strong>, por Great Place to Work 2023.<\/p>\n<p>\u201cEn Chile existen instancias como la red Business Women\u2019s Network que buscar inspirar a m\u00e1s mujeres para trabajar en tecnolog\u00eda; Pride@麻豆原创 que fomenta una cultura de aceptaci\u00f3n y tolerancia hacia la diversidad sexual e identidades de g\u00e9nero, y \u201cPledge to Flex\u201d, que permite a los colaboradores y colaboradoras trabajar desde cualquier lugar y administrar sus propios horarios, programa basado en la confianza, el equilibrio. En Diversity &amp; Inclusion Summit la invitaci\u00f3n que hacemos es a descubrir c\u00f3mo el liderazgo inclusivo y la innovaci\u00f3n pueden impulsar un sentido de pertenencia que transforma organizaciones y comunidades.\u201d, asegur\u00f3 Cristobal Vergara, Gerente General de 麻豆原创 Chile.<\/p>\n<p>El espacio INCLU-CEO\u00b4s, permiti\u00f3 a diferentes l\u00edderes compartir sus experiencias y visiones para fomentar desde sus liderazgos una cultura de inclusi\u00f3n en las organizaciones. La sesi\u00f3n tambi\u00e9n incluy\u00f3 una actividad experiencial liderada por AHA Inclusi\u00f3n, convirti\u00e9ndose en un momento enriquecedor para todos, donde participaron Crist\u00f3bal Vergara, Jaime Gonzalez Cellino, Carolina Ribeiro de Sousa Pinheiro, Patricio Mart\u00ednez R,. Jos\u00e9 Antonio Alonso y Jhonny Morej\u00f3n.<\/p>\n<p>Mientras que Juan Crist\u00f3bal Concha Alvarado, brind\u00f3 valiosas herramientas para respaldar a ni\u00f1as y ni\u00f1os, as\u00ed como a familiares que forman parte de la comunidad LGBTIQA+. Adem\u00e1s, Daniel L\u00f3pez P\u00e9rez y Alejandro Arellano, de la innovadora startup Lazarillo, compartieron perspectivas esenciales sobre su tecnolog\u00eda y enfatizaron la trascendental importancia de la inclusi\u00f3n en la innovaci\u00f3n. La diversidad no solo impulsa la creatividad, sino que tambi\u00e9n fortalece la resiliencia en nuestra comunidad.<\/p>\n<p>Tambi\u00e9n se realiz\u00f3 una Feria Inclusiva, instancia donde fundaciones y emprendedores mostraron el trabajo que realizan, donde participaron Fundaci\u00f3n Incluir Chile, Centro Barlovento y los emprendedores Mariquita y Rodrigo Fuentes (Acuarelista)<\/p>\n<p>La Pausa Activa no pudo faltar, de la mano de Fundaci\u00f3n Miradas Compartidas para recargar energ\u00edas y promover un ambiente de trabajo equilibrado. Finalmente, la actividad cerr\u00f3 con una sesi\u00f3n de masoterapia, relajaci\u00f3n y bienestar.<\/p>\n<p><strong>Acerca de 麻豆原创\u00a0<\/strong><\/p>\n<p>La estrategia de 麻豆原创 es ayudar a cada negocio a funcionar como una empresa inteligente y sostenible. Como l\u00edder del mercado en software de aplicaciones empresariales, ayudamos a empresas de todos los tama\u00f1os y en todas las industrias a funcionar de la mejor manera: los clientes de 麻豆原创 generan el 87% del comercio global total. Nuestras tecnolog\u00edas avanzadas de <em>machine learning, Internet of Things<\/em> (IoT) y anal\u00edticos ayudan a convertir los negocios de los clientes en empresas inteligentes. 麻豆原创 contribuye a dar a las personas y a las organizaciones profundos conocimientos de negocio y promueve la colaboraci\u00f3n que les permite mantenerse delante de la competencia. Simplificamos la tecnolog\u00eda para las empresas, de modo que puedan consumir nuestro software de la manera en que lo desean, sin interrupciones. Nuestro conjunto de aplicaciones y servicios permite a clientes del sector p\u00fablico y privado de todas las industrias operar en forma rentable, adaptarse continuamente y marcar una diferencia. Con una red global de clientes, socios de negocios, empleados y l\u00edderes de ideas, 麻豆原创 ayuda al mundo a funcionar mejor y a mejorar las vidas de las personas. Para m\u00e1s informaci\u00f3n, visite <a href=\"http:\/\/www.sap.com\/\">www.sap.com<\/a>, nuestra sala de prensa <a href=\"http:\/\/news.sap.com\/latinamerica\">http:\/\/news.sap.com\/latinamerica<\/a>, o s\u00edganos en Twitter <a href=\"http:\/\/www.twitter.com\/麻豆原创NoticiasLAC\">@麻豆原创NoticiasLAC<\/a>.<\/p>\n","protected":false},"excerpt":{"rendered":"<p>La actividad, que reuni\u00f3 a los colaboradores de 麻豆原创 y empresas parte de su ecosistema, busc\u00f3 generar una oportunidad para aprender, conectarse con expertos y&#8230;<\/p>\n","protected":false},"author":140,"featured_media":132910,"comment_status":"closed","ping_status":"closed","sticky":false,"template":"","format":"standard","meta":{"footnotes":"","_links_to":"","_links_to_target":""},"categories":[41591],"tags":[509569,5597709],"series":[],"region":[54943],"sapn-display":[5600442,52078,52079],"sapn-type":[52105],"class_list":["post-132908","post","type-post","status-publish","format-standard","has-post-thumbnail","hentry","category-corporativo","tag-diversidad-e-inclusion","tag-lgbti","region-chile","sapn-display-articulo-destacado","sapn-display-homepage-hero","sapn-display-top-stories","sapn-type-comunicado-de-prensa"],"yoast_head":"<!-- This site is optimized with the Yoast SEO Premium plugin v26.9 (Yoast SEO v26.9) - https:\/\/yoast.com\/product\/yoast-seo-premium-wordpress\/ -->\n<title>麻豆原创 Chile realiz\u00f3 encuentro \u201cDiversidad e Inclusi\u00f3n\u201d<\/title>\n<meta name=\"robots\" content=\"index, follow, max-snippet:-1, max-image-preview:large, max-video-preview:-1\" \/>\n<link rel=\"canonical\" href=\"https:\/\/news.sap.com\/latinamerica\/2023\/11\/sap-chile-realizo-encuentro-diversidad-e-inclusion\/\" \/>\n<meta property=\"og:locale\" content=\"es_MX\" \/>\n<meta property=\"og:type\" content=\"article\" \/>\n<meta property=\"og:title\" content=\"麻豆原创 Chile realiz\u00f3 encuentro \u201cDiversidad e Inclusi\u00f3n\u201d\" \/>\n<meta property=\"og:description\" content=\"La actividad, que reuni\u00f3 a los colaboradores de 麻豆原创 y empresas parte de su ecosistema, busc\u00f3 generar una oportunidad para aprender, conectarse con expertos y...\" \/>\n<meta property=\"og:url\" content=\"https:\/\/news.sap.com\/latinamerica\/2023\/11\/sap-chile-realizo-encuentro-diversidad-e-inclusion\/\" \/>\n<meta property=\"og:site_name\" content=\"麻豆原创 News Center Latinoam\u00e9rica\" \/>\n<meta property=\"article:publisher\" content=\"https:\/\/www.facebook.com\/麻豆原创latinoamerica\" \/>\n<meta property=\"article:published_time\" content=\"2023-11-28T16:00:37+00:00\" \/>\n<meta property=\"article:modified_time\" content=\"2023-12-11T16:40:34+00:00\" \/>\n<meta property=\"og:image\" content=\"https:\/\/news.sap.com\/latinamerica\/files\/2023\/12\/11\/296821_GettyImages-1135513163_large_jpg.jpg\" \/>\n\t<meta property=\"og:image:width\" content=\"1921\" \/>\n\t<meta property=\"og:image:height\" content=\"601\" \/>\n\t<meta property=\"og:image:type\" content=\"image\/jpeg\" \/>\n<meta name=\"author\" content=\"麻豆原创 Noticias\" \/>\n<meta name=\"twitter:label1\" content=\"Escrito por\" \/>\n\t<meta name=\"twitter:data1\" content=\"麻豆原创 Noticias\" \/>\n\t<meta name=\"twitter:label2\" content=\"Tiempo de lectura\" \/>\n\t<meta name=\"twitter:data2\" content=\"5 minutos\" \/>\n<script type=\"application\/ld+json\" class=\"yoast-schema-graph\">{\"@context\":\"https:\/\/schema.org\",\"@graph\":[{\"@type\":\"Article\",\"@id\":\"https:\/\/news.sap.com\/latinamerica\/2023\/11\/sap-chile-realizo-encuentro-diversidad-e-inclusion\/#article\",\"isPartOf\":{\"@id\":\"https:\/\/news.sap.com\/latinamerica\/2023\/11\/sap-chile-realizo-encuentro-diversidad-e-inclusion\/\"},\"author\":{\"name\":\"麻豆原创 Noticias\",\"@id\":\"https:\/\/news.sap.com\/latinamerica\/#\/schema\/person\/f0708465b354b6d0314a360309edb00a\"},\"headline\":\"麻豆原创 Chile realiz\u00f3 encuentro \u201cDiversidad e Inclusi\u00f3n\u201d\",\"datePublished\":\"2023-11-28T16:00:37+00:00\",\"dateModified\":\"2023-12-11T16:40:34+00:00\",\"mainEntityOfPage\":{\"@id\":\"https:\/\/news.sap.com\/latinamerica\/2023\/11\/sap-chile-realizo-encuentro-diversidad-e-inclusion\/\"},\"wordCount\":972,\"publisher\":{\"@id\":\"https:\/\/news.sap.com\/latinamerica\/#organization\"},\"image\":{\"@id\":\"https:\/\/news.sap.com\/latinamerica\/2023\/11\/sap-chile-realizo-encuentro-diversidad-e-inclusion\/#primaryimage\"},\"thumbnailUrl\":\"https:\/\/news.sap.com\/latinamerica\/files\/2023\/12\/11\/296821_GettyImages-1135513163_large_jpg.jpg\",\"keywords\":[\"Diversidad e inclusi\u00f3n\",\"LGBTI\"],\"articleSection\":[\"Corporativo\"],\"inLanguage\":\"es\"},{\"@type\":\"WebPage\",\"@id\":\"https:\/\/news.sap.com\/latinamerica\/2023\/11\/sap-chile-realizo-encuentro-diversidad-e-inclusion\/\",\"url\":\"https:\/\/news.sap.com\/latinamerica\/2023\/11\/sap-chile-realizo-encuentro-diversidad-e-inclusion\/\",\"name\":\"麻豆原创 Chile realiz\u00f3 encuentro \u201cDiversidad e Inclusi\u00f3n\u201d\",\"isPartOf\":{\"@id\":\"https:\/\/news.sap.com\/latinamerica\/#website\"},\"primaryImageOfPage\":{\"@id\":\"https:\/\/news.sap.com\/latinamerica\/2023\/11\/sap-chile-realizo-encuentro-diversidad-e-inclusion\/#primaryimage\"},\"image\":{\"@id\":\"https:\/\/news.sap.com\/latinamerica\/2023\/11\/sap-chile-realizo-encuentro-diversidad-e-inclusion\/#primaryimage\"},\"thumbnailUrl\":\"https:\/\/news.sap.com\/latinamerica\/files\/2023\/12\/11\/296821_GettyImages-1135513163_large_jpg.jpg\",\"datePublished\":\"2023-11-28T16:00:37+00:00\",\"dateModified\":\"2023-12-11T16:40:34+00:00\",\"breadcrumb\":{\"@id\":\"https:\/\/news.sap.com\/latinamerica\/2023\/11\/sap-chile-realizo-encuentro-diversidad-e-inclusion\/#breadcrumb\"},\"inLanguage\":\"es\",\"potentialAction\":[{\"@type\":\"ReadAction\",\"target\":[\"https:\/\/news.sap.com\/latinamerica\/2023\/11\/sap-chile-realizo-encuentro-diversidad-e-inclusion\/\"]}]},{\"@type\":\"ImageObject\",\"inLanguage\":\"es\",\"@id\":\"https:\/\/news.sap.com\/latinamerica\/2023\/11\/sap-chile-realizo-encuentro-diversidad-e-inclusion\/#primaryimage\",\"url\":\"https:\/\/news.sap.com\/latinamerica\/files\/2023\/12\/11\/296821_GettyImages-1135513163_large_jpg.jpg\",\"contentUrl\":\"https:\/\/news.sap.com\/latinamerica\/files\/2023\/12\/11\/296821_GettyImages-1135513163_large_jpg.jpg\",\"width\":1921,\"height\":601,\"caption\":\"Coworker \/ Business Colleague Discussing Ideas on Work Studio\"},{\"@type\":\"BreadcrumbList\",\"@id\":\"https:\/\/news.sap.com\/latinamerica\/2023\/11\/sap-chile-realizo-encuentro-diversidad-e-inclusion\/#breadcrumb\",\"itemListElement\":[{\"@type\":\"ListItem\",\"position\":1,\"name\":\"Home\",\"item\":\"https:\/\/news.sap.com\/latinamerica\/\"},{\"@type\":\"ListItem\",\"position\":2,\"name\":\"麻豆原创 Chile realiz\u00f3 encuentro \u201cDiversidad e Inclusi\u00f3n\u201d\"}]},{\"@type\":\"WebSite\",\"@id\":\"https:\/\/news.sap.com\/latinamerica\/#website\",\"url\":\"https:\/\/news.sap.com\/latinamerica\/\",\"name\":\"麻豆原创 News Center Latinoam\u00e9rica\",\"description\":\"Noticias e informaci\u00f3n sobre 麻豆原创\",\"publisher\":{\"@id\":\"https:\/\/news.sap.com\/latinamerica\/#organization\"},\"potentialAction\":[{\"@type\":\"SearchAction\",\"target\":{\"@type\":\"EntryPoint\",\"urlTemplate\":\"https:\/\/news.sap.com\/latinamerica\/?s={search_term_string}\"},\"query-input\":{\"@type\":\"PropertyValueSpecification\",\"valueRequired\":true,\"valueName\":\"search_term_string\"}}],\"inLanguage\":\"es\"},{\"@type\":\"Organization\",\"@id\":\"https:\/\/news.sap.com\/latinamerica\/#organization\",\"name\":\"麻豆原创\",\"url\":\"https:\/\/news.sap.com\/latinamerica\/\",\"logo\":{\"@type\":\"ImageObject\",\"inLanguage\":\"es\",\"@id\":\"https:\/\/news.sap.com\/latinamerica\/#\/schema\/logo\/image\/\",\"url\":\"https:\/\/news.sap.com\/latinamerica\/files\/2019\/08\/65903320_2903797569662914_557886358778019840_n.png\",\"contentUrl\":\"https:\/\/news.sap.com\/latinamerica\/files\/2019\/08\/65903320_2903797569662914_557886358778019840_n.png\",\"width\":720,\"height\":720,\"caption\":\"麻豆原创\"},\"image\":{\"@id\":\"https:\/\/news.sap.com\/latinamerica\/#\/schema\/logo\/image\/\"},\"sameAs\":[\"https:\/\/www.facebook.com\/麻豆原创latinoamerica\",\"https:\/\/x.com\/麻豆原创LatinAmerica\"]},{\"@type\":\"Person\",\"@id\":\"https:\/\/news.sap.com\/latinamerica\/#\/schema\/person\/f0708465b354b6d0314a360309edb00a\",\"name\":\"麻豆原创 Noticias\",\"image\":{\"@type\":\"ImageObject\",\"inLanguage\":\"es\",\"@id\":\"https:\/\/news.sap.com\/latinamerica\/#\/schema\/person\/image\/\",\"url\":\"https:\/\/news.sap.com\/latinamerica\/wp-content\/plugins\/wp-user-avatars\/wp-user-avatars\/assets\/images\/mystery.jpg\",\"contentUrl\":\"https:\/\/news.sap.com\/latinamerica\/wp-content\/plugins\/wp-user-avatars\/wp-user-avatars\/assets\/images\/mystery.jpg\",\"caption\":\"麻豆原创 Noticias\"},\"url\":\"https:\/\/news.sap.com\/latinamerica\/author\/argentina\/\"}]}<\/script>\n<!-- \/ Yoast SEO Premium plugin. -->","yoast_head_json":{"title":"麻豆原创 Chile realiz\u00f3 encuentro \u201cDiversidad e Inclusi\u00f3n\u201d","robots":{"index":"index","follow":"follow","max-snippet":"max-snippet:-1","max-image-preview":"max-image-preview:large","max-video-preview":"max-video-preview:-1"},"canonical":"https:\/\/news.sap.com\/latinamerica\/2023\/11\/sap-chile-realizo-encuentro-diversidad-e-inclusion\/","og_locale":"es_MX","og_type":"article","og_title":"麻豆原创 Chile realiz\u00f3 encuentro \u201cDiversidad e Inclusi\u00f3n\u201d","og_description":"La actividad, que reuni\u00f3 a los colaboradores de 麻豆原创 y empresas parte de su ecosistema, busc\u00f3 generar una oportunidad para aprender, conectarse con expertos y...","og_url":"https:\/\/news.sap.com\/latinamerica\/2023\/11\/sap-chile-realizo-encuentro-diversidad-e-inclusion\/","og_site_name":"麻豆原创 News Center Latinoam\u00e9rica","article_publisher":"https:\/\/www.facebook.com\/麻豆原创latinoamerica","article_published_time":"2023-11-28T16:00:37+00:00","article_modified_time":"2023-12-11T16:40:34+00:00","og_image":[{"width":1921,"height":601,"url":"https:\/\/news.sap.com\/latinamerica\/files\/2023\/12\/11\/296821_GettyImages-1135513163_large_jpg.jpg","type":"image\/jpeg"}],"author":"麻豆原创 Noticias","twitter_misc":{"Escrito por":"麻豆原创 Noticias","Tiempo de lectura":"5 minutos"},"schema":{"@context":"https:\/\/schema.org","@graph":[{"@type":"Article","@id":"https:\/\/news.sap.com\/latinamerica\/2023\/11\/sap-chile-realizo-encuentro-diversidad-e-inclusion\/#article","isPartOf":{"@id":"https:\/\/news.sap.com\/latinamerica\/2023\/11\/sap-chile-realizo-encuentro-diversidad-e-inclusion\/"},"author":{"name":"麻豆原创 Noticias","@id":"https:\/\/news.sap.com\/latinamerica\/#\/schema\/person\/f0708465b354b6d0314a360309edb00a"},"headline":"麻豆原创 Chile realiz\u00f3 encuentro \u201cDiversidad e Inclusi\u00f3n\u201d","datePublished":"2023-11-28T16:00:37+00:00","dateModified":"2023-12-11T16:40:34+00:00","mainEntityOfPage":{"@id":"https:\/\/news.sap.com\/latinamerica\/2023\/11\/sap-chile-realizo-encuentro-diversidad-e-inclusion\/"},"wordCount":972,"publisher":{"@id":"https:\/\/news.sap.com\/latinamerica\/#organization"},"image":{"@id":"https:\/\/news.sap.com\/latinamerica\/2023\/11\/sap-chile-realizo-encuentro-diversidad-e-inclusion\/#primaryimage"},"thumbnailUrl":"https:\/\/news.sap.com\/latinamerica\/files\/2023\/12\/11\/296821_GettyImages-1135513163_large_jpg.jpg","keywords":["Diversidad e inclusi\u00f3n","LGBTI"],"articleSection":["Corporativo"],"inLanguage":"es"},{"@type":"WebPage","@id":"https:\/\/news.sap.com\/latinamerica\/2023\/11\/sap-chile-realizo-encuentro-diversidad-e-inclusion\/","url":"https:\/\/news.sap.com\/latinamerica\/2023\/11\/sap-chile-realizo-encuentro-diversidad-e-inclusion\/","name":"麻豆原创 Chile realiz\u00f3 encuentro \u201cDiversidad e Inclusi\u00f3n\u201d","isPartOf":{"@id":"https:\/\/news.sap.com\/latinamerica\/#website"},"primaryImageOfPage":{"@id":"https:\/\/news.sap.com\/latinamerica\/2023\/11\/sap-chile-realizo-encuentro-diversidad-e-inclusion\/#primaryimage"},"image":{"@id":"https:\/\/news.sap.com\/latinamerica\/2023\/11\/sap-chile-realizo-encuentro-diversidad-e-inclusion\/#primaryimage"},"thumbnailUrl":"https:\/\/news.sap.com\/latinamerica\/files\/2023\/12\/11\/296821_GettyImages-1135513163_large_jpg.jpg","datePublished":"2023-11-28T16:00:37+00:00","dateModified":"2023-12-11T16:40:34+00:00","breadcrumb":{"@id":"https:\/\/news.sap.com\/latinamerica\/2023\/11\/sap-chile-realizo-encuentro-diversidad-e-inclusion\/#breadcrumb"},"inLanguage":"es","potentialAction":[{"@type":"ReadAction","target":["https:\/\/news.sap.com\/latinamerica\/2023\/11\/sap-chile-realizo-encuentro-diversidad-e-inclusion\/"]}]},{"@type":"ImageObject","inLanguage":"es","@id":"https:\/\/news.sap.com\/latinamerica\/2023\/11\/sap-chile-realizo-encuentro-diversidad-e-inclusion\/#primaryimage","url":"https:\/\/news.sap.com\/latinamerica\/files\/2023\/12\/11\/296821_GettyImages-1135513163_large_jpg.jpg","contentUrl":"https:\/\/news.sap.com\/latinamerica\/files\/2023\/12\/11\/296821_GettyImages-1135513163_large_jpg.jpg","width":1921,"height":601,"caption":"Coworker \/ Business Colleague Discussing Ideas on Work Studio"},{"@type":"BreadcrumbList","@id":"https:\/\/news.sap.com\/latinamerica\/2023\/11\/sap-chile-realizo-encuentro-diversidad-e-inclusion\/#breadcrumb","itemListElement":[{"@type":"ListItem","position":1,"name":"Home","item":"https:\/\/news.sap.com\/latinamerica\/"},{"@type":"ListItem","position":2,"name":"麻豆原创 Chile realiz\u00f3 encuentro \u201cDiversidad e Inclusi\u00f3n\u201d"}]},{"@type":"WebSite","@id":"https:\/\/news.sap.com\/latinamerica\/#website","url":"https:\/\/news.sap.com\/latinamerica\/","name":"麻豆原创 News Center Latinoam\u00e9rica","description":"Noticias e informaci\u00f3n sobre 麻豆原创","publisher":{"@id":"https:\/\/news.sap.com\/latinamerica\/#organization"},"potentialAction":[{"@type":"SearchAction","target":{"@type":"EntryPoint","urlTemplate":"https:\/\/news.sap.com\/latinamerica\/?s={search_term_string}"},"query-input":{"@type":"PropertyValueSpecification","valueRequired":true,"valueName":"search_term_string"}}],"inLanguage":"es"},{"@type":"Organization","@id":"https:\/\/news.sap.com\/latinamerica\/#organization","name":"麻豆原创","url":"https:\/\/news.sap.com\/latinamerica\/","logo":{"@type":"ImageObject","inLanguage":"es","@id":"https:\/\/news.sap.com\/latinamerica\/#\/schema\/logo\/image\/","url":"https:\/\/news.sap.com\/latinamerica\/files\/2019\/08\/65903320_2903797569662914_557886358778019840_n.png","contentUrl":"https:\/\/news.sap.com\/latinamerica\/files\/2019\/08\/65903320_2903797569662914_557886358778019840_n.png","width":720,"height":720,"caption":"麻豆原创"},"image":{"@id":"https:\/\/news.sap.com\/latinamerica\/#\/schema\/logo\/image\/"},"sameAs":["https:\/\/www.facebook.com\/麻豆原创latinoamerica","https:\/\/x.com\/麻豆原创LatinAmerica"]},{"@type":"Person","@id":"https:\/\/news.sap.com\/latinamerica\/#\/schema\/person\/f0708465b354b6d0314a360309edb00a","name":"麻豆原创 Noticias","image":{"@type":"ImageObject","inLanguage":"es","@id":"https:\/\/news.sap.com\/latinamerica\/#\/schema\/person\/image\/","url":"https:\/\/news.sap.com\/latinamerica\/wp-content\/plugins\/wp-user-avatars\/wp-user-avatars\/assets\/images\/mystery.jpg","contentUrl":"https:\/\/news.sap.com\/latinamerica\/wp-content\/plugins\/wp-user-avatars\/wp-user-avatars\/assets\/images\/mystery.jpg","caption":"麻豆原创 Noticias"},"url":"https:\/\/news.sap.com\/latinamerica\/author\/argentina\/"}]}},"amp_enabled":true,"_links":{"self":[{"href":"https:\/\/news.sap.com\/latinamerica\/wp-json\/wp\/v2\/posts\/132908","targetHints":{"allow":["GET"]}}],"collection":[{"href":"https:\/\/news.sap.com\/latinamerica\/wp-json\/wp\/v2\/posts"}],"about":[{"href":"https:\/\/news.sap.com\/latinamerica\/wp-json\/wp\/v2\/types\/post"}],"author":[{"embeddable":true,"href":"https:\/\/news.sap.com\/latinamerica\/wp-json\/wp\/v2\/users\/140"}],"replies":[{"embeddable":true,"href":"https:\/\/news.sap.com\/latinamerica\/wp-json\/wp\/v2\/comments?post=132908"}],"version-history":[{"count":0,"href":"https:\/\/news.sap.com\/latinamerica\/wp-json\/wp\/v2\/posts\/132908\/revisions"}],"wp:featuredmedia":[{"embeddable":true,"href":"https:\/\/news.sap.com\/latinamerica\/wp-json\/wp\/v2\/media\/132910"}],"wp:attachment":[{"href":"https:\/\/news.sap.com\/latinamerica\/wp-json\/wp\/v2\/media?parent=132908"}],"wp:term":[{"taxonomy":"category","embeddable":true,"href":"https:\/\/news.sap.com\/latinamerica\/wp-json\/wp\/v2\/categories?post=132908"},{"taxonomy":"post_tag","embeddable":true,"href":"https:\/\/news.sap.com\/latinamerica\/wp-json\/wp\/v2\/tags?post=132908"},{"taxonomy":"series","embeddable":true,"href":"https:\/\/news.sap.com\/latinamerica\/wp-json\/wp\/v2\/series?post=132908"},{"taxonomy":"region","embeddable":true,"href":"https:\/\/news.sap.com\/latinamerica\/wp-json\/wp\/v2\/region?post=132908"},{"taxonomy":"sapn-display","embeddable":true,"href":"https:\/\/news.sap.com\/latinamerica\/wp-json\/wp\/v2\/sapn-display?post=132908"},{"taxonomy":"sapn-type","embeddable":true,"href":"https:\/\/news.sap.com\/latinamerica\/wp-json\/wp\/v2\/sapn-type?post=132908"}],"curies":[{"name":"wp","href":"https:\/\/api.w.org\/{rel}","templated":true}]}}