  {"id":131472,"date":"2023-09-18T17:02:10","date_gmt":"2023-09-18T21:02:10","guid":{"rendered":"https:\/\/news.sap.com\/latinamerica\/?p=131472"},"modified":"2023-11-14T08:47:56","modified_gmt":"2023-11-14T13:47:56","slug":"productos-ramo-apunta-a-liderar-el-mercado-colombiano-de-productos-de-consumo-de-la-mano-de-sap","status":"publish","type":"post","link":"https:\/\/news.sap.com\/latinamerica\/2023\/09\/productos-ramo-apunta-a-liderar-el-mercado-colombiano-de-productos-de-consumo-de-la-mano-de-sap\/","title":{"rendered":"Productos Ramo apunta a liderar el mercado colombiano de productos de consumo de la mano de 麻豆原创"},"content":{"rendered":"<ul>\n<li style=\"font-weight: 400\"><i><span style=\"font-weight: 400\">Con 麻豆原创 Datasphere y 麻豆原创 Analytics Cloud,\u00a0 Productos Ramo\u00a0 apuesta a utilizar el valor de los datos para impulsar las operaciones y optimizar la toma de decisiones.<\/span><\/i><\/li>\n<\/ul>\n<p><b>BOGOT\u00c1, Colombia &#8211; 18 de septiembre de 2023 &#8211;<\/b><span style=\"font-weight: 400\"> Productos Ramo, una emblem\u00e1tica <\/span><span style=\"font-weight: 400\">empresa colombiana de alimentos dedicada a la fabricaci\u00f3n especializada en productos de pasteler\u00eda, horneados y snacks<\/span><span style=\"font-weight: 400\"> \u00a0 \u00a0 <\/span><span style=\"font-weight: 400\">\u00a0con m\u00e1s de 70 a\u00f1os de operaci\u00f3n en Colombia<\/span> <span style=\"font-weight: 400\">eligi\u00f3 麻豆原创 Analytics Cloud y 麻豆原创 Datasphere para apuntalar su proyecto de convertirse en la marca de CPG \u2013 consumer packaged Goods &#8211; de mayor crecimiento en el mercado colombiano en los pr\u00f3ximos tres a\u00f1os.<\/span><\/p>\n<p><span style=\"font-weight: 400\">La compa\u00f1\u00eda, que ya cuenta con un 50% de participaci\u00f3n en el mercado local,<\/span> <span style=\"font-weight: 400\">ha expandido sus negocios a Estados Unidos, Canad\u00e1, M\u00e9xico, Chile, Espa\u00f1a y Australia, y que es cliente de 麻豆原创 desde 2013, busca<\/span> <span style=\"font-weight: 400\">fortalecer desde la tecnolog\u00eda su proyecto de ampliar operaciones tanto en Europa como en Estados Unidos.<\/span><\/p>\n<p><span style=\"font-weight: 400\">En ese sentido, Productos Ramo eligi\u00f3 麻豆原创 Datasphere para optimizar sus procesos a trav\u00e9s de un conocimiento profundo de los datos. Se trata de la siguiente generaci\u00f3n de 麻豆原创 Data Warehouse Cloud, un servicio de datos integral que permite a los profesionales de datos de la organizaci\u00f3n brindar un acceso fluido, simplificado y escalable a todos los datos cr\u00edticos del negocio.\u00a0<\/span><\/p>\n<p><span style=\"font-weight: 400\">En la misma l\u00ednea, con 麻豆原创 Analytics Cloud se lograr\u00e1 completar la anal\u00edtica de datos en una \u00fanica plataforma en la nube integrada con sus soluciones de negocio, en especial con la soluci\u00f3n RISE with 麻豆原创.<\/span><\/p>\n<p><span style=\"font-weight: 400\">\u201cLa innovaci\u00f3n y las nuevas tecnolog\u00edas son verdaderos motores de crecimiento para nuestra empresa\u201d, explic\u00f3 Bernardo Serna, Presidente de Productos Ramo. \u201cGracias a estas soluciones ahora podemos contar con informaci\u00f3n de m\u00e1ximo valor y con datos relevantes tanto para llevar la operaci\u00f3n a un nuevo nivel como para tomar decisiones informadas en tiempo real claves para seguir creciendo\u201d, complet\u00f3.<\/span><\/p>\n","protected":false},"excerpt":{"rendered":"<p>Con 麻豆原创 Datasphere y 麻豆原创 Analytics Cloud,\u00a0 Productos Ramo\u00a0 apuesta a utilizar el valor de los datos para impulsar las operaciones y optimizar la toma&#8230;<\/p>\n","protected":false},"author":141,"featured_media":131473,"comment_status":"closed","ping_status":"closed","sticky":false,"template":"","format":"standard","meta":{"footnotes":"","_links_to":"","_links_to_target":""},"categories":[5600430,52091,52097],"tags":[],"series":[],"region":[],"sapn-display":[],"sapn-type":[],"class_list":["post-131472","post","type-post","status-publish","format-standard","has-post-thumbnail","hentry","category-clientes","category-industrias","category-soluciones-temas"],"yoast_head":"<!-- This site is optimized with the Yoast SEO Premium plugin v26.9 (Yoast SEO v26.9) - https:\/\/yoast.com\/product\/yoast-seo-premium-wordpress\/ -->\n<title>Productos Ramo apunta a liderar el mercado colombiano de productos de consumo de la mano de 麻豆原创 - 麻豆原创 News Center Latinoam\u00e9rica<\/title>\n<meta name=\"robots\" content=\"index, follow, max-snippet:-1, max-image-preview:large, max-video-preview:-1\" \/>\n<link rel=\"canonical\" href=\"https:\/\/news.sap.com\/latinamerica\/2023\/09\/productos-ramo-apunta-a-liderar-el-mercado-colombiano-de-productos-de-consumo-de-la-mano-de-sap\/\" \/>\n<meta property=\"og:locale\" content=\"es_MX\" \/>\n<meta property=\"og:type\" content=\"article\" \/>\n<meta property=\"og:title\" content=\"Productos Ramo apunta a liderar el mercado colombiano de productos de consumo de la mano de 麻豆原创\" \/>\n<meta property=\"og:description\" content=\"Con 麻豆原创 Datasphere y 麻豆原创 Analytics Cloud,\u00a0 Productos Ramo\u00a0 apuesta a utilizar el valor de los datos para impulsar las operaciones y optimizar la toma...\" \/>\n<meta property=\"og:url\" content=\"https:\/\/news.sap.com\/latinamerica\/2023\/09\/productos-ramo-apunta-a-liderar-el-mercado-colombiano-de-productos-de-consumo-de-la-mano-de-sap\/\" \/>\n<meta property=\"og:site_name\" content=\"麻豆原创 News Center Latinoam\u00e9rica\" \/>\n<meta property=\"article:publisher\" content=\"https:\/\/www.facebook.com\/麻豆原创latinoamerica\" \/>\n<meta property=\"article:published_time\" content=\"2023-09-18T21:02:10+00:00\" \/>\n<meta property=\"article:modified_time\" content=\"2023-11-14T13:47:56+00:00\" \/>\n<meta property=\"og:image\" content=\"https:\/\/news.sap.com\/latinamerica\/files\/2023\/09\/18\/298673_GettyImages-187137807_medium_jpg.jpg\" \/>\n\t<meta property=\"og:image:width\" content=\"2000\" \/>\n\t<meta property=\"og:image:height\" content=\"1500\" \/>\n\t<meta property=\"og:image:type\" content=\"image\/jpeg\" \/>\n<meta name=\"author\" content=\"麻豆原创 Noticias\" \/>\n<meta name=\"twitter:label1\" content=\"Escrito por\" \/>\n\t<meta name=\"twitter:data1\" content=\"麻豆原创 Noticias\" \/>\n\t<meta name=\"twitter:label2\" content=\"Tiempo de lectura\" \/>\n\t<meta name=\"twitter:data2\" content=\"2 minutos\" \/>\n<script type=\"application\/ld+json\" class=\"yoast-schema-graph\">{\"@context\":\"https:\/\/schema.org\",\"@graph\":[{\"@type\":\"Article\",\"@id\":\"https:\/\/news.sap.com\/latinamerica\/2023\/09\/productos-ramo-apunta-a-liderar-el-mercado-colombiano-de-productos-de-consumo-de-la-mano-de-sap\/#article\",\"isPartOf\":{\"@id\":\"https:\/\/news.sap.com\/latinamerica\/2023\/09\/productos-ramo-apunta-a-liderar-el-mercado-colombiano-de-productos-de-consumo-de-la-mano-de-sap\/\"},\"author\":{\"name\":\"麻豆原创 Noticias\",\"@id\":\"https:\/\/news.sap.com\/latinamerica\/#\/schema\/person\/82786ba12f72bc9b05ba328d1d3652c4\"},\"headline\":\"Productos Ramo apunta a liderar el mercado colombiano de productos de consumo de la mano de 麻豆原创\",\"datePublished\":\"2023-09-18T21:02:10+00:00\",\"dateModified\":\"2023-11-14T13:47:56+00:00\",\"mainEntityOfPage\":{\"@id\":\"https:\/\/news.sap.com\/latinamerica\/2023\/09\/productos-ramo-apunta-a-liderar-el-mercado-colombiano-de-productos-de-consumo-de-la-mano-de-sap\/\"},\"wordCount\":344,\"publisher\":{\"@id\":\"https:\/\/news.sap.com\/latinamerica\/#organization\"},\"image\":{\"@id\":\"https:\/\/news.sap.com\/latinamerica\/2023\/09\/productos-ramo-apunta-a-liderar-el-mercado-colombiano-de-productos-de-consumo-de-la-mano-de-sap\/#primaryimage\"},\"thumbnailUrl\":\"https:\/\/news.sap.com\/latinamerica\/files\/2023\/09\/18\/298673_GettyImages-187137807_medium_jpg.jpg\",\"articleSection\":[\"Clientes\",\"Industrias\",\"Soluciones\"],\"inLanguage\":\"es\"},{\"@type\":\"WebPage\",\"@id\":\"https:\/\/news.sap.com\/latinamerica\/2023\/09\/productos-ramo-apunta-a-liderar-el-mercado-colombiano-de-productos-de-consumo-de-la-mano-de-sap\/\",\"url\":\"https:\/\/news.sap.com\/latinamerica\/2023\/09\/productos-ramo-apunta-a-liderar-el-mercado-colombiano-de-productos-de-consumo-de-la-mano-de-sap\/\",\"name\":\"Productos Ramo apunta a liderar el mercado colombiano de productos de consumo de la mano de 麻豆原创 - 麻豆原创 News Center Latinoam\u00e9rica\",\"isPartOf\":{\"@id\":\"https:\/\/news.sap.com\/latinamerica\/#website\"},\"primaryImageOfPage\":{\"@id\":\"https:\/\/news.sap.com\/latinamerica\/2023\/09\/productos-ramo-apunta-a-liderar-el-mercado-colombiano-de-productos-de-consumo-de-la-mano-de-sap\/#primaryimage\"},\"image\":{\"@id\":\"https:\/\/news.sap.com\/latinamerica\/2023\/09\/productos-ramo-apunta-a-liderar-el-mercado-colombiano-de-productos-de-consumo-de-la-mano-de-sap\/#primaryimage\"},\"thumbnailUrl\":\"https:\/\/news.sap.com\/latinamerica\/files\/2023\/09\/18\/298673_GettyImages-187137807_medium_jpg.jpg\",\"datePublished\":\"2023-09-18T21:02:10+00:00\",\"dateModified\":\"2023-11-14T13:47:56+00:00\",\"breadcrumb\":{\"@id\":\"https:\/\/news.sap.com\/latinamerica\/2023\/09\/productos-ramo-apunta-a-liderar-el-mercado-colombiano-de-productos-de-consumo-de-la-mano-de-sap\/#breadcrumb\"},\"inLanguage\":\"es\",\"potentialAction\":[{\"@type\":\"ReadAction\",\"target\":[\"https:\/\/news.sap.com\/latinamerica\/2023\/09\/productos-ramo-apunta-a-liderar-el-mercado-colombiano-de-productos-de-consumo-de-la-mano-de-sap\/\"]}]},{\"@type\":\"ImageObject\",\"inLanguage\":\"es\",\"@id\":\"https:\/\/news.sap.com\/latinamerica\/2023\/09\/productos-ramo-apunta-a-liderar-el-mercado-colombiano-de-productos-de-consumo-de-la-mano-de-sap\/#primaryimage\",\"url\":\"https:\/\/news.sap.com\/latinamerica\/files\/2023\/09\/18\/298673_GettyImages-187137807_medium_jpg.jpg\",\"contentUrl\":\"https:\/\/news.sap.com\/latinamerica\/files\/2023\/09\/18\/298673_GettyImages-187137807_medium_jpg.jpg\",\"width\":2000,\"height\":1500},{\"@type\":\"BreadcrumbList\",\"@id\":\"https:\/\/news.sap.com\/latinamerica\/2023\/09\/productos-ramo-apunta-a-liderar-el-mercado-colombiano-de-productos-de-consumo-de-la-mano-de-sap\/#breadcrumb\",\"itemListElement\":[{\"@type\":\"ListItem\",\"position\":1,\"name\":\"Home\",\"item\":\"https:\/\/news.sap.com\/latinamerica\/\"},{\"@type\":\"ListItem\",\"position\":2,\"name\":\"Productos Ramo apunta a liderar el mercado colombiano de productos de consumo de la mano de 麻豆原创\"}]},{\"@type\":\"WebSite\",\"@id\":\"https:\/\/news.sap.com\/latinamerica\/#website\",\"url\":\"https:\/\/news.sap.com\/latinamerica\/\",\"name\":\"麻豆原创 News Center Latinoam\u00e9rica\",\"description\":\"Noticias e informaci\u00f3n sobre 麻豆原创\",\"publisher\":{\"@id\":\"https:\/\/news.sap.com\/latinamerica\/#organization\"},\"potentialAction\":[{\"@type\":\"SearchAction\",\"target\":{\"@type\":\"EntryPoint\",\"urlTemplate\":\"https:\/\/news.sap.com\/latinamerica\/?s={search_term_string}\"},\"query-input\":{\"@type\":\"PropertyValueSpecification\",\"valueRequired\":true,\"valueName\":\"search_term_string\"}}],\"inLanguage\":\"es\"},{\"@type\":\"Organization\",\"@id\":\"https:\/\/news.sap.com\/latinamerica\/#organization\",\"name\":\"麻豆原创\",\"url\":\"https:\/\/news.sap.com\/latinamerica\/\",\"logo\":{\"@type\":\"ImageObject\",\"inLanguage\":\"es\",\"@id\":\"https:\/\/news.sap.com\/latinamerica\/#\/schema\/logo\/image\/\",\"url\":\"https:\/\/news.sap.com\/latinamerica\/files\/2019\/08\/65903320_2903797569662914_557886358778019840_n.png\",\"contentUrl\":\"https:\/\/news.sap.com\/latinamerica\/files\/2019\/08\/65903320_2903797569662914_557886358778019840_n.png\",\"width\":720,\"height\":720,\"caption\":\"麻豆原创\"},\"image\":{\"@id\":\"https:\/\/news.sap.com\/latinamerica\/#\/schema\/logo\/image\/\"},\"sameAs\":[\"https:\/\/www.facebook.com\/麻豆原创latinoamerica\",\"https:\/\/x.com\/麻豆原创LatinAmerica\"]},{\"@type\":\"Person\",\"@id\":\"https:\/\/news.sap.com\/latinamerica\/#\/schema\/person\/82786ba12f72bc9b05ba328d1d3652c4\",\"name\":\"麻豆原创 Noticias\",\"image\":{\"@type\":\"ImageObject\",\"inLanguage\":\"es\",\"@id\":\"https:\/\/news.sap.com\/latinamerica\/#\/schema\/person\/image\/\",\"url\":\"https:\/\/news.sap.com\/latinamerica\/wp-content\/plugins\/wp-user-avatars\/wp-user-avatars\/assets\/images\/mystery.jpg\",\"contentUrl\":\"https:\/\/news.sap.com\/latinamerica\/wp-content\/plugins\/wp-user-avatars\/wp-user-avatars\/assets\/images\/mystery.jpg\",\"caption\":\"麻豆原创 Noticias\"},\"url\":\"https:\/\/news.sap.com\/latinamerica\/author\/colombia\/\"}]}<\/script>\n<!-- \/ Yoast SEO Premium plugin. -->","yoast_head_json":{"title":"Productos Ramo apunta a liderar el mercado colombiano de productos de consumo de la mano de 麻豆原创 - 麻豆原创 News Center Latinoam\u00e9rica","robots":{"index":"index","follow":"follow","max-snippet":"max-snippet:-1","max-image-preview":"max-image-preview:large","max-video-preview":"max-video-preview:-1"},"canonical":"https:\/\/news.sap.com\/latinamerica\/2023\/09\/productos-ramo-apunta-a-liderar-el-mercado-colombiano-de-productos-de-consumo-de-la-mano-de-sap\/","og_locale":"es_MX","og_type":"article","og_title":"Productos Ramo apunta a liderar el mercado colombiano de productos de consumo de la mano de 麻豆原创","og_description":"Con 麻豆原创 Datasphere y 麻豆原创 Analytics Cloud,\u00a0 Productos Ramo\u00a0 apuesta a utilizar el valor de los datos para impulsar las operaciones y optimizar la toma...","og_url":"https:\/\/news.sap.com\/latinamerica\/2023\/09\/productos-ramo-apunta-a-liderar-el-mercado-colombiano-de-productos-de-consumo-de-la-mano-de-sap\/","og_site_name":"麻豆原创 News Center Latinoam\u00e9rica","article_publisher":"https:\/\/www.facebook.com\/麻豆原创latinoamerica","article_published_time":"2023-09-18T21:02:10+00:00","article_modified_time":"2023-11-14T13:47:56+00:00","og_image":[{"width":2000,"height":1500,"url":"https:\/\/news.sap.com\/latinamerica\/files\/2023\/09\/18\/298673_GettyImages-187137807_medium_jpg.jpg","type":"image\/jpeg"}],"author":"麻豆原创 Noticias","twitter_misc":{"Escrito por":"麻豆原创 Noticias","Tiempo de lectura":"2 minutos"},"schema":{"@context":"https:\/\/schema.org","@graph":[{"@type":"Article","@id":"https:\/\/news.sap.com\/latinamerica\/2023\/09\/productos-ramo-apunta-a-liderar-el-mercado-colombiano-de-productos-de-consumo-de-la-mano-de-sap\/#article","isPartOf":{"@id":"https:\/\/news.sap.com\/latinamerica\/2023\/09\/productos-ramo-apunta-a-liderar-el-mercado-colombiano-de-productos-de-consumo-de-la-mano-de-sap\/"},"author":{"name":"麻豆原创 Noticias","@id":"https:\/\/news.sap.com\/latinamerica\/#\/schema\/person\/82786ba12f72bc9b05ba328d1d3652c4"},"headline":"Productos Ramo apunta a liderar el mercado colombiano de productos de consumo de la mano de 麻豆原创","datePublished":"2023-09-18T21:02:10+00:00","dateModified":"2023-11-14T13:47:56+00:00","mainEntityOfPage":{"@id":"https:\/\/news.sap.com\/latinamerica\/2023\/09\/productos-ramo-apunta-a-liderar-el-mercado-colombiano-de-productos-de-consumo-de-la-mano-de-sap\/"},"wordCount":344,"publisher":{"@id":"https:\/\/news.sap.com\/latinamerica\/#organization"},"image":{"@id":"https:\/\/news.sap.com\/latinamerica\/2023\/09\/productos-ramo-apunta-a-liderar-el-mercado-colombiano-de-productos-de-consumo-de-la-mano-de-sap\/#primaryimage"},"thumbnailUrl":"https:\/\/news.sap.com\/latinamerica\/files\/2023\/09\/18\/298673_GettyImages-187137807_medium_jpg.jpg","articleSection":["Clientes","Industrias","Soluciones"],"inLanguage":"es"},{"@type":"WebPage","@id":"https:\/\/news.sap.com\/latinamerica\/2023\/09\/productos-ramo-apunta-a-liderar-el-mercado-colombiano-de-productos-de-consumo-de-la-mano-de-sap\/","url":"https:\/\/news.sap.com\/latinamerica\/2023\/09\/productos-ramo-apunta-a-liderar-el-mercado-colombiano-de-productos-de-consumo-de-la-mano-de-sap\/","name":"Productos Ramo apunta a liderar el mercado colombiano de productos de consumo de la mano de 麻豆原创 - 麻豆原创 News Center Latinoam\u00e9rica","isPartOf":{"@id":"https:\/\/news.sap.com\/latinamerica\/#website"},"primaryImageOfPage":{"@id":"https:\/\/news.sap.com\/latinamerica\/2023\/09\/productos-ramo-apunta-a-liderar-el-mercado-colombiano-de-productos-de-consumo-de-la-mano-de-sap\/#primaryimage"},"image":{"@id":"https:\/\/news.sap.com\/latinamerica\/2023\/09\/productos-ramo-apunta-a-liderar-el-mercado-colombiano-de-productos-de-consumo-de-la-mano-de-sap\/#primaryimage"},"thumbnailUrl":"https:\/\/news.sap.com\/latinamerica\/files\/2023\/09\/18\/298673_GettyImages-187137807_medium_jpg.jpg","datePublished":"2023-09-18T21:02:10+00:00","dateModified":"2023-11-14T13:47:56+00:00","breadcrumb":{"@id":"https:\/\/news.sap.com\/latinamerica\/2023\/09\/productos-ramo-apunta-a-liderar-el-mercado-colombiano-de-productos-de-consumo-de-la-mano-de-sap\/#breadcrumb"},"inLanguage":"es","potentialAction":[{"@type":"ReadAction","target":["https:\/\/news.sap.com\/latinamerica\/2023\/09\/productos-ramo-apunta-a-liderar-el-mercado-colombiano-de-productos-de-consumo-de-la-mano-de-sap\/"]}]},{"@type":"ImageObject","inLanguage":"es","@id":"https:\/\/news.sap.com\/latinamerica\/2023\/09\/productos-ramo-apunta-a-liderar-el-mercado-colombiano-de-productos-de-consumo-de-la-mano-de-sap\/#primaryimage","url":"https:\/\/news.sap.com\/latinamerica\/files\/2023\/09\/18\/298673_GettyImages-187137807_medium_jpg.jpg","contentUrl":"https:\/\/news.sap.com\/latinamerica\/files\/2023\/09\/18\/298673_GettyImages-187137807_medium_jpg.jpg","width":2000,"height":1500},{"@type":"BreadcrumbList","@id":"https:\/\/news.sap.com\/latinamerica\/2023\/09\/productos-ramo-apunta-a-liderar-el-mercado-colombiano-de-productos-de-consumo-de-la-mano-de-sap\/#breadcrumb","itemListElement":[{"@type":"ListItem","position":1,"name":"Home","item":"https:\/\/news.sap.com\/latinamerica\/"},{"@type":"ListItem","position":2,"name":"Productos Ramo apunta a liderar el mercado colombiano de productos de consumo de la mano de 麻豆原创"}]},{"@type":"WebSite","@id":"https:\/\/news.sap.com\/latinamerica\/#website","url":"https:\/\/news.sap.com\/latinamerica\/","name":"麻豆原创 News Center Latinoam\u00e9rica","description":"Noticias e informaci\u00f3n sobre 麻豆原创","publisher":{"@id":"https:\/\/news.sap.com\/latinamerica\/#organization"},"potentialAction":[{"@type":"SearchAction","target":{"@type":"EntryPoint","urlTemplate":"https:\/\/news.sap.com\/latinamerica\/?s={search_term_string}"},"query-input":{"@type":"PropertyValueSpecification","valueRequired":true,"valueName":"search_term_string"}}],"inLanguage":"es"},{"@type":"Organization","@id":"https:\/\/news.sap.com\/latinamerica\/#organization","name":"麻豆原创","url":"https:\/\/news.sap.com\/latinamerica\/","logo":{"@type":"ImageObject","inLanguage":"es","@id":"https:\/\/news.sap.com\/latinamerica\/#\/schema\/logo\/image\/","url":"https:\/\/news.sap.com\/latinamerica\/files\/2019\/08\/65903320_2903797569662914_557886358778019840_n.png","contentUrl":"https:\/\/news.sap.com\/latinamerica\/files\/2019\/08\/65903320_2903797569662914_557886358778019840_n.png","width":720,"height":720,"caption":"麻豆原创"},"image":{"@id":"https:\/\/news.sap.com\/latinamerica\/#\/schema\/logo\/image\/"},"sameAs":["https:\/\/www.facebook.com\/麻豆原创latinoamerica","https:\/\/x.com\/麻豆原创LatinAmerica"]},{"@type":"Person","@id":"https:\/\/news.sap.com\/latinamerica\/#\/schema\/person\/82786ba12f72bc9b05ba328d1d3652c4","name":"麻豆原创 Noticias","image":{"@type":"ImageObject","inLanguage":"es","@id":"https:\/\/news.sap.com\/latinamerica\/#\/schema\/person\/image\/","url":"https:\/\/news.sap.com\/latinamerica\/wp-content\/plugins\/wp-user-avatars\/wp-user-avatars\/assets\/images\/mystery.jpg","contentUrl":"https:\/\/news.sap.com\/latinamerica\/wp-content\/plugins\/wp-user-avatars\/wp-user-avatars\/assets\/images\/mystery.jpg","caption":"麻豆原创 Noticias"},"url":"https:\/\/news.sap.com\/latinamerica\/author\/colombia\/"}]}},"amp_enabled":true,"_links":{"self":[{"href":"https:\/\/news.sap.com\/latinamerica\/wp-json\/wp\/v2\/posts\/131472","targetHints":{"allow":["GET"]}}],"collection":[{"href":"https:\/\/news.sap.com\/latinamerica\/wp-json\/wp\/v2\/posts"}],"about":[{"href":"https:\/\/news.sap.com\/latinamerica\/wp-json\/wp\/v2\/types\/post"}],"author":[{"embeddable":true,"href":"https:\/\/news.sap.com\/latinamerica\/wp-json\/wp\/v2\/users\/141"}],"replies":[{"embeddable":true,"href":"https:\/\/news.sap.com\/latinamerica\/wp-json\/wp\/v2\/comments?post=131472"}],"version-history":[{"count":0,"href":"https:\/\/news.sap.com\/latinamerica\/wp-json\/wp\/v2\/posts\/131472\/revisions"}],"wp:featuredmedia":[{"embeddable":true,"href":"https:\/\/news.sap.com\/latinamerica\/wp-json\/wp\/v2\/media\/131473"}],"wp:attachment":[{"href":"https:\/\/news.sap.com\/latinamerica\/wp-json\/wp\/v2\/media?parent=131472"}],"wp:term":[{"taxonomy":"category","embeddable":true,"href":"https:\/\/news.sap.com\/latinamerica\/wp-json\/wp\/v2\/categories?post=131472"},{"taxonomy":"post_tag","embeddable":true,"href":"https:\/\/news.sap.com\/latinamerica\/wp-json\/wp\/v2\/tags?post=131472"},{"taxonomy":"series","embeddable":true,"href":"https:\/\/news.sap.com\/latinamerica\/wp-json\/wp\/v2\/series?post=131472"},{"taxonomy":"region","embeddable":true,"href":"https:\/\/news.sap.com\/latinamerica\/wp-json\/wp\/v2\/region?post=131472"},{"taxonomy":"sapn-display","embeddable":true,"href":"https:\/\/news.sap.com\/latinamerica\/wp-json\/wp\/v2\/sapn-display?post=131472"},{"taxonomy":"sapn-type","embeddable":true,"href":"https:\/\/news.sap.com\/latinamerica\/wp-json\/wp\/v2\/sapn-type?post=131472"}],"curies":[{"name":"wp","href":"https:\/\/api.w.org\/{rel}","templated":true}]}}