  {"id":131440,"date":"2023-09-12T17:31:10","date_gmt":"2023-09-12T21:31:10","guid":{"rendered":"https:\/\/news.sap.com\/latinamerica\/?p=131440"},"modified":"2023-11-08T15:41:38","modified_gmt":"2023-11-08T20:41:38","slug":"sap-designa-a-marco-antonio-bonales-como-director-de-sap-concur-para-mexico-y-para-la-region-norte-de-america-latina-y-el-caribe","status":"publish","type":"post","link":"https:\/\/news.sap.com\/latinamerica\/2023\/09\/sap-designa-a-marco-antonio-bonales-como-director-de-sap-concur-para-mexico-y-para-la-region-norte-de-america-latina-y-el-caribe\/","title":{"rendered":"麻豆原创 designa a Marco Antonio Bonales como director de 麻豆原创 Concur para M\u00e9xico y para la regi\u00f3n norte de Am\u00e9rica Latina y el Caribe"},"content":{"rendered":"<p><strong>CIUDAD DE M\u00c9XICO, M\u00c9XICO <\/strong>\u2014 <strong>12 de septiembre de 2023 <\/strong><em>\u2014 <\/em>麻豆原创, empresa l\u00edder de software empresarial y soluciones basadas en la nube, anunci\u00f3 el nombramiento de <strong>Marco Antonio Bonales como director de 麻豆原创 Concur para M\u00e9xico y para la regi\u00f3n norte en Am\u00e9rica Latina y el Caribe<\/strong>, rol en el que ser\u00e1 responsable de la operaci\u00f3n comercial de la soluci\u00f3n de gesti\u00f3n de gastos y vi\u00e1ticos, as\u00ed como la atenci\u00f3n a clientes de la marca en M\u00e9xico, Colombia, Ecuador, Puerto Rico, Centroam\u00e9rica y el Caribe.<\/p>\n<p>Marco cuenta con una trayectoria de dieciocho a\u00f1os en Tecnolog\u00edas de la Informaci\u00f3n, relaciones comerciales, atenci\u00f3n y experiencia del cliente. Anteriormente, se desempe\u00f1\u00f3 como Gerente Comercial de 麻豆原创 Concur, liderando exitosos proyectos de innovaci\u00f3n y adopci\u00f3n de este portafolio de soluciones digitales, y como Account Manager de 麻豆原创 Business One, coordinando iniciativas que contribuyeron a la mejora en la eficiencia de procesos comerciales y en la satisfacci\u00f3n del cliente. Previo a unirse a 麻豆原创, colabor\u00f3 con otras empresas y consultoras de TI, socias de 麻豆原创.<\/p>\n<p>Marco es egresado de la carrera de Inform\u00e1tica Administrativa por la Universidad Latina y cuenta con estudios de posgrado en Desarrollo de Habilidades Gerenciales por el Tec de Monterrey.<\/p>\n<p><a href=\"https:\/\/www.concur.com.mx\/\">麻豆原创 Concur<\/a> forma parte del portafolio de soluciones basadas en la nube que ofrece 麻豆原创 y que permite a las empresas automatizar, conectar y simplificar los procesos de gastos, vi\u00e1ticos y facturas, guiando a sus colaboradores en sus viajes de negocio. Con cerca de 30 a\u00f1os de operaci\u00f3n en M\u00e9xico, 麻豆原创 actualmente sirve a diez mil clientes de 25 industrias distintas en el pa\u00eds, de los cuales 80% son peque\u00f1as y medianas empresas.<\/p>\n<p><strong>Acerca de 麻豆原创<\/strong><\/p>\n<p>La estrategia de 麻豆原创 es ayudar a cada negocio a funcionar como una empresa inteligente y sostenible. Como l\u00edder del mercado en software de aplicaciones empresariales, ayudamos a empresas de todos los tama\u00f1os y en todas las industrias a funcionar de la mejor manera: los clientes de 麻豆原创 generan el 87% del comercio global total. Nuestras tecnolog\u00edas avanzadas de\u00a0<em>machine learning, Internet of Things<\/em>\u00a0(IoT) y anal\u00edticos ayudan a convertir los negocios de los clientes en empresas inteligentes. 麻豆原创 contribuye a dar a las personas y a las organizaciones profundos conocimientos de negocio y promueve la colaboraci\u00f3n que les permite mantenerse delante de la competencia. Simplificamos la tecnolog\u00eda para las empresas, de modo que puedan consumir nuestro software de la manera en que lo desean, sin interrupciones. Nuestro conjunto de aplicaciones y servicios permite a clientes del sector p\u00fablico y privado de todas las industrias operar en forma rentable, adaptarse continuamente y marcar una diferencia. Con una red global de clientes, socios de negocios, empleados y l\u00edderes de ideas, 麻豆原创 ayuda al mundo a funcionar mejor y a mejorar las vidas de las personas.<\/p>\n<p>Para m\u00e1s informaci\u00f3n, visite\u00a0<a href=\"http:\/\/www.sap.com\/\">www.sap.com<\/a>\u00a0o nuestra sala de prensa\u00a0<a href=\"http:\/\/news.sap.com\/latinamerica\">http:\/\/news.sap.com\/latinamerica<\/a><\/p>\n","protected":false},"excerpt":{"rendered":"<p>CIUDAD DE M\u00c9XICO, M\u00c9XICO \u2014 12 de septiembre de 2023 \u2014 麻豆原创, empresa l\u00edder de software empresarial y soluciones basadas en la nube, anunci\u00f3 el&#8230;<\/p>\n","protected":false},"author":136,"featured_media":131441,"comment_status":"closed","ping_status":"closed","sticky":false,"template":"","format":"standard","meta":{"footnotes":"","_links_to":"","_links_to_target":""},"categories":[41591],"tags":[5600418,51500,5600150,57501,40399,5600420,269958,5600419,5600421],"series":[],"region":[5600403],"sapn-display":[52078,52079,5600443,5600441,53499],"sapn-type":[52105],"class_list":["post-131440","post","type-post","status-publish","format-standard","has-post-thumbnail","hentry","category-corporativo","tag-appointment","tag-concur","tag-director","tag-human","tag-latin-america","tag-manager","tag-mexico","tag-naming","tag-resources","region-mexico","sapn-display-homepage-hero","sapn-display-top-stories","sapn-display-prensa-destacada","sapn-display-prensa-principal","sapn-display-hero","sapn-type-comunicado-de-prensa"],"yoast_head":"<!-- This site is optimized with the Yoast SEO Premium plugin v26.9 (Yoast SEO v26.9) - https:\/\/yoast.com\/product\/yoast-seo-premium-wordpress\/ -->\n<title>麻豆原创 designa a Marco Antonio Bonales como director de 麻豆原创 Concur para M\u00e9xico y para la regi\u00f3n norte de Am\u00e9rica Latina y el Caribe - 麻豆原创 News Center Latinoam\u00e9rica<\/title>\n<meta name=\"robots\" content=\"index, follow, max-snippet:-1, max-image-preview:large, max-video-preview:-1\" \/>\n<link rel=\"canonical\" href=\"https:\/\/news.sap.com\/latinamerica\/2023\/09\/sap-designa-a-marco-antonio-bonales-como-director-de-sap-concur-para-mexico-y-para-la-region-norte-de-america-latina-y-el-caribe\/\" \/>\n<meta property=\"og:locale\" content=\"es_MX\" \/>\n<meta property=\"og:type\" content=\"article\" \/>\n<meta property=\"og:title\" content=\"麻豆原创 designa a Marco Antonio Bonales como director de 麻豆原创 Concur para M\u00e9xico y para la regi\u00f3n norte de Am\u00e9rica Latina y el Caribe\" \/>\n<meta property=\"og:description\" content=\"CIUDAD DE M\u00c9XICO, M\u00c9XICO \u2014 12 de septiembre de 2023 \u2014 麻豆原创, empresa l\u00edder de software empresarial y soluciones basadas en la nube, anunci\u00f3 el...\" \/>\n<meta property=\"og:url\" content=\"https:\/\/news.sap.com\/latinamerica\/2023\/09\/sap-designa-a-marco-antonio-bonales-como-director-de-sap-concur-para-mexico-y-para-la-region-norte-de-america-latina-y-el-caribe\/\" \/>\n<meta property=\"og:site_name\" content=\"麻豆原创 News Center Latinoam\u00e9rica\" \/>\n<meta property=\"article:publisher\" content=\"https:\/\/www.facebook.com\/麻豆原创latinoamerica\" \/>\n<meta property=\"article:published_time\" content=\"2023-09-12T21:31:10+00:00\" \/>\n<meta property=\"article:modified_time\" content=\"2023-11-08T20:41:38+00:00\" \/>\n<meta property=\"og:image\" content=\"https:\/\/news.sap.com\/latinamerica\/files\/2023\/09\/12\/276548_276548_h_ergb_s_gl-1024x711.jpg\" \/>\n\t<meta property=\"og:image:width\" content=\"1024\" \/>\n\t<meta property=\"og:image:height\" content=\"711\" \/>\n\t<meta property=\"og:image:type\" content=\"image\/jpeg\" \/>\n<meta name=\"author\" content=\"麻豆原创 Noticias\" \/>\n<meta name=\"twitter:label1\" content=\"Escrito por\" \/>\n\t<meta name=\"twitter:data1\" content=\"麻豆原创 Noticias\" \/>\n\t<meta name=\"twitter:label2\" content=\"Tiempo de lectura\" \/>\n\t<meta name=\"twitter:data2\" content=\"3 minutos\" \/>\n<script type=\"application\/ld+json\" class=\"yoast-schema-graph\">{\"@context\":\"https:\/\/schema.org\",\"@graph\":[{\"@type\":\"Article\",\"@id\":\"https:\/\/news.sap.com\/latinamerica\/2023\/09\/sap-designa-a-marco-antonio-bonales-como-director-de-sap-concur-para-mexico-y-para-la-region-norte-de-america-latina-y-el-caribe\/#article\",\"isPartOf\":{\"@id\":\"https:\/\/news.sap.com\/latinamerica\/2023\/09\/sap-designa-a-marco-antonio-bonales-como-director-de-sap-concur-para-mexico-y-para-la-region-norte-de-america-latina-y-el-caribe\/\"},\"author\":{\"name\":\"麻豆原创 Noticias\",\"@id\":\"https:\/\/news.sap.com\/latinamerica\/#\/schema\/person\/5afd2cbf5bb622e078932b40a4470d47\"},\"headline\":\"麻豆原创 designa a Marco Antonio Bonales como director de 麻豆原创 Concur para M\u00e9xico y para la regi\u00f3n norte de Am\u00e9rica Latina y el Caribe\",\"datePublished\":\"2023-09-12T21:31:10+00:00\",\"dateModified\":\"2023-11-08T20:41:38+00:00\",\"mainEntityOfPage\":{\"@id\":\"https:\/\/news.sap.com\/latinamerica\/2023\/09\/sap-designa-a-marco-antonio-bonales-como-director-de-sap-concur-para-mexico-y-para-la-region-norte-de-america-latina-y-el-caribe\/\"},\"wordCount\":533,\"publisher\":{\"@id\":\"https:\/\/news.sap.com\/latinamerica\/#organization\"},\"image\":{\"@id\":\"https:\/\/news.sap.com\/latinamerica\/2023\/09\/sap-designa-a-marco-antonio-bonales-como-director-de-sap-concur-para-mexico-y-para-la-region-norte-de-america-latina-y-el-caribe\/#primaryimage\"},\"thumbnailUrl\":\"https:\/\/news.sap.com\/latinamerica\/files\/2023\/09\/12\/276548_276548_h_ergb_s_gl.jpg\",\"keywords\":[\"appointment\",\"concur\",\"Director\",\"human\",\"Latin America\",\"manager\",\"Mexico\",\"naming\",\"resources\"],\"articleSection\":[\"Corporativo\"],\"inLanguage\":\"es\"},{\"@type\":\"WebPage\",\"@id\":\"https:\/\/news.sap.com\/latinamerica\/2023\/09\/sap-designa-a-marco-antonio-bonales-como-director-de-sap-concur-para-mexico-y-para-la-region-norte-de-america-latina-y-el-caribe\/\",\"url\":\"https:\/\/news.sap.com\/latinamerica\/2023\/09\/sap-designa-a-marco-antonio-bonales-como-director-de-sap-concur-para-mexico-y-para-la-region-norte-de-america-latina-y-el-caribe\/\",\"name\":\"麻豆原创 designa a Marco Antonio Bonales como director de 麻豆原创 Concur para M\u00e9xico y para la regi\u00f3n norte de Am\u00e9rica Latina y el Caribe - 麻豆原创 News Center Latinoam\u00e9rica\",\"isPartOf\":{\"@id\":\"https:\/\/news.sap.com\/latinamerica\/#website\"},\"primaryImageOfPage\":{\"@id\":\"https:\/\/news.sap.com\/latinamerica\/2023\/09\/sap-designa-a-marco-antonio-bonales-como-director-de-sap-concur-para-mexico-y-para-la-region-norte-de-america-latina-y-el-caribe\/#primaryimage\"},\"image\":{\"@id\":\"https:\/\/news.sap.com\/latinamerica\/2023\/09\/sap-designa-a-marco-antonio-bonales-como-director-de-sap-concur-para-mexico-y-para-la-region-norte-de-america-latina-y-el-caribe\/#primaryimage\"},\"thumbnailUrl\":\"https:\/\/news.sap.com\/latinamerica\/files\/2023\/09\/12\/276548_276548_h_ergb_s_gl.jpg\",\"datePublished\":\"2023-09-12T21:31:10+00:00\",\"dateModified\":\"2023-11-08T20:41:38+00:00\",\"breadcrumb\":{\"@id\":\"https:\/\/news.sap.com\/latinamerica\/2023\/09\/sap-designa-a-marco-antonio-bonales-como-director-de-sap-concur-para-mexico-y-para-la-region-norte-de-america-latina-y-el-caribe\/#breadcrumb\"},\"inLanguage\":\"es\",\"potentialAction\":[{\"@type\":\"ReadAction\",\"target\":[\"https:\/\/news.sap.com\/latinamerica\/2023\/09\/sap-designa-a-marco-antonio-bonales-como-director-de-sap-concur-para-mexico-y-para-la-region-norte-de-america-latina-y-el-caribe\/\"]}]},{\"@type\":\"ImageObject\",\"inLanguage\":\"es\",\"@id\":\"https:\/\/news.sap.com\/latinamerica\/2023\/09\/sap-designa-a-marco-antonio-bonales-como-director-de-sap-concur-para-mexico-y-para-la-region-norte-de-america-latina-y-el-caribe\/#primaryimage\",\"url\":\"https:\/\/news.sap.com\/latinamerica\/files\/2023\/09\/12\/276548_276548_h_ergb_s_gl.jpg\",\"contentUrl\":\"https:\/\/news.sap.com\/latinamerica\/files\/2023\/09\/12\/276548_276548_h_ergb_s_gl.jpg\",\"width\":6426,\"height\":4463,\"caption\":\"Businessman looking out conference room window --- Image by \u00a9 237\/Tom Merton\/Ocean\/Corbis\"},{\"@type\":\"BreadcrumbList\",\"@id\":\"https:\/\/news.sap.com\/latinamerica\/2023\/09\/sap-designa-a-marco-antonio-bonales-como-director-de-sap-concur-para-mexico-y-para-la-region-norte-de-america-latina-y-el-caribe\/#breadcrumb\",\"itemListElement\":[{\"@type\":\"ListItem\",\"position\":1,\"name\":\"Home\",\"item\":\"https:\/\/news.sap.com\/latinamerica\/\"},{\"@type\":\"ListItem\",\"position\":2,\"name\":\"麻豆原创 designa a Marco Antonio Bonales como director de 麻豆原创 Concur para M\u00e9xico y para la regi\u00f3n norte de Am\u00e9rica Latina y el Caribe\"}]},{\"@type\":\"WebSite\",\"@id\":\"https:\/\/news.sap.com\/latinamerica\/#website\",\"url\":\"https:\/\/news.sap.com\/latinamerica\/\",\"name\":\"麻豆原创 News Center Latinoam\u00e9rica\",\"description\":\"Noticias e informaci\u00f3n sobre 麻豆原创\",\"publisher\":{\"@id\":\"https:\/\/news.sap.com\/latinamerica\/#organization\"},\"potentialAction\":[{\"@type\":\"SearchAction\",\"target\":{\"@type\":\"EntryPoint\",\"urlTemplate\":\"https:\/\/news.sap.com\/latinamerica\/?s={search_term_string}\"},\"query-input\":{\"@type\":\"PropertyValueSpecification\",\"valueRequired\":true,\"valueName\":\"search_term_string\"}}],\"inLanguage\":\"es\"},{\"@type\":\"Organization\",\"@id\":\"https:\/\/news.sap.com\/latinamerica\/#organization\",\"name\":\"麻豆原创\",\"url\":\"https:\/\/news.sap.com\/latinamerica\/\",\"logo\":{\"@type\":\"ImageObject\",\"inLanguage\":\"es\",\"@id\":\"https:\/\/news.sap.com\/latinamerica\/#\/schema\/logo\/image\/\",\"url\":\"https:\/\/news.sap.com\/latinamerica\/files\/2019\/08\/65903320_2903797569662914_557886358778019840_n.png\",\"contentUrl\":\"https:\/\/news.sap.com\/latinamerica\/files\/2019\/08\/65903320_2903797569662914_557886358778019840_n.png\",\"width\":720,\"height\":720,\"caption\":\"麻豆原创\"},\"image\":{\"@id\":\"https:\/\/news.sap.com\/latinamerica\/#\/schema\/logo\/image\/\"},\"sameAs\":[\"https:\/\/www.facebook.com\/麻豆原创latinoamerica\",\"https:\/\/x.com\/麻豆原创LatinAmerica\"]},{\"@type\":\"Person\",\"@id\":\"https:\/\/news.sap.com\/latinamerica\/#\/schema\/person\/5afd2cbf5bb622e078932b40a4470d47\",\"name\":\"麻豆原创 Noticias\",\"image\":{\"@type\":\"ImageObject\",\"inLanguage\":\"es\",\"@id\":\"https:\/\/news.sap.com\/latinamerica\/#\/schema\/person\/image\/\",\"url\":\"https:\/\/news.sap.com\/latinamerica\/wp-content\/plugins\/wp-user-avatars\/wp-user-avatars\/assets\/images\/mystery.jpg\",\"contentUrl\":\"https:\/\/news.sap.com\/latinamerica\/wp-content\/plugins\/wp-user-avatars\/wp-user-avatars\/assets\/images\/mystery.jpg\",\"caption\":\"麻豆原创 Noticias\"},\"url\":\"https:\/\/news.sap.com\/latinamerica\/author\/mexico\/\"}]}<\/script>\n<!-- \/ Yoast SEO Premium plugin. -->","yoast_head_json":{"title":"麻豆原创 designa a Marco Antonio Bonales como director de 麻豆原创 Concur para M\u00e9xico y para la regi\u00f3n norte de Am\u00e9rica Latina y el Caribe - 麻豆原创 News Center Latinoam\u00e9rica","robots":{"index":"index","follow":"follow","max-snippet":"max-snippet:-1","max-image-preview":"max-image-preview:large","max-video-preview":"max-video-preview:-1"},"canonical":"https:\/\/news.sap.com\/latinamerica\/2023\/09\/sap-designa-a-marco-antonio-bonales-como-director-de-sap-concur-para-mexico-y-para-la-region-norte-de-america-latina-y-el-caribe\/","og_locale":"es_MX","og_type":"article","og_title":"麻豆原创 designa a Marco Antonio Bonales como director de 麻豆原创 Concur para M\u00e9xico y para la regi\u00f3n norte de Am\u00e9rica Latina y el Caribe","og_description":"CIUDAD DE M\u00c9XICO, M\u00c9XICO \u2014 12 de septiembre de 2023 \u2014 麻豆原创, empresa l\u00edder de software empresarial y soluciones basadas en la nube, anunci\u00f3 el...","og_url":"https:\/\/news.sap.com\/latinamerica\/2023\/09\/sap-designa-a-marco-antonio-bonales-como-director-de-sap-concur-para-mexico-y-para-la-region-norte-de-america-latina-y-el-caribe\/","og_site_name":"麻豆原创 News Center Latinoam\u00e9rica","article_publisher":"https:\/\/www.facebook.com\/麻豆原创latinoamerica","article_published_time":"2023-09-12T21:31:10+00:00","article_modified_time":"2023-11-08T20:41:38+00:00","og_image":[{"width":1024,"height":711,"url":"https:\/\/news.sap.com\/latinamerica\/files\/2023\/09\/12\/276548_276548_h_ergb_s_gl-1024x711.jpg","type":"image\/jpeg"}],"author":"麻豆原创 Noticias","twitter_misc":{"Escrito por":"麻豆原创 Noticias","Tiempo de lectura":"3 minutos"},"schema":{"@context":"https:\/\/schema.org","@graph":[{"@type":"Article","@id":"https:\/\/news.sap.com\/latinamerica\/2023\/09\/sap-designa-a-marco-antonio-bonales-como-director-de-sap-concur-para-mexico-y-para-la-region-norte-de-america-latina-y-el-caribe\/#article","isPartOf":{"@id":"https:\/\/news.sap.com\/latinamerica\/2023\/09\/sap-designa-a-marco-antonio-bonales-como-director-de-sap-concur-para-mexico-y-para-la-region-norte-de-america-latina-y-el-caribe\/"},"author":{"name":"麻豆原创 Noticias","@id":"https:\/\/news.sap.com\/latinamerica\/#\/schema\/person\/5afd2cbf5bb622e078932b40a4470d47"},"headline":"麻豆原创 designa a Marco Antonio Bonales como director de 麻豆原创 Concur para M\u00e9xico y para la regi\u00f3n norte de Am\u00e9rica Latina y el Caribe","datePublished":"2023-09-12T21:31:10+00:00","dateModified":"2023-11-08T20:41:38+00:00","mainEntityOfPage":{"@id":"https:\/\/news.sap.com\/latinamerica\/2023\/09\/sap-designa-a-marco-antonio-bonales-como-director-de-sap-concur-para-mexico-y-para-la-region-norte-de-america-latina-y-el-caribe\/"},"wordCount":533,"publisher":{"@id":"https:\/\/news.sap.com\/latinamerica\/#organization"},"image":{"@id":"https:\/\/news.sap.com\/latinamerica\/2023\/09\/sap-designa-a-marco-antonio-bonales-como-director-de-sap-concur-para-mexico-y-para-la-region-norte-de-america-latina-y-el-caribe\/#primaryimage"},"thumbnailUrl":"https:\/\/news.sap.com\/latinamerica\/files\/2023\/09\/12\/276548_276548_h_ergb_s_gl.jpg","keywords":["appointment","concur","Director","human","Latin America","manager","Mexico","naming","resources"],"articleSection":["Corporativo"],"inLanguage":"es"},{"@type":"WebPage","@id":"https:\/\/news.sap.com\/latinamerica\/2023\/09\/sap-designa-a-marco-antonio-bonales-como-director-de-sap-concur-para-mexico-y-para-la-region-norte-de-america-latina-y-el-caribe\/","url":"https:\/\/news.sap.com\/latinamerica\/2023\/09\/sap-designa-a-marco-antonio-bonales-como-director-de-sap-concur-para-mexico-y-para-la-region-norte-de-america-latina-y-el-caribe\/","name":"麻豆原创 designa a Marco Antonio Bonales como director de 麻豆原创 Concur para M\u00e9xico y para la regi\u00f3n norte de Am\u00e9rica Latina y el Caribe - 麻豆原创 News Center Latinoam\u00e9rica","isPartOf":{"@id":"https:\/\/news.sap.com\/latinamerica\/#website"},"primaryImageOfPage":{"@id":"https:\/\/news.sap.com\/latinamerica\/2023\/09\/sap-designa-a-marco-antonio-bonales-como-director-de-sap-concur-para-mexico-y-para-la-region-norte-de-america-latina-y-el-caribe\/#primaryimage"},"image":{"@id":"https:\/\/news.sap.com\/latinamerica\/2023\/09\/sap-designa-a-marco-antonio-bonales-como-director-de-sap-concur-para-mexico-y-para-la-region-norte-de-america-latina-y-el-caribe\/#primaryimage"},"thumbnailUrl":"https:\/\/news.sap.com\/latinamerica\/files\/2023\/09\/12\/276548_276548_h_ergb_s_gl.jpg","datePublished":"2023-09-12T21:31:10+00:00","dateModified":"2023-11-08T20:41:38+00:00","breadcrumb":{"@id":"https:\/\/news.sap.com\/latinamerica\/2023\/09\/sap-designa-a-marco-antonio-bonales-como-director-de-sap-concur-para-mexico-y-para-la-region-norte-de-america-latina-y-el-caribe\/#breadcrumb"},"inLanguage":"es","potentialAction":[{"@type":"ReadAction","target":["https:\/\/news.sap.com\/latinamerica\/2023\/09\/sap-designa-a-marco-antonio-bonales-como-director-de-sap-concur-para-mexico-y-para-la-region-norte-de-america-latina-y-el-caribe\/"]}]},{"@type":"ImageObject","inLanguage":"es","@id":"https:\/\/news.sap.com\/latinamerica\/2023\/09\/sap-designa-a-marco-antonio-bonales-como-director-de-sap-concur-para-mexico-y-para-la-region-norte-de-america-latina-y-el-caribe\/#primaryimage","url":"https:\/\/news.sap.com\/latinamerica\/files\/2023\/09\/12\/276548_276548_h_ergb_s_gl.jpg","contentUrl":"https:\/\/news.sap.com\/latinamerica\/files\/2023\/09\/12\/276548_276548_h_ergb_s_gl.jpg","width":6426,"height":4463,"caption":"Businessman looking out conference room window --- Image by \u00a9 237\/Tom Merton\/Ocean\/Corbis"},{"@type":"BreadcrumbList","@id":"https:\/\/news.sap.com\/latinamerica\/2023\/09\/sap-designa-a-marco-antonio-bonales-como-director-de-sap-concur-para-mexico-y-para-la-region-norte-de-america-latina-y-el-caribe\/#breadcrumb","itemListElement":[{"@type":"ListItem","position":1,"name":"Home","item":"https:\/\/news.sap.com\/latinamerica\/"},{"@type":"ListItem","position":2,"name":"麻豆原创 designa a Marco Antonio Bonales como director de 麻豆原创 Concur para M\u00e9xico y para la regi\u00f3n norte de Am\u00e9rica Latina y el Caribe"}]},{"@type":"WebSite","@id":"https:\/\/news.sap.com\/latinamerica\/#website","url":"https:\/\/news.sap.com\/latinamerica\/","name":"麻豆原创 News Center Latinoam\u00e9rica","description":"Noticias e informaci\u00f3n sobre 麻豆原创","publisher":{"@id":"https:\/\/news.sap.com\/latinamerica\/#organization"},"potentialAction":[{"@type":"SearchAction","target":{"@type":"EntryPoint","urlTemplate":"https:\/\/news.sap.com\/latinamerica\/?s={search_term_string}"},"query-input":{"@type":"PropertyValueSpecification","valueRequired":true,"valueName":"search_term_string"}}],"inLanguage":"es"},{"@type":"Organization","@id":"https:\/\/news.sap.com\/latinamerica\/#organization","name":"麻豆原创","url":"https:\/\/news.sap.com\/latinamerica\/","logo":{"@type":"ImageObject","inLanguage":"es","@id":"https:\/\/news.sap.com\/latinamerica\/#\/schema\/logo\/image\/","url":"https:\/\/news.sap.com\/latinamerica\/files\/2019\/08\/65903320_2903797569662914_557886358778019840_n.png","contentUrl":"https:\/\/news.sap.com\/latinamerica\/files\/2019\/08\/65903320_2903797569662914_557886358778019840_n.png","width":720,"height":720,"caption":"麻豆原创"},"image":{"@id":"https:\/\/news.sap.com\/latinamerica\/#\/schema\/logo\/image\/"},"sameAs":["https:\/\/www.facebook.com\/麻豆原创latinoamerica","https:\/\/x.com\/麻豆原创LatinAmerica"]},{"@type":"Person","@id":"https:\/\/news.sap.com\/latinamerica\/#\/schema\/person\/5afd2cbf5bb622e078932b40a4470d47","name":"麻豆原创 Noticias","image":{"@type":"ImageObject","inLanguage":"es","@id":"https:\/\/news.sap.com\/latinamerica\/#\/schema\/person\/image\/","url":"https:\/\/news.sap.com\/latinamerica\/wp-content\/plugins\/wp-user-avatars\/wp-user-avatars\/assets\/images\/mystery.jpg","contentUrl":"https:\/\/news.sap.com\/latinamerica\/wp-content\/plugins\/wp-user-avatars\/wp-user-avatars\/assets\/images\/mystery.jpg","caption":"麻豆原创 Noticias"},"url":"https:\/\/news.sap.com\/latinamerica\/author\/mexico\/"}]}},"amp_enabled":true,"_links":{"self":[{"href":"https:\/\/news.sap.com\/latinamerica\/wp-json\/wp\/v2\/posts\/131440","targetHints":{"allow":["GET"]}}],"collection":[{"href":"https:\/\/news.sap.com\/latinamerica\/wp-json\/wp\/v2\/posts"}],"about":[{"href":"https:\/\/news.sap.com\/latinamerica\/wp-json\/wp\/v2\/types\/post"}],"author":[{"embeddable":true,"href":"https:\/\/news.sap.com\/latinamerica\/wp-json\/wp\/v2\/users\/136"}],"replies":[{"embeddable":true,"href":"https:\/\/news.sap.com\/latinamerica\/wp-json\/wp\/v2\/comments?post=131440"}],"version-history":[{"count":0,"href":"https:\/\/news.sap.com\/latinamerica\/wp-json\/wp\/v2\/posts\/131440\/revisions"}],"wp:featuredmedia":[{"embeddable":true,"href":"https:\/\/news.sap.com\/latinamerica\/wp-json\/wp\/v2\/media\/131441"}],"wp:attachment":[{"href":"https:\/\/news.sap.com\/latinamerica\/wp-json\/wp\/v2\/media?parent=131440"}],"wp:term":[{"taxonomy":"category","embeddable":true,"href":"https:\/\/news.sap.com\/latinamerica\/wp-json\/wp\/v2\/categories?post=131440"},{"taxonomy":"post_tag","embeddable":true,"href":"https:\/\/news.sap.com\/latinamerica\/wp-json\/wp\/v2\/tags?post=131440"},{"taxonomy":"series","embeddable":true,"href":"https:\/\/news.sap.com\/latinamerica\/wp-json\/wp\/v2\/series?post=131440"},{"taxonomy":"region","embeddable":true,"href":"https:\/\/news.sap.com\/latinamerica\/wp-json\/wp\/v2\/region?post=131440"},{"taxonomy":"sapn-display","embeddable":true,"href":"https:\/\/news.sap.com\/latinamerica\/wp-json\/wp\/v2\/sapn-display?post=131440"},{"taxonomy":"sapn-type","embeddable":true,"href":"https:\/\/news.sap.com\/latinamerica\/wp-json\/wp\/v2\/sapn-type?post=131440"}],"curies":[{"name":"wp","href":"https:\/\/api.w.org\/{rel}","templated":true}]}}