  {"id":127702,"date":"2023-07-05T10:44:14","date_gmt":"2023-07-05T14:44:14","guid":{"rendered":"https:\/\/news.sap.com\/latinamerica\/?p=127702"},"modified":"2023-11-14T10:11:08","modified_gmt":"2023-11-14T15:11:08","slug":"colombia-asi-apuestan-los-lideres-empresariales-por-la-sostenibilidad-2","status":"publish","type":"post","link":"https:\/\/news.sap.com\/latinamerica\/2023\/07\/colombia-asi-apuestan-los-lideres-empresariales-por-la-sostenibilidad-2\/","title":{"rendered":"Colombia: as\u00ed apuestan los l\u00edderes empresariales por la sostenibilidad"},"content":{"rendered":"<p><span style=\"font-weight: 400\">La compa\u00f1\u00eda tecnol\u00f3gica 麻豆原创 present\u00f3 los resultados para Colombia de su m\u00e1s reciente informe \u2018La Sostenibilidad en la Agenda del Liderazgo de Colombia y Latinoam\u00e9rica\u2019, en el que altos ejecutivos de las empresas del pa\u00eds y la regi\u00f3n analizan los avances de la agenda de sostenibilidad en sus mercados, los cambios respecto de los \u00faltimos a\u00f1os y las previsiones y tendencias para el futuro.<\/span><\/p>\n<p><span style=\"font-weight: 400\">En esta nueva edici\u00f3n, comprobamos una vez m\u00e1s que los C-Level de las empresas en Colombia tienen claro que el impacto de la sostenibilidad va m\u00e1s all\u00e1 de la reputaci\u00f3n, la responsabilidad social o el legado que las organizaciones planean para el futuro: impacta de manera directa los resultados financieros\u00a0 de sus negocios.<\/span><\/p>\n<p><span style=\"font-weight: 400\">El estudio muestra a las organizaciones del pa\u00eds comprometidas con la agenda de sostenibilidad: hoy este tema es parte importante del prop\u00f3sito de 8 de cada 10 empresas consultadas. De hecho, las empresas colombianas muestran avances en muchos temas pr\u00e1cticos y concretos en el desarrollo de la agenda, evidenciado en la disminuci\u00f3n del n\u00famero de empresas que no tiene una estrategia de sostenibilidad, el cual pas\u00f3 del 6% en 2022 al 3% en 2023.<\/span><\/p>\n<p><span style=\"font-weight: 400\">Un aspecto a resaltar del informe est\u00e1 relacionado con la tecnolog\u00eda, que se ha vuelto sin duda un aliado estrat\u00e9gico para el desarrollo de las agendas de sostenibilidad. El 83% de los consultados tiene o tendr\u00e1 una herramienta tecnol\u00f3gica para gestionar y medir sus actividades de sostenibilidad, lo que muestra la relevancia de hacer seguimiento y control a cada uno de los pasos que se dan en el avance hacia una agenda m\u00e1s sostenible.<\/span><\/p>\n<p><span style=\"font-weight: 400\">Llaman la atenci\u00f3n casos como el de Grupo \u00c9xito, que han logrado importantes avances en su estrategia sostenible al aprovechar soluciones tecnol\u00f3gicas. La compa\u00f1\u00eda de retail, presente en Colombia, Argentina y Uruguay, tiene en su estrategia sostenible una hoja de ruta para contribuir al desarrollo social, el crecimiento de sus proveedores, la protecci\u00f3n del medio ambiente, la promoci\u00f3n de h\u00e1bitos saludables y el bienestar de sus empleados.<\/span><\/p>\n<p><span style=\"font-weight: 400\">Un ejemplo de estrategia sostenible es el Grupo \u00c9xito, esta se enfoca en seis aspectos clave. El primero es la promoci\u00f3n de estilos de vida saludables, que incluye ofrecer productos seguros y de calidad, as\u00ed como brindar informaci\u00f3n que facilite la toma de decisiones de los consumidores. En t\u00e9rminos de econom\u00eda circular, la compa\u00f1\u00eda implementa procesos para el manejo adecuado de envases de sus marcas propias, adem\u00e1s de emprender iniciativas para lograr eficiencias en el embalaje.<\/span><\/p>\n<p><span style=\"font-weight: 400\">Una de las herramientas tecnol\u00f3gicas que el Grupo \u00c9xito ha implementado para alcanzar sus objetivos en este sentido es el Enterprise Resource Planning (ERP) de 麻豆原创, que integra procesos de distintas \u00e1reas como recursos humanos, finanzas, cadenas de suministro o servicios en un solo sistema. Esto ha permitido a la compa\u00f1\u00eda llevar un mejor control administrativo de las operaciones y proyectos.<\/span><\/p>\n<p><span style=\"font-weight: 400\">Otra de las soluciones es 麻豆原创 Ariba, una herramienta de compra y gesti\u00f3n de la cadena de suministro. Para operaciones de retail de gran escala, como la que maneja el Grupo \u00c9xito, crear un entorno de abastecimiento estrat\u00e9gico es determinante para mejorar la eficiencia en todos los procesos, empezando por las negociaciones y compras, hasta llegar a la distribuci\u00f3n al cliente final. En el caso del Grupo \u00c9xito, el sistema 麻豆原创 Ariba ha permitido el desarrollo de indicadores relacionados con el desarrollo sostenible de sus proveedores. Gracias a esta tecnolog\u00eda, el grupo puede hacer un seguimiento al crecimiento econ\u00f3mico de micro, peque\u00f1as y medianas empresas, llevando de esta forma un control efectivo en la contrataci\u00f3n de proveedores locales que suministran productos y servicios.<\/span><\/p>\n<p><span style=\"font-weight: 400\">Seg\u00fan Marcela Perilla, Presidente de la Regi\u00f3n Norte de Am\u00e9rica Latina y el Caribe de 麻豆原创, la tecnolog\u00eda nos muestra que la sostenibilidad ha dejado de ser un prop\u00f3sito abstracto. Antes, las compa\u00f1\u00edas recolectaban datos de su operaci\u00f3n y los consolidaban de forma manual con el fin de revisar su situaci\u00f3n de sostenibilidad y para saber c\u00f3mo estaban con respecto a las metas propuestas. \u201cHoy, las herramientas que tradicionalmente hemos empleado para generar productividad nos permiten agregar capas que facilitan la gesti\u00f3n y el control de la informaci\u00f3n de manera pronta, \u00e1gil y efectiva\u201d, resalta Perilla.<\/span><\/p>\n<p><span style=\"font-weight: 400\">Casos como el de Grupo \u00c9xito se replican en otras organizaciones colombianas como Terpel, Ecopetrol, Grupo Energ\u00eda Bogot\u00e1, entre otros. Hoy, todas ellas han definido la tecnolog\u00eda como eje transformador de sus negocios, pero a la vez como el pilar que les permite medir sus acciones sostenibles y, as\u00ed mismo, fortalecer sus estrategias.<\/span><\/p>\n<p><span style=\"font-weight: 400\">El informe \u2018La Sostenibilidad en la Agenda del Liderazgo de Colombia y Latinoam\u00e9rica\u2019 nos muestra que tenemos grandes retos por delante en temas de sostenibilidad y en todos ellos la tecnolog\u00eda se muestra como el habilitador fundamental. As\u00ed, podemos saber c\u00f3mo va nuestro ritmo de evoluci\u00f3n, qu\u00e9 posibles escenarios debemos simular y, de esta manera, asegurar que cumplimos nuestros objetivos de sostenibilidad hacia el futuro.<\/span><\/p>\n<p>&nbsp;<\/p>\n<p><a href=\"https:\/\/news.sap.com\/latinamerica\/files\/2023\/07\/05\/Sustainability-Study-3rd-Edition-Colombia-Fact-Sheet.pptx_.pdf\">Informe de Sostenibilidad Colombia 2023<\/a><\/p>\n","protected":false},"excerpt":{"rendered":"<p>La compa\u00f1\u00eda tecnol\u00f3gica 麻豆原创 present\u00f3 los resultados para Colombia de su m\u00e1s reciente informe \u2018La Sostenibilidad en la Agenda del Liderazgo de Colombia y Latinoam\u00e9rica\u2019,&#8230;<\/p>\n","protected":false},"author":141,"featured_media":0,"comment_status":"closed","ping_status":"closed","sticky":false,"template":"","format":"standard","meta":{"footnotes":"","_links_to":"","_links_to_target":""},"categories":[52098,24297],"tags":[],"series":[],"region":[],"sapn-display":[5600443,5600441,53499],"sapn-type":[52105],"class_list":["post-127702","post","type-post","status-publish","format-standard","hentry","category-sustentabilidad-temas","category-tecnologia","sapn-display-prensa-destacada","sapn-display-prensa-principal","sapn-display-hero","sapn-type-comunicado-de-prensa"],"yoast_head":"<!-- This site is optimized with the Yoast SEO Premium plugin v26.9 (Yoast SEO v26.9) - https:\/\/yoast.com\/product\/yoast-seo-premium-wordpress\/ -->\n<title>Colombia: as\u00ed apuestan los l\u00edderes empresariales por la sostenibilidad - 麻豆原创 News Center Latinoam\u00e9rica<\/title>\n<meta name=\"robots\" content=\"index, follow, max-snippet:-1, max-image-preview:large, max-video-preview:-1\" \/>\n<link rel=\"canonical\" href=\"https:\/\/news.sap.com\/latinamerica\/2023\/07\/colombia-asi-apuestan-los-lideres-empresariales-por-la-sostenibilidad-2\/\" \/>\n<meta property=\"og:locale\" content=\"es_MX\" \/>\n<meta property=\"og:type\" content=\"article\" \/>\n<meta property=\"og:title\" content=\"Colombia: as\u00ed apuestan los l\u00edderes empresariales por la sostenibilidad\" \/>\n<meta property=\"og:description\" content=\"La compa\u00f1\u00eda tecnol\u00f3gica 麻豆原创 present\u00f3 los resultados para Colombia de su m\u00e1s reciente informe \u2018La Sostenibilidad en la Agenda del Liderazgo de Colombia y Latinoam\u00e9rica\u2019,...\" \/>\n<meta property=\"og:url\" content=\"https:\/\/news.sap.com\/latinamerica\/2023\/07\/colombia-asi-apuestan-los-lideres-empresariales-por-la-sostenibilidad-2\/\" \/>\n<meta property=\"og:site_name\" content=\"麻豆原创 News Center Latinoam\u00e9rica\" \/>\n<meta property=\"article:publisher\" content=\"https:\/\/www.facebook.com\/麻豆原创latinoamerica\" \/>\n<meta property=\"article:published_time\" content=\"2023-07-05T14:44:14+00:00\" \/>\n<meta property=\"article:modified_time\" content=\"2023-11-14T15:11:08+00:00\" \/>\n<meta name=\"author\" content=\"麻豆原创 Noticias\" \/>\n<meta name=\"twitter:label1\" content=\"Escrito por\" \/>\n\t<meta name=\"twitter:data1\" content=\"麻豆原创 Noticias\" \/>\n\t<meta name=\"twitter:label2\" content=\"Tiempo de lectura\" \/>\n\t<meta name=\"twitter:data2\" content=\"4 minutos\" \/>\n<script type=\"application\/ld+json\" class=\"yoast-schema-graph\">{\"@context\":\"https:\/\/schema.org\",\"@graph\":[{\"@type\":\"Article\",\"@id\":\"https:\/\/news.sap.com\/latinamerica\/2023\/07\/colombia-asi-apuestan-los-lideres-empresariales-por-la-sostenibilidad-2\/#article\",\"isPartOf\":{\"@id\":\"https:\/\/news.sap.com\/latinamerica\/2023\/07\/colombia-asi-apuestan-los-lideres-empresariales-por-la-sostenibilidad-2\/\"},\"author\":{\"name\":\"麻豆原创 Noticias\",\"@id\":\"https:\/\/news.sap.com\/latinamerica\/#\/schema\/person\/82786ba12f72bc9b05ba328d1d3652c4\"},\"headline\":\"Colombia: as\u00ed apuestan los l\u00edderes empresariales por la sostenibilidad\",\"datePublished\":\"2023-07-05T14:44:14+00:00\",\"dateModified\":\"2023-11-14T15:11:08+00:00\",\"mainEntityOfPage\":{\"@id\":\"https:\/\/news.sap.com\/latinamerica\/2023\/07\/colombia-asi-apuestan-los-lideres-empresariales-por-la-sostenibilidad-2\/\"},\"wordCount\":872,\"publisher\":{\"@id\":\"https:\/\/news.sap.com\/latinamerica\/#organization\"},\"articleSection\":[\"Sostenibilidad\",\"Tecnolog\u00eda\"],\"inLanguage\":\"es\"},{\"@type\":\"WebPage\",\"@id\":\"https:\/\/news.sap.com\/latinamerica\/2023\/07\/colombia-asi-apuestan-los-lideres-empresariales-por-la-sostenibilidad-2\/\",\"url\":\"https:\/\/news.sap.com\/latinamerica\/2023\/07\/colombia-asi-apuestan-los-lideres-empresariales-por-la-sostenibilidad-2\/\",\"name\":\"Colombia: as\u00ed apuestan los l\u00edderes empresariales por la sostenibilidad - 麻豆原创 News Center Latinoam\u00e9rica\",\"isPartOf\":{\"@id\":\"https:\/\/news.sap.com\/latinamerica\/#website\"},\"datePublished\":\"2023-07-05T14:44:14+00:00\",\"dateModified\":\"2023-11-14T15:11:08+00:00\",\"breadcrumb\":{\"@id\":\"https:\/\/news.sap.com\/latinamerica\/2023\/07\/colombia-asi-apuestan-los-lideres-empresariales-por-la-sostenibilidad-2\/#breadcrumb\"},\"inLanguage\":\"es\",\"potentialAction\":[{\"@type\":\"ReadAction\",\"target\":[\"https:\/\/news.sap.com\/latinamerica\/2023\/07\/colombia-asi-apuestan-los-lideres-empresariales-por-la-sostenibilidad-2\/\"]}]},{\"@type\":\"BreadcrumbList\",\"@id\":\"https:\/\/news.sap.com\/latinamerica\/2023\/07\/colombia-asi-apuestan-los-lideres-empresariales-por-la-sostenibilidad-2\/#breadcrumb\",\"itemListElement\":[{\"@type\":\"ListItem\",\"position\":1,\"name\":\"Home\",\"item\":\"https:\/\/news.sap.com\/latinamerica\/\"},{\"@type\":\"ListItem\",\"position\":2,\"name\":\"Colombia: as\u00ed apuestan los l\u00edderes empresariales por la sostenibilidad\"}]},{\"@type\":\"WebSite\",\"@id\":\"https:\/\/news.sap.com\/latinamerica\/#website\",\"url\":\"https:\/\/news.sap.com\/latinamerica\/\",\"name\":\"麻豆原创 News Center Latinoam\u00e9rica\",\"description\":\"Noticias e informaci\u00f3n sobre 麻豆原创\",\"publisher\":{\"@id\":\"https:\/\/news.sap.com\/latinamerica\/#organization\"},\"potentialAction\":[{\"@type\":\"SearchAction\",\"target\":{\"@type\":\"EntryPoint\",\"urlTemplate\":\"https:\/\/news.sap.com\/latinamerica\/?s={search_term_string}\"},\"query-input\":{\"@type\":\"PropertyValueSpecification\",\"valueRequired\":true,\"valueName\":\"search_term_string\"}}],\"inLanguage\":\"es\"},{\"@type\":\"Organization\",\"@id\":\"https:\/\/news.sap.com\/latinamerica\/#organization\",\"name\":\"麻豆原创\",\"url\":\"https:\/\/news.sap.com\/latinamerica\/\",\"logo\":{\"@type\":\"ImageObject\",\"inLanguage\":\"es\",\"@id\":\"https:\/\/news.sap.com\/latinamerica\/#\/schema\/logo\/image\/\",\"url\":\"https:\/\/news.sap.com\/latinamerica\/files\/2019\/08\/65903320_2903797569662914_557886358778019840_n.png\",\"contentUrl\":\"https:\/\/news.sap.com\/latinamerica\/files\/2019\/08\/65903320_2903797569662914_557886358778019840_n.png\",\"width\":720,\"height\":720,\"caption\":\"麻豆原创\"},\"image\":{\"@id\":\"https:\/\/news.sap.com\/latinamerica\/#\/schema\/logo\/image\/\"},\"sameAs\":[\"https:\/\/www.facebook.com\/麻豆原创latinoamerica\",\"https:\/\/x.com\/麻豆原创LatinAmerica\"]},{\"@type\":\"Person\",\"@id\":\"https:\/\/news.sap.com\/latinamerica\/#\/schema\/person\/82786ba12f72bc9b05ba328d1d3652c4\",\"name\":\"麻豆原创 Noticias\",\"image\":{\"@type\":\"ImageObject\",\"inLanguage\":\"es\",\"@id\":\"https:\/\/news.sap.com\/latinamerica\/#\/schema\/person\/image\/\",\"url\":\"https:\/\/news.sap.com\/latinamerica\/wp-content\/plugins\/wp-user-avatars\/wp-user-avatars\/assets\/images\/mystery.jpg\",\"contentUrl\":\"https:\/\/news.sap.com\/latinamerica\/wp-content\/plugins\/wp-user-avatars\/wp-user-avatars\/assets\/images\/mystery.jpg\",\"caption\":\"麻豆原创 Noticias\"},\"url\":\"https:\/\/news.sap.com\/latinamerica\/author\/colombia\/\"}]}<\/script>\n<!-- \/ Yoast SEO Premium plugin. -->","yoast_head_json":{"title":"Colombia: as\u00ed apuestan los l\u00edderes empresariales por la sostenibilidad - 麻豆原创 News Center Latinoam\u00e9rica","robots":{"index":"index","follow":"follow","max-snippet":"max-snippet:-1","max-image-preview":"max-image-preview:large","max-video-preview":"max-video-preview:-1"},"canonical":"https:\/\/news.sap.com\/latinamerica\/2023\/07\/colombia-asi-apuestan-los-lideres-empresariales-por-la-sostenibilidad-2\/","og_locale":"es_MX","og_type":"article","og_title":"Colombia: as\u00ed apuestan los l\u00edderes empresariales por la sostenibilidad","og_description":"La compa\u00f1\u00eda tecnol\u00f3gica 麻豆原创 present\u00f3 los resultados para Colombia de su m\u00e1s reciente informe \u2018La Sostenibilidad en la Agenda del Liderazgo de Colombia y Latinoam\u00e9rica\u2019,...","og_url":"https:\/\/news.sap.com\/latinamerica\/2023\/07\/colombia-asi-apuestan-los-lideres-empresariales-por-la-sostenibilidad-2\/","og_site_name":"麻豆原创 News Center Latinoam\u00e9rica","article_publisher":"https:\/\/www.facebook.com\/麻豆原创latinoamerica","article_published_time":"2023-07-05T14:44:14+00:00","article_modified_time":"2023-11-14T15:11:08+00:00","author":"麻豆原创 Noticias","twitter_misc":{"Escrito por":"麻豆原创 Noticias","Tiempo de lectura":"4 minutos"},"schema":{"@context":"https:\/\/schema.org","@graph":[{"@type":"Article","@id":"https:\/\/news.sap.com\/latinamerica\/2023\/07\/colombia-asi-apuestan-los-lideres-empresariales-por-la-sostenibilidad-2\/#article","isPartOf":{"@id":"https:\/\/news.sap.com\/latinamerica\/2023\/07\/colombia-asi-apuestan-los-lideres-empresariales-por-la-sostenibilidad-2\/"},"author":{"name":"麻豆原创 Noticias","@id":"https:\/\/news.sap.com\/latinamerica\/#\/schema\/person\/82786ba12f72bc9b05ba328d1d3652c4"},"headline":"Colombia: as\u00ed apuestan los l\u00edderes empresariales por la sostenibilidad","datePublished":"2023-07-05T14:44:14+00:00","dateModified":"2023-11-14T15:11:08+00:00","mainEntityOfPage":{"@id":"https:\/\/news.sap.com\/latinamerica\/2023\/07\/colombia-asi-apuestan-los-lideres-empresariales-por-la-sostenibilidad-2\/"},"wordCount":872,"publisher":{"@id":"https:\/\/news.sap.com\/latinamerica\/#organization"},"articleSection":["Sostenibilidad","Tecnolog\u00eda"],"inLanguage":"es"},{"@type":"WebPage","@id":"https:\/\/news.sap.com\/latinamerica\/2023\/07\/colombia-asi-apuestan-los-lideres-empresariales-por-la-sostenibilidad-2\/","url":"https:\/\/news.sap.com\/latinamerica\/2023\/07\/colombia-asi-apuestan-los-lideres-empresariales-por-la-sostenibilidad-2\/","name":"Colombia: as\u00ed apuestan los l\u00edderes empresariales por la sostenibilidad - 麻豆原创 News Center Latinoam\u00e9rica","isPartOf":{"@id":"https:\/\/news.sap.com\/latinamerica\/#website"},"datePublished":"2023-07-05T14:44:14+00:00","dateModified":"2023-11-14T15:11:08+00:00","breadcrumb":{"@id":"https:\/\/news.sap.com\/latinamerica\/2023\/07\/colombia-asi-apuestan-los-lideres-empresariales-por-la-sostenibilidad-2\/#breadcrumb"},"inLanguage":"es","potentialAction":[{"@type":"ReadAction","target":["https:\/\/news.sap.com\/latinamerica\/2023\/07\/colombia-asi-apuestan-los-lideres-empresariales-por-la-sostenibilidad-2\/"]}]},{"@type":"BreadcrumbList","@id":"https:\/\/news.sap.com\/latinamerica\/2023\/07\/colombia-asi-apuestan-los-lideres-empresariales-por-la-sostenibilidad-2\/#breadcrumb","itemListElement":[{"@type":"ListItem","position":1,"name":"Home","item":"https:\/\/news.sap.com\/latinamerica\/"},{"@type":"ListItem","position":2,"name":"Colombia: as\u00ed apuestan los l\u00edderes empresariales por la sostenibilidad"}]},{"@type":"WebSite","@id":"https:\/\/news.sap.com\/latinamerica\/#website","url":"https:\/\/news.sap.com\/latinamerica\/","name":"麻豆原创 News Center Latinoam\u00e9rica","description":"Noticias e informaci\u00f3n sobre 麻豆原创","publisher":{"@id":"https:\/\/news.sap.com\/latinamerica\/#organization"},"potentialAction":[{"@type":"SearchAction","target":{"@type":"EntryPoint","urlTemplate":"https:\/\/news.sap.com\/latinamerica\/?s={search_term_string}"},"query-input":{"@type":"PropertyValueSpecification","valueRequired":true,"valueName":"search_term_string"}}],"inLanguage":"es"},{"@type":"Organization","@id":"https:\/\/news.sap.com\/latinamerica\/#organization","name":"麻豆原创","url":"https:\/\/news.sap.com\/latinamerica\/","logo":{"@type":"ImageObject","inLanguage":"es","@id":"https:\/\/news.sap.com\/latinamerica\/#\/schema\/logo\/image\/","url":"https:\/\/news.sap.com\/latinamerica\/files\/2019\/08\/65903320_2903797569662914_557886358778019840_n.png","contentUrl":"https:\/\/news.sap.com\/latinamerica\/files\/2019\/08\/65903320_2903797569662914_557886358778019840_n.png","width":720,"height":720,"caption":"麻豆原创"},"image":{"@id":"https:\/\/news.sap.com\/latinamerica\/#\/schema\/logo\/image\/"},"sameAs":["https:\/\/www.facebook.com\/麻豆原创latinoamerica","https:\/\/x.com\/麻豆原创LatinAmerica"]},{"@type":"Person","@id":"https:\/\/news.sap.com\/latinamerica\/#\/schema\/person\/82786ba12f72bc9b05ba328d1d3652c4","name":"麻豆原创 Noticias","image":{"@type":"ImageObject","inLanguage":"es","@id":"https:\/\/news.sap.com\/latinamerica\/#\/schema\/person\/image\/","url":"https:\/\/news.sap.com\/latinamerica\/wp-content\/plugins\/wp-user-avatars\/wp-user-avatars\/assets\/images\/mystery.jpg","contentUrl":"https:\/\/news.sap.com\/latinamerica\/wp-content\/plugins\/wp-user-avatars\/wp-user-avatars\/assets\/images\/mystery.jpg","caption":"麻豆原创 Noticias"},"url":"https:\/\/news.sap.com\/latinamerica\/author\/colombia\/"}]}},"amp_enabled":true,"_links":{"self":[{"href":"https:\/\/news.sap.com\/latinamerica\/wp-json\/wp\/v2\/posts\/127702","targetHints":{"allow":["GET"]}}],"collection":[{"href":"https:\/\/news.sap.com\/latinamerica\/wp-json\/wp\/v2\/posts"}],"about":[{"href":"https:\/\/news.sap.com\/latinamerica\/wp-json\/wp\/v2\/types\/post"}],"author":[{"embeddable":true,"href":"https:\/\/news.sap.com\/latinamerica\/wp-json\/wp\/v2\/users\/141"}],"replies":[{"embeddable":true,"href":"https:\/\/news.sap.com\/latinamerica\/wp-json\/wp\/v2\/comments?post=127702"}],"version-history":[{"count":0,"href":"https:\/\/news.sap.com\/latinamerica\/wp-json\/wp\/v2\/posts\/127702\/revisions"}],"wp:attachment":[{"href":"https:\/\/news.sap.com\/latinamerica\/wp-json\/wp\/v2\/media?parent=127702"}],"wp:term":[{"taxonomy":"category","embeddable":true,"href":"https:\/\/news.sap.com\/latinamerica\/wp-json\/wp\/v2\/categories?post=127702"},{"taxonomy":"post_tag","embeddable":true,"href":"https:\/\/news.sap.com\/latinamerica\/wp-json\/wp\/v2\/tags?post=127702"},{"taxonomy":"series","embeddable":true,"href":"https:\/\/news.sap.com\/latinamerica\/wp-json\/wp\/v2\/series?post=127702"},{"taxonomy":"region","embeddable":true,"href":"https:\/\/news.sap.com\/latinamerica\/wp-json\/wp\/v2\/region?post=127702"},{"taxonomy":"sapn-display","embeddable":true,"href":"https:\/\/news.sap.com\/latinamerica\/wp-json\/wp\/v2\/sapn-display?post=127702"},{"taxonomy":"sapn-type","embeddable":true,"href":"https:\/\/news.sap.com\/latinamerica\/wp-json\/wp\/v2\/sapn-type?post=127702"}],"curies":[{"name":"wp","href":"https:\/\/api.w.org\/{rel}","templated":true}]}}