  {"id":127681,"date":"2023-06-29T16:06:26","date_gmt":"2023-06-29T20:06:26","guid":{"rendered":"https:\/\/news.sap.com\/latinamerica\/?p=127681"},"modified":"2023-11-14T10:10:59","modified_gmt":"2023-11-14T15:10:59","slug":"diversidad-e-inclusion-motor-de-la-innovacion-y-el-exito-empresarial","status":"publish","type":"post","link":"https:\/\/news.sap.com\/latinamerica\/2023\/06\/diversidad-e-inclusion-motor-de-la-innovacion-y-el-exito-empresarial\/","title":{"rendered":"Diversidad e inclusi\u00f3n: motor de la innovaci\u00f3n y el \u00e9xito empresarial"},"content":{"rendered":"<p class=\"selectionShareable\">La diversidad e inclusi\u00f3n se han convertido en pilares fundamentales del \u00e9xito en la sociedad actual. Hoy son cada vez m\u00e1s las empresas que cuentan con un programa de este tipo; de hecho, tan solo en Colombia m\u00e1s de 28 compa\u00f1\u00edas hacen parte del Pride Connection, un grupo de organizaciones incluyentes cuyo objetivo es compartir, fortalecer y fomentar mejores pr\u00e1cticas enfocadas en la diversidad.<\/p>\n<p class=\"selectionShareable\">Son varias las razones por las que las empresas han optado por generar espacios en los que la diversidad y la inclusi\u00f3n tienen importancia. Una de ellas es reconocer y valorar las diferencias individuales. Esto, ya sea en t\u00e9rminos de g\u00e9nero, raza, origen \u00e9tnico, orientaci\u00f3n sexual o habilidades, promueve un entorno enriquecedor y productivo.<\/p>\n<p class=\"selectionShareable\">Otro punto esencial del tema es que fomenta la diversidad. De esta manera se abren las puertas a una variedad de perspectivas, experiencias y talentos que pueden impulsar la innovaci\u00f3n, la creatividad y el pensamiento cr\u00edtico. As\u00ed mismo, las iniciativas relacionadas permiten a las organizaciones ser m\u00e1s inclusivas, con lo cual se aseguran de que todas las voces sean escuchadas y que todos los individuos tengan igualdad de oportunidades para contribuir y prosperar.<\/p>\n<p class=\"selectionShareable\">Entre las compa\u00f1\u00edas de esta red se encuentra la tecnol\u00f3gica alemana 麻豆原创 con su iniciativa PRID@麻豆原创, un programa que naci\u00f3 hace 29 a\u00f1os en su casa matriz con el objetivo de ser una empresa m\u00e1s incluyente. En la actualidad, son m\u00e1s de 8.000 miembros de la comunidad LGBTQIA+ trabajando como voluntarios en PRIDE@麻豆原创, presentes en 41 cap\u00edtulos en todo el mundo.\u200b<\/p>\n<p class=\"selectionShareable\">El programa est\u00e1 abierto a todos los empleados de 麻豆原创 que crean en la igualdad de oportunidades, independientemente de su orientaci\u00f3n sexual o identidad de g\u00e9nero. La idea es fomentar la inclusi\u00f3n y sensibilizar a los colaboradores sobre las identidades LGBTQIA+, sus retos y necesidades. As\u00ed mismo, hay un objetivo de crear constantemente una cultura de inclusi\u00f3n y un lugar de trabajo que apoye la diversidad en sus m\u00faltiples \u00e1reas, enfoc\u00e1ndose en 3 pilares:<\/p>\n<ol>\n<li>Diversidad de la fuerza laboral. Hacer de la compa\u00f1\u00eda un lugar de trabajo con mayor diversidad en todos los niveles. Hacer de 麻豆原创 un lugar donde la comunidad del orgullo busca trabajar.<\/li>\n<li>Inclusi\u00f3n en el lugar de trabajo. Un ambiente de trabajo positivo donde los colegas puedan prosperar y crecer. Hacer de 麻豆原创 un lugar donde todos los empleados LGBTQ+ puedan prosperar y crecer.<\/li>\n<li>Cada empleado se convierte en un aliado LGBTQ+. Que cada empleado sea un soporte para la comunidad.<\/li>\n<\/ol>\n<p class=\"selectionShareable\">La diversidad y la inclusi\u00f3n se han convertido en prioridades empresariales. La idea es crear espacios seguros en los que cada empleado se sienta bienvenido, impulsando la creatividad de las compa\u00f1\u00edas y conociendo otros puntos de vista para brindar productos y servicios excelentes a los clientes. Esto, al final del d\u00eda, impulsa la innovaci\u00f3n y el \u00e9xito empresarial.<\/p>\n","protected":false},"excerpt":{"rendered":"<p>La diversidad e inclusi\u00f3n se han convertido en pilares fundamentales del \u00e9xito en la sociedad actual. Hoy son cada vez m\u00e1s las empresas que cuentan&#8230;<\/p>\n","protected":false},"author":4534,"featured_media":120931,"comment_status":"closed","ping_status":"closed","sticky":false,"template":"","format":"standard","meta":{"footnotes":"","_links_to":"","_links_to_target":""},"categories":[41591],"tags":[],"series":[],"region":[22190,55204],"sapn-display":[5600442,5600440,53499],"sapn-type":[6114],"class_list":["post-127681","post","type-post","status-publish","format-standard","has-post-thumbnail","hentry","category-corporativo","region-centroamerica","region-colombia","sapn-display-articulo-destacado","sapn-display-articulo-principal","sapn-display-hero","sapn-type-articulo"],"yoast_head":"<!-- This site is optimized with the Yoast SEO Premium plugin v26.9 (Yoast SEO v26.9) - https:\/\/yoast.com\/product\/yoast-seo-premium-wordpress\/ -->\n<title>Diversidad e inclusi\u00f3n: motor de la innovaci\u00f3n y el \u00e9xito empresarial - 麻豆原创 News Center Latinoam\u00e9rica<\/title>\n<meta name=\"robots\" content=\"index, follow, max-snippet:-1, max-image-preview:large, max-video-preview:-1\" \/>\n<link rel=\"canonical\" href=\"https:\/\/news.sap.com\/latinamerica\/2023\/06\/diversidad-e-inclusion-motor-de-la-innovacion-y-el-exito-empresarial\/\" \/>\n<meta property=\"og:locale\" content=\"es_MX\" \/>\n<meta property=\"og:type\" content=\"article\" \/>\n<meta property=\"og:title\" content=\"Diversidad e inclusi\u00f3n: motor de la innovaci\u00f3n y el \u00e9xito empresarial\" \/>\n<meta property=\"og:description\" content=\"La diversidad e inclusi\u00f3n se han convertido en pilares fundamentales del \u00e9xito en la sociedad actual. Hoy son cada vez m\u00e1s las empresas que cuentan...\" \/>\n<meta property=\"og:url\" content=\"https:\/\/news.sap.com\/latinamerica\/2023\/06\/diversidad-e-inclusion-motor-de-la-innovacion-y-el-exito-empresarial\/\" \/>\n<meta property=\"og:site_name\" content=\"麻豆原创 News Center Latinoam\u00e9rica\" \/>\n<meta property=\"article:publisher\" content=\"https:\/\/www.facebook.com\/麻豆原创latinoamerica\" \/>\n<meta property=\"article:published_time\" content=\"2023-06-29T20:06:26+00:00\" \/>\n<meta property=\"article:modified_time\" content=\"2023-11-14T15:10:59+00:00\" \/>\n<meta property=\"og:image\" content=\"https:\/\/news.sap.com\/latinamerica\/files\/2020\/06\/276375_276375_l_srgb_s_gl.jpg\" \/>\n\t<meta property=\"og:image:width\" content=\"2600\" \/>\n\t<meta property=\"og:image:height\" content=\"1734\" \/>\n\t<meta property=\"og:image:type\" content=\"image\/jpeg\" \/>\n<meta name=\"author\" content=\"Juan Ojeda y Vanesa Zambrano, l\u00edderes del programa PRIDE@麻豆原创 Colombia\" \/>\n<meta name=\"twitter:label1\" content=\"Escrito por\" \/>\n\t<meta name=\"twitter:data1\" content=\"Juan Ojeda y Vanesa Zambrano, l\u00edderes del programa PRIDE@麻豆原创 Colombia\" \/>\n\t<meta name=\"twitter:label2\" content=\"Tiempo de lectura\" \/>\n\t<meta name=\"twitter:data2\" content=\"2 minutos\" \/>\n<script type=\"application\/ld+json\" class=\"yoast-schema-graph\">{\"@context\":\"https:\/\/schema.org\",\"@graph\":[{\"@type\":\"Article\",\"@id\":\"https:\/\/news.sap.com\/latinamerica\/2023\/06\/diversidad-e-inclusion-motor-de-la-innovacion-y-el-exito-empresarial\/#article\",\"isPartOf\":{\"@id\":\"https:\/\/news.sap.com\/latinamerica\/2023\/06\/diversidad-e-inclusion-motor-de-la-innovacion-y-el-exito-empresarial\/\"},\"author\":{\"name\":\"Juan Ojeda y Vanesa Zambrano, l\u00edderes del programa PRIDE@麻豆原创 Colombia\",\"@id\":\"https:\/\/news.sap.com\/latinamerica\/#\/schema\/person\/36e2a4fd47213c9f8f44c1084c847663\"},\"headline\":\"Diversidad e inclusi\u00f3n: motor de la innovaci\u00f3n y el \u00e9xito empresarial\",\"datePublished\":\"2023-06-29T20:06:26+00:00\",\"dateModified\":\"2023-11-14T15:10:59+00:00\",\"mainEntityOfPage\":{\"@id\":\"https:\/\/news.sap.com\/latinamerica\/2023\/06\/diversidad-e-inclusion-motor-de-la-innovacion-y-el-exito-empresarial\/\"},\"wordCount\":505,\"publisher\":{\"@id\":\"https:\/\/news.sap.com\/latinamerica\/#organization\"},\"image\":{\"@id\":\"https:\/\/news.sap.com\/latinamerica\/2023\/06\/diversidad-e-inclusion-motor-de-la-innovacion-y-el-exito-empresarial\/#primaryimage\"},\"thumbnailUrl\":\"https:\/\/news.sap.com\/latinamerica\/files\/2020\/06\/276375_276375_l_srgb_s_gl.jpg\",\"articleSection\":[\"Corporativo\"],\"inLanguage\":\"es\"},{\"@type\":\"WebPage\",\"@id\":\"https:\/\/news.sap.com\/latinamerica\/2023\/06\/diversidad-e-inclusion-motor-de-la-innovacion-y-el-exito-empresarial\/\",\"url\":\"https:\/\/news.sap.com\/latinamerica\/2023\/06\/diversidad-e-inclusion-motor-de-la-innovacion-y-el-exito-empresarial\/\",\"name\":\"Diversidad e inclusi\u00f3n: motor de la innovaci\u00f3n y el \u00e9xito empresarial - 麻豆原创 News Center Latinoam\u00e9rica\",\"isPartOf\":{\"@id\":\"https:\/\/news.sap.com\/latinamerica\/#website\"},\"primaryImageOfPage\":{\"@id\":\"https:\/\/news.sap.com\/latinamerica\/2023\/06\/diversidad-e-inclusion-motor-de-la-innovacion-y-el-exito-empresarial\/#primaryimage\"},\"image\":{\"@id\":\"https:\/\/news.sap.com\/latinamerica\/2023\/06\/diversidad-e-inclusion-motor-de-la-innovacion-y-el-exito-empresarial\/#primaryimage\"},\"thumbnailUrl\":\"https:\/\/news.sap.com\/latinamerica\/files\/2020\/06\/276375_276375_l_srgb_s_gl.jpg\",\"datePublished\":\"2023-06-29T20:06:26+00:00\",\"dateModified\":\"2023-11-14T15:10:59+00:00\",\"breadcrumb\":{\"@id\":\"https:\/\/news.sap.com\/latinamerica\/2023\/06\/diversidad-e-inclusion-motor-de-la-innovacion-y-el-exito-empresarial\/#breadcrumb\"},\"inLanguage\":\"es\",\"potentialAction\":[{\"@type\":\"ReadAction\",\"target\":[\"https:\/\/news.sap.com\/latinamerica\/2023\/06\/diversidad-e-inclusion-motor-de-la-innovacion-y-el-exito-empresarial\/\"]}]},{\"@type\":\"ImageObject\",\"inLanguage\":\"es\",\"@id\":\"https:\/\/news.sap.com\/latinamerica\/2023\/06\/diversidad-e-inclusion-motor-de-la-innovacion-y-el-exito-empresarial\/#primaryimage\",\"url\":\"https:\/\/news.sap.com\/latinamerica\/files\/2020\/06\/276375_276375_l_srgb_s_gl.jpg\",\"contentUrl\":\"https:\/\/news.sap.com\/latinamerica\/files\/2020\/06\/276375_276375_l_srgb_s_gl.jpg\",\"width\":2600,\"height\":1734,\"caption\":\"Vancouver, British Columbia, Canada --- Rainbow flags in the wind. The rainbow flag, sometimes called 'the freedom flag', is commonly used as a symbol of lesbian, gay, bisexual and transgender (LGBT) pride and diversity. --- Image by \u00a9 2\/Stuart Dee\/Ocean\/Corbis\"},{\"@type\":\"BreadcrumbList\",\"@id\":\"https:\/\/news.sap.com\/latinamerica\/2023\/06\/diversidad-e-inclusion-motor-de-la-innovacion-y-el-exito-empresarial\/#breadcrumb\",\"itemListElement\":[{\"@type\":\"ListItem\",\"position\":1,\"name\":\"Home\",\"item\":\"https:\/\/news.sap.com\/latinamerica\/\"},{\"@type\":\"ListItem\",\"position\":2,\"name\":\"Diversidad e inclusi\u00f3n: motor de la innovaci\u00f3n y el \u00e9xito empresarial\"}]},{\"@type\":\"WebSite\",\"@id\":\"https:\/\/news.sap.com\/latinamerica\/#website\",\"url\":\"https:\/\/news.sap.com\/latinamerica\/\",\"name\":\"麻豆原创 News Center Latinoam\u00e9rica\",\"description\":\"Noticias e informaci\u00f3n sobre 麻豆原创\",\"publisher\":{\"@id\":\"https:\/\/news.sap.com\/latinamerica\/#organization\"},\"potentialAction\":[{\"@type\":\"SearchAction\",\"target\":{\"@type\":\"EntryPoint\",\"urlTemplate\":\"https:\/\/news.sap.com\/latinamerica\/?s={search_term_string}\"},\"query-input\":{\"@type\":\"PropertyValueSpecification\",\"valueRequired\":true,\"valueName\":\"search_term_string\"}}],\"inLanguage\":\"es\"},{\"@type\":\"Organization\",\"@id\":\"https:\/\/news.sap.com\/latinamerica\/#organization\",\"name\":\"麻豆原创\",\"url\":\"https:\/\/news.sap.com\/latinamerica\/\",\"logo\":{\"@type\":\"ImageObject\",\"inLanguage\":\"es\",\"@id\":\"https:\/\/news.sap.com\/latinamerica\/#\/schema\/logo\/image\/\",\"url\":\"https:\/\/news.sap.com\/latinamerica\/files\/2019\/08\/65903320_2903797569662914_557886358778019840_n.png\",\"contentUrl\":\"https:\/\/news.sap.com\/latinamerica\/files\/2019\/08\/65903320_2903797569662914_557886358778019840_n.png\",\"width\":720,\"height\":720,\"caption\":\"麻豆原创\"},\"image\":{\"@id\":\"https:\/\/news.sap.com\/latinamerica\/#\/schema\/logo\/image\/\"},\"sameAs\":[\"https:\/\/www.facebook.com\/麻豆原创latinoamerica\",\"https:\/\/x.com\/麻豆原创LatinAmerica\"]},{\"@type\":\"Person\",\"@id\":\"https:\/\/news.sap.com\/latinamerica\/#\/schema\/person\/36e2a4fd47213c9f8f44c1084c847663\",\"name\":\"Juan Ojeda y Vanesa Zambrano, l\u00edderes del programa PRIDE@麻豆原创 Colombia\",\"image\":{\"@type\":\"ImageObject\",\"inLanguage\":\"es\",\"@id\":\"https:\/\/news.sap.com\/latinamerica\/#\/schema\/person\/image\/\",\"url\":\"https:\/\/news.sap.com\/latinamerica\/wp-content\/plugins\/wp-user-avatars\/wp-user-avatars\/assets\/images\/mystery.jpg\",\"contentUrl\":\"https:\/\/news.sap.com\/latinamerica\/wp-content\/plugins\/wp-user-avatars\/wp-user-avatars\/assets\/images\/mystery.jpg\",\"caption\":\"Juan Ojeda y Vanesa Zambrano, l\u00edderes del programa PRIDE@麻豆原创 Colombia\"},\"url\":\"https:\/\/news.sap.com\/latinamerica\/author\/juanojedayvanesazambranolideresdelprogramapridesa\/\"}]}<\/script>\n<!-- \/ Yoast SEO Premium plugin. -->","yoast_head_json":{"title":"Diversidad e inclusi\u00f3n: motor de la innovaci\u00f3n y el \u00e9xito empresarial - 麻豆原创 News Center Latinoam\u00e9rica","robots":{"index":"index","follow":"follow","max-snippet":"max-snippet:-1","max-image-preview":"max-image-preview:large","max-video-preview":"max-video-preview:-1"},"canonical":"https:\/\/news.sap.com\/latinamerica\/2023\/06\/diversidad-e-inclusion-motor-de-la-innovacion-y-el-exito-empresarial\/","og_locale":"es_MX","og_type":"article","og_title":"Diversidad e inclusi\u00f3n: motor de la innovaci\u00f3n y el \u00e9xito empresarial","og_description":"La diversidad e inclusi\u00f3n se han convertido en pilares fundamentales del \u00e9xito en la sociedad actual. Hoy son cada vez m\u00e1s las empresas que cuentan...","og_url":"https:\/\/news.sap.com\/latinamerica\/2023\/06\/diversidad-e-inclusion-motor-de-la-innovacion-y-el-exito-empresarial\/","og_site_name":"麻豆原创 News Center Latinoam\u00e9rica","article_publisher":"https:\/\/www.facebook.com\/麻豆原创latinoamerica","article_published_time":"2023-06-29T20:06:26+00:00","article_modified_time":"2023-11-14T15:10:59+00:00","og_image":[{"width":2600,"height":1734,"url":"https:\/\/news.sap.com\/latinamerica\/files\/2020\/06\/276375_276375_l_srgb_s_gl.jpg","type":"image\/jpeg"}],"author":"Juan Ojeda y Vanesa Zambrano, l\u00edderes del programa PRIDE@麻豆原创 Colombia","twitter_misc":{"Escrito por":"Juan Ojeda y Vanesa Zambrano, l\u00edderes del programa PRIDE@麻豆原创 Colombia","Tiempo de lectura":"2 minutos"},"schema":{"@context":"https:\/\/schema.org","@graph":[{"@type":"Article","@id":"https:\/\/news.sap.com\/latinamerica\/2023\/06\/diversidad-e-inclusion-motor-de-la-innovacion-y-el-exito-empresarial\/#article","isPartOf":{"@id":"https:\/\/news.sap.com\/latinamerica\/2023\/06\/diversidad-e-inclusion-motor-de-la-innovacion-y-el-exito-empresarial\/"},"author":{"name":"Juan Ojeda y Vanesa Zambrano, l\u00edderes del programa PRIDE@麻豆原创 Colombia","@id":"https:\/\/news.sap.com\/latinamerica\/#\/schema\/person\/36e2a4fd47213c9f8f44c1084c847663"},"headline":"Diversidad e inclusi\u00f3n: motor de la innovaci\u00f3n y el \u00e9xito empresarial","datePublished":"2023-06-29T20:06:26+00:00","dateModified":"2023-11-14T15:10:59+00:00","mainEntityOfPage":{"@id":"https:\/\/news.sap.com\/latinamerica\/2023\/06\/diversidad-e-inclusion-motor-de-la-innovacion-y-el-exito-empresarial\/"},"wordCount":505,"publisher":{"@id":"https:\/\/news.sap.com\/latinamerica\/#organization"},"image":{"@id":"https:\/\/news.sap.com\/latinamerica\/2023\/06\/diversidad-e-inclusion-motor-de-la-innovacion-y-el-exito-empresarial\/#primaryimage"},"thumbnailUrl":"https:\/\/news.sap.com\/latinamerica\/files\/2020\/06\/276375_276375_l_srgb_s_gl.jpg","articleSection":["Corporativo"],"inLanguage":"es"},{"@type":"WebPage","@id":"https:\/\/news.sap.com\/latinamerica\/2023\/06\/diversidad-e-inclusion-motor-de-la-innovacion-y-el-exito-empresarial\/","url":"https:\/\/news.sap.com\/latinamerica\/2023\/06\/diversidad-e-inclusion-motor-de-la-innovacion-y-el-exito-empresarial\/","name":"Diversidad e inclusi\u00f3n: motor de la innovaci\u00f3n y el \u00e9xito empresarial - 麻豆原创 News Center Latinoam\u00e9rica","isPartOf":{"@id":"https:\/\/news.sap.com\/latinamerica\/#website"},"primaryImageOfPage":{"@id":"https:\/\/news.sap.com\/latinamerica\/2023\/06\/diversidad-e-inclusion-motor-de-la-innovacion-y-el-exito-empresarial\/#primaryimage"},"image":{"@id":"https:\/\/news.sap.com\/latinamerica\/2023\/06\/diversidad-e-inclusion-motor-de-la-innovacion-y-el-exito-empresarial\/#primaryimage"},"thumbnailUrl":"https:\/\/news.sap.com\/latinamerica\/files\/2020\/06\/276375_276375_l_srgb_s_gl.jpg","datePublished":"2023-06-29T20:06:26+00:00","dateModified":"2023-11-14T15:10:59+00:00","breadcrumb":{"@id":"https:\/\/news.sap.com\/latinamerica\/2023\/06\/diversidad-e-inclusion-motor-de-la-innovacion-y-el-exito-empresarial\/#breadcrumb"},"inLanguage":"es","potentialAction":[{"@type":"ReadAction","target":["https:\/\/news.sap.com\/latinamerica\/2023\/06\/diversidad-e-inclusion-motor-de-la-innovacion-y-el-exito-empresarial\/"]}]},{"@type":"ImageObject","inLanguage":"es","@id":"https:\/\/news.sap.com\/latinamerica\/2023\/06\/diversidad-e-inclusion-motor-de-la-innovacion-y-el-exito-empresarial\/#primaryimage","url":"https:\/\/news.sap.com\/latinamerica\/files\/2020\/06\/276375_276375_l_srgb_s_gl.jpg","contentUrl":"https:\/\/news.sap.com\/latinamerica\/files\/2020\/06\/276375_276375_l_srgb_s_gl.jpg","width":2600,"height":1734,"caption":"Vancouver, British Columbia, Canada --- Rainbow flags in the wind. The rainbow flag, sometimes called 'the freedom flag', is commonly used as a symbol of lesbian, gay, bisexual and transgender (LGBT) pride and diversity. --- Image by \u00a9 2\/Stuart Dee\/Ocean\/Corbis"},{"@type":"BreadcrumbList","@id":"https:\/\/news.sap.com\/latinamerica\/2023\/06\/diversidad-e-inclusion-motor-de-la-innovacion-y-el-exito-empresarial\/#breadcrumb","itemListElement":[{"@type":"ListItem","position":1,"name":"Home","item":"https:\/\/news.sap.com\/latinamerica\/"},{"@type":"ListItem","position":2,"name":"Diversidad e inclusi\u00f3n: motor de la innovaci\u00f3n y el \u00e9xito empresarial"}]},{"@type":"WebSite","@id":"https:\/\/news.sap.com\/latinamerica\/#website","url":"https:\/\/news.sap.com\/latinamerica\/","name":"麻豆原创 News Center Latinoam\u00e9rica","description":"Noticias e informaci\u00f3n sobre 麻豆原创","publisher":{"@id":"https:\/\/news.sap.com\/latinamerica\/#organization"},"potentialAction":[{"@type":"SearchAction","target":{"@type":"EntryPoint","urlTemplate":"https:\/\/news.sap.com\/latinamerica\/?s={search_term_string}"},"query-input":{"@type":"PropertyValueSpecification","valueRequired":true,"valueName":"search_term_string"}}],"inLanguage":"es"},{"@type":"Organization","@id":"https:\/\/news.sap.com\/latinamerica\/#organization","name":"麻豆原创","url":"https:\/\/news.sap.com\/latinamerica\/","logo":{"@type":"ImageObject","inLanguage":"es","@id":"https:\/\/news.sap.com\/latinamerica\/#\/schema\/logo\/image\/","url":"https:\/\/news.sap.com\/latinamerica\/files\/2019\/08\/65903320_2903797569662914_557886358778019840_n.png","contentUrl":"https:\/\/news.sap.com\/latinamerica\/files\/2019\/08\/65903320_2903797569662914_557886358778019840_n.png","width":720,"height":720,"caption":"麻豆原创"},"image":{"@id":"https:\/\/news.sap.com\/latinamerica\/#\/schema\/logo\/image\/"},"sameAs":["https:\/\/www.facebook.com\/麻豆原创latinoamerica","https:\/\/x.com\/麻豆原创LatinAmerica"]},{"@type":"Person","@id":"https:\/\/news.sap.com\/latinamerica\/#\/schema\/person\/36e2a4fd47213c9f8f44c1084c847663","name":"Juan Ojeda y Vanesa Zambrano, l\u00edderes del programa PRIDE@麻豆原创 Colombia","image":{"@type":"ImageObject","inLanguage":"es","@id":"https:\/\/news.sap.com\/latinamerica\/#\/schema\/person\/image\/","url":"https:\/\/news.sap.com\/latinamerica\/wp-content\/plugins\/wp-user-avatars\/wp-user-avatars\/assets\/images\/mystery.jpg","contentUrl":"https:\/\/news.sap.com\/latinamerica\/wp-content\/plugins\/wp-user-avatars\/wp-user-avatars\/assets\/images\/mystery.jpg","caption":"Juan Ojeda y Vanesa Zambrano, l\u00edderes del programa PRIDE@麻豆原创 Colombia"},"url":"https:\/\/news.sap.com\/latinamerica\/author\/juanojedayvanesazambranolideresdelprogramapridesa\/"}]}},"amp_enabled":true,"_links":{"self":[{"href":"https:\/\/news.sap.com\/latinamerica\/wp-json\/wp\/v2\/posts\/127681","targetHints":{"allow":["GET"]}}],"collection":[{"href":"https:\/\/news.sap.com\/latinamerica\/wp-json\/wp\/v2\/posts"}],"about":[{"href":"https:\/\/news.sap.com\/latinamerica\/wp-json\/wp\/v2\/types\/post"}],"author":[{"embeddable":true,"href":"https:\/\/news.sap.com\/latinamerica\/wp-json\/wp\/v2\/users\/4534"}],"replies":[{"embeddable":true,"href":"https:\/\/news.sap.com\/latinamerica\/wp-json\/wp\/v2\/comments?post=127681"}],"version-history":[{"count":0,"href":"https:\/\/news.sap.com\/latinamerica\/wp-json\/wp\/v2\/posts\/127681\/revisions"}],"wp:featuredmedia":[{"embeddable":true,"href":"https:\/\/news.sap.com\/latinamerica\/wp-json\/wp\/v2\/media\/120931"}],"wp:attachment":[{"href":"https:\/\/news.sap.com\/latinamerica\/wp-json\/wp\/v2\/media?parent=127681"}],"wp:term":[{"taxonomy":"category","embeddable":true,"href":"https:\/\/news.sap.com\/latinamerica\/wp-json\/wp\/v2\/categories?post=127681"},{"taxonomy":"post_tag","embeddable":true,"href":"https:\/\/news.sap.com\/latinamerica\/wp-json\/wp\/v2\/tags?post=127681"},{"taxonomy":"series","embeddable":true,"href":"https:\/\/news.sap.com\/latinamerica\/wp-json\/wp\/v2\/series?post=127681"},{"taxonomy":"region","embeddable":true,"href":"https:\/\/news.sap.com\/latinamerica\/wp-json\/wp\/v2\/region?post=127681"},{"taxonomy":"sapn-display","embeddable":true,"href":"https:\/\/news.sap.com\/latinamerica\/wp-json\/wp\/v2\/sapn-display?post=127681"},{"taxonomy":"sapn-type","embeddable":true,"href":"https:\/\/news.sap.com\/latinamerica\/wp-json\/wp\/v2\/sapn-type?post=127681"}],"curies":[{"name":"wp","href":"https:\/\/api.w.org\/{rel}","templated":true}]}}