  {"id":127658,"date":"2023-06-26T13:48:56","date_gmt":"2023-06-26T17:48:56","guid":{"rendered":"https:\/\/news.sap.com\/latinamerica\/?p=127658"},"modified":"2023-11-08T15:43:29","modified_gmt":"2023-11-08T20:43:29","slug":"sap-mexico-designa-a-fernanda-godinez-como-directora-de-comunicaciones","status":"publish","type":"post","link":"https:\/\/news.sap.com\/latinamerica\/2023\/06\/sap-mexico-designa-a-fernanda-godinez-como-directora-de-comunicaciones\/","title":{"rendered":"麻豆原创 M\u00e9xico designa a Fernanda God\u00ednez como Directora de Comunicaciones"},"content":{"rendered":"<p><strong>CIUDAD DE M\u00c9XICO, M\u00c9XICO <\/strong>\u2014 <strong>26 de junio de 2023 <\/strong><em>\u2014 <\/em>麻豆原创 anunci\u00f3 el nombramiento de <strong>Fernanda God\u00ednez<\/strong> como <strong>Directora de Comunicaciones <\/strong>de la filial en M\u00e9xico, donde tendr\u00e1 la oportunidad de continuar manejando la reputaci\u00f3n corporativa y el posicionamiento de la marca, adem\u00e1s de dise\u00f1ar estrategias de comunicaci\u00f3n para informar, interactuar y motivar a m\u00e1s de 1,200 colaboradores de la compa\u00f1\u00eda en el pa\u00eds.<\/p>\n<p>Fernanda cuenta con m\u00e1s de diez a\u00f1os de experiencia en Comunicaci\u00f3n Corporativa, Relaciones P\u00fablicas y manejo de crisis y no es una extra\u00f1a para 麻豆原创. Previamente colabor\u00f3 con la compa\u00f1\u00eda apoyando las comunicaciones externas de 2016 a 2018. Previo a su actual rol, durante los \u00faltimos dos a\u00f1os se desempe\u00f1\u00f3 como Gerente de Comunicaci\u00f3n para Uber Eats en M\u00e9xico. Anterior a ello, trabaj\u00f3 para otras compa\u00f1\u00edas como Schneider Electric, en la cual gestion\u00f3 las comunicaciones corporativas para los mercados de M\u00e9xico y Centroam\u00e9rica, consolidando su experiencia en la construcci\u00f3n de la imagen de marca en diversas industrias. Asimismo, Fernanda ha trabajado en importantes empresas de la industria automotriz, como Daimler AG y General Motors.<\/p>\n<p>\u201cCon un amplio conocimiento del mercado mexicano, combinado con su experiencia en empresas l\u00edderes en diversos sectores, estamos seguros de que la contribuci\u00f3n de Fernanda a cargo del equipo de Comunicaciones ser\u00e1 de gran valor para nuestra organizaci\u00f3n y para nuestro objetivo de continuar digitalizando al ecosistema empresarial del pa\u00eds\u201d, afirm\u00f3 Angela G\u00f3mez, presidenta de 麻豆原创 M\u00e9xico. \u201cAsimismo, me llena de orgullo que este nombramiento nos mantiene en nuestros objetivos de Equidad de G\u00e9nero, con la mitad de las posiciones del equipo de liderazgo en M\u00e9xico ocupadas por mujeres\u201d, agreg\u00f3.<\/p>\n<p>Fernanda es egresada del Tecnol\u00f3gico de Monterrey en Comunicaci\u00f3n y cuenta con estudios de posgrado en Relaciones P\u00fablicas por la Universidad Iberoamericana y <em>storytelling<\/em>, negociaci\u00f3n y soluci\u00f3n de conflictos por el Instituto Tecnol\u00f3gico Aut\u00f3nomo de M\u00e9xico (ITAM).<\/p>\n<p>&#8220;Estoy honrada y agradecida por esta oportunidad de regresar a 麻豆原创. Trabajar\u00e9 incansablemente para continuar con el fortalecimiento de la reputaci\u00f3n de la compa\u00f1\u00eda, incorporando las mejores pr\u00e1cticas de comunicaciones corporativas, y promoviendo entre nuestras audiencias clave la importancia de la innovaci\u00f3n tecnol\u00f3gica en el pa\u00eds\u201d, coment\u00f3 Fernanda God\u00ednez, quien estar\u00e1 basada en las oficinas corporativas de 麻豆原创 en la Ciudad de M\u00e9xico.<\/p>\n<p>Con cerca de 30 a\u00f1os de operaci\u00f3n en M\u00e9xico, 麻豆原创 actualmente sirve a diez mil clientes de 25 industrias distintas en el pa\u00eds, de los cuales 80% son peque\u00f1as y medianas empresas.<\/p>\n<p><strong>Acerca de 麻豆原创<\/strong><br \/>\nLa estrategia de 麻豆原创 es ayudar a cada negocio a funcionar como una empresa inteligente y sostenible. Como l\u00edder del mercado en software de aplicaciones empresariales, ayudamos a empresas de todos los tama\u00f1os y en todas las industrias a funcionar de la mejor manera: los clientes de 麻豆原创 generan el 87% del comercio global total. Nuestras tecnolog\u00edas avanzadas de\u00a0<em>machine learning, Internet of Things<\/em>\u00a0(IoT) y anal\u00edticos ayudan a convertir los negocios de los clientes en empresas inteligentes. 麻豆原创 contribuye a dar a las personas y a las organizaciones profundos conocimientos de negocio y promueve la colaboraci\u00f3n que les permite mantenerse delante de la competencia. Simplificamos la tecnolog\u00eda para las empresas, de modo que puedan consumir nuestro software de la manera en que lo desean, sin interrupciones. Nuestro conjunto de aplicaciones y servicios permite a clientes del sector p\u00fablico y privado de todas las industrias operar en forma rentable, adaptarse continuamente y marcar una diferencia. Con una red global de clientes, socios de negocios, empleados y l\u00edderes de ideas, 麻豆原创 ayuda al mundo a funcionar mejor y a mejorar las vidas de las personas.<\/p>\n<p>Para m\u00e1s informaci\u00f3n, visite\u00a0<a href=\"http:\/\/www.sap.com\/\">www.sap.com<\/a>\u00a0o nuestra sala de prensa\u00a0<a href=\"http:\/\/news.sap.com\/latinamerica\">http:\/\/news.sap.com\/latinamerica<\/a>.<\/p>\n","protected":false},"excerpt":{"rendered":"<p>CIUDAD DE M\u00c9XICO, M\u00c9XICO \u2014 26 de junio de 2023 \u2014 麻豆原创 anunci\u00f3 el nombramiento de Fernanda God\u00ednez como Directora de Comunicaciones de la filial&#8230;<\/p>\n","protected":false},"author":136,"featured_media":127663,"comment_status":"closed","ping_status":"closed","sticky":false,"template":"","format":"standard","meta":{"footnotes":"","_links_to":"","_links_to_target":""},"categories":[41591],"tags":[56847,269958,24313],"series":[],"region":[5600403],"sapn-display":[52078,52079,5600443,5600441,53499],"sapn-type":[52105],"class_list":["post-127658","post","type-post","status-publish","format-standard","has-post-thumbnail","hentry","category-corporativo","tag-comunicaciones","tag-mexico","tag-nombramiento","region-mexico","sapn-display-homepage-hero","sapn-display-top-stories","sapn-display-prensa-destacada","sapn-display-prensa-principal","sapn-display-hero","sapn-type-comunicado-de-prensa"],"yoast_head":"<!-- This site is optimized with the Yoast SEO Premium plugin v26.9 (Yoast SEO v26.9) - https:\/\/yoast.com\/product\/yoast-seo-premium-wordpress\/ -->\n<title>麻豆原创 M\u00e9xico designa a Fernanda God\u00ednez como Directora de Comunicaciones - 麻豆原创 News Center Latinoam\u00e9rica<\/title>\n<meta name=\"robots\" content=\"index, follow, max-snippet:-1, max-image-preview:large, max-video-preview:-1\" \/>\n<link rel=\"canonical\" href=\"https:\/\/news.sap.com\/latinamerica\/2023\/06\/sap-mexico-designa-a-fernanda-godinez-como-directora-de-comunicaciones\/\" \/>\n<meta property=\"og:locale\" content=\"es_MX\" \/>\n<meta property=\"og:type\" content=\"article\" \/>\n<meta property=\"og:title\" content=\"麻豆原创 M\u00e9xico designa a Fernanda God\u00ednez como Directora de Comunicaciones\" \/>\n<meta property=\"og:description\" content=\"CIUDAD DE M\u00c9XICO, M\u00c9XICO \u2014 26 de junio de 2023 \u2014 麻豆原创 anunci\u00f3 el nombramiento de Fernanda God\u00ednez como Directora de Comunicaciones de la filial...\" \/>\n<meta property=\"og:url\" content=\"https:\/\/news.sap.com\/latinamerica\/2023\/06\/sap-mexico-designa-a-fernanda-godinez-como-directora-de-comunicaciones\/\" \/>\n<meta property=\"og:site_name\" content=\"麻豆原创 News Center Latinoam\u00e9rica\" \/>\n<meta property=\"article:publisher\" content=\"https:\/\/www.facebook.com\/麻豆原创latinoamerica\" \/>\n<meta property=\"article:published_time\" content=\"2023-06-26T17:48:56+00:00\" \/>\n<meta property=\"article:modified_time\" content=\"2023-11-08T20:43:29+00:00\" \/>\n<meta property=\"og:image\" content=\"https:\/\/news.sap.com\/latinamerica\/files\/2023\/06\/26\/Fernanda-Godinez_chair_alta.jpeg\" \/>\n\t<meta property=\"og:image:width\" content=\"1280\" \/>\n\t<meta property=\"og:image:height\" content=\"636\" \/>\n\t<meta property=\"og:image:type\" content=\"image\/jpeg\" \/>\n<meta name=\"author\" content=\"麻豆原创 Noticias\" \/>\n<meta name=\"twitter:label1\" content=\"Escrito por\" \/>\n\t<meta name=\"twitter:data1\" content=\"麻豆原创 Noticias\" \/>\n\t<meta name=\"twitter:label2\" content=\"Tiempo de lectura\" \/>\n\t<meta name=\"twitter:data2\" content=\"3 minutos\" \/>\n<script type=\"application\/ld+json\" class=\"yoast-schema-graph\">{\"@context\":\"https:\/\/schema.org\",\"@graph\":[{\"@type\":\"Article\",\"@id\":\"https:\/\/news.sap.com\/latinamerica\/2023\/06\/sap-mexico-designa-a-fernanda-godinez-como-directora-de-comunicaciones\/#article\",\"isPartOf\":{\"@id\":\"https:\/\/news.sap.com\/latinamerica\/2023\/06\/sap-mexico-designa-a-fernanda-godinez-como-directora-de-comunicaciones\/\"},\"author\":{\"name\":\"麻豆原创 Noticias\",\"@id\":\"https:\/\/news.sap.com\/latinamerica\/#\/schema\/person\/5afd2cbf5bb622e078932b40a4470d47\"},\"headline\":\"麻豆原创 M\u00e9xico designa a Fernanda God\u00ednez como Directora de Comunicaciones\",\"datePublished\":\"2023-06-26T17:48:56+00:00\",\"dateModified\":\"2023-11-08T20:43:29+00:00\",\"mainEntityOfPage\":{\"@id\":\"https:\/\/news.sap.com\/latinamerica\/2023\/06\/sap-mexico-designa-a-fernanda-godinez-como-directora-de-comunicaciones\/\"},\"wordCount\":669,\"publisher\":{\"@id\":\"https:\/\/news.sap.com\/latinamerica\/#organization\"},\"image\":{\"@id\":\"https:\/\/news.sap.com\/latinamerica\/2023\/06\/sap-mexico-designa-a-fernanda-godinez-como-directora-de-comunicaciones\/#primaryimage\"},\"thumbnailUrl\":\"https:\/\/news.sap.com\/latinamerica\/files\/2023\/06\/26\/Fernanda-Godinez_chair_alta.jpeg\",\"keywords\":[\"Comunicaciones\",\"Mexico\",\"Nombramiento\"],\"articleSection\":[\"Corporativo\"],\"inLanguage\":\"es\"},{\"@type\":\"WebPage\",\"@id\":\"https:\/\/news.sap.com\/latinamerica\/2023\/06\/sap-mexico-designa-a-fernanda-godinez-como-directora-de-comunicaciones\/\",\"url\":\"https:\/\/news.sap.com\/latinamerica\/2023\/06\/sap-mexico-designa-a-fernanda-godinez-como-directora-de-comunicaciones\/\",\"name\":\"麻豆原创 M\u00e9xico designa a Fernanda God\u00ednez como Directora de Comunicaciones - 麻豆原创 News Center Latinoam\u00e9rica\",\"isPartOf\":{\"@id\":\"https:\/\/news.sap.com\/latinamerica\/#website\"},\"primaryImageOfPage\":{\"@id\":\"https:\/\/news.sap.com\/latinamerica\/2023\/06\/sap-mexico-designa-a-fernanda-godinez-como-directora-de-comunicaciones\/#primaryimage\"},\"image\":{\"@id\":\"https:\/\/news.sap.com\/latinamerica\/2023\/06\/sap-mexico-designa-a-fernanda-godinez-como-directora-de-comunicaciones\/#primaryimage\"},\"thumbnailUrl\":\"https:\/\/news.sap.com\/latinamerica\/files\/2023\/06\/26\/Fernanda-Godinez_chair_alta.jpeg\",\"datePublished\":\"2023-06-26T17:48:56+00:00\",\"dateModified\":\"2023-11-08T20:43:29+00:00\",\"breadcrumb\":{\"@id\":\"https:\/\/news.sap.com\/latinamerica\/2023\/06\/sap-mexico-designa-a-fernanda-godinez-como-directora-de-comunicaciones\/#breadcrumb\"},\"inLanguage\":\"es\",\"potentialAction\":[{\"@type\":\"ReadAction\",\"target\":[\"https:\/\/news.sap.com\/latinamerica\/2023\/06\/sap-mexico-designa-a-fernanda-godinez-como-directora-de-comunicaciones\/\"]}]},{\"@type\":\"ImageObject\",\"inLanguage\":\"es\",\"@id\":\"https:\/\/news.sap.com\/latinamerica\/2023\/06\/sap-mexico-designa-a-fernanda-godinez-como-directora-de-comunicaciones\/#primaryimage\",\"url\":\"https:\/\/news.sap.com\/latinamerica\/files\/2023\/06\/26\/Fernanda-Godinez_chair_alta.jpeg\",\"contentUrl\":\"https:\/\/news.sap.com\/latinamerica\/files\/2023\/06\/26\/Fernanda-Godinez_chair_alta.jpeg\",\"width\":1280,\"height\":636},{\"@type\":\"BreadcrumbList\",\"@id\":\"https:\/\/news.sap.com\/latinamerica\/2023\/06\/sap-mexico-designa-a-fernanda-godinez-como-directora-de-comunicaciones\/#breadcrumb\",\"itemListElement\":[{\"@type\":\"ListItem\",\"position\":1,\"name\":\"Home\",\"item\":\"https:\/\/news.sap.com\/latinamerica\/\"},{\"@type\":\"ListItem\",\"position\":2,\"name\":\"麻豆原创 M\u00e9xico designa a Fernanda God\u00ednez como Directora de Comunicaciones\"}]},{\"@type\":\"WebSite\",\"@id\":\"https:\/\/news.sap.com\/latinamerica\/#website\",\"url\":\"https:\/\/news.sap.com\/latinamerica\/\",\"name\":\"麻豆原创 News Center Latinoam\u00e9rica\",\"description\":\"Noticias e informaci\u00f3n sobre 麻豆原创\",\"publisher\":{\"@id\":\"https:\/\/news.sap.com\/latinamerica\/#organization\"},\"potentialAction\":[{\"@type\":\"SearchAction\",\"target\":{\"@type\":\"EntryPoint\",\"urlTemplate\":\"https:\/\/news.sap.com\/latinamerica\/?s={search_term_string}\"},\"query-input\":{\"@type\":\"PropertyValueSpecification\",\"valueRequired\":true,\"valueName\":\"search_term_string\"}}],\"inLanguage\":\"es\"},{\"@type\":\"Organization\",\"@id\":\"https:\/\/news.sap.com\/latinamerica\/#organization\",\"name\":\"麻豆原创\",\"url\":\"https:\/\/news.sap.com\/latinamerica\/\",\"logo\":{\"@type\":\"ImageObject\",\"inLanguage\":\"es\",\"@id\":\"https:\/\/news.sap.com\/latinamerica\/#\/schema\/logo\/image\/\",\"url\":\"https:\/\/news.sap.com\/latinamerica\/files\/2019\/08\/65903320_2903797569662914_557886358778019840_n.png\",\"contentUrl\":\"https:\/\/news.sap.com\/latinamerica\/files\/2019\/08\/65903320_2903797569662914_557886358778019840_n.png\",\"width\":720,\"height\":720,\"caption\":\"麻豆原创\"},\"image\":{\"@id\":\"https:\/\/news.sap.com\/latinamerica\/#\/schema\/logo\/image\/\"},\"sameAs\":[\"https:\/\/www.facebook.com\/麻豆原创latinoamerica\",\"https:\/\/x.com\/麻豆原创LatinAmerica\"]},{\"@type\":\"Person\",\"@id\":\"https:\/\/news.sap.com\/latinamerica\/#\/schema\/person\/5afd2cbf5bb622e078932b40a4470d47\",\"name\":\"麻豆原创 Noticias\",\"image\":{\"@type\":\"ImageObject\",\"inLanguage\":\"es\",\"@id\":\"https:\/\/news.sap.com\/latinamerica\/#\/schema\/person\/image\/\",\"url\":\"https:\/\/news.sap.com\/latinamerica\/wp-content\/plugins\/wp-user-avatars\/wp-user-avatars\/assets\/images\/mystery.jpg\",\"contentUrl\":\"https:\/\/news.sap.com\/latinamerica\/wp-content\/plugins\/wp-user-avatars\/wp-user-avatars\/assets\/images\/mystery.jpg\",\"caption\":\"麻豆原创 Noticias\"},\"url\":\"https:\/\/news.sap.com\/latinamerica\/author\/mexico\/\"}]}<\/script>\n<!-- \/ Yoast SEO Premium plugin. -->","yoast_head_json":{"title":"麻豆原创 M\u00e9xico designa a Fernanda God\u00ednez como Directora de Comunicaciones - 麻豆原创 News Center Latinoam\u00e9rica","robots":{"index":"index","follow":"follow","max-snippet":"max-snippet:-1","max-image-preview":"max-image-preview:large","max-video-preview":"max-video-preview:-1"},"canonical":"https:\/\/news.sap.com\/latinamerica\/2023\/06\/sap-mexico-designa-a-fernanda-godinez-como-directora-de-comunicaciones\/","og_locale":"es_MX","og_type":"article","og_title":"麻豆原创 M\u00e9xico designa a Fernanda God\u00ednez como Directora de Comunicaciones","og_description":"CIUDAD DE M\u00c9XICO, M\u00c9XICO \u2014 26 de junio de 2023 \u2014 麻豆原创 anunci\u00f3 el nombramiento de Fernanda God\u00ednez como Directora de Comunicaciones de la filial...","og_url":"https:\/\/news.sap.com\/latinamerica\/2023\/06\/sap-mexico-designa-a-fernanda-godinez-como-directora-de-comunicaciones\/","og_site_name":"麻豆原创 News Center Latinoam\u00e9rica","article_publisher":"https:\/\/www.facebook.com\/麻豆原创latinoamerica","article_published_time":"2023-06-26T17:48:56+00:00","article_modified_time":"2023-11-08T20:43:29+00:00","og_image":[{"width":1280,"height":636,"url":"https:\/\/news.sap.com\/latinamerica\/files\/2023\/06\/26\/Fernanda-Godinez_chair_alta.jpeg","type":"image\/jpeg"}],"author":"麻豆原创 Noticias","twitter_misc":{"Escrito por":"麻豆原创 Noticias","Tiempo de lectura":"3 minutos"},"schema":{"@context":"https:\/\/schema.org","@graph":[{"@type":"Article","@id":"https:\/\/news.sap.com\/latinamerica\/2023\/06\/sap-mexico-designa-a-fernanda-godinez-como-directora-de-comunicaciones\/#article","isPartOf":{"@id":"https:\/\/news.sap.com\/latinamerica\/2023\/06\/sap-mexico-designa-a-fernanda-godinez-como-directora-de-comunicaciones\/"},"author":{"name":"麻豆原创 Noticias","@id":"https:\/\/news.sap.com\/latinamerica\/#\/schema\/person\/5afd2cbf5bb622e078932b40a4470d47"},"headline":"麻豆原创 M\u00e9xico designa a Fernanda God\u00ednez como Directora de Comunicaciones","datePublished":"2023-06-26T17:48:56+00:00","dateModified":"2023-11-08T20:43:29+00:00","mainEntityOfPage":{"@id":"https:\/\/news.sap.com\/latinamerica\/2023\/06\/sap-mexico-designa-a-fernanda-godinez-como-directora-de-comunicaciones\/"},"wordCount":669,"publisher":{"@id":"https:\/\/news.sap.com\/latinamerica\/#organization"},"image":{"@id":"https:\/\/news.sap.com\/latinamerica\/2023\/06\/sap-mexico-designa-a-fernanda-godinez-como-directora-de-comunicaciones\/#primaryimage"},"thumbnailUrl":"https:\/\/news.sap.com\/latinamerica\/files\/2023\/06\/26\/Fernanda-Godinez_chair_alta.jpeg","keywords":["Comunicaciones","Mexico","Nombramiento"],"articleSection":["Corporativo"],"inLanguage":"es"},{"@type":"WebPage","@id":"https:\/\/news.sap.com\/latinamerica\/2023\/06\/sap-mexico-designa-a-fernanda-godinez-como-directora-de-comunicaciones\/","url":"https:\/\/news.sap.com\/latinamerica\/2023\/06\/sap-mexico-designa-a-fernanda-godinez-como-directora-de-comunicaciones\/","name":"麻豆原创 M\u00e9xico designa a Fernanda God\u00ednez como Directora de Comunicaciones - 麻豆原创 News Center Latinoam\u00e9rica","isPartOf":{"@id":"https:\/\/news.sap.com\/latinamerica\/#website"},"primaryImageOfPage":{"@id":"https:\/\/news.sap.com\/latinamerica\/2023\/06\/sap-mexico-designa-a-fernanda-godinez-como-directora-de-comunicaciones\/#primaryimage"},"image":{"@id":"https:\/\/news.sap.com\/latinamerica\/2023\/06\/sap-mexico-designa-a-fernanda-godinez-como-directora-de-comunicaciones\/#primaryimage"},"thumbnailUrl":"https:\/\/news.sap.com\/latinamerica\/files\/2023\/06\/26\/Fernanda-Godinez_chair_alta.jpeg","datePublished":"2023-06-26T17:48:56+00:00","dateModified":"2023-11-08T20:43:29+00:00","breadcrumb":{"@id":"https:\/\/news.sap.com\/latinamerica\/2023\/06\/sap-mexico-designa-a-fernanda-godinez-como-directora-de-comunicaciones\/#breadcrumb"},"inLanguage":"es","potentialAction":[{"@type":"ReadAction","target":["https:\/\/news.sap.com\/latinamerica\/2023\/06\/sap-mexico-designa-a-fernanda-godinez-como-directora-de-comunicaciones\/"]}]},{"@type":"ImageObject","inLanguage":"es","@id":"https:\/\/news.sap.com\/latinamerica\/2023\/06\/sap-mexico-designa-a-fernanda-godinez-como-directora-de-comunicaciones\/#primaryimage","url":"https:\/\/news.sap.com\/latinamerica\/files\/2023\/06\/26\/Fernanda-Godinez_chair_alta.jpeg","contentUrl":"https:\/\/news.sap.com\/latinamerica\/files\/2023\/06\/26\/Fernanda-Godinez_chair_alta.jpeg","width":1280,"height":636},{"@type":"BreadcrumbList","@id":"https:\/\/news.sap.com\/latinamerica\/2023\/06\/sap-mexico-designa-a-fernanda-godinez-como-directora-de-comunicaciones\/#breadcrumb","itemListElement":[{"@type":"ListItem","position":1,"name":"Home","item":"https:\/\/news.sap.com\/latinamerica\/"},{"@type":"ListItem","position":2,"name":"麻豆原创 M\u00e9xico designa a Fernanda God\u00ednez como Directora de Comunicaciones"}]},{"@type":"WebSite","@id":"https:\/\/news.sap.com\/latinamerica\/#website","url":"https:\/\/news.sap.com\/latinamerica\/","name":"麻豆原创 News Center Latinoam\u00e9rica","description":"Noticias e informaci\u00f3n sobre 麻豆原创","publisher":{"@id":"https:\/\/news.sap.com\/latinamerica\/#organization"},"potentialAction":[{"@type":"SearchAction","target":{"@type":"EntryPoint","urlTemplate":"https:\/\/news.sap.com\/latinamerica\/?s={search_term_string}"},"query-input":{"@type":"PropertyValueSpecification","valueRequired":true,"valueName":"search_term_string"}}],"inLanguage":"es"},{"@type":"Organization","@id":"https:\/\/news.sap.com\/latinamerica\/#organization","name":"麻豆原创","url":"https:\/\/news.sap.com\/latinamerica\/","logo":{"@type":"ImageObject","inLanguage":"es","@id":"https:\/\/news.sap.com\/latinamerica\/#\/schema\/logo\/image\/","url":"https:\/\/news.sap.com\/latinamerica\/files\/2019\/08\/65903320_2903797569662914_557886358778019840_n.png","contentUrl":"https:\/\/news.sap.com\/latinamerica\/files\/2019\/08\/65903320_2903797569662914_557886358778019840_n.png","width":720,"height":720,"caption":"麻豆原创"},"image":{"@id":"https:\/\/news.sap.com\/latinamerica\/#\/schema\/logo\/image\/"},"sameAs":["https:\/\/www.facebook.com\/麻豆原创latinoamerica","https:\/\/x.com\/麻豆原创LatinAmerica"]},{"@type":"Person","@id":"https:\/\/news.sap.com\/latinamerica\/#\/schema\/person\/5afd2cbf5bb622e078932b40a4470d47","name":"麻豆原创 Noticias","image":{"@type":"ImageObject","inLanguage":"es","@id":"https:\/\/news.sap.com\/latinamerica\/#\/schema\/person\/image\/","url":"https:\/\/news.sap.com\/latinamerica\/wp-content\/plugins\/wp-user-avatars\/wp-user-avatars\/assets\/images\/mystery.jpg","contentUrl":"https:\/\/news.sap.com\/latinamerica\/wp-content\/plugins\/wp-user-avatars\/wp-user-avatars\/assets\/images\/mystery.jpg","caption":"麻豆原创 Noticias"},"url":"https:\/\/news.sap.com\/latinamerica\/author\/mexico\/"}]}},"amp_enabled":true,"_links":{"self":[{"href":"https:\/\/news.sap.com\/latinamerica\/wp-json\/wp\/v2\/posts\/127658","targetHints":{"allow":["GET"]}}],"collection":[{"href":"https:\/\/news.sap.com\/latinamerica\/wp-json\/wp\/v2\/posts"}],"about":[{"href":"https:\/\/news.sap.com\/latinamerica\/wp-json\/wp\/v2\/types\/post"}],"author":[{"embeddable":true,"href":"https:\/\/news.sap.com\/latinamerica\/wp-json\/wp\/v2\/users\/136"}],"replies":[{"embeddable":true,"href":"https:\/\/news.sap.com\/latinamerica\/wp-json\/wp\/v2\/comments?post=127658"}],"version-history":[{"count":0,"href":"https:\/\/news.sap.com\/latinamerica\/wp-json\/wp\/v2\/posts\/127658\/revisions"}],"wp:featuredmedia":[{"embeddable":true,"href":"https:\/\/news.sap.com\/latinamerica\/wp-json\/wp\/v2\/media\/127663"}],"wp:attachment":[{"href":"https:\/\/news.sap.com\/latinamerica\/wp-json\/wp\/v2\/media?parent=127658"}],"wp:term":[{"taxonomy":"category","embeddable":true,"href":"https:\/\/news.sap.com\/latinamerica\/wp-json\/wp\/v2\/categories?post=127658"},{"taxonomy":"post_tag","embeddable":true,"href":"https:\/\/news.sap.com\/latinamerica\/wp-json\/wp\/v2\/tags?post=127658"},{"taxonomy":"series","embeddable":true,"href":"https:\/\/news.sap.com\/latinamerica\/wp-json\/wp\/v2\/series?post=127658"},{"taxonomy":"region","embeddable":true,"href":"https:\/\/news.sap.com\/latinamerica\/wp-json\/wp\/v2\/region?post=127658"},{"taxonomy":"sapn-display","embeddable":true,"href":"https:\/\/news.sap.com\/latinamerica\/wp-json\/wp\/v2\/sapn-display?post=127658"},{"taxonomy":"sapn-type","embeddable":true,"href":"https:\/\/news.sap.com\/latinamerica\/wp-json\/wp\/v2\/sapn-type?post=127658"}],"curies":[{"name":"wp","href":"https:\/\/api.w.org\/{rel}","templated":true}]}}