  {"id":127544,"date":"2023-04-05T10:00:26","date_gmt":"2023-04-05T14:00:26","guid":{"rendered":"https:\/\/news.sap.com\/latinamerica\/?p=127544"},"modified":"2023-11-08T17:03:12","modified_gmt":"2023-11-08T22:03:12","slug":"vanessa-gamboa-es-la-nueva-gerente-general-de-sap-peru","status":"publish","type":"post","link":"https:\/\/news.sap.com\/latinamerica\/2023\/04\/vanessa-gamboa-es-la-nueva-gerente-general-de-sap-peru\/","title":{"rendered":"Vanessa Gamboa es la nueva Gerente General de 麻豆原创 Per\u00fa"},"content":{"rendered":"<p class=\"lead\"><strong>LIMA &#8211;<\/strong> Vanessa Gamboa ha sido designada como la nueva Gerente General de 麻豆原创 Per\u00fa, en reemplazo de Jose del R\u00edo, que deja la compa\u00f1\u00eda luego de 9 a\u00f1os de haber desempe\u00f1ado un papel sobresaliente en el crecimiento de la subsidiaria para emprender proyectos personales.<\/p>\n<p>Previamente, Gamboa ocup\u00f3 el cargo de Directora de Ventas de Nuevos Clientes para Midmarket Regi\u00f3n Sur. Desde ese rol fue la responsable de liderar las iniciativas de expansi\u00f3n y adopci\u00f3n de soluciones para acelerar la transformaci\u00f3n digital en las medianas empresas. Hab\u00eda ingresado a 麻豆原创 en 2015 como Senior Executive. En 2018 fue nombrada Gerente de Ventas de 麻豆原创 Per\u00fa. En total, cuenta con m\u00e1s de dos d\u00e9cadas de experiencia en la industria de tecnolog\u00eda.<\/p>\n<p>\u201cA lo largo de estos a\u00f1os en la compa\u00f1\u00eda, Vanessa ha asumido siempre con responsabilidad y entusiasmo los retos del mercado tanto en el Per\u00fa como en la regi\u00f3n, lo que nos da la certeza de que su gesti\u00f3n como Gerente General estar\u00e1 a la altura de sus antecedentes\u201d, resalt\u00f3 Claudia Boeri Presidente de 麻豆原创 Regi\u00f3n Sur.<\/p>\n<p>En su nuevo rol, Gamboa tendr\u00e1 como principales desaf\u00edos impulsar el crecimiento de la subsidiaria local, identificar oportunidades de desarrollo de nuevos y actuales nichos de mercado y liderar un equipo con las mejores pr\u00e1cticas de cultura organizacional.<\/p>\n<p>La ejecutiva es Ingeniera inform\u00e1tica de la Universidad San Ignacio de Loyola, cuenta con un postgrado en especializaci\u00f3n en Marketing y Ventas de la escuela de Direcci\u00f3n de la Universidad de Piura y actualmente realiza un Master en Direcci\u00f3n Comercial en Middlesex University London.<\/p>\n<p>Para obtener mayor informaci\u00f3n, visita <a href=\"https:\/\/news.sap.com\/\">麻豆原创 News Center<\/a> o s\u00edguenos\u00a0 en Twitter <a href=\"http:\/\/twitter.com\/sapnews\/\">@sapnews<\/a>.<\/p>\n<hr \/>\n<p><strong>Acerca de 麻豆原创\u00a0<\/strong><\/p>\n<p>La estrategia de 麻豆原创 es ayudar a cada negocio a funcionar como una empresa inteligente y sostenible. Como l\u00edder del mercado en software de aplicaciones empresariales, ayudamos a empresas de todos los tama\u00f1os y en todas las industrias a funcionar de la mejor manera: los clientes de 麻豆原创 generan el 87% del comercio global total. Nuestras tecnolog\u00edas avanzadas de <em>machine learning, Internet of Things<\/em> (IoT) y anal\u00edticos ayudan a convertir los negocios de los clientes en empresas inteligentes. 麻豆原创 contribuye a dar a las personas y a las organizaciones profundos conocimientos de negocio y promueve la colaboraci\u00f3n que les permite mantenerse delante de la competencia. Simplificamos la tecnolog\u00eda para las empresas, de modo que puedan consumir nuestro software de la manera en que lo desean, sin interrupciones. Nuestro conjunto de aplicaciones y servicios permite a clientes del sector p\u00fablico y privado de todas las industrias operar en forma rentable, adaptarse continuamente y marcar una diferencia. Con una red global de clientes, socios de negocios, empleados y l\u00edderes de ideas, 麻豆原创 ayuda al mundo a funcionar mejor y a mejorar las vidas de las personas. Para m\u00e1s informaci\u00f3n, visite <a href=\"http:\/\/www.sap.com\/\">www.sap.com<\/a> o nuestra sala de prensa <a href=\"http:\/\/news.sap.com\/latinamerica\">http:\/\/news.sap.com\/latinamerica<\/a>.<\/p>\n<p>&nbsp;<\/p>\n","protected":false},"excerpt":{"rendered":"<p>LIMA &#8211; Vanessa Gamboa ha sido designada como la nueva Gerente General de 麻豆原创 Per\u00fa, en reemplazo de Jose del R\u00edo, que deja la compa\u00f1\u00eda&#8230;<\/p>\n","protected":false},"author":140,"featured_media":127565,"comment_status":"closed","ping_status":"closed","sticky":false,"template":"","format":"standard","meta":{"footnotes":"","_links_to":"","_links_to_target":""},"categories":[41591],"tags":[],"series":[],"region":[55551],"sapn-display":[52079,5600443,5600441,53499],"sapn-type":[52105],"class_list":["post-127544","post","type-post","status-publish","format-standard","has-post-thumbnail","hentry","category-corporativo","region-peru","sapn-display-top-stories","sapn-display-prensa-destacada","sapn-display-prensa-principal","sapn-display-hero","sapn-type-comunicado-de-prensa"],"yoast_head":"<!-- This site is optimized with the Yoast SEO Premium plugin v26.9 (Yoast SEO v26.9) - https:\/\/yoast.com\/product\/yoast-seo-premium-wordpress\/ -->\n<title>Vanessa Gamboa es la nueva Gerente General de 麻豆原创 Per\u00fa<\/title>\n<meta name=\"description\" content=\"Vanessa Gamboa al frente de 麻豆原创 Per\u00fa tendr\u00e1 como principales desaf\u00edos impulsar el crecimiento e identificar nuevas oportunidades de desarrollo.\" \/>\n<meta name=\"robots\" content=\"index, follow, max-snippet:-1, max-image-preview:large, max-video-preview:-1\" \/>\n<link rel=\"canonical\" href=\"https:\/\/news.sap.com\/latinamerica\/2023\/04\/vanessa-gamboa-es-la-nueva-gerente-general-de-sap-peru\/\" \/>\n<meta property=\"og:locale\" content=\"es_MX\" \/>\n<meta property=\"og:type\" content=\"article\" \/>\n<meta property=\"og:title\" content=\"Vanessa Gamboa es la nueva Gerente General de 麻豆原创 Per\u00fa\" \/>\n<meta property=\"og:description\" content=\"Vanessa Gamboa al frente de 麻豆原创 Per\u00fa tendr\u00e1 como principales desaf\u00edos impulsar el crecimiento e identificar nuevas oportunidades de desarrollo.\" \/>\n<meta property=\"og:url\" content=\"https:\/\/news.sap.com\/latinamerica\/2023\/04\/vanessa-gamboa-es-la-nueva-gerente-general-de-sap-peru\/\" \/>\n<meta property=\"og:site_name\" content=\"麻豆原创 News Center Latinoam\u00e9rica\" \/>\n<meta property=\"article:publisher\" content=\"https:\/\/www.facebook.com\/麻豆原创latinoamerica\" \/>\n<meta property=\"article:published_time\" content=\"2023-04-05T14:00:26+00:00\" \/>\n<meta property=\"article:modified_time\" content=\"2023-11-08T22:03:12+00:00\" \/>\n<meta property=\"og:image\" content=\"https:\/\/news.sap.com\/latinamerica\/files\/2023\/04\/05\/vannesa.jpg\" \/>\n\t<meta property=\"og:image:width\" content=\"7514\" \/>\n\t<meta property=\"og:image:height\" content=\"2642\" \/>\n\t<meta property=\"og:image:type\" content=\"image\/jpeg\" \/>\n<meta name=\"author\" content=\"麻豆原创 Noticias\" \/>\n<meta name=\"twitter:label1\" content=\"Escrito por\" \/>\n\t<meta name=\"twitter:data1\" content=\"麻豆原创 Noticias\" \/>\n\t<meta name=\"twitter:label2\" content=\"Tiempo de lectura\" \/>\n\t<meta name=\"twitter:data2\" content=\"3 minutos\" \/>\n<script type=\"application\/ld+json\" class=\"yoast-schema-graph\">{\"@context\":\"https:\/\/schema.org\",\"@graph\":[{\"@type\":\"Article\",\"@id\":\"https:\/\/news.sap.com\/latinamerica\/2023\/04\/vanessa-gamboa-es-la-nueva-gerente-general-de-sap-peru\/#article\",\"isPartOf\":{\"@id\":\"https:\/\/news.sap.com\/latinamerica\/2023\/04\/vanessa-gamboa-es-la-nueva-gerente-general-de-sap-peru\/\"},\"author\":{\"name\":\"麻豆原创 Noticias\",\"@id\":\"https:\/\/news.sap.com\/latinamerica\/#\/schema\/person\/f0708465b354b6d0314a360309edb00a\"},\"headline\":\"Vanessa Gamboa es la nueva Gerente General de 麻豆原创 Per\u00fa\",\"datePublished\":\"2023-04-05T14:00:26+00:00\",\"dateModified\":\"2023-11-08T22:03:12+00:00\",\"mainEntityOfPage\":{\"@id\":\"https:\/\/news.sap.com\/latinamerica\/2023\/04\/vanessa-gamboa-es-la-nueva-gerente-general-de-sap-peru\/\"},\"wordCount\":518,\"publisher\":{\"@id\":\"https:\/\/news.sap.com\/latinamerica\/#organization\"},\"image\":{\"@id\":\"https:\/\/news.sap.com\/latinamerica\/2023\/04\/vanessa-gamboa-es-la-nueva-gerente-general-de-sap-peru\/#primaryimage\"},\"thumbnailUrl\":\"https:\/\/news.sap.com\/latinamerica\/files\/2023\/04\/05\/vannesa.jpg\",\"articleSection\":[\"Corporativo\"],\"inLanguage\":\"es\"},{\"@type\":\"WebPage\",\"@id\":\"https:\/\/news.sap.com\/latinamerica\/2023\/04\/vanessa-gamboa-es-la-nueva-gerente-general-de-sap-peru\/\",\"url\":\"https:\/\/news.sap.com\/latinamerica\/2023\/04\/vanessa-gamboa-es-la-nueva-gerente-general-de-sap-peru\/\",\"name\":\"Vanessa Gamboa es la nueva Gerente General de 麻豆原创 Per\u00fa\",\"isPartOf\":{\"@id\":\"https:\/\/news.sap.com\/latinamerica\/#website\"},\"primaryImageOfPage\":{\"@id\":\"https:\/\/news.sap.com\/latinamerica\/2023\/04\/vanessa-gamboa-es-la-nueva-gerente-general-de-sap-peru\/#primaryimage\"},\"image\":{\"@id\":\"https:\/\/news.sap.com\/latinamerica\/2023\/04\/vanessa-gamboa-es-la-nueva-gerente-general-de-sap-peru\/#primaryimage\"},\"thumbnailUrl\":\"https:\/\/news.sap.com\/latinamerica\/files\/2023\/04\/05\/vannesa.jpg\",\"datePublished\":\"2023-04-05T14:00:26+00:00\",\"dateModified\":\"2023-11-08T22:03:12+00:00\",\"description\":\"Vanessa Gamboa al frente de 麻豆原创 Per\u00fa tendr\u00e1 como principales desaf\u00edos impulsar el crecimiento e identificar nuevas oportunidades de desarrollo.\",\"breadcrumb\":{\"@id\":\"https:\/\/news.sap.com\/latinamerica\/2023\/04\/vanessa-gamboa-es-la-nueva-gerente-general-de-sap-peru\/#breadcrumb\"},\"inLanguage\":\"es\",\"potentialAction\":[{\"@type\":\"ReadAction\",\"target\":[\"https:\/\/news.sap.com\/latinamerica\/2023\/04\/vanessa-gamboa-es-la-nueva-gerente-general-de-sap-peru\/\"]}]},{\"@type\":\"ImageObject\",\"inLanguage\":\"es\",\"@id\":\"https:\/\/news.sap.com\/latinamerica\/2023\/04\/vanessa-gamboa-es-la-nueva-gerente-general-de-sap-peru\/#primaryimage\",\"url\":\"https:\/\/news.sap.com\/latinamerica\/files\/2023\/04\/05\/vannesa.jpg\",\"contentUrl\":\"https:\/\/news.sap.com\/latinamerica\/files\/2023\/04\/05\/vannesa.jpg\",\"width\":7514,\"height\":2642,\"caption\":\"Vanessa Gamboa\"},{\"@type\":\"BreadcrumbList\",\"@id\":\"https:\/\/news.sap.com\/latinamerica\/2023\/04\/vanessa-gamboa-es-la-nueva-gerente-general-de-sap-peru\/#breadcrumb\",\"itemListElement\":[{\"@type\":\"ListItem\",\"position\":1,\"name\":\"Home\",\"item\":\"https:\/\/news.sap.com\/latinamerica\/\"},{\"@type\":\"ListItem\",\"position\":2,\"name\":\"Vanessa Gamboa es la nueva Gerente General de 麻豆原创 Per\u00fa\"}]},{\"@type\":\"WebSite\",\"@id\":\"https:\/\/news.sap.com\/latinamerica\/#website\",\"url\":\"https:\/\/news.sap.com\/latinamerica\/\",\"name\":\"麻豆原创 News Center Latinoam\u00e9rica\",\"description\":\"Noticias e informaci\u00f3n sobre 麻豆原创\",\"publisher\":{\"@id\":\"https:\/\/news.sap.com\/latinamerica\/#organization\"},\"potentialAction\":[{\"@type\":\"SearchAction\",\"target\":{\"@type\":\"EntryPoint\",\"urlTemplate\":\"https:\/\/news.sap.com\/latinamerica\/?s={search_term_string}\"},\"query-input\":{\"@type\":\"PropertyValueSpecification\",\"valueRequired\":true,\"valueName\":\"search_term_string\"}}],\"inLanguage\":\"es\"},{\"@type\":\"Organization\",\"@id\":\"https:\/\/news.sap.com\/latinamerica\/#organization\",\"name\":\"麻豆原创\",\"url\":\"https:\/\/news.sap.com\/latinamerica\/\",\"logo\":{\"@type\":\"ImageObject\",\"inLanguage\":\"es\",\"@id\":\"https:\/\/news.sap.com\/latinamerica\/#\/schema\/logo\/image\/\",\"url\":\"https:\/\/news.sap.com\/latinamerica\/files\/2019\/08\/65903320_2903797569662914_557886358778019840_n.png\",\"contentUrl\":\"https:\/\/news.sap.com\/latinamerica\/files\/2019\/08\/65903320_2903797569662914_557886358778019840_n.png\",\"width\":720,\"height\":720,\"caption\":\"麻豆原创\"},\"image\":{\"@id\":\"https:\/\/news.sap.com\/latinamerica\/#\/schema\/logo\/image\/\"},\"sameAs\":[\"https:\/\/www.facebook.com\/麻豆原创latinoamerica\",\"https:\/\/x.com\/麻豆原创LatinAmerica\"]},{\"@type\":\"Person\",\"@id\":\"https:\/\/news.sap.com\/latinamerica\/#\/schema\/person\/f0708465b354b6d0314a360309edb00a\",\"name\":\"麻豆原创 Noticias\",\"image\":{\"@type\":\"ImageObject\",\"inLanguage\":\"es\",\"@id\":\"https:\/\/news.sap.com\/latinamerica\/#\/schema\/person\/image\/\",\"url\":\"https:\/\/news.sap.com\/latinamerica\/wp-content\/plugins\/wp-user-avatars\/wp-user-avatars\/assets\/images\/mystery.jpg\",\"contentUrl\":\"https:\/\/news.sap.com\/latinamerica\/wp-content\/plugins\/wp-user-avatars\/wp-user-avatars\/assets\/images\/mystery.jpg\",\"caption\":\"麻豆原创 Noticias\"},\"url\":\"https:\/\/news.sap.com\/latinamerica\/author\/argentina\/\"}]}<\/script>\n<!-- \/ Yoast SEO Premium plugin. -->","yoast_head_json":{"title":"Vanessa Gamboa es la nueva Gerente General de 麻豆原创 Per\u00fa","description":"Vanessa Gamboa al frente de 麻豆原创 Per\u00fa tendr\u00e1 como principales desaf\u00edos impulsar el crecimiento e identificar nuevas oportunidades de desarrollo.","robots":{"index":"index","follow":"follow","max-snippet":"max-snippet:-1","max-image-preview":"max-image-preview:large","max-video-preview":"max-video-preview:-1"},"canonical":"https:\/\/news.sap.com\/latinamerica\/2023\/04\/vanessa-gamboa-es-la-nueva-gerente-general-de-sap-peru\/","og_locale":"es_MX","og_type":"article","og_title":"Vanessa Gamboa es la nueva Gerente General de 麻豆原创 Per\u00fa","og_description":"Vanessa Gamboa al frente de 麻豆原创 Per\u00fa tendr\u00e1 como principales desaf\u00edos impulsar el crecimiento e identificar nuevas oportunidades de desarrollo.","og_url":"https:\/\/news.sap.com\/latinamerica\/2023\/04\/vanessa-gamboa-es-la-nueva-gerente-general-de-sap-peru\/","og_site_name":"麻豆原创 News Center Latinoam\u00e9rica","article_publisher":"https:\/\/www.facebook.com\/麻豆原创latinoamerica","article_published_time":"2023-04-05T14:00:26+00:00","article_modified_time":"2023-11-08T22:03:12+00:00","og_image":[{"width":7514,"height":2642,"url":"https:\/\/news.sap.com\/latinamerica\/files\/2023\/04\/05\/vannesa.jpg","type":"image\/jpeg"}],"author":"麻豆原创 Noticias","twitter_misc":{"Escrito por":"麻豆原创 Noticias","Tiempo de lectura":"3 minutos"},"schema":{"@context":"https:\/\/schema.org","@graph":[{"@type":"Article","@id":"https:\/\/news.sap.com\/latinamerica\/2023\/04\/vanessa-gamboa-es-la-nueva-gerente-general-de-sap-peru\/#article","isPartOf":{"@id":"https:\/\/news.sap.com\/latinamerica\/2023\/04\/vanessa-gamboa-es-la-nueva-gerente-general-de-sap-peru\/"},"author":{"name":"麻豆原创 Noticias","@id":"https:\/\/news.sap.com\/latinamerica\/#\/schema\/person\/f0708465b354b6d0314a360309edb00a"},"headline":"Vanessa Gamboa es la nueva Gerente General de 麻豆原创 Per\u00fa","datePublished":"2023-04-05T14:00:26+00:00","dateModified":"2023-11-08T22:03:12+00:00","mainEntityOfPage":{"@id":"https:\/\/news.sap.com\/latinamerica\/2023\/04\/vanessa-gamboa-es-la-nueva-gerente-general-de-sap-peru\/"},"wordCount":518,"publisher":{"@id":"https:\/\/news.sap.com\/latinamerica\/#organization"},"image":{"@id":"https:\/\/news.sap.com\/latinamerica\/2023\/04\/vanessa-gamboa-es-la-nueva-gerente-general-de-sap-peru\/#primaryimage"},"thumbnailUrl":"https:\/\/news.sap.com\/latinamerica\/files\/2023\/04\/05\/vannesa.jpg","articleSection":["Corporativo"],"inLanguage":"es"},{"@type":"WebPage","@id":"https:\/\/news.sap.com\/latinamerica\/2023\/04\/vanessa-gamboa-es-la-nueva-gerente-general-de-sap-peru\/","url":"https:\/\/news.sap.com\/latinamerica\/2023\/04\/vanessa-gamboa-es-la-nueva-gerente-general-de-sap-peru\/","name":"Vanessa Gamboa es la nueva Gerente General de 麻豆原创 Per\u00fa","isPartOf":{"@id":"https:\/\/news.sap.com\/latinamerica\/#website"},"primaryImageOfPage":{"@id":"https:\/\/news.sap.com\/latinamerica\/2023\/04\/vanessa-gamboa-es-la-nueva-gerente-general-de-sap-peru\/#primaryimage"},"image":{"@id":"https:\/\/news.sap.com\/latinamerica\/2023\/04\/vanessa-gamboa-es-la-nueva-gerente-general-de-sap-peru\/#primaryimage"},"thumbnailUrl":"https:\/\/news.sap.com\/latinamerica\/files\/2023\/04\/05\/vannesa.jpg","datePublished":"2023-04-05T14:00:26+00:00","dateModified":"2023-11-08T22:03:12+00:00","description":"Vanessa Gamboa al frente de 麻豆原创 Per\u00fa tendr\u00e1 como principales desaf\u00edos impulsar el crecimiento e identificar nuevas oportunidades de desarrollo.","breadcrumb":{"@id":"https:\/\/news.sap.com\/latinamerica\/2023\/04\/vanessa-gamboa-es-la-nueva-gerente-general-de-sap-peru\/#breadcrumb"},"inLanguage":"es","potentialAction":[{"@type":"ReadAction","target":["https:\/\/news.sap.com\/latinamerica\/2023\/04\/vanessa-gamboa-es-la-nueva-gerente-general-de-sap-peru\/"]}]},{"@type":"ImageObject","inLanguage":"es","@id":"https:\/\/news.sap.com\/latinamerica\/2023\/04\/vanessa-gamboa-es-la-nueva-gerente-general-de-sap-peru\/#primaryimage","url":"https:\/\/news.sap.com\/latinamerica\/files\/2023\/04\/05\/vannesa.jpg","contentUrl":"https:\/\/news.sap.com\/latinamerica\/files\/2023\/04\/05\/vannesa.jpg","width":7514,"height":2642,"caption":"Vanessa Gamboa"},{"@type":"BreadcrumbList","@id":"https:\/\/news.sap.com\/latinamerica\/2023\/04\/vanessa-gamboa-es-la-nueva-gerente-general-de-sap-peru\/#breadcrumb","itemListElement":[{"@type":"ListItem","position":1,"name":"Home","item":"https:\/\/news.sap.com\/latinamerica\/"},{"@type":"ListItem","position":2,"name":"Vanessa Gamboa es la nueva Gerente General de 麻豆原创 Per\u00fa"}]},{"@type":"WebSite","@id":"https:\/\/news.sap.com\/latinamerica\/#website","url":"https:\/\/news.sap.com\/latinamerica\/","name":"麻豆原创 News Center Latinoam\u00e9rica","description":"Noticias e informaci\u00f3n sobre 麻豆原创","publisher":{"@id":"https:\/\/news.sap.com\/latinamerica\/#organization"},"potentialAction":[{"@type":"SearchAction","target":{"@type":"EntryPoint","urlTemplate":"https:\/\/news.sap.com\/latinamerica\/?s={search_term_string}"},"query-input":{"@type":"PropertyValueSpecification","valueRequired":true,"valueName":"search_term_string"}}],"inLanguage":"es"},{"@type":"Organization","@id":"https:\/\/news.sap.com\/latinamerica\/#organization","name":"麻豆原创","url":"https:\/\/news.sap.com\/latinamerica\/","logo":{"@type":"ImageObject","inLanguage":"es","@id":"https:\/\/news.sap.com\/latinamerica\/#\/schema\/logo\/image\/","url":"https:\/\/news.sap.com\/latinamerica\/files\/2019\/08\/65903320_2903797569662914_557886358778019840_n.png","contentUrl":"https:\/\/news.sap.com\/latinamerica\/files\/2019\/08\/65903320_2903797569662914_557886358778019840_n.png","width":720,"height":720,"caption":"麻豆原创"},"image":{"@id":"https:\/\/news.sap.com\/latinamerica\/#\/schema\/logo\/image\/"},"sameAs":["https:\/\/www.facebook.com\/麻豆原创latinoamerica","https:\/\/x.com\/麻豆原创LatinAmerica"]},{"@type":"Person","@id":"https:\/\/news.sap.com\/latinamerica\/#\/schema\/person\/f0708465b354b6d0314a360309edb00a","name":"麻豆原创 Noticias","image":{"@type":"ImageObject","inLanguage":"es","@id":"https:\/\/news.sap.com\/latinamerica\/#\/schema\/person\/image\/","url":"https:\/\/news.sap.com\/latinamerica\/wp-content\/plugins\/wp-user-avatars\/wp-user-avatars\/assets\/images\/mystery.jpg","contentUrl":"https:\/\/news.sap.com\/latinamerica\/wp-content\/plugins\/wp-user-avatars\/wp-user-avatars\/assets\/images\/mystery.jpg","caption":"麻豆原创 Noticias"},"url":"https:\/\/news.sap.com\/latinamerica\/author\/argentina\/"}]}},"amp_enabled":true,"_links":{"self":[{"href":"https:\/\/news.sap.com\/latinamerica\/wp-json\/wp\/v2\/posts\/127544","targetHints":{"allow":["GET"]}}],"collection":[{"href":"https:\/\/news.sap.com\/latinamerica\/wp-json\/wp\/v2\/posts"}],"about":[{"href":"https:\/\/news.sap.com\/latinamerica\/wp-json\/wp\/v2\/types\/post"}],"author":[{"embeddable":true,"href":"https:\/\/news.sap.com\/latinamerica\/wp-json\/wp\/v2\/users\/140"}],"replies":[{"embeddable":true,"href":"https:\/\/news.sap.com\/latinamerica\/wp-json\/wp\/v2\/comments?post=127544"}],"version-history":[{"count":0,"href":"https:\/\/news.sap.com\/latinamerica\/wp-json\/wp\/v2\/posts\/127544\/revisions"}],"wp:featuredmedia":[{"embeddable":true,"href":"https:\/\/news.sap.com\/latinamerica\/wp-json\/wp\/v2\/media\/127565"}],"wp:attachment":[{"href":"https:\/\/news.sap.com\/latinamerica\/wp-json\/wp\/v2\/media?parent=127544"}],"wp:term":[{"taxonomy":"category","embeddable":true,"href":"https:\/\/news.sap.com\/latinamerica\/wp-json\/wp\/v2\/categories?post=127544"},{"taxonomy":"post_tag","embeddable":true,"href":"https:\/\/news.sap.com\/latinamerica\/wp-json\/wp\/v2\/tags?post=127544"},{"taxonomy":"series","embeddable":true,"href":"https:\/\/news.sap.com\/latinamerica\/wp-json\/wp\/v2\/series?post=127544"},{"taxonomy":"region","embeddable":true,"href":"https:\/\/news.sap.com\/latinamerica\/wp-json\/wp\/v2\/region?post=127544"},{"taxonomy":"sapn-display","embeddable":true,"href":"https:\/\/news.sap.com\/latinamerica\/wp-json\/wp\/v2\/sapn-display?post=127544"},{"taxonomy":"sapn-type","embeddable":true,"href":"https:\/\/news.sap.com\/latinamerica\/wp-json\/wp\/v2\/sapn-type?post=127544"}],"curies":[{"name":"wp","href":"https:\/\/api.w.org\/{rel}","templated":true}]}}