  {"id":127458,"date":"2023-04-18T11:00:49","date_gmt":"2023-04-18T15:00:49","guid":{"rendered":"https:\/\/news.sap.com\/latinamerica\/?p=127458"},"modified":"2023-11-08T17:03:07","modified_gmt":"2023-11-08T22:03:07","slug":"sap-nombra-a-fernanda-perez-como-country-manager-para-argentina","status":"publish","type":"post","link":"https:\/\/news.sap.com\/latinamerica\/2023\/04\/sap-nombra-a-fernanda-perez-como-country-manager-para-argentina\/","title":{"rendered":"麻豆原创 nombra a Fernanda P\u00e9rez como Country Manager para Argentina"},"content":{"rendered":"<p><em>La ejecutiva asume la direcci\u00f3n general de las operaciones de 麻豆原创 en el pa\u00eds y reporta directamente a Claudia Boeri, presidente de 麻豆原创 para la regi\u00f3n Sur de Am\u00e9rica Latina. <\/em><\/p>\n<p class=\"lead\"><strong>BUENOS AIRES<\/strong><strong>\u00a0\u2013<\/strong> 麻豆原创 anuncia la designaci\u00f3n de Fernanda P\u00e9rez como Country Manager para su operaci\u00f3n en Argentina, as\u00ed Uruguay, Bolivia y Paraguay.<\/p>\n<p>Fernanda es una profesional con una extensa trayectoria en el mercado de soluciones de negocio en Argentina y la regi\u00f3n Sur de Am\u00e9rica Latina. Ingres\u00f3 a 麻豆原创 en 1998, donde se desarroll\u00f3 en distintas posiciones locales y regionales, hasta asumir en 2018 el rol de Directora de Ventas.<\/p>\n<p>\u201cA lo largo de su carrera, Fernanda siempre ha trabajado junto al cliente, para comprender sus necesidades y construir desde ah\u00ed una propuesta de valor que acompa\u00f1ase la transformaci\u00f3n que cada organizaci\u00f3n busca. Todo ese conocimiento y su experiencia dentro de 麻豆原创 son valores importantes para liderar ahora el equipo de 麻豆原创 en Argentina\u201d, se\u00f1ala Claudia Boeri, Presidente de 麻豆原创 para la regi\u00f3n Sur de Am\u00e9rica Latina.<\/p>\n<p>Fernanda es Licenciada en Sistemas y cuenta con una Maestr\u00eda en Administraci\u00f3n de Empresas (UBA) y otra en Ciencias de la Computaci\u00f3n (Universidad de Mor\u00f3n). Adem\u00e1s, en 2021 ampli\u00f3 su formaci\u00f3n en liderazgo en la escuela de negocios Wharton, de la Universidad de Pennsylvania, Estados Unidos.<\/p>\n<p>En la regi\u00f3n comprendida por Argentina, Bolivia, Chile, Paraguay y Uruguay, 麻豆原创 cuenta m\u00e1s de 1.500 colaboradores. En Argentina, el 50% de las posiciones de direcci\u00f3n son desarrolladas en la actualidad por mujeres.<\/p>\n<p>Visite <a href=\"https:\/\/news.sap.com\/\">麻豆原创 News Center<\/a>. Siga a 麻豆原创 en Twitter en <a href=\"http:\/\/twitter.com\/sapnews\/\">@sapnews<\/a>.<\/p>\n<hr \/>\n<p><strong>Acerca de 麻豆原创\u00a0<\/strong><\/p>\n<p>La estrategia de 麻豆原创 es ayudar a cada negocio a funcionar como una empresa inteligente y sostenible. Como l\u00edder del mercado en software de aplicaciones empresariales, ayudamos a empresas de todos los tama\u00f1os y en todas las industrias a funcionar de la mejor manera: los clientes de 麻豆原创 generan el 87% del comercio global total. Nuestras tecnolog\u00edas avanzadas de <em>machine learning, Internet of Things<\/em> (IoT) y anal\u00edticos ayudan a convertir los negocios de los clientes en empresas inteligentes. 麻豆原创 contribuye a dar a las personas y a las organizaciones profundos conocimientos de negocio y promueve la colaboraci\u00f3n que les permite mantenerse delante de la competencia. Simplificamos la tecnolog\u00eda para las empresas, de modo que puedan consumir nuestro software de la manera en que lo desean, sin interrupciones. Nuestro conjunto de aplicaciones y servicios permite a clientes del sector p\u00fablico y privado de todas las industrias operar en forma rentable, adaptarse continuamente y marcar una diferencia. Con una red global de clientes, socios de negocios, empleados y l\u00edderes de ideas, 麻豆原创 ayuda al mundo a funcionar mejor y a mejorar las vidas de las personas. Para m\u00e1s informaci\u00f3n, visite <a href=\"http:\/\/www.sap.com\/\">www.sap.com<\/a>, nuestra sala de prensa <a href=\"http:\/\/news.sap.com\/latinamerica\">http:\/\/news.sap.com\/latinamerica<\/a>, o s\u00edganos en Twitter <a href=\"http:\/\/www.twitter.com\/麻豆原创NoticiasLAC\">@麻豆原创NoticiasLAC<\/a>.<\/p>\n","protected":false},"excerpt":{"rendered":"<p>La ejecutiva asume la direcci\u00f3n general de las operaciones de 麻豆原创 en el pa\u00eds y reporta directamente a Claudia Boeri, presidente de 麻豆原创 para la&#8230;<\/p>\n","protected":false},"author":140,"featured_media":127462,"comment_status":"closed","ping_status":"closed","sticky":false,"template":"","format":"standard","meta":{"footnotes":"","_links_to":"","_links_to_target":""},"categories":[41591],"tags":[269986,5600391],"series":[],"region":[54562,5597463,5593546],"sapn-display":[52079,5600443,5600441,53499],"sapn-type":[52105],"class_list":["post-127458","post","type-post","status-publish","format-standard","has-post-thumbnail","hentry","category-corporativo","tag-argentina","tag-fernanda-perez","region-argentina","region-bolivia","region-uruguay","sapn-display-top-stories","sapn-display-prensa-destacada","sapn-display-prensa-principal","sapn-display-hero","sapn-type-comunicado-de-prensa"],"yoast_head":"<!-- This site is optimized with the Yoast SEO Premium plugin v26.9 (Yoast SEO v26.9) - https:\/\/yoast.com\/product\/yoast-seo-premium-wordpress\/ -->\n<title>麻豆原创 nombra a Fernanda P\u00e9rez como Country Manager para Argentina<\/title>\n<meta name=\"description\" content=\"麻豆原创 anuncia la designaci\u00f3n de Fernanda P\u00e9rez como Country Manager para su operaci\u00f3n en Argentina, as\u00ed Uruguay, Bolivia y Paraguay.\" \/>\n<meta name=\"robots\" content=\"index, follow, max-snippet:-1, max-image-preview:large, max-video-preview:-1\" \/>\n<link rel=\"canonical\" href=\"https:\/\/news.sap.com\/latinamerica\/2023\/04\/sap-nombra-a-fernanda-perez-como-country-manager-para-argentina\/\" \/>\n<meta property=\"og:locale\" content=\"es_MX\" \/>\n<meta property=\"og:type\" content=\"article\" \/>\n<meta property=\"og:title\" content=\"麻豆原创 nombra a Fernanda P\u00e9rez como Country Manager para Argentina\" \/>\n<meta property=\"og:description\" content=\"麻豆原创 anuncia la designaci\u00f3n de Fernanda P\u00e9rez como Country Manager para su operaci\u00f3n en Argentina, as\u00ed Uruguay, Bolivia y Paraguay.\" \/>\n<meta property=\"og:url\" content=\"https:\/\/news.sap.com\/latinamerica\/2023\/04\/sap-nombra-a-fernanda-perez-como-country-manager-para-argentina\/\" \/>\n<meta property=\"og:site_name\" content=\"麻豆原创 News Center Latinoam\u00e9rica\" \/>\n<meta property=\"article:publisher\" content=\"https:\/\/www.facebook.com\/麻豆原创latinoamerica\" \/>\n<meta property=\"article:published_time\" content=\"2023-04-18T15:00:49+00:00\" \/>\n<meta property=\"article:modified_time\" content=\"2023-11-08T22:03:07+00:00\" \/>\n<meta property=\"og:image\" content=\"https:\/\/news.sap.com\/latinamerica\/files\/2023\/04\/18\/274-SR5M0115.jpg\" \/>\n\t<meta property=\"og:image:width\" content=\"1921\" \/>\n\t<meta property=\"og:image:height\" content=\"601\" \/>\n\t<meta property=\"og:image:type\" content=\"image\/jpeg\" \/>\n<meta name=\"author\" content=\"麻豆原创 Noticias\" \/>\n<meta name=\"twitter:label1\" content=\"Escrito por\" \/>\n\t<meta name=\"twitter:data1\" content=\"麻豆原创 Noticias\" \/>\n\t<meta name=\"twitter:label2\" content=\"Tiempo de lectura\" \/>\n\t<meta name=\"twitter:data2\" content=\"3 minutos\" \/>\n<script type=\"application\/ld+json\" class=\"yoast-schema-graph\">{\"@context\":\"https:\/\/schema.org\",\"@graph\":[{\"@type\":\"Article\",\"@id\":\"https:\/\/news.sap.com\/latinamerica\/2023\/04\/sap-nombra-a-fernanda-perez-como-country-manager-para-argentina\/#article\",\"isPartOf\":{\"@id\":\"https:\/\/news.sap.com\/latinamerica\/2023\/04\/sap-nombra-a-fernanda-perez-como-country-manager-para-argentina\/\"},\"author\":{\"name\":\"麻豆原创 Noticias\",\"@id\":\"https:\/\/news.sap.com\/latinamerica\/#\/schema\/person\/f0708465b354b6d0314a360309edb00a\"},\"headline\":\"麻豆原创 nombra a Fernanda P\u00e9rez como Country Manager para Argentina\",\"datePublished\":\"2023-04-18T15:00:49+00:00\",\"dateModified\":\"2023-11-08T22:03:07+00:00\",\"mainEntityOfPage\":{\"@id\":\"https:\/\/news.sap.com\/latinamerica\/2023\/04\/sap-nombra-a-fernanda-perez-como-country-manager-para-argentina\/\"},\"wordCount\":505,\"publisher\":{\"@id\":\"https:\/\/news.sap.com\/latinamerica\/#organization\"},\"image\":{\"@id\":\"https:\/\/news.sap.com\/latinamerica\/2023\/04\/sap-nombra-a-fernanda-perez-como-country-manager-para-argentina\/#primaryimage\"},\"thumbnailUrl\":\"https:\/\/news.sap.com\/latinamerica\/files\/2023\/04\/18\/274-SR5M0115.jpg\",\"keywords\":[\"Argentina\",\"Fernanda P\u00e9rez\"],\"articleSection\":[\"Corporativo\"],\"inLanguage\":\"es\"},{\"@type\":\"WebPage\",\"@id\":\"https:\/\/news.sap.com\/latinamerica\/2023\/04\/sap-nombra-a-fernanda-perez-como-country-manager-para-argentina\/\",\"url\":\"https:\/\/news.sap.com\/latinamerica\/2023\/04\/sap-nombra-a-fernanda-perez-como-country-manager-para-argentina\/\",\"name\":\"麻豆原创 nombra a Fernanda P\u00e9rez como Country Manager para Argentina\",\"isPartOf\":{\"@id\":\"https:\/\/news.sap.com\/latinamerica\/#website\"},\"primaryImageOfPage\":{\"@id\":\"https:\/\/news.sap.com\/latinamerica\/2023\/04\/sap-nombra-a-fernanda-perez-como-country-manager-para-argentina\/#primaryimage\"},\"image\":{\"@id\":\"https:\/\/news.sap.com\/latinamerica\/2023\/04\/sap-nombra-a-fernanda-perez-como-country-manager-para-argentina\/#primaryimage\"},\"thumbnailUrl\":\"https:\/\/news.sap.com\/latinamerica\/files\/2023\/04\/18\/274-SR5M0115.jpg\",\"datePublished\":\"2023-04-18T15:00:49+00:00\",\"dateModified\":\"2023-11-08T22:03:07+00:00\",\"description\":\"麻豆原创 anuncia la designaci\u00f3n de Fernanda P\u00e9rez como Country Manager para su operaci\u00f3n en Argentina, as\u00ed Uruguay, Bolivia y Paraguay.\",\"breadcrumb\":{\"@id\":\"https:\/\/news.sap.com\/latinamerica\/2023\/04\/sap-nombra-a-fernanda-perez-como-country-manager-para-argentina\/#breadcrumb\"},\"inLanguage\":\"es\",\"potentialAction\":[{\"@type\":\"ReadAction\",\"target\":[\"https:\/\/news.sap.com\/latinamerica\/2023\/04\/sap-nombra-a-fernanda-perez-como-country-manager-para-argentina\/\"]}]},{\"@type\":\"ImageObject\",\"inLanguage\":\"es\",\"@id\":\"https:\/\/news.sap.com\/latinamerica\/2023\/04\/sap-nombra-a-fernanda-perez-como-country-manager-para-argentina\/#primaryimage\",\"url\":\"https:\/\/news.sap.com\/latinamerica\/files\/2023\/04\/18\/274-SR5M0115.jpg\",\"contentUrl\":\"https:\/\/news.sap.com\/latinamerica\/files\/2023\/04\/18\/274-SR5M0115.jpg\",\"width\":1921,\"height\":601},{\"@type\":\"BreadcrumbList\",\"@id\":\"https:\/\/news.sap.com\/latinamerica\/2023\/04\/sap-nombra-a-fernanda-perez-como-country-manager-para-argentina\/#breadcrumb\",\"itemListElement\":[{\"@type\":\"ListItem\",\"position\":1,\"name\":\"Home\",\"item\":\"https:\/\/news.sap.com\/latinamerica\/\"},{\"@type\":\"ListItem\",\"position\":2,\"name\":\"麻豆原创 nombra a Fernanda P\u00e9rez como Country Manager para Argentina\"}]},{\"@type\":\"WebSite\",\"@id\":\"https:\/\/news.sap.com\/latinamerica\/#website\",\"url\":\"https:\/\/news.sap.com\/latinamerica\/\",\"name\":\"麻豆原创 News Center Latinoam\u00e9rica\",\"description\":\"Noticias e informaci\u00f3n sobre 麻豆原创\",\"publisher\":{\"@id\":\"https:\/\/news.sap.com\/latinamerica\/#organization\"},\"potentialAction\":[{\"@type\":\"SearchAction\",\"target\":{\"@type\":\"EntryPoint\",\"urlTemplate\":\"https:\/\/news.sap.com\/latinamerica\/?s={search_term_string}\"},\"query-input\":{\"@type\":\"PropertyValueSpecification\",\"valueRequired\":true,\"valueName\":\"search_term_string\"}}],\"inLanguage\":\"es\"},{\"@type\":\"Organization\",\"@id\":\"https:\/\/news.sap.com\/latinamerica\/#organization\",\"name\":\"麻豆原创\",\"url\":\"https:\/\/news.sap.com\/latinamerica\/\",\"logo\":{\"@type\":\"ImageObject\",\"inLanguage\":\"es\",\"@id\":\"https:\/\/news.sap.com\/latinamerica\/#\/schema\/logo\/image\/\",\"url\":\"https:\/\/news.sap.com\/latinamerica\/files\/2019\/08\/65903320_2903797569662914_557886358778019840_n.png\",\"contentUrl\":\"https:\/\/news.sap.com\/latinamerica\/files\/2019\/08\/65903320_2903797569662914_557886358778019840_n.png\",\"width\":720,\"height\":720,\"caption\":\"麻豆原创\"},\"image\":{\"@id\":\"https:\/\/news.sap.com\/latinamerica\/#\/schema\/logo\/image\/\"},\"sameAs\":[\"https:\/\/www.facebook.com\/麻豆原创latinoamerica\",\"https:\/\/x.com\/麻豆原创LatinAmerica\"]},{\"@type\":\"Person\",\"@id\":\"https:\/\/news.sap.com\/latinamerica\/#\/schema\/person\/f0708465b354b6d0314a360309edb00a\",\"name\":\"麻豆原创 Noticias\",\"image\":{\"@type\":\"ImageObject\",\"inLanguage\":\"es\",\"@id\":\"https:\/\/news.sap.com\/latinamerica\/#\/schema\/person\/image\/\",\"url\":\"https:\/\/news.sap.com\/latinamerica\/wp-content\/plugins\/wp-user-avatars\/wp-user-avatars\/assets\/images\/mystery.jpg\",\"contentUrl\":\"https:\/\/news.sap.com\/latinamerica\/wp-content\/plugins\/wp-user-avatars\/wp-user-avatars\/assets\/images\/mystery.jpg\",\"caption\":\"麻豆原创 Noticias\"},\"url\":\"https:\/\/news.sap.com\/latinamerica\/author\/argentina\/\"}]}<\/script>\n<!-- \/ Yoast SEO Premium plugin. -->","yoast_head_json":{"title":"麻豆原创 nombra a Fernanda P\u00e9rez como Country Manager para Argentina","description":"麻豆原创 anuncia la designaci\u00f3n de Fernanda P\u00e9rez como Country Manager para su operaci\u00f3n en Argentina, as\u00ed Uruguay, Bolivia y Paraguay.","robots":{"index":"index","follow":"follow","max-snippet":"max-snippet:-1","max-image-preview":"max-image-preview:large","max-video-preview":"max-video-preview:-1"},"canonical":"https:\/\/news.sap.com\/latinamerica\/2023\/04\/sap-nombra-a-fernanda-perez-como-country-manager-para-argentina\/","og_locale":"es_MX","og_type":"article","og_title":"麻豆原创 nombra a Fernanda P\u00e9rez como Country Manager para Argentina","og_description":"麻豆原创 anuncia la designaci\u00f3n de Fernanda P\u00e9rez como Country Manager para su operaci\u00f3n en Argentina, as\u00ed Uruguay, Bolivia y Paraguay.","og_url":"https:\/\/news.sap.com\/latinamerica\/2023\/04\/sap-nombra-a-fernanda-perez-como-country-manager-para-argentina\/","og_site_name":"麻豆原创 News Center Latinoam\u00e9rica","article_publisher":"https:\/\/www.facebook.com\/麻豆原创latinoamerica","article_published_time":"2023-04-18T15:00:49+00:00","article_modified_time":"2023-11-08T22:03:07+00:00","og_image":[{"width":1921,"height":601,"url":"https:\/\/news.sap.com\/latinamerica\/files\/2023\/04\/18\/274-SR5M0115.jpg","type":"image\/jpeg"}],"author":"麻豆原创 Noticias","twitter_misc":{"Escrito por":"麻豆原创 Noticias","Tiempo de lectura":"3 minutos"},"schema":{"@context":"https:\/\/schema.org","@graph":[{"@type":"Article","@id":"https:\/\/news.sap.com\/latinamerica\/2023\/04\/sap-nombra-a-fernanda-perez-como-country-manager-para-argentina\/#article","isPartOf":{"@id":"https:\/\/news.sap.com\/latinamerica\/2023\/04\/sap-nombra-a-fernanda-perez-como-country-manager-para-argentina\/"},"author":{"name":"麻豆原创 Noticias","@id":"https:\/\/news.sap.com\/latinamerica\/#\/schema\/person\/f0708465b354b6d0314a360309edb00a"},"headline":"麻豆原创 nombra a Fernanda P\u00e9rez como Country Manager para Argentina","datePublished":"2023-04-18T15:00:49+00:00","dateModified":"2023-11-08T22:03:07+00:00","mainEntityOfPage":{"@id":"https:\/\/news.sap.com\/latinamerica\/2023\/04\/sap-nombra-a-fernanda-perez-como-country-manager-para-argentina\/"},"wordCount":505,"publisher":{"@id":"https:\/\/news.sap.com\/latinamerica\/#organization"},"image":{"@id":"https:\/\/news.sap.com\/latinamerica\/2023\/04\/sap-nombra-a-fernanda-perez-como-country-manager-para-argentina\/#primaryimage"},"thumbnailUrl":"https:\/\/news.sap.com\/latinamerica\/files\/2023\/04\/18\/274-SR5M0115.jpg","keywords":["Argentina","Fernanda P\u00e9rez"],"articleSection":["Corporativo"],"inLanguage":"es"},{"@type":"WebPage","@id":"https:\/\/news.sap.com\/latinamerica\/2023\/04\/sap-nombra-a-fernanda-perez-como-country-manager-para-argentina\/","url":"https:\/\/news.sap.com\/latinamerica\/2023\/04\/sap-nombra-a-fernanda-perez-como-country-manager-para-argentina\/","name":"麻豆原创 nombra a Fernanda P\u00e9rez como Country Manager para Argentina","isPartOf":{"@id":"https:\/\/news.sap.com\/latinamerica\/#website"},"primaryImageOfPage":{"@id":"https:\/\/news.sap.com\/latinamerica\/2023\/04\/sap-nombra-a-fernanda-perez-como-country-manager-para-argentina\/#primaryimage"},"image":{"@id":"https:\/\/news.sap.com\/latinamerica\/2023\/04\/sap-nombra-a-fernanda-perez-como-country-manager-para-argentina\/#primaryimage"},"thumbnailUrl":"https:\/\/news.sap.com\/latinamerica\/files\/2023\/04\/18\/274-SR5M0115.jpg","datePublished":"2023-04-18T15:00:49+00:00","dateModified":"2023-11-08T22:03:07+00:00","description":"麻豆原创 anuncia la designaci\u00f3n de Fernanda P\u00e9rez como Country Manager para su operaci\u00f3n en Argentina, as\u00ed Uruguay, Bolivia y Paraguay.","breadcrumb":{"@id":"https:\/\/news.sap.com\/latinamerica\/2023\/04\/sap-nombra-a-fernanda-perez-como-country-manager-para-argentina\/#breadcrumb"},"inLanguage":"es","potentialAction":[{"@type":"ReadAction","target":["https:\/\/news.sap.com\/latinamerica\/2023\/04\/sap-nombra-a-fernanda-perez-como-country-manager-para-argentina\/"]}]},{"@type":"ImageObject","inLanguage":"es","@id":"https:\/\/news.sap.com\/latinamerica\/2023\/04\/sap-nombra-a-fernanda-perez-como-country-manager-para-argentina\/#primaryimage","url":"https:\/\/news.sap.com\/latinamerica\/files\/2023\/04\/18\/274-SR5M0115.jpg","contentUrl":"https:\/\/news.sap.com\/latinamerica\/files\/2023\/04\/18\/274-SR5M0115.jpg","width":1921,"height":601},{"@type":"BreadcrumbList","@id":"https:\/\/news.sap.com\/latinamerica\/2023\/04\/sap-nombra-a-fernanda-perez-como-country-manager-para-argentina\/#breadcrumb","itemListElement":[{"@type":"ListItem","position":1,"name":"Home","item":"https:\/\/news.sap.com\/latinamerica\/"},{"@type":"ListItem","position":2,"name":"麻豆原创 nombra a Fernanda P\u00e9rez como Country Manager para Argentina"}]},{"@type":"WebSite","@id":"https:\/\/news.sap.com\/latinamerica\/#website","url":"https:\/\/news.sap.com\/latinamerica\/","name":"麻豆原创 News Center Latinoam\u00e9rica","description":"Noticias e informaci\u00f3n sobre 麻豆原创","publisher":{"@id":"https:\/\/news.sap.com\/latinamerica\/#organization"},"potentialAction":[{"@type":"SearchAction","target":{"@type":"EntryPoint","urlTemplate":"https:\/\/news.sap.com\/latinamerica\/?s={search_term_string}"},"query-input":{"@type":"PropertyValueSpecification","valueRequired":true,"valueName":"search_term_string"}}],"inLanguage":"es"},{"@type":"Organization","@id":"https:\/\/news.sap.com\/latinamerica\/#organization","name":"麻豆原创","url":"https:\/\/news.sap.com\/latinamerica\/","logo":{"@type":"ImageObject","inLanguage":"es","@id":"https:\/\/news.sap.com\/latinamerica\/#\/schema\/logo\/image\/","url":"https:\/\/news.sap.com\/latinamerica\/files\/2019\/08\/65903320_2903797569662914_557886358778019840_n.png","contentUrl":"https:\/\/news.sap.com\/latinamerica\/files\/2019\/08\/65903320_2903797569662914_557886358778019840_n.png","width":720,"height":720,"caption":"麻豆原创"},"image":{"@id":"https:\/\/news.sap.com\/latinamerica\/#\/schema\/logo\/image\/"},"sameAs":["https:\/\/www.facebook.com\/麻豆原创latinoamerica","https:\/\/x.com\/麻豆原创LatinAmerica"]},{"@type":"Person","@id":"https:\/\/news.sap.com\/latinamerica\/#\/schema\/person\/f0708465b354b6d0314a360309edb00a","name":"麻豆原创 Noticias","image":{"@type":"ImageObject","inLanguage":"es","@id":"https:\/\/news.sap.com\/latinamerica\/#\/schema\/person\/image\/","url":"https:\/\/news.sap.com\/latinamerica\/wp-content\/plugins\/wp-user-avatars\/wp-user-avatars\/assets\/images\/mystery.jpg","contentUrl":"https:\/\/news.sap.com\/latinamerica\/wp-content\/plugins\/wp-user-avatars\/wp-user-avatars\/assets\/images\/mystery.jpg","caption":"麻豆原创 Noticias"},"url":"https:\/\/news.sap.com\/latinamerica\/author\/argentina\/"}]}},"amp_enabled":true,"_links":{"self":[{"href":"https:\/\/news.sap.com\/latinamerica\/wp-json\/wp\/v2\/posts\/127458","targetHints":{"allow":["GET"]}}],"collection":[{"href":"https:\/\/news.sap.com\/latinamerica\/wp-json\/wp\/v2\/posts"}],"about":[{"href":"https:\/\/news.sap.com\/latinamerica\/wp-json\/wp\/v2\/types\/post"}],"author":[{"embeddable":true,"href":"https:\/\/news.sap.com\/latinamerica\/wp-json\/wp\/v2\/users\/140"}],"replies":[{"embeddable":true,"href":"https:\/\/news.sap.com\/latinamerica\/wp-json\/wp\/v2\/comments?post=127458"}],"version-history":[{"count":0,"href":"https:\/\/news.sap.com\/latinamerica\/wp-json\/wp\/v2\/posts\/127458\/revisions"}],"wp:featuredmedia":[{"embeddable":true,"href":"https:\/\/news.sap.com\/latinamerica\/wp-json\/wp\/v2\/media\/127462"}],"wp:attachment":[{"href":"https:\/\/news.sap.com\/latinamerica\/wp-json\/wp\/v2\/media?parent=127458"}],"wp:term":[{"taxonomy":"category","embeddable":true,"href":"https:\/\/news.sap.com\/latinamerica\/wp-json\/wp\/v2\/categories?post=127458"},{"taxonomy":"post_tag","embeddable":true,"href":"https:\/\/news.sap.com\/latinamerica\/wp-json\/wp\/v2\/tags?post=127458"},{"taxonomy":"series","embeddable":true,"href":"https:\/\/news.sap.com\/latinamerica\/wp-json\/wp\/v2\/series?post=127458"},{"taxonomy":"region","embeddable":true,"href":"https:\/\/news.sap.com\/latinamerica\/wp-json\/wp\/v2\/region?post=127458"},{"taxonomy":"sapn-display","embeddable":true,"href":"https:\/\/news.sap.com\/latinamerica\/wp-json\/wp\/v2\/sapn-display?post=127458"},{"taxonomy":"sapn-type","embeddable":true,"href":"https:\/\/news.sap.com\/latinamerica\/wp-json\/wp\/v2\/sapn-type?post=127458"}],"curies":[{"name":"wp","href":"https:\/\/api.w.org\/{rel}","templated":true}]}}