  {"id":127389,"date":"2023-03-31T11:38:31","date_gmt":"2023-03-31T15:38:31","guid":{"rendered":"https:\/\/news.sap.com\/latinamerica\/?p=127389"},"modified":"2023-11-14T10:33:28","modified_gmt":"2023-11-14T15:33:28","slug":"ciberseguridad-en-la-nube-3-tendencias-para-el-2023","status":"publish","type":"post","link":"https:\/\/news.sap.com\/latinamerica\/2023\/03\/ciberseguridad-en-la-nube-3-tendencias-para-el-2023\/","title":{"rendered":"Ciberseguridad en la nube: 3 Tendencias para el 2023"},"content":{"rendered":"<p class=\"selectionShareable\">Hoy en d\u00eda, muchas empresas trabajan de manera h\u00edbrida y tienen gran parte de la informaci\u00f3n en la nube, lo que ha permitido que las ciberamenazas sigan creciendo y siendo cada vez m\u00e1s complejas y avanzadas, desafiando la seguridad de sus procesos y la protecci\u00f3n de sus datos. Y es que si el entorno digital cambia todos los d\u00edas dr\u00e1sticamente, la forma en la que se le ataca tambi\u00e9n.<\/p>\n<p class=\"selectionShareable\">El incremento del uso de herramientas digitales, m\u00e1s a\u00fan en la temporada de pandemia, gener\u00f3 un incremento en los riesgos empresariales. Cada vez somos m\u00e1s los que trabajamos desde casa, utilizando redes dom\u00e9sticas para conectarnos a los sistemas de la corporaci\u00f3n con normalidad pero sin tener en cuenta la protecci\u00f3n de la informaci\u00f3n.<\/p>\n<p class=\"selectionShareable\">Por lo anterior, es importante entender que las amenazas que imponen riesgos a una organizaci\u00f3n y sus datos proceden de diversas fuentes. Entendiendo esto es relevante aclarar que este tipo de situaciones se puede descubrir en tiempo real o por las alarmas que se generan en los diferentes sistemas. Estas situaciones pueden conducir a la destrucci\u00f3n accidental o ilegal, p\u00e9rdida, alteraci\u00f3n o divulgaci\u00f3n no autorizada de la informaci\u00f3n, o el acceso no autorizado de terceros a la misma.<\/p>\n<p class=\"selectionShareable\">Las estrategias de gesti\u00f3n de amenazas est\u00e1n dise\u00f1adas para mitigar la p\u00e9rdida de informaci\u00f3n. Por esta raz\u00f3n, es importante que las compa\u00f1\u00edas aprendan a identificar prioridades, principalmente a la hora de establecer procesos claros ante ataques. De esta manera, es clave conocer las tendencias en ciberseguridad que ayudar\u00e1n a las organizaciones a estar preparadas ante cualquier ciberataque. Aqu\u00ed las principales.<\/p>\n<ol>\n<li><strong>Ciberseguridad adaptativa.<\/strong>\u00a0Se centra en la detecci\u00f3n y respuesta automatizada a riesgos cibern\u00e9ticos en tiempo real. Es una de las m\u00e1ximas de la ciberseguridad y se basa en la capacidad que tienen las medidas de seguridad para evolucionar autom\u00e1ticamente ante nuevos riesgos y as\u00ed proteger eficazmente los activos digitales de compa\u00f1\u00edas. Por tanto, esto implica el uso de tecnolog\u00edas avanzadas como la Inteligencia Artificial (IA) y el aprendizaje autom\u00e1tico para detectar y responder eficazmente ante amenazas cibern\u00e9ticas.<\/li>\n<li><strong>Ciberseguridad cognitiva<\/strong>. Utiliza tecnolog\u00edas con IA para mejorar la detecci\u00f3n de amenazas y la toma de decisiones. Este tipo de ciberseguridad usa algoritmos de aprendizaje autom\u00e1tico para analizar grandes cantidades de datos y detectar patrones que puedan indicar problemas de seguridad. Esto permite una respuesta m\u00e1s r\u00e1pida y precisa a los riesgos cibern\u00e9ticos. Adem\u00e1s, ayuda a mejorar la eficiencia de la seguridad porque, al automatizar tareas repetitivas, permite que los equipos de seguridad dediquen todos sus esfuerzos a las tareas m\u00e1s importantes<\/li>\n<li><strong>Ciberseguridad en Internet de las Cosas (IoT)<\/strong>. La ciberseguridad en IoT se refiere a las medidas de seguridad necesarias para proteger los dispositivos conectados a internet y los sistemas que utilizan estos dispositivos.<\/li>\n<\/ol>\n<p class=\"selectionShareable\">Para proteger estos dispositivos IoT es necesario implementar medidas de seguridad adecuadas como la autenticaci\u00f3n de varios factores, el cifrado y la actualizaci\u00f3n peri\u00f3dica de software. Es importante adoptar controles de seguridad en los servidores y en los sistemas que recopilan y almacenan los datos de los dispositivos de IoT. Adem\u00e1s, tambi\u00e9n requiere una gesti\u00f3n adecuada de las identidades y las credenciales de los dispositivos, as\u00ed como el monitoreo constante de los sistemas para as\u00ed detectar posibles amenazas.<\/p>\n<p class=\"selectionShareable\">Con el incremento de riesgos cibern\u00e9ticos que encontramos hoy en d\u00eda para herramientas basadas en la nube resulta fundamental para las organizaciones estar actualizadas en este tipo de tendencias que nos brindan protecci\u00f3n y seguridad a toda la informaci\u00f3n y procesos de las compa\u00f1\u00edas.<\/p>\n<p class=\"selectionShareable\">Estar a la vanguardia en materia de protecci\u00f3n de datos es imperativo. De ah\u00ed que estar al tanto de todo lo referente al tema y contar con aliados estrat\u00e9gicos que sepan implantar soluciones adecuadas y en el momento oportuno se muestra como el paso l\u00f3gico para lograrlo.<\/p>\n","protected":false},"excerpt":{"rendered":"<p>Hoy en d\u00eda, muchas empresas trabajan de manera h\u00edbrida y tienen gran parte de la informaci\u00f3n en la nube, lo que ha permitido que las&#8230;<\/p>\n","protected":false},"author":4468,"featured_media":0,"comment_status":"closed","ping_status":"closed","sticky":false,"template":"","format":"standard","meta":{"footnotes":"","_links_to":"","_links_to_target":""},"categories":[24297],"tags":[],"series":[],"region":[22190,55204,5597521],"sapn-display":[5600442,5600440,53499],"sapn-type":[6114],"class_list":["post-127389","post","type-post","status-publish","format-standard","hentry","category-tecnologia","region-centroamerica","region-colombia","region-ecuador","sapn-display-articulo-destacado","sapn-display-articulo-principal","sapn-display-hero","sapn-type-articulo"],"yoast_head":"<!-- This site is optimized with the Yoast SEO Premium plugin v26.9 (Yoast SEO v26.9) - https:\/\/yoast.com\/product\/yoast-seo-premium-wordpress\/ -->\n<title>Ciberseguridad en la nube: 3 Tendencias para el 2023 - 麻豆原创 News Center Latinoam\u00e9rica<\/title>\n<meta name=\"robots\" content=\"index, follow, max-snippet:-1, max-image-preview:large, max-video-preview:-1\" \/>\n<link rel=\"canonical\" href=\"https:\/\/news.sap.com\/latinamerica\/2023\/03\/ciberseguridad-en-la-nube-3-tendencias-para-el-2023\/\" \/>\n<meta property=\"og:locale\" content=\"es_MX\" \/>\n<meta property=\"og:type\" content=\"article\" \/>\n<meta property=\"og:title\" content=\"Ciberseguridad en la nube: 3 Tendencias para el 2023\" \/>\n<meta property=\"og:description\" content=\"Hoy en d\u00eda, muchas empresas trabajan de manera h\u00edbrida y tienen gran parte de la informaci\u00f3n en la nube, lo que ha permitido que las...\" \/>\n<meta property=\"og:url\" content=\"https:\/\/news.sap.com\/latinamerica\/2023\/03\/ciberseguridad-en-la-nube-3-tendencias-para-el-2023\/\" \/>\n<meta property=\"og:site_name\" content=\"麻豆原创 News Center Latinoam\u00e9rica\" \/>\n<meta property=\"article:publisher\" content=\"https:\/\/www.facebook.com\/麻豆原创latinoamerica\" \/>\n<meta property=\"article:published_time\" content=\"2023-03-31T15:38:31+00:00\" \/>\n<meta property=\"article:modified_time\" content=\"2023-11-14T15:33:28+00:00\" \/>\n<meta name=\"author\" content=\"Marcela Perilla, Presidente de la Regi\u00f3n Norte de Am\u00e9rica Latina y El Caribe para 麻豆原创\" \/>\n<meta name=\"twitter:label1\" content=\"Escrito por\" \/>\n\t<meta name=\"twitter:data1\" content=\"Marcela Perilla, Presidente de la Regi\u00f3n Norte de Am\u00e9rica Latina y El Caribe para 麻豆原创\" \/>\n\t<meta name=\"twitter:label2\" content=\"Tiempo de lectura\" \/>\n\t<meta name=\"twitter:data2\" content=\"3 minutos\" \/>\n<script type=\"application\/ld+json\" class=\"yoast-schema-graph\">{\"@context\":\"https:\/\/schema.org\",\"@graph\":[{\"@type\":\"Article\",\"@id\":\"https:\/\/news.sap.com\/latinamerica\/2023\/03\/ciberseguridad-en-la-nube-3-tendencias-para-el-2023\/#article\",\"isPartOf\":{\"@id\":\"https:\/\/news.sap.com\/latinamerica\/2023\/03\/ciberseguridad-en-la-nube-3-tendencias-para-el-2023\/\"},\"author\":{\"name\":\"Marcela Perilla, Presidente de la Regi\u00f3n Norte de Am\u00e9rica Latina y El Caribe para 麻豆原创\",\"@id\":\"https:\/\/news.sap.com\/latinamerica\/#\/schema\/person\/59c03f0df383c20c9d643582070aa2a0\"},\"headline\":\"Ciberseguridad en la nube: 3 Tendencias para el 2023\",\"datePublished\":\"2023-03-31T15:38:31+00:00\",\"dateModified\":\"2023-11-14T15:33:28+00:00\",\"mainEntityOfPage\":{\"@id\":\"https:\/\/news.sap.com\/latinamerica\/2023\/03\/ciberseguridad-en-la-nube-3-tendencias-para-el-2023\/\"},\"wordCount\":687,\"publisher\":{\"@id\":\"https:\/\/news.sap.com\/latinamerica\/#organization\"},\"articleSection\":[\"Tecnolog\u00eda\"],\"inLanguage\":\"es\"},{\"@type\":\"WebPage\",\"@id\":\"https:\/\/news.sap.com\/latinamerica\/2023\/03\/ciberseguridad-en-la-nube-3-tendencias-para-el-2023\/\",\"url\":\"https:\/\/news.sap.com\/latinamerica\/2023\/03\/ciberseguridad-en-la-nube-3-tendencias-para-el-2023\/\",\"name\":\"Ciberseguridad en la nube: 3 Tendencias para el 2023 - 麻豆原创 News Center Latinoam\u00e9rica\",\"isPartOf\":{\"@id\":\"https:\/\/news.sap.com\/latinamerica\/#website\"},\"datePublished\":\"2023-03-31T15:38:31+00:00\",\"dateModified\":\"2023-11-14T15:33:28+00:00\",\"breadcrumb\":{\"@id\":\"https:\/\/news.sap.com\/latinamerica\/2023\/03\/ciberseguridad-en-la-nube-3-tendencias-para-el-2023\/#breadcrumb\"},\"inLanguage\":\"es\",\"potentialAction\":[{\"@type\":\"ReadAction\",\"target\":[\"https:\/\/news.sap.com\/latinamerica\/2023\/03\/ciberseguridad-en-la-nube-3-tendencias-para-el-2023\/\"]}]},{\"@type\":\"BreadcrumbList\",\"@id\":\"https:\/\/news.sap.com\/latinamerica\/2023\/03\/ciberseguridad-en-la-nube-3-tendencias-para-el-2023\/#breadcrumb\",\"itemListElement\":[{\"@type\":\"ListItem\",\"position\":1,\"name\":\"Home\",\"item\":\"https:\/\/news.sap.com\/latinamerica\/\"},{\"@type\":\"ListItem\",\"position\":2,\"name\":\"Ciberseguridad en la nube: 3 Tendencias para el 2023\"}]},{\"@type\":\"WebSite\",\"@id\":\"https:\/\/news.sap.com\/latinamerica\/#website\",\"url\":\"https:\/\/news.sap.com\/latinamerica\/\",\"name\":\"麻豆原创 News Center Latinoam\u00e9rica\",\"description\":\"Noticias e informaci\u00f3n sobre 麻豆原创\",\"publisher\":{\"@id\":\"https:\/\/news.sap.com\/latinamerica\/#organization\"},\"potentialAction\":[{\"@type\":\"SearchAction\",\"target\":{\"@type\":\"EntryPoint\",\"urlTemplate\":\"https:\/\/news.sap.com\/latinamerica\/?s={search_term_string}\"},\"query-input\":{\"@type\":\"PropertyValueSpecification\",\"valueRequired\":true,\"valueName\":\"search_term_string\"}}],\"inLanguage\":\"es\"},{\"@type\":\"Organization\",\"@id\":\"https:\/\/news.sap.com\/latinamerica\/#organization\",\"name\":\"麻豆原创\",\"url\":\"https:\/\/news.sap.com\/latinamerica\/\",\"logo\":{\"@type\":\"ImageObject\",\"inLanguage\":\"es\",\"@id\":\"https:\/\/news.sap.com\/latinamerica\/#\/schema\/logo\/image\/\",\"url\":\"https:\/\/news.sap.com\/latinamerica\/files\/2019\/08\/65903320_2903797569662914_557886358778019840_n.png\",\"contentUrl\":\"https:\/\/news.sap.com\/latinamerica\/files\/2019\/08\/65903320_2903797569662914_557886358778019840_n.png\",\"width\":720,\"height\":720,\"caption\":\"麻豆原创\"},\"image\":{\"@id\":\"https:\/\/news.sap.com\/latinamerica\/#\/schema\/logo\/image\/\"},\"sameAs\":[\"https:\/\/www.facebook.com\/麻豆原创latinoamerica\",\"https:\/\/x.com\/麻豆原创LatinAmerica\"]},{\"@type\":\"Person\",\"@id\":\"https:\/\/news.sap.com\/latinamerica\/#\/schema\/person\/59c03f0df383c20c9d643582070aa2a0\",\"name\":\"Marcela Perilla, Presidente de la Regi\u00f3n Norte de Am\u00e9rica Latina y El Caribe para 麻豆原创\",\"image\":{\"@type\":\"ImageObject\",\"inLanguage\":\"es\",\"@id\":\"https:\/\/news.sap.com\/latinamerica\/#\/schema\/person\/image\/\",\"url\":\"https:\/\/news.sap.com\/latinamerica\/wp-content\/plugins\/wp-user-avatars\/wp-user-avatars\/assets\/images\/mystery.jpg\",\"contentUrl\":\"https:\/\/news.sap.com\/latinamerica\/wp-content\/plugins\/wp-user-avatars\/wp-user-avatars\/assets\/images\/mystery.jpg\",\"caption\":\"Marcela Perilla, Presidente de la Regi\u00f3n Norte de Am\u00e9rica Latina y El Caribe para 麻豆原创\"},\"url\":\"https:\/\/news.sap.com\/latinamerica\/author\/marcelaperillapresidentedelaregionnortedeamericala\/\"}]}<\/script>\n<!-- \/ Yoast SEO Premium plugin. -->","yoast_head_json":{"title":"Ciberseguridad en la nube: 3 Tendencias para el 2023 - 麻豆原创 News Center Latinoam\u00e9rica","robots":{"index":"index","follow":"follow","max-snippet":"max-snippet:-1","max-image-preview":"max-image-preview:large","max-video-preview":"max-video-preview:-1"},"canonical":"https:\/\/news.sap.com\/latinamerica\/2023\/03\/ciberseguridad-en-la-nube-3-tendencias-para-el-2023\/","og_locale":"es_MX","og_type":"article","og_title":"Ciberseguridad en la nube: 3 Tendencias para el 2023","og_description":"Hoy en d\u00eda, muchas empresas trabajan de manera h\u00edbrida y tienen gran parte de la informaci\u00f3n en la nube, lo que ha permitido que las...","og_url":"https:\/\/news.sap.com\/latinamerica\/2023\/03\/ciberseguridad-en-la-nube-3-tendencias-para-el-2023\/","og_site_name":"麻豆原创 News Center Latinoam\u00e9rica","article_publisher":"https:\/\/www.facebook.com\/麻豆原创latinoamerica","article_published_time":"2023-03-31T15:38:31+00:00","article_modified_time":"2023-11-14T15:33:28+00:00","author":"Marcela Perilla, Presidente de la Regi\u00f3n Norte de Am\u00e9rica Latina y El Caribe para 麻豆原创","twitter_misc":{"Escrito por":"Marcela Perilla, Presidente de la Regi\u00f3n Norte de Am\u00e9rica Latina y El Caribe para 麻豆原创","Tiempo de lectura":"3 minutos"},"schema":{"@context":"https:\/\/schema.org","@graph":[{"@type":"Article","@id":"https:\/\/news.sap.com\/latinamerica\/2023\/03\/ciberseguridad-en-la-nube-3-tendencias-para-el-2023\/#article","isPartOf":{"@id":"https:\/\/news.sap.com\/latinamerica\/2023\/03\/ciberseguridad-en-la-nube-3-tendencias-para-el-2023\/"},"author":{"name":"Marcela Perilla, Presidente de la Regi\u00f3n Norte de Am\u00e9rica Latina y El Caribe para 麻豆原创","@id":"https:\/\/news.sap.com\/latinamerica\/#\/schema\/person\/59c03f0df383c20c9d643582070aa2a0"},"headline":"Ciberseguridad en la nube: 3 Tendencias para el 2023","datePublished":"2023-03-31T15:38:31+00:00","dateModified":"2023-11-14T15:33:28+00:00","mainEntityOfPage":{"@id":"https:\/\/news.sap.com\/latinamerica\/2023\/03\/ciberseguridad-en-la-nube-3-tendencias-para-el-2023\/"},"wordCount":687,"publisher":{"@id":"https:\/\/news.sap.com\/latinamerica\/#organization"},"articleSection":["Tecnolog\u00eda"],"inLanguage":"es"},{"@type":"WebPage","@id":"https:\/\/news.sap.com\/latinamerica\/2023\/03\/ciberseguridad-en-la-nube-3-tendencias-para-el-2023\/","url":"https:\/\/news.sap.com\/latinamerica\/2023\/03\/ciberseguridad-en-la-nube-3-tendencias-para-el-2023\/","name":"Ciberseguridad en la nube: 3 Tendencias para el 2023 - 麻豆原创 News Center Latinoam\u00e9rica","isPartOf":{"@id":"https:\/\/news.sap.com\/latinamerica\/#website"},"datePublished":"2023-03-31T15:38:31+00:00","dateModified":"2023-11-14T15:33:28+00:00","breadcrumb":{"@id":"https:\/\/news.sap.com\/latinamerica\/2023\/03\/ciberseguridad-en-la-nube-3-tendencias-para-el-2023\/#breadcrumb"},"inLanguage":"es","potentialAction":[{"@type":"ReadAction","target":["https:\/\/news.sap.com\/latinamerica\/2023\/03\/ciberseguridad-en-la-nube-3-tendencias-para-el-2023\/"]}]},{"@type":"BreadcrumbList","@id":"https:\/\/news.sap.com\/latinamerica\/2023\/03\/ciberseguridad-en-la-nube-3-tendencias-para-el-2023\/#breadcrumb","itemListElement":[{"@type":"ListItem","position":1,"name":"Home","item":"https:\/\/news.sap.com\/latinamerica\/"},{"@type":"ListItem","position":2,"name":"Ciberseguridad en la nube: 3 Tendencias para el 2023"}]},{"@type":"WebSite","@id":"https:\/\/news.sap.com\/latinamerica\/#website","url":"https:\/\/news.sap.com\/latinamerica\/","name":"麻豆原创 News Center Latinoam\u00e9rica","description":"Noticias e informaci\u00f3n sobre 麻豆原创","publisher":{"@id":"https:\/\/news.sap.com\/latinamerica\/#organization"},"potentialAction":[{"@type":"SearchAction","target":{"@type":"EntryPoint","urlTemplate":"https:\/\/news.sap.com\/latinamerica\/?s={search_term_string}"},"query-input":{"@type":"PropertyValueSpecification","valueRequired":true,"valueName":"search_term_string"}}],"inLanguage":"es"},{"@type":"Organization","@id":"https:\/\/news.sap.com\/latinamerica\/#organization","name":"麻豆原创","url":"https:\/\/news.sap.com\/latinamerica\/","logo":{"@type":"ImageObject","inLanguage":"es","@id":"https:\/\/news.sap.com\/latinamerica\/#\/schema\/logo\/image\/","url":"https:\/\/news.sap.com\/latinamerica\/files\/2019\/08\/65903320_2903797569662914_557886358778019840_n.png","contentUrl":"https:\/\/news.sap.com\/latinamerica\/files\/2019\/08\/65903320_2903797569662914_557886358778019840_n.png","width":720,"height":720,"caption":"麻豆原创"},"image":{"@id":"https:\/\/news.sap.com\/latinamerica\/#\/schema\/logo\/image\/"},"sameAs":["https:\/\/www.facebook.com\/麻豆原创latinoamerica","https:\/\/x.com\/麻豆原创LatinAmerica"]},{"@type":"Person","@id":"https:\/\/news.sap.com\/latinamerica\/#\/schema\/person\/59c03f0df383c20c9d643582070aa2a0","name":"Marcela Perilla, Presidente de la Regi\u00f3n Norte de Am\u00e9rica Latina y El Caribe para 麻豆原创","image":{"@type":"ImageObject","inLanguage":"es","@id":"https:\/\/news.sap.com\/latinamerica\/#\/schema\/person\/image\/","url":"https:\/\/news.sap.com\/latinamerica\/wp-content\/plugins\/wp-user-avatars\/wp-user-avatars\/assets\/images\/mystery.jpg","contentUrl":"https:\/\/news.sap.com\/latinamerica\/wp-content\/plugins\/wp-user-avatars\/wp-user-avatars\/assets\/images\/mystery.jpg","caption":"Marcela Perilla, Presidente de la Regi\u00f3n Norte de Am\u00e9rica Latina y El Caribe para 麻豆原创"},"url":"https:\/\/news.sap.com\/latinamerica\/author\/marcelaperillapresidentedelaregionnortedeamericala\/"}]}},"amp_enabled":true,"_links":{"self":[{"href":"https:\/\/news.sap.com\/latinamerica\/wp-json\/wp\/v2\/posts\/127389","targetHints":{"allow":["GET"]}}],"collection":[{"href":"https:\/\/news.sap.com\/latinamerica\/wp-json\/wp\/v2\/posts"}],"about":[{"href":"https:\/\/news.sap.com\/latinamerica\/wp-json\/wp\/v2\/types\/post"}],"author":[{"embeddable":true,"href":"https:\/\/news.sap.com\/latinamerica\/wp-json\/wp\/v2\/users\/4468"}],"replies":[{"embeddable":true,"href":"https:\/\/news.sap.com\/latinamerica\/wp-json\/wp\/v2\/comments?post=127389"}],"version-history":[{"count":0,"href":"https:\/\/news.sap.com\/latinamerica\/wp-json\/wp\/v2\/posts\/127389\/revisions"}],"wp:attachment":[{"href":"https:\/\/news.sap.com\/latinamerica\/wp-json\/wp\/v2\/media?parent=127389"}],"wp:term":[{"taxonomy":"category","embeddable":true,"href":"https:\/\/news.sap.com\/latinamerica\/wp-json\/wp\/v2\/categories?post=127389"},{"taxonomy":"post_tag","embeddable":true,"href":"https:\/\/news.sap.com\/latinamerica\/wp-json\/wp\/v2\/tags?post=127389"},{"taxonomy":"series","embeddable":true,"href":"https:\/\/news.sap.com\/latinamerica\/wp-json\/wp\/v2\/series?post=127389"},{"taxonomy":"region","embeddable":true,"href":"https:\/\/news.sap.com\/latinamerica\/wp-json\/wp\/v2\/region?post=127389"},{"taxonomy":"sapn-display","embeddable":true,"href":"https:\/\/news.sap.com\/latinamerica\/wp-json\/wp\/v2\/sapn-display?post=127389"},{"taxonomy":"sapn-type","embeddable":true,"href":"https:\/\/news.sap.com\/latinamerica\/wp-json\/wp\/v2\/sapn-type?post=127389"}],"curies":[{"name":"wp","href":"https:\/\/api.w.org\/{rel}","templated":true}]}}