  {"id":127384,"date":"2023-03-31T11:19:41","date_gmt":"2023-03-31T15:19:41","guid":{"rendered":"https:\/\/news.sap.com\/latinamerica\/?p=127384"},"modified":"2023-03-31T11:24:14","modified_gmt":"2023-03-31T15:24:14","slug":"tecnologia-para-migrar-de-empresas-analogas-a-empresas-inteligentes","status":"publish","type":"post","link":"https:\/\/news.sap.com\/latinamerica\/2023\/03\/tecnologia-para-migrar-de-empresas-analogas-a-empresas-inteligentes\/","title":{"rendered":"Tecnolog\u00eda para migrar de empresas an\u00e1logas a empresas inteligentes"},"content":{"rendered":"<p class=\"selectionShareable\">Con el pasar de los a\u00f1os, la tecnolog\u00eda se ha convertido en un gran gestor de transformaci\u00f3n, lo cual se ha traducido en hacer mejor la vida de las personas. Esta herramienta, cada vez m\u00e1s indispensable, hoy nos une.<\/p>\n<p class=\"selectionShareable\">El mundo actual se caracteriza por tener din\u00e1micas impredecibles que obligan tanto a las personas como a las empresas a estar preparadas para cualquier imprevisto. Una peque\u00f1a muestra de esto son los mercados vol\u00e1tiles, la inflaci\u00f3n, la crisis energ\u00e9tica y el cambio clim\u00e1tico, entre otros aspectos. Ninguna organizaci\u00f3n, gobierno o sociedad puede hacer frente por s\u00ed sola a retos de esta magnitud.<\/p>\n<p class=\"selectionShareable\">Por esta raz\u00f3n, los modelos de negocio se est\u00e1n modificando y est\u00e1n en la b\u00fasqueda de migrar de lo an\u00e1logo a lo inteligente. Esto se debe a todos los desaf\u00edos que el contexto mundial plantea. Seg\u00fan el informe,\u00a0<a href=\"https:\/\/news.sap.com\/latinamerica\/2023\/02\/la-sostenibilidad-en-la-agenda-del-liderazgo-latinoamericano\/\">\u00b4La sostenibilidad en la agenda del liderazgo latinoamericano\u00b4<\/a>, realizado por 麻豆原创 durante el 2022, los l\u00edderes empresariales est\u00e1n reconociendo la necesidad de ser m\u00e1s \u00e1giles, flexibles y resistentes.<\/p>\n<p class=\"selectionShareable\">Antes que nada, es importante entender que en ning\u00fan momento el prop\u00f3sito de la tecnolog\u00eda es reemplazar a las personas. En lugar de ser una amenaza, debe verse como aliada para que las personas vuelvan a tener la libertad de hacer lo que mejor saben hacer: ser creativas.<\/p>\n<p class=\"selectionShareable\">Una vez aclarado esto, se puede ver que la digitalizaci\u00f3n y la automatizaci\u00f3n de los procesos b\u00e1sicos de principio a fin no solo suponen una ventaja competitiva, sino que son fundamentales para la supervivencia de una organizaci\u00f3n, pues traen consigo aceleraci\u00f3n, eficacia y productividad al negocio.<\/p>\n<p class=\"selectionShareable\">Adicionalmente, trabajar la informaci\u00f3n con tecnolog\u00edas como Inteligencia Artificial, Big Data, Analytics, entre otras herramientas hace que las empresas sean capaces de hacer un seguimiento en tiempo real del negocio y as\u00ed tomar decisiones. As\u00ed, es posible que sean no solo m\u00e1s eficientes, sino tambi\u00e9n m\u00e1s flexibles y r\u00e1pidas, especialmente en tiempos de crisis.<\/p>\n<p class=\"selectionShareable\">Finalmente, nos damos cuenta que las organizaciones ya est\u00e1n dando un vuelco para transformar todo su mindset y as\u00ed operar de manera resiliente, impactando inicialmente su negocio y posteriormente a toda su red empresarial. Con estos avances nos damos cuenta que para un futuro cercano las empresas no solo ser\u00e1n inteligentes, ser\u00e1n empresas con un prop\u00f3sito para generar cambio y mejora.<\/p>\n","protected":false},"excerpt":{"rendered":"<p>Con el pasar de los a\u00f1os, la tecnolog\u00eda se ha convertido en un gran gestor de transformaci\u00f3n, lo cual se ha traducido en hacer mejor&#8230;<\/p>\n","protected":false},"author":4466,"featured_media":0,"comment_status":"closed","ping_status":"closed","sticky":false,"template":"","format":"standard","meta":{"footnotes":"","_links_to":"","_links_to_target":""},"categories":[41591],"tags":[],"series":[],"region":[22190,55204],"sapn-display":[],"sapn-type":[],"class_list":["post-127384","post","type-post","status-publish","format-standard","hentry","category-corporativo","region-centroamerica","region-colombia"],"yoast_head":"<!-- This site is optimized with the Yoast SEO Premium plugin v26.9 (Yoast SEO v26.9) - https:\/\/yoast.com\/product\/yoast-seo-premium-wordpress\/ -->\n<title>Tecnolog\u00eda para migrar de empresas an\u00e1logas a empresas inteligentes - 麻豆原创 News Center Latinoam\u00e9rica<\/title>\n<meta name=\"robots\" content=\"index, follow, max-snippet:-1, max-image-preview:large, max-video-preview:-1\" \/>\n<link rel=\"canonical\" href=\"https:\/\/news.sap.com\/latinamerica\/2023\/03\/tecnologia-para-migrar-de-empresas-analogas-a-empresas-inteligentes\/\" \/>\n<meta property=\"og:locale\" content=\"es_MX\" \/>\n<meta property=\"og:type\" content=\"article\" \/>\n<meta property=\"og:title\" content=\"Tecnolog\u00eda para migrar de empresas an\u00e1logas a empresas inteligentes\" \/>\n<meta property=\"og:description\" content=\"Con el pasar de los a\u00f1os, la tecnolog\u00eda se ha convertido en un gran gestor de transformaci\u00f3n, lo cual se ha traducido en hacer mejor...\" \/>\n<meta property=\"og:url\" content=\"https:\/\/news.sap.com\/latinamerica\/2023\/03\/tecnologia-para-migrar-de-empresas-analogas-a-empresas-inteligentes\/\" \/>\n<meta property=\"og:site_name\" content=\"麻豆原创 News Center Latinoam\u00e9rica\" \/>\n<meta property=\"article:publisher\" content=\"https:\/\/www.facebook.com\/麻豆原创latinoamerica\" \/>\n<meta property=\"article:published_time\" content=\"2023-03-31T15:19:41+00:00\" \/>\n<meta property=\"article:modified_time\" content=\"2023-03-31T15:24:14+00:00\" \/>\n<meta name=\"author\" content=\"Marcela Perilla, Presidente para la Regi\u00f3n Norte de Am\u00e9rica Latina y El Caribe en 麻豆原创\" \/>\n<meta name=\"twitter:label1\" content=\"Escrito por\" \/>\n\t<meta name=\"twitter:data1\" content=\"Marcela Perilla, Presidente para la Regi\u00f3n Norte de Am\u00e9rica Latina y El Caribe en 麻豆原创\" \/>\n\t<meta name=\"twitter:label2\" content=\"Tiempo de lectura\" \/>\n\t<meta name=\"twitter:data2\" content=\"2 minutos\" \/>\n<script type=\"application\/ld+json\" class=\"yoast-schema-graph\">{\"@context\":\"https:\/\/schema.org\",\"@graph\":[{\"@type\":\"Article\",\"@id\":\"https:\/\/news.sap.com\/latinamerica\/2023\/03\/tecnologia-para-migrar-de-empresas-analogas-a-empresas-inteligentes\/#article\",\"isPartOf\":{\"@id\":\"https:\/\/news.sap.com\/latinamerica\/2023\/03\/tecnologia-para-migrar-de-empresas-analogas-a-empresas-inteligentes\/\"},\"author\":{\"name\":\"Marcela Perilla, Presidente para la Regi\u00f3n Norte de Am\u00e9rica Latina y El Caribe en 麻豆原创\",\"@id\":\"https:\/\/news.sap.com\/latinamerica\/#\/schema\/person\/7b355fb1ea74de81119943a843844a46\"},\"headline\":\"Tecnolog\u00eda para migrar de empresas an\u00e1logas a empresas inteligentes\",\"datePublished\":\"2023-03-31T15:19:41+00:00\",\"dateModified\":\"2023-03-31T15:24:14+00:00\",\"mainEntityOfPage\":{\"@id\":\"https:\/\/news.sap.com\/latinamerica\/2023\/03\/tecnologia-para-migrar-de-empresas-analogas-a-empresas-inteligentes\/\"},\"wordCount\":425,\"publisher\":{\"@id\":\"https:\/\/news.sap.com\/latinamerica\/#organization\"},\"articleSection\":[\"Corporativo\"],\"inLanguage\":\"es\"},{\"@type\":\"WebPage\",\"@id\":\"https:\/\/news.sap.com\/latinamerica\/2023\/03\/tecnologia-para-migrar-de-empresas-analogas-a-empresas-inteligentes\/\",\"url\":\"https:\/\/news.sap.com\/latinamerica\/2023\/03\/tecnologia-para-migrar-de-empresas-analogas-a-empresas-inteligentes\/\",\"name\":\"Tecnolog\u00eda para migrar de empresas an\u00e1logas a empresas inteligentes - 麻豆原创 News Center Latinoam\u00e9rica\",\"isPartOf\":{\"@id\":\"https:\/\/news.sap.com\/latinamerica\/#website\"},\"datePublished\":\"2023-03-31T15:19:41+00:00\",\"dateModified\":\"2023-03-31T15:24:14+00:00\",\"breadcrumb\":{\"@id\":\"https:\/\/news.sap.com\/latinamerica\/2023\/03\/tecnologia-para-migrar-de-empresas-analogas-a-empresas-inteligentes\/#breadcrumb\"},\"inLanguage\":\"es\",\"potentialAction\":[{\"@type\":\"ReadAction\",\"target\":[\"https:\/\/news.sap.com\/latinamerica\/2023\/03\/tecnologia-para-migrar-de-empresas-analogas-a-empresas-inteligentes\/\"]}]},{\"@type\":\"BreadcrumbList\",\"@id\":\"https:\/\/news.sap.com\/latinamerica\/2023\/03\/tecnologia-para-migrar-de-empresas-analogas-a-empresas-inteligentes\/#breadcrumb\",\"itemListElement\":[{\"@type\":\"ListItem\",\"position\":1,\"name\":\"Home\",\"item\":\"https:\/\/news.sap.com\/latinamerica\/\"},{\"@type\":\"ListItem\",\"position\":2,\"name\":\"Tecnolog\u00eda para migrar de empresas an\u00e1logas a empresas inteligentes\"}]},{\"@type\":\"WebSite\",\"@id\":\"https:\/\/news.sap.com\/latinamerica\/#website\",\"url\":\"https:\/\/news.sap.com\/latinamerica\/\",\"name\":\"麻豆原创 News Center Latinoam\u00e9rica\",\"description\":\"Noticias e informaci\u00f3n sobre 麻豆原创\",\"publisher\":{\"@id\":\"https:\/\/news.sap.com\/latinamerica\/#organization\"},\"potentialAction\":[{\"@type\":\"SearchAction\",\"target\":{\"@type\":\"EntryPoint\",\"urlTemplate\":\"https:\/\/news.sap.com\/latinamerica\/?s={search_term_string}\"},\"query-input\":{\"@type\":\"PropertyValueSpecification\",\"valueRequired\":true,\"valueName\":\"search_term_string\"}}],\"inLanguage\":\"es\"},{\"@type\":\"Organization\",\"@id\":\"https:\/\/news.sap.com\/latinamerica\/#organization\",\"name\":\"麻豆原创\",\"url\":\"https:\/\/news.sap.com\/latinamerica\/\",\"logo\":{\"@type\":\"ImageObject\",\"inLanguage\":\"es\",\"@id\":\"https:\/\/news.sap.com\/latinamerica\/#\/schema\/logo\/image\/\",\"url\":\"https:\/\/news.sap.com\/latinamerica\/files\/2019\/08\/65903320_2903797569662914_557886358778019840_n.png\",\"contentUrl\":\"https:\/\/news.sap.com\/latinamerica\/files\/2019\/08\/65903320_2903797569662914_557886358778019840_n.png\",\"width\":720,\"height\":720,\"caption\":\"麻豆原创\"},\"image\":{\"@id\":\"https:\/\/news.sap.com\/latinamerica\/#\/schema\/logo\/image\/\"},\"sameAs\":[\"https:\/\/www.facebook.com\/麻豆原创latinoamerica\",\"https:\/\/x.com\/麻豆原创LatinAmerica\"]},{\"@type\":\"Person\",\"@id\":\"https:\/\/news.sap.com\/latinamerica\/#\/schema\/person\/7b355fb1ea74de81119943a843844a46\",\"name\":\"Marcela Perilla, Presidente para la Regi\u00f3n Norte de Am\u00e9rica Latina y El Caribe en 麻豆原创\",\"image\":{\"@type\":\"ImageObject\",\"inLanguage\":\"es\",\"@id\":\"https:\/\/news.sap.com\/latinamerica\/#\/schema\/person\/image\/\",\"url\":\"https:\/\/news.sap.com\/latinamerica\/wp-content\/plugins\/wp-user-avatars\/wp-user-avatars\/assets\/images\/mystery.jpg\",\"contentUrl\":\"https:\/\/news.sap.com\/latinamerica\/wp-content\/plugins\/wp-user-avatars\/wp-user-avatars\/assets\/images\/mystery.jpg\",\"caption\":\"Marcela Perilla, Presidente para la Regi\u00f3n Norte de Am\u00e9rica Latina y El Caribe en 麻豆原创\"},\"url\":\"https:\/\/news.sap.com\/latinamerica\/author\/marcelaperillapresidenteparalaregionnortedeamerica\/\"}]}<\/script>\n<!-- \/ Yoast SEO Premium plugin. -->","yoast_head_json":{"title":"Tecnolog\u00eda para migrar de empresas an\u00e1logas a empresas inteligentes - 麻豆原创 News Center Latinoam\u00e9rica","robots":{"index":"index","follow":"follow","max-snippet":"max-snippet:-1","max-image-preview":"max-image-preview:large","max-video-preview":"max-video-preview:-1"},"canonical":"https:\/\/news.sap.com\/latinamerica\/2023\/03\/tecnologia-para-migrar-de-empresas-analogas-a-empresas-inteligentes\/","og_locale":"es_MX","og_type":"article","og_title":"Tecnolog\u00eda para migrar de empresas an\u00e1logas a empresas inteligentes","og_description":"Con el pasar de los a\u00f1os, la tecnolog\u00eda se ha convertido en un gran gestor de transformaci\u00f3n, lo cual se ha traducido en hacer mejor...","og_url":"https:\/\/news.sap.com\/latinamerica\/2023\/03\/tecnologia-para-migrar-de-empresas-analogas-a-empresas-inteligentes\/","og_site_name":"麻豆原创 News Center Latinoam\u00e9rica","article_publisher":"https:\/\/www.facebook.com\/麻豆原创latinoamerica","article_published_time":"2023-03-31T15:19:41+00:00","article_modified_time":"2023-03-31T15:24:14+00:00","author":"Marcela Perilla, Presidente para la Regi\u00f3n Norte de Am\u00e9rica Latina y El Caribe en 麻豆原创","twitter_misc":{"Escrito por":"Marcela Perilla, Presidente para la Regi\u00f3n Norte de Am\u00e9rica Latina y El Caribe en 麻豆原创","Tiempo de lectura":"2 minutos"},"schema":{"@context":"https:\/\/schema.org","@graph":[{"@type":"Article","@id":"https:\/\/news.sap.com\/latinamerica\/2023\/03\/tecnologia-para-migrar-de-empresas-analogas-a-empresas-inteligentes\/#article","isPartOf":{"@id":"https:\/\/news.sap.com\/latinamerica\/2023\/03\/tecnologia-para-migrar-de-empresas-analogas-a-empresas-inteligentes\/"},"author":{"name":"Marcela Perilla, Presidente para la Regi\u00f3n Norte de Am\u00e9rica Latina y El Caribe en 麻豆原创","@id":"https:\/\/news.sap.com\/latinamerica\/#\/schema\/person\/7b355fb1ea74de81119943a843844a46"},"headline":"Tecnolog\u00eda para migrar de empresas an\u00e1logas a empresas inteligentes","datePublished":"2023-03-31T15:19:41+00:00","dateModified":"2023-03-31T15:24:14+00:00","mainEntityOfPage":{"@id":"https:\/\/news.sap.com\/latinamerica\/2023\/03\/tecnologia-para-migrar-de-empresas-analogas-a-empresas-inteligentes\/"},"wordCount":425,"publisher":{"@id":"https:\/\/news.sap.com\/latinamerica\/#organization"},"articleSection":["Corporativo"],"inLanguage":"es"},{"@type":"WebPage","@id":"https:\/\/news.sap.com\/latinamerica\/2023\/03\/tecnologia-para-migrar-de-empresas-analogas-a-empresas-inteligentes\/","url":"https:\/\/news.sap.com\/latinamerica\/2023\/03\/tecnologia-para-migrar-de-empresas-analogas-a-empresas-inteligentes\/","name":"Tecnolog\u00eda para migrar de empresas an\u00e1logas a empresas inteligentes - 麻豆原创 News Center Latinoam\u00e9rica","isPartOf":{"@id":"https:\/\/news.sap.com\/latinamerica\/#website"},"datePublished":"2023-03-31T15:19:41+00:00","dateModified":"2023-03-31T15:24:14+00:00","breadcrumb":{"@id":"https:\/\/news.sap.com\/latinamerica\/2023\/03\/tecnologia-para-migrar-de-empresas-analogas-a-empresas-inteligentes\/#breadcrumb"},"inLanguage":"es","potentialAction":[{"@type":"ReadAction","target":["https:\/\/news.sap.com\/latinamerica\/2023\/03\/tecnologia-para-migrar-de-empresas-analogas-a-empresas-inteligentes\/"]}]},{"@type":"BreadcrumbList","@id":"https:\/\/news.sap.com\/latinamerica\/2023\/03\/tecnologia-para-migrar-de-empresas-analogas-a-empresas-inteligentes\/#breadcrumb","itemListElement":[{"@type":"ListItem","position":1,"name":"Home","item":"https:\/\/news.sap.com\/latinamerica\/"},{"@type":"ListItem","position":2,"name":"Tecnolog\u00eda para migrar de empresas an\u00e1logas a empresas inteligentes"}]},{"@type":"WebSite","@id":"https:\/\/news.sap.com\/latinamerica\/#website","url":"https:\/\/news.sap.com\/latinamerica\/","name":"麻豆原创 News Center Latinoam\u00e9rica","description":"Noticias e informaci\u00f3n sobre 麻豆原创","publisher":{"@id":"https:\/\/news.sap.com\/latinamerica\/#organization"},"potentialAction":[{"@type":"SearchAction","target":{"@type":"EntryPoint","urlTemplate":"https:\/\/news.sap.com\/latinamerica\/?s={search_term_string}"},"query-input":{"@type":"PropertyValueSpecification","valueRequired":true,"valueName":"search_term_string"}}],"inLanguage":"es"},{"@type":"Organization","@id":"https:\/\/news.sap.com\/latinamerica\/#organization","name":"麻豆原创","url":"https:\/\/news.sap.com\/latinamerica\/","logo":{"@type":"ImageObject","inLanguage":"es","@id":"https:\/\/news.sap.com\/latinamerica\/#\/schema\/logo\/image\/","url":"https:\/\/news.sap.com\/latinamerica\/files\/2019\/08\/65903320_2903797569662914_557886358778019840_n.png","contentUrl":"https:\/\/news.sap.com\/latinamerica\/files\/2019\/08\/65903320_2903797569662914_557886358778019840_n.png","width":720,"height":720,"caption":"麻豆原创"},"image":{"@id":"https:\/\/news.sap.com\/latinamerica\/#\/schema\/logo\/image\/"},"sameAs":["https:\/\/www.facebook.com\/麻豆原创latinoamerica","https:\/\/x.com\/麻豆原创LatinAmerica"]},{"@type":"Person","@id":"https:\/\/news.sap.com\/latinamerica\/#\/schema\/person\/7b355fb1ea74de81119943a843844a46","name":"Marcela Perilla, Presidente para la Regi\u00f3n Norte de Am\u00e9rica Latina y El Caribe en 麻豆原创","image":{"@type":"ImageObject","inLanguage":"es","@id":"https:\/\/news.sap.com\/latinamerica\/#\/schema\/person\/image\/","url":"https:\/\/news.sap.com\/latinamerica\/wp-content\/plugins\/wp-user-avatars\/wp-user-avatars\/assets\/images\/mystery.jpg","contentUrl":"https:\/\/news.sap.com\/latinamerica\/wp-content\/plugins\/wp-user-avatars\/wp-user-avatars\/assets\/images\/mystery.jpg","caption":"Marcela Perilla, Presidente para la Regi\u00f3n Norte de Am\u00e9rica Latina y El Caribe en 麻豆原创"},"url":"https:\/\/news.sap.com\/latinamerica\/author\/marcelaperillapresidenteparalaregionnortedeamerica\/"}]}},"amp_enabled":true,"_links":{"self":[{"href":"https:\/\/news.sap.com\/latinamerica\/wp-json\/wp\/v2\/posts\/127384","targetHints":{"allow":["GET"]}}],"collection":[{"href":"https:\/\/news.sap.com\/latinamerica\/wp-json\/wp\/v2\/posts"}],"about":[{"href":"https:\/\/news.sap.com\/latinamerica\/wp-json\/wp\/v2\/types\/post"}],"author":[{"embeddable":true,"href":"https:\/\/news.sap.com\/latinamerica\/wp-json\/wp\/v2\/users\/4466"}],"replies":[{"embeddable":true,"href":"https:\/\/news.sap.com\/latinamerica\/wp-json\/wp\/v2\/comments?post=127384"}],"version-history":[{"count":0,"href":"https:\/\/news.sap.com\/latinamerica\/wp-json\/wp\/v2\/posts\/127384\/revisions"}],"wp:attachment":[{"href":"https:\/\/news.sap.com\/latinamerica\/wp-json\/wp\/v2\/media?parent=127384"}],"wp:term":[{"taxonomy":"category","embeddable":true,"href":"https:\/\/news.sap.com\/latinamerica\/wp-json\/wp\/v2\/categories?post=127384"},{"taxonomy":"post_tag","embeddable":true,"href":"https:\/\/news.sap.com\/latinamerica\/wp-json\/wp\/v2\/tags?post=127384"},{"taxonomy":"series","embeddable":true,"href":"https:\/\/news.sap.com\/latinamerica\/wp-json\/wp\/v2\/series?post=127384"},{"taxonomy":"region","embeddable":true,"href":"https:\/\/news.sap.com\/latinamerica\/wp-json\/wp\/v2\/region?post=127384"},{"taxonomy":"sapn-display","embeddable":true,"href":"https:\/\/news.sap.com\/latinamerica\/wp-json\/wp\/v2\/sapn-display?post=127384"},{"taxonomy":"sapn-type","embeddable":true,"href":"https:\/\/news.sap.com\/latinamerica\/wp-json\/wp\/v2\/sapn-type?post=127384"}],"curies":[{"name":"wp","href":"https:\/\/api.w.org\/{rel}","templated":true}]}}