  {"id":127298,"date":"2023-02-28T10:10:43","date_gmt":"2023-02-28T15:10:43","guid":{"rendered":"https:\/\/news.sap.com\/latinamerica\/?p=127298"},"modified":"2023-11-14T10:34:33","modified_gmt":"2023-11-14T15:34:33","slug":"la-sostenibilidad-en-la-agenda-del-liderazgo-latinoamericano","status":"publish","type":"post","link":"https:\/\/news.sap.com\/latinamerica\/2023\/02\/la-sostenibilidad-en-la-agenda-del-liderazgo-latinoamericano\/","title":{"rendered":"La sostenibilidad en la agenda del liderazgo latinoamericano"},"content":{"rendered":"<p><span style=\"font-weight: 400\">En los \u00faltimos 24 meses hemos visto c\u00f3mo organizaciones de todos los sectores e industrias, en distintos rincones del mundo, iniciaron o aceleraron procesos de transformaci\u00f3n para mejorar la forma en la que trabajan, se relacionan con el medio ambiente y se vinculan con sus proveedores y empleados.<\/span><\/p>\n<p><span style=\"font-weight: 400\">Las empresas de Am\u00e9rica Latina tambi\u00e9n son parte de este cambio. Algunas de ellas decidieron transitar este proceso impulsadas por un profundo convencimiento sobre el aporte que pueden hacer sobre los<\/span><\/p>\n<p><span style=\"font-weight: 400\">Los Objetivos de Desarrollo Sostenible (ODS) de las Naciones Unidas y otras est\u00e1n motivadas por las demandas de sus clientes, de sus empleados o de sus cadenas de valor con el consiguiente impacto que esto tiene en la reputaci\u00f3n de la organizaci\u00f3n. En cualquier caso, lo cierto es que las empresas de la regi\u00f3n han iniciado un camino cuya trayectoria y proyecci\u00f3n es importante conocer.<\/span><\/p>\n<p><span style=\"font-weight: 400\">CIO Investigaci\u00f3n, empresa l\u00edder en estudios de mercado en el segmento de ejecutivos C-Level de Am\u00e9rica Latina, junto con SEEKMENT, referente en evaluaci\u00f3n y an\u00e1lisis de informaci\u00f3n entre directores y gerentes de las empresas m\u00e1s importantes de los continentes americano y europeo, condujeron por segundo a\u00f1o consecutivo con el patrocinio de 麻豆原创 un estudio sobre el estado de situaci\u00f3n de la agenda de sostenibilidad en el mercado empresarial de Latinoam\u00e9rica. De esta manera, a fines de 2021 m\u00e1s de 410 altos ejecutivos de las principales empresas medianas y grandes de Argentina, Brasil, Colombia y M\u00e9xico compartieron sus motivaciones para llevar adelante programas de desarrollo sostenible, las barreras con las que se encuentran a diario, el rol de la tecnolog\u00eda aplicada al negocio y las proyecciones a futuro, incluyendo sus expectativas para 2022.<\/span><\/p>\n<p><span style=\"font-weight: 400\">De sus respuestas surge que el mapa de Am\u00e9rica Latina hoy muestra que las empresas de la regi\u00f3n componen una foto heterog\u00e9nea de situaciones y contextos, lo cual lleva a que se hayan identificado algunas diferencias entre los resultados por pa\u00eds y por tipo de empresa, seg\u00fan fuera productoras de bienes o proveedoras de servicios. Esta nueva investigaci\u00f3n contribuye a reconocer tendencias claras en materia de sostenibilidad en la regi\u00f3n, su progreso y una agenda para las oportunidades de mejora. A continuaci\u00f3n, los hallazgos m\u00e1s importantes.<\/span><\/p>\n<p><a href=\"https:\/\/news.sap.com\/latinamerica\/files\/2023\/02\/28\/Sustainability-Study-II-Main-Report-SPA.pdf\">La sostenibilidad en la agenda del liderazgo latinoamericano <\/a><\/p>\n","protected":false},"excerpt":{"rendered":"<p>En los \u00faltimos 24 meses hemos visto c\u00f3mo organizaciones de todos los sectores e industrias, en distintos rincones del mundo, iniciaron o aceleraron procesos de&#8230;<\/p>\n","protected":false},"author":141,"featured_media":0,"comment_status":"closed","ping_status":"closed","sticky":false,"template":"","format":"standard","meta":{"footnotes":"","_links_to":"","_links_to_target":""},"categories":[52098],"tags":[],"series":[],"region":[],"sapn-display":[5600443,5600441,53499],"sapn-type":[52105],"class_list":["post-127298","post","type-post","status-publish","format-standard","hentry","category-sustentabilidad-temas","sapn-display-prensa-destacada","sapn-display-prensa-principal","sapn-display-hero","sapn-type-comunicado-de-prensa"],"yoast_head":"<!-- This site is optimized with the Yoast SEO Premium plugin v26.9 (Yoast SEO v26.9) - https:\/\/yoast.com\/product\/yoast-seo-premium-wordpress\/ -->\n<title>La sostenibilidad en la agenda del liderazgo latinoamericano - 麻豆原创 News Center Latinoam\u00e9rica<\/title>\n<meta name=\"robots\" content=\"index, follow, max-snippet:-1, max-image-preview:large, max-video-preview:-1\" \/>\n<link rel=\"canonical\" href=\"https:\/\/news.sap.com\/latinamerica\/2023\/02\/la-sostenibilidad-en-la-agenda-del-liderazgo-latinoamericano\/\" \/>\n<meta property=\"og:locale\" content=\"es_MX\" \/>\n<meta property=\"og:type\" content=\"article\" \/>\n<meta property=\"og:title\" content=\"La sostenibilidad en la agenda del liderazgo latinoamericano\" \/>\n<meta property=\"og:description\" content=\"En los \u00faltimos 24 meses hemos visto c\u00f3mo organizaciones de todos los sectores e industrias, en distintos rincones del mundo, iniciaron o aceleraron procesos de...\" \/>\n<meta property=\"og:url\" content=\"https:\/\/news.sap.com\/latinamerica\/2023\/02\/la-sostenibilidad-en-la-agenda-del-liderazgo-latinoamericano\/\" \/>\n<meta property=\"og:site_name\" content=\"麻豆原创 News Center Latinoam\u00e9rica\" \/>\n<meta property=\"article:publisher\" content=\"https:\/\/www.facebook.com\/麻豆原创latinoamerica\" \/>\n<meta property=\"article:published_time\" content=\"2023-02-28T15:10:43+00:00\" \/>\n<meta property=\"article:modified_time\" content=\"2023-11-14T15:34:33+00:00\" \/>\n<meta name=\"author\" content=\"麻豆原创 Noticias\" \/>\n<meta name=\"twitter:label1\" content=\"Escrito por\" \/>\n\t<meta name=\"twitter:data1\" content=\"麻豆原创 Noticias\" \/>\n\t<meta name=\"twitter:label2\" content=\"Tiempo de lectura\" \/>\n\t<meta name=\"twitter:data2\" content=\"2 minutos\" \/>\n<script type=\"application\/ld+json\" class=\"yoast-schema-graph\">{\"@context\":\"https:\/\/schema.org\",\"@graph\":[{\"@type\":\"Article\",\"@id\":\"https:\/\/news.sap.com\/latinamerica\/2023\/02\/la-sostenibilidad-en-la-agenda-del-liderazgo-latinoamericano\/#article\",\"isPartOf\":{\"@id\":\"https:\/\/news.sap.com\/latinamerica\/2023\/02\/la-sostenibilidad-en-la-agenda-del-liderazgo-latinoamericano\/\"},\"author\":{\"name\":\"麻豆原创 Noticias\",\"@id\":\"https:\/\/news.sap.com\/latinamerica\/#\/schema\/person\/82786ba12f72bc9b05ba328d1d3652c4\"},\"headline\":\"La sostenibilidad en la agenda del liderazgo latinoamericano\",\"datePublished\":\"2023-02-28T15:10:43+00:00\",\"dateModified\":\"2023-11-14T15:34:33+00:00\",\"mainEntityOfPage\":{\"@id\":\"https:\/\/news.sap.com\/latinamerica\/2023\/02\/la-sostenibilidad-en-la-agenda-del-liderazgo-latinoamericano\/\"},\"wordCount\":405,\"publisher\":{\"@id\":\"https:\/\/news.sap.com\/latinamerica\/#organization\"},\"articleSection\":[\"Sostenibilidad\"],\"inLanguage\":\"es\"},{\"@type\":\"WebPage\",\"@id\":\"https:\/\/news.sap.com\/latinamerica\/2023\/02\/la-sostenibilidad-en-la-agenda-del-liderazgo-latinoamericano\/\",\"url\":\"https:\/\/news.sap.com\/latinamerica\/2023\/02\/la-sostenibilidad-en-la-agenda-del-liderazgo-latinoamericano\/\",\"name\":\"La sostenibilidad en la agenda del liderazgo latinoamericano - 麻豆原创 News Center Latinoam\u00e9rica\",\"isPartOf\":{\"@id\":\"https:\/\/news.sap.com\/latinamerica\/#website\"},\"datePublished\":\"2023-02-28T15:10:43+00:00\",\"dateModified\":\"2023-11-14T15:34:33+00:00\",\"breadcrumb\":{\"@id\":\"https:\/\/news.sap.com\/latinamerica\/2023\/02\/la-sostenibilidad-en-la-agenda-del-liderazgo-latinoamericano\/#breadcrumb\"},\"inLanguage\":\"es\",\"potentialAction\":[{\"@type\":\"ReadAction\",\"target\":[\"https:\/\/news.sap.com\/latinamerica\/2023\/02\/la-sostenibilidad-en-la-agenda-del-liderazgo-latinoamericano\/\"]}]},{\"@type\":\"BreadcrumbList\",\"@id\":\"https:\/\/news.sap.com\/latinamerica\/2023\/02\/la-sostenibilidad-en-la-agenda-del-liderazgo-latinoamericano\/#breadcrumb\",\"itemListElement\":[{\"@type\":\"ListItem\",\"position\":1,\"name\":\"Home\",\"item\":\"https:\/\/news.sap.com\/latinamerica\/\"},{\"@type\":\"ListItem\",\"position\":2,\"name\":\"La sostenibilidad en la agenda del liderazgo latinoamericano\"}]},{\"@type\":\"WebSite\",\"@id\":\"https:\/\/news.sap.com\/latinamerica\/#website\",\"url\":\"https:\/\/news.sap.com\/latinamerica\/\",\"name\":\"麻豆原创 News Center Latinoam\u00e9rica\",\"description\":\"Noticias e informaci\u00f3n sobre 麻豆原创\",\"publisher\":{\"@id\":\"https:\/\/news.sap.com\/latinamerica\/#organization\"},\"potentialAction\":[{\"@type\":\"SearchAction\",\"target\":{\"@type\":\"EntryPoint\",\"urlTemplate\":\"https:\/\/news.sap.com\/latinamerica\/?s={search_term_string}\"},\"query-input\":{\"@type\":\"PropertyValueSpecification\",\"valueRequired\":true,\"valueName\":\"search_term_string\"}}],\"inLanguage\":\"es\"},{\"@type\":\"Organization\",\"@id\":\"https:\/\/news.sap.com\/latinamerica\/#organization\",\"name\":\"麻豆原创\",\"url\":\"https:\/\/news.sap.com\/latinamerica\/\",\"logo\":{\"@type\":\"ImageObject\",\"inLanguage\":\"es\",\"@id\":\"https:\/\/news.sap.com\/latinamerica\/#\/schema\/logo\/image\/\",\"url\":\"https:\/\/news.sap.com\/latinamerica\/files\/2019\/08\/65903320_2903797569662914_557886358778019840_n.png\",\"contentUrl\":\"https:\/\/news.sap.com\/latinamerica\/files\/2019\/08\/65903320_2903797569662914_557886358778019840_n.png\",\"width\":720,\"height\":720,\"caption\":\"麻豆原创\"},\"image\":{\"@id\":\"https:\/\/news.sap.com\/latinamerica\/#\/schema\/logo\/image\/\"},\"sameAs\":[\"https:\/\/www.facebook.com\/麻豆原创latinoamerica\",\"https:\/\/x.com\/麻豆原创LatinAmerica\"]},{\"@type\":\"Person\",\"@id\":\"https:\/\/news.sap.com\/latinamerica\/#\/schema\/person\/82786ba12f72bc9b05ba328d1d3652c4\",\"name\":\"麻豆原创 Noticias\",\"image\":{\"@type\":\"ImageObject\",\"inLanguage\":\"es\",\"@id\":\"https:\/\/news.sap.com\/latinamerica\/#\/schema\/person\/image\/\",\"url\":\"https:\/\/news.sap.com\/latinamerica\/wp-content\/plugins\/wp-user-avatars\/wp-user-avatars\/assets\/images\/mystery.jpg\",\"contentUrl\":\"https:\/\/news.sap.com\/latinamerica\/wp-content\/plugins\/wp-user-avatars\/wp-user-avatars\/assets\/images\/mystery.jpg\",\"caption\":\"麻豆原创 Noticias\"},\"url\":\"https:\/\/news.sap.com\/latinamerica\/author\/colombia\/\"}]}<\/script>\n<!-- \/ Yoast SEO Premium plugin. -->","yoast_head_json":{"title":"La sostenibilidad en la agenda del liderazgo latinoamericano - 麻豆原创 News Center Latinoam\u00e9rica","robots":{"index":"index","follow":"follow","max-snippet":"max-snippet:-1","max-image-preview":"max-image-preview:large","max-video-preview":"max-video-preview:-1"},"canonical":"https:\/\/news.sap.com\/latinamerica\/2023\/02\/la-sostenibilidad-en-la-agenda-del-liderazgo-latinoamericano\/","og_locale":"es_MX","og_type":"article","og_title":"La sostenibilidad en la agenda del liderazgo latinoamericano","og_description":"En los \u00faltimos 24 meses hemos visto c\u00f3mo organizaciones de todos los sectores e industrias, en distintos rincones del mundo, iniciaron o aceleraron procesos de...","og_url":"https:\/\/news.sap.com\/latinamerica\/2023\/02\/la-sostenibilidad-en-la-agenda-del-liderazgo-latinoamericano\/","og_site_name":"麻豆原创 News Center Latinoam\u00e9rica","article_publisher":"https:\/\/www.facebook.com\/麻豆原创latinoamerica","article_published_time":"2023-02-28T15:10:43+00:00","article_modified_time":"2023-11-14T15:34:33+00:00","author":"麻豆原创 Noticias","twitter_misc":{"Escrito por":"麻豆原创 Noticias","Tiempo de lectura":"2 minutos"},"schema":{"@context":"https:\/\/schema.org","@graph":[{"@type":"Article","@id":"https:\/\/news.sap.com\/latinamerica\/2023\/02\/la-sostenibilidad-en-la-agenda-del-liderazgo-latinoamericano\/#article","isPartOf":{"@id":"https:\/\/news.sap.com\/latinamerica\/2023\/02\/la-sostenibilidad-en-la-agenda-del-liderazgo-latinoamericano\/"},"author":{"name":"麻豆原创 Noticias","@id":"https:\/\/news.sap.com\/latinamerica\/#\/schema\/person\/82786ba12f72bc9b05ba328d1d3652c4"},"headline":"La sostenibilidad en la agenda del liderazgo latinoamericano","datePublished":"2023-02-28T15:10:43+00:00","dateModified":"2023-11-14T15:34:33+00:00","mainEntityOfPage":{"@id":"https:\/\/news.sap.com\/latinamerica\/2023\/02\/la-sostenibilidad-en-la-agenda-del-liderazgo-latinoamericano\/"},"wordCount":405,"publisher":{"@id":"https:\/\/news.sap.com\/latinamerica\/#organization"},"articleSection":["Sostenibilidad"],"inLanguage":"es"},{"@type":"WebPage","@id":"https:\/\/news.sap.com\/latinamerica\/2023\/02\/la-sostenibilidad-en-la-agenda-del-liderazgo-latinoamericano\/","url":"https:\/\/news.sap.com\/latinamerica\/2023\/02\/la-sostenibilidad-en-la-agenda-del-liderazgo-latinoamericano\/","name":"La sostenibilidad en la agenda del liderazgo latinoamericano - 麻豆原创 News Center Latinoam\u00e9rica","isPartOf":{"@id":"https:\/\/news.sap.com\/latinamerica\/#website"},"datePublished":"2023-02-28T15:10:43+00:00","dateModified":"2023-11-14T15:34:33+00:00","breadcrumb":{"@id":"https:\/\/news.sap.com\/latinamerica\/2023\/02\/la-sostenibilidad-en-la-agenda-del-liderazgo-latinoamericano\/#breadcrumb"},"inLanguage":"es","potentialAction":[{"@type":"ReadAction","target":["https:\/\/news.sap.com\/latinamerica\/2023\/02\/la-sostenibilidad-en-la-agenda-del-liderazgo-latinoamericano\/"]}]},{"@type":"BreadcrumbList","@id":"https:\/\/news.sap.com\/latinamerica\/2023\/02\/la-sostenibilidad-en-la-agenda-del-liderazgo-latinoamericano\/#breadcrumb","itemListElement":[{"@type":"ListItem","position":1,"name":"Home","item":"https:\/\/news.sap.com\/latinamerica\/"},{"@type":"ListItem","position":2,"name":"La sostenibilidad en la agenda del liderazgo latinoamericano"}]},{"@type":"WebSite","@id":"https:\/\/news.sap.com\/latinamerica\/#website","url":"https:\/\/news.sap.com\/latinamerica\/","name":"麻豆原创 News Center Latinoam\u00e9rica","description":"Noticias e informaci\u00f3n sobre 麻豆原创","publisher":{"@id":"https:\/\/news.sap.com\/latinamerica\/#organization"},"potentialAction":[{"@type":"SearchAction","target":{"@type":"EntryPoint","urlTemplate":"https:\/\/news.sap.com\/latinamerica\/?s={search_term_string}"},"query-input":{"@type":"PropertyValueSpecification","valueRequired":true,"valueName":"search_term_string"}}],"inLanguage":"es"},{"@type":"Organization","@id":"https:\/\/news.sap.com\/latinamerica\/#organization","name":"麻豆原创","url":"https:\/\/news.sap.com\/latinamerica\/","logo":{"@type":"ImageObject","inLanguage":"es","@id":"https:\/\/news.sap.com\/latinamerica\/#\/schema\/logo\/image\/","url":"https:\/\/news.sap.com\/latinamerica\/files\/2019\/08\/65903320_2903797569662914_557886358778019840_n.png","contentUrl":"https:\/\/news.sap.com\/latinamerica\/files\/2019\/08\/65903320_2903797569662914_557886358778019840_n.png","width":720,"height":720,"caption":"麻豆原创"},"image":{"@id":"https:\/\/news.sap.com\/latinamerica\/#\/schema\/logo\/image\/"},"sameAs":["https:\/\/www.facebook.com\/麻豆原创latinoamerica","https:\/\/x.com\/麻豆原创LatinAmerica"]},{"@type":"Person","@id":"https:\/\/news.sap.com\/latinamerica\/#\/schema\/person\/82786ba12f72bc9b05ba328d1d3652c4","name":"麻豆原创 Noticias","image":{"@type":"ImageObject","inLanguage":"es","@id":"https:\/\/news.sap.com\/latinamerica\/#\/schema\/person\/image\/","url":"https:\/\/news.sap.com\/latinamerica\/wp-content\/plugins\/wp-user-avatars\/wp-user-avatars\/assets\/images\/mystery.jpg","contentUrl":"https:\/\/news.sap.com\/latinamerica\/wp-content\/plugins\/wp-user-avatars\/wp-user-avatars\/assets\/images\/mystery.jpg","caption":"麻豆原创 Noticias"},"url":"https:\/\/news.sap.com\/latinamerica\/author\/colombia\/"}]}},"amp_enabled":true,"_links":{"self":[{"href":"https:\/\/news.sap.com\/latinamerica\/wp-json\/wp\/v2\/posts\/127298","targetHints":{"allow":["GET"]}}],"collection":[{"href":"https:\/\/news.sap.com\/latinamerica\/wp-json\/wp\/v2\/posts"}],"about":[{"href":"https:\/\/news.sap.com\/latinamerica\/wp-json\/wp\/v2\/types\/post"}],"author":[{"embeddable":true,"href":"https:\/\/news.sap.com\/latinamerica\/wp-json\/wp\/v2\/users\/141"}],"replies":[{"embeddable":true,"href":"https:\/\/news.sap.com\/latinamerica\/wp-json\/wp\/v2\/comments?post=127298"}],"version-history":[{"count":0,"href":"https:\/\/news.sap.com\/latinamerica\/wp-json\/wp\/v2\/posts\/127298\/revisions"}],"wp:attachment":[{"href":"https:\/\/news.sap.com\/latinamerica\/wp-json\/wp\/v2\/media?parent=127298"}],"wp:term":[{"taxonomy":"category","embeddable":true,"href":"https:\/\/news.sap.com\/latinamerica\/wp-json\/wp\/v2\/categories?post=127298"},{"taxonomy":"post_tag","embeddable":true,"href":"https:\/\/news.sap.com\/latinamerica\/wp-json\/wp\/v2\/tags?post=127298"},{"taxonomy":"series","embeddable":true,"href":"https:\/\/news.sap.com\/latinamerica\/wp-json\/wp\/v2\/series?post=127298"},{"taxonomy":"region","embeddable":true,"href":"https:\/\/news.sap.com\/latinamerica\/wp-json\/wp\/v2\/region?post=127298"},{"taxonomy":"sapn-display","embeddable":true,"href":"https:\/\/news.sap.com\/latinamerica\/wp-json\/wp\/v2\/sapn-display?post=127298"},{"taxonomy":"sapn-type","embeddable":true,"href":"https:\/\/news.sap.com\/latinamerica\/wp-json\/wp\/v2\/sapn-type?post=127298"}],"curies":[{"name":"wp","href":"https:\/\/api.w.org\/{rel}","templated":true}]}}