  {"id":127281,"date":"2023-02-21T10:40:00","date_gmt":"2023-02-21T15:40:00","guid":{"rendered":"https:\/\/news.sap.com\/latinamerica\/?p=127281"},"modified":"2023-02-21T10:40:00","modified_gmt":"2023-02-21T15:40:00","slug":"como-impulsar-las-nuevas-generaciones-de-trabajadores-digitales","status":"publish","type":"post","link":"https:\/\/news.sap.com\/latinamerica\/2023\/02\/como-impulsar-las-nuevas-generaciones-de-trabajadores-digitales\/","title":{"rendered":"\u00bfC\u00f3mo impulsar las nuevas generaciones de trabajadores digitales?"},"content":{"rendered":"<div class=\"col-12 mt-4\">\n<div class=\"text-justify\"><strong class=\"text-justify\">Por: Paola Santos, Directora de Recursos Humanos de 麻豆原创 Regi\u00f3n Norte de Am\u00e9rica<\/strong><\/div>\n<\/div>\n<div class=\"col-12 mt-4\">\n<div class=\"content-article\">\n<div class=\"text-justify\">\n<p>Durante los \u00faltimos a\u00f1os se ha incrementado la escasez de trabajadores. Gran parte de esta escasez se debe a la renuncia de j\u00f3venes que han ingresado al mercado laboral a empresas en el sector del empleo formal. Las compa\u00f1\u00edas en todo el mundo ya vieron un aumento en las tasas de renuncia voluntaria en el 2022, lo que ha llevado a pensar en estrategias para evitar que esto se siga presentando.<\/p>\n<p>No son solo las empresas minoristas y de servicios las que est\u00e1n perdiendo empleados y las valiosas habilidades que aportan esos empleados. Las corporaciones de todas las industrias y tama\u00f1os luchan por retener y contratar trabajadores capacitados con las habilidades adecuadas para administrar y hacer crecer sus organizaciones. Este es un problema de sostenibilidad empresarial y un obst\u00e1culo para su transformaci\u00f3n empresarial y digital.<\/p>\n<p>La presi\u00f3n para retener y contratar talento de calidad con s\u00f3lidas habilidades digitales en particular se intensific\u00f3 con la pandemia, ya que\u00a0<strong>la necesidad de digitalizaci\u00f3n empresarial se aceler\u00f3 entre cinco a diez a\u00f1os.<\/strong>\u00a0Esta aceleraci\u00f3n ha creado brechas en las competencias de los empleados, que tambi\u00e9n ha generado que organizaciones que antes llevaban de uno a dos a\u00f1os de retraso en la transformaci\u00f3n de las competencias digitales ahora lleven una d\u00e9cada o m\u00e1s.<\/p>\n<p>Para seguir siendo competitivas y sostenibles en la econom\u00eda digital, las empresas deben contar con personas con las habilidades adecuadas para ayudarlas a acelerar su transformaci\u00f3n digital. En este sentido,\u00a0<strong>se hacen urgentes cuatro pasos para priorizar las habilidades digitales de esas nuevas generaciones de trabajadores y que as\u00ed sea posible un crecimiento sostenible para las compa\u00f1\u00edas.<\/strong><\/p>\n<p>&nbsp;<\/p>\n<h5>1. Retenga a la fuerza laboral con buenas experiencias<\/h5>\n<p>Una forma de abordar la brecha de habilidades inmediata es detener esa avalancha de personas que abandona las empresas en busca de mejores oportunidades:\u00a0<strong>la retenci\u00f3n siempre ha sido la mejor forma de contrataci\u00f3n.\u00a0<\/strong><\/p>\n<p>Durante la pandemia, los trabajadores se liberaron de la oficina y se convirtieron, al menos en sus mentes, en empleados fluidos, liberados y libres. Por ello, muchos no han querido volver a trabajos de oficina de tiempo completo.<\/p>\n<p>Teniendo en cuenta esto, es imperativo para las organizaciones satisfacer las necesidades de los trabajadores remotos e h\u00edbridos desde diversas perspectivas. Es fundamental desarrollar entornos de trabajo flexibles que equilibren las necesidades de la empresa y de los empleados y creen una experiencia que les encante a los empleados.<\/p>\n<p>&nbsp;<\/p>\n<h5>2. Empodere a los empleados<\/h5>\n<p>Otra forma de abordar las brechas de habilidades es empoderar a los empleados para que trabajen en equipos multifuncionales basados \u200b\u200ben tareas o proyectos organizacionales. Esta noci\u00f3n de unirse con otros para hacer el trabajo y luego disolverse cuando el trabajo est\u00e1 terminado se conoce ampliamente como equipos din\u00e1micos.<\/p>\n<p>Dichos equipos pueden estar en todas las jerarqu\u00edas o l\u00edneas de negocios y ayudar a crear un entorno de trabajo \u00e1gil, mientras impulsan el desarrollo de habilidades. Al aprovechar el talento interno, los gerentes y los recursos humanos no tienen que crear nuevos puestos, encontrar un presupuesto, contratar o respaldar un proceso de creaci\u00f3n de equipos con otras tareas que consumen mucho tiempo. En cambio,\u00a0<strong>sus organizaciones comerciales pueden simplemente reunir a los empleados para formar equipos \u00f3ptimos que puedan concentrarse en tareas y prioridades a corto plazo.<\/strong><\/p>\n<h5>3. Impulse el crecimiento individual<\/h5>\n<p>Las organizaciones tambi\u00e9n pueden adoptar un enfoque de desarrollo y crecimiento centrado en los empleados al\u00a0<strong>brindar acceso a oportunidades internas a trav\u00e9s de becas, trabajos, asignaciones temporales, programas de mentores y aprendizaje experiencial.<\/strong><\/p>\n<p>Esto permite que una organizaci\u00f3n desarrolle las habilidades necesarias para el futuro, al tiempo que empodera a las personas para crear una carrera completamente propia. Conectar a los empleados con un trabajo significativo y nuevas oportunidades impulsar\u00e1 la adaptabilidad necesaria que les permita obtener mejores resultados comerciales.<\/p>\n<h5>4. Mejorar y volver a capacitar proactivamente<\/h5>\n<p>Finalmente,\u00a0<strong>invierta en aprendizaje y desarrollo.<\/strong>\u00a0\u00bfPor qu\u00e9? Porque cada transformaci\u00f3n digital es tambi\u00e9n una transformaci\u00f3n de personas en la que los empleadores deben mejorar y volver a capacitar a sus empleados para satisfacer las necesidades cambiantes de hoy y la demanda de capacidades del ma\u00f1ana.<\/p>\n<p>Adem\u00e1s, las organizaciones deben crear un entorno que apoye el aprendizaje continuo. Por ejemplo, complementar la capacitaci\u00f3n formal con comunidades de pr\u00e1ctica informales, colaborativas y atractivas que ofrezcan acceso f\u00e1cil a expertos y el intercambio de conocimientos para desarrollar habilidades r\u00e1pidamente. Un entorno din\u00e1mico de aprendizaje, retroalimentaci\u00f3n y entrenamiento empodera a las personas para que se hagan cargo de su desarrollo con confianza.<\/p>\n<\/div>\n<\/div>\n<\/div>\n","protected":false},"excerpt":{"rendered":"<p>Por: Paola Santos, Directora de Recursos Humanos de 麻豆原创 Regi\u00f3n Norte de Am\u00e9rica Durante los \u00faltimos a\u00f1os se ha incrementado la escasez de trabajadores. Gran&#8230;<\/p>\n","protected":false},"author":141,"featured_media":0,"comment_status":"closed","ping_status":"closed","sticky":false,"template":"","format":"standard","meta":{"footnotes":"","_links_to":"","_links_to_target":""},"categories":[52097],"tags":[],"series":[],"region":[26401],"sapn-display":[],"sapn-type":[],"class_list":["post-127281","post","type-post","status-publish","format-standard","hentry","category-soluciones-temas","region-latinoamerica"],"yoast_head":"<!-- This site is optimized with the Yoast SEO Premium plugin v26.9 (Yoast SEO v26.9) - https:\/\/yoast.com\/product\/yoast-seo-premium-wordpress\/ -->\n<title>\u00bfC\u00f3mo impulsar las nuevas generaciones de trabajadores digitales? - 麻豆原创 News Center Latinoam\u00e9rica<\/title>\n<meta name=\"robots\" content=\"index, follow, max-snippet:-1, max-image-preview:large, max-video-preview:-1\" \/>\n<link rel=\"canonical\" href=\"https:\/\/news.sap.com\/latinamerica\/2023\/02\/como-impulsar-las-nuevas-generaciones-de-trabajadores-digitales\/\" \/>\n<meta property=\"og:locale\" content=\"es_MX\" \/>\n<meta property=\"og:type\" content=\"article\" \/>\n<meta property=\"og:title\" content=\"\u00bfC\u00f3mo impulsar las nuevas generaciones de trabajadores digitales?\" \/>\n<meta property=\"og:description\" content=\"Por: Paola Santos, Directora de Recursos Humanos de 麻豆原创 Regi\u00f3n Norte de Am\u00e9rica Durante los \u00faltimos a\u00f1os se ha incrementado la escasez de trabajadores. Gran...\" \/>\n<meta property=\"og:url\" content=\"https:\/\/news.sap.com\/latinamerica\/2023\/02\/como-impulsar-las-nuevas-generaciones-de-trabajadores-digitales\/\" \/>\n<meta property=\"og:site_name\" content=\"麻豆原创 News Center Latinoam\u00e9rica\" \/>\n<meta property=\"article:publisher\" content=\"https:\/\/www.facebook.com\/麻豆原创latinoamerica\" \/>\n<meta property=\"article:published_time\" content=\"2023-02-21T15:40:00+00:00\" \/>\n<meta name=\"author\" content=\"麻豆原创 Noticias\" \/>\n<meta name=\"twitter:label1\" content=\"Escrito por\" \/>\n\t<meta name=\"twitter:data1\" content=\"麻豆原创 Noticias\" \/>\n\t<meta name=\"twitter:label2\" content=\"Tiempo de lectura\" \/>\n\t<meta name=\"twitter:data2\" content=\"4 minutos\" \/>\n<script type=\"application\/ld+json\" class=\"yoast-schema-graph\">{\"@context\":\"https:\/\/schema.org\",\"@graph\":[{\"@type\":\"Article\",\"@id\":\"https:\/\/news.sap.com\/latinamerica\/2023\/02\/como-impulsar-las-nuevas-generaciones-de-trabajadores-digitales\/#article\",\"isPartOf\":{\"@id\":\"https:\/\/news.sap.com\/latinamerica\/2023\/02\/como-impulsar-las-nuevas-generaciones-de-trabajadores-digitales\/\"},\"author\":{\"name\":\"麻豆原创 Noticias\",\"@id\":\"https:\/\/news.sap.com\/latinamerica\/#\/schema\/person\/82786ba12f72bc9b05ba328d1d3652c4\"},\"headline\":\"\u00bfC\u00f3mo impulsar las nuevas generaciones de trabajadores digitales?\",\"datePublished\":\"2023-02-21T15:40:00+00:00\",\"mainEntityOfPage\":{\"@id\":\"https:\/\/news.sap.com\/latinamerica\/2023\/02\/como-impulsar-las-nuevas-generaciones-de-trabajadores-digitales\/\"},\"wordCount\":803,\"publisher\":{\"@id\":\"https:\/\/news.sap.com\/latinamerica\/#organization\"},\"articleSection\":[\"Soluciones\"],\"inLanguage\":\"es\"},{\"@type\":\"WebPage\",\"@id\":\"https:\/\/news.sap.com\/latinamerica\/2023\/02\/como-impulsar-las-nuevas-generaciones-de-trabajadores-digitales\/\",\"url\":\"https:\/\/news.sap.com\/latinamerica\/2023\/02\/como-impulsar-las-nuevas-generaciones-de-trabajadores-digitales\/\",\"name\":\"\u00bfC\u00f3mo impulsar las nuevas generaciones de trabajadores digitales? - 麻豆原创 News Center Latinoam\u00e9rica\",\"isPartOf\":{\"@id\":\"https:\/\/news.sap.com\/latinamerica\/#website\"},\"datePublished\":\"2023-02-21T15:40:00+00:00\",\"breadcrumb\":{\"@id\":\"https:\/\/news.sap.com\/latinamerica\/2023\/02\/como-impulsar-las-nuevas-generaciones-de-trabajadores-digitales\/#breadcrumb\"},\"inLanguage\":\"es\",\"potentialAction\":[{\"@type\":\"ReadAction\",\"target\":[\"https:\/\/news.sap.com\/latinamerica\/2023\/02\/como-impulsar-las-nuevas-generaciones-de-trabajadores-digitales\/\"]}]},{\"@type\":\"BreadcrumbList\",\"@id\":\"https:\/\/news.sap.com\/latinamerica\/2023\/02\/como-impulsar-las-nuevas-generaciones-de-trabajadores-digitales\/#breadcrumb\",\"itemListElement\":[{\"@type\":\"ListItem\",\"position\":1,\"name\":\"Home\",\"item\":\"https:\/\/news.sap.com\/latinamerica\/\"},{\"@type\":\"ListItem\",\"position\":2,\"name\":\"\u00bfC\u00f3mo impulsar las nuevas generaciones de trabajadores digitales?\"}]},{\"@type\":\"WebSite\",\"@id\":\"https:\/\/news.sap.com\/latinamerica\/#website\",\"url\":\"https:\/\/news.sap.com\/latinamerica\/\",\"name\":\"麻豆原创 News Center Latinoam\u00e9rica\",\"description\":\"Noticias e informaci\u00f3n sobre 麻豆原创\",\"publisher\":{\"@id\":\"https:\/\/news.sap.com\/latinamerica\/#organization\"},\"potentialAction\":[{\"@type\":\"SearchAction\",\"target\":{\"@type\":\"EntryPoint\",\"urlTemplate\":\"https:\/\/news.sap.com\/latinamerica\/?s={search_term_string}\"},\"query-input\":{\"@type\":\"PropertyValueSpecification\",\"valueRequired\":true,\"valueName\":\"search_term_string\"}}],\"inLanguage\":\"es\"},{\"@type\":\"Organization\",\"@id\":\"https:\/\/news.sap.com\/latinamerica\/#organization\",\"name\":\"麻豆原创\",\"url\":\"https:\/\/news.sap.com\/latinamerica\/\",\"logo\":{\"@type\":\"ImageObject\",\"inLanguage\":\"es\",\"@id\":\"https:\/\/news.sap.com\/latinamerica\/#\/schema\/logo\/image\/\",\"url\":\"https:\/\/news.sap.com\/latinamerica\/files\/2019\/08\/65903320_2903797569662914_557886358778019840_n.png\",\"contentUrl\":\"https:\/\/news.sap.com\/latinamerica\/files\/2019\/08\/65903320_2903797569662914_557886358778019840_n.png\",\"width\":720,\"height\":720,\"caption\":\"麻豆原创\"},\"image\":{\"@id\":\"https:\/\/news.sap.com\/latinamerica\/#\/schema\/logo\/image\/\"},\"sameAs\":[\"https:\/\/www.facebook.com\/麻豆原创latinoamerica\",\"https:\/\/x.com\/麻豆原创LatinAmerica\"]},{\"@type\":\"Person\",\"@id\":\"https:\/\/news.sap.com\/latinamerica\/#\/schema\/person\/82786ba12f72bc9b05ba328d1d3652c4\",\"name\":\"麻豆原创 Noticias\",\"image\":{\"@type\":\"ImageObject\",\"inLanguage\":\"es\",\"@id\":\"https:\/\/news.sap.com\/latinamerica\/#\/schema\/person\/image\/\",\"url\":\"https:\/\/news.sap.com\/latinamerica\/wp-content\/plugins\/wp-user-avatars\/wp-user-avatars\/assets\/images\/mystery.jpg\",\"contentUrl\":\"https:\/\/news.sap.com\/latinamerica\/wp-content\/plugins\/wp-user-avatars\/wp-user-avatars\/assets\/images\/mystery.jpg\",\"caption\":\"麻豆原创 Noticias\"},\"url\":\"https:\/\/news.sap.com\/latinamerica\/author\/colombia\/\"}]}<\/script>\n<!-- \/ Yoast SEO Premium plugin. -->","yoast_head_json":{"title":"\u00bfC\u00f3mo impulsar las nuevas generaciones de trabajadores digitales? - 麻豆原创 News Center Latinoam\u00e9rica","robots":{"index":"index","follow":"follow","max-snippet":"max-snippet:-1","max-image-preview":"max-image-preview:large","max-video-preview":"max-video-preview:-1"},"canonical":"https:\/\/news.sap.com\/latinamerica\/2023\/02\/como-impulsar-las-nuevas-generaciones-de-trabajadores-digitales\/","og_locale":"es_MX","og_type":"article","og_title":"\u00bfC\u00f3mo impulsar las nuevas generaciones de trabajadores digitales?","og_description":"Por: Paola Santos, Directora de Recursos Humanos de 麻豆原创 Regi\u00f3n Norte de Am\u00e9rica Durante los \u00faltimos a\u00f1os se ha incrementado la escasez de trabajadores. Gran...","og_url":"https:\/\/news.sap.com\/latinamerica\/2023\/02\/como-impulsar-las-nuevas-generaciones-de-trabajadores-digitales\/","og_site_name":"麻豆原创 News Center Latinoam\u00e9rica","article_publisher":"https:\/\/www.facebook.com\/麻豆原创latinoamerica","article_published_time":"2023-02-21T15:40:00+00:00","author":"麻豆原创 Noticias","twitter_misc":{"Escrito por":"麻豆原创 Noticias","Tiempo de lectura":"4 minutos"},"schema":{"@context":"https:\/\/schema.org","@graph":[{"@type":"Article","@id":"https:\/\/news.sap.com\/latinamerica\/2023\/02\/como-impulsar-las-nuevas-generaciones-de-trabajadores-digitales\/#article","isPartOf":{"@id":"https:\/\/news.sap.com\/latinamerica\/2023\/02\/como-impulsar-las-nuevas-generaciones-de-trabajadores-digitales\/"},"author":{"name":"麻豆原创 Noticias","@id":"https:\/\/news.sap.com\/latinamerica\/#\/schema\/person\/82786ba12f72bc9b05ba328d1d3652c4"},"headline":"\u00bfC\u00f3mo impulsar las nuevas generaciones de trabajadores digitales?","datePublished":"2023-02-21T15:40:00+00:00","mainEntityOfPage":{"@id":"https:\/\/news.sap.com\/latinamerica\/2023\/02\/como-impulsar-las-nuevas-generaciones-de-trabajadores-digitales\/"},"wordCount":803,"publisher":{"@id":"https:\/\/news.sap.com\/latinamerica\/#organization"},"articleSection":["Soluciones"],"inLanguage":"es"},{"@type":"WebPage","@id":"https:\/\/news.sap.com\/latinamerica\/2023\/02\/como-impulsar-las-nuevas-generaciones-de-trabajadores-digitales\/","url":"https:\/\/news.sap.com\/latinamerica\/2023\/02\/como-impulsar-las-nuevas-generaciones-de-trabajadores-digitales\/","name":"\u00bfC\u00f3mo impulsar las nuevas generaciones de trabajadores digitales? - 麻豆原创 News Center Latinoam\u00e9rica","isPartOf":{"@id":"https:\/\/news.sap.com\/latinamerica\/#website"},"datePublished":"2023-02-21T15:40:00+00:00","breadcrumb":{"@id":"https:\/\/news.sap.com\/latinamerica\/2023\/02\/como-impulsar-las-nuevas-generaciones-de-trabajadores-digitales\/#breadcrumb"},"inLanguage":"es","potentialAction":[{"@type":"ReadAction","target":["https:\/\/news.sap.com\/latinamerica\/2023\/02\/como-impulsar-las-nuevas-generaciones-de-trabajadores-digitales\/"]}]},{"@type":"BreadcrumbList","@id":"https:\/\/news.sap.com\/latinamerica\/2023\/02\/como-impulsar-las-nuevas-generaciones-de-trabajadores-digitales\/#breadcrumb","itemListElement":[{"@type":"ListItem","position":1,"name":"Home","item":"https:\/\/news.sap.com\/latinamerica\/"},{"@type":"ListItem","position":2,"name":"\u00bfC\u00f3mo impulsar las nuevas generaciones de trabajadores digitales?"}]},{"@type":"WebSite","@id":"https:\/\/news.sap.com\/latinamerica\/#website","url":"https:\/\/news.sap.com\/latinamerica\/","name":"麻豆原创 News Center Latinoam\u00e9rica","description":"Noticias e informaci\u00f3n sobre 麻豆原创","publisher":{"@id":"https:\/\/news.sap.com\/latinamerica\/#organization"},"potentialAction":[{"@type":"SearchAction","target":{"@type":"EntryPoint","urlTemplate":"https:\/\/news.sap.com\/latinamerica\/?s={search_term_string}"},"query-input":{"@type":"PropertyValueSpecification","valueRequired":true,"valueName":"search_term_string"}}],"inLanguage":"es"},{"@type":"Organization","@id":"https:\/\/news.sap.com\/latinamerica\/#organization","name":"麻豆原创","url":"https:\/\/news.sap.com\/latinamerica\/","logo":{"@type":"ImageObject","inLanguage":"es","@id":"https:\/\/news.sap.com\/latinamerica\/#\/schema\/logo\/image\/","url":"https:\/\/news.sap.com\/latinamerica\/files\/2019\/08\/65903320_2903797569662914_557886358778019840_n.png","contentUrl":"https:\/\/news.sap.com\/latinamerica\/files\/2019\/08\/65903320_2903797569662914_557886358778019840_n.png","width":720,"height":720,"caption":"麻豆原创"},"image":{"@id":"https:\/\/news.sap.com\/latinamerica\/#\/schema\/logo\/image\/"},"sameAs":["https:\/\/www.facebook.com\/麻豆原创latinoamerica","https:\/\/x.com\/麻豆原创LatinAmerica"]},{"@type":"Person","@id":"https:\/\/news.sap.com\/latinamerica\/#\/schema\/person\/82786ba12f72bc9b05ba328d1d3652c4","name":"麻豆原创 Noticias","image":{"@type":"ImageObject","inLanguage":"es","@id":"https:\/\/news.sap.com\/latinamerica\/#\/schema\/person\/image\/","url":"https:\/\/news.sap.com\/latinamerica\/wp-content\/plugins\/wp-user-avatars\/wp-user-avatars\/assets\/images\/mystery.jpg","contentUrl":"https:\/\/news.sap.com\/latinamerica\/wp-content\/plugins\/wp-user-avatars\/wp-user-avatars\/assets\/images\/mystery.jpg","caption":"麻豆原创 Noticias"},"url":"https:\/\/news.sap.com\/latinamerica\/author\/colombia\/"}]}},"amp_enabled":true,"_links":{"self":[{"href":"https:\/\/news.sap.com\/latinamerica\/wp-json\/wp\/v2\/posts\/127281","targetHints":{"allow":["GET"]}}],"collection":[{"href":"https:\/\/news.sap.com\/latinamerica\/wp-json\/wp\/v2\/posts"}],"about":[{"href":"https:\/\/news.sap.com\/latinamerica\/wp-json\/wp\/v2\/types\/post"}],"author":[{"embeddable":true,"href":"https:\/\/news.sap.com\/latinamerica\/wp-json\/wp\/v2\/users\/141"}],"replies":[{"embeddable":true,"href":"https:\/\/news.sap.com\/latinamerica\/wp-json\/wp\/v2\/comments?post=127281"}],"version-history":[{"count":0,"href":"https:\/\/news.sap.com\/latinamerica\/wp-json\/wp\/v2\/posts\/127281\/revisions"}],"wp:attachment":[{"href":"https:\/\/news.sap.com\/latinamerica\/wp-json\/wp\/v2\/media?parent=127281"}],"wp:term":[{"taxonomy":"category","embeddable":true,"href":"https:\/\/news.sap.com\/latinamerica\/wp-json\/wp\/v2\/categories?post=127281"},{"taxonomy":"post_tag","embeddable":true,"href":"https:\/\/news.sap.com\/latinamerica\/wp-json\/wp\/v2\/tags?post=127281"},{"taxonomy":"series","embeddable":true,"href":"https:\/\/news.sap.com\/latinamerica\/wp-json\/wp\/v2\/series?post=127281"},{"taxonomy":"region","embeddable":true,"href":"https:\/\/news.sap.com\/latinamerica\/wp-json\/wp\/v2\/region?post=127281"},{"taxonomy":"sapn-display","embeddable":true,"href":"https:\/\/news.sap.com\/latinamerica\/wp-json\/wp\/v2\/sapn-display?post=127281"},{"taxonomy":"sapn-type","embeddable":true,"href":"https:\/\/news.sap.com\/latinamerica\/wp-json\/wp\/v2\/sapn-type?post=127281"}],"curies":[{"name":"wp","href":"https:\/\/api.w.org\/{rel}","templated":true}]}}