  {"id":127264,"date":"2023-02-17T09:58:10","date_gmt":"2023-02-17T14:58:10","guid":{"rendered":"https:\/\/news.sap.com\/latinamerica\/?p=127264"},"modified":"2023-11-13T15:21:11","modified_gmt":"2023-11-13T20:21:11","slug":"la-tecnologia-y-el-proceso-electoral-en-ecuador","status":"publish","type":"post","link":"https:\/\/news.sap.com\/latinamerica\/2023\/02\/la-tecnologia-y-el-proceso-electoral-en-ecuador\/","title":{"rendered":"La Tecnolog\u00eda y el Proceso electoral en Ecuador"},"content":{"rendered":"<p><b><i>Por: Silvia Acosta Especialista de soluciones 麻豆原创<\/i><\/b><\/p>\n<p><span style=\"font-weight: 400\">Sin duda cada proceso electoral al pa\u00eds lo divide en aquellos que toman inter\u00e9s hac\u00eda la pol\u00edtica y aquellos que ya no creen en procesos electorales con un fin de servicio al pueblo. Pero algo que a cada elector siempre le genera dudas es sobre la transparencia en la informaci\u00f3n que se recaba en las urnas, el gasto p\u00fablico en publicidad, e intr\u00ednsecamente del proceso es la tecnolog\u00eda que se utilizara, la cual tiene una ambig\u00fcedad en los electores gener\u00e1ndoles inter\u00e9s y preocupaci\u00f3n.<\/span><\/p>\n<p><span style=\"font-weight: 400\">Es por ello que en los comicios que est\u00e1n por darse en el pa\u00eds, las diversas dignidades que se elegir\u00e1n han optado por sus campa\u00f1as pol\u00edticas donde las redes sociales sean su pilar para comunicar sus planes de trabajo, como aquellos que generan informaci\u00f3n incluso burda con tal de llegar a los diversos segmentos de electores. Pero en forma general lo que est\u00e1 detr\u00e1s de estos planes comunicacionales es el monitoreo de la difusi\u00f3n y alcance que tienen con las diversas campa\u00f1as, an\u00e1lisis de la percepci\u00f3n de los electores; el objetivo es recabar informaci\u00f3n que sea oportuna como poder predecir mensajes que el electorado quiere escuchar.<\/span><\/p>\n<p><span style=\"font-weight: 400\">Pero ya llegado el d\u00eda de las elecciones la tecnolog\u00eda toma una relevancia mayor donde cada partido pol\u00edtico y sus estructuras organizativas, son los principales entes fiscalizadores del desarrollo y resultado de los procesos electorales, donde este a\u00f1o el pa\u00eds contar\u00e1 con un proceso h\u00edbrido, en el cual los electores radicados en el pa\u00eds lo realizar\u00e1n de forma cotidiana acerc\u00e1ndose a los recintos electorales y realizando su sufragio de forma manual y por otro lado la Votaci\u00f3n Telem\u00e1tica en las Circunscripciones Especiales del Exterior<\/span><\/p>\n<p><span style=\"font-weight: 400\">Pero algo que siempre queda en duda en los anteriores procesos es la falta de rapidez en la transmisi\u00f3n del resultado y la plataforma de difusi\u00f3n de los mismos que carece de tiempo real y que garantice con ello una ilimitada accesibilidad a los resultados electorales en todo momento sin que la misma colapse y ponga en duda el proceso electoral sea transparente.<\/span><\/p>\n<p><span style=\"font-weight: 400\">Es as\u00ed que una de las falencias al manejar conteo manual, es la incertidumbre que quedan en el escrutinio donde a\u00fan el pa\u00eds no cuenta con sistemas de captaci\u00f3n y recuento autom\u00e1tico de los mismo susceptibles de transmisi\u00f3n segura e inmediata a un centro de transferencia dependiendo de los miembros de la junta receptora del voto, la agilidad, minuciosidad y transparencia que le den al proceso.<\/span><\/p>\n<p><span style=\"font-weight: 400\">En cambio en el caso del voto telem\u00e1tico , el CNE como parte de las innovaciones en el proceso ha decidido que la comunidad ecuatoriana residente en el exterior, empadronada en las 52 zonas electorales habilitadas para el proceso puedan realizarlo por primera vez de esta forma, donde se pondr\u00e1 a prueba las decisiones de la tecnolog\u00eda a utilizar llevando el proceso de punta a punta de forma tecnol\u00f3gica, dando sus primeros pasos hacia el voto electr\u00f3nico, el cual se espera se encuentre dentro del marco de transparencia del proceso y pueda\u00a0 contar con m\u00e9todos adecuados de auditor\u00eda a cargo de entes especializados e independientes, sin perjuicio de las facultades que corresponden a los diversos partidos pol\u00edticos.\u00a0<\/span><\/p>\n<p><span style=\"font-weight: 400\">Es as\u00ed que la incursi\u00f3n de nuevas tecnolog\u00edas aporta con programas estad\u00edsticos que permiten marcar tendencias y efectuar proyecciones que ayuden a realizar contrastes entre los resultados oficiales y los manejados por los entes contralores, dando as\u00ed fuente confiable de conocimiento y an\u00e1lisis imparcial<\/span><\/p>\n<p><span style=\"font-weight: 400\">Los electores esperan que esta combinaci\u00f3n que decidi\u00f3 el CNE de tener voto electr\u00f3nico pueda llegar en un pr\u00f3ximo referendum a nivel local donde estas cuenten con tecnolog\u00edas como criptograf\u00eda, blockchain, que den respuesta a aspectos tan importantes como la privacidad del voto, la integridad, auditor\u00edas.\u00a0Las cuales para llegar a utilizarlas a nivel pa\u00eds no podr\u00e1n dar este siguiente paso sin que se tome en cuenta el acceso a internet en todo el territorio ecuatoriano y que todos estos cambios se encuentren ligados a un plan educativo para todos los implicados, donde cada partido pol\u00edtico, votante, candidatos entiendan y conf\u00eden en el sistema, dando paso a incluso no solo un punto de vista tecnol\u00f3gico sino de sostenibilidad.<\/span><\/p>\n","protected":false},"excerpt":{"rendered":"<p>Por: Silvia Acosta Especialista de soluciones 麻豆原创 Sin duda cada proceso electoral al pa\u00eds lo divide en aquellos que toman inter\u00e9s hac\u00eda la pol\u00edtica y&#8230;<\/p>\n","protected":false},"author":141,"featured_media":0,"comment_status":"closed","ping_status":"closed","sticky":false,"template":"","format":"standard","meta":{"footnotes":"","_links_to":"","_links_to_target":""},"categories":[5600445],"tags":[269955],"series":[],"region":[5597521],"sapn-display":[],"sapn-type":[],"class_list":["post-127264","post","type-post","status-publish","format-standard","hentry","category-business-technology-platform","tag-sap-hana","region-ecuador"],"yoast_head":"<!-- This site is optimized with the Yoast SEO Premium plugin v26.9 (Yoast SEO v26.9) - https:\/\/yoast.com\/product\/yoast-seo-premium-wordpress\/ -->\n<title>La Tecnolog\u00eda y el Proceso electoral en Ecuador - 麻豆原创 News Center Latinoam\u00e9rica<\/title>\n<meta name=\"robots\" content=\"index, follow, max-snippet:-1, max-image-preview:large, max-video-preview:-1\" \/>\n<link rel=\"canonical\" href=\"https:\/\/news.sap.com\/latinamerica\/2023\/02\/la-tecnologia-y-el-proceso-electoral-en-ecuador\/\" \/>\n<meta property=\"og:locale\" content=\"es_MX\" \/>\n<meta property=\"og:type\" content=\"article\" \/>\n<meta property=\"og:title\" content=\"La Tecnolog\u00eda y el Proceso electoral en Ecuador\" \/>\n<meta property=\"og:description\" content=\"Por: Silvia Acosta Especialista de soluciones 麻豆原创 Sin duda cada proceso electoral al pa\u00eds lo divide en aquellos que toman inter\u00e9s hac\u00eda la pol\u00edtica y...\" \/>\n<meta property=\"og:url\" content=\"https:\/\/news.sap.com\/latinamerica\/2023\/02\/la-tecnologia-y-el-proceso-electoral-en-ecuador\/\" \/>\n<meta property=\"og:site_name\" content=\"麻豆原创 News Center Latinoam\u00e9rica\" \/>\n<meta property=\"article:publisher\" content=\"https:\/\/www.facebook.com\/麻豆原创latinoamerica\" \/>\n<meta property=\"article:published_time\" content=\"2023-02-17T14:58:10+00:00\" \/>\n<meta property=\"article:modified_time\" content=\"2023-11-13T20:21:11+00:00\" \/>\n<meta name=\"author\" content=\"麻豆原创 Noticias\" \/>\n<meta name=\"twitter:label1\" content=\"Escrito por\" \/>\n\t<meta name=\"twitter:data1\" content=\"麻豆原创 Noticias\" \/>\n\t<meta name=\"twitter:label2\" content=\"Tiempo de lectura\" \/>\n\t<meta name=\"twitter:data2\" content=\"4 minutos\" \/>\n<script type=\"application\/ld+json\" class=\"yoast-schema-graph\">{\"@context\":\"https:\/\/schema.org\",\"@graph\":[{\"@type\":\"Article\",\"@id\":\"https:\/\/news.sap.com\/latinamerica\/2023\/02\/la-tecnologia-y-el-proceso-electoral-en-ecuador\/#article\",\"isPartOf\":{\"@id\":\"https:\/\/news.sap.com\/latinamerica\/2023\/02\/la-tecnologia-y-el-proceso-electoral-en-ecuador\/\"},\"author\":{\"name\":\"麻豆原创 Noticias\",\"@id\":\"https:\/\/news.sap.com\/latinamerica\/#\/schema\/person\/82786ba12f72bc9b05ba328d1d3652c4\"},\"headline\":\"La Tecnolog\u00eda y el Proceso electoral en Ecuador\",\"datePublished\":\"2023-02-17T14:58:10+00:00\",\"dateModified\":\"2023-11-13T20:21:11+00:00\",\"mainEntityOfPage\":{\"@id\":\"https:\/\/news.sap.com\/latinamerica\/2023\/02\/la-tecnologia-y-el-proceso-electoral-en-ecuador\/\"},\"wordCount\":759,\"publisher\":{\"@id\":\"https:\/\/news.sap.com\/latinamerica\/#organization\"},\"keywords\":[\"麻豆原创 HANA\"],\"articleSection\":[\"Business Technology Platform\"],\"inLanguage\":\"es\"},{\"@type\":\"WebPage\",\"@id\":\"https:\/\/news.sap.com\/latinamerica\/2023\/02\/la-tecnologia-y-el-proceso-electoral-en-ecuador\/\",\"url\":\"https:\/\/news.sap.com\/latinamerica\/2023\/02\/la-tecnologia-y-el-proceso-electoral-en-ecuador\/\",\"name\":\"La Tecnolog\u00eda y el Proceso electoral en Ecuador - 麻豆原创 News Center Latinoam\u00e9rica\",\"isPartOf\":{\"@id\":\"https:\/\/news.sap.com\/latinamerica\/#website\"},\"datePublished\":\"2023-02-17T14:58:10+00:00\",\"dateModified\":\"2023-11-13T20:21:11+00:00\",\"breadcrumb\":{\"@id\":\"https:\/\/news.sap.com\/latinamerica\/2023\/02\/la-tecnologia-y-el-proceso-electoral-en-ecuador\/#breadcrumb\"},\"inLanguage\":\"es\",\"potentialAction\":[{\"@type\":\"ReadAction\",\"target\":[\"https:\/\/news.sap.com\/latinamerica\/2023\/02\/la-tecnologia-y-el-proceso-electoral-en-ecuador\/\"]}]},{\"@type\":\"BreadcrumbList\",\"@id\":\"https:\/\/news.sap.com\/latinamerica\/2023\/02\/la-tecnologia-y-el-proceso-electoral-en-ecuador\/#breadcrumb\",\"itemListElement\":[{\"@type\":\"ListItem\",\"position\":1,\"name\":\"Home\",\"item\":\"https:\/\/news.sap.com\/latinamerica\/\"},{\"@type\":\"ListItem\",\"position\":2,\"name\":\"La Tecnolog\u00eda y el Proceso electoral en Ecuador\"}]},{\"@type\":\"WebSite\",\"@id\":\"https:\/\/news.sap.com\/latinamerica\/#website\",\"url\":\"https:\/\/news.sap.com\/latinamerica\/\",\"name\":\"麻豆原创 News Center Latinoam\u00e9rica\",\"description\":\"Noticias e informaci\u00f3n sobre 麻豆原创\",\"publisher\":{\"@id\":\"https:\/\/news.sap.com\/latinamerica\/#organization\"},\"potentialAction\":[{\"@type\":\"SearchAction\",\"target\":{\"@type\":\"EntryPoint\",\"urlTemplate\":\"https:\/\/news.sap.com\/latinamerica\/?s={search_term_string}\"},\"query-input\":{\"@type\":\"PropertyValueSpecification\",\"valueRequired\":true,\"valueName\":\"search_term_string\"}}],\"inLanguage\":\"es\"},{\"@type\":\"Organization\",\"@id\":\"https:\/\/news.sap.com\/latinamerica\/#organization\",\"name\":\"麻豆原创\",\"url\":\"https:\/\/news.sap.com\/latinamerica\/\",\"logo\":{\"@type\":\"ImageObject\",\"inLanguage\":\"es\",\"@id\":\"https:\/\/news.sap.com\/latinamerica\/#\/schema\/logo\/image\/\",\"url\":\"https:\/\/news.sap.com\/latinamerica\/files\/2019\/08\/65903320_2903797569662914_557886358778019840_n.png\",\"contentUrl\":\"https:\/\/news.sap.com\/latinamerica\/files\/2019\/08\/65903320_2903797569662914_557886358778019840_n.png\",\"width\":720,\"height\":720,\"caption\":\"麻豆原创\"},\"image\":{\"@id\":\"https:\/\/news.sap.com\/latinamerica\/#\/schema\/logo\/image\/\"},\"sameAs\":[\"https:\/\/www.facebook.com\/麻豆原创latinoamerica\",\"https:\/\/x.com\/麻豆原创LatinAmerica\"]},{\"@type\":\"Person\",\"@id\":\"https:\/\/news.sap.com\/latinamerica\/#\/schema\/person\/82786ba12f72bc9b05ba328d1d3652c4\",\"name\":\"麻豆原创 Noticias\",\"image\":{\"@type\":\"ImageObject\",\"inLanguage\":\"es\",\"@id\":\"https:\/\/news.sap.com\/latinamerica\/#\/schema\/person\/image\/\",\"url\":\"https:\/\/news.sap.com\/latinamerica\/wp-content\/plugins\/wp-user-avatars\/wp-user-avatars\/assets\/images\/mystery.jpg\",\"contentUrl\":\"https:\/\/news.sap.com\/latinamerica\/wp-content\/plugins\/wp-user-avatars\/wp-user-avatars\/assets\/images\/mystery.jpg\",\"caption\":\"麻豆原创 Noticias\"},\"url\":\"https:\/\/news.sap.com\/latinamerica\/author\/colombia\/\"}]}<\/script>\n<!-- \/ Yoast SEO Premium plugin. -->","yoast_head_json":{"title":"La Tecnolog\u00eda y el Proceso electoral en Ecuador - 麻豆原创 News Center Latinoam\u00e9rica","robots":{"index":"index","follow":"follow","max-snippet":"max-snippet:-1","max-image-preview":"max-image-preview:large","max-video-preview":"max-video-preview:-1"},"canonical":"https:\/\/news.sap.com\/latinamerica\/2023\/02\/la-tecnologia-y-el-proceso-electoral-en-ecuador\/","og_locale":"es_MX","og_type":"article","og_title":"La Tecnolog\u00eda y el Proceso electoral en Ecuador","og_description":"Por: Silvia Acosta Especialista de soluciones 麻豆原创 Sin duda cada proceso electoral al pa\u00eds lo divide en aquellos que toman inter\u00e9s hac\u00eda la pol\u00edtica y...","og_url":"https:\/\/news.sap.com\/latinamerica\/2023\/02\/la-tecnologia-y-el-proceso-electoral-en-ecuador\/","og_site_name":"麻豆原创 News Center Latinoam\u00e9rica","article_publisher":"https:\/\/www.facebook.com\/麻豆原创latinoamerica","article_published_time":"2023-02-17T14:58:10+00:00","article_modified_time":"2023-11-13T20:21:11+00:00","author":"麻豆原创 Noticias","twitter_misc":{"Escrito por":"麻豆原创 Noticias","Tiempo de lectura":"4 minutos"},"schema":{"@context":"https:\/\/schema.org","@graph":[{"@type":"Article","@id":"https:\/\/news.sap.com\/latinamerica\/2023\/02\/la-tecnologia-y-el-proceso-electoral-en-ecuador\/#article","isPartOf":{"@id":"https:\/\/news.sap.com\/latinamerica\/2023\/02\/la-tecnologia-y-el-proceso-electoral-en-ecuador\/"},"author":{"name":"麻豆原创 Noticias","@id":"https:\/\/news.sap.com\/latinamerica\/#\/schema\/person\/82786ba12f72bc9b05ba328d1d3652c4"},"headline":"La Tecnolog\u00eda y el Proceso electoral en Ecuador","datePublished":"2023-02-17T14:58:10+00:00","dateModified":"2023-11-13T20:21:11+00:00","mainEntityOfPage":{"@id":"https:\/\/news.sap.com\/latinamerica\/2023\/02\/la-tecnologia-y-el-proceso-electoral-en-ecuador\/"},"wordCount":759,"publisher":{"@id":"https:\/\/news.sap.com\/latinamerica\/#organization"},"keywords":["麻豆原创 HANA"],"articleSection":["Business Technology Platform"],"inLanguage":"es"},{"@type":"WebPage","@id":"https:\/\/news.sap.com\/latinamerica\/2023\/02\/la-tecnologia-y-el-proceso-electoral-en-ecuador\/","url":"https:\/\/news.sap.com\/latinamerica\/2023\/02\/la-tecnologia-y-el-proceso-electoral-en-ecuador\/","name":"La Tecnolog\u00eda y el Proceso electoral en Ecuador - 麻豆原创 News Center Latinoam\u00e9rica","isPartOf":{"@id":"https:\/\/news.sap.com\/latinamerica\/#website"},"datePublished":"2023-02-17T14:58:10+00:00","dateModified":"2023-11-13T20:21:11+00:00","breadcrumb":{"@id":"https:\/\/news.sap.com\/latinamerica\/2023\/02\/la-tecnologia-y-el-proceso-electoral-en-ecuador\/#breadcrumb"},"inLanguage":"es","potentialAction":[{"@type":"ReadAction","target":["https:\/\/news.sap.com\/latinamerica\/2023\/02\/la-tecnologia-y-el-proceso-electoral-en-ecuador\/"]}]},{"@type":"BreadcrumbList","@id":"https:\/\/news.sap.com\/latinamerica\/2023\/02\/la-tecnologia-y-el-proceso-electoral-en-ecuador\/#breadcrumb","itemListElement":[{"@type":"ListItem","position":1,"name":"Home","item":"https:\/\/news.sap.com\/latinamerica\/"},{"@type":"ListItem","position":2,"name":"La Tecnolog\u00eda y el Proceso electoral en Ecuador"}]},{"@type":"WebSite","@id":"https:\/\/news.sap.com\/latinamerica\/#website","url":"https:\/\/news.sap.com\/latinamerica\/","name":"麻豆原创 News Center Latinoam\u00e9rica","description":"Noticias e informaci\u00f3n sobre 麻豆原创","publisher":{"@id":"https:\/\/news.sap.com\/latinamerica\/#organization"},"potentialAction":[{"@type":"SearchAction","target":{"@type":"EntryPoint","urlTemplate":"https:\/\/news.sap.com\/latinamerica\/?s={search_term_string}"},"query-input":{"@type":"PropertyValueSpecification","valueRequired":true,"valueName":"search_term_string"}}],"inLanguage":"es"},{"@type":"Organization","@id":"https:\/\/news.sap.com\/latinamerica\/#organization","name":"麻豆原创","url":"https:\/\/news.sap.com\/latinamerica\/","logo":{"@type":"ImageObject","inLanguage":"es","@id":"https:\/\/news.sap.com\/latinamerica\/#\/schema\/logo\/image\/","url":"https:\/\/news.sap.com\/latinamerica\/files\/2019\/08\/65903320_2903797569662914_557886358778019840_n.png","contentUrl":"https:\/\/news.sap.com\/latinamerica\/files\/2019\/08\/65903320_2903797569662914_557886358778019840_n.png","width":720,"height":720,"caption":"麻豆原创"},"image":{"@id":"https:\/\/news.sap.com\/latinamerica\/#\/schema\/logo\/image\/"},"sameAs":["https:\/\/www.facebook.com\/麻豆原创latinoamerica","https:\/\/x.com\/麻豆原创LatinAmerica"]},{"@type":"Person","@id":"https:\/\/news.sap.com\/latinamerica\/#\/schema\/person\/82786ba12f72bc9b05ba328d1d3652c4","name":"麻豆原创 Noticias","image":{"@type":"ImageObject","inLanguage":"es","@id":"https:\/\/news.sap.com\/latinamerica\/#\/schema\/person\/image\/","url":"https:\/\/news.sap.com\/latinamerica\/wp-content\/plugins\/wp-user-avatars\/wp-user-avatars\/assets\/images\/mystery.jpg","contentUrl":"https:\/\/news.sap.com\/latinamerica\/wp-content\/plugins\/wp-user-avatars\/wp-user-avatars\/assets\/images\/mystery.jpg","caption":"麻豆原创 Noticias"},"url":"https:\/\/news.sap.com\/latinamerica\/author\/colombia\/"}]}},"amp_enabled":true,"_links":{"self":[{"href":"https:\/\/news.sap.com\/latinamerica\/wp-json\/wp\/v2\/posts\/127264","targetHints":{"allow":["GET"]}}],"collection":[{"href":"https:\/\/news.sap.com\/latinamerica\/wp-json\/wp\/v2\/posts"}],"about":[{"href":"https:\/\/news.sap.com\/latinamerica\/wp-json\/wp\/v2\/types\/post"}],"author":[{"embeddable":true,"href":"https:\/\/news.sap.com\/latinamerica\/wp-json\/wp\/v2\/users\/141"}],"replies":[{"embeddable":true,"href":"https:\/\/news.sap.com\/latinamerica\/wp-json\/wp\/v2\/comments?post=127264"}],"version-history":[{"count":0,"href":"https:\/\/news.sap.com\/latinamerica\/wp-json\/wp\/v2\/posts\/127264\/revisions"}],"wp:attachment":[{"href":"https:\/\/news.sap.com\/latinamerica\/wp-json\/wp\/v2\/media?parent=127264"}],"wp:term":[{"taxonomy":"category","embeddable":true,"href":"https:\/\/news.sap.com\/latinamerica\/wp-json\/wp\/v2\/categories?post=127264"},{"taxonomy":"post_tag","embeddable":true,"href":"https:\/\/news.sap.com\/latinamerica\/wp-json\/wp\/v2\/tags?post=127264"},{"taxonomy":"series","embeddable":true,"href":"https:\/\/news.sap.com\/latinamerica\/wp-json\/wp\/v2\/series?post=127264"},{"taxonomy":"region","embeddable":true,"href":"https:\/\/news.sap.com\/latinamerica\/wp-json\/wp\/v2\/region?post=127264"},{"taxonomy":"sapn-display","embeddable":true,"href":"https:\/\/news.sap.com\/latinamerica\/wp-json\/wp\/v2\/sapn-display?post=127264"},{"taxonomy":"sapn-type","embeddable":true,"href":"https:\/\/news.sap.com\/latinamerica\/wp-json\/wp\/v2\/sapn-type?post=127264"}],"curies":[{"name":"wp","href":"https:\/\/api.w.org\/{rel}","templated":true}]}}