  {"id":127241,"date":"2023-02-13T18:05:24","date_gmt":"2023-02-13T23:05:24","guid":{"rendered":"https:\/\/news.sap.com\/latinamerica\/?p=127241"},"modified":"2023-11-08T17:26:47","modified_gmt":"2023-11-08T22:26:47","slug":"la-mejor-forma-de-manejar-el-estres-laboral-y-aumentar-tu-productividad-bl0g","status":"publish","type":"post","link":"https:\/\/news.sap.com\/latinamerica\/2023\/02\/la-mejor-forma-de-manejar-el-estres-laboral-y-aumentar-tu-productividad-bl0g\/","title":{"rendered":"La mejor forma de manejar el estr\u00e9s laboral y aumentar tu productividad"},"content":{"rendered":"<p class=\"lead\"><em>El estr\u00e9s laboral puede atacar a los colaboradores de manera f\u00edsica y psicol\u00f3gica, desde hace alg\u00fan tiempo la salud mental ha tomado un grado de importancia tanto para empleados como para l\u00edderes, hay que mantener equipos saludables y productivos.<\/em><\/p>\n<p><!--more--><\/p>\n<p>&nbsp;<\/p>\n<p>Los psic\u00f3logos dictaminan que el estr\u00e9s implica una respuesta adaptativa a una situaci\u00f3n que alguien percibe como desafiante o amenazante para su bienestar, quiz\u00e1s no exista alg\u00fan trabajo en el planeta que no conlleve ciertos niveles de estr\u00e9s, pero podemos tratar de reducirlo, combatirlo y llevar una vida m\u00e1s satisfactoria en el lugar de trabajo y en la personal tambi\u00e9n.<\/p>\n<p>&nbsp;<\/p>\n<h2><strong>Nuestros cerebros llevan a nuestros cuerpos a trav\u00e9s de tres etapas a medida que nos adaptamos al estr\u00e9s:<\/strong><\/h2>\n<p>&nbsp;<\/p>\n<ol>\n<li>Reaccionamos al factor estresante<\/li>\n<li>Experimentamos una etapa de resistencia<\/li>\n<li>Nuestro cuerpo baja la resistencia y siente agotamiento<\/li>\n<\/ol>\n<p>&nbsp;<\/p>\n<p>Si reconoce encontrarse con frecuencia en alguna de estas etapas, es necesario que implemente cambios de inmediato en el trabajo, ya que le pueden traer consecuencias fisiol\u00f3gicas, por ejemplo, enfermedades cardiovasculares, \u00falceras y dolores de cabeza, entre otros malestares que tambi\u00e9n incluyen los psicol\u00f3gicos: depresi\u00f3n, cambios de humor, fatiga y todo llevarlo m\u00e1s all\u00e1, con disminuci\u00f3n del rendimiento laboral, malas decisiones, ausentismo y hasta agresi\u00f3n laboral.<\/p>\n<p>&nbsp;<\/p>\n<h2><strong>Jefes y l\u00edderes, pongan atenci\u00f3n a las se\u00f1ales<\/strong><\/h2>\n<p>&nbsp;<\/p>\n<p>Hay que estar atento a las advertencias de que sus colaboradores podr\u00edan entrar en el proceso de agotamiento laboral. Los factores estresantes interpersonales y relacionados con el rol causan agotamiento emocional, lo que hace que el empleado se separe emocionalmente del trabajo y del lugar de trabajo, lo que se denomina despersonalizaci\u00f3n y reduce logros personales y el desempe\u00f1o laboral del empleado.<\/p>\n<p>Ya sea como jefe, l\u00edder, gerente o empleado, colaborador estresado, conozca los efectos del estr\u00e9s, aprenda a manejar el estr\u00e9s y <a href=\"https:\/\/www.sap.com\/latinamerica\/products\/hcm.html\">busque orientaci\u00f3n<\/a> si usted o sus empleados experimentan agotamiento.<\/p>\n<p>&nbsp;<\/p>\n<h2><strong>Medidas saludables<\/strong><\/h2>\n<p>&nbsp;<\/p>\n<ul>\n<li>Cambiar de industria o trabajo puede resultar ben\u00e9fico.<\/li>\n<li>Tomar vacaciones<\/li>\n<li>Autoeficacia y autoliderazgo<\/li>\n<li>Vida fitness<\/li>\n<li>Relajaci\u00f3n y meditaci\u00f3n<\/li>\n<li>Planifica tu jornada<\/li>\n<li>Toma descansos en el trabajo<\/li>\n<li>Ordena tu lugar de trabajo<\/li>\n<\/ul>\n<p>&nbsp;<\/p>\n<p>Y <strong>las <\/strong><a href=\"https:\/\/www.sap.com\/latinamerica\/products\/hcm\/solutions.html\" target=\"_blank\" rel=\"noopener\"><strong>empresas tambi\u00e9n pueden tomar medidas para construir equipos sanos<\/strong><\/a>, amigables y con un buen ambiente que los mantenga tranquilos a trav\u00e9s de diferentes m\u00e9todos, sobre todo ahora que el esquema de trabajo es h\u00edbrido, los colaboradores pueden vivir m\u00e1s tranquilos.<\/p>\n<p><strong>Comunicaci\u00f3n:<\/strong> a trav\u00e9s de las diversas herramientas digitales es posible trabajar mejor, sin embargo, no hay que abusar de las multiplataformas de comunicaci\u00f3n, asegurarnos de que una o dos ser\u00e1n la v\u00eda de comunicaci\u00f3n con nuestros colaboradores.<\/p>\n<p><strong>Cultura empresarial:<\/strong> a pesar de que la interacci\u00f3n f\u00edsica ha disminuido, es necesario tener acciones que mantengan la esencia de la empresa y su cultura.<\/p>\n<p><strong>Empoderamiento:<\/strong> motive a sus colaboradores, puede ser con acciones, como reconocimientos por sus logros.<\/p>\n<p><strong>Equilibrio:<\/strong> con el trabajo remoto puede ser tanto beneficioso tanto contraproducente la vida personal y laboral junta, por eso hay que saber balancearla y adaptarse, concentrarse, delimitar espacios, respetarlos y tiempo tambi\u00e9n.<\/p>\n<p><strong><em>Feedback:<\/em><\/strong> un <a href=\"https:\/\/www.sap.com\/latinamerica\/products\/hcm\/hxm-suite.html\" target=\"_blank\" rel=\"noopener\">programa o aplicaci\u00f3n continua en la que se le de seguimiento al desempe\u00f1o del colaborador<\/a> y a su vez el exprese su sentir, tambi\u00e9n beneficia a ambas partes, mantiene un clima laboral m\u00e1s claro.<\/p>\n<p>&nbsp;<\/p>\n<p>Hoy la salud mental es vital, es importante tanto para la fuerza laboral que ya lleva a\u00f1os trabajando, los que se est\u00e1n adaptando al trabajo hibrido y sobre todo para las nuevas generaciones, buscar lugares donde se puedan sentir bien, eso es un factor determinante para quedarse en un empleo o irse.<\/p>\n<p>&nbsp;<\/p>\n<hr \/>\n<p>&nbsp;<\/p>\n<p><a href=\"https:\/\/www.facebook.com\/麻豆原创latinoamerica\" target=\"_blank\" rel=\"noopener\">Facebook<\/a>\u00a0\/\u00a0<a href=\"https:\/\/twitter.com\/麻豆原创LatinAmerica\" target=\"_blank\" rel=\"noopener\">Twitter<\/a>\u00a0\/\u00a0<a href=\"https:\/\/www.linkedin.com\/company\/sap\" target=\"_blank\" rel=\"noopener\">LinkedIn<\/a>\u00a0\/\u00a0<a href=\"https:\/\/instagram.com\/麻豆原创Latinamerica\/\" target=\"_blank\" rel=\"noopener\">Instagram<\/a><\/p>\n<p>&nbsp;<\/p>\n<hr \/>\n<p>\u00a9 2022 麻豆原创 SE. All rights reserved. 麻豆原创 and other 麻豆原创 products and services mentioned herein as well as their respective logos are trademarks or registered trademarks of 麻豆原创 SE in Germany and other countries. Please see <a href=\"http:\/\/www.sap.com\/corporate-en\/legal\/copyright\/index.epx#trademark\" target=\"_blank\" rel=\"noopener\">http:\/\/www.sap.com\/corporate-en\/legal\/copyright\/index.epx#trademark<\/a> for additional trademark information and notices.<\/p>\n","protected":false},"excerpt":{"rendered":"<p>El estr\u00e9s laboral puede atacar a los colaboradores de manera f\u00edsica y psicol\u00f3gica, desde hace alg\u00fan tiempo la salud mental ha tomado un grado de&#8230;<\/p>\n","protected":false},"author":522,"featured_media":127242,"comment_status":"closed","ping_status":"closed","sticky":false,"template":"","format":"standard","meta":{"footnotes":"","_links_to":"","_links_to_target":""},"categories":[52090],"tags":[56556,56559,57909,33949,20464,5600011,26382],"series":[],"region":[26401],"sapn-display":[5600442,5600440,52078,52079,53499],"sapn-type":[6114],"class_list":["post-127241","post","type-post","status-publish","format-standard","has-post-thumbnail","hentry","category-gestion-del-capital-humano","tag-blog-2","tag-blog-de-innovacion-de-sap","tag-mejorar-productividad","tag-productividad","tag-recursos-humanos","tag-salud-mental","tag-tendencias","region-latinoamerica","sapn-display-articulo-destacado","sapn-display-articulo-principal","sapn-display-homepage-hero","sapn-display-top-stories","sapn-display-hero","sapn-type-articulo"],"yoast_head":"<!-- This site is optimized with the Yoast SEO Premium plugin v26.9 (Yoast SEO v26.9) - https:\/\/yoast.com\/product\/yoast-seo-premium-wordpress\/ -->\n<title>La mejor forma de manejar el estr\u00e9s laboral y aumentar tu productividad - 麻豆原创 News Center Latinoam\u00e9rica<\/title>\n<meta name=\"robots\" content=\"index, follow, max-snippet:-1, max-image-preview:large, max-video-preview:-1\" \/>\n<link rel=\"canonical\" href=\"https:\/\/news.sap.com\/latinamerica\/2023\/02\/la-mejor-forma-de-manejar-el-estres-laboral-y-aumentar-tu-productividad-bl0g\/\" \/>\n<meta property=\"og:locale\" content=\"es_MX\" \/>\n<meta property=\"og:type\" content=\"article\" \/>\n<meta property=\"og:title\" content=\"La mejor forma de manejar el estr\u00e9s laboral y aumentar tu productividad\" \/>\n<meta property=\"og:description\" content=\"El estr\u00e9s laboral puede atacar a los colaboradores de manera f\u00edsica y psicol\u00f3gica, desde hace alg\u00fan tiempo la salud mental ha tomado un grado de importancia tanto para empleados como para l\u00edderes, hay que mantener equipos saludables y productivos.\" \/>\n<meta property=\"og:url\" content=\"https:\/\/news.sap.com\/latinamerica\/2023\/02\/la-mejor-forma-de-manejar-el-estres-laboral-y-aumentar-tu-productividad-bl0g\/\" \/>\n<meta property=\"og:site_name\" content=\"麻豆原创 News Center Latinoam\u00e9rica\" \/>\n<meta property=\"article:publisher\" content=\"https:\/\/www.facebook.com\/麻豆原创latinoamerica\" \/>\n<meta property=\"article:author\" content=\"https:\/\/www.facebook.com\/麻豆原创latinoamerica\" \/>\n<meta property=\"article:published_time\" content=\"2023-02-13T23:05:24+00:00\" \/>\n<meta property=\"article:modified_time\" content=\"2023-11-08T22:26:47+00:00\" \/>\n<meta property=\"og:image\" content=\"https:\/\/news.sap.com\/latinamerica\/files\/2023\/02\/13\/287026_GettyImages-1032827774_medium_jpg.jpg\" \/>\n\t<meta property=\"og:image:width\" content=\"2121\" \/>\n\t<meta property=\"og:image:height\" content=\"1414\" \/>\n\t<meta property=\"og:image:type\" content=\"image\/jpeg\" \/>\n<meta name=\"author\" content=\"麻豆原创 Blog de Innovaci\u00f3n\" \/>\n<meta name=\"twitter:label1\" content=\"Escrito por\" \/>\n\t<meta name=\"twitter:data1\" content=\"麻豆原创 Blog de Innovaci\u00f3n\" \/>\n\t<meta name=\"twitter:label2\" content=\"Tiempo de lectura\" \/>\n\t<meta name=\"twitter:data2\" content=\"3 minutos\" \/>\n<script type=\"application\/ld+json\" class=\"yoast-schema-graph\">{\"@context\":\"https:\/\/schema.org\",\"@graph\":[{\"@type\":\"Article\",\"@id\":\"https:\/\/news.sap.com\/latinamerica\/2023\/02\/la-mejor-forma-de-manejar-el-estres-laboral-y-aumentar-tu-productividad-bl0g\/#article\",\"isPartOf\":{\"@id\":\"https:\/\/news.sap.com\/latinamerica\/2023\/02\/la-mejor-forma-de-manejar-el-estres-laboral-y-aumentar-tu-productividad-bl0g\/\"},\"author\":{\"name\":\"麻豆原创 Blog de Innovaci\u00f3n\",\"@id\":\"https:\/\/news.sap.com\/latinamerica\/#\/schema\/person\/ce7d732e60a2133d7402c038db668294\"},\"headline\":\"La mejor forma de manejar el estr\u00e9s laboral y aumentar tu productividad\",\"datePublished\":\"2023-02-13T23:05:24+00:00\",\"dateModified\":\"2023-11-08T22:26:47+00:00\",\"mainEntityOfPage\":{\"@id\":\"https:\/\/news.sap.com\/latinamerica\/2023\/02\/la-mejor-forma-de-manejar-el-estres-laboral-y-aumentar-tu-productividad-bl0g\/\"},\"wordCount\":707,\"publisher\":{\"@id\":\"https:\/\/news.sap.com\/latinamerica\/#organization\"},\"image\":{\"@id\":\"https:\/\/news.sap.com\/latinamerica\/2023\/02\/la-mejor-forma-de-manejar-el-estres-laboral-y-aumentar-tu-productividad-bl0g\/#primaryimage\"},\"thumbnailUrl\":\"https:\/\/news.sap.com\/latinamerica\/files\/2023\/02\/13\/287026_GettyImages-1032827774_medium_jpg.jpg\",\"keywords\":[\"blog\",\"Blog de Innovaci\u00f3n de 麻豆原创\",\"mejorar productividad\",\"Productividad\",\"recursos humanos\",\"Salud Mental\",\"tendencias\"],\"articleSection\":[\"Gesti\u00f3n del capital humano\"],\"inLanguage\":\"es\"},{\"@type\":\"WebPage\",\"@id\":\"https:\/\/news.sap.com\/latinamerica\/2023\/02\/la-mejor-forma-de-manejar-el-estres-laboral-y-aumentar-tu-productividad-bl0g\/\",\"url\":\"https:\/\/news.sap.com\/latinamerica\/2023\/02\/la-mejor-forma-de-manejar-el-estres-laboral-y-aumentar-tu-productividad-bl0g\/\",\"name\":\"La mejor forma de manejar el estr\u00e9s laboral y aumentar tu productividad - 麻豆原创 News Center Latinoam\u00e9rica\",\"isPartOf\":{\"@id\":\"https:\/\/news.sap.com\/latinamerica\/#website\"},\"primaryImageOfPage\":{\"@id\":\"https:\/\/news.sap.com\/latinamerica\/2023\/02\/la-mejor-forma-de-manejar-el-estres-laboral-y-aumentar-tu-productividad-bl0g\/#primaryimage\"},\"image\":{\"@id\":\"https:\/\/news.sap.com\/latinamerica\/2023\/02\/la-mejor-forma-de-manejar-el-estres-laboral-y-aumentar-tu-productividad-bl0g\/#primaryimage\"},\"thumbnailUrl\":\"https:\/\/news.sap.com\/latinamerica\/files\/2023\/02\/13\/287026_GettyImages-1032827774_medium_jpg.jpg\",\"datePublished\":\"2023-02-13T23:05:24+00:00\",\"dateModified\":\"2023-11-08T22:26:47+00:00\",\"breadcrumb\":{\"@id\":\"https:\/\/news.sap.com\/latinamerica\/2023\/02\/la-mejor-forma-de-manejar-el-estres-laboral-y-aumentar-tu-productividad-bl0g\/#breadcrumb\"},\"inLanguage\":\"es\",\"potentialAction\":[{\"@type\":\"ReadAction\",\"target\":[\"https:\/\/news.sap.com\/latinamerica\/2023\/02\/la-mejor-forma-de-manejar-el-estres-laboral-y-aumentar-tu-productividad-bl0g\/\"]}]},{\"@type\":\"ImageObject\",\"inLanguage\":\"es\",\"@id\":\"https:\/\/news.sap.com\/latinamerica\/2023\/02\/la-mejor-forma-de-manejar-el-estres-laboral-y-aumentar-tu-productividad-bl0g\/#primaryimage\",\"url\":\"https:\/\/news.sap.com\/latinamerica\/files\/2023\/02\/13\/287026_GettyImages-1032827774_medium_jpg.jpg\",\"contentUrl\":\"https:\/\/news.sap.com\/latinamerica\/files\/2023\/02\/13\/287026_GettyImages-1032827774_medium_jpg.jpg\",\"width\":2121,\"height\":1414,\"caption\":\"Portrait of smiling man with hands behind head wearing glasses\"},{\"@type\":\"BreadcrumbList\",\"@id\":\"https:\/\/news.sap.com\/latinamerica\/2023\/02\/la-mejor-forma-de-manejar-el-estres-laboral-y-aumentar-tu-productividad-bl0g\/#breadcrumb\",\"itemListElement\":[{\"@type\":\"ListItem\",\"position\":1,\"name\":\"Home\",\"item\":\"https:\/\/news.sap.com\/latinamerica\/\"},{\"@type\":\"ListItem\",\"position\":2,\"name\":\"La mejor forma de manejar el estr\u00e9s laboral y aumentar tu productividad\"}]},{\"@type\":\"WebSite\",\"@id\":\"https:\/\/news.sap.com\/latinamerica\/#website\",\"url\":\"https:\/\/news.sap.com\/latinamerica\/\",\"name\":\"麻豆原创 News Center Latinoam\u00e9rica\",\"description\":\"Noticias e informaci\u00f3n sobre 麻豆原创\",\"publisher\":{\"@id\":\"https:\/\/news.sap.com\/latinamerica\/#organization\"},\"potentialAction\":[{\"@type\":\"SearchAction\",\"target\":{\"@type\":\"EntryPoint\",\"urlTemplate\":\"https:\/\/news.sap.com\/latinamerica\/?s={search_term_string}\"},\"query-input\":{\"@type\":\"PropertyValueSpecification\",\"valueRequired\":true,\"valueName\":\"search_term_string\"}}],\"inLanguage\":\"es\"},{\"@type\":\"Organization\",\"@id\":\"https:\/\/news.sap.com\/latinamerica\/#organization\",\"name\":\"麻豆原创\",\"url\":\"https:\/\/news.sap.com\/latinamerica\/\",\"logo\":{\"@type\":\"ImageObject\",\"inLanguage\":\"es\",\"@id\":\"https:\/\/news.sap.com\/latinamerica\/#\/schema\/logo\/image\/\",\"url\":\"https:\/\/news.sap.com\/latinamerica\/files\/2019\/08\/65903320_2903797569662914_557886358778019840_n.png\",\"contentUrl\":\"https:\/\/news.sap.com\/latinamerica\/files\/2019\/08\/65903320_2903797569662914_557886358778019840_n.png\",\"width\":720,\"height\":720,\"caption\":\"麻豆原创\"},\"image\":{\"@id\":\"https:\/\/news.sap.com\/latinamerica\/#\/schema\/logo\/image\/\"},\"sameAs\":[\"https:\/\/www.facebook.com\/麻豆原创latinoamerica\",\"https:\/\/x.com\/麻豆原创LatinAmerica\"]},{\"@type\":\"Person\",\"@id\":\"https:\/\/news.sap.com\/latinamerica\/#\/schema\/person\/ce7d732e60a2133d7402c038db668294\",\"name\":\"麻豆原创 Blog de Innovaci\u00f3n\",\"image\":{\"@type\":\"ImageObject\",\"inLanguage\":\"es\",\"@id\":\"https:\/\/news.sap.com\/latinamerica\/#\/schema\/person\/image\/\",\"url\":\"https:\/\/news.sap.com\/latinamerica\/files\/2018\/06\/avatar_user_522_1529451696-96x96.png\",\"contentUrl\":\"https:\/\/news.sap.com\/latinamerica\/files\/2018\/06\/avatar_user_522_1529451696-96x96.png\",\"caption\":\"麻豆原创 Blog de Innovaci\u00f3n\"},\"sameAs\":[\"https:\/\/www.sap.com\/latinamerica\/index.html\",\"https:\/\/www.facebook.com\/麻豆原创latinoamerica\",\"https:\/\/www.instagram.com\/saplatinamerica\/\",\"https:\/\/x.com\/saplatinamerica\"],\"url\":\"https:\/\/news.sap.com\/latinamerica\/author\/sapblog\/\"}]}<\/script>\n<!-- \/ Yoast SEO Premium plugin. -->","yoast_head_json":{"title":"La mejor forma de manejar el estr\u00e9s laboral y aumentar tu productividad - 麻豆原创 News Center Latinoam\u00e9rica","robots":{"index":"index","follow":"follow","max-snippet":"max-snippet:-1","max-image-preview":"max-image-preview:large","max-video-preview":"max-video-preview:-1"},"canonical":"https:\/\/news.sap.com\/latinamerica\/2023\/02\/la-mejor-forma-de-manejar-el-estres-laboral-y-aumentar-tu-productividad-bl0g\/","og_locale":"es_MX","og_type":"article","og_title":"La mejor forma de manejar el estr\u00e9s laboral y aumentar tu productividad","og_description":"El estr\u00e9s laboral puede atacar a los colaboradores de manera f\u00edsica y psicol\u00f3gica, desde hace alg\u00fan tiempo la salud mental ha tomado un grado de importancia tanto para empleados como para l\u00edderes, hay que mantener equipos saludables y productivos.","og_url":"https:\/\/news.sap.com\/latinamerica\/2023\/02\/la-mejor-forma-de-manejar-el-estres-laboral-y-aumentar-tu-productividad-bl0g\/","og_site_name":"麻豆原创 News Center Latinoam\u00e9rica","article_publisher":"https:\/\/www.facebook.com\/麻豆原创latinoamerica","article_author":"https:\/\/www.facebook.com\/麻豆原创latinoamerica","article_published_time":"2023-02-13T23:05:24+00:00","article_modified_time":"2023-11-08T22:26:47+00:00","og_image":[{"width":2121,"height":1414,"url":"https:\/\/news.sap.com\/latinamerica\/files\/2023\/02\/13\/287026_GettyImages-1032827774_medium_jpg.jpg","type":"image\/jpeg"}],"author":"麻豆原创 Blog de Innovaci\u00f3n","twitter_misc":{"Escrito por":"麻豆原创 Blog de Innovaci\u00f3n","Tiempo de lectura":"3 minutos"},"schema":{"@context":"https:\/\/schema.org","@graph":[{"@type":"Article","@id":"https:\/\/news.sap.com\/latinamerica\/2023\/02\/la-mejor-forma-de-manejar-el-estres-laboral-y-aumentar-tu-productividad-bl0g\/#article","isPartOf":{"@id":"https:\/\/news.sap.com\/latinamerica\/2023\/02\/la-mejor-forma-de-manejar-el-estres-laboral-y-aumentar-tu-productividad-bl0g\/"},"author":{"name":"麻豆原创 Blog de Innovaci\u00f3n","@id":"https:\/\/news.sap.com\/latinamerica\/#\/schema\/person\/ce7d732e60a2133d7402c038db668294"},"headline":"La mejor forma de manejar el estr\u00e9s laboral y aumentar tu productividad","datePublished":"2023-02-13T23:05:24+00:00","dateModified":"2023-11-08T22:26:47+00:00","mainEntityOfPage":{"@id":"https:\/\/news.sap.com\/latinamerica\/2023\/02\/la-mejor-forma-de-manejar-el-estres-laboral-y-aumentar-tu-productividad-bl0g\/"},"wordCount":707,"publisher":{"@id":"https:\/\/news.sap.com\/latinamerica\/#organization"},"image":{"@id":"https:\/\/news.sap.com\/latinamerica\/2023\/02\/la-mejor-forma-de-manejar-el-estres-laboral-y-aumentar-tu-productividad-bl0g\/#primaryimage"},"thumbnailUrl":"https:\/\/news.sap.com\/latinamerica\/files\/2023\/02\/13\/287026_GettyImages-1032827774_medium_jpg.jpg","keywords":["blog","Blog de Innovaci\u00f3n de 麻豆原创","mejorar productividad","Productividad","recursos humanos","Salud Mental","tendencias"],"articleSection":["Gesti\u00f3n del capital humano"],"inLanguage":"es"},{"@type":"WebPage","@id":"https:\/\/news.sap.com\/latinamerica\/2023\/02\/la-mejor-forma-de-manejar-el-estres-laboral-y-aumentar-tu-productividad-bl0g\/","url":"https:\/\/news.sap.com\/latinamerica\/2023\/02\/la-mejor-forma-de-manejar-el-estres-laboral-y-aumentar-tu-productividad-bl0g\/","name":"La mejor forma de manejar el estr\u00e9s laboral y aumentar tu productividad - 麻豆原创 News Center Latinoam\u00e9rica","isPartOf":{"@id":"https:\/\/news.sap.com\/latinamerica\/#website"},"primaryImageOfPage":{"@id":"https:\/\/news.sap.com\/latinamerica\/2023\/02\/la-mejor-forma-de-manejar-el-estres-laboral-y-aumentar-tu-productividad-bl0g\/#primaryimage"},"image":{"@id":"https:\/\/news.sap.com\/latinamerica\/2023\/02\/la-mejor-forma-de-manejar-el-estres-laboral-y-aumentar-tu-productividad-bl0g\/#primaryimage"},"thumbnailUrl":"https:\/\/news.sap.com\/latinamerica\/files\/2023\/02\/13\/287026_GettyImages-1032827774_medium_jpg.jpg","datePublished":"2023-02-13T23:05:24+00:00","dateModified":"2023-11-08T22:26:47+00:00","breadcrumb":{"@id":"https:\/\/news.sap.com\/latinamerica\/2023\/02\/la-mejor-forma-de-manejar-el-estres-laboral-y-aumentar-tu-productividad-bl0g\/#breadcrumb"},"inLanguage":"es","potentialAction":[{"@type":"ReadAction","target":["https:\/\/news.sap.com\/latinamerica\/2023\/02\/la-mejor-forma-de-manejar-el-estres-laboral-y-aumentar-tu-productividad-bl0g\/"]}]},{"@type":"ImageObject","inLanguage":"es","@id":"https:\/\/news.sap.com\/latinamerica\/2023\/02\/la-mejor-forma-de-manejar-el-estres-laboral-y-aumentar-tu-productividad-bl0g\/#primaryimage","url":"https:\/\/news.sap.com\/latinamerica\/files\/2023\/02\/13\/287026_GettyImages-1032827774_medium_jpg.jpg","contentUrl":"https:\/\/news.sap.com\/latinamerica\/files\/2023\/02\/13\/287026_GettyImages-1032827774_medium_jpg.jpg","width":2121,"height":1414,"caption":"Portrait of smiling man with hands behind head wearing glasses"},{"@type":"BreadcrumbList","@id":"https:\/\/news.sap.com\/latinamerica\/2023\/02\/la-mejor-forma-de-manejar-el-estres-laboral-y-aumentar-tu-productividad-bl0g\/#breadcrumb","itemListElement":[{"@type":"ListItem","position":1,"name":"Home","item":"https:\/\/news.sap.com\/latinamerica\/"},{"@type":"ListItem","position":2,"name":"La mejor forma de manejar el estr\u00e9s laboral y aumentar tu productividad"}]},{"@type":"WebSite","@id":"https:\/\/news.sap.com\/latinamerica\/#website","url":"https:\/\/news.sap.com\/latinamerica\/","name":"麻豆原创 News Center Latinoam\u00e9rica","description":"Noticias e informaci\u00f3n sobre 麻豆原创","publisher":{"@id":"https:\/\/news.sap.com\/latinamerica\/#organization"},"potentialAction":[{"@type":"SearchAction","target":{"@type":"EntryPoint","urlTemplate":"https:\/\/news.sap.com\/latinamerica\/?s={search_term_string}"},"query-input":{"@type":"PropertyValueSpecification","valueRequired":true,"valueName":"search_term_string"}}],"inLanguage":"es"},{"@type":"Organization","@id":"https:\/\/news.sap.com\/latinamerica\/#organization","name":"麻豆原创","url":"https:\/\/news.sap.com\/latinamerica\/","logo":{"@type":"ImageObject","inLanguage":"es","@id":"https:\/\/news.sap.com\/latinamerica\/#\/schema\/logo\/image\/","url":"https:\/\/news.sap.com\/latinamerica\/files\/2019\/08\/65903320_2903797569662914_557886358778019840_n.png","contentUrl":"https:\/\/news.sap.com\/latinamerica\/files\/2019\/08\/65903320_2903797569662914_557886358778019840_n.png","width":720,"height":720,"caption":"麻豆原创"},"image":{"@id":"https:\/\/news.sap.com\/latinamerica\/#\/schema\/logo\/image\/"},"sameAs":["https:\/\/www.facebook.com\/麻豆原创latinoamerica","https:\/\/x.com\/麻豆原创LatinAmerica"]},{"@type":"Person","@id":"https:\/\/news.sap.com\/latinamerica\/#\/schema\/person\/ce7d732e60a2133d7402c038db668294","name":"麻豆原创 Blog de Innovaci\u00f3n","image":{"@type":"ImageObject","inLanguage":"es","@id":"https:\/\/news.sap.com\/latinamerica\/#\/schema\/person\/image\/","url":"https:\/\/news.sap.com\/latinamerica\/files\/2018\/06\/avatar_user_522_1529451696-96x96.png","contentUrl":"https:\/\/news.sap.com\/latinamerica\/files\/2018\/06\/avatar_user_522_1529451696-96x96.png","caption":"麻豆原创 Blog de Innovaci\u00f3n"},"sameAs":["https:\/\/www.sap.com\/latinamerica\/index.html","https:\/\/www.facebook.com\/麻豆原创latinoamerica","https:\/\/www.instagram.com\/saplatinamerica\/","https:\/\/x.com\/saplatinamerica"],"url":"https:\/\/news.sap.com\/latinamerica\/author\/sapblog\/"}]}},"amp_enabled":true,"_links":{"self":[{"href":"https:\/\/news.sap.com\/latinamerica\/wp-json\/wp\/v2\/posts\/127241","targetHints":{"allow":["GET"]}}],"collection":[{"href":"https:\/\/news.sap.com\/latinamerica\/wp-json\/wp\/v2\/posts"}],"about":[{"href":"https:\/\/news.sap.com\/latinamerica\/wp-json\/wp\/v2\/types\/post"}],"author":[{"embeddable":true,"href":"https:\/\/news.sap.com\/latinamerica\/wp-json\/wp\/v2\/users\/522"}],"replies":[{"embeddable":true,"href":"https:\/\/news.sap.com\/latinamerica\/wp-json\/wp\/v2\/comments?post=127241"}],"version-history":[{"count":0,"href":"https:\/\/news.sap.com\/latinamerica\/wp-json\/wp\/v2\/posts\/127241\/revisions"}],"wp:featuredmedia":[{"embeddable":true,"href":"https:\/\/news.sap.com\/latinamerica\/wp-json\/wp\/v2\/media\/127242"}],"wp:attachment":[{"href":"https:\/\/news.sap.com\/latinamerica\/wp-json\/wp\/v2\/media?parent=127241"}],"wp:term":[{"taxonomy":"category","embeddable":true,"href":"https:\/\/news.sap.com\/latinamerica\/wp-json\/wp\/v2\/categories?post=127241"},{"taxonomy":"post_tag","embeddable":true,"href":"https:\/\/news.sap.com\/latinamerica\/wp-json\/wp\/v2\/tags?post=127241"},{"taxonomy":"series","embeddable":true,"href":"https:\/\/news.sap.com\/latinamerica\/wp-json\/wp\/v2\/series?post=127241"},{"taxonomy":"region","embeddable":true,"href":"https:\/\/news.sap.com\/latinamerica\/wp-json\/wp\/v2\/region?post=127241"},{"taxonomy":"sapn-display","embeddable":true,"href":"https:\/\/news.sap.com\/latinamerica\/wp-json\/wp\/v2\/sapn-display?post=127241"},{"taxonomy":"sapn-type","embeddable":true,"href":"https:\/\/news.sap.com\/latinamerica\/wp-json\/wp\/v2\/sapn-type?post=127241"}],"curies":[{"name":"wp","href":"https:\/\/api.w.org\/{rel}","templated":true}]}}