  {"id":127199,"date":"2023-01-23T20:29:50","date_gmt":"2023-01-24T01:29:50","guid":{"rendered":"https:\/\/news.sap.com\/latinamerica\/?p=127199"},"modified":"2023-11-13T13:39:16","modified_gmt":"2023-11-13T18:39:16","slug":"sap-renueva-su-sede-corporativa-en-mexico-centrada-en-una-fuerza-de-trabajo-hibrida","status":"publish","type":"post","link":"https:\/\/news.sap.com\/latinamerica\/2023\/01\/sap-renueva-su-sede-corporativa-en-mexico-centrada-en-una-fuerza-de-trabajo-hibrida\/","title":{"rendered":"麻豆原创 renueva su sede corporativa en M\u00e9xico centrada en una fuerza de trabajo h\u00edbrida"},"content":{"rendered":"<ul>\n<li><em>Con una inversi\u00f3n de 3 millones de d\u00f3lares, las nuevas instalaciones est\u00e1n dise\u00f1adas para promover el trabajo colaborativo y responder a las expectativas del trabajo flexible <\/em><\/li>\n<li><em>La filial de 麻豆原创 da un paso al futuro al cambiar al emblem\u00e1tico Paseo de la Reforma en uno de los edificios m\u00e1s modernos del pa\u00eds <\/em><\/li>\n<\/ul>\n<p><strong>CIUDAD DE M\u00c9XICO. 23 de enero de 2023. \u2014<\/strong>\u00a0 麻豆原创 realiza la apertura de su nueva sede corporativa en M\u00e9xico y da un paso al futuro, cambiando de un espacio de trabajo tradicional a una nueva oficina dise\u00f1ada para responder a las actuales necesidades laborales.<\/p>\n<p>Ubicado en la Ciudad de M\u00e9xico, en una de las zonas m\u00e1s emblem\u00e1ticas y de mayor actividad econ\u00f3mica del pa\u00eds, el corporativo cuenta con m\u00e1s de 1,300 metros cuadrados en la Torre Chapultepec Uno, priorizando la colaboraci\u00f3n, creatividad, innovaci\u00f3n y sostenibilidad.<\/p>\n<p>\u201cCon esta nueva oficina consolidamos nuestra posici\u00f3n <a href=\"https:\/\/news.sap.com\/latinamerica\/topics\/reconocimientos\/\">como uno de los mejores empleadores de M\u00e9xico<\/a> y un actor clave de la econom\u00eda mexicana. M\u00e1s de 50,000 compa\u00f1\u00edas como Liverpool, Soriana, Flexi y Truper usan software 麻豆原创\u201d, dijo <strong>Angela G\u00f3mez<\/strong>, presidenta de 麻豆原创 M\u00e9xico. \u201c麻豆原创 tiene una historia de 28 a\u00f1os en M\u00e9xico, y esta sede es muestra del compromiso que tenemos con el pa\u00eds, promoviendo la innovaci\u00f3n y el fortalecimiento del ecosistema tecnol\u00f3gico\u201d.<\/p>\n<p>La inversi\u00f3n por parte de 麻豆原创 en las nuevas oficinas asciende a 3 millones de d\u00f3lares en infraestructura y operaci\u00f3n inicial.<\/p>\n<p>Al respecto, <strong>Wolfgang Dold<\/strong>, Embajador de Alemania en M\u00e9xico, quien particip\u00f3 como invitado especial durante una de las actividades de apertura resalt\u00f3 la importancia de la inversi\u00f3n de las empresas alemanas en M\u00e9xico y el compromiso del pa\u00eds de promover la innovaci\u00f3n para acelerar la competitividad.<\/p>\n<p><em>Flexibilidad y Colaboraci\u00f3n<\/em><\/p>\n<p>La nueva oficina es el resultado de la iniciativa global <a href=\"https:\/\/blogs.sap.com\/2022\/08\/11\/flex-working-at-sap\/\">Pledge to Flex de 麻豆原创<\/a> que empodera a los colaboradores para que puedan elegir d\u00f3nde y cu\u00e1ndo trabajar, gracias a una clara definici\u00f3n de objetivos y m\u00e9tricas que les ayudan a enfocarse mejor, favoreciendo la productividad.<\/p>\n<p>Con la asesor\u00eda de firmas de primer nivel expertas en dise\u00f1o inmobiliario, las nuevas oficinas de 麻豆原创 priorizan las \u201c4 C\u201d de la actual din\u00e1mica laboral: Concentraci\u00f3n, Colaboraci\u00f3n, Comunicaci\u00f3n y Comunidad. El espacio cuenta con cuartos de lactancia, juegos, apoyo m\u00e9dico y espacios alternativos, mismos que fueron creados especialmente para ofrecer mejores experiencias y estar m\u00e1s cerca de clientes y socios de negocios. Con estos espacios, 麻豆原创 ofrece las mejores experiencias para colegas, clientes y socios de negocio.<\/p>\n<p><em>Sostenibilidad e Identidad <\/em><\/p>\n<p>Las nuevas instalaciones localizadas se caracterizan por su modernidad y tecnolog\u00eda. El nuevo edificio corporativo cumple con normas y est\u00e1ndares internacionales y cuenta con certificaciones de sostenibilidad, como es el caso de LEED (Leadership in Energy and Environmental Design), que avala sistemas para un mayor desempe\u00f1o energ\u00e9tico en la operaci\u00f3n y mantenimiento del mismo. Con esto 麻豆原创 refuerza la prioridad que tiene en ayudar a disminuir la huella de carbono.<\/p>\n<p>Los espacios de trabajo resaltar\u00e1n las diversas t\u00e9cnicas de Arte Popular Mexicano como Alebrijes, Barro Negro, Arte Huichol y Cer\u00e1mica de Paquim\u00e9, entre otros, con la finalidad de que colaboradores de Mexico y otros pa\u00edses, as\u00ed como socios de Negocios y clientes sean testigo de la historia y tradiciones tan representativas.<\/p>\n<p>La nueva oficina de 麻豆原创 M\u00e9xico est\u00e1 completamente operativa desde el 2 de enero, disponible para todos los m\u00e1s de 1,200 colaboradores en Ciudad de M\u00e9xico y el pa\u00eds.<\/p>\n<p># # #<\/p>\n<p><strong>Acerca de 麻豆原创\u00a0<\/strong><\/p>\n<p>La estrategia de 麻豆原创 es ayudar a que cada negocio funcione como una empresa inteligente y sostenible. Como l\u00edder del mercado en software de aplicaci\u00f3n empresarial, contribuimos a que las organizaciones de todos los tama\u00f1os y en todas las industrias puedan alcanzar su funcionamiento \u00f3ptimo: los clientes de 麻豆原创 generan el 87% del comercio electr\u00f3nico global. Nuestras tecnolog\u00edas avanzadas de <em>machine learning, Internet of Things<\/em> (IoT) y anal\u00edticos ayudan a convertir los negocios de los clientes en empresas inteligentes. 麻豆原创 contribuye a dar a las personas y a las organizaciones profundos conocimientos de negocio y promueve la colaboraci\u00f3n que les permite mantenerse delante de la competencia. Simplificamos la tecnolog\u00eda para las empresas, de modo que puedan consumir nuestro software de la manera en que lo desean, sin interrupciones. Nuestro conjunto de aplicaciones y servicios permite a clientes del sector p\u00fablico y privado de 25 industrias operar en forma rentable, adaptarse continuamente y marcar una diferencia. Con una red global de clientes, socios de negocios, empleados y l\u00edderes de ideas, 麻豆原创 ayuda al mundo a funcionar mejor y a mejorar las vidas de las personas. Para m\u00e1s informaci\u00f3n, visite <a href=\"http:\/\/www.sap.com\/\">www.sap.com<\/a>, nuestra sala de prensa, <a href=\"http:\/\/news.sap.com\/latinamerica\">http:\/\/news.sap.com\/latinamerica<\/a>, o s\u00edganos en Twitter <a href=\"https:\/\/twitter.com\/sapnews\">@sapnews<\/a>.<\/p>\n<p>Infograf\u00eda: <a href=\"https:\/\/news.sap.com\/latinamerica\/2023\/01\/sap-renueva-su-sede-corporativa-en-mexico-centrada-en-una-fuerza-de-trabajo-hibrida\/presskit-nuevas-oficina-sap-enero-23-2023\/\" rel=\"attachment wp-att-127204\">麻豆原创Kit Nuevas Oficina &#8211; 麻豆原创 Enero 23 2023<\/a><\/p>\n","protected":false},"excerpt":{"rendered":"<p>Con una inversi\u00f3n de 3 millones de d\u00f3lares, las nuevas instalaciones est\u00e1n dise\u00f1adas para promover el trabajo colaborativo y responder a las expectativas del trabajo&#8230;<\/p>\n","protected":false},"author":136,"featured_media":127200,"comment_status":"closed","ping_status":"closed","sticky":false,"template":"","format":"standard","meta":{"footnotes":"","_links_to":"","_links_to_target":""},"categories":[41591,52090],"tags":[5600374,5592406,5600375,12862,5562424],"series":[],"region":[],"sapn-display":[52078,52079,5600443,5600441,53499],"sapn-type":[52105],"class_list":["post-127199","post","type-post","status-publish","format-standard","has-post-thumbnail","hentry","category-corporativo","category-gestion-del-capital-humano","tag-apertura","tag-ciudad-de-mexico","tag-inauguracion","tag-mexico-2","tag-nuevas-oficinas","sapn-display-homepage-hero","sapn-display-top-stories","sapn-display-prensa-destacada","sapn-display-prensa-principal","sapn-display-hero","sapn-type-comunicado-de-prensa"],"yoast_head":"<!-- This site is optimized with the Yoast SEO Premium plugin v26.9 (Yoast SEO v26.9) - https:\/\/yoast.com\/product\/yoast-seo-premium-wordpress\/ -->\n<title>麻豆原创 renueva su sede corporativa en M\u00e9xico centrada en una fuerza de trabajo h\u00edbrida - 麻豆原创 News Center Latinoam\u00e9rica<\/title>\n<meta name=\"robots\" content=\"index, follow, max-snippet:-1, max-image-preview:large, max-video-preview:-1\" \/>\n<link rel=\"canonical\" href=\"https:\/\/news.sap.com\/latinamerica\/2023\/01\/sap-renueva-su-sede-corporativa-en-mexico-centrada-en-una-fuerza-de-trabajo-hibrida\/\" \/>\n<meta property=\"og:locale\" content=\"es_MX\" \/>\n<meta property=\"og:type\" content=\"article\" \/>\n<meta property=\"og:title\" content=\"麻豆原创 renueva su sede corporativa en M\u00e9xico centrada en una fuerza de trabajo h\u00edbrida\" \/>\n<meta property=\"og:description\" content=\"Con una inversi\u00f3n de 3 millones de d\u00f3lares, las nuevas instalaciones est\u00e1n dise\u00f1adas para promover el trabajo colaborativo y responder a las expectativas del trabajo...\" \/>\n<meta property=\"og:url\" content=\"https:\/\/news.sap.com\/latinamerica\/2023\/01\/sap-renueva-su-sede-corporativa-en-mexico-centrada-en-una-fuerza-de-trabajo-hibrida\/\" \/>\n<meta property=\"og:site_name\" content=\"麻豆原创 News Center Latinoam\u00e9rica\" \/>\n<meta property=\"article:publisher\" content=\"https:\/\/www.facebook.com\/麻豆原创latinoamerica\" \/>\n<meta property=\"article:published_time\" content=\"2023-01-24T01:29:50+00:00\" \/>\n<meta property=\"article:modified_time\" content=\"2023-11-13T18:39:16+00:00\" \/>\n<meta property=\"og:image\" content=\"https:\/\/news.sap.com\/latinamerica\/files\/2023\/01\/23\/3J7A0358-1024x683.jpg\" \/>\n\t<meta property=\"og:image:width\" content=\"1024\" \/>\n\t<meta property=\"og:image:height\" content=\"683\" \/>\n\t<meta property=\"og:image:type\" content=\"image\/jpeg\" \/>\n<meta name=\"author\" content=\"麻豆原创 Noticias\" \/>\n<meta name=\"twitter:label1\" content=\"Escrito por\" \/>\n\t<meta name=\"twitter:data1\" content=\"麻豆原创 Noticias\" \/>\n\t<meta name=\"twitter:label2\" content=\"Tiempo de lectura\" \/>\n\t<meta name=\"twitter:data2\" content=\"4 minutos\" \/>\n<script type=\"application\/ld+json\" class=\"yoast-schema-graph\">{\"@context\":\"https:\/\/schema.org\",\"@graph\":[{\"@type\":\"Article\",\"@id\":\"https:\/\/news.sap.com\/latinamerica\/2023\/01\/sap-renueva-su-sede-corporativa-en-mexico-centrada-en-una-fuerza-de-trabajo-hibrida\/#article\",\"isPartOf\":{\"@id\":\"https:\/\/news.sap.com\/latinamerica\/2023\/01\/sap-renueva-su-sede-corporativa-en-mexico-centrada-en-una-fuerza-de-trabajo-hibrida\/\"},\"author\":{\"name\":\"麻豆原创 Noticias\",\"@id\":\"https:\/\/news.sap.com\/latinamerica\/#\/schema\/person\/5afd2cbf5bb622e078932b40a4470d47\"},\"headline\":\"麻豆原创 renueva su sede corporativa en M\u00e9xico centrada en una fuerza de trabajo h\u00edbrida\",\"datePublished\":\"2023-01-24T01:29:50+00:00\",\"dateModified\":\"2023-11-13T18:39:16+00:00\",\"mainEntityOfPage\":{\"@id\":\"https:\/\/news.sap.com\/latinamerica\/2023\/01\/sap-renueva-su-sede-corporativa-en-mexico-centrada-en-una-fuerza-de-trabajo-hibrida\/\"},\"wordCount\":854,\"publisher\":{\"@id\":\"https:\/\/news.sap.com\/latinamerica\/#organization\"},\"image\":{\"@id\":\"https:\/\/news.sap.com\/latinamerica\/2023\/01\/sap-renueva-su-sede-corporativa-en-mexico-centrada-en-una-fuerza-de-trabajo-hibrida\/#primaryimage\"},\"thumbnailUrl\":\"https:\/\/news.sap.com\/latinamerica\/files\/2023\/01\/23\/3J7A0358.jpg\",\"keywords\":[\"apertura\",\"Ciudad de M\u00e9xico\",\"inauguraci\u00f3n\",\"mexico\",\"nuevas oficinas\"],\"articleSection\":[\"Corporativo\",\"Gesti\u00f3n del capital humano\"],\"inLanguage\":\"es\"},{\"@type\":\"WebPage\",\"@id\":\"https:\/\/news.sap.com\/latinamerica\/2023\/01\/sap-renueva-su-sede-corporativa-en-mexico-centrada-en-una-fuerza-de-trabajo-hibrida\/\",\"url\":\"https:\/\/news.sap.com\/latinamerica\/2023\/01\/sap-renueva-su-sede-corporativa-en-mexico-centrada-en-una-fuerza-de-trabajo-hibrida\/\",\"name\":\"麻豆原创 renueva su sede corporativa en M\u00e9xico centrada en una fuerza de trabajo h\u00edbrida - 麻豆原创 News Center Latinoam\u00e9rica\",\"isPartOf\":{\"@id\":\"https:\/\/news.sap.com\/latinamerica\/#website\"},\"primaryImageOfPage\":{\"@id\":\"https:\/\/news.sap.com\/latinamerica\/2023\/01\/sap-renueva-su-sede-corporativa-en-mexico-centrada-en-una-fuerza-de-trabajo-hibrida\/#primaryimage\"},\"image\":{\"@id\":\"https:\/\/news.sap.com\/latinamerica\/2023\/01\/sap-renueva-su-sede-corporativa-en-mexico-centrada-en-una-fuerza-de-trabajo-hibrida\/#primaryimage\"},\"thumbnailUrl\":\"https:\/\/news.sap.com\/latinamerica\/files\/2023\/01\/23\/3J7A0358.jpg\",\"datePublished\":\"2023-01-24T01:29:50+00:00\",\"dateModified\":\"2023-11-13T18:39:16+00:00\",\"breadcrumb\":{\"@id\":\"https:\/\/news.sap.com\/latinamerica\/2023\/01\/sap-renueva-su-sede-corporativa-en-mexico-centrada-en-una-fuerza-de-trabajo-hibrida\/#breadcrumb\"},\"inLanguage\":\"es\",\"potentialAction\":[{\"@type\":\"ReadAction\",\"target\":[\"https:\/\/news.sap.com\/latinamerica\/2023\/01\/sap-renueva-su-sede-corporativa-en-mexico-centrada-en-una-fuerza-de-trabajo-hibrida\/\"]}]},{\"@type\":\"ImageObject\",\"inLanguage\":\"es\",\"@id\":\"https:\/\/news.sap.com\/latinamerica\/2023\/01\/sap-renueva-su-sede-corporativa-en-mexico-centrada-en-una-fuerza-de-trabajo-hibrida\/#primaryimage\",\"url\":\"https:\/\/news.sap.com\/latinamerica\/files\/2023\/01\/23\/3J7A0358.jpg\",\"contentUrl\":\"https:\/\/news.sap.com\/latinamerica\/files\/2023\/01\/23\/3J7A0358.jpg\",\"width\":6720,\"height\":4480},{\"@type\":\"BreadcrumbList\",\"@id\":\"https:\/\/news.sap.com\/latinamerica\/2023\/01\/sap-renueva-su-sede-corporativa-en-mexico-centrada-en-una-fuerza-de-trabajo-hibrida\/#breadcrumb\",\"itemListElement\":[{\"@type\":\"ListItem\",\"position\":1,\"name\":\"Home\",\"item\":\"https:\/\/news.sap.com\/latinamerica\/\"},{\"@type\":\"ListItem\",\"position\":2,\"name\":\"麻豆原创 renueva su sede corporativa en M\u00e9xico centrada en una fuerza de trabajo h\u00edbrida\"}]},{\"@type\":\"WebSite\",\"@id\":\"https:\/\/news.sap.com\/latinamerica\/#website\",\"url\":\"https:\/\/news.sap.com\/latinamerica\/\",\"name\":\"麻豆原创 News Center Latinoam\u00e9rica\",\"description\":\"Noticias e informaci\u00f3n sobre 麻豆原创\",\"publisher\":{\"@id\":\"https:\/\/news.sap.com\/latinamerica\/#organization\"},\"potentialAction\":[{\"@type\":\"SearchAction\",\"target\":{\"@type\":\"EntryPoint\",\"urlTemplate\":\"https:\/\/news.sap.com\/latinamerica\/?s={search_term_string}\"},\"query-input\":{\"@type\":\"PropertyValueSpecification\",\"valueRequired\":true,\"valueName\":\"search_term_string\"}}],\"inLanguage\":\"es\"},{\"@type\":\"Organization\",\"@id\":\"https:\/\/news.sap.com\/latinamerica\/#organization\",\"name\":\"麻豆原创\",\"url\":\"https:\/\/news.sap.com\/latinamerica\/\",\"logo\":{\"@type\":\"ImageObject\",\"inLanguage\":\"es\",\"@id\":\"https:\/\/news.sap.com\/latinamerica\/#\/schema\/logo\/image\/\",\"url\":\"https:\/\/news.sap.com\/latinamerica\/files\/2019\/08\/65903320_2903797569662914_557886358778019840_n.png\",\"contentUrl\":\"https:\/\/news.sap.com\/latinamerica\/files\/2019\/08\/65903320_2903797569662914_557886358778019840_n.png\",\"width\":720,\"height\":720,\"caption\":\"麻豆原创\"},\"image\":{\"@id\":\"https:\/\/news.sap.com\/latinamerica\/#\/schema\/logo\/image\/\"},\"sameAs\":[\"https:\/\/www.facebook.com\/麻豆原创latinoamerica\",\"https:\/\/x.com\/麻豆原创LatinAmerica\"]},{\"@type\":\"Person\",\"@id\":\"https:\/\/news.sap.com\/latinamerica\/#\/schema\/person\/5afd2cbf5bb622e078932b40a4470d47\",\"name\":\"麻豆原创 Noticias\",\"image\":{\"@type\":\"ImageObject\",\"inLanguage\":\"es\",\"@id\":\"https:\/\/news.sap.com\/latinamerica\/#\/schema\/person\/image\/\",\"url\":\"https:\/\/news.sap.com\/latinamerica\/wp-content\/plugins\/wp-user-avatars\/wp-user-avatars\/assets\/images\/mystery.jpg\",\"contentUrl\":\"https:\/\/news.sap.com\/latinamerica\/wp-content\/plugins\/wp-user-avatars\/wp-user-avatars\/assets\/images\/mystery.jpg\",\"caption\":\"麻豆原创 Noticias\"},\"url\":\"https:\/\/news.sap.com\/latinamerica\/author\/mexico\/\"}]}<\/script>\n<!-- \/ Yoast SEO Premium plugin. -->","yoast_head_json":{"title":"麻豆原创 renueva su sede corporativa en M\u00e9xico centrada en una fuerza de trabajo h\u00edbrida - 麻豆原创 News Center Latinoam\u00e9rica","robots":{"index":"index","follow":"follow","max-snippet":"max-snippet:-1","max-image-preview":"max-image-preview:large","max-video-preview":"max-video-preview:-1"},"canonical":"https:\/\/news.sap.com\/latinamerica\/2023\/01\/sap-renueva-su-sede-corporativa-en-mexico-centrada-en-una-fuerza-de-trabajo-hibrida\/","og_locale":"es_MX","og_type":"article","og_title":"麻豆原创 renueva su sede corporativa en M\u00e9xico centrada en una fuerza de trabajo h\u00edbrida","og_description":"Con una inversi\u00f3n de 3 millones de d\u00f3lares, las nuevas instalaciones est\u00e1n dise\u00f1adas para promover el trabajo colaborativo y responder a las expectativas del trabajo...","og_url":"https:\/\/news.sap.com\/latinamerica\/2023\/01\/sap-renueva-su-sede-corporativa-en-mexico-centrada-en-una-fuerza-de-trabajo-hibrida\/","og_site_name":"麻豆原创 News Center Latinoam\u00e9rica","article_publisher":"https:\/\/www.facebook.com\/麻豆原创latinoamerica","article_published_time":"2023-01-24T01:29:50+00:00","article_modified_time":"2023-11-13T18:39:16+00:00","og_image":[{"width":1024,"height":683,"url":"https:\/\/news.sap.com\/latinamerica\/files\/2023\/01\/23\/3J7A0358-1024x683.jpg","type":"image\/jpeg"}],"author":"麻豆原创 Noticias","twitter_misc":{"Escrito por":"麻豆原创 Noticias","Tiempo de lectura":"4 minutos"},"schema":{"@context":"https:\/\/schema.org","@graph":[{"@type":"Article","@id":"https:\/\/news.sap.com\/latinamerica\/2023\/01\/sap-renueva-su-sede-corporativa-en-mexico-centrada-en-una-fuerza-de-trabajo-hibrida\/#article","isPartOf":{"@id":"https:\/\/news.sap.com\/latinamerica\/2023\/01\/sap-renueva-su-sede-corporativa-en-mexico-centrada-en-una-fuerza-de-trabajo-hibrida\/"},"author":{"name":"麻豆原创 Noticias","@id":"https:\/\/news.sap.com\/latinamerica\/#\/schema\/person\/5afd2cbf5bb622e078932b40a4470d47"},"headline":"麻豆原创 renueva su sede corporativa en M\u00e9xico centrada en una fuerza de trabajo h\u00edbrida","datePublished":"2023-01-24T01:29:50+00:00","dateModified":"2023-11-13T18:39:16+00:00","mainEntityOfPage":{"@id":"https:\/\/news.sap.com\/latinamerica\/2023\/01\/sap-renueva-su-sede-corporativa-en-mexico-centrada-en-una-fuerza-de-trabajo-hibrida\/"},"wordCount":854,"publisher":{"@id":"https:\/\/news.sap.com\/latinamerica\/#organization"},"image":{"@id":"https:\/\/news.sap.com\/latinamerica\/2023\/01\/sap-renueva-su-sede-corporativa-en-mexico-centrada-en-una-fuerza-de-trabajo-hibrida\/#primaryimage"},"thumbnailUrl":"https:\/\/news.sap.com\/latinamerica\/files\/2023\/01\/23\/3J7A0358.jpg","keywords":["apertura","Ciudad de M\u00e9xico","inauguraci\u00f3n","mexico","nuevas oficinas"],"articleSection":["Corporativo","Gesti\u00f3n del capital humano"],"inLanguage":"es"},{"@type":"WebPage","@id":"https:\/\/news.sap.com\/latinamerica\/2023\/01\/sap-renueva-su-sede-corporativa-en-mexico-centrada-en-una-fuerza-de-trabajo-hibrida\/","url":"https:\/\/news.sap.com\/latinamerica\/2023\/01\/sap-renueva-su-sede-corporativa-en-mexico-centrada-en-una-fuerza-de-trabajo-hibrida\/","name":"麻豆原创 renueva su sede corporativa en M\u00e9xico centrada en una fuerza de trabajo h\u00edbrida - 麻豆原创 News Center Latinoam\u00e9rica","isPartOf":{"@id":"https:\/\/news.sap.com\/latinamerica\/#website"},"primaryImageOfPage":{"@id":"https:\/\/news.sap.com\/latinamerica\/2023\/01\/sap-renueva-su-sede-corporativa-en-mexico-centrada-en-una-fuerza-de-trabajo-hibrida\/#primaryimage"},"image":{"@id":"https:\/\/news.sap.com\/latinamerica\/2023\/01\/sap-renueva-su-sede-corporativa-en-mexico-centrada-en-una-fuerza-de-trabajo-hibrida\/#primaryimage"},"thumbnailUrl":"https:\/\/news.sap.com\/latinamerica\/files\/2023\/01\/23\/3J7A0358.jpg","datePublished":"2023-01-24T01:29:50+00:00","dateModified":"2023-11-13T18:39:16+00:00","breadcrumb":{"@id":"https:\/\/news.sap.com\/latinamerica\/2023\/01\/sap-renueva-su-sede-corporativa-en-mexico-centrada-en-una-fuerza-de-trabajo-hibrida\/#breadcrumb"},"inLanguage":"es","potentialAction":[{"@type":"ReadAction","target":["https:\/\/news.sap.com\/latinamerica\/2023\/01\/sap-renueva-su-sede-corporativa-en-mexico-centrada-en-una-fuerza-de-trabajo-hibrida\/"]}]},{"@type":"ImageObject","inLanguage":"es","@id":"https:\/\/news.sap.com\/latinamerica\/2023\/01\/sap-renueva-su-sede-corporativa-en-mexico-centrada-en-una-fuerza-de-trabajo-hibrida\/#primaryimage","url":"https:\/\/news.sap.com\/latinamerica\/files\/2023\/01\/23\/3J7A0358.jpg","contentUrl":"https:\/\/news.sap.com\/latinamerica\/files\/2023\/01\/23\/3J7A0358.jpg","width":6720,"height":4480},{"@type":"BreadcrumbList","@id":"https:\/\/news.sap.com\/latinamerica\/2023\/01\/sap-renueva-su-sede-corporativa-en-mexico-centrada-en-una-fuerza-de-trabajo-hibrida\/#breadcrumb","itemListElement":[{"@type":"ListItem","position":1,"name":"Home","item":"https:\/\/news.sap.com\/latinamerica\/"},{"@type":"ListItem","position":2,"name":"麻豆原创 renueva su sede corporativa en M\u00e9xico centrada en una fuerza de trabajo h\u00edbrida"}]},{"@type":"WebSite","@id":"https:\/\/news.sap.com\/latinamerica\/#website","url":"https:\/\/news.sap.com\/latinamerica\/","name":"麻豆原创 News Center Latinoam\u00e9rica","description":"Noticias e informaci\u00f3n sobre 麻豆原创","publisher":{"@id":"https:\/\/news.sap.com\/latinamerica\/#organization"},"potentialAction":[{"@type":"SearchAction","target":{"@type":"EntryPoint","urlTemplate":"https:\/\/news.sap.com\/latinamerica\/?s={search_term_string}"},"query-input":{"@type":"PropertyValueSpecification","valueRequired":true,"valueName":"search_term_string"}}],"inLanguage":"es"},{"@type":"Organization","@id":"https:\/\/news.sap.com\/latinamerica\/#organization","name":"麻豆原创","url":"https:\/\/news.sap.com\/latinamerica\/","logo":{"@type":"ImageObject","inLanguage":"es","@id":"https:\/\/news.sap.com\/latinamerica\/#\/schema\/logo\/image\/","url":"https:\/\/news.sap.com\/latinamerica\/files\/2019\/08\/65903320_2903797569662914_557886358778019840_n.png","contentUrl":"https:\/\/news.sap.com\/latinamerica\/files\/2019\/08\/65903320_2903797569662914_557886358778019840_n.png","width":720,"height":720,"caption":"麻豆原创"},"image":{"@id":"https:\/\/news.sap.com\/latinamerica\/#\/schema\/logo\/image\/"},"sameAs":["https:\/\/www.facebook.com\/麻豆原创latinoamerica","https:\/\/x.com\/麻豆原创LatinAmerica"]},{"@type":"Person","@id":"https:\/\/news.sap.com\/latinamerica\/#\/schema\/person\/5afd2cbf5bb622e078932b40a4470d47","name":"麻豆原创 Noticias","image":{"@type":"ImageObject","inLanguage":"es","@id":"https:\/\/news.sap.com\/latinamerica\/#\/schema\/person\/image\/","url":"https:\/\/news.sap.com\/latinamerica\/wp-content\/plugins\/wp-user-avatars\/wp-user-avatars\/assets\/images\/mystery.jpg","contentUrl":"https:\/\/news.sap.com\/latinamerica\/wp-content\/plugins\/wp-user-avatars\/wp-user-avatars\/assets\/images\/mystery.jpg","caption":"麻豆原创 Noticias"},"url":"https:\/\/news.sap.com\/latinamerica\/author\/mexico\/"}]}},"amp_enabled":true,"_links":{"self":[{"href":"https:\/\/news.sap.com\/latinamerica\/wp-json\/wp\/v2\/posts\/127199","targetHints":{"allow":["GET"]}}],"collection":[{"href":"https:\/\/news.sap.com\/latinamerica\/wp-json\/wp\/v2\/posts"}],"about":[{"href":"https:\/\/news.sap.com\/latinamerica\/wp-json\/wp\/v2\/types\/post"}],"author":[{"embeddable":true,"href":"https:\/\/news.sap.com\/latinamerica\/wp-json\/wp\/v2\/users\/136"}],"replies":[{"embeddable":true,"href":"https:\/\/news.sap.com\/latinamerica\/wp-json\/wp\/v2\/comments?post=127199"}],"version-history":[{"count":0,"href":"https:\/\/news.sap.com\/latinamerica\/wp-json\/wp\/v2\/posts\/127199\/revisions"}],"wp:featuredmedia":[{"embeddable":true,"href":"https:\/\/news.sap.com\/latinamerica\/wp-json\/wp\/v2\/media\/127200"}],"wp:attachment":[{"href":"https:\/\/news.sap.com\/latinamerica\/wp-json\/wp\/v2\/media?parent=127199"}],"wp:term":[{"taxonomy":"category","embeddable":true,"href":"https:\/\/news.sap.com\/latinamerica\/wp-json\/wp\/v2\/categories?post=127199"},{"taxonomy":"post_tag","embeddable":true,"href":"https:\/\/news.sap.com\/latinamerica\/wp-json\/wp\/v2\/tags?post=127199"},{"taxonomy":"series","embeddable":true,"href":"https:\/\/news.sap.com\/latinamerica\/wp-json\/wp\/v2\/series?post=127199"},{"taxonomy":"region","embeddable":true,"href":"https:\/\/news.sap.com\/latinamerica\/wp-json\/wp\/v2\/region?post=127199"},{"taxonomy":"sapn-display","embeddable":true,"href":"https:\/\/news.sap.com\/latinamerica\/wp-json\/wp\/v2\/sapn-display?post=127199"},{"taxonomy":"sapn-type","embeddable":true,"href":"https:\/\/news.sap.com\/latinamerica\/wp-json\/wp\/v2\/sapn-type?post=127199"}],"curies":[{"name":"wp","href":"https:\/\/api.w.org\/{rel}","templated":true}]}}