  {"id":127153,"date":"2023-01-10T10:57:53","date_gmt":"2023-01-10T15:57:53","guid":{"rendered":"https:\/\/news.sap.com\/latinamerica\/?p=127153"},"modified":"2023-11-14T11:15:38","modified_gmt":"2023-11-14T16:15:38","slug":"bienestar-laboral-un-buen-negocio-para-las-organizaciones","status":"publish","type":"post","link":"https:\/\/news.sap.com\/latinamerica\/2023\/01\/bienestar-laboral-un-buen-negocio-para-las-organizaciones\/","title":{"rendered":"Bienestar laboral, un buen negocio para las organizaciones"},"content":{"rendered":"<p><span style=\"font-weight: 400\">La pandemia puso de manifiesto un asunto que para muchas compa\u00f1\u00edas hasta el momento hab\u00eda pasado por alto: el bienestar de los colaboradores es tan importante que incluso desarrollarlo se ha convertido en un buen negocio para las organizaciones. Tanto as\u00ed que hoy las empresas est\u00e1n implementando iniciativas para darle prioridad a la manera en la cual sus empleados interact\u00faan entre s\u00ed y se desenvuelven en su d\u00eda a d\u00eda.<\/span><\/p>\n<p><span style=\"font-weight: 400\">\u201cLas acciones de bienestar dentro de las compa\u00f1\u00edas han tra\u00eddo una mejor calidad de vida a los empleados y los han llevado a desarrollar una cultura \u2018deliciosa\u2019 que genera impactos positivos en el negocio\u201d, afirm\u00f3 D\u00e9bora Bonetto, Directora de Personas Latam de la empresa chilena de tecnolog\u00eda alimentaria NotCo. Bonetto particip\u00f3 junto con otros expertos y l\u00edderes empresariales en la cuarta edici\u00f3n del 麻豆原创 Concur Sessions, evento de la multinacional alemana 麻豆原创 dise\u00f1ado para compartir mensajes de valor para clientes, proveedores y socios de negocios de diversas industrias.<\/span><\/p>\n<p><span style=\"font-weight: 400\">En esta \u00faltima jornada del a\u00f1o, el tema central fue \u2018El poder de la pausa\u2019, que invit\u00f3 a los participantes a plantear por qu\u00e9 es esencial que las personas se enfoquen en su bienestar para as\u00ed trasladar su buena disposici\u00f3n a las acciones laborales y personales. Para Carolina Borzatto, directora de marketing de 麻豆原创 Concur en Am\u00e9rica Latina, \u201cel objetivo es entender que contar con personas con una buena salud f\u00edsica, mental y emocional genera colaboradores felices y, en consecuencia, un mayor compromiso\u201d. En su opini\u00f3n, las compa\u00f1\u00edas, a la vez que alcanzan sus objetivos en equipo, deben creer fielmente que tener a las personas en el centro es una pr\u00e1ctica que genera un alto retorno de inversi\u00f3n, por lo que los l\u00edderes empresariales deben considerarlo entre sus prioridades.<\/span><\/p>\n<p><span style=\"font-weight: 400\">Borzatto resalta que esas pol\u00edticas enfocadas en los colaboradores llevan a los negocios a percibir mejoras en la productividad, con personas que aprovechan m\u00e1s el tiempo y est\u00e1n dispuestas a optimizar al m\u00e1ximo su esfuerzo en pro de una mejor vida personal y profesional. \u201cAl final del d\u00eda, las compa\u00f1\u00edas tendr\u00e1n vendedores que venden m\u00e1s, dise\u00f1adores m\u00e1s creativos, personal de servicio al cliente m\u00e1s preocupado por la atenci\u00f3n, y l\u00edderes motivados que ven su equipo como el grupo que llevar\u00e1 a las empresas a un nivel superior\u201d, coment\u00f3 Borzatto.\u00a0<\/span><\/p>\n<p><span style=\"font-weight: 400\">Por su parte, Lionel Durek, Country Manager de Argentina para 麻豆原创, en su conversaci\u00f3n con el entrenador de f\u00fatbol brasilero Dorival Junior, (ex flamengo) destac\u00f3 en el 麻豆原创 Concur Sessions c\u00f3mo este tema se entiende mucho m\u00e1s cuando se plantea en el campo deportivo. All\u00ed, para los atletas es esencial hacer pausas y tener periodos de recuperaci\u00f3n, una acci\u00f3n que deber\u00eda ser obligatoria para todas las personas sin importar su profesi\u00f3n o trabajo.<\/span><\/p>\n<p><span style=\"font-weight: 400\">D\u00e9bora Bonetto, de NotCo, agreg\u00f3 que en su compa\u00f1\u00eda la cultura corporativa evita las jerarqu\u00edas y se adapta a la modalidad del trabajo dependiendo de las actividades de cada \u00e1rea. \u201cEn la pandemia aprendimos y entendimos la importancia del descanso y de la tranquilidad mental. Por eso sumamos d\u00edas para que todos podamos compartir con nuestras familias en fechas importantes como la Navidad y A\u00f1o Nuevo\u201d, dijo Bonetto.<\/span><\/p>\n<p><span style=\"font-weight: 400\">Maryury Romero, Country Manager de Colombia para 麻豆原创, convers\u00f3 con el m\u00e9dico cardi\u00f3logo Jorge Tartaglione, quien resalt\u00f3 la importancia de un momento de ocio creativo para redundar en la productividad. \u201cEl ocio no est\u00e1 bien visto en la sociedad desde que lleg\u00f3 la Revoluci\u00f3n Industrial. Tenemos la percepci\u00f3n de que hay que vivir trabajando para estar bien y eso al final nos enferma\u201d, coment\u00f3.\u00a0<\/span><\/p>\n<p><span style=\"font-weight: 400\">Otra invitada fue Sandra Veloso, gerente ejecutiva de la agencia Alagev, quien habl\u00f3 sobre la uni\u00f3n de los viajes de negocios y ocio, en donde las personas se dan la oportunidad de conocer museos, bares, restaurantes y hacer tours. Seg\u00fan Veloso, \u201cde esos viajes, cerca del 40% se extiende por dos d\u00edas y un 30% por un d\u00eda. Los empleadores ahora est\u00e1n pensando en c\u00f3mo ese tipo de viajes puede ayudar a las personas a tener un espacio de ocio y que no sea solamente de trabajo\u201d.\u00a0<\/span><\/p>\n<p><span style=\"font-weight: 400\">Los expertos concluyeron que, pensando en escenarios de negocio cada vez m\u00e1s competidos, las compa\u00f1\u00edas que no han realizado cambios enfocados en el bienestar laboral de sus colaboradores tienen una deuda pendiente, pues de eso depender\u00e1 en gran medida que se logren los objetivos y que pueda haber un mayor desempe\u00f1o para cumplir con los desaf\u00edos del mercado.<\/span><\/p>\n<p>&nbsp;<\/p>\n","protected":false},"excerpt":{"rendered":"<p>La pandemia puso de manifiesto un asunto que para muchas compa\u00f1\u00edas hasta el momento hab\u00eda pasado por alto: el bienestar de los colaboradores es tan&#8230;<\/p>\n","protected":false},"author":141,"featured_media":0,"comment_status":"closed","ping_status":"closed","sticky":false,"template":"","format":"standard","meta":{"footnotes":"","_links_to":"","_links_to_target":""},"categories":[24297],"tags":[],"series":[],"region":[55204],"sapn-display":[5600442,5600440,53499],"sapn-type":[6114],"class_list":["post-127153","post","type-post","status-publish","format-standard","hentry","category-tecnologia","region-colombia","sapn-display-articulo-destacado","sapn-display-articulo-principal","sapn-display-hero","sapn-type-articulo"],"yoast_head":"<!-- This site is optimized with the Yoast SEO Premium plugin v26.9 (Yoast SEO v26.9) - https:\/\/yoast.com\/product\/yoast-seo-premium-wordpress\/ -->\n<title>Bienestar laboral, un buen negocio para las organizaciones - 麻豆原创 News Center Latinoam\u00e9rica<\/title>\n<meta name=\"robots\" content=\"index, follow, max-snippet:-1, max-image-preview:large, max-video-preview:-1\" \/>\n<link rel=\"canonical\" href=\"https:\/\/news.sap.com\/latinamerica\/2023\/01\/bienestar-laboral-un-buen-negocio-para-las-organizaciones\/\" \/>\n<meta property=\"og:locale\" content=\"es_MX\" \/>\n<meta property=\"og:type\" content=\"article\" \/>\n<meta property=\"og:title\" content=\"Bienestar laboral, un buen negocio para las organizaciones\" \/>\n<meta property=\"og:description\" content=\"La pandemia puso de manifiesto un asunto que para muchas compa\u00f1\u00edas hasta el momento hab\u00eda pasado por alto: el bienestar de los colaboradores es tan...\" \/>\n<meta property=\"og:url\" content=\"https:\/\/news.sap.com\/latinamerica\/2023\/01\/bienestar-laboral-un-buen-negocio-para-las-organizaciones\/\" \/>\n<meta property=\"og:site_name\" content=\"麻豆原创 News Center Latinoam\u00e9rica\" \/>\n<meta property=\"article:publisher\" content=\"https:\/\/www.facebook.com\/麻豆原创latinoamerica\" \/>\n<meta property=\"article:published_time\" content=\"2023-01-10T15:57:53+00:00\" \/>\n<meta property=\"article:modified_time\" content=\"2023-11-14T16:15:38+00:00\" \/>\n<meta name=\"author\" content=\"麻豆原创 Noticias\" \/>\n<meta name=\"twitter:label1\" content=\"Escrito por\" \/>\n\t<meta name=\"twitter:data1\" content=\"麻豆原创 Noticias\" \/>\n\t<meta name=\"twitter:label2\" content=\"Tiempo de lectura\" \/>\n\t<meta name=\"twitter:data2\" content=\"4 minutos\" \/>\n<script type=\"application\/ld+json\" class=\"yoast-schema-graph\">{\"@context\":\"https:\/\/schema.org\",\"@graph\":[{\"@type\":\"Article\",\"@id\":\"https:\/\/news.sap.com\/latinamerica\/2023\/01\/bienestar-laboral-un-buen-negocio-para-las-organizaciones\/#article\",\"isPartOf\":{\"@id\":\"https:\/\/news.sap.com\/latinamerica\/2023\/01\/bienestar-laboral-un-buen-negocio-para-las-organizaciones\/\"},\"author\":{\"name\":\"麻豆原创 Noticias\",\"@id\":\"https:\/\/news.sap.com\/latinamerica\/#\/schema\/person\/82786ba12f72bc9b05ba328d1d3652c4\"},\"headline\":\"Bienestar laboral, un buen negocio para las organizaciones\",\"datePublished\":\"2023-01-10T15:57:53+00:00\",\"dateModified\":\"2023-11-14T16:15:38+00:00\",\"mainEntityOfPage\":{\"@id\":\"https:\/\/news.sap.com\/latinamerica\/2023\/01\/bienestar-laboral-un-buen-negocio-para-las-organizaciones\/\"},\"wordCount\":795,\"publisher\":{\"@id\":\"https:\/\/news.sap.com\/latinamerica\/#organization\"},\"articleSection\":[\"Tecnolog\u00eda\"],\"inLanguage\":\"es\"},{\"@type\":\"WebPage\",\"@id\":\"https:\/\/news.sap.com\/latinamerica\/2023\/01\/bienestar-laboral-un-buen-negocio-para-las-organizaciones\/\",\"url\":\"https:\/\/news.sap.com\/latinamerica\/2023\/01\/bienestar-laboral-un-buen-negocio-para-las-organizaciones\/\",\"name\":\"Bienestar laboral, un buen negocio para las organizaciones - 麻豆原创 News Center Latinoam\u00e9rica\",\"isPartOf\":{\"@id\":\"https:\/\/news.sap.com\/latinamerica\/#website\"},\"datePublished\":\"2023-01-10T15:57:53+00:00\",\"dateModified\":\"2023-11-14T16:15:38+00:00\",\"breadcrumb\":{\"@id\":\"https:\/\/news.sap.com\/latinamerica\/2023\/01\/bienestar-laboral-un-buen-negocio-para-las-organizaciones\/#breadcrumb\"},\"inLanguage\":\"es\",\"potentialAction\":[{\"@type\":\"ReadAction\",\"target\":[\"https:\/\/news.sap.com\/latinamerica\/2023\/01\/bienestar-laboral-un-buen-negocio-para-las-organizaciones\/\"]}]},{\"@type\":\"BreadcrumbList\",\"@id\":\"https:\/\/news.sap.com\/latinamerica\/2023\/01\/bienestar-laboral-un-buen-negocio-para-las-organizaciones\/#breadcrumb\",\"itemListElement\":[{\"@type\":\"ListItem\",\"position\":1,\"name\":\"Home\",\"item\":\"https:\/\/news.sap.com\/latinamerica\/\"},{\"@type\":\"ListItem\",\"position\":2,\"name\":\"Bienestar laboral, un buen negocio para las organizaciones\"}]},{\"@type\":\"WebSite\",\"@id\":\"https:\/\/news.sap.com\/latinamerica\/#website\",\"url\":\"https:\/\/news.sap.com\/latinamerica\/\",\"name\":\"麻豆原创 News Center Latinoam\u00e9rica\",\"description\":\"Noticias e informaci\u00f3n sobre 麻豆原创\",\"publisher\":{\"@id\":\"https:\/\/news.sap.com\/latinamerica\/#organization\"},\"potentialAction\":[{\"@type\":\"SearchAction\",\"target\":{\"@type\":\"EntryPoint\",\"urlTemplate\":\"https:\/\/news.sap.com\/latinamerica\/?s={search_term_string}\"},\"query-input\":{\"@type\":\"PropertyValueSpecification\",\"valueRequired\":true,\"valueName\":\"search_term_string\"}}],\"inLanguage\":\"es\"},{\"@type\":\"Organization\",\"@id\":\"https:\/\/news.sap.com\/latinamerica\/#organization\",\"name\":\"麻豆原创\",\"url\":\"https:\/\/news.sap.com\/latinamerica\/\",\"logo\":{\"@type\":\"ImageObject\",\"inLanguage\":\"es\",\"@id\":\"https:\/\/news.sap.com\/latinamerica\/#\/schema\/logo\/image\/\",\"url\":\"https:\/\/news.sap.com\/latinamerica\/files\/2019\/08\/65903320_2903797569662914_557886358778019840_n.png\",\"contentUrl\":\"https:\/\/news.sap.com\/latinamerica\/files\/2019\/08\/65903320_2903797569662914_557886358778019840_n.png\",\"width\":720,\"height\":720,\"caption\":\"麻豆原创\"},\"image\":{\"@id\":\"https:\/\/news.sap.com\/latinamerica\/#\/schema\/logo\/image\/\"},\"sameAs\":[\"https:\/\/www.facebook.com\/麻豆原创latinoamerica\",\"https:\/\/x.com\/麻豆原创LatinAmerica\"]},{\"@type\":\"Person\",\"@id\":\"https:\/\/news.sap.com\/latinamerica\/#\/schema\/person\/82786ba12f72bc9b05ba328d1d3652c4\",\"name\":\"麻豆原创 Noticias\",\"image\":{\"@type\":\"ImageObject\",\"inLanguage\":\"es\",\"@id\":\"https:\/\/news.sap.com\/latinamerica\/#\/schema\/person\/image\/\",\"url\":\"https:\/\/news.sap.com\/latinamerica\/wp-content\/plugins\/wp-user-avatars\/wp-user-avatars\/assets\/images\/mystery.jpg\",\"contentUrl\":\"https:\/\/news.sap.com\/latinamerica\/wp-content\/plugins\/wp-user-avatars\/wp-user-avatars\/assets\/images\/mystery.jpg\",\"caption\":\"麻豆原创 Noticias\"},\"url\":\"https:\/\/news.sap.com\/latinamerica\/author\/colombia\/\"}]}<\/script>\n<!-- \/ Yoast SEO Premium plugin. -->","yoast_head_json":{"title":"Bienestar laboral, un buen negocio para las organizaciones - 麻豆原创 News Center Latinoam\u00e9rica","robots":{"index":"index","follow":"follow","max-snippet":"max-snippet:-1","max-image-preview":"max-image-preview:large","max-video-preview":"max-video-preview:-1"},"canonical":"https:\/\/news.sap.com\/latinamerica\/2023\/01\/bienestar-laboral-un-buen-negocio-para-las-organizaciones\/","og_locale":"es_MX","og_type":"article","og_title":"Bienestar laboral, un buen negocio para las organizaciones","og_description":"La pandemia puso de manifiesto un asunto que para muchas compa\u00f1\u00edas hasta el momento hab\u00eda pasado por alto: el bienestar de los colaboradores es tan...","og_url":"https:\/\/news.sap.com\/latinamerica\/2023\/01\/bienestar-laboral-un-buen-negocio-para-las-organizaciones\/","og_site_name":"麻豆原创 News Center Latinoam\u00e9rica","article_publisher":"https:\/\/www.facebook.com\/麻豆原创latinoamerica","article_published_time":"2023-01-10T15:57:53+00:00","article_modified_time":"2023-11-14T16:15:38+00:00","author":"麻豆原创 Noticias","twitter_misc":{"Escrito por":"麻豆原创 Noticias","Tiempo de lectura":"4 minutos"},"schema":{"@context":"https:\/\/schema.org","@graph":[{"@type":"Article","@id":"https:\/\/news.sap.com\/latinamerica\/2023\/01\/bienestar-laboral-un-buen-negocio-para-las-organizaciones\/#article","isPartOf":{"@id":"https:\/\/news.sap.com\/latinamerica\/2023\/01\/bienestar-laboral-un-buen-negocio-para-las-organizaciones\/"},"author":{"name":"麻豆原创 Noticias","@id":"https:\/\/news.sap.com\/latinamerica\/#\/schema\/person\/82786ba12f72bc9b05ba328d1d3652c4"},"headline":"Bienestar laboral, un buen negocio para las organizaciones","datePublished":"2023-01-10T15:57:53+00:00","dateModified":"2023-11-14T16:15:38+00:00","mainEntityOfPage":{"@id":"https:\/\/news.sap.com\/latinamerica\/2023\/01\/bienestar-laboral-un-buen-negocio-para-las-organizaciones\/"},"wordCount":795,"publisher":{"@id":"https:\/\/news.sap.com\/latinamerica\/#organization"},"articleSection":["Tecnolog\u00eda"],"inLanguage":"es"},{"@type":"WebPage","@id":"https:\/\/news.sap.com\/latinamerica\/2023\/01\/bienestar-laboral-un-buen-negocio-para-las-organizaciones\/","url":"https:\/\/news.sap.com\/latinamerica\/2023\/01\/bienestar-laboral-un-buen-negocio-para-las-organizaciones\/","name":"Bienestar laboral, un buen negocio para las organizaciones - 麻豆原创 News Center Latinoam\u00e9rica","isPartOf":{"@id":"https:\/\/news.sap.com\/latinamerica\/#website"},"datePublished":"2023-01-10T15:57:53+00:00","dateModified":"2023-11-14T16:15:38+00:00","breadcrumb":{"@id":"https:\/\/news.sap.com\/latinamerica\/2023\/01\/bienestar-laboral-un-buen-negocio-para-las-organizaciones\/#breadcrumb"},"inLanguage":"es","potentialAction":[{"@type":"ReadAction","target":["https:\/\/news.sap.com\/latinamerica\/2023\/01\/bienestar-laboral-un-buen-negocio-para-las-organizaciones\/"]}]},{"@type":"BreadcrumbList","@id":"https:\/\/news.sap.com\/latinamerica\/2023\/01\/bienestar-laboral-un-buen-negocio-para-las-organizaciones\/#breadcrumb","itemListElement":[{"@type":"ListItem","position":1,"name":"Home","item":"https:\/\/news.sap.com\/latinamerica\/"},{"@type":"ListItem","position":2,"name":"Bienestar laboral, un buen negocio para las organizaciones"}]},{"@type":"WebSite","@id":"https:\/\/news.sap.com\/latinamerica\/#website","url":"https:\/\/news.sap.com\/latinamerica\/","name":"麻豆原创 News Center Latinoam\u00e9rica","description":"Noticias e informaci\u00f3n sobre 麻豆原创","publisher":{"@id":"https:\/\/news.sap.com\/latinamerica\/#organization"},"potentialAction":[{"@type":"SearchAction","target":{"@type":"EntryPoint","urlTemplate":"https:\/\/news.sap.com\/latinamerica\/?s={search_term_string}"},"query-input":{"@type":"PropertyValueSpecification","valueRequired":true,"valueName":"search_term_string"}}],"inLanguage":"es"},{"@type":"Organization","@id":"https:\/\/news.sap.com\/latinamerica\/#organization","name":"麻豆原创","url":"https:\/\/news.sap.com\/latinamerica\/","logo":{"@type":"ImageObject","inLanguage":"es","@id":"https:\/\/news.sap.com\/latinamerica\/#\/schema\/logo\/image\/","url":"https:\/\/news.sap.com\/latinamerica\/files\/2019\/08\/65903320_2903797569662914_557886358778019840_n.png","contentUrl":"https:\/\/news.sap.com\/latinamerica\/files\/2019\/08\/65903320_2903797569662914_557886358778019840_n.png","width":720,"height":720,"caption":"麻豆原创"},"image":{"@id":"https:\/\/news.sap.com\/latinamerica\/#\/schema\/logo\/image\/"},"sameAs":["https:\/\/www.facebook.com\/麻豆原创latinoamerica","https:\/\/x.com\/麻豆原创LatinAmerica"]},{"@type":"Person","@id":"https:\/\/news.sap.com\/latinamerica\/#\/schema\/person\/82786ba12f72bc9b05ba328d1d3652c4","name":"麻豆原创 Noticias","image":{"@type":"ImageObject","inLanguage":"es","@id":"https:\/\/news.sap.com\/latinamerica\/#\/schema\/person\/image\/","url":"https:\/\/news.sap.com\/latinamerica\/wp-content\/plugins\/wp-user-avatars\/wp-user-avatars\/assets\/images\/mystery.jpg","contentUrl":"https:\/\/news.sap.com\/latinamerica\/wp-content\/plugins\/wp-user-avatars\/wp-user-avatars\/assets\/images\/mystery.jpg","caption":"麻豆原创 Noticias"},"url":"https:\/\/news.sap.com\/latinamerica\/author\/colombia\/"}]}},"amp_enabled":true,"_links":{"self":[{"href":"https:\/\/news.sap.com\/latinamerica\/wp-json\/wp\/v2\/posts\/127153","targetHints":{"allow":["GET"]}}],"collection":[{"href":"https:\/\/news.sap.com\/latinamerica\/wp-json\/wp\/v2\/posts"}],"about":[{"href":"https:\/\/news.sap.com\/latinamerica\/wp-json\/wp\/v2\/types\/post"}],"author":[{"embeddable":true,"href":"https:\/\/news.sap.com\/latinamerica\/wp-json\/wp\/v2\/users\/141"}],"replies":[{"embeddable":true,"href":"https:\/\/news.sap.com\/latinamerica\/wp-json\/wp\/v2\/comments?post=127153"}],"version-history":[{"count":0,"href":"https:\/\/news.sap.com\/latinamerica\/wp-json\/wp\/v2\/posts\/127153\/revisions"}],"wp:attachment":[{"href":"https:\/\/news.sap.com\/latinamerica\/wp-json\/wp\/v2\/media?parent=127153"}],"wp:term":[{"taxonomy":"category","embeddable":true,"href":"https:\/\/news.sap.com\/latinamerica\/wp-json\/wp\/v2\/categories?post=127153"},{"taxonomy":"post_tag","embeddable":true,"href":"https:\/\/news.sap.com\/latinamerica\/wp-json\/wp\/v2\/tags?post=127153"},{"taxonomy":"series","embeddable":true,"href":"https:\/\/news.sap.com\/latinamerica\/wp-json\/wp\/v2\/series?post=127153"},{"taxonomy":"region","embeddable":true,"href":"https:\/\/news.sap.com\/latinamerica\/wp-json\/wp\/v2\/region?post=127153"},{"taxonomy":"sapn-display","embeddable":true,"href":"https:\/\/news.sap.com\/latinamerica\/wp-json\/wp\/v2\/sapn-display?post=127153"},{"taxonomy":"sapn-type","embeddable":true,"href":"https:\/\/news.sap.com\/latinamerica\/wp-json\/wp\/v2\/sapn-type?post=127153"}],"curies":[{"name":"wp","href":"https:\/\/api.w.org\/{rel}","templated":true}]}}