  {"id":127084,"date":"2022-12-15T15:27:24","date_gmt":"2022-12-15T20:27:24","guid":{"rendered":"https:\/\/news.sap.com\/latinamerica\/?p=127084"},"modified":"2023-11-08T17:29:21","modified_gmt":"2023-11-08T22:29:21","slug":"la-nube-como-business-driver-bl0g","status":"publish","type":"post","link":"https:\/\/news.sap.com\/latinamerica\/2022\/12\/la-nube-como-business-driver-bl0g\/","title":{"rendered":"La nube como \u201cbusiness driver\u201d"},"content":{"rendered":"<p><a href=\"https:\/\/www.linkedin.com\/in\/ditovar\/\" target=\"_blank\" rel=\"noopener\"><strong>Por Diego Tovar<\/strong><\/a><\/p>\n<p>Co-fundador de UBankU y Fundador del Augmented Business Consortium, DAO en la Web3 para democratizar el acceso a la creaci\u00f3n de capacidades digitales para personas y empresas.<\/p>\n<p class=\"lead\"><em>No estamos en una era de cambios. Estamos en un cambio de era.<\/em><\/p>\n<p>Quienes vivimos en la tercera d\u00e9cada del siglo XXI, estamos presenciando la mayor cantidad de cambios en la historia de la humanidad y vemos una aceleraci\u00f3n en la materia, sin precedentes.<\/p>\n<p><!--more--><\/p>\n<p>Tal como lo mencion\u00f3 Barack Obama en su \u00faltimo discurso como presidente de los Estados Unidos, si bien la globalizaci\u00f3n y la tecnolog\u00eda nos han generado una mejora en el promedio de la calidad de vida en el planeta durante los \u00faltimos 70 a\u00f1os, parad\u00f3jicamente la brecha entre ricos y pobres se ha ampliado y hoy hay gente que quisiera \u201cregresar\u201d en el tiempo y que reniega del avance tecnol\u00f3gico.<\/p>\n<p>La cuarta revoluci\u00f3n industrial, 4RI, acab\u00f3 con la teor\u00eda econ\u00f3mica de los factores de producci\u00f3n (tierra, capital y trabajo) e instaur\u00f3 a la informaci\u00f3n como el nuevo factor de producci\u00f3n preponderante y que dio origen a la econom\u00eda digital. La aceleraci\u00f3n digital producto de esta 4RI y presionada por la pandemia tienen ahora un nuevo factor de influencia, que es lo que llamamos el metaverso.<\/p>\n<p>Por otro lado, la pandemia del Covid -19 no solo dej\u00f3 una gran cantidad muertos y graves consecuencias en materia de salud mental en el mundo, sino que cre\u00f3 la econom\u00eda de bajo contacto, una con restricciones de seguridad, de salud, de movilidad y que ha afectado el entorno de negocios.<\/p>\n<p>No esper\u00e1bamos ver en pleno siglo XXI una guerra como la que libran Rusia y Ucrania, ni tampoco una crisis como la presentada en la cadena de suministro global tras la pandemia. El cambio clim\u00e1tico es sin duda otro fen\u00f3meno que nos obliga como nunca antes a actuar y estamos ad portas de una eventual recesi\u00f3n a escala global que parece ser inminente.<\/p>\n<p>&nbsp;<\/p>\n<p>Adem\u00e1s de lo anterior, el orden econ\u00f3mico mundial est\u00e1 cambiando y pareciese que la hegemon\u00eda del d\u00f3lar y de los Estados Unidos, est\u00e1 siendo desafiada por el yuan y China, como eventual nueva potencia en este orden mundial. Sin embargo, desde hace a\u00f1os he sostenido que tal hegemon\u00eda de China durar\u00e1 poco, pues creo que el verdadero nuevo orden no ser\u00e1 de monedas como las que conocemos, ni de pa\u00edses \u2013 estados\/naci\u00f3n. Estamos presenciando el ocaso del sistema capitalista y su resquebrajamiento dar\u00e1 lugar a un nuevo paradigma post &#8211; capitalista, que algunos autores llaman la Sociedad del Cero Costo Marginal (<em>Zero Marginal Cost Society<\/em>).<\/p>\n<p>En este paradigma veremos nuevos modelos de gobierno basados en el concepto de futarqu\u00eda propuesto por Robin Hanson en la cual, oficiales elegidos por votaci\u00f3n, definir\u00e1n medidas de bienestar nacional, y los\u00a0mercados de predicci\u00f3n determinar\u00e1n qu\u00e9 pol\u00edticas tendr\u00e1n el efecto m\u00e1s positivo. De acuerdo con JJ Campuzano, activista ciber punk fundador de Lex Cryptographica y uno de los entusiastas fil\u00f3sofos m\u00e1s relevantes en Ethereum, en 2027 aparecer\u00e1n las cripto \u2013 ciudades en la nube y en 2028 veremos las primeras DAO (Organizaciones aut\u00f3nomas descentralizadas en la Web3) pol\u00edticas, con nuevas plataformas de gobierno basadas en tecnolog\u00edas renovables. Estos nuevos paradigmas sociales ser\u00e1n impulsados por la inteligencia artificial y el blockchain.<\/p>\n<p>Ethereum se puede llegar a convertir en la columna vertebral de la IoT industrial y la nueva arquitectura financiera del siglo XXI, basada en DeFi, y con ello en 2029 podremos presenciar las primeras naciones descentralizadas (Network States) con sus propias monedas, ciudadanos y territorios distribuidos por el mundo f\u00edsico y por el metaverso y con capacidades de acci\u00f3n colectiva. Alguna de estas naciones descentralizadas ser\u00e1 la que lidere el nuevo orden econ\u00f3mico mundial.<\/p>\n<p>Estas nuevas naciones gozar\u00e1n de un sistema operativo y ser\u00e1n controladas por DAOs inteligentes, con reglas transparentes, con las que finalmente se derrotar\u00e1 la corrupci\u00f3n en el mundo y donde se har\u00e1 auditor\u00eda en tiempo real a partir de millones de nodos de blockchain distribuidos en todo el planeta. Es probable que al finalizar la d\u00e9cada estas primeras Cripto naciones sean reconocidas por las Naciones Unidas y tengan soberan\u00eda y un grado total de autonom\u00eda descentralizada y que se apoye en una carta magna cryptographica, a manera de constituci\u00f3n. Este ser\u00e1 el nuevo orden econ\u00f3mico y probablemente una nueva era: la del \u201crenacimiento digital\u201d impulsada por una nueva revoluci\u00f3n industrial hiper tecnol\u00f3gica.<\/p>\n<p>Parece entonces que la econom\u00eda digital disrumpir\u00e1 los negocios a escala mundial y por ello es imperativo que evangelicemos a los empresarios para que entiendan esta nueva econom\u00eda. Esta es la econom\u00eda de la abundancia, en la que los seres humanos dejan atr\u00e1s el af\u00e1n de poseer y ahora prefieren ser, experimentar y acceder a recursos que no son de su propiedad y en los que la clave es compartir y apalancarse. En este nuevo mundo surgieron las organizaciones exponenciales y tal como acu\u00f1\u00f3 Brian Sol\u00eds, apareci\u00f3 el fen\u00f3meno que \u00e9l llam\u00f3 darwinismo digital, en el que las empresas cuya capacidad de adaptaci\u00f3n no alcance la velocidad de evoluci\u00f3n de la tecnolog\u00eda y a la vez el comportamiento del consumidor vaya m\u00e1s r\u00e1pido que la empresa, \u00e9sta desaparecer\u00e1 en un fen\u00f3meno de selecci\u00f3n natural.<\/p>\n<p>As\u00ed, la respuesta empresarial a esta revoluci\u00f3n es lo que llamamos la transformaci\u00f3n digital y \u00e9sta no se puede quedar en una mera optimizaci\u00f3n de lo que ya tenemos en la empresa. No basta con mejorar la productividad, los ingresos existentes y la experiencia del cliente, hoy tan de moda. Se trata de generar nuevas fuentes de ingresos a partir de productos y servicios digitales novedosos y de nuevos modelos de negocio. La mayor\u00eda de las iniciativas de transformaci\u00f3n se han reducido a la generaci\u00f3n de capacidades digitales a partir de la introducci\u00f3n de nuevas tecnolog\u00edas y se ha pasado por alto la generaci\u00f3n de capacidades de liderazgo para lo digital, donde est\u00e1 la verdadera clave de la TD.<\/p>\n<p>El desaf\u00edo digital tiene que ver entonces con ejecutar la TD en per\u00edodos cortos y continuos y no en ejercicios de a\u00f1os como los que vemos hoy. Tambi\u00e9n, la llegada del paradigma de la Web3 y el metaverso se convierten ahora en parte fundamental del reto empresarial, pues se ejercer\u00e1 una enorme presi\u00f3n sobre las \u00e1reas de tecnolog\u00eda, hoy de por s\u00ed agobiadas con lo que conocemos como la deuda t\u00e9cnica.<\/p>\n<p>Para lograr avanzar exitosamente en tal desaf\u00edo, uno de los elementos clave es la migraci\u00f3n al <strong><em>cloud<\/em><\/strong>, que se convierte en el pilar fundamental de la TD. Para llegar al estadio en el que la tecnolog\u00eda haga que la compa\u00f1\u00eda sea del tipo plataforma y se comporte exponencialmente, debemos logar que la tecnolog\u00eda sea el acelerador del negocio y a su vez el generador de la innovaci\u00f3n, lo que ser\u00e1 posible solamente si adoptamos la <strong>nube<\/strong> como la base para la transformaci\u00f3n.<\/p>\n<p>Si pensamos entonces en un nuevo modelo de transformaci\u00f3n digital de siguiente generaci\u00f3n, este debe desarrollar un <em>qu\u00e9, <\/em>que parta del reto al modelo de negocio en la fase que llamo, en el marco de referencia que desarroll\u00e9, la <strong><em>iluminaci\u00f3n estrat\u00e9gica<\/em><\/strong>, en la que se re define la aspiraci\u00f3n ganadora de la empresa a partir del prop\u00f3sito y se aterriza en la estrategia digital, definiendo el nuevo campo de juego, la propuesta de valor y las capacidades necesarias para ganar en este nuevo juego digital.<\/p>\n<p>Se aborda el frente de transformaci\u00f3n orientada al cliente a partir de entender el comportamiento de los clientes en el mundo digital, para desarrollar un nuevo proceso de atracci\u00f3n y retenci\u00f3n de clientes, desarrollar nuevos productos y servicios digitales y convertir a la empresa en una <strong><em>insight driven<\/em><\/strong>, que tome decisiones basadas en la evidencia producida por los datos y no en hip\u00f3tesis de quienes la administran. Hacia el interior de la compa\u00f1\u00eda, se introduce la automatizaci\u00f3n inteligente de procesos, que m\u00e1s all\u00e1 del uso de <strong><em>BPM<\/em><\/strong> y <strong><em>RPA<\/em><\/strong>, busca generar una de las claves del \u00e9xito en lo digital y que algunos han mencionado diciendo que las compa\u00f1\u00edas del siglo XXI son compa\u00f1\u00edas de <em>software<\/em>, y que en el <em>framework<\/em> interpretamos como la necesidad de convertir los procesos y el <em>know how<\/em> del negocio en propiedad intelectual escalable (activos digitales).<\/p>\n<p>De nada servir\u00eda este proceso de reinvenci\u00f3n, si no se hace tambi\u00e9n un cambio profundo en la estructura organizacional, para llevarla a una organizaci\u00f3n m\u00e1s l\u00edquida, como las organizaciones <em>teal<\/em> propuestas por Frederic Laloux, en la que la toma de decisiones es distribuida y no tomada por las jerarqu\u00edas empresariales y la organizaci\u00f3n es auto gestionada y con un prop\u00f3sito evolutivo. Sin duda, habr\u00e1 que transformar la cultura y reforzarla con la construcci\u00f3n de unos nuevos cimientos tecnol\u00f3gicos: la arquitectura digital, basada en la migraci\u00f3n a la nube.<\/p>\n<p>&nbsp;<\/p>\n<p>El <strong><em>cloud<\/em><\/strong>, debe estar basado en aplicaciones de siguiente generaci\u00f3n, con aprovisionamiento a trav\u00e9s de APIs (<em>application program interfaces<\/em>), ecosistemas <em>DevOps<\/em> y basados en tableros de control que verifiquen continuamente la salud de la nube. Esta nueva infraestructura de nube, debe ser auto administrable y auto escalable y en t\u00e9rminos de negocio, el <strong><em>cloud<\/em><\/strong> se convierte entonces en el conductor y habilitador del negocio, para hacerlo sostenible en la econom\u00eda digital.<\/p>\n","protected":false},"excerpt":{"rendered":"<p>Por Diego Tovar Co-fundador de UBankU y Fundador del Augmented Business Consortium, DAO en la Web3 para democratizar el acceso a la creaci\u00f3n de capacidades&#8230;<\/p>\n","protected":false},"author":4374,"featured_media":127085,"comment_status":"closed","ping_status":"closed","sticky":false,"template":"","format":"standard","meta":{"footnotes":"","_links_to":"","_links_to_target":""},"categories":[52084],"tags":[56556,56559,56592,269944],"series":[],"region":[26401],"sapn-display":[5600442,5600440,52078,52079,53499],"sapn-type":[6114],"class_list":["post-127084","post","type-post","status-publish","format-standard","has-post-thumbnail","hentry","category-cloud-temas","tag-blog-2","tag-blog-de-innovacion-de-sap","tag-business-innovation","tag-transformacion-digital","region-latinoamerica","sapn-display-articulo-destacado","sapn-display-articulo-principal","sapn-display-homepage-hero","sapn-display-top-stories","sapn-display-hero","sapn-type-articulo"],"yoast_head":"<!-- This site is optimized with the Yoast SEO Premium plugin v26.9 (Yoast SEO v26.9) - https:\/\/yoast.com\/product\/yoast-seo-premium-wordpress\/ -->\n<title>La nube como \u201cbusiness driver\u201d - 麻豆原创 News Center Latinoam\u00e9rica<\/title>\n<meta name=\"robots\" content=\"index, follow, max-snippet:-1, max-image-preview:large, max-video-preview:-1\" \/>\n<link rel=\"canonical\" href=\"https:\/\/news.sap.com\/latinamerica\/2022\/12\/la-nube-como-business-driver-bl0g\/\" \/>\n<meta property=\"og:locale\" content=\"es_MX\" \/>\n<meta property=\"og:type\" content=\"article\" \/>\n<meta property=\"og:title\" content=\"La nube como \u201cbusiness driver\u201d\" \/>\n<meta property=\"og:description\" content=\"Por Diego Tovar Co-fundador de UBankU y Fundador del Augmented Business Consortium, DAO en la Web3 para democratizar el acceso a la creaci\u00f3n de capacidades...\" \/>\n<meta property=\"og:url\" content=\"https:\/\/news.sap.com\/latinamerica\/2022\/12\/la-nube-como-business-driver-bl0g\/\" \/>\n<meta property=\"og:site_name\" content=\"麻豆原创 News Center Latinoam\u00e9rica\" \/>\n<meta property=\"article:publisher\" content=\"https:\/\/www.facebook.com\/麻豆原创latinoamerica\" \/>\n<meta property=\"article:published_time\" content=\"2022-12-15T20:27:24+00:00\" \/>\n<meta property=\"article:modified_time\" content=\"2023-11-08T22:29:21+00:00\" \/>\n<meta property=\"og:image\" content=\"https:\/\/news.sap.com\/latinamerica\/files\/2022\/12\/15\/283214_shutterstock_512884012-1024x601.jpg\" \/>\n\t<meta property=\"og:image:width\" content=\"1024\" \/>\n\t<meta property=\"og:image:height\" content=\"601\" \/>\n\t<meta property=\"og:image:type\" content=\"image\/jpeg\" \/>\n<meta name=\"author\" content=\"Diego Tovar\" \/>\n<meta name=\"twitter:label1\" content=\"Escrito por\" \/>\n\t<meta name=\"twitter:data1\" content=\"Diego Tovar\" \/>\n\t<meta name=\"twitter:label2\" content=\"Tiempo de lectura\" \/>\n\t<meta name=\"twitter:data2\" content=\"7 minutos\" \/>\n<script type=\"application\/ld+json\" class=\"yoast-schema-graph\">{\"@context\":\"https:\/\/schema.org\",\"@graph\":[{\"@type\":\"Article\",\"@id\":\"https:\/\/news.sap.com\/latinamerica\/2022\/12\/la-nube-como-business-driver-bl0g\/#article\",\"isPartOf\":{\"@id\":\"https:\/\/news.sap.com\/latinamerica\/2022\/12\/la-nube-como-business-driver-bl0g\/\"},\"author\":{\"name\":\"Diego Tovar\",\"@id\":\"https:\/\/news.sap.com\/latinamerica\/#\/schema\/person\/94dacabdefc33d5436b1d009d82db796\"},\"headline\":\"La nube como \u201cbusiness driver\u201d\",\"datePublished\":\"2022-12-15T20:27:24+00:00\",\"dateModified\":\"2023-11-08T22:29:21+00:00\",\"mainEntityOfPage\":{\"@id\":\"https:\/\/news.sap.com\/latinamerica\/2022\/12\/la-nube-como-business-driver-bl0g\/\"},\"wordCount\":1644,\"publisher\":{\"@id\":\"https:\/\/news.sap.com\/latinamerica\/#organization\"},\"image\":{\"@id\":\"https:\/\/news.sap.com\/latinamerica\/2022\/12\/la-nube-como-business-driver-bl0g\/#primaryimage\"},\"thumbnailUrl\":\"https:\/\/news.sap.com\/latinamerica\/files\/2022\/12\/15\/283214_shutterstock_512884012.jpg\",\"keywords\":[\"blog\",\"Blog de Innovaci\u00f3n de 麻豆原创\",\"Business Innovation\",\"transformaci\u00f3n digital\"],\"articleSection\":[\"Cloud\"],\"inLanguage\":\"es\"},{\"@type\":\"WebPage\",\"@id\":\"https:\/\/news.sap.com\/latinamerica\/2022\/12\/la-nube-como-business-driver-bl0g\/\",\"url\":\"https:\/\/news.sap.com\/latinamerica\/2022\/12\/la-nube-como-business-driver-bl0g\/\",\"name\":\"La nube como \u201cbusiness driver\u201d - 麻豆原创 News Center Latinoam\u00e9rica\",\"isPartOf\":{\"@id\":\"https:\/\/news.sap.com\/latinamerica\/#website\"},\"primaryImageOfPage\":{\"@id\":\"https:\/\/news.sap.com\/latinamerica\/2022\/12\/la-nube-como-business-driver-bl0g\/#primaryimage\"},\"image\":{\"@id\":\"https:\/\/news.sap.com\/latinamerica\/2022\/12\/la-nube-como-business-driver-bl0g\/#primaryimage\"},\"thumbnailUrl\":\"https:\/\/news.sap.com\/latinamerica\/files\/2022\/12\/15\/283214_shutterstock_512884012.jpg\",\"datePublished\":\"2022-12-15T20:27:24+00:00\",\"dateModified\":\"2023-11-08T22:29:21+00:00\",\"breadcrumb\":{\"@id\":\"https:\/\/news.sap.com\/latinamerica\/2022\/12\/la-nube-como-business-driver-bl0g\/#breadcrumb\"},\"inLanguage\":\"es\",\"potentialAction\":[{\"@type\":\"ReadAction\",\"target\":[\"https:\/\/news.sap.com\/latinamerica\/2022\/12\/la-nube-como-business-driver-bl0g\/\"]}]},{\"@type\":\"ImageObject\",\"inLanguage\":\"es\",\"@id\":\"https:\/\/news.sap.com\/latinamerica\/2022\/12\/la-nube-como-business-driver-bl0g\/#primaryimage\",\"url\":\"https:\/\/news.sap.com\/latinamerica\/files\/2022\/12\/15\/283214_shutterstock_512884012.jpg\",\"contentUrl\":\"https:\/\/news.sap.com\/latinamerica\/files\/2022\/12\/15\/283214_shutterstock_512884012.jpg\",\"width\":6000,\"height\":3520},{\"@type\":\"BreadcrumbList\",\"@id\":\"https:\/\/news.sap.com\/latinamerica\/2022\/12\/la-nube-como-business-driver-bl0g\/#breadcrumb\",\"itemListElement\":[{\"@type\":\"ListItem\",\"position\":1,\"name\":\"Home\",\"item\":\"https:\/\/news.sap.com\/latinamerica\/\"},{\"@type\":\"ListItem\",\"position\":2,\"name\":\"La nube como \u201cbusiness driver\u201d\"}]},{\"@type\":\"WebSite\",\"@id\":\"https:\/\/news.sap.com\/latinamerica\/#website\",\"url\":\"https:\/\/news.sap.com\/latinamerica\/\",\"name\":\"麻豆原创 News Center Latinoam\u00e9rica\",\"description\":\"Noticias e informaci\u00f3n sobre 麻豆原创\",\"publisher\":{\"@id\":\"https:\/\/news.sap.com\/latinamerica\/#organization\"},\"potentialAction\":[{\"@type\":\"SearchAction\",\"target\":{\"@type\":\"EntryPoint\",\"urlTemplate\":\"https:\/\/news.sap.com\/latinamerica\/?s={search_term_string}\"},\"query-input\":{\"@type\":\"PropertyValueSpecification\",\"valueRequired\":true,\"valueName\":\"search_term_string\"}}],\"inLanguage\":\"es\"},{\"@type\":\"Organization\",\"@id\":\"https:\/\/news.sap.com\/latinamerica\/#organization\",\"name\":\"麻豆原创\",\"url\":\"https:\/\/news.sap.com\/latinamerica\/\",\"logo\":{\"@type\":\"ImageObject\",\"inLanguage\":\"es\",\"@id\":\"https:\/\/news.sap.com\/latinamerica\/#\/schema\/logo\/image\/\",\"url\":\"https:\/\/news.sap.com\/latinamerica\/files\/2019\/08\/65903320_2903797569662914_557886358778019840_n.png\",\"contentUrl\":\"https:\/\/news.sap.com\/latinamerica\/files\/2019\/08\/65903320_2903797569662914_557886358778019840_n.png\",\"width\":720,\"height\":720,\"caption\":\"麻豆原创\"},\"image\":{\"@id\":\"https:\/\/news.sap.com\/latinamerica\/#\/schema\/logo\/image\/\"},\"sameAs\":[\"https:\/\/www.facebook.com\/麻豆原创latinoamerica\",\"https:\/\/x.com\/麻豆原创LatinAmerica\"]},{\"@type\":\"Person\",\"@id\":\"https:\/\/news.sap.com\/latinamerica\/#\/schema\/person\/94dacabdefc33d5436b1d009d82db796\",\"name\":\"Diego Tovar\",\"image\":{\"@type\":\"ImageObject\",\"inLanguage\":\"es\",\"@id\":\"https:\/\/news.sap.com\/latinamerica\/#\/schema\/person\/image\/\",\"url\":\"https:\/\/news.sap.com\/latinamerica\/wp-content\/plugins\/wp-user-avatars\/wp-user-avatars\/assets\/images\/mystery.jpg\",\"contentUrl\":\"https:\/\/news.sap.com\/latinamerica\/wp-content\/plugins\/wp-user-avatars\/wp-user-avatars\/assets\/images\/mystery.jpg\",\"caption\":\"Diego Tovar\"},\"url\":\"https:\/\/news.sap.com\/latinamerica\/author\/diegotovar\/\"}]}<\/script>\n<!-- \/ Yoast SEO Premium plugin. -->","yoast_head_json":{"title":"La nube como \u201cbusiness driver\u201d - 麻豆原创 News Center Latinoam\u00e9rica","robots":{"index":"index","follow":"follow","max-snippet":"max-snippet:-1","max-image-preview":"max-image-preview:large","max-video-preview":"max-video-preview:-1"},"canonical":"https:\/\/news.sap.com\/latinamerica\/2022\/12\/la-nube-como-business-driver-bl0g\/","og_locale":"es_MX","og_type":"article","og_title":"La nube como \u201cbusiness driver\u201d","og_description":"Por Diego Tovar Co-fundador de UBankU y Fundador del Augmented Business Consortium, DAO en la Web3 para democratizar el acceso a la creaci\u00f3n de capacidades...","og_url":"https:\/\/news.sap.com\/latinamerica\/2022\/12\/la-nube-como-business-driver-bl0g\/","og_site_name":"麻豆原创 News Center Latinoam\u00e9rica","article_publisher":"https:\/\/www.facebook.com\/麻豆原创latinoamerica","article_published_time":"2022-12-15T20:27:24+00:00","article_modified_time":"2023-11-08T22:29:21+00:00","og_image":[{"width":1024,"height":601,"url":"https:\/\/news.sap.com\/latinamerica\/files\/2022\/12\/15\/283214_shutterstock_512884012-1024x601.jpg","type":"image\/jpeg"}],"author":"Diego Tovar","twitter_misc":{"Escrito por":"Diego Tovar","Tiempo de lectura":"7 minutos"},"schema":{"@context":"https:\/\/schema.org","@graph":[{"@type":"Article","@id":"https:\/\/news.sap.com\/latinamerica\/2022\/12\/la-nube-como-business-driver-bl0g\/#article","isPartOf":{"@id":"https:\/\/news.sap.com\/latinamerica\/2022\/12\/la-nube-como-business-driver-bl0g\/"},"author":{"name":"Diego Tovar","@id":"https:\/\/news.sap.com\/latinamerica\/#\/schema\/person\/94dacabdefc33d5436b1d009d82db796"},"headline":"La nube como \u201cbusiness driver\u201d","datePublished":"2022-12-15T20:27:24+00:00","dateModified":"2023-11-08T22:29:21+00:00","mainEntityOfPage":{"@id":"https:\/\/news.sap.com\/latinamerica\/2022\/12\/la-nube-como-business-driver-bl0g\/"},"wordCount":1644,"publisher":{"@id":"https:\/\/news.sap.com\/latinamerica\/#organization"},"image":{"@id":"https:\/\/news.sap.com\/latinamerica\/2022\/12\/la-nube-como-business-driver-bl0g\/#primaryimage"},"thumbnailUrl":"https:\/\/news.sap.com\/latinamerica\/files\/2022\/12\/15\/283214_shutterstock_512884012.jpg","keywords":["blog","Blog de Innovaci\u00f3n de 麻豆原创","Business Innovation","transformaci\u00f3n digital"],"articleSection":["Cloud"],"inLanguage":"es"},{"@type":"WebPage","@id":"https:\/\/news.sap.com\/latinamerica\/2022\/12\/la-nube-como-business-driver-bl0g\/","url":"https:\/\/news.sap.com\/latinamerica\/2022\/12\/la-nube-como-business-driver-bl0g\/","name":"La nube como \u201cbusiness driver\u201d - 麻豆原创 News Center Latinoam\u00e9rica","isPartOf":{"@id":"https:\/\/news.sap.com\/latinamerica\/#website"},"primaryImageOfPage":{"@id":"https:\/\/news.sap.com\/latinamerica\/2022\/12\/la-nube-como-business-driver-bl0g\/#primaryimage"},"image":{"@id":"https:\/\/news.sap.com\/latinamerica\/2022\/12\/la-nube-como-business-driver-bl0g\/#primaryimage"},"thumbnailUrl":"https:\/\/news.sap.com\/latinamerica\/files\/2022\/12\/15\/283214_shutterstock_512884012.jpg","datePublished":"2022-12-15T20:27:24+00:00","dateModified":"2023-11-08T22:29:21+00:00","breadcrumb":{"@id":"https:\/\/news.sap.com\/latinamerica\/2022\/12\/la-nube-como-business-driver-bl0g\/#breadcrumb"},"inLanguage":"es","potentialAction":[{"@type":"ReadAction","target":["https:\/\/news.sap.com\/latinamerica\/2022\/12\/la-nube-como-business-driver-bl0g\/"]}]},{"@type":"ImageObject","inLanguage":"es","@id":"https:\/\/news.sap.com\/latinamerica\/2022\/12\/la-nube-como-business-driver-bl0g\/#primaryimage","url":"https:\/\/news.sap.com\/latinamerica\/files\/2022\/12\/15\/283214_shutterstock_512884012.jpg","contentUrl":"https:\/\/news.sap.com\/latinamerica\/files\/2022\/12\/15\/283214_shutterstock_512884012.jpg","width":6000,"height":3520},{"@type":"BreadcrumbList","@id":"https:\/\/news.sap.com\/latinamerica\/2022\/12\/la-nube-como-business-driver-bl0g\/#breadcrumb","itemListElement":[{"@type":"ListItem","position":1,"name":"Home","item":"https:\/\/news.sap.com\/latinamerica\/"},{"@type":"ListItem","position":2,"name":"La nube como \u201cbusiness driver\u201d"}]},{"@type":"WebSite","@id":"https:\/\/news.sap.com\/latinamerica\/#website","url":"https:\/\/news.sap.com\/latinamerica\/","name":"麻豆原创 News Center Latinoam\u00e9rica","description":"Noticias e informaci\u00f3n sobre 麻豆原创","publisher":{"@id":"https:\/\/news.sap.com\/latinamerica\/#organization"},"potentialAction":[{"@type":"SearchAction","target":{"@type":"EntryPoint","urlTemplate":"https:\/\/news.sap.com\/latinamerica\/?s={search_term_string}"},"query-input":{"@type":"PropertyValueSpecification","valueRequired":true,"valueName":"search_term_string"}}],"inLanguage":"es"},{"@type":"Organization","@id":"https:\/\/news.sap.com\/latinamerica\/#organization","name":"麻豆原创","url":"https:\/\/news.sap.com\/latinamerica\/","logo":{"@type":"ImageObject","inLanguage":"es","@id":"https:\/\/news.sap.com\/latinamerica\/#\/schema\/logo\/image\/","url":"https:\/\/news.sap.com\/latinamerica\/files\/2019\/08\/65903320_2903797569662914_557886358778019840_n.png","contentUrl":"https:\/\/news.sap.com\/latinamerica\/files\/2019\/08\/65903320_2903797569662914_557886358778019840_n.png","width":720,"height":720,"caption":"麻豆原创"},"image":{"@id":"https:\/\/news.sap.com\/latinamerica\/#\/schema\/logo\/image\/"},"sameAs":["https:\/\/www.facebook.com\/麻豆原创latinoamerica","https:\/\/x.com\/麻豆原创LatinAmerica"]},{"@type":"Person","@id":"https:\/\/news.sap.com\/latinamerica\/#\/schema\/person\/94dacabdefc33d5436b1d009d82db796","name":"Diego Tovar","image":{"@type":"ImageObject","inLanguage":"es","@id":"https:\/\/news.sap.com\/latinamerica\/#\/schema\/person\/image\/","url":"https:\/\/news.sap.com\/latinamerica\/wp-content\/plugins\/wp-user-avatars\/wp-user-avatars\/assets\/images\/mystery.jpg","contentUrl":"https:\/\/news.sap.com\/latinamerica\/wp-content\/plugins\/wp-user-avatars\/wp-user-avatars\/assets\/images\/mystery.jpg","caption":"Diego Tovar"},"url":"https:\/\/news.sap.com\/latinamerica\/author\/diegotovar\/"}]}},"amp_enabled":true,"_links":{"self":[{"href":"https:\/\/news.sap.com\/latinamerica\/wp-json\/wp\/v2\/posts\/127084","targetHints":{"allow":["GET"]}}],"collection":[{"href":"https:\/\/news.sap.com\/latinamerica\/wp-json\/wp\/v2\/posts"}],"about":[{"href":"https:\/\/news.sap.com\/latinamerica\/wp-json\/wp\/v2\/types\/post"}],"author":[{"embeddable":true,"href":"https:\/\/news.sap.com\/latinamerica\/wp-json\/wp\/v2\/users\/4374"}],"replies":[{"embeddable":true,"href":"https:\/\/news.sap.com\/latinamerica\/wp-json\/wp\/v2\/comments?post=127084"}],"version-history":[{"count":0,"href":"https:\/\/news.sap.com\/latinamerica\/wp-json\/wp\/v2\/posts\/127084\/revisions"}],"wp:featuredmedia":[{"embeddable":true,"href":"https:\/\/news.sap.com\/latinamerica\/wp-json\/wp\/v2\/media\/127085"}],"wp:attachment":[{"href":"https:\/\/news.sap.com\/latinamerica\/wp-json\/wp\/v2\/media?parent=127084"}],"wp:term":[{"taxonomy":"category","embeddable":true,"href":"https:\/\/news.sap.com\/latinamerica\/wp-json\/wp\/v2\/categories?post=127084"},{"taxonomy":"post_tag","embeddable":true,"href":"https:\/\/news.sap.com\/latinamerica\/wp-json\/wp\/v2\/tags?post=127084"},{"taxonomy":"series","embeddable":true,"href":"https:\/\/news.sap.com\/latinamerica\/wp-json\/wp\/v2\/series?post=127084"},{"taxonomy":"region","embeddable":true,"href":"https:\/\/news.sap.com\/latinamerica\/wp-json\/wp\/v2\/region?post=127084"},{"taxonomy":"sapn-display","embeddable":true,"href":"https:\/\/news.sap.com\/latinamerica\/wp-json\/wp\/v2\/sapn-display?post=127084"},{"taxonomy":"sapn-type","embeddable":true,"href":"https:\/\/news.sap.com\/latinamerica\/wp-json\/wp\/v2\/sapn-type?post=127084"}],"curies":[{"name":"wp","href":"https:\/\/api.w.org\/{rel}","templated":true}]}}