  {"id":126735,"date":"2022-10-20T15:25:44","date_gmt":"2022-10-20T19:25:44","guid":{"rendered":"https:\/\/news.sap.com\/latinamerica\/?p=126735"},"modified":"2023-11-14T11:17:46","modified_gmt":"2023-11-14T16:17:46","slug":"la-sostenibilidad-requiere-un-gobierno-digital","status":"publish","type":"post","link":"https:\/\/news.sap.com\/latinamerica\/2022\/10\/la-sostenibilidad-requiere-un-gobierno-digital\/","title":{"rendered":"La sostenibilidad requiere un gobierno digital"},"content":{"rendered":"<p class=\"lead\"><span style=\"font-weight: 400;\">Uno de los conceptos prioritarios en la agenda del Siglo XXI es la sostenibilidad, lo cual se resume en suplir las necesidades de esta generaci\u00f3n sin que se vean afectadas las del futuro. La tecnolog\u00eda resulta un gran aliado en este proceso.<\/span><\/p>\n<p><span style=\"font-weight: 400;\">El rumbo deben trazarlo los gobiernos, con el fin de empoderar a los ciudadanos. Para ello, es necesario que est\u00e9n en capacidad de brindar servicios que ahorren tanto tiempo como costos, a la vez que otorgan una mayor transparencia.<\/span><\/p>\n<p><span style=\"font-weight: 400;\">De all\u00ed nace el t\u00e9rmino gobierno digital, el cual, seg\u00fan el Banco Mundial, es aquel que utiliza las tecnolog\u00edas de la informaci\u00f3n con la firme intenci\u00f3n de aumentar su eficiencia, su transparencia y, primordialmente, su participaci\u00f3n ciudadana.<\/span><\/p>\n<p><span style=\"font-weight: 400;\">El primer paso para encaminarse en esa direcci\u00f3n es modernizar los procesos que ya son obsoletos mediante la integraci\u00f3n de datos en el sector p\u00fablico, con el \u00e1nimo de ofrecer soluciones m\u00e1s \u00edntegras a la ciudadan\u00eda. Al tiempo, se debe trabajar en configurar m\u00e9tricas que midan el desempe\u00f1o de las soluciones implementadas.<\/span><\/p>\n<p><span style=\"font-weight: 400;\">Son tres los consejos para que el proceso de gobierno digital se desarrolle de manera exitosa. En primera instancia es necesario que se eval\u00fae el panorama de las adquisiciones con respecto a las que hay disponible en el mercado. Tambi\u00e9n es necesario revisar e identificar cu\u00e1les son las fallas presentes en la cadena de suministros. Por \u00faltimo, es imperativo entender c\u00f3mo se pueden optimizar las operaciones, por ejemplo, a trav\u00e9s de redes basadas en la nube que ayuden a automatizar recursos.<\/span><\/p>\n<p><span style=\"font-weight: 400;\">Precisamente la automatizaci\u00f3n es clave porque esto libera a los empleados de tareas manuales rutinarias, lo cual les da m\u00e1s tiempo para centrarse en actividades vitales y de valor que exigen una mayor capacidad intelectual. En este camino es necesario recordar que a trav\u00e9s de las tecnolog\u00edas, las diferentes esferas gubernamentales pueden reducir los ataques cibern\u00e9ticos.<\/span><\/p>\n<p><span style=\"font-weight: 400;\">Los Estados son conscientes de que la tecnolog\u00eda es una soluci\u00f3n si se trata de ser m\u00e1s eficientes. De hecho, el 52 % de las agencias del sector p\u00fablico ya invierte en la automatizaci\u00f3n de procesos rob\u00f3ticos y el 37 % ya implementa procesos de Inteligencia Artificial, seg\u00fan una encuesta de Oxford Economics hecha en 23 pa\u00edses.<\/span><\/p>\n<p><span style=\"font-weight: 400;\">No obstante, la meta es que las soluciones tecnol\u00f3gicas se implementen cada vez m\u00e1s en las entidades gubernamentales, para que as\u00ed se reduzcan costos, se aumenten eficiencias y se le haga la vida m\u00e1s f\u00e1cil al ciudadano. Es claro que en t\u00e9rminos de presupuesto la pandemia marc\u00f3 una prioridad indiscutible en a\u00f1os pasados, pero es momento de invertir en nuevos procesos y tecnolog\u00edas y en la capacitaci\u00f3n para que haya una verdadera apropiaci\u00f3n de estas herramientas.<\/span><\/p>\n<p><i><span style=\"font-weight: 400;\">Por: Santiago Duque, Director de Operaciones de 麻豆原创 para la regi\u00f3n norte de Latinoam\u00e9rica y el Caribe<\/span><\/i><\/p>\n","protected":false},"excerpt":{"rendered":"<p>Uno de los conceptos prioritarios en la agenda del Siglo XXI es la sostenibilidad, lo cual se resume en suplir las necesidades de esta generaci\u00f3n&#8230;<\/p>\n","protected":false},"author":4714,"featured_media":0,"comment_status":"closed","ping_status":"closed","sticky":false,"template":"","format":"standard","meta":{"footnotes":"","_links_to":"","_links_to_target":""},"categories":[24297],"tags":[],"series":[],"region":[22190],"sapn-display":[5600442,5600440,53499],"sapn-type":[6114],"class_list":["post-126735","post","type-post","status-publish","format-standard","hentry","category-tecnologia","region-centroamerica","sapn-display-articulo-destacado","sapn-display-articulo-principal","sapn-display-hero","sapn-type-articulo"],"yoast_head":"<!-- This site is optimized with the Yoast SEO Premium plugin v26.9 (Yoast SEO v26.9) - https:\/\/yoast.com\/product\/yoast-seo-premium-wordpress\/ -->\n<title>La sostenibilidad requiere un gobierno digital - 麻豆原创 News Center Latinoam\u00e9rica<\/title>\n<meta name=\"robots\" content=\"index, follow, max-snippet:-1, max-image-preview:large, max-video-preview:-1\" \/>\n<link rel=\"canonical\" href=\"https:\/\/news.sap.com\/latinamerica\/2022\/10\/la-sostenibilidad-requiere-un-gobierno-digital\/\" \/>\n<meta property=\"og:locale\" content=\"es_MX\" \/>\n<meta property=\"og:type\" content=\"article\" \/>\n<meta property=\"og:title\" content=\"La sostenibilidad requiere un gobierno digital\" \/>\n<meta property=\"og:description\" content=\"Uno de los conceptos prioritarios en la agenda del Siglo XXI es la sostenibilidad, lo cual se resume en suplir las necesidades de esta generaci\u00f3n...\" \/>\n<meta property=\"og:url\" content=\"https:\/\/news.sap.com\/latinamerica\/2022\/10\/la-sostenibilidad-requiere-un-gobierno-digital\/\" \/>\n<meta property=\"og:site_name\" content=\"麻豆原创 News Center Latinoam\u00e9rica\" \/>\n<meta property=\"article:publisher\" content=\"https:\/\/www.facebook.com\/麻豆原创latinoamerica\" \/>\n<meta property=\"article:published_time\" content=\"2022-10-20T19:25:44+00:00\" \/>\n<meta property=\"article:modified_time\" content=\"2023-11-14T16:17:46+00:00\" \/>\n<meta name=\"author\" content=\"Santiago Duque\" \/>\n<meta name=\"twitter:label1\" content=\"Escrito por\" \/>\n\t<meta name=\"twitter:data1\" content=\"Santiago Duque\" \/>\n\t<meta name=\"twitter:label2\" content=\"Tiempo de lectura\" \/>\n\t<meta name=\"twitter:data2\" content=\"3 minutos\" \/>\n<script type=\"application\/ld+json\" class=\"yoast-schema-graph\">{\"@context\":\"https:\/\/schema.org\",\"@graph\":[{\"@type\":\"Article\",\"@id\":\"https:\/\/news.sap.com\/latinamerica\/2022\/10\/la-sostenibilidad-requiere-un-gobierno-digital\/#article\",\"isPartOf\":{\"@id\":\"https:\/\/news.sap.com\/latinamerica\/2022\/10\/la-sostenibilidad-requiere-un-gobierno-digital\/\"},\"author\":{\"name\":\"Santiago Duque\",\"@id\":\"https:\/\/news.sap.com\/latinamerica\/#\/schema\/person\/f15eb336aeff96a0628f65a2aadd922c\"},\"headline\":\"La sostenibilidad requiere un gobierno digital\",\"datePublished\":\"2022-10-20T19:25:44+00:00\",\"dateModified\":\"2023-11-14T16:17:46+00:00\",\"mainEntityOfPage\":{\"@id\":\"https:\/\/news.sap.com\/latinamerica\/2022\/10\/la-sostenibilidad-requiere-un-gobierno-digital\/\"},\"wordCount\":503,\"publisher\":{\"@id\":\"https:\/\/news.sap.com\/latinamerica\/#organization\"},\"articleSection\":[\"Tecnolog\u00eda\"],\"inLanguage\":\"es\"},{\"@type\":\"WebPage\",\"@id\":\"https:\/\/news.sap.com\/latinamerica\/2022\/10\/la-sostenibilidad-requiere-un-gobierno-digital\/\",\"url\":\"https:\/\/news.sap.com\/latinamerica\/2022\/10\/la-sostenibilidad-requiere-un-gobierno-digital\/\",\"name\":\"La sostenibilidad requiere un gobierno digital - 麻豆原创 News Center Latinoam\u00e9rica\",\"isPartOf\":{\"@id\":\"https:\/\/news.sap.com\/latinamerica\/#website\"},\"datePublished\":\"2022-10-20T19:25:44+00:00\",\"dateModified\":\"2023-11-14T16:17:46+00:00\",\"breadcrumb\":{\"@id\":\"https:\/\/news.sap.com\/latinamerica\/2022\/10\/la-sostenibilidad-requiere-un-gobierno-digital\/#breadcrumb\"},\"inLanguage\":\"es\",\"potentialAction\":[{\"@type\":\"ReadAction\",\"target\":[\"https:\/\/news.sap.com\/latinamerica\/2022\/10\/la-sostenibilidad-requiere-un-gobierno-digital\/\"]}]},{\"@type\":\"BreadcrumbList\",\"@id\":\"https:\/\/news.sap.com\/latinamerica\/2022\/10\/la-sostenibilidad-requiere-un-gobierno-digital\/#breadcrumb\",\"itemListElement\":[{\"@type\":\"ListItem\",\"position\":1,\"name\":\"Home\",\"item\":\"https:\/\/news.sap.com\/latinamerica\/\"},{\"@type\":\"ListItem\",\"position\":2,\"name\":\"La sostenibilidad requiere un gobierno digital\"}]},{\"@type\":\"WebSite\",\"@id\":\"https:\/\/news.sap.com\/latinamerica\/#website\",\"url\":\"https:\/\/news.sap.com\/latinamerica\/\",\"name\":\"麻豆原创 News Center Latinoam\u00e9rica\",\"description\":\"Noticias e informaci\u00f3n sobre 麻豆原创\",\"publisher\":{\"@id\":\"https:\/\/news.sap.com\/latinamerica\/#organization\"},\"potentialAction\":[{\"@type\":\"SearchAction\",\"target\":{\"@type\":\"EntryPoint\",\"urlTemplate\":\"https:\/\/news.sap.com\/latinamerica\/?s={search_term_string}\"},\"query-input\":{\"@type\":\"PropertyValueSpecification\",\"valueRequired\":true,\"valueName\":\"search_term_string\"}}],\"inLanguage\":\"es\"},{\"@type\":\"Organization\",\"@id\":\"https:\/\/news.sap.com\/latinamerica\/#organization\",\"name\":\"麻豆原创\",\"url\":\"https:\/\/news.sap.com\/latinamerica\/\",\"logo\":{\"@type\":\"ImageObject\",\"inLanguage\":\"es\",\"@id\":\"https:\/\/news.sap.com\/latinamerica\/#\/schema\/logo\/image\/\",\"url\":\"https:\/\/news.sap.com\/latinamerica\/files\/2019\/08\/65903320_2903797569662914_557886358778019840_n.png\",\"contentUrl\":\"https:\/\/news.sap.com\/latinamerica\/files\/2019\/08\/65903320_2903797569662914_557886358778019840_n.png\",\"width\":720,\"height\":720,\"caption\":\"麻豆原创\"},\"image\":{\"@id\":\"https:\/\/news.sap.com\/latinamerica\/#\/schema\/logo\/image\/\"},\"sameAs\":[\"https:\/\/www.facebook.com\/麻豆原创latinoamerica\",\"https:\/\/x.com\/麻豆原创LatinAmerica\"]},{\"@type\":\"Person\",\"@id\":\"https:\/\/news.sap.com\/latinamerica\/#\/schema\/person\/f15eb336aeff96a0628f65a2aadd922c\",\"name\":\"Santiago Duque\",\"image\":{\"@type\":\"ImageObject\",\"inLanguage\":\"es\",\"@id\":\"https:\/\/news.sap.com\/latinamerica\/#\/schema\/person\/image\/\",\"url\":\"https:\/\/news.sap.com\/latinamerica\/wp-content\/plugins\/wp-user-avatars\/wp-user-avatars\/assets\/images\/mystery.jpg\",\"contentUrl\":\"https:\/\/news.sap.com\/latinamerica\/wp-content\/plugins\/wp-user-avatars\/wp-user-avatars\/assets\/images\/mystery.jpg\",\"caption\":\"Santiago Duque\"},\"url\":\"https:\/\/news.sap.com\/latinamerica\/author\/santiagoduque\/\"}]}<\/script>\n<!-- \/ Yoast SEO Premium plugin. -->","yoast_head_json":{"title":"La sostenibilidad requiere un gobierno digital - 麻豆原创 News Center Latinoam\u00e9rica","robots":{"index":"index","follow":"follow","max-snippet":"max-snippet:-1","max-image-preview":"max-image-preview:large","max-video-preview":"max-video-preview:-1"},"canonical":"https:\/\/news.sap.com\/latinamerica\/2022\/10\/la-sostenibilidad-requiere-un-gobierno-digital\/","og_locale":"es_MX","og_type":"article","og_title":"La sostenibilidad requiere un gobierno digital","og_description":"Uno de los conceptos prioritarios en la agenda del Siglo XXI es la sostenibilidad, lo cual se resume en suplir las necesidades de esta generaci\u00f3n...","og_url":"https:\/\/news.sap.com\/latinamerica\/2022\/10\/la-sostenibilidad-requiere-un-gobierno-digital\/","og_site_name":"麻豆原创 News Center Latinoam\u00e9rica","article_publisher":"https:\/\/www.facebook.com\/麻豆原创latinoamerica","article_published_time":"2022-10-20T19:25:44+00:00","article_modified_time":"2023-11-14T16:17:46+00:00","author":"Santiago Duque","twitter_misc":{"Escrito por":"Santiago Duque","Tiempo de lectura":"3 minutos"},"schema":{"@context":"https:\/\/schema.org","@graph":[{"@type":"Article","@id":"https:\/\/news.sap.com\/latinamerica\/2022\/10\/la-sostenibilidad-requiere-un-gobierno-digital\/#article","isPartOf":{"@id":"https:\/\/news.sap.com\/latinamerica\/2022\/10\/la-sostenibilidad-requiere-un-gobierno-digital\/"},"author":{"name":"Santiago Duque","@id":"https:\/\/news.sap.com\/latinamerica\/#\/schema\/person\/f15eb336aeff96a0628f65a2aadd922c"},"headline":"La sostenibilidad requiere un gobierno digital","datePublished":"2022-10-20T19:25:44+00:00","dateModified":"2023-11-14T16:17:46+00:00","mainEntityOfPage":{"@id":"https:\/\/news.sap.com\/latinamerica\/2022\/10\/la-sostenibilidad-requiere-un-gobierno-digital\/"},"wordCount":503,"publisher":{"@id":"https:\/\/news.sap.com\/latinamerica\/#organization"},"articleSection":["Tecnolog\u00eda"],"inLanguage":"es"},{"@type":"WebPage","@id":"https:\/\/news.sap.com\/latinamerica\/2022\/10\/la-sostenibilidad-requiere-un-gobierno-digital\/","url":"https:\/\/news.sap.com\/latinamerica\/2022\/10\/la-sostenibilidad-requiere-un-gobierno-digital\/","name":"La sostenibilidad requiere un gobierno digital - 麻豆原创 News Center Latinoam\u00e9rica","isPartOf":{"@id":"https:\/\/news.sap.com\/latinamerica\/#website"},"datePublished":"2022-10-20T19:25:44+00:00","dateModified":"2023-11-14T16:17:46+00:00","breadcrumb":{"@id":"https:\/\/news.sap.com\/latinamerica\/2022\/10\/la-sostenibilidad-requiere-un-gobierno-digital\/#breadcrumb"},"inLanguage":"es","potentialAction":[{"@type":"ReadAction","target":["https:\/\/news.sap.com\/latinamerica\/2022\/10\/la-sostenibilidad-requiere-un-gobierno-digital\/"]}]},{"@type":"BreadcrumbList","@id":"https:\/\/news.sap.com\/latinamerica\/2022\/10\/la-sostenibilidad-requiere-un-gobierno-digital\/#breadcrumb","itemListElement":[{"@type":"ListItem","position":1,"name":"Home","item":"https:\/\/news.sap.com\/latinamerica\/"},{"@type":"ListItem","position":2,"name":"La sostenibilidad requiere un gobierno digital"}]},{"@type":"WebSite","@id":"https:\/\/news.sap.com\/latinamerica\/#website","url":"https:\/\/news.sap.com\/latinamerica\/","name":"麻豆原创 News Center Latinoam\u00e9rica","description":"Noticias e informaci\u00f3n sobre 麻豆原创","publisher":{"@id":"https:\/\/news.sap.com\/latinamerica\/#organization"},"potentialAction":[{"@type":"SearchAction","target":{"@type":"EntryPoint","urlTemplate":"https:\/\/news.sap.com\/latinamerica\/?s={search_term_string}"},"query-input":{"@type":"PropertyValueSpecification","valueRequired":true,"valueName":"search_term_string"}}],"inLanguage":"es"},{"@type":"Organization","@id":"https:\/\/news.sap.com\/latinamerica\/#organization","name":"麻豆原创","url":"https:\/\/news.sap.com\/latinamerica\/","logo":{"@type":"ImageObject","inLanguage":"es","@id":"https:\/\/news.sap.com\/latinamerica\/#\/schema\/logo\/image\/","url":"https:\/\/news.sap.com\/latinamerica\/files\/2019\/08\/65903320_2903797569662914_557886358778019840_n.png","contentUrl":"https:\/\/news.sap.com\/latinamerica\/files\/2019\/08\/65903320_2903797569662914_557886358778019840_n.png","width":720,"height":720,"caption":"麻豆原创"},"image":{"@id":"https:\/\/news.sap.com\/latinamerica\/#\/schema\/logo\/image\/"},"sameAs":["https:\/\/www.facebook.com\/麻豆原创latinoamerica","https:\/\/x.com\/麻豆原创LatinAmerica"]},{"@type":"Person","@id":"https:\/\/news.sap.com\/latinamerica\/#\/schema\/person\/f15eb336aeff96a0628f65a2aadd922c","name":"Santiago Duque","image":{"@type":"ImageObject","inLanguage":"es","@id":"https:\/\/news.sap.com\/latinamerica\/#\/schema\/person\/image\/","url":"https:\/\/news.sap.com\/latinamerica\/wp-content\/plugins\/wp-user-avatars\/wp-user-avatars\/assets\/images\/mystery.jpg","contentUrl":"https:\/\/news.sap.com\/latinamerica\/wp-content\/plugins\/wp-user-avatars\/wp-user-avatars\/assets\/images\/mystery.jpg","caption":"Santiago Duque"},"url":"https:\/\/news.sap.com\/latinamerica\/author\/santiagoduque\/"}]}},"amp_enabled":true,"_links":{"self":[{"href":"https:\/\/news.sap.com\/latinamerica\/wp-json\/wp\/v2\/posts\/126735","targetHints":{"allow":["GET"]}}],"collection":[{"href":"https:\/\/news.sap.com\/latinamerica\/wp-json\/wp\/v2\/posts"}],"about":[{"href":"https:\/\/news.sap.com\/latinamerica\/wp-json\/wp\/v2\/types\/post"}],"author":[{"embeddable":true,"href":"https:\/\/news.sap.com\/latinamerica\/wp-json\/wp\/v2\/users\/4714"}],"replies":[{"embeddable":true,"href":"https:\/\/news.sap.com\/latinamerica\/wp-json\/wp\/v2\/comments?post=126735"}],"version-history":[{"count":0,"href":"https:\/\/news.sap.com\/latinamerica\/wp-json\/wp\/v2\/posts\/126735\/revisions"}],"wp:attachment":[{"href":"https:\/\/news.sap.com\/latinamerica\/wp-json\/wp\/v2\/media?parent=126735"}],"wp:term":[{"taxonomy":"category","embeddable":true,"href":"https:\/\/news.sap.com\/latinamerica\/wp-json\/wp\/v2\/categories?post=126735"},{"taxonomy":"post_tag","embeddable":true,"href":"https:\/\/news.sap.com\/latinamerica\/wp-json\/wp\/v2\/tags?post=126735"},{"taxonomy":"series","embeddable":true,"href":"https:\/\/news.sap.com\/latinamerica\/wp-json\/wp\/v2\/series?post=126735"},{"taxonomy":"region","embeddable":true,"href":"https:\/\/news.sap.com\/latinamerica\/wp-json\/wp\/v2\/region?post=126735"},{"taxonomy":"sapn-display","embeddable":true,"href":"https:\/\/news.sap.com\/latinamerica\/wp-json\/wp\/v2\/sapn-display?post=126735"},{"taxonomy":"sapn-type","embeddable":true,"href":"https:\/\/news.sap.com\/latinamerica\/wp-json\/wp\/v2\/sapn-type?post=126735"}],"curies":[{"name":"wp","href":"https:\/\/api.w.org\/{rel}","templated":true}]}}