  {"id":126586,"date":"2022-09-26T18:02:33","date_gmt":"2022-09-26T22:02:33","guid":{"rendered":"https:\/\/news.sap.com\/latinamerica\/?p=126586"},"modified":"2023-11-09T09:54:27","modified_gmt":"2023-11-09T14:54:27","slug":"el-futuro-de-la-sustentabilidad-ambiental-corporativa-bl0g","status":"publish","type":"post","link":"https:\/\/news.sap.com\/latinamerica\/2022\/09\/el-futuro-de-la-sustentabilidad-ambiental-corporativa-bl0g\/","title":{"rendered":"El futuro de la sustentabilidad ambiental corporativa"},"content":{"rendered":"<h3><em>Los gases de efecto invernadero, como el di\u00f3xido de carbono, atrapan el calor y las mayores fuentes de C02 son el transporte, la electricidad y la industria. Eso significa que el mundo de los negocios tiene que tomar la iniciativa para mantener el planeta fresco. <\/em><!--more--><\/h3>\n<p>Sostenible es una palabra encantadora y positiva. Se ha vuelto tan familiar que podr\u00eda adormecer nuestros sentidos ante el resultado alternativo: con el aumento de la temperatura global promedio y el clima extremo, mientras que la calidad del aire y el agua disminuye, la vida (por no hablar de los negocios) en nuestro planeta corre el riesgo de volverse insostenible.<\/p>\n<p>Entonces, \u00bfcu\u00e1l es el futuro de la sustentabilidad corporativa, tambi\u00e9n conocida como E en ESG (por medioambiente, social y de gobierno)? Este trabajo es tan vital que los informes ambientales se est\u00e1n convirtiendo en el segundo m\u00e9todo para evaluar el desempe\u00f1o de la empresa, junto con los informes financieros tradicionales. Despu\u00e9s de todo, hemos estado contribuyendo al r\u00e1pido calentamiento de nuestro planeta durante siglos y est\u00e1 empezando a mostrarnos las consecuencias. Disminuir o revertir esas consecuencias es un gran desaf\u00edo con muchas preguntas sobre c\u00f3mo proceder mejor.<\/p>\n<p>Estamos aqu\u00ed con respuestas sobre temas clave: c\u00f3mo medir su efecto, informarlo a las partes interesadas y mejorar la sostenibilidad en la estrategia, los materiales, las operaciones, el transporte y las asociaciones.<\/p>\n<p>S\u00ed, ya es hora de que el liderazgo de arriba hacia abajo se una. Post-its y carteles que digan &#8220;\u00a1Recuerde apagar las luces!&#8221; ciertamente no son suficientes. Abordar el cambio clim\u00e1tico requerir\u00e1 m\u00e1s que estos movimientos ambientales pro forma.<\/p>\n<p>Pero no se trata s\u00f3lo de tirar dinero a un problema. Para lograr un progreso significativo, vaya m\u00e1s all\u00e1 de lo b\u00e1sico y p\u00f3ngase a trabajar en una <a href=\"https:\/\/insights.sap.com\/sustainability-strategy-profits-follow-purpose\/\" target=\"_blank\" rel=\"noopener\">estrategia de sustentabilidad<\/a> completa, detallando c\u00f3mo su empresa organizar\u00e1 y priorizar\u00e1 su trabajo para hacer que la reducci\u00f3n de emisiones y desechos sea parte de su modelo comercial y sus procesos.<\/p>\n<p>Para empezar, en una encuesta de ENGIE Impact a 200 ejecutivos de grandes corporaciones multinacionales, el 75 % dice que la estrategia de sustentabilidad bien implementada genera una ventaja competitiva.<\/p>\n<p>La propia investigaci\u00f3n de 麻豆原创 encontr\u00f3 tres grupos de organizaciones que act\u00faan de manera diferente en lo que respecta a la sostenibilidad ambiental. Los llamamos los ahora, los inminentes y los posteriores, en funci\u00f3n de cu\u00e1ndo esperan que la sostenibilidad sea econ\u00f3micamente importante para las operaciones de sus empresas.<\/p>\n<p><strong>\u00bfD\u00f3nde podemos hacer la mayor diferencia de inmediato? <\/strong><\/p>\n<p>Cada empresa y cada industria son un poco diferentes, pero aqu\u00ed hay cuatro ideas de alto impacto para potenciar sus esfuerzos de sostenibilidad:<\/p>\n<ul>\n<li><strong>Cadena de suministro <\/strong><\/li>\n<\/ul>\n<p>Un estudio de 2021 realizado por el Foro Econ\u00f3mico Mundial (WEF) y Boston Consulting Group afirma que este es un excelente lugar para enfocarse. Para las empresas en la mayor\u00eda de los sectores orientados al cliente, las emisiones de extremo a extremo son mucho m\u00e1s altas que las emisiones directas en sus propias operaciones. Al involucrar a los proveedores para crear una cadena de suministro neta cero, las empresas pueden aumentar su impacto clim\u00e1tico positivo, mejorar la reducci\u00f3n de emisiones en sectores dif\u00edciles de reducir y tomar medidas clim\u00e1ticas en pa\u00edses donde de otro modo no ser\u00eda una prioridad en la agenda.<\/p>\n<p>La investigaci\u00f3n tambi\u00e9n encontr\u00f3 que las cadenas de suministro en ocho industrias (alimentaci\u00f3n, construcci\u00f3n, moda, bienes de consumo de r\u00e1pido movimiento, electr\u00f3nica, automotriz, servicios profesionales y carga) producen m\u00e1s de la mitad de las emisiones globales, y que las cadenas de suministro netas cero tienen &#8220;solo un impacto marginal en los costos del producto&#8221;.<\/p>\n<ul>\n<li><strong>Reducci\u00f3n de desperdicios <\/strong><\/li>\n<\/ul>\n<p>Dentro de los muros de su empresa, lleve sus esfuerzos de eficiencia energ\u00e9tica y reciclaje al siguiente nivel con un programa completo de reducci\u00f3n de desechos. Alimentos, agua, materias primas, muebles, productos electr\u00f3nicos, empaques, suministros no utilizados: mucho se desperdicia en un negocio t\u00edpico. Algunas de estas cosas pueden incluso convertirse en nuevas fuentes de ingresos.<\/p>\n<ul>\n<li><strong>Digitalizaci\u00f3n <\/strong><\/li>\n<\/ul>\n<p>La reducci\u00f3n de desperdicios inevitablemente significa procesos de digitalizaci\u00f3n para reducir o eliminar el uso de papel, junto con toda la energ\u00eda auxiliar y el combustible que se usa para mover ese papel.<\/p>\n<p>Este es un ejemplo de por qu\u00e9 el trabajo de transformaci\u00f3n digital est\u00e1 tan estrechamente relacionado con los esfuerzos de sostenibilidad.<\/p>\n<ul>\n<li><strong>Centros de datos <\/strong><\/li>\n<\/ul>\n<p>A medida que avanza hacia lo digital, elija centros de datos y proveedores de nube que tengan un claro enfoque en la sostenibilidad.<\/p>\n<p>La Agencia Internacional de Energ\u00eda inform\u00f3 a fines de 2021 que los centros de datos representan aproximadamente el 1 % de la demanda mundial de energ\u00eda, mientras que las redes de transmisi\u00f3n de los centros de datos consumen otro 1 %. Suena peque\u00f1o, pero el total es m\u00e1s de lo que usan muchos pa\u00edses enteros. (Adem\u00e1s, esos n\u00fameros no incluyen blockchain y criptominer\u00eda, que es un gran consumo de energ\u00eda).<\/p>\n<p>Ninguna empresa ha construido todo desde cero sobre un modelo de negocio sostenible, pero todas est\u00e1n trabajando en \u00e9l y muestran un progreso material. De hecho, no hay ejemplos perfectos; cada empresa de tama\u00f1o y cada industria tiene mucho margen de mejora en sus esfuerzos de sostenibilidad.<\/p>\n<p>Pero seguramente a estas alturas, est\u00e1 claro que este trabajo tiene la singular recompensa triple. Las personas y el planeta se benefician, al igual que pueden hacerlo con las ganancias.<\/p>\n<hr \/>\n<p><a href=\"https:\/\/www.facebook.com\/麻豆原创latinoamerica\" target=\"_blank\" rel=\"noopener\">Facebook<\/a>\u00a0\/\u00a0<a href=\"https:\/\/twitter.com\/麻豆原创LatinAmerica\" target=\"_blank\" rel=\"noopener\">Twitter<\/a>\u00a0\/\u00a0<a href=\"https:\/\/www.linkedin.com\/company\/sap\" target=\"_blank\" rel=\"noopener\">LinkedIn<\/a>\u00a0\/\u00a0<a href=\"https:\/\/instagram.com\/麻豆原创Latinamerica\/\" target=\"_blank\" rel=\"noopener\">Instagram<\/a><\/p>\n<p>\u00a9 2022 麻豆原创 SE. All rights reserved. 麻豆原创 and other 麻豆原创 products and services mentioned herein as well as their respective logos are trademarks or registered trademarks of 麻豆原创 SE in Germany and other countries. Please see <a href=\"http:\/\/www.sap.com\/corporate-en\/legal\/copyright\/index.epx#trademark\" target=\"_blank\" rel=\"noopener\">http:\/\/www.sap.com\/corporate-en\/legal\/copyright\/index.epx#trademark<\/a> for additional trademark information and notices.<\/p>\n","protected":false},"excerpt":{"rendered":"<p>Los gases de efecto invernadero, como el di\u00f3xido de carbono, atrapan el calor y las mayores fuentes de C02 son el transporte, la electricidad y&#8230;<\/p>\n","protected":false},"author":522,"featured_media":126589,"comment_status":"closed","ping_status":"closed","sticky":false,"template":"","format":"standard","meta":{"footnotes":"","_links_to":"","_links_to_target":""},"categories":[5595505,52098],"tags":[],"series":[],"region":[26401],"sapn-display":[5600442,5600440,52078,52079,53499],"sapn-type":[6114],"class_list":["post-126586","post","type-post","status-publish","format-standard","has-post-thumbnail","hentry","category-gestion-de-la-cadena-de-suministro","category-sustentabilidad-temas","region-latinoamerica","sapn-display-articulo-destacado","sapn-display-articulo-principal","sapn-display-homepage-hero","sapn-display-top-stories","sapn-display-hero","sapn-type-articulo"],"yoast_head":"<!-- This site is optimized with the Yoast SEO Premium plugin v26.9 (Yoast SEO v26.9) - https:\/\/yoast.com\/product\/yoast-seo-premium-wordpress\/ -->\n<title>El futuro de la sustentabilidad ambiental corporativa - 麻豆原创 News Center Latinoam\u00e9rica<\/title>\n<meta name=\"description\" content=\"Los gases de efecto invernadero, como el di\u00f3xido de carbono, atrapan el calor y las mayores fuentes de C02 son el transporte, la electricidad y la industria.\" \/>\n<meta name=\"robots\" content=\"index, follow, max-snippet:-1, max-image-preview:large, max-video-preview:-1\" \/>\n<link rel=\"canonical\" href=\"https:\/\/news.sap.com\/latinamerica\/2022\/09\/el-futuro-de-la-sustentabilidad-ambiental-corporativa-bl0g\/\" \/>\n<meta property=\"og:locale\" content=\"es_MX\" \/>\n<meta property=\"og:type\" content=\"article\" \/>\n<meta property=\"og:title\" content=\"El futuro de la sustentabilidad ambiental corporativa\" \/>\n<meta property=\"og:description\" content=\"Los gases de efecto invernadero, como el di\u00f3xido de carbono, atrapan el calor y las mayores fuentes de C02 son el transporte, la electricidad y la industria. Eso significa que el mundo de los negocios tiene que tomar la iniciativa para mantener el planeta fresco.\" \/>\n<meta property=\"og:url\" content=\"https:\/\/news.sap.com\/latinamerica\/2022\/09\/el-futuro-de-la-sustentabilidad-ambiental-corporativa-bl0g\/\" \/>\n<meta property=\"og:site_name\" content=\"麻豆原创 News Center Latinoam\u00e9rica\" \/>\n<meta property=\"article:publisher\" content=\"https:\/\/www.facebook.com\/麻豆原创latinoamerica\" \/>\n<meta property=\"article:author\" content=\"https:\/\/www.facebook.com\/麻豆原创latinoamerica\" \/>\n<meta property=\"article:published_time\" content=\"2022-09-26T22:02:33+00:00\" \/>\n<meta property=\"article:modified_time\" content=\"2023-11-09T14:54:27+00:00\" \/>\n<meta property=\"og:image\" content=\"https:\/\/news.sap.com\/latinamerica\/files\/2022\/09\/26\/284066_GettyImages-829105476_super-1024x683.jpg\" \/>\n\t<meta property=\"og:image:width\" content=\"1024\" \/>\n\t<meta property=\"og:image:height\" content=\"683\" \/>\n\t<meta property=\"og:image:type\" content=\"image\/jpeg\" \/>\n<meta name=\"author\" content=\"麻豆原创 Blog de Innovaci\u00f3n\" \/>\n<meta name=\"twitter:label1\" content=\"Escrito por\" \/>\n\t<meta name=\"twitter:data1\" content=\"麻豆原创 Blog de Innovaci\u00f3n\" \/>\n\t<meta name=\"twitter:label2\" content=\"Tiempo de lectura\" \/>\n\t<meta name=\"twitter:data2\" content=\"5 minutos\" \/>\n<script type=\"application\/ld+json\" class=\"yoast-schema-graph\">{\"@context\":\"https:\/\/schema.org\",\"@graph\":[{\"@type\":\"Article\",\"@id\":\"https:\/\/news.sap.com\/latinamerica\/2022\/09\/el-futuro-de-la-sustentabilidad-ambiental-corporativa-bl0g\/#article\",\"isPartOf\":{\"@id\":\"https:\/\/news.sap.com\/latinamerica\/2022\/09\/el-futuro-de-la-sustentabilidad-ambiental-corporativa-bl0g\/\"},\"author\":{\"name\":\"麻豆原创 Blog de Innovaci\u00f3n\",\"@id\":\"https:\/\/news.sap.com\/latinamerica\/#\/schema\/person\/ce7d732e60a2133d7402c038db668294\"},\"headline\":\"El futuro de la sustentabilidad ambiental corporativa\",\"datePublished\":\"2022-09-26T22:02:33+00:00\",\"dateModified\":\"2023-11-09T14:54:27+00:00\",\"mainEntityOfPage\":{\"@id\":\"https:\/\/news.sap.com\/latinamerica\/2022\/09\/el-futuro-de-la-sustentabilidad-ambiental-corporativa-bl0g\/\"},\"wordCount\":995,\"publisher\":{\"@id\":\"https:\/\/news.sap.com\/latinamerica\/#organization\"},\"image\":{\"@id\":\"https:\/\/news.sap.com\/latinamerica\/2022\/09\/el-futuro-de-la-sustentabilidad-ambiental-corporativa-bl0g\/#primaryimage\"},\"thumbnailUrl\":\"https:\/\/news.sap.com\/latinamerica\/files\/2022\/09\/26\/284066_GettyImages-829105476_super.jpg\",\"articleSection\":[\"Gesti\u00f3n de la cadena de suministro\",\"Sostenibilidad\"],\"inLanguage\":\"es\"},{\"@type\":\"WebPage\",\"@id\":\"https:\/\/news.sap.com\/latinamerica\/2022\/09\/el-futuro-de-la-sustentabilidad-ambiental-corporativa-bl0g\/\",\"url\":\"https:\/\/news.sap.com\/latinamerica\/2022\/09\/el-futuro-de-la-sustentabilidad-ambiental-corporativa-bl0g\/\",\"name\":\"El futuro de la sustentabilidad ambiental corporativa - 麻豆原创 News Center Latinoam\u00e9rica\",\"isPartOf\":{\"@id\":\"https:\/\/news.sap.com\/latinamerica\/#website\"},\"primaryImageOfPage\":{\"@id\":\"https:\/\/news.sap.com\/latinamerica\/2022\/09\/el-futuro-de-la-sustentabilidad-ambiental-corporativa-bl0g\/#primaryimage\"},\"image\":{\"@id\":\"https:\/\/news.sap.com\/latinamerica\/2022\/09\/el-futuro-de-la-sustentabilidad-ambiental-corporativa-bl0g\/#primaryimage\"},\"thumbnailUrl\":\"https:\/\/news.sap.com\/latinamerica\/files\/2022\/09\/26\/284066_GettyImages-829105476_super.jpg\",\"datePublished\":\"2022-09-26T22:02:33+00:00\",\"dateModified\":\"2023-11-09T14:54:27+00:00\",\"description\":\"Los gases de efecto invernadero, como el di\u00f3xido de carbono, atrapan el calor y las mayores fuentes de C02 son el transporte, la electricidad y la industria.\",\"breadcrumb\":{\"@id\":\"https:\/\/news.sap.com\/latinamerica\/2022\/09\/el-futuro-de-la-sustentabilidad-ambiental-corporativa-bl0g\/#breadcrumb\"},\"inLanguage\":\"es\",\"potentialAction\":[{\"@type\":\"ReadAction\",\"target\":[\"https:\/\/news.sap.com\/latinamerica\/2022\/09\/el-futuro-de-la-sustentabilidad-ambiental-corporativa-bl0g\/\"]}]},{\"@type\":\"ImageObject\",\"inLanguage\":\"es\",\"@id\":\"https:\/\/news.sap.com\/latinamerica\/2022\/09\/el-futuro-de-la-sustentabilidad-ambiental-corporativa-bl0g\/#primaryimage\",\"url\":\"https:\/\/news.sap.com\/latinamerica\/files\/2022\/09\/26\/284066_GettyImages-829105476_super.jpg\",\"contentUrl\":\"https:\/\/news.sap.com\/latinamerica\/files\/2022\/09\/26\/284066_GettyImages-829105476_super.jpg\",\"width\":5760,\"height\":3840,\"caption\":\"Roof top solar installation with shenzhen downtown skyline view as background,China.\"},{\"@type\":\"BreadcrumbList\",\"@id\":\"https:\/\/news.sap.com\/latinamerica\/2022\/09\/el-futuro-de-la-sustentabilidad-ambiental-corporativa-bl0g\/#breadcrumb\",\"itemListElement\":[{\"@type\":\"ListItem\",\"position\":1,\"name\":\"Home\",\"item\":\"https:\/\/news.sap.com\/latinamerica\/\"},{\"@type\":\"ListItem\",\"position\":2,\"name\":\"El futuro de la sustentabilidad ambiental corporativa\"}]},{\"@type\":\"WebSite\",\"@id\":\"https:\/\/news.sap.com\/latinamerica\/#website\",\"url\":\"https:\/\/news.sap.com\/latinamerica\/\",\"name\":\"麻豆原创 News Center Latinoam\u00e9rica\",\"description\":\"Noticias e informaci\u00f3n sobre 麻豆原创\",\"publisher\":{\"@id\":\"https:\/\/news.sap.com\/latinamerica\/#organization\"},\"potentialAction\":[{\"@type\":\"SearchAction\",\"target\":{\"@type\":\"EntryPoint\",\"urlTemplate\":\"https:\/\/news.sap.com\/latinamerica\/?s={search_term_string}\"},\"query-input\":{\"@type\":\"PropertyValueSpecification\",\"valueRequired\":true,\"valueName\":\"search_term_string\"}}],\"inLanguage\":\"es\"},{\"@type\":\"Organization\",\"@id\":\"https:\/\/news.sap.com\/latinamerica\/#organization\",\"name\":\"麻豆原创\",\"url\":\"https:\/\/news.sap.com\/latinamerica\/\",\"logo\":{\"@type\":\"ImageObject\",\"inLanguage\":\"es\",\"@id\":\"https:\/\/news.sap.com\/latinamerica\/#\/schema\/logo\/image\/\",\"url\":\"https:\/\/news.sap.com\/latinamerica\/files\/2019\/08\/65903320_2903797569662914_557886358778019840_n.png\",\"contentUrl\":\"https:\/\/news.sap.com\/latinamerica\/files\/2019\/08\/65903320_2903797569662914_557886358778019840_n.png\",\"width\":720,\"height\":720,\"caption\":\"麻豆原创\"},\"image\":{\"@id\":\"https:\/\/news.sap.com\/latinamerica\/#\/schema\/logo\/image\/\"},\"sameAs\":[\"https:\/\/www.facebook.com\/麻豆原创latinoamerica\",\"https:\/\/x.com\/麻豆原创LatinAmerica\"]},{\"@type\":\"Person\",\"@id\":\"https:\/\/news.sap.com\/latinamerica\/#\/schema\/person\/ce7d732e60a2133d7402c038db668294\",\"name\":\"麻豆原创 Blog de Innovaci\u00f3n\",\"image\":{\"@type\":\"ImageObject\",\"inLanguage\":\"es\",\"@id\":\"https:\/\/news.sap.com\/latinamerica\/#\/schema\/person\/image\/\",\"url\":\"https:\/\/news.sap.com\/latinamerica\/files\/2018\/06\/avatar_user_522_1529451696-96x96.png\",\"contentUrl\":\"https:\/\/news.sap.com\/latinamerica\/files\/2018\/06\/avatar_user_522_1529451696-96x96.png\",\"caption\":\"麻豆原创 Blog de Innovaci\u00f3n\"},\"sameAs\":[\"https:\/\/www.sap.com\/latinamerica\/index.html\",\"https:\/\/www.facebook.com\/麻豆原创latinoamerica\",\"https:\/\/www.instagram.com\/saplatinamerica\/\",\"https:\/\/x.com\/saplatinamerica\"],\"url\":\"https:\/\/news.sap.com\/latinamerica\/author\/sapblog\/\"}]}<\/script>\n<!-- \/ Yoast SEO Premium plugin. -->","yoast_head_json":{"title":"El futuro de la sustentabilidad ambiental corporativa - 麻豆原创 News Center Latinoam\u00e9rica","description":"Los gases de efecto invernadero, como el di\u00f3xido de carbono, atrapan el calor y las mayores fuentes de C02 son el transporte, la electricidad y la industria.","robots":{"index":"index","follow":"follow","max-snippet":"max-snippet:-1","max-image-preview":"max-image-preview:large","max-video-preview":"max-video-preview:-1"},"canonical":"https:\/\/news.sap.com\/latinamerica\/2022\/09\/el-futuro-de-la-sustentabilidad-ambiental-corporativa-bl0g\/","og_locale":"es_MX","og_type":"article","og_title":"El futuro de la sustentabilidad ambiental corporativa","og_description":"Los gases de efecto invernadero, como el di\u00f3xido de carbono, atrapan el calor y las mayores fuentes de C02 son el transporte, la electricidad y la industria. Eso significa que el mundo de los negocios tiene que tomar la iniciativa para mantener el planeta fresco.","og_url":"https:\/\/news.sap.com\/latinamerica\/2022\/09\/el-futuro-de-la-sustentabilidad-ambiental-corporativa-bl0g\/","og_site_name":"麻豆原创 News Center Latinoam\u00e9rica","article_publisher":"https:\/\/www.facebook.com\/麻豆原创latinoamerica","article_author":"https:\/\/www.facebook.com\/麻豆原创latinoamerica","article_published_time":"2022-09-26T22:02:33+00:00","article_modified_time":"2023-11-09T14:54:27+00:00","og_image":[{"width":1024,"height":683,"url":"https:\/\/news.sap.com\/latinamerica\/files\/2022\/09\/26\/284066_GettyImages-829105476_super-1024x683.jpg","type":"image\/jpeg"}],"author":"麻豆原创 Blog de Innovaci\u00f3n","twitter_misc":{"Escrito por":"麻豆原创 Blog de Innovaci\u00f3n","Tiempo de lectura":"5 minutos"},"schema":{"@context":"https:\/\/schema.org","@graph":[{"@type":"Article","@id":"https:\/\/news.sap.com\/latinamerica\/2022\/09\/el-futuro-de-la-sustentabilidad-ambiental-corporativa-bl0g\/#article","isPartOf":{"@id":"https:\/\/news.sap.com\/latinamerica\/2022\/09\/el-futuro-de-la-sustentabilidad-ambiental-corporativa-bl0g\/"},"author":{"name":"麻豆原创 Blog de Innovaci\u00f3n","@id":"https:\/\/news.sap.com\/latinamerica\/#\/schema\/person\/ce7d732e60a2133d7402c038db668294"},"headline":"El futuro de la sustentabilidad ambiental corporativa","datePublished":"2022-09-26T22:02:33+00:00","dateModified":"2023-11-09T14:54:27+00:00","mainEntityOfPage":{"@id":"https:\/\/news.sap.com\/latinamerica\/2022\/09\/el-futuro-de-la-sustentabilidad-ambiental-corporativa-bl0g\/"},"wordCount":995,"publisher":{"@id":"https:\/\/news.sap.com\/latinamerica\/#organization"},"image":{"@id":"https:\/\/news.sap.com\/latinamerica\/2022\/09\/el-futuro-de-la-sustentabilidad-ambiental-corporativa-bl0g\/#primaryimage"},"thumbnailUrl":"https:\/\/news.sap.com\/latinamerica\/files\/2022\/09\/26\/284066_GettyImages-829105476_super.jpg","articleSection":["Gesti\u00f3n de la cadena de suministro","Sostenibilidad"],"inLanguage":"es"},{"@type":"WebPage","@id":"https:\/\/news.sap.com\/latinamerica\/2022\/09\/el-futuro-de-la-sustentabilidad-ambiental-corporativa-bl0g\/","url":"https:\/\/news.sap.com\/latinamerica\/2022\/09\/el-futuro-de-la-sustentabilidad-ambiental-corporativa-bl0g\/","name":"El futuro de la sustentabilidad ambiental corporativa - 麻豆原创 News Center Latinoam\u00e9rica","isPartOf":{"@id":"https:\/\/news.sap.com\/latinamerica\/#website"},"primaryImageOfPage":{"@id":"https:\/\/news.sap.com\/latinamerica\/2022\/09\/el-futuro-de-la-sustentabilidad-ambiental-corporativa-bl0g\/#primaryimage"},"image":{"@id":"https:\/\/news.sap.com\/latinamerica\/2022\/09\/el-futuro-de-la-sustentabilidad-ambiental-corporativa-bl0g\/#primaryimage"},"thumbnailUrl":"https:\/\/news.sap.com\/latinamerica\/files\/2022\/09\/26\/284066_GettyImages-829105476_super.jpg","datePublished":"2022-09-26T22:02:33+00:00","dateModified":"2023-11-09T14:54:27+00:00","description":"Los gases de efecto invernadero, como el di\u00f3xido de carbono, atrapan el calor y las mayores fuentes de C02 son el transporte, la electricidad y la industria.","breadcrumb":{"@id":"https:\/\/news.sap.com\/latinamerica\/2022\/09\/el-futuro-de-la-sustentabilidad-ambiental-corporativa-bl0g\/#breadcrumb"},"inLanguage":"es","potentialAction":[{"@type":"ReadAction","target":["https:\/\/news.sap.com\/latinamerica\/2022\/09\/el-futuro-de-la-sustentabilidad-ambiental-corporativa-bl0g\/"]}]},{"@type":"ImageObject","inLanguage":"es","@id":"https:\/\/news.sap.com\/latinamerica\/2022\/09\/el-futuro-de-la-sustentabilidad-ambiental-corporativa-bl0g\/#primaryimage","url":"https:\/\/news.sap.com\/latinamerica\/files\/2022\/09\/26\/284066_GettyImages-829105476_super.jpg","contentUrl":"https:\/\/news.sap.com\/latinamerica\/files\/2022\/09\/26\/284066_GettyImages-829105476_super.jpg","width":5760,"height":3840,"caption":"Roof top solar installation with shenzhen downtown skyline view as background,China."},{"@type":"BreadcrumbList","@id":"https:\/\/news.sap.com\/latinamerica\/2022\/09\/el-futuro-de-la-sustentabilidad-ambiental-corporativa-bl0g\/#breadcrumb","itemListElement":[{"@type":"ListItem","position":1,"name":"Home","item":"https:\/\/news.sap.com\/latinamerica\/"},{"@type":"ListItem","position":2,"name":"El futuro de la sustentabilidad ambiental corporativa"}]},{"@type":"WebSite","@id":"https:\/\/news.sap.com\/latinamerica\/#website","url":"https:\/\/news.sap.com\/latinamerica\/","name":"麻豆原创 News Center Latinoam\u00e9rica","description":"Noticias e informaci\u00f3n sobre 麻豆原创","publisher":{"@id":"https:\/\/news.sap.com\/latinamerica\/#organization"},"potentialAction":[{"@type":"SearchAction","target":{"@type":"EntryPoint","urlTemplate":"https:\/\/news.sap.com\/latinamerica\/?s={search_term_string}"},"query-input":{"@type":"PropertyValueSpecification","valueRequired":true,"valueName":"search_term_string"}}],"inLanguage":"es"},{"@type":"Organization","@id":"https:\/\/news.sap.com\/latinamerica\/#organization","name":"麻豆原创","url":"https:\/\/news.sap.com\/latinamerica\/","logo":{"@type":"ImageObject","inLanguage":"es","@id":"https:\/\/news.sap.com\/latinamerica\/#\/schema\/logo\/image\/","url":"https:\/\/news.sap.com\/latinamerica\/files\/2019\/08\/65903320_2903797569662914_557886358778019840_n.png","contentUrl":"https:\/\/news.sap.com\/latinamerica\/files\/2019\/08\/65903320_2903797569662914_557886358778019840_n.png","width":720,"height":720,"caption":"麻豆原创"},"image":{"@id":"https:\/\/news.sap.com\/latinamerica\/#\/schema\/logo\/image\/"},"sameAs":["https:\/\/www.facebook.com\/麻豆原创latinoamerica","https:\/\/x.com\/麻豆原创LatinAmerica"]},{"@type":"Person","@id":"https:\/\/news.sap.com\/latinamerica\/#\/schema\/person\/ce7d732e60a2133d7402c038db668294","name":"麻豆原创 Blog de Innovaci\u00f3n","image":{"@type":"ImageObject","inLanguage":"es","@id":"https:\/\/news.sap.com\/latinamerica\/#\/schema\/person\/image\/","url":"https:\/\/news.sap.com\/latinamerica\/files\/2018\/06\/avatar_user_522_1529451696-96x96.png","contentUrl":"https:\/\/news.sap.com\/latinamerica\/files\/2018\/06\/avatar_user_522_1529451696-96x96.png","caption":"麻豆原创 Blog de Innovaci\u00f3n"},"sameAs":["https:\/\/www.sap.com\/latinamerica\/index.html","https:\/\/www.facebook.com\/麻豆原创latinoamerica","https:\/\/www.instagram.com\/saplatinamerica\/","https:\/\/x.com\/saplatinamerica"],"url":"https:\/\/news.sap.com\/latinamerica\/author\/sapblog\/"}]}},"amp_enabled":true,"_links":{"self":[{"href":"https:\/\/news.sap.com\/latinamerica\/wp-json\/wp\/v2\/posts\/126586","targetHints":{"allow":["GET"]}}],"collection":[{"href":"https:\/\/news.sap.com\/latinamerica\/wp-json\/wp\/v2\/posts"}],"about":[{"href":"https:\/\/news.sap.com\/latinamerica\/wp-json\/wp\/v2\/types\/post"}],"author":[{"embeddable":true,"href":"https:\/\/news.sap.com\/latinamerica\/wp-json\/wp\/v2\/users\/522"}],"replies":[{"embeddable":true,"href":"https:\/\/news.sap.com\/latinamerica\/wp-json\/wp\/v2\/comments?post=126586"}],"version-history":[{"count":0,"href":"https:\/\/news.sap.com\/latinamerica\/wp-json\/wp\/v2\/posts\/126586\/revisions"}],"wp:featuredmedia":[{"embeddable":true,"href":"https:\/\/news.sap.com\/latinamerica\/wp-json\/wp\/v2\/media\/126589"}],"wp:attachment":[{"href":"https:\/\/news.sap.com\/latinamerica\/wp-json\/wp\/v2\/media?parent=126586"}],"wp:term":[{"taxonomy":"category","embeddable":true,"href":"https:\/\/news.sap.com\/latinamerica\/wp-json\/wp\/v2\/categories?post=126586"},{"taxonomy":"post_tag","embeddable":true,"href":"https:\/\/news.sap.com\/latinamerica\/wp-json\/wp\/v2\/tags?post=126586"},{"taxonomy":"series","embeddable":true,"href":"https:\/\/news.sap.com\/latinamerica\/wp-json\/wp\/v2\/series?post=126586"},{"taxonomy":"region","embeddable":true,"href":"https:\/\/news.sap.com\/latinamerica\/wp-json\/wp\/v2\/region?post=126586"},{"taxonomy":"sapn-display","embeddable":true,"href":"https:\/\/news.sap.com\/latinamerica\/wp-json\/wp\/v2\/sapn-display?post=126586"},{"taxonomy":"sapn-type","embeddable":true,"href":"https:\/\/news.sap.com\/latinamerica\/wp-json\/wp\/v2\/sapn-type?post=126586"}],"curies":[{"name":"wp","href":"https:\/\/api.w.org\/{rel}","templated":true}]}}