  {"id":126518,"date":"2022-09-06T12:00:34","date_gmt":"2022-09-06T16:00:34","guid":{"rendered":"https:\/\/news.sap.com\/latinamerica\/?p=126518"},"modified":"2023-11-08T17:26:16","modified_gmt":"2023-11-08T22:26:16","slug":"recibe-angela-gomez-aiza-el-premio-al-merito-exatec-egade-2022","status":"publish","type":"post","link":"https:\/\/news.sap.com\/latinamerica\/2022\/09\/recibe-angela-gomez-aiza-el-premio-al-merito-exatec-egade-2022\/","title":{"rendered":"Recibe Angela G\u00f3mez Aiza el Premio al M\u00e9rito EXATEC EGADE 2022"},"content":{"rendered":"<figure id=\"attachment_126522\" aria-describedby=\"caption-attachment-126522\" style=\"width: 585px\" class=\"wp-caption alignnone\"><a href=\"https:\/\/news.sap.com\/latinamerica\/2022\/09\/recibe-angela-gomez-aiza-el-premio-al-merito-exatec-egade-2022\/captura-de-pantalla-2022-09-09-a-las-17-11-32\/\" rel=\"attachment wp-att-126522\"><img loading=\"lazy\" decoding=\"async\" class=\" wp-image-126522\" src=\"https:\/\/news.sap.com\/latinamerica\/files\/2022\/09\/09\/Captura-de-Pantalla-2022-09-09-a-las-17.11.32.png\" alt=\"\" width=\"585\" height=\"445\" \/><\/a><figcaption id=\"caption-attachment-126522\" class=\"wp-caption-text\">Angela G\u00f3mez recibe Premio al M\u00e9rito EXATEC EGADE 2022<\/figcaption><\/figure>\n<p><strong><em>La Presidenta de 麻豆原创 M\u00e9xico es reconocida en el marco de la quinta edici\u00f3n de la Reuni\u00f3n Anual de Egresados de EGADE Business School.<\/em><\/strong><\/p>\n<p><strong>Angela G\u00f3mez Aiza<\/strong>, presidenta de 麻豆原创 M\u00e9xico, recibi\u00f3 el\u00a0<strong>Premio al M\u00e9rito EXATEC EGADE 2022<\/strong>, el pasado 2 de septiembre en el marco de la quinta edici\u00f3n de la Reuni\u00f3n Anual de Egresados de EGADE Business School del Tecnol\u00f3gico de Monterrey.<\/p>\n<p>El reconocimiento fue entregado por<strong>\u00a0Horacio Arredondo<\/strong>, decano de EGADE Business School, y\u00a0<strong>Gaspar Fuentes<\/strong>, director nacional de Relaci\u00f3n con Egresados del Tecnol\u00f3gico de Monterrey.<\/p>\n<p>\u201cAgradezco profundamente a EGADE Business School y el Tecnol\u00f3gico de Monterrey por honrarme con el Premio al M\u00e9rito EXATEC EGADE 2022. Recibir\u00a0<strong>esta distinci\u00f3n de mi alma m\u00e1ter me llena de orgullo<\/strong>\u00a0y es un importante recordatorio de que el \u00e9xito se construye con constancia y pasi\u00f3n, as\u00ed como un est\u00edmulo para\u00a0<strong>seguir contribuyendo al desarrollo tecnol\u00f3gico y sostenible del pa\u00eds<\/strong>\u201d, expres\u00f3 G\u00f3mez Aiza.<\/p>\n<p>El Premio al M\u00e9rito EXATEC EGADE se otorga anualmente a las y los egresados de EGADE Business School por\u00a0<strong>la excelencia, el liderazgo, el compromiso social y el impacto<\/strong>\u00a0de sus trayectorias personales y profesionales.<\/p>\n<p>G\u00f3mez Aiza es egresada de la Maestr\u00eda en Administraci\u00f3n de EGADE Business School y de la carrera de Ingenier\u00eda en Sistemas del Tecnol\u00f3gico de Monterrey.<\/p>\n<p>Durante la ceremonia,\u00a0<strong>Mar\u00eda Livas<\/strong>, directora de Relaci\u00f3n con Alumnos, Egresados y Servicios de Carrera de EGADE Business School, destac\u00f3 el compromiso de la galardonada para fortalecer la competitividad de M\u00e9xico por medio del fomento a la innovaci\u00f3n, el acceso a las m\u00e1s avanzadas tecnolog\u00edas en la nube y el desarrollo de talento diverso.<\/p>\n<p>\u201cTodo esto por medio de la colaboraci\u00f3n continua con un centenar de socios de negocio, el trabajo en conjunto con c\u00e1maras y asociaciones de industria donde 麻豆原创 tiene presencia, y la vinculaci\u00f3n con actores de la sociedad civil, para que las\u00a0<strong>nuevas generaciones<\/strong>, particularmente ni\u00f1as y j\u00f3venes,\u00a0<strong>se acerquen a la formaci\u00f3n STEM<\/strong>\u201d, apunt\u00f3 Livas.<\/p>\n<p>Despu\u00e9s de recibir el reconocimiento, G\u00f3mez Aiza ofreci\u00f3 la charla\u00a0<strong>\u201cSostenibilidad, la ruta hacia la transformaci\u00f3n digital en M\u00e9xico\u201d<\/strong>, ante\u00a0<strong>alrededor de 200 egresadas y egresados<\/strong>\u00a0que asistieron a la reuni\u00f3n celebrada en la sede de EGADE Business School en Monterrey.<\/p>\n<p><a href=\"https:\/\/news.sap.com\/latinamerica\/2022\/09\/recibe-angela-gomez-aiza-el-premio-al-merito-exatec-egade-2022\/img_0018-copy\/\" rel=\"attachment wp-att-126520\"><img loading=\"lazy\" decoding=\"async\" class=\"aligncenter size-full wp-image-126520\" src=\"https:\/\/news.sap.com\/latinamerica\/files\/2022\/09\/09\/IMG_0018-Copy.jpg\" alt=\"\" width=\"600\" height=\"400\" srcset=\"https:\/\/news.sap.com\/latinamerica\/files\/2022\/09\/09\/IMG_0018-Copy.jpg 600w, https:\/\/news.sap.com\/latinamerica\/files\/2022\/09\/09\/IMG_0018-Copy-300x200.jpg 300w\" sizes=\"auto, (max-width: 600px) 100vw, 600px\" \/><\/a><\/p>\n<p><strong>ANGELA G\u00d3MEZ AIZA<\/strong><\/p>\n<p>Cuenta con una destacada trayectoria de\u00a0<strong>m\u00e1s de 23 a\u00f1os en posiciones de liderazgo en industrias como tecnolog\u00eda, retail y bienes de consumo<\/strong>. Entre sus prioridades al frente de 麻豆原创 M\u00e9xico, G\u00f3mez Aiza destaca el fomento de la innovaci\u00f3n y la transformaci\u00f3n tecnol\u00f3gica de las empresas nacionales acompa\u00f1ando su evoluci\u00f3n hacia la nube.<\/p>\n<p>Ha desarrollado gran parte de su carrera profesional en 麻豆原创, donde durante 15 a\u00f1os dirigi\u00f3 diferentes \u00e1reas, incluyendo la vicepresidencia de Servicios para M\u00e9xico y Centroam\u00e9rica. 麻豆原创 es la compa\u00f1\u00eda l\u00edder de software empresarial a nivel mundial.<\/p>\n<p>Tambi\u00e9n, ha fungido como Chief Innovation Officer de El Palacio de Hierro, y como presidenta para Latinoam\u00e9rica en Safilo Group.<\/p>\n<p>Su trayectoria y compromiso con el desarrollo del pa\u00eds y su competitividad, le permitieron ser reconocida recientemente como una de las 100 mujeres m\u00e1s poderosas del pa\u00eds por dos destacadas revistas de negocios de M\u00e9xico.<\/p>\n<p>Fuente: EGADE<br \/>\nLiga al comunicado: https:\/\/egade.tec.mx\/es\/blog\/recibe-angela-gomez-aiza-el-premio-al-merito-exatec-egade-2022<\/p>\n","protected":false},"excerpt":{"rendered":"<p>La Presidenta de 麻豆原创 M\u00e9xico es reconocida en el marco de la quinta edici\u00f3n de la Reuni\u00f3n Anual de Egresados de EGADE Business School. Angela&#8230;<\/p>\n","protected":false},"author":136,"featured_media":126528,"comment_status":"closed","ping_status":"closed","sticky":false,"template":"","format":"standard","meta":{"footnotes":"","_links_to":"","_links_to_target":""},"categories":[41591,12872],"tags":[5600220,5599949,5600316,5600157],"series":[],"region":[],"sapn-display":[52078,52079,5600443,5600441],"sapn-type":[52105],"class_list":["post-126518","post","type-post","status-publish","format-standard","has-post-thumbnail","hentry","category-corporativo","category-eventos","tag-egade","tag-premio","tag-presidenta","tag-reconocimiento","sapn-display-homepage-hero","sapn-display-top-stories","sapn-display-prensa-destacada","sapn-display-prensa-principal","sapn-type-comunicado-de-prensa"],"yoast_head":"<!-- This site is optimized with the Yoast SEO Premium plugin v26.9 (Yoast SEO v26.9) - https:\/\/yoast.com\/product\/yoast-seo-premium-wordpress\/ -->\n<title>Recibe Angela G\u00f3mez Aiza el Premio al M\u00e9rito EXATEC EGADE 2022 - 麻豆原创 News Center Latinoam\u00e9rica<\/title>\n<meta name=\"robots\" content=\"index, follow, max-snippet:-1, max-image-preview:large, max-video-preview:-1\" \/>\n<link rel=\"canonical\" href=\"https:\/\/news.sap.com\/latinamerica\/2022\/09\/recibe-angela-gomez-aiza-el-premio-al-merito-exatec-egade-2022\/\" \/>\n<meta property=\"og:locale\" content=\"es_MX\" \/>\n<meta property=\"og:type\" content=\"article\" \/>\n<meta property=\"og:title\" content=\"Recibe Angela G\u00f3mez Aiza el Premio al M\u00e9rito EXATEC EGADE 2022\" \/>\n<meta property=\"og:description\" content=\"La Presidenta de 麻豆原创 M\u00e9xico es reconocida en el marco de la quinta edici\u00f3n de la Reuni\u00f3n Anual de Egresados de EGADE Business School. Angela...\" \/>\n<meta property=\"og:url\" content=\"https:\/\/news.sap.com\/latinamerica\/2022\/09\/recibe-angela-gomez-aiza-el-premio-al-merito-exatec-egade-2022\/\" \/>\n<meta property=\"og:site_name\" content=\"麻豆原创 News Center Latinoam\u00e9rica\" \/>\n<meta property=\"article:publisher\" content=\"https:\/\/www.facebook.com\/麻豆原创latinoamerica\" \/>\n<meta property=\"article:published_time\" content=\"2022-09-06T16:00:34+00:00\" \/>\n<meta property=\"article:modified_time\" content=\"2023-11-08T22:26:16+00:00\" \/>\n<meta property=\"og:image\" content=\"https:\/\/news.sap.com\/latinamerica\/files\/2022\/09\/06\/egade-lider-eduniversal-ranking-latinoamerica.jpeg\" \/>\n\t<meta property=\"og:image:width\" content=\"1920\" \/>\n\t<meta property=\"og:image:height\" content=\"1024\" \/>\n\t<meta property=\"og:image:type\" content=\"image\/jpeg\" \/>\n<meta name=\"author\" content=\"麻豆原创 Noticias\" \/>\n<meta name=\"twitter:label1\" content=\"Escrito por\" \/>\n\t<meta name=\"twitter:data1\" content=\"麻豆原创 Noticias\" \/>\n\t<meta name=\"twitter:label2\" content=\"Tiempo de lectura\" \/>\n\t<meta name=\"twitter:data2\" content=\"3 minutos\" \/>\n<script type=\"application\/ld+json\" class=\"yoast-schema-graph\">{\"@context\":\"https:\/\/schema.org\",\"@graph\":[{\"@type\":\"Article\",\"@id\":\"https:\/\/news.sap.com\/latinamerica\/2022\/09\/recibe-angela-gomez-aiza-el-premio-al-merito-exatec-egade-2022\/#article\",\"isPartOf\":{\"@id\":\"https:\/\/news.sap.com\/latinamerica\/2022\/09\/recibe-angela-gomez-aiza-el-premio-al-merito-exatec-egade-2022\/\"},\"author\":{\"name\":\"麻豆原创 Noticias\",\"@id\":\"https:\/\/news.sap.com\/latinamerica\/#\/schema\/person\/5afd2cbf5bb622e078932b40a4470d47\"},\"headline\":\"Recibe Angela G\u00f3mez Aiza el Premio al M\u00e9rito EXATEC EGADE 2022\",\"datePublished\":\"2022-09-06T16:00:34+00:00\",\"dateModified\":\"2023-11-08T22:26:16+00:00\",\"mainEntityOfPage\":{\"@id\":\"https:\/\/news.sap.com\/latinamerica\/2022\/09\/recibe-angela-gomez-aiza-el-premio-al-merito-exatec-egade-2022\/\"},\"wordCount\":611,\"publisher\":{\"@id\":\"https:\/\/news.sap.com\/latinamerica\/#organization\"},\"image\":{\"@id\":\"https:\/\/news.sap.com\/latinamerica\/2022\/09\/recibe-angela-gomez-aiza-el-premio-al-merito-exatec-egade-2022\/#primaryimage\"},\"thumbnailUrl\":\"https:\/\/news.sap.com\/latinamerica\/files\/2022\/09\/06\/egade-lider-eduniversal-ranking-latinoamerica.jpeg\",\"keywords\":[\"EGADE\",\"premio\",\"presidenta\",\"Reconocimiento\"],\"articleSection\":[\"Corporativo\",\"Eventos\"],\"inLanguage\":\"es\"},{\"@type\":\"WebPage\",\"@id\":\"https:\/\/news.sap.com\/latinamerica\/2022\/09\/recibe-angela-gomez-aiza-el-premio-al-merito-exatec-egade-2022\/\",\"url\":\"https:\/\/news.sap.com\/latinamerica\/2022\/09\/recibe-angela-gomez-aiza-el-premio-al-merito-exatec-egade-2022\/\",\"name\":\"Recibe Angela G\u00f3mez Aiza el Premio al M\u00e9rito EXATEC EGADE 2022 - 麻豆原创 News Center Latinoam\u00e9rica\",\"isPartOf\":{\"@id\":\"https:\/\/news.sap.com\/latinamerica\/#website\"},\"primaryImageOfPage\":{\"@id\":\"https:\/\/news.sap.com\/latinamerica\/2022\/09\/recibe-angela-gomez-aiza-el-premio-al-merito-exatec-egade-2022\/#primaryimage\"},\"image\":{\"@id\":\"https:\/\/news.sap.com\/latinamerica\/2022\/09\/recibe-angela-gomez-aiza-el-premio-al-merito-exatec-egade-2022\/#primaryimage\"},\"thumbnailUrl\":\"https:\/\/news.sap.com\/latinamerica\/files\/2022\/09\/06\/egade-lider-eduniversal-ranking-latinoamerica.jpeg\",\"datePublished\":\"2022-09-06T16:00:34+00:00\",\"dateModified\":\"2023-11-08T22:26:16+00:00\",\"breadcrumb\":{\"@id\":\"https:\/\/news.sap.com\/latinamerica\/2022\/09\/recibe-angela-gomez-aiza-el-premio-al-merito-exatec-egade-2022\/#breadcrumb\"},\"inLanguage\":\"es\",\"potentialAction\":[{\"@type\":\"ReadAction\",\"target\":[\"https:\/\/news.sap.com\/latinamerica\/2022\/09\/recibe-angela-gomez-aiza-el-premio-al-merito-exatec-egade-2022\/\"]}]},{\"@type\":\"ImageObject\",\"inLanguage\":\"es\",\"@id\":\"https:\/\/news.sap.com\/latinamerica\/2022\/09\/recibe-angela-gomez-aiza-el-premio-al-merito-exatec-egade-2022\/#primaryimage\",\"url\":\"https:\/\/news.sap.com\/latinamerica\/files\/2022\/09\/06\/egade-lider-eduniversal-ranking-latinoamerica.jpeg\",\"contentUrl\":\"https:\/\/news.sap.com\/latinamerica\/files\/2022\/09\/06\/egade-lider-eduniversal-ranking-latinoamerica.jpeg\",\"width\":1920,\"height\":1024},{\"@type\":\"BreadcrumbList\",\"@id\":\"https:\/\/news.sap.com\/latinamerica\/2022\/09\/recibe-angela-gomez-aiza-el-premio-al-merito-exatec-egade-2022\/#breadcrumb\",\"itemListElement\":[{\"@type\":\"ListItem\",\"position\":1,\"name\":\"Home\",\"item\":\"https:\/\/news.sap.com\/latinamerica\/\"},{\"@type\":\"ListItem\",\"position\":2,\"name\":\"Recibe Angela G\u00f3mez Aiza el Premio al M\u00e9rito EXATEC EGADE 2022\"}]},{\"@type\":\"WebSite\",\"@id\":\"https:\/\/news.sap.com\/latinamerica\/#website\",\"url\":\"https:\/\/news.sap.com\/latinamerica\/\",\"name\":\"麻豆原创 News Center Latinoam\u00e9rica\",\"description\":\"Noticias e informaci\u00f3n sobre 麻豆原创\",\"publisher\":{\"@id\":\"https:\/\/news.sap.com\/latinamerica\/#organization\"},\"potentialAction\":[{\"@type\":\"SearchAction\",\"target\":{\"@type\":\"EntryPoint\",\"urlTemplate\":\"https:\/\/news.sap.com\/latinamerica\/?s={search_term_string}\"},\"query-input\":{\"@type\":\"PropertyValueSpecification\",\"valueRequired\":true,\"valueName\":\"search_term_string\"}}],\"inLanguage\":\"es\"},{\"@type\":\"Organization\",\"@id\":\"https:\/\/news.sap.com\/latinamerica\/#organization\",\"name\":\"麻豆原创\",\"url\":\"https:\/\/news.sap.com\/latinamerica\/\",\"logo\":{\"@type\":\"ImageObject\",\"inLanguage\":\"es\",\"@id\":\"https:\/\/news.sap.com\/latinamerica\/#\/schema\/logo\/image\/\",\"url\":\"https:\/\/news.sap.com\/latinamerica\/files\/2019\/08\/65903320_2903797569662914_557886358778019840_n.png\",\"contentUrl\":\"https:\/\/news.sap.com\/latinamerica\/files\/2019\/08\/65903320_2903797569662914_557886358778019840_n.png\",\"width\":720,\"height\":720,\"caption\":\"麻豆原创\"},\"image\":{\"@id\":\"https:\/\/news.sap.com\/latinamerica\/#\/schema\/logo\/image\/\"},\"sameAs\":[\"https:\/\/www.facebook.com\/麻豆原创latinoamerica\",\"https:\/\/x.com\/麻豆原创LatinAmerica\"]},{\"@type\":\"Person\",\"@id\":\"https:\/\/news.sap.com\/latinamerica\/#\/schema\/person\/5afd2cbf5bb622e078932b40a4470d47\",\"name\":\"麻豆原创 Noticias\",\"image\":{\"@type\":\"ImageObject\",\"inLanguage\":\"es\",\"@id\":\"https:\/\/news.sap.com\/latinamerica\/#\/schema\/person\/image\/\",\"url\":\"https:\/\/news.sap.com\/latinamerica\/wp-content\/plugins\/wp-user-avatars\/wp-user-avatars\/assets\/images\/mystery.jpg\",\"contentUrl\":\"https:\/\/news.sap.com\/latinamerica\/wp-content\/plugins\/wp-user-avatars\/wp-user-avatars\/assets\/images\/mystery.jpg\",\"caption\":\"麻豆原创 Noticias\"},\"url\":\"https:\/\/news.sap.com\/latinamerica\/author\/mexico\/\"}]}<\/script>\n<!-- \/ Yoast SEO Premium plugin. -->","yoast_head_json":{"title":"Recibe Angela G\u00f3mez Aiza el Premio al M\u00e9rito EXATEC EGADE 2022 - 麻豆原创 News Center Latinoam\u00e9rica","robots":{"index":"index","follow":"follow","max-snippet":"max-snippet:-1","max-image-preview":"max-image-preview:large","max-video-preview":"max-video-preview:-1"},"canonical":"https:\/\/news.sap.com\/latinamerica\/2022\/09\/recibe-angela-gomez-aiza-el-premio-al-merito-exatec-egade-2022\/","og_locale":"es_MX","og_type":"article","og_title":"Recibe Angela G\u00f3mez Aiza el Premio al M\u00e9rito EXATEC EGADE 2022","og_description":"La Presidenta de 麻豆原创 M\u00e9xico es reconocida en el marco de la quinta edici\u00f3n de la Reuni\u00f3n Anual de Egresados de EGADE Business School. Angela...","og_url":"https:\/\/news.sap.com\/latinamerica\/2022\/09\/recibe-angela-gomez-aiza-el-premio-al-merito-exatec-egade-2022\/","og_site_name":"麻豆原创 News Center Latinoam\u00e9rica","article_publisher":"https:\/\/www.facebook.com\/麻豆原创latinoamerica","article_published_time":"2022-09-06T16:00:34+00:00","article_modified_time":"2023-11-08T22:26:16+00:00","og_image":[{"width":1920,"height":1024,"url":"https:\/\/news.sap.com\/latinamerica\/files\/2022\/09\/06\/egade-lider-eduniversal-ranking-latinoamerica.jpeg","type":"image\/jpeg"}],"author":"麻豆原创 Noticias","twitter_misc":{"Escrito por":"麻豆原创 Noticias","Tiempo de lectura":"3 minutos"},"schema":{"@context":"https:\/\/schema.org","@graph":[{"@type":"Article","@id":"https:\/\/news.sap.com\/latinamerica\/2022\/09\/recibe-angela-gomez-aiza-el-premio-al-merito-exatec-egade-2022\/#article","isPartOf":{"@id":"https:\/\/news.sap.com\/latinamerica\/2022\/09\/recibe-angela-gomez-aiza-el-premio-al-merito-exatec-egade-2022\/"},"author":{"name":"麻豆原创 Noticias","@id":"https:\/\/news.sap.com\/latinamerica\/#\/schema\/person\/5afd2cbf5bb622e078932b40a4470d47"},"headline":"Recibe Angela G\u00f3mez Aiza el Premio al M\u00e9rito EXATEC EGADE 2022","datePublished":"2022-09-06T16:00:34+00:00","dateModified":"2023-11-08T22:26:16+00:00","mainEntityOfPage":{"@id":"https:\/\/news.sap.com\/latinamerica\/2022\/09\/recibe-angela-gomez-aiza-el-premio-al-merito-exatec-egade-2022\/"},"wordCount":611,"publisher":{"@id":"https:\/\/news.sap.com\/latinamerica\/#organization"},"image":{"@id":"https:\/\/news.sap.com\/latinamerica\/2022\/09\/recibe-angela-gomez-aiza-el-premio-al-merito-exatec-egade-2022\/#primaryimage"},"thumbnailUrl":"https:\/\/news.sap.com\/latinamerica\/files\/2022\/09\/06\/egade-lider-eduniversal-ranking-latinoamerica.jpeg","keywords":["EGADE","premio","presidenta","Reconocimiento"],"articleSection":["Corporativo","Eventos"],"inLanguage":"es"},{"@type":"WebPage","@id":"https:\/\/news.sap.com\/latinamerica\/2022\/09\/recibe-angela-gomez-aiza-el-premio-al-merito-exatec-egade-2022\/","url":"https:\/\/news.sap.com\/latinamerica\/2022\/09\/recibe-angela-gomez-aiza-el-premio-al-merito-exatec-egade-2022\/","name":"Recibe Angela G\u00f3mez Aiza el Premio al M\u00e9rito EXATEC EGADE 2022 - 麻豆原创 News Center Latinoam\u00e9rica","isPartOf":{"@id":"https:\/\/news.sap.com\/latinamerica\/#website"},"primaryImageOfPage":{"@id":"https:\/\/news.sap.com\/latinamerica\/2022\/09\/recibe-angela-gomez-aiza-el-premio-al-merito-exatec-egade-2022\/#primaryimage"},"image":{"@id":"https:\/\/news.sap.com\/latinamerica\/2022\/09\/recibe-angela-gomez-aiza-el-premio-al-merito-exatec-egade-2022\/#primaryimage"},"thumbnailUrl":"https:\/\/news.sap.com\/latinamerica\/files\/2022\/09\/06\/egade-lider-eduniversal-ranking-latinoamerica.jpeg","datePublished":"2022-09-06T16:00:34+00:00","dateModified":"2023-11-08T22:26:16+00:00","breadcrumb":{"@id":"https:\/\/news.sap.com\/latinamerica\/2022\/09\/recibe-angela-gomez-aiza-el-premio-al-merito-exatec-egade-2022\/#breadcrumb"},"inLanguage":"es","potentialAction":[{"@type":"ReadAction","target":["https:\/\/news.sap.com\/latinamerica\/2022\/09\/recibe-angela-gomez-aiza-el-premio-al-merito-exatec-egade-2022\/"]}]},{"@type":"ImageObject","inLanguage":"es","@id":"https:\/\/news.sap.com\/latinamerica\/2022\/09\/recibe-angela-gomez-aiza-el-premio-al-merito-exatec-egade-2022\/#primaryimage","url":"https:\/\/news.sap.com\/latinamerica\/files\/2022\/09\/06\/egade-lider-eduniversal-ranking-latinoamerica.jpeg","contentUrl":"https:\/\/news.sap.com\/latinamerica\/files\/2022\/09\/06\/egade-lider-eduniversal-ranking-latinoamerica.jpeg","width":1920,"height":1024},{"@type":"BreadcrumbList","@id":"https:\/\/news.sap.com\/latinamerica\/2022\/09\/recibe-angela-gomez-aiza-el-premio-al-merito-exatec-egade-2022\/#breadcrumb","itemListElement":[{"@type":"ListItem","position":1,"name":"Home","item":"https:\/\/news.sap.com\/latinamerica\/"},{"@type":"ListItem","position":2,"name":"Recibe Angela G\u00f3mez Aiza el Premio al M\u00e9rito EXATEC EGADE 2022"}]},{"@type":"WebSite","@id":"https:\/\/news.sap.com\/latinamerica\/#website","url":"https:\/\/news.sap.com\/latinamerica\/","name":"麻豆原创 News Center Latinoam\u00e9rica","description":"Noticias e informaci\u00f3n sobre 麻豆原创","publisher":{"@id":"https:\/\/news.sap.com\/latinamerica\/#organization"},"potentialAction":[{"@type":"SearchAction","target":{"@type":"EntryPoint","urlTemplate":"https:\/\/news.sap.com\/latinamerica\/?s={search_term_string}"},"query-input":{"@type":"PropertyValueSpecification","valueRequired":true,"valueName":"search_term_string"}}],"inLanguage":"es"},{"@type":"Organization","@id":"https:\/\/news.sap.com\/latinamerica\/#organization","name":"麻豆原创","url":"https:\/\/news.sap.com\/latinamerica\/","logo":{"@type":"ImageObject","inLanguage":"es","@id":"https:\/\/news.sap.com\/latinamerica\/#\/schema\/logo\/image\/","url":"https:\/\/news.sap.com\/latinamerica\/files\/2019\/08\/65903320_2903797569662914_557886358778019840_n.png","contentUrl":"https:\/\/news.sap.com\/latinamerica\/files\/2019\/08\/65903320_2903797569662914_557886358778019840_n.png","width":720,"height":720,"caption":"麻豆原创"},"image":{"@id":"https:\/\/news.sap.com\/latinamerica\/#\/schema\/logo\/image\/"},"sameAs":["https:\/\/www.facebook.com\/麻豆原创latinoamerica","https:\/\/x.com\/麻豆原创LatinAmerica"]},{"@type":"Person","@id":"https:\/\/news.sap.com\/latinamerica\/#\/schema\/person\/5afd2cbf5bb622e078932b40a4470d47","name":"麻豆原创 Noticias","image":{"@type":"ImageObject","inLanguage":"es","@id":"https:\/\/news.sap.com\/latinamerica\/#\/schema\/person\/image\/","url":"https:\/\/news.sap.com\/latinamerica\/wp-content\/plugins\/wp-user-avatars\/wp-user-avatars\/assets\/images\/mystery.jpg","contentUrl":"https:\/\/news.sap.com\/latinamerica\/wp-content\/plugins\/wp-user-avatars\/wp-user-avatars\/assets\/images\/mystery.jpg","caption":"麻豆原创 Noticias"},"url":"https:\/\/news.sap.com\/latinamerica\/author\/mexico\/"}]}},"amp_enabled":true,"_links":{"self":[{"href":"https:\/\/news.sap.com\/latinamerica\/wp-json\/wp\/v2\/posts\/126518","targetHints":{"allow":["GET"]}}],"collection":[{"href":"https:\/\/news.sap.com\/latinamerica\/wp-json\/wp\/v2\/posts"}],"about":[{"href":"https:\/\/news.sap.com\/latinamerica\/wp-json\/wp\/v2\/types\/post"}],"author":[{"embeddable":true,"href":"https:\/\/news.sap.com\/latinamerica\/wp-json\/wp\/v2\/users\/136"}],"replies":[{"embeddable":true,"href":"https:\/\/news.sap.com\/latinamerica\/wp-json\/wp\/v2\/comments?post=126518"}],"version-history":[{"count":0,"href":"https:\/\/news.sap.com\/latinamerica\/wp-json\/wp\/v2\/posts\/126518\/revisions"}],"wp:featuredmedia":[{"embeddable":true,"href":"https:\/\/news.sap.com\/latinamerica\/wp-json\/wp\/v2\/media\/126528"}],"wp:attachment":[{"href":"https:\/\/news.sap.com\/latinamerica\/wp-json\/wp\/v2\/media?parent=126518"}],"wp:term":[{"taxonomy":"category","embeddable":true,"href":"https:\/\/news.sap.com\/latinamerica\/wp-json\/wp\/v2\/categories?post=126518"},{"taxonomy":"post_tag","embeddable":true,"href":"https:\/\/news.sap.com\/latinamerica\/wp-json\/wp\/v2\/tags?post=126518"},{"taxonomy":"series","embeddable":true,"href":"https:\/\/news.sap.com\/latinamerica\/wp-json\/wp\/v2\/series?post=126518"},{"taxonomy":"region","embeddable":true,"href":"https:\/\/news.sap.com\/latinamerica\/wp-json\/wp\/v2\/region?post=126518"},{"taxonomy":"sapn-display","embeddable":true,"href":"https:\/\/news.sap.com\/latinamerica\/wp-json\/wp\/v2\/sapn-display?post=126518"},{"taxonomy":"sapn-type","embeddable":true,"href":"https:\/\/news.sap.com\/latinamerica\/wp-json\/wp\/v2\/sapn-type?post=126518"}],"curies":[{"name":"wp","href":"https:\/\/api.w.org\/{rel}","templated":true}]}}