  {"id":126495,"date":"2022-08-29T13:00:59","date_gmt":"2022-08-29T17:00:59","guid":{"rendered":"https:\/\/news.sap.com\/latinamerica\/?p=126495"},"modified":"2023-11-08T17:26:19","modified_gmt":"2023-11-08T22:26:19","slug":"la-transformacion-digital-acelera-la-administracion-de-la-fuerza-laboral-externa-ante-nuevas-regulaciones","status":"publish","type":"post","link":"https:\/\/news.sap.com\/latinamerica\/2022\/08\/la-transformacion-digital-acelera-la-administracion-de-la-fuerza-laboral-externa-ante-nuevas-regulaciones\/","title":{"rendered":"La transformaci\u00f3n digital acelera la administraci\u00f3n de la fuerza laboral externa ante nuevas regulaciones"},"content":{"rendered":"<ul>\n<li><em>Los cambios por parte del SAT en M\u00e9xico han obligado a empresas a mantener actualizado el estado del personal que labora en o para estas.<\/em><\/li>\n<li><em>麻豆原创 Fieldglass permite a las organizaciones gestionar a su personal con el control preciso desde la nube.<\/em><\/li>\n<li><em>Diversas empresas como Indelpro se han beneficiado de las capacidades de 麻豆原创 Fieldglass para administrar a sus equipos de forma acelerada.<\/em><\/li>\n<\/ul>\n<p><strong>Ciudad de M\u00e9xico, M\u00e9xico, 29 de agosto de 2022.-<\/strong> La fuerza de trabajo representa el activo m\u00e1s importante para las organizaciones, y dado los cambios constantes por diversos factores, como las regulaciones gubernamentales, los equipos directivos y de recursos humanos se tienen que adaptar tambi\u00e9n.<\/p>\n<p>Dada la realidad y el contexto actual en M\u00e9xico, principalmente debido a los recientes cambios a la ley del Servicio de Administraci\u00f3n Tributaria (SAT), las organizaciones tienen la necesidad de tener m\u00e1s control de su personal, tanto para prop\u00f3sitos internos como responder a las necesidades de cada empleado en el momento que soliciten informaci\u00f3n relacionada con su estado, como su constancia de situaci\u00f3n fiscal o su hoja de retenciones.<\/p>\n<p>Trasladar a la nube la administraci\u00f3n de la informaci\u00f3n de los equipos de trabajo ha demostrado ser la mejor alternativa para tener toda la informaci\u00f3n del personal actualizada, m\u00e1s ahora considerando que el proceso por parte de la instituci\u00f3n gubernamental se ha automatizado.<\/p>\n<p>\u201cEl contexto mundial y del mercado local ha marcado que todas las organizaciones tengan la habilidad de gestionar activamente su fuerza laboral externa para obtener todas las ventajas competitivas y flexibilidad, reduciendo a la vez el riesgo y aumentando la visibilidad. Nuestra plataforma empresarial basada en la nube <a href=\"https:\/\/www.fieldglass.com\/es\/solutions\">麻豆原创 Fieldglass<\/a> es usada por organizaciones de todo el mundo para encontrar, comprometer y administrar todo tipo de recursos flexibles, trabajadores contingentes, desde contratistas independientes y personal temporal hasta proveedores de servicios de consultor\u00eda y terceros\u201d, coment\u00f3<strong> Yolanda Torres, directora de 麻豆原创 Fieldglass en M\u00e9xico<\/strong>.<\/p>\n<p>Un ejemplo reciente ha sido la conocida Ley de Outsourcing, que tambi\u00e9n ha representado un reto para las organizaciones. Con <a href=\"https:\/\/www.sap.com\/latinamerica\/documents\/2021\/06\/ca88beeb-e87d-0010-bca6-c68f7e60039b.html\">麻豆原创 Fieldglass se puede administrar el cumplimiento de esta ley <\/a>para agilizar la administraci\u00f3n de terceros, a trav\u00e9s de cinco etapas del proceso, como son: gesti\u00f3n de contratos, administraci\u00f3n de documentos, control de los recursos del proveedor asignados al contrato, revisi\u00f3n de los trabajos realizados, as\u00ed como reportes y anal\u00edticos.<\/p>\n<p><a href=\"https:\/\/www.indelpro.com\/\">Indelpro<\/a>, empresa que produce 590 mil toneladas de polipropileno al a\u00f1o, y que lo hace el mayor productor de resinas en M\u00e9xico, tambi\u00e9n es otra referencia en continuidad con su estrategia digital, <a href=\"https:\/\/news.sap.com\/latinamerica\/2020\/07\/resultados-financieros-de-sap-confirman-que-empresas-mexicanas-estan-invirtiendo-en-tecnologia\/\">que adopt\u00f3 m\u00f3dulos de 麻豆原创 Ariba y 麻豆原创 Fieldglass<\/a>, con lo que ha robustecido su cadena de abastecimiento y gesti\u00f3n de fuerza laboral externa para agilizar sus procesos de producci\u00f3n.<\/p>\n<p>\u201cNuestras soluciones proporcionan plena visibilidad de la fuerza laboral externa y ayudan a controlar cada etapa del proceso desde encontrar recursos hasta el <em>onboarding<\/em>, facturaci\u00f3n y todo lo que hay en el medio para alcanzar todas las ventajas competitivas de este recurso flexible, reduciendo a la vez el riesgo y aumentando la visibilidad\u201d, concluy\u00f3 Torres.<\/p>\n<hr \/>\n<p><strong>Acerca de 麻豆原创\u00a0<\/strong><\/p>\n<p>La estrategia de 麻豆原创 es ayudar a que cada negocio funcione como una empresa inteligente y sostenible. Como l\u00edder del mercado en software de aplicaci\u00f3n empresarial, contribuimos a que las organizaciones de todos los tama\u00f1os y en todas las industrias puedan alcanzar su funcionamiento \u00f3ptimo: los clientes de 麻豆原创 generan el 87% del comercio electr\u00f3nico global. Nuestras tecnolog\u00edas avanzadas de <em>machine learning, Internet of Things<\/em> (IoT) y anal\u00edticos ayudan a convertir los negocios de los clientes en empresas inteligentes. 麻豆原创 contribuye a dar a las personas y a las organizaciones profundos conocimientos de negocio y promueve la colaboraci\u00f3n que les permite mantenerse delante de la competencia. Simplificamos la tecnolog\u00eda para las empresas, de modo que puedan consumir nuestro software de la manera en que lo desean, sin interrupciones. Nuestro conjunto de aplicaciones y servicios permite a clientes del sector p\u00fablico y privado de 25 industrias operar en forma rentable, adaptarse continuamente y marcar una diferencia. Con una red global de clientes, socios de negocios, empleados y l\u00edderes de ideas, 麻豆原创 ayuda al mundo a funcionar mejor y a mejorar las vidas de las personas. Para m\u00e1s informaci\u00f3n, visite <a href=\"http:\/\/www.sap.com\/\">www.sap.com<\/a>, nuestra sala de prensa, <a href=\"http:\/\/news.sap.com\/latinamerica\">http:\/\/news.sap.com\/latinamerica<\/a>, o s\u00edganos en Twitter <a href=\"https:\/\/twitter.com\/sapnoticiasmx\">@sapnoticiasmx<\/a>.<\/p>\n","protected":false},"excerpt":{"rendered":"<p>Los cambios por parte del SAT en M\u00e9xico han obligado a empresas a mantener actualizado el estado del personal que labora en o para estas&#8230;.<\/p>\n","protected":false},"author":136,"featured_media":126497,"comment_status":"closed","ping_status":"closed","sticky":false,"template":"","format":"standard","meta":{"footnotes":"","_links_to":"","_links_to_target":""},"categories":[52090],"tags":[5600313,5600314,45404,20464,1317474,26498],"series":[],"region":[],"sapn-display":[52078,52079,5600443,5600441],"sapn-type":[52105],"class_list":["post-126495","post","type-post","status-publish","format-standard","has-post-thumbnail","hentry","category-gestion-del-capital-humano","tag-administracion","tag-equipos-de-trabajo","tag-fieldglass","tag-recursos-humanos","tag-sap-fieldglass","tag-talento","sapn-display-homepage-hero","sapn-display-top-stories","sapn-display-prensa-destacada","sapn-display-prensa-principal","sapn-type-comunicado-de-prensa"],"yoast_head":"<!-- This site is optimized with the Yoast SEO Premium plugin v26.9 (Yoast SEO v26.9) - https:\/\/yoast.com\/product\/yoast-seo-premium-wordpress\/ -->\n<title>La transformaci\u00f3n digital acelera la administraci\u00f3n de la fuerza laboral externa ante nuevas regulaciones - 麻豆原创 News Center Latinoam\u00e9rica<\/title>\n<meta name=\"robots\" content=\"index, follow, max-snippet:-1, max-image-preview:large, max-video-preview:-1\" \/>\n<link rel=\"canonical\" href=\"https:\/\/news.sap.com\/latinamerica\/2022\/08\/la-transformacion-digital-acelera-la-administracion-de-la-fuerza-laboral-externa-ante-nuevas-regulaciones\/\" \/>\n<meta property=\"og:locale\" content=\"es_MX\" \/>\n<meta property=\"og:type\" content=\"article\" \/>\n<meta property=\"og:title\" content=\"La transformaci\u00f3n digital acelera la administraci\u00f3n de la fuerza laboral externa ante nuevas regulaciones\" \/>\n<meta property=\"og:description\" content=\"Los cambios por parte del SAT en M\u00e9xico han obligado a empresas a mantener actualizado el estado del personal que labora en o para estas....\" \/>\n<meta property=\"og:url\" content=\"https:\/\/news.sap.com\/latinamerica\/2022\/08\/la-transformacion-digital-acelera-la-administracion-de-la-fuerza-laboral-externa-ante-nuevas-regulaciones\/\" \/>\n<meta property=\"og:site_name\" content=\"麻豆原创 News Center Latinoam\u00e9rica\" \/>\n<meta property=\"article:publisher\" content=\"https:\/\/www.facebook.com\/麻豆原创latinoamerica\" \/>\n<meta property=\"article:published_time\" content=\"2022-08-29T17:00:59+00:00\" \/>\n<meta property=\"article:modified_time\" content=\"2023-11-08T22:26:19+00:00\" \/>\n<meta property=\"og:image\" content=\"https:\/\/news.sap.com\/latinamerica\/files\/2022\/08\/29\/285323_iStock-909695714.jpg\" \/>\n\t<meta property=\"og:image:width\" content=\"5760\" \/>\n\t<meta property=\"og:image:height\" content=\"3840\" \/>\n\t<meta property=\"og:image:type\" content=\"image\/jpeg\" \/>\n<meta name=\"author\" content=\"麻豆原创 Noticias\" \/>\n<meta name=\"twitter:label1\" content=\"Escrito por\" \/>\n\t<meta name=\"twitter:data1\" content=\"麻豆原创 Noticias\" \/>\n\t<meta name=\"twitter:label2\" content=\"Tiempo de lectura\" \/>\n\t<meta name=\"twitter:data2\" content=\"4 minutos\" \/>\n<script type=\"application\/ld+json\" class=\"yoast-schema-graph\">{\"@context\":\"https:\/\/schema.org\",\"@graph\":[{\"@type\":\"Article\",\"@id\":\"https:\/\/news.sap.com\/latinamerica\/2022\/08\/la-transformacion-digital-acelera-la-administracion-de-la-fuerza-laboral-externa-ante-nuevas-regulaciones\/#article\",\"isPartOf\":{\"@id\":\"https:\/\/news.sap.com\/latinamerica\/2022\/08\/la-transformacion-digital-acelera-la-administracion-de-la-fuerza-laboral-externa-ante-nuevas-regulaciones\/\"},\"author\":{\"name\":\"麻豆原创 Noticias\",\"@id\":\"https:\/\/news.sap.com\/latinamerica\/#\/schema\/person\/5afd2cbf5bb622e078932b40a4470d47\"},\"headline\":\"La transformaci\u00f3n digital acelera la administraci\u00f3n de la fuerza laboral externa ante nuevas regulaciones\",\"datePublished\":\"2022-08-29T17:00:59+00:00\",\"dateModified\":\"2023-11-08T22:26:19+00:00\",\"mainEntityOfPage\":{\"@id\":\"https:\/\/news.sap.com\/latinamerica\/2022\/08\/la-transformacion-digital-acelera-la-administracion-de-la-fuerza-laboral-externa-ante-nuevas-regulaciones\/\"},\"wordCount\":765,\"publisher\":{\"@id\":\"https:\/\/news.sap.com\/latinamerica\/#organization\"},\"image\":{\"@id\":\"https:\/\/news.sap.com\/latinamerica\/2022\/08\/la-transformacion-digital-acelera-la-administracion-de-la-fuerza-laboral-externa-ante-nuevas-regulaciones\/#primaryimage\"},\"thumbnailUrl\":\"https:\/\/news.sap.com\/latinamerica\/files\/2022\/08\/29\/285323_iStock-909695714.jpg\",\"keywords\":[\"administraci\u00f3n\",\"equipos de trabajo\",\"Fieldglass\",\"recursos humanos\",\"麻豆原创 Fieldglass\",\"talento\"],\"articleSection\":[\"Gesti\u00f3n del capital humano\"],\"inLanguage\":\"es\"},{\"@type\":\"WebPage\",\"@id\":\"https:\/\/news.sap.com\/latinamerica\/2022\/08\/la-transformacion-digital-acelera-la-administracion-de-la-fuerza-laboral-externa-ante-nuevas-regulaciones\/\",\"url\":\"https:\/\/news.sap.com\/latinamerica\/2022\/08\/la-transformacion-digital-acelera-la-administracion-de-la-fuerza-laboral-externa-ante-nuevas-regulaciones\/\",\"name\":\"La transformaci\u00f3n digital acelera la administraci\u00f3n de la fuerza laboral externa ante nuevas regulaciones - 麻豆原创 News Center Latinoam\u00e9rica\",\"isPartOf\":{\"@id\":\"https:\/\/news.sap.com\/latinamerica\/#website\"},\"primaryImageOfPage\":{\"@id\":\"https:\/\/news.sap.com\/latinamerica\/2022\/08\/la-transformacion-digital-acelera-la-administracion-de-la-fuerza-laboral-externa-ante-nuevas-regulaciones\/#primaryimage\"},\"image\":{\"@id\":\"https:\/\/news.sap.com\/latinamerica\/2022\/08\/la-transformacion-digital-acelera-la-administracion-de-la-fuerza-laboral-externa-ante-nuevas-regulaciones\/#primaryimage\"},\"thumbnailUrl\":\"https:\/\/news.sap.com\/latinamerica\/files\/2022\/08\/29\/285323_iStock-909695714.jpg\",\"datePublished\":\"2022-08-29T17:00:59+00:00\",\"dateModified\":\"2023-11-08T22:26:19+00:00\",\"breadcrumb\":{\"@id\":\"https:\/\/news.sap.com\/latinamerica\/2022\/08\/la-transformacion-digital-acelera-la-administracion-de-la-fuerza-laboral-externa-ante-nuevas-regulaciones\/#breadcrumb\"},\"inLanguage\":\"es\",\"potentialAction\":[{\"@type\":\"ReadAction\",\"target\":[\"https:\/\/news.sap.com\/latinamerica\/2022\/08\/la-transformacion-digital-acelera-la-administracion-de-la-fuerza-laboral-externa-ante-nuevas-regulaciones\/\"]}]},{\"@type\":\"ImageObject\",\"inLanguage\":\"es\",\"@id\":\"https:\/\/news.sap.com\/latinamerica\/2022\/08\/la-transformacion-digital-acelera-la-administracion-de-la-fuerza-laboral-externa-ante-nuevas-regulaciones\/#primaryimage\",\"url\":\"https:\/\/news.sap.com\/latinamerica\/files\/2022\/08\/29\/285323_iStock-909695714.jpg\",\"contentUrl\":\"https:\/\/news.sap.com\/latinamerica\/files\/2022\/08\/29\/285323_iStock-909695714.jpg\",\"width\":5760,\"height\":3840,\"caption\":\"Two businesswomen working on line together with a laptop at office\"},{\"@type\":\"BreadcrumbList\",\"@id\":\"https:\/\/news.sap.com\/latinamerica\/2022\/08\/la-transformacion-digital-acelera-la-administracion-de-la-fuerza-laboral-externa-ante-nuevas-regulaciones\/#breadcrumb\",\"itemListElement\":[{\"@type\":\"ListItem\",\"position\":1,\"name\":\"Home\",\"item\":\"https:\/\/news.sap.com\/latinamerica\/\"},{\"@type\":\"ListItem\",\"position\":2,\"name\":\"La transformaci\u00f3n digital acelera la administraci\u00f3n de la fuerza laboral externa ante nuevas regulaciones\"}]},{\"@type\":\"WebSite\",\"@id\":\"https:\/\/news.sap.com\/latinamerica\/#website\",\"url\":\"https:\/\/news.sap.com\/latinamerica\/\",\"name\":\"麻豆原创 News Center Latinoam\u00e9rica\",\"description\":\"Noticias e informaci\u00f3n sobre 麻豆原创\",\"publisher\":{\"@id\":\"https:\/\/news.sap.com\/latinamerica\/#organization\"},\"potentialAction\":[{\"@type\":\"SearchAction\",\"target\":{\"@type\":\"EntryPoint\",\"urlTemplate\":\"https:\/\/news.sap.com\/latinamerica\/?s={search_term_string}\"},\"query-input\":{\"@type\":\"PropertyValueSpecification\",\"valueRequired\":true,\"valueName\":\"search_term_string\"}}],\"inLanguage\":\"es\"},{\"@type\":\"Organization\",\"@id\":\"https:\/\/news.sap.com\/latinamerica\/#organization\",\"name\":\"麻豆原创\",\"url\":\"https:\/\/news.sap.com\/latinamerica\/\",\"logo\":{\"@type\":\"ImageObject\",\"inLanguage\":\"es\",\"@id\":\"https:\/\/news.sap.com\/latinamerica\/#\/schema\/logo\/image\/\",\"url\":\"https:\/\/news.sap.com\/latinamerica\/files\/2019\/08\/65903320_2903797569662914_557886358778019840_n.png\",\"contentUrl\":\"https:\/\/news.sap.com\/latinamerica\/files\/2019\/08\/65903320_2903797569662914_557886358778019840_n.png\",\"width\":720,\"height\":720,\"caption\":\"麻豆原创\"},\"image\":{\"@id\":\"https:\/\/news.sap.com\/latinamerica\/#\/schema\/logo\/image\/\"},\"sameAs\":[\"https:\/\/www.facebook.com\/麻豆原创latinoamerica\",\"https:\/\/x.com\/麻豆原创LatinAmerica\"]},{\"@type\":\"Person\",\"@id\":\"https:\/\/news.sap.com\/latinamerica\/#\/schema\/person\/5afd2cbf5bb622e078932b40a4470d47\",\"name\":\"麻豆原创 Noticias\",\"image\":{\"@type\":\"ImageObject\",\"inLanguage\":\"es\",\"@id\":\"https:\/\/news.sap.com\/latinamerica\/#\/schema\/person\/image\/\",\"url\":\"https:\/\/news.sap.com\/latinamerica\/wp-content\/plugins\/wp-user-avatars\/wp-user-avatars\/assets\/images\/mystery.jpg\",\"contentUrl\":\"https:\/\/news.sap.com\/latinamerica\/wp-content\/plugins\/wp-user-avatars\/wp-user-avatars\/assets\/images\/mystery.jpg\",\"caption\":\"麻豆原创 Noticias\"},\"url\":\"https:\/\/news.sap.com\/latinamerica\/author\/mexico\/\"}]}<\/script>\n<!-- \/ Yoast SEO Premium plugin. -->","yoast_head_json":{"title":"La transformaci\u00f3n digital acelera la administraci\u00f3n de la fuerza laboral externa ante nuevas regulaciones - 麻豆原创 News Center Latinoam\u00e9rica","robots":{"index":"index","follow":"follow","max-snippet":"max-snippet:-1","max-image-preview":"max-image-preview:large","max-video-preview":"max-video-preview:-1"},"canonical":"https:\/\/news.sap.com\/latinamerica\/2022\/08\/la-transformacion-digital-acelera-la-administracion-de-la-fuerza-laboral-externa-ante-nuevas-regulaciones\/","og_locale":"es_MX","og_type":"article","og_title":"La transformaci\u00f3n digital acelera la administraci\u00f3n de la fuerza laboral externa ante nuevas regulaciones","og_description":"Los cambios por parte del SAT en M\u00e9xico han obligado a empresas a mantener actualizado el estado del personal que labora en o para estas....","og_url":"https:\/\/news.sap.com\/latinamerica\/2022\/08\/la-transformacion-digital-acelera-la-administracion-de-la-fuerza-laboral-externa-ante-nuevas-regulaciones\/","og_site_name":"麻豆原创 News Center Latinoam\u00e9rica","article_publisher":"https:\/\/www.facebook.com\/麻豆原创latinoamerica","article_published_time":"2022-08-29T17:00:59+00:00","article_modified_time":"2023-11-08T22:26:19+00:00","og_image":[{"width":5760,"height":3840,"url":"https:\/\/news.sap.com\/latinamerica\/files\/2022\/08\/29\/285323_iStock-909695714.jpg","type":"image\/jpeg"}],"author":"麻豆原创 Noticias","twitter_misc":{"Escrito por":"麻豆原创 Noticias","Tiempo de lectura":"4 minutos"},"schema":{"@context":"https:\/\/schema.org","@graph":[{"@type":"Article","@id":"https:\/\/news.sap.com\/latinamerica\/2022\/08\/la-transformacion-digital-acelera-la-administracion-de-la-fuerza-laboral-externa-ante-nuevas-regulaciones\/#article","isPartOf":{"@id":"https:\/\/news.sap.com\/latinamerica\/2022\/08\/la-transformacion-digital-acelera-la-administracion-de-la-fuerza-laboral-externa-ante-nuevas-regulaciones\/"},"author":{"name":"麻豆原创 Noticias","@id":"https:\/\/news.sap.com\/latinamerica\/#\/schema\/person\/5afd2cbf5bb622e078932b40a4470d47"},"headline":"La transformaci\u00f3n digital acelera la administraci\u00f3n de la fuerza laboral externa ante nuevas regulaciones","datePublished":"2022-08-29T17:00:59+00:00","dateModified":"2023-11-08T22:26:19+00:00","mainEntityOfPage":{"@id":"https:\/\/news.sap.com\/latinamerica\/2022\/08\/la-transformacion-digital-acelera-la-administracion-de-la-fuerza-laboral-externa-ante-nuevas-regulaciones\/"},"wordCount":765,"publisher":{"@id":"https:\/\/news.sap.com\/latinamerica\/#organization"},"image":{"@id":"https:\/\/news.sap.com\/latinamerica\/2022\/08\/la-transformacion-digital-acelera-la-administracion-de-la-fuerza-laboral-externa-ante-nuevas-regulaciones\/#primaryimage"},"thumbnailUrl":"https:\/\/news.sap.com\/latinamerica\/files\/2022\/08\/29\/285323_iStock-909695714.jpg","keywords":["administraci\u00f3n","equipos de trabajo","Fieldglass","recursos humanos","麻豆原创 Fieldglass","talento"],"articleSection":["Gesti\u00f3n del capital humano"],"inLanguage":"es"},{"@type":"WebPage","@id":"https:\/\/news.sap.com\/latinamerica\/2022\/08\/la-transformacion-digital-acelera-la-administracion-de-la-fuerza-laboral-externa-ante-nuevas-regulaciones\/","url":"https:\/\/news.sap.com\/latinamerica\/2022\/08\/la-transformacion-digital-acelera-la-administracion-de-la-fuerza-laboral-externa-ante-nuevas-regulaciones\/","name":"La transformaci\u00f3n digital acelera la administraci\u00f3n de la fuerza laboral externa ante nuevas regulaciones - 麻豆原创 News Center Latinoam\u00e9rica","isPartOf":{"@id":"https:\/\/news.sap.com\/latinamerica\/#website"},"primaryImageOfPage":{"@id":"https:\/\/news.sap.com\/latinamerica\/2022\/08\/la-transformacion-digital-acelera-la-administracion-de-la-fuerza-laboral-externa-ante-nuevas-regulaciones\/#primaryimage"},"image":{"@id":"https:\/\/news.sap.com\/latinamerica\/2022\/08\/la-transformacion-digital-acelera-la-administracion-de-la-fuerza-laboral-externa-ante-nuevas-regulaciones\/#primaryimage"},"thumbnailUrl":"https:\/\/news.sap.com\/latinamerica\/files\/2022\/08\/29\/285323_iStock-909695714.jpg","datePublished":"2022-08-29T17:00:59+00:00","dateModified":"2023-11-08T22:26:19+00:00","breadcrumb":{"@id":"https:\/\/news.sap.com\/latinamerica\/2022\/08\/la-transformacion-digital-acelera-la-administracion-de-la-fuerza-laboral-externa-ante-nuevas-regulaciones\/#breadcrumb"},"inLanguage":"es","potentialAction":[{"@type":"ReadAction","target":["https:\/\/news.sap.com\/latinamerica\/2022\/08\/la-transformacion-digital-acelera-la-administracion-de-la-fuerza-laboral-externa-ante-nuevas-regulaciones\/"]}]},{"@type":"ImageObject","inLanguage":"es","@id":"https:\/\/news.sap.com\/latinamerica\/2022\/08\/la-transformacion-digital-acelera-la-administracion-de-la-fuerza-laboral-externa-ante-nuevas-regulaciones\/#primaryimage","url":"https:\/\/news.sap.com\/latinamerica\/files\/2022\/08\/29\/285323_iStock-909695714.jpg","contentUrl":"https:\/\/news.sap.com\/latinamerica\/files\/2022\/08\/29\/285323_iStock-909695714.jpg","width":5760,"height":3840,"caption":"Two businesswomen working on line together with a laptop at office"},{"@type":"BreadcrumbList","@id":"https:\/\/news.sap.com\/latinamerica\/2022\/08\/la-transformacion-digital-acelera-la-administracion-de-la-fuerza-laboral-externa-ante-nuevas-regulaciones\/#breadcrumb","itemListElement":[{"@type":"ListItem","position":1,"name":"Home","item":"https:\/\/news.sap.com\/latinamerica\/"},{"@type":"ListItem","position":2,"name":"La transformaci\u00f3n digital acelera la administraci\u00f3n de la fuerza laboral externa ante nuevas regulaciones"}]},{"@type":"WebSite","@id":"https:\/\/news.sap.com\/latinamerica\/#website","url":"https:\/\/news.sap.com\/latinamerica\/","name":"麻豆原创 News Center Latinoam\u00e9rica","description":"Noticias e informaci\u00f3n sobre 麻豆原创","publisher":{"@id":"https:\/\/news.sap.com\/latinamerica\/#organization"},"potentialAction":[{"@type":"SearchAction","target":{"@type":"EntryPoint","urlTemplate":"https:\/\/news.sap.com\/latinamerica\/?s={search_term_string}"},"query-input":{"@type":"PropertyValueSpecification","valueRequired":true,"valueName":"search_term_string"}}],"inLanguage":"es"},{"@type":"Organization","@id":"https:\/\/news.sap.com\/latinamerica\/#organization","name":"麻豆原创","url":"https:\/\/news.sap.com\/latinamerica\/","logo":{"@type":"ImageObject","inLanguage":"es","@id":"https:\/\/news.sap.com\/latinamerica\/#\/schema\/logo\/image\/","url":"https:\/\/news.sap.com\/latinamerica\/files\/2019\/08\/65903320_2903797569662914_557886358778019840_n.png","contentUrl":"https:\/\/news.sap.com\/latinamerica\/files\/2019\/08\/65903320_2903797569662914_557886358778019840_n.png","width":720,"height":720,"caption":"麻豆原创"},"image":{"@id":"https:\/\/news.sap.com\/latinamerica\/#\/schema\/logo\/image\/"},"sameAs":["https:\/\/www.facebook.com\/麻豆原创latinoamerica","https:\/\/x.com\/麻豆原创LatinAmerica"]},{"@type":"Person","@id":"https:\/\/news.sap.com\/latinamerica\/#\/schema\/person\/5afd2cbf5bb622e078932b40a4470d47","name":"麻豆原创 Noticias","image":{"@type":"ImageObject","inLanguage":"es","@id":"https:\/\/news.sap.com\/latinamerica\/#\/schema\/person\/image\/","url":"https:\/\/news.sap.com\/latinamerica\/wp-content\/plugins\/wp-user-avatars\/wp-user-avatars\/assets\/images\/mystery.jpg","contentUrl":"https:\/\/news.sap.com\/latinamerica\/wp-content\/plugins\/wp-user-avatars\/wp-user-avatars\/assets\/images\/mystery.jpg","caption":"麻豆原创 Noticias"},"url":"https:\/\/news.sap.com\/latinamerica\/author\/mexico\/"}]}},"amp_enabled":true,"_links":{"self":[{"href":"https:\/\/news.sap.com\/latinamerica\/wp-json\/wp\/v2\/posts\/126495","targetHints":{"allow":["GET"]}}],"collection":[{"href":"https:\/\/news.sap.com\/latinamerica\/wp-json\/wp\/v2\/posts"}],"about":[{"href":"https:\/\/news.sap.com\/latinamerica\/wp-json\/wp\/v2\/types\/post"}],"author":[{"embeddable":true,"href":"https:\/\/news.sap.com\/latinamerica\/wp-json\/wp\/v2\/users\/136"}],"replies":[{"embeddable":true,"href":"https:\/\/news.sap.com\/latinamerica\/wp-json\/wp\/v2\/comments?post=126495"}],"version-history":[{"count":0,"href":"https:\/\/news.sap.com\/latinamerica\/wp-json\/wp\/v2\/posts\/126495\/revisions"}],"wp:featuredmedia":[{"embeddable":true,"href":"https:\/\/news.sap.com\/latinamerica\/wp-json\/wp\/v2\/media\/126497"}],"wp:attachment":[{"href":"https:\/\/news.sap.com\/latinamerica\/wp-json\/wp\/v2\/media?parent=126495"}],"wp:term":[{"taxonomy":"category","embeddable":true,"href":"https:\/\/news.sap.com\/latinamerica\/wp-json\/wp\/v2\/categories?post=126495"},{"taxonomy":"post_tag","embeddable":true,"href":"https:\/\/news.sap.com\/latinamerica\/wp-json\/wp\/v2\/tags?post=126495"},{"taxonomy":"series","embeddable":true,"href":"https:\/\/news.sap.com\/latinamerica\/wp-json\/wp\/v2\/series?post=126495"},{"taxonomy":"region","embeddable":true,"href":"https:\/\/news.sap.com\/latinamerica\/wp-json\/wp\/v2\/region?post=126495"},{"taxonomy":"sapn-display","embeddable":true,"href":"https:\/\/news.sap.com\/latinamerica\/wp-json\/wp\/v2\/sapn-display?post=126495"},{"taxonomy":"sapn-type","embeddable":true,"href":"https:\/\/news.sap.com\/latinamerica\/wp-json\/wp\/v2\/sapn-type?post=126495"}],"curies":[{"name":"wp","href":"https:\/\/api.w.org\/{rel}","templated":true}]}}