  {"id":126332,"date":"2022-08-02T17:46:55","date_gmt":"2022-08-02T21:46:55","guid":{"rendered":"https:\/\/news.sap.com\/latinamerica\/?p=126332"},"modified":"2023-11-13T15:15:35","modified_gmt":"2023-11-13T20:15:35","slug":"christian-paredes-profesional-empresarial-compliance-mexico-del-ano","status":"publish","type":"post","link":"https:\/\/news.sap.com\/latinamerica\/2022\/08\/christian-paredes-profesional-empresarial-compliance-mexico-del-ano\/","title":{"rendered":"Christian Paredes, Profesional Empresarial Compliance-M\u00e9xico del a\u00f1o"},"content":{"rendered":"<ul>\n<li>\n<p class=\"lead\"><em>Christian Paredes fue elegido por su labor de fomentar negocios m\u00e1s \u00e9ticos en la compa\u00f1\u00eda alemana <\/em><\/p>\n<\/li>\n<li><em>Con casos pr\u00e1cticos, Paredes logra la capacitaci\u00f3n de los colaboradores de la subsidiaria y socios de negocio<\/em><\/li>\n<li><em>Top Management es una asociaci\u00f3n enfocada en tratar temas de cumplimento normativo y prevenci\u00f3n de lavado de dinero.<\/em><\/li>\n<\/ul>\n<p><strong>Ciudad de M\u00e9xico, M\u00c9XICO, 02 de agosto de 2022.<\/strong>\u00a0 <strong>Christian Paredes, Field Compliance Officer de 麻豆原创 M\u00e9xico<\/strong>, fue galardonado con el Premio Iberoamericano Profesional Empresarial Compliance-M\u00e9xico por la revista Top Compliance.<\/p>\n<p>En la ceremonia de entrega de la primera edici\u00f3n de este premio, el pasado viernes 29 de julio, Paredes se hizo acreedor a este premio por su labor como uno de los profesionales cuyo compromiso y mejores pr\u00e1cticas, han sido claves para lograr un cumplimiento normativo \u00f3ptimo dentro y fuera de la organizaci\u00f3n.<\/p>\n<p>Si bien el tama\u00f1o del mercado de <em>compliance<\/em>, riesgo y gobernanza empresarial global se valor\u00f3 en 40,840 millones de d\u00f3lares en 2021, se espera que para el 2030 este crezca 14% a\u00f1o tras a\u00f1o, seg\u00fan un estudio de la consultora Grand View Research.<\/p>\n<p>Esta tendencia, de acuerdo con Paredes, se mantiene al alza debido a que la incorporaci\u00f3n de la tecnolog\u00eda y su correcto uso dentro de las empresas, anteponiendo a los clientes externos e internos en la toma de decisiones, es el hilo conductor clave para llevar un correcto plan de acci\u00f3n. Sobre todo, en momentos cr\u00edticos, rodeados de incertidumbre y motivados por la disrupci\u00f3n digital.<\/p>\n<p><em>\u201cA lo largo de estos \u00faltimos tres a\u00f1os, sumados a mi trayectoria en el \u00e1rea jur\u00eddica, concluyo que la \u00e9tica no est\u00e1 peleada con la generaci\u00f3n de ingresos, es decir, se puede y deben hacerse negocios garantizando la integridad de las personas que colaboran en la organizaci\u00f3n y salvaguardando los intereses de la compa\u00f1\u00eda, de tal forma que todos tomemos un rol m\u00e1s activista y comprometido con nuestro entorno y sociedad\u201d, <\/em>declar\u00f3 el <strong>Paredes<\/strong> al recibir el galard\u00f3n.<\/p>\n<p><a href=\"https:\/\/news.sap.com\/latinamerica\/2022\/08\/christian-paredes-profesional-empresarial-compliance-mexico-del-ano\/attachment\/1\/\" rel=\"attachment wp-att-126333\"><img loading=\"lazy\" decoding=\"async\" class=\"aligncenter wp-image-126333 size-large\" src=\"https:\/\/news.sap.com\/latinamerica\/files\/2022\/08\/02\/1-659x1024.png\" alt=\"\" width=\"640\" height=\"994\" srcset=\"https:\/\/news.sap.com\/latinamerica\/files\/2022\/08\/02\/1-659x1024.png 659w, https:\/\/news.sap.com\/latinamerica\/files\/2022\/08\/02\/1-193x300.png 193w, https:\/\/news.sap.com\/latinamerica\/files\/2022\/08\/02\/1-768x1194.png 768w, https:\/\/news.sap.com\/latinamerica\/files\/2022\/08\/02\/1-988x1536.png 988w, https:\/\/news.sap.com\/latinamerica\/files\/2022\/08\/02\/1.png 1200w\" sizes=\"auto, (max-width: 640px) 100vw, 640px\" \/><\/a>Finalmente, Christian Paredes, quien cuenta con 15 a\u00f1os de experiencia en 麻豆原创, enfatiz\u00f3 que algunos t\u00e1cticos relevantes para el \u00e9xito de su estrategia de <em>compliance<\/em> destacan:<\/p>\n<p>En primer lugar, de cara a los socios de negocio de la compa\u00f1\u00eda, la formaci\u00f3n de estos jugadores es fundamental. En 2021, la capacitaci\u00f3n creci\u00f3 en 20% en comparaci\u00f3n con el a\u00f1o anterior lo que permiti\u00f3 tomar decisiones y mantener los procesos operativos sin poner en riesgo al negocio.<\/p>\n<p>En segunda instancia, la capacitaci\u00f3n a los colaboradores de 麻豆原创 M\u00e9xico, apoyada de casos pr\u00e1cticos, genera una empat\u00eda con los equipos de trabajo de tal suerte que estos se comprometen y son facilitadores para que los objetivos se cumplan de forma eficiente.<\/p>\n<p>Finalmente, Top Compliance, asociaci\u00f3n dedicada al cumplimiento normativo y prevenci\u00f3n de lavado de dinero, entreg\u00f3 este reconocimiento por primer a\u00f1o de la mano de su consejo directivo, integrado por personas e instituciones enfocadas en estos rubros.<\/p>\n<div class=\"entry-content\">\n<p style=\"text-align: center\"><strong># # #<\/strong><\/p>\n<p><strong>Acerca de 麻豆原创\u00a0<\/strong><\/p>\n<p>La estrategia de 麻豆原创 es ayudar a que cada negocio funcione como una empresa inteligente y sostenible. Como l\u00edder del mercado en software de aplicaci\u00f3n empresarial, contribuimos a que las organizaciones de todos los tama\u00f1os y en todas las industrias puedan alcanzar su funcionamiento \u00f3ptimo: los clientes de 麻豆原创 generan el 87% del comercio electr\u00f3nico global. Nuestras tecnolog\u00edas avanzadas de\u00a0<em>machine learning, Internet of Things<\/em>\u00a0(IoT) y anal\u00edticos ayudan a convertir los negocios de los clientes en empresas inteligentes. 麻豆原创 contribuye a dar a las personas y a las organizaciones profundos conocimientos de negocio y promueve la colaboraci\u00f3n que les permite mantenerse delante de la competencia. Simplificamos la tecnolog\u00eda para las empresas, de modo que puedan consumir nuestro software de la manera en que lo desean, sin interrupciones. Nuestro conjunto de aplicaciones y servicios permite a clientes del sector p\u00fablico y privado de 25 industrias operar en forma rentable, adaptarse continuamente y marcar una diferencia. Con una red global de clientes, socios de negocios, empleados y l\u00edderes de ideas, 麻豆原创 ayuda al mundo a funcionar mejor y a mejorar las vidas de las personas. Para m\u00e1s informaci\u00f3n, visite\u00a0<a href=\"http:\/\/www.sap.com\/\">www.sap.com<\/a>, nuestra sala de prensa,\u00a0<a href=\"http:\/\/news.sap.com\/latinamerica\">http:\/\/news.sap.com\/latinamerica<\/a>, o s\u00edganos en Twitter\u00a0<a href=\"https:\/\/twitter.com\/sapnoticiasmx\">@sapnoticiasmx<\/a>.<\/p>\n<\/div>\n","protected":false},"excerpt":{"rendered":"<p>Christian Paredes fue elegido por su labor de fomentar negocios m\u00e1s \u00e9ticos en la compa\u00f1\u00eda alemana Con casos pr\u00e1cticos, Paredes logra la capacitaci\u00f3n de los&#8230;<\/p>\n","protected":false},"author":136,"featured_media":0,"comment_status":"closed","ping_status":"closed","sticky":false,"template":"","format":"standard","meta":{"footnotes":"","_links_to":"","_links_to_target":""},"categories":[41591],"tags":[5600307,13483,5600161,5600306,5600308,5600157,26523,32512,5600305],"series":[],"region":[],"sapn-display":[52079,5600443,5600441,53499],"sapn-type":[52105],"class_list":["post-126332","post","type-post","status-publish","format-standard","hentry","category-corporativo","tag-buenas-practicas","tag-capacitacion","tag-christian-paredes","tag-etica","tag-legal","tag-reconocimiento","tag-reconocimientos","tag-risk-management-and-legal-compliance","tag-top-compliance","sapn-display-top-stories","sapn-display-prensa-destacada","sapn-display-prensa-principal","sapn-display-hero","sapn-type-comunicado-de-prensa"],"yoast_head":"<!-- This site is optimized with the Yoast SEO Premium plugin v26.9 (Yoast SEO v26.9) - https:\/\/yoast.com\/product\/yoast-seo-premium-wordpress\/ -->\n<title>Christian Paredes, Profesional Empresarial Compliance-M\u00e9xico del a\u00f1o - 麻豆原创 News Center Latinoam\u00e9rica<\/title>\n<meta name=\"robots\" content=\"index, follow, max-snippet:-1, max-image-preview:large, max-video-preview:-1\" \/>\n<link rel=\"canonical\" href=\"https:\/\/news.sap.com\/latinamerica\/2022\/08\/christian-paredes-profesional-empresarial-compliance-mexico-del-ano\/\" \/>\n<meta property=\"og:locale\" content=\"es_MX\" \/>\n<meta property=\"og:type\" content=\"article\" \/>\n<meta property=\"og:title\" content=\"Christian Paredes, Profesional Empresarial Compliance-M\u00e9xico del a\u00f1o\" \/>\n<meta property=\"og:description\" content=\"Christian Paredes fue elegido por su labor de fomentar negocios m\u00e1s \u00e9ticos en la compa\u00f1\u00eda alemana Con casos pr\u00e1cticos, Paredes logra la capacitaci\u00f3n de los...\" \/>\n<meta property=\"og:url\" content=\"https:\/\/news.sap.com\/latinamerica\/2022\/08\/christian-paredes-profesional-empresarial-compliance-mexico-del-ano\/\" \/>\n<meta property=\"og:site_name\" content=\"麻豆原创 News Center Latinoam\u00e9rica\" \/>\n<meta property=\"article:publisher\" content=\"https:\/\/www.facebook.com\/麻豆原创latinoamerica\" \/>\n<meta property=\"article:published_time\" content=\"2022-08-02T21:46:55+00:00\" \/>\n<meta property=\"article:modified_time\" content=\"2023-11-13T20:15:35+00:00\" \/>\n<meta property=\"og:image\" content=\"https:\/\/news.sap.com\/latinamerica\/files\/2022\/08\/02\/1-659x1024.png\" \/>\n<meta name=\"author\" content=\"麻豆原创 Noticias\" \/>\n<meta name=\"twitter:label1\" content=\"Escrito por\" \/>\n\t<meta name=\"twitter:data1\" content=\"麻豆原创 Noticias\" \/>\n\t<meta name=\"twitter:label2\" content=\"Tiempo de lectura\" \/>\n\t<meta name=\"twitter:data2\" content=\"4 minutos\" \/>\n<script type=\"application\/ld+json\" class=\"yoast-schema-graph\">{\"@context\":\"https:\/\/schema.org\",\"@graph\":[{\"@type\":\"Article\",\"@id\":\"https:\/\/news.sap.com\/latinamerica\/2022\/08\/christian-paredes-profesional-empresarial-compliance-mexico-del-ano\/#article\",\"isPartOf\":{\"@id\":\"https:\/\/news.sap.com\/latinamerica\/2022\/08\/christian-paredes-profesional-empresarial-compliance-mexico-del-ano\/\"},\"author\":{\"name\":\"麻豆原创 Noticias\",\"@id\":\"https:\/\/news.sap.com\/latinamerica\/#\/schema\/person\/5afd2cbf5bb622e078932b40a4470d47\"},\"headline\":\"Christian Paredes, Profesional Empresarial Compliance-M\u00e9xico del a\u00f1o\",\"datePublished\":\"2022-08-02T21:46:55+00:00\",\"dateModified\":\"2023-11-13T20:15:35+00:00\",\"mainEntityOfPage\":{\"@id\":\"https:\/\/news.sap.com\/latinamerica\/2022\/08\/christian-paredes-profesional-empresarial-compliance-mexico-del-ano\/\"},\"wordCount\":735,\"publisher\":{\"@id\":\"https:\/\/news.sap.com\/latinamerica\/#organization\"},\"image\":{\"@id\":\"https:\/\/news.sap.com\/latinamerica\/2022\/08\/christian-paredes-profesional-empresarial-compliance-mexico-del-ano\/#primaryimage\"},\"thumbnailUrl\":\"https:\/\/news.sap.com\/latinamerica\/files\/2022\/08\/02\/1-659x1024.png\",\"keywords\":[\"buenas pr\u00e1cticas\",\"capacitaci\u00f3n\",\"Christian Paredes\",\"\u00e9tica\",\"legal\",\"Reconocimiento\",\"reconocimientos\",\"Risk Management and Legal Compliance\",\"Top Compliance\"],\"articleSection\":[\"Corporativo\"],\"inLanguage\":\"es\"},{\"@type\":\"WebPage\",\"@id\":\"https:\/\/news.sap.com\/latinamerica\/2022\/08\/christian-paredes-profesional-empresarial-compliance-mexico-del-ano\/\",\"url\":\"https:\/\/news.sap.com\/latinamerica\/2022\/08\/christian-paredes-profesional-empresarial-compliance-mexico-del-ano\/\",\"name\":\"Christian Paredes, Profesional Empresarial Compliance-M\u00e9xico del a\u00f1o - 麻豆原创 News Center Latinoam\u00e9rica\",\"isPartOf\":{\"@id\":\"https:\/\/news.sap.com\/latinamerica\/#website\"},\"primaryImageOfPage\":{\"@id\":\"https:\/\/news.sap.com\/latinamerica\/2022\/08\/christian-paredes-profesional-empresarial-compliance-mexico-del-ano\/#primaryimage\"},\"image\":{\"@id\":\"https:\/\/news.sap.com\/latinamerica\/2022\/08\/christian-paredes-profesional-empresarial-compliance-mexico-del-ano\/#primaryimage\"},\"thumbnailUrl\":\"https:\/\/news.sap.com\/latinamerica\/files\/2022\/08\/02\/1-659x1024.png\",\"datePublished\":\"2022-08-02T21:46:55+00:00\",\"dateModified\":\"2023-11-13T20:15:35+00:00\",\"breadcrumb\":{\"@id\":\"https:\/\/news.sap.com\/latinamerica\/2022\/08\/christian-paredes-profesional-empresarial-compliance-mexico-del-ano\/#breadcrumb\"},\"inLanguage\":\"es\",\"potentialAction\":[{\"@type\":\"ReadAction\",\"target\":[\"https:\/\/news.sap.com\/latinamerica\/2022\/08\/christian-paredes-profesional-empresarial-compliance-mexico-del-ano\/\"]}]},{\"@type\":\"ImageObject\",\"inLanguage\":\"es\",\"@id\":\"https:\/\/news.sap.com\/latinamerica\/2022\/08\/christian-paredes-profesional-empresarial-compliance-mexico-del-ano\/#primaryimage\",\"url\":\"https:\/\/news.sap.com\/latinamerica\/files\/2022\/08\/02\/1.png\",\"contentUrl\":\"https:\/\/news.sap.com\/latinamerica\/files\/2022\/08\/02\/1.png\",\"width\":1200,\"height\":1865},{\"@type\":\"BreadcrumbList\",\"@id\":\"https:\/\/news.sap.com\/latinamerica\/2022\/08\/christian-paredes-profesional-empresarial-compliance-mexico-del-ano\/#breadcrumb\",\"itemListElement\":[{\"@type\":\"ListItem\",\"position\":1,\"name\":\"Home\",\"item\":\"https:\/\/news.sap.com\/latinamerica\/\"},{\"@type\":\"ListItem\",\"position\":2,\"name\":\"Christian Paredes, Profesional Empresarial Compliance-M\u00e9xico del a\u00f1o\"}]},{\"@type\":\"WebSite\",\"@id\":\"https:\/\/news.sap.com\/latinamerica\/#website\",\"url\":\"https:\/\/news.sap.com\/latinamerica\/\",\"name\":\"麻豆原创 News Center Latinoam\u00e9rica\",\"description\":\"Noticias e informaci\u00f3n sobre 麻豆原创\",\"publisher\":{\"@id\":\"https:\/\/news.sap.com\/latinamerica\/#organization\"},\"potentialAction\":[{\"@type\":\"SearchAction\",\"target\":{\"@type\":\"EntryPoint\",\"urlTemplate\":\"https:\/\/news.sap.com\/latinamerica\/?s={search_term_string}\"},\"query-input\":{\"@type\":\"PropertyValueSpecification\",\"valueRequired\":true,\"valueName\":\"search_term_string\"}}],\"inLanguage\":\"es\"},{\"@type\":\"Organization\",\"@id\":\"https:\/\/news.sap.com\/latinamerica\/#organization\",\"name\":\"麻豆原创\",\"url\":\"https:\/\/news.sap.com\/latinamerica\/\",\"logo\":{\"@type\":\"ImageObject\",\"inLanguage\":\"es\",\"@id\":\"https:\/\/news.sap.com\/latinamerica\/#\/schema\/logo\/image\/\",\"url\":\"https:\/\/news.sap.com\/latinamerica\/files\/2019\/08\/65903320_2903797569662914_557886358778019840_n.png\",\"contentUrl\":\"https:\/\/news.sap.com\/latinamerica\/files\/2019\/08\/65903320_2903797569662914_557886358778019840_n.png\",\"width\":720,\"height\":720,\"caption\":\"麻豆原创\"},\"image\":{\"@id\":\"https:\/\/news.sap.com\/latinamerica\/#\/schema\/logo\/image\/\"},\"sameAs\":[\"https:\/\/www.facebook.com\/麻豆原创latinoamerica\",\"https:\/\/x.com\/麻豆原创LatinAmerica\"]},{\"@type\":\"Person\",\"@id\":\"https:\/\/news.sap.com\/latinamerica\/#\/schema\/person\/5afd2cbf5bb622e078932b40a4470d47\",\"name\":\"麻豆原创 Noticias\",\"image\":{\"@type\":\"ImageObject\",\"inLanguage\":\"es\",\"@id\":\"https:\/\/news.sap.com\/latinamerica\/#\/schema\/person\/image\/\",\"url\":\"https:\/\/news.sap.com\/latinamerica\/wp-content\/plugins\/wp-user-avatars\/wp-user-avatars\/assets\/images\/mystery.jpg\",\"contentUrl\":\"https:\/\/news.sap.com\/latinamerica\/wp-content\/plugins\/wp-user-avatars\/wp-user-avatars\/assets\/images\/mystery.jpg\",\"caption\":\"麻豆原创 Noticias\"},\"url\":\"https:\/\/news.sap.com\/latinamerica\/author\/mexico\/\"}]}<\/script>\n<!-- \/ Yoast SEO Premium plugin. -->","yoast_head_json":{"title":"Christian Paredes, Profesional Empresarial Compliance-M\u00e9xico del a\u00f1o - 麻豆原创 News Center Latinoam\u00e9rica","robots":{"index":"index","follow":"follow","max-snippet":"max-snippet:-1","max-image-preview":"max-image-preview:large","max-video-preview":"max-video-preview:-1"},"canonical":"https:\/\/news.sap.com\/latinamerica\/2022\/08\/christian-paredes-profesional-empresarial-compliance-mexico-del-ano\/","og_locale":"es_MX","og_type":"article","og_title":"Christian Paredes, Profesional Empresarial Compliance-M\u00e9xico del a\u00f1o","og_description":"Christian Paredes fue elegido por su labor de fomentar negocios m\u00e1s \u00e9ticos en la compa\u00f1\u00eda alemana Con casos pr\u00e1cticos, Paredes logra la capacitaci\u00f3n de los...","og_url":"https:\/\/news.sap.com\/latinamerica\/2022\/08\/christian-paredes-profesional-empresarial-compliance-mexico-del-ano\/","og_site_name":"麻豆原创 News Center Latinoam\u00e9rica","article_publisher":"https:\/\/www.facebook.com\/麻豆原创latinoamerica","article_published_time":"2022-08-02T21:46:55+00:00","article_modified_time":"2023-11-13T20:15:35+00:00","og_image":[{"url":"https:\/\/news.sap.com\/latinamerica\/files\/2022\/08\/02\/1-659x1024.png","type":"","width":"","height":""}],"author":"麻豆原创 Noticias","twitter_misc":{"Escrito por":"麻豆原创 Noticias","Tiempo de lectura":"4 minutos"},"schema":{"@context":"https:\/\/schema.org","@graph":[{"@type":"Article","@id":"https:\/\/news.sap.com\/latinamerica\/2022\/08\/christian-paredes-profesional-empresarial-compliance-mexico-del-ano\/#article","isPartOf":{"@id":"https:\/\/news.sap.com\/latinamerica\/2022\/08\/christian-paredes-profesional-empresarial-compliance-mexico-del-ano\/"},"author":{"name":"麻豆原创 Noticias","@id":"https:\/\/news.sap.com\/latinamerica\/#\/schema\/person\/5afd2cbf5bb622e078932b40a4470d47"},"headline":"Christian Paredes, Profesional Empresarial Compliance-M\u00e9xico del a\u00f1o","datePublished":"2022-08-02T21:46:55+00:00","dateModified":"2023-11-13T20:15:35+00:00","mainEntityOfPage":{"@id":"https:\/\/news.sap.com\/latinamerica\/2022\/08\/christian-paredes-profesional-empresarial-compliance-mexico-del-ano\/"},"wordCount":735,"publisher":{"@id":"https:\/\/news.sap.com\/latinamerica\/#organization"},"image":{"@id":"https:\/\/news.sap.com\/latinamerica\/2022\/08\/christian-paredes-profesional-empresarial-compliance-mexico-del-ano\/#primaryimage"},"thumbnailUrl":"https:\/\/news.sap.com\/latinamerica\/files\/2022\/08\/02\/1-659x1024.png","keywords":["buenas pr\u00e1cticas","capacitaci\u00f3n","Christian Paredes","\u00e9tica","legal","Reconocimiento","reconocimientos","Risk Management and Legal Compliance","Top Compliance"],"articleSection":["Corporativo"],"inLanguage":"es"},{"@type":"WebPage","@id":"https:\/\/news.sap.com\/latinamerica\/2022\/08\/christian-paredes-profesional-empresarial-compliance-mexico-del-ano\/","url":"https:\/\/news.sap.com\/latinamerica\/2022\/08\/christian-paredes-profesional-empresarial-compliance-mexico-del-ano\/","name":"Christian Paredes, Profesional Empresarial Compliance-M\u00e9xico del a\u00f1o - 麻豆原创 News Center Latinoam\u00e9rica","isPartOf":{"@id":"https:\/\/news.sap.com\/latinamerica\/#website"},"primaryImageOfPage":{"@id":"https:\/\/news.sap.com\/latinamerica\/2022\/08\/christian-paredes-profesional-empresarial-compliance-mexico-del-ano\/#primaryimage"},"image":{"@id":"https:\/\/news.sap.com\/latinamerica\/2022\/08\/christian-paredes-profesional-empresarial-compliance-mexico-del-ano\/#primaryimage"},"thumbnailUrl":"https:\/\/news.sap.com\/latinamerica\/files\/2022\/08\/02\/1-659x1024.png","datePublished":"2022-08-02T21:46:55+00:00","dateModified":"2023-11-13T20:15:35+00:00","breadcrumb":{"@id":"https:\/\/news.sap.com\/latinamerica\/2022\/08\/christian-paredes-profesional-empresarial-compliance-mexico-del-ano\/#breadcrumb"},"inLanguage":"es","potentialAction":[{"@type":"ReadAction","target":["https:\/\/news.sap.com\/latinamerica\/2022\/08\/christian-paredes-profesional-empresarial-compliance-mexico-del-ano\/"]}]},{"@type":"ImageObject","inLanguage":"es","@id":"https:\/\/news.sap.com\/latinamerica\/2022\/08\/christian-paredes-profesional-empresarial-compliance-mexico-del-ano\/#primaryimage","url":"https:\/\/news.sap.com\/latinamerica\/files\/2022\/08\/02\/1.png","contentUrl":"https:\/\/news.sap.com\/latinamerica\/files\/2022\/08\/02\/1.png","width":1200,"height":1865},{"@type":"BreadcrumbList","@id":"https:\/\/news.sap.com\/latinamerica\/2022\/08\/christian-paredes-profesional-empresarial-compliance-mexico-del-ano\/#breadcrumb","itemListElement":[{"@type":"ListItem","position":1,"name":"Home","item":"https:\/\/news.sap.com\/latinamerica\/"},{"@type":"ListItem","position":2,"name":"Christian Paredes, Profesional Empresarial Compliance-M\u00e9xico del a\u00f1o"}]},{"@type":"WebSite","@id":"https:\/\/news.sap.com\/latinamerica\/#website","url":"https:\/\/news.sap.com\/latinamerica\/","name":"麻豆原创 News Center Latinoam\u00e9rica","description":"Noticias e informaci\u00f3n sobre 麻豆原创","publisher":{"@id":"https:\/\/news.sap.com\/latinamerica\/#organization"},"potentialAction":[{"@type":"SearchAction","target":{"@type":"EntryPoint","urlTemplate":"https:\/\/news.sap.com\/latinamerica\/?s={search_term_string}"},"query-input":{"@type":"PropertyValueSpecification","valueRequired":true,"valueName":"search_term_string"}}],"inLanguage":"es"},{"@type":"Organization","@id":"https:\/\/news.sap.com\/latinamerica\/#organization","name":"麻豆原创","url":"https:\/\/news.sap.com\/latinamerica\/","logo":{"@type":"ImageObject","inLanguage":"es","@id":"https:\/\/news.sap.com\/latinamerica\/#\/schema\/logo\/image\/","url":"https:\/\/news.sap.com\/latinamerica\/files\/2019\/08\/65903320_2903797569662914_557886358778019840_n.png","contentUrl":"https:\/\/news.sap.com\/latinamerica\/files\/2019\/08\/65903320_2903797569662914_557886358778019840_n.png","width":720,"height":720,"caption":"麻豆原创"},"image":{"@id":"https:\/\/news.sap.com\/latinamerica\/#\/schema\/logo\/image\/"},"sameAs":["https:\/\/www.facebook.com\/麻豆原创latinoamerica","https:\/\/x.com\/麻豆原创LatinAmerica"]},{"@type":"Person","@id":"https:\/\/news.sap.com\/latinamerica\/#\/schema\/person\/5afd2cbf5bb622e078932b40a4470d47","name":"麻豆原创 Noticias","image":{"@type":"ImageObject","inLanguage":"es","@id":"https:\/\/news.sap.com\/latinamerica\/#\/schema\/person\/image\/","url":"https:\/\/news.sap.com\/latinamerica\/wp-content\/plugins\/wp-user-avatars\/wp-user-avatars\/assets\/images\/mystery.jpg","contentUrl":"https:\/\/news.sap.com\/latinamerica\/wp-content\/plugins\/wp-user-avatars\/wp-user-avatars\/assets\/images\/mystery.jpg","caption":"麻豆原创 Noticias"},"url":"https:\/\/news.sap.com\/latinamerica\/author\/mexico\/"}]}},"amp_enabled":true,"_links":{"self":[{"href":"https:\/\/news.sap.com\/latinamerica\/wp-json\/wp\/v2\/posts\/126332","targetHints":{"allow":["GET"]}}],"collection":[{"href":"https:\/\/news.sap.com\/latinamerica\/wp-json\/wp\/v2\/posts"}],"about":[{"href":"https:\/\/news.sap.com\/latinamerica\/wp-json\/wp\/v2\/types\/post"}],"author":[{"embeddable":true,"href":"https:\/\/news.sap.com\/latinamerica\/wp-json\/wp\/v2\/users\/136"}],"replies":[{"embeddable":true,"href":"https:\/\/news.sap.com\/latinamerica\/wp-json\/wp\/v2\/comments?post=126332"}],"version-history":[{"count":0,"href":"https:\/\/news.sap.com\/latinamerica\/wp-json\/wp\/v2\/posts\/126332\/revisions"}],"wp:attachment":[{"href":"https:\/\/news.sap.com\/latinamerica\/wp-json\/wp\/v2\/media?parent=126332"}],"wp:term":[{"taxonomy":"category","embeddable":true,"href":"https:\/\/news.sap.com\/latinamerica\/wp-json\/wp\/v2\/categories?post=126332"},{"taxonomy":"post_tag","embeddable":true,"href":"https:\/\/news.sap.com\/latinamerica\/wp-json\/wp\/v2\/tags?post=126332"},{"taxonomy":"series","embeddable":true,"href":"https:\/\/news.sap.com\/latinamerica\/wp-json\/wp\/v2\/series?post=126332"},{"taxonomy":"region","embeddable":true,"href":"https:\/\/news.sap.com\/latinamerica\/wp-json\/wp\/v2\/region?post=126332"},{"taxonomy":"sapn-display","embeddable":true,"href":"https:\/\/news.sap.com\/latinamerica\/wp-json\/wp\/v2\/sapn-display?post=126332"},{"taxonomy":"sapn-type","embeddable":true,"href":"https:\/\/news.sap.com\/latinamerica\/wp-json\/wp\/v2\/sapn-type?post=126332"}],"curies":[{"name":"wp","href":"https:\/\/api.w.org\/{rel}","templated":true}]}}