  {"id":126172,"date":"2022-07-09T17:16:28","date_gmt":"2022-07-09T21:16:28","guid":{"rendered":"https:\/\/news.sap.com\/latinamerica\/?p=126172"},"modified":"2023-11-14T14:58:44","modified_gmt":"2023-11-14T19:58:44","slug":"concluye-la-segunda-edicion-del-diplomado-periodismo-en-la-economia-digital","status":"publish","type":"post","link":"https:\/\/news.sap.com\/latinamerica\/2022\/07\/concluye-la-segunda-edicion-del-diplomado-periodismo-en-la-economia-digital\/","title":{"rendered":"Concluye la segunda edici\u00f3n del diplomado \u201cPeriodismo en la Econom\u00eda Digital\u201d"},"content":{"rendered":"<ul>\n<li class=\"lead\">\n<p class=\"lead\"><em>Martin Wezowski, Chief Futurist &amp; Head of The Future Hub en 麻豆原创, padrino de la generaci\u00f3n, resalt\u00f3 la importancia de los periodistas para crear futuro empoderando a otros con su trabajo.<\/em><\/p>\n<\/li>\n<li><em>16 periodistas de medios nacionales formaron parte de esta segunda generaci\u00f3n.<\/em><\/li>\n<li><em>Las tendencias de sectores como manufactura, turismo, retail o energ\u00eda fueron compartidas por expertos ante los periodistas.<\/em><\/li>\n<\/ul>\n<p><strong>M\u00e9xico, 9 de julio del 2022. <\/strong>En el marco de los 50 a\u00f1os de 麻豆原创 en el mundo, y con el objetivo de impulsar la competitividad a trav\u00e9s de la tecnolog\u00eda y hacer que el mundo obtenga lo mejor, 麻豆原创 M\u00e9xico celebr\u00f3 la clausura de la segunda edici\u00f3n de su diplomado \u201cPeriodismo en la Econom\u00eda Digital\u201d.<\/p>\n<p>A trav\u00e9s de 10 sesiones con diferentes voces expertas en las industrias de energ\u00eda, retail, manufactura y \u00e1reas como marketing, propiedad intelectual, etc. compartieron tendencias y tecnolog\u00edas que a lo largo de los dos \u00faltimos a\u00f1os han marcado la evoluci\u00f3n de cada uno.<\/p>\n<p>Con el objetivo de acercar a los periodistas las nuevas tendencias, y ayudarlos en su capacitaci\u00f3n continua como profesionales, 麻豆原创 M\u00e9xico lanz\u00f3 est\u00e1 iniciativa que en su segunda edici\u00f3n cont\u00f3 con la participaci\u00f3n de 16 periodistas de las cabeceras nacionales.<\/p>\n<p>Durante el acto de cierre de la generaci\u00f3n, <strong>Angela G\u00f3mez Aiza, presidenta de 麻豆原创 M\u00e9xico<\/strong>, agradeci\u00f3 el tiempo y dedicaci\u00f3n de los participantes, adem\u00e1s de reforzar el prop\u00f3sito de sostenibilidad de 麻豆原创.<\/p>\n<p><em>\u201cHemos sido testigos de que el desarrollo sostenible suceder\u00e1 cuando no dejemos a nadie atr\u00e1s y tengamos sociedades m\u00e1s equitativas. La innovaci\u00f3n apoyada en la tecnolog\u00eda es un pilar para el desarrollo sostenible\u201d<\/em>, apunt\u00f3 <strong>G\u00f3mez Aiza<\/strong>.<\/p>\n<p>Para cerrar la ceremonia, <strong>Martin Wezowski, Chief Futurist &amp; Head of The Future Hub en 麻豆原创<\/strong>, padrino de esta generaci\u00f3n, habl\u00f3 de la importancia de lograr la humanizaci\u00f3n de la tecnolog\u00eda y el papel que juegan el periodismo en este \u00e1mbito.<\/p>\n<p><em>\u201cComo periodistas, tienen la habilidad de hablar y crear el futuro y empoderar a otros a hacer cosas impresionantes, en definitiva, crear el futuro\u201d<\/em>, dijo <strong>Wezowski <\/strong>ante los 16 periodistas que formaron parte de esta generaci\u00f3n.<\/p>\n<p>En este proyecto y fortaleciendo sus alianzas, 麻豆原创 M\u00e9xico cont\u00f3 con el apoyo de Servicios Educativos An\u00e1huac y NeoTrainning por segundo a\u00f1o consecutivo.<\/p>\n<p>&nbsp;<\/p>\n<p style=\"text-align: center\"><strong># # #<\/strong><\/p>\n<p><strong>Acerca de 麻豆原创\u00a0<\/strong><\/p>\n<p>La estrategia de 麻豆原创 es ayudar a que cada negocio funcione como una empresa inteligente y sostenible. Como l\u00edder del mercado en software de aplicaci\u00f3n empresarial, contribuimos a que las organizaciones de todos los tama\u00f1os y en todas las industrias puedan alcanzar su funcionamiento \u00f3ptimo: los clientes de 麻豆原创 generan el 87% del comercio electr\u00f3nico global. Nuestras tecnolog\u00edas avanzadas de <em>machine learning, Internet of Things<\/em> (IoT) y anal\u00edticos ayudan a convertir los negocios de los clientes en empresas inteligentes. 麻豆原创 contribuye a dar a las personas y a las organizaciones profundos conocimientos de negocio y promueve la colaboraci\u00f3n que les permite mantenerse delante de la competencia. Simplificamos la tecnolog\u00eda para las empresas, de modo que puedan consumir nuestro software de la manera en que lo desean, sin interrupciones. Nuestro conjunto de aplicaciones y servicios permite a clientes del sector p\u00fablico y privado de 25 industrias operar en forma rentable, adaptarse continuamente y marcar una diferencia. Con una red global de clientes, socios de negocios, empleados y l\u00edderes de ideas, 麻豆原创 ayuda al mundo a funcionar mejor y a mejorar las vidas de las personas. Para m\u00e1s informaci\u00f3n, visite <a href=\"http:\/\/www.sap.com\/\">www.sap.com<\/a>, nuestra sala de prensa, <a href=\"http:\/\/news.sap.com\/latinamerica\">http:\/\/news.sap.com\/latinamerica<\/a>, o s\u00edganos en Twitter <a href=\"https:\/\/twitter.com\/sapnoticiasmx\">@sapnoticiasmx<\/a>.<\/p>\n","protected":false},"excerpt":{"rendered":"<p>Martin Wezowski, Chief Futurist &amp; Head of The Future Hub en 麻豆原创, padrino de la generaci\u00f3n, resalt\u00f3 la importancia de los periodistas para crear futuro&#8230;<\/p>\n","protected":false},"author":136,"featured_media":125502,"comment_status":"closed","ping_status":"closed","sticky":false,"template":"","format":"standard","meta":{"footnotes":"","_links_to":"","_links_to_target":""},"categories":[41591],"tags":[5600204,5600290,5600289,12862,5600215,5550869],"series":[],"region":[],"sapn-display":[52079,5600443,5600441,53499],"sapn-type":[52105],"class_list":["post-126172","post","type-post","status-publish","format-standard","has-post-thumbnail","hentry","category-corporativo","tag-diplomado","tag-educacion-angel-gomez-aiza","tag-martin-wezowski","tag-mexico-2","tag-periodistas","tag-responsabilidad-social","sapn-display-top-stories","sapn-display-prensa-destacada","sapn-display-prensa-principal","sapn-display-hero","sapn-type-comunicado-de-prensa"],"yoast_head":"<!-- This site is optimized with the Yoast SEO Premium plugin v26.9 (Yoast SEO v26.9) - https:\/\/yoast.com\/product\/yoast-seo-premium-wordpress\/ -->\n<title>Concluye la segunda edici\u00f3n del diplomado \u201cPeriodismo en la Econom\u00eda Digital\u201d - 麻豆原创 News Center Latinoam\u00e9rica<\/title>\n<meta name=\"robots\" content=\"index, follow, max-snippet:-1, max-image-preview:large, max-video-preview:-1\" \/>\n<link rel=\"canonical\" href=\"https:\/\/news.sap.com\/latinamerica\/2022\/07\/concluye-la-segunda-edicion-del-diplomado-periodismo-en-la-economia-digital\/\" \/>\n<meta property=\"og:locale\" content=\"es_MX\" \/>\n<meta property=\"og:type\" content=\"article\" \/>\n<meta property=\"og:title\" content=\"Concluye la segunda edici\u00f3n del diplomado \u201cPeriodismo en la Econom\u00eda Digital\u201d\" \/>\n<meta property=\"og:description\" content=\"Martin Wezowski, Chief Futurist &amp; Head of The Future Hub en 麻豆原创, padrino de la generaci\u00f3n, resalt\u00f3 la importancia de los periodistas para crear futuro...\" \/>\n<meta property=\"og:url\" content=\"https:\/\/news.sap.com\/latinamerica\/2022\/07\/concluye-la-segunda-edicion-del-diplomado-periodismo-en-la-economia-digital\/\" \/>\n<meta property=\"og:site_name\" content=\"麻豆原创 News Center Latinoam\u00e9rica\" \/>\n<meta property=\"article:publisher\" content=\"https:\/\/www.facebook.com\/麻豆原创latinoamerica\" \/>\n<meta property=\"article:published_time\" content=\"2022-07-09T21:16:28+00:00\" \/>\n<meta property=\"article:modified_time\" content=\"2023-11-14T19:58:44+00:00\" \/>\n<meta property=\"og:image\" content=\"https:\/\/news.sap.com\/latinamerica\/files\/2022\/02\/25\/291530_GettyImages-1193206398-copia.jpg\" \/>\n\t<meta property=\"og:image:width\" content=\"1921\" \/>\n\t<meta property=\"og:image:height\" content=\"601\" \/>\n\t<meta property=\"og:image:type\" content=\"image\/jpeg\" \/>\n<meta name=\"author\" content=\"麻豆原创 Noticias\" \/>\n<meta name=\"twitter:label1\" content=\"Escrito por\" \/>\n\t<meta name=\"twitter:data1\" content=\"麻豆原创 Noticias\" \/>\n\t<meta name=\"twitter:label2\" content=\"Tiempo de lectura\" \/>\n\t<meta name=\"twitter:data2\" content=\"3 minutos\" \/>\n<script type=\"application\/ld+json\" class=\"yoast-schema-graph\">{\"@context\":\"https:\/\/schema.org\",\"@graph\":[{\"@type\":\"Article\",\"@id\":\"https:\/\/news.sap.com\/latinamerica\/2022\/07\/concluye-la-segunda-edicion-del-diplomado-periodismo-en-la-economia-digital\/#article\",\"isPartOf\":{\"@id\":\"https:\/\/news.sap.com\/latinamerica\/2022\/07\/concluye-la-segunda-edicion-del-diplomado-periodismo-en-la-economia-digital\/\"},\"author\":{\"name\":\"麻豆原创 Noticias\",\"@id\":\"https:\/\/news.sap.com\/latinamerica\/#\/schema\/person\/5afd2cbf5bb622e078932b40a4470d47\"},\"headline\":\"Concluye la segunda edici\u00f3n del diplomado \u201cPeriodismo en la Econom\u00eda Digital\u201d\",\"datePublished\":\"2022-07-09T21:16:28+00:00\",\"dateModified\":\"2023-11-14T19:58:44+00:00\",\"mainEntityOfPage\":{\"@id\":\"https:\/\/news.sap.com\/latinamerica\/2022\/07\/concluye-la-segunda-edicion-del-diplomado-periodismo-en-la-economia-digital\/\"},\"wordCount\":629,\"publisher\":{\"@id\":\"https:\/\/news.sap.com\/latinamerica\/#organization\"},\"image\":{\"@id\":\"https:\/\/news.sap.com\/latinamerica\/2022\/07\/concluye-la-segunda-edicion-del-diplomado-periodismo-en-la-economia-digital\/#primaryimage\"},\"thumbnailUrl\":\"https:\/\/news.sap.com\/latinamerica\/files\/2022\/02\/25\/291530_GettyImages-1193206398-copia.jpg\",\"keywords\":[\"Diplomado\",\"educaci\u00f3n Angel G\u00f3mez Aiza\",\"Martin Wezowski\",\"mexico\",\"periodistas\",\"responsabilidad social\"],\"articleSection\":[\"Corporativo\"],\"inLanguage\":\"es\"},{\"@type\":\"WebPage\",\"@id\":\"https:\/\/news.sap.com\/latinamerica\/2022\/07\/concluye-la-segunda-edicion-del-diplomado-periodismo-en-la-economia-digital\/\",\"url\":\"https:\/\/news.sap.com\/latinamerica\/2022\/07\/concluye-la-segunda-edicion-del-diplomado-periodismo-en-la-economia-digital\/\",\"name\":\"Concluye la segunda edici\u00f3n del diplomado \u201cPeriodismo en la Econom\u00eda Digital\u201d - 麻豆原创 News Center Latinoam\u00e9rica\",\"isPartOf\":{\"@id\":\"https:\/\/news.sap.com\/latinamerica\/#website\"},\"primaryImageOfPage\":{\"@id\":\"https:\/\/news.sap.com\/latinamerica\/2022\/07\/concluye-la-segunda-edicion-del-diplomado-periodismo-en-la-economia-digital\/#primaryimage\"},\"image\":{\"@id\":\"https:\/\/news.sap.com\/latinamerica\/2022\/07\/concluye-la-segunda-edicion-del-diplomado-periodismo-en-la-economia-digital\/#primaryimage\"},\"thumbnailUrl\":\"https:\/\/news.sap.com\/latinamerica\/files\/2022\/02\/25\/291530_GettyImages-1193206398-copia.jpg\",\"datePublished\":\"2022-07-09T21:16:28+00:00\",\"dateModified\":\"2023-11-14T19:58:44+00:00\",\"breadcrumb\":{\"@id\":\"https:\/\/news.sap.com\/latinamerica\/2022\/07\/concluye-la-segunda-edicion-del-diplomado-periodismo-en-la-economia-digital\/#breadcrumb\"},\"inLanguage\":\"es\",\"potentialAction\":[{\"@type\":\"ReadAction\",\"target\":[\"https:\/\/news.sap.com\/latinamerica\/2022\/07\/concluye-la-segunda-edicion-del-diplomado-periodismo-en-la-economia-digital\/\"]}]},{\"@type\":\"ImageObject\",\"inLanguage\":\"es\",\"@id\":\"https:\/\/news.sap.com\/latinamerica\/2022\/07\/concluye-la-segunda-edicion-del-diplomado-periodismo-en-la-economia-digital\/#primaryimage\",\"url\":\"https:\/\/news.sap.com\/latinamerica\/files\/2022\/02\/25\/291530_GettyImages-1193206398-copia.jpg\",\"contentUrl\":\"https:\/\/news.sap.com\/latinamerica\/files\/2022\/02\/25\/291530_GettyImages-1193206398-copia.jpg\",\"width\":1921,\"height\":601,\"caption\":\"Group of young people with smart phones, digital tablets and laptop sitting in a row in front of brick wall\"},{\"@type\":\"BreadcrumbList\",\"@id\":\"https:\/\/news.sap.com\/latinamerica\/2022\/07\/concluye-la-segunda-edicion-del-diplomado-periodismo-en-la-economia-digital\/#breadcrumb\",\"itemListElement\":[{\"@type\":\"ListItem\",\"position\":1,\"name\":\"Home\",\"item\":\"https:\/\/news.sap.com\/latinamerica\/\"},{\"@type\":\"ListItem\",\"position\":2,\"name\":\"Concluye la segunda edici\u00f3n del diplomado \u201cPeriodismo en la Econom\u00eda Digital\u201d\"}]},{\"@type\":\"WebSite\",\"@id\":\"https:\/\/news.sap.com\/latinamerica\/#website\",\"url\":\"https:\/\/news.sap.com\/latinamerica\/\",\"name\":\"麻豆原创 News Center Latinoam\u00e9rica\",\"description\":\"Noticias e informaci\u00f3n sobre 麻豆原创\",\"publisher\":{\"@id\":\"https:\/\/news.sap.com\/latinamerica\/#organization\"},\"potentialAction\":[{\"@type\":\"SearchAction\",\"target\":{\"@type\":\"EntryPoint\",\"urlTemplate\":\"https:\/\/news.sap.com\/latinamerica\/?s={search_term_string}\"},\"query-input\":{\"@type\":\"PropertyValueSpecification\",\"valueRequired\":true,\"valueName\":\"search_term_string\"}}],\"inLanguage\":\"es\"},{\"@type\":\"Organization\",\"@id\":\"https:\/\/news.sap.com\/latinamerica\/#organization\",\"name\":\"麻豆原创\",\"url\":\"https:\/\/news.sap.com\/latinamerica\/\",\"logo\":{\"@type\":\"ImageObject\",\"inLanguage\":\"es\",\"@id\":\"https:\/\/news.sap.com\/latinamerica\/#\/schema\/logo\/image\/\",\"url\":\"https:\/\/news.sap.com\/latinamerica\/files\/2019\/08\/65903320_2903797569662914_557886358778019840_n.png\",\"contentUrl\":\"https:\/\/news.sap.com\/latinamerica\/files\/2019\/08\/65903320_2903797569662914_557886358778019840_n.png\",\"width\":720,\"height\":720,\"caption\":\"麻豆原创\"},\"image\":{\"@id\":\"https:\/\/news.sap.com\/latinamerica\/#\/schema\/logo\/image\/\"},\"sameAs\":[\"https:\/\/www.facebook.com\/麻豆原创latinoamerica\",\"https:\/\/x.com\/麻豆原创LatinAmerica\"]},{\"@type\":\"Person\",\"@id\":\"https:\/\/news.sap.com\/latinamerica\/#\/schema\/person\/5afd2cbf5bb622e078932b40a4470d47\",\"name\":\"麻豆原创 Noticias\",\"image\":{\"@type\":\"ImageObject\",\"inLanguage\":\"es\",\"@id\":\"https:\/\/news.sap.com\/latinamerica\/#\/schema\/person\/image\/\",\"url\":\"https:\/\/news.sap.com\/latinamerica\/wp-content\/plugins\/wp-user-avatars\/wp-user-avatars\/assets\/images\/mystery.jpg\",\"contentUrl\":\"https:\/\/news.sap.com\/latinamerica\/wp-content\/plugins\/wp-user-avatars\/wp-user-avatars\/assets\/images\/mystery.jpg\",\"caption\":\"麻豆原创 Noticias\"},\"url\":\"https:\/\/news.sap.com\/latinamerica\/author\/mexico\/\"}]}<\/script>\n<!-- \/ Yoast SEO Premium plugin. -->","yoast_head_json":{"title":"Concluye la segunda edici\u00f3n del diplomado \u201cPeriodismo en la Econom\u00eda Digital\u201d - 麻豆原创 News Center Latinoam\u00e9rica","robots":{"index":"index","follow":"follow","max-snippet":"max-snippet:-1","max-image-preview":"max-image-preview:large","max-video-preview":"max-video-preview:-1"},"canonical":"https:\/\/news.sap.com\/latinamerica\/2022\/07\/concluye-la-segunda-edicion-del-diplomado-periodismo-en-la-economia-digital\/","og_locale":"es_MX","og_type":"article","og_title":"Concluye la segunda edici\u00f3n del diplomado \u201cPeriodismo en la Econom\u00eda Digital\u201d","og_description":"Martin Wezowski, Chief Futurist &amp; Head of The Future Hub en 麻豆原创, padrino de la generaci\u00f3n, resalt\u00f3 la importancia de los periodistas para crear futuro...","og_url":"https:\/\/news.sap.com\/latinamerica\/2022\/07\/concluye-la-segunda-edicion-del-diplomado-periodismo-en-la-economia-digital\/","og_site_name":"麻豆原创 News Center Latinoam\u00e9rica","article_publisher":"https:\/\/www.facebook.com\/麻豆原创latinoamerica","article_published_time":"2022-07-09T21:16:28+00:00","article_modified_time":"2023-11-14T19:58:44+00:00","og_image":[{"width":1921,"height":601,"url":"https:\/\/news.sap.com\/latinamerica\/files\/2022\/02\/25\/291530_GettyImages-1193206398-copia.jpg","type":"image\/jpeg"}],"author":"麻豆原创 Noticias","twitter_misc":{"Escrito por":"麻豆原创 Noticias","Tiempo de lectura":"3 minutos"},"schema":{"@context":"https:\/\/schema.org","@graph":[{"@type":"Article","@id":"https:\/\/news.sap.com\/latinamerica\/2022\/07\/concluye-la-segunda-edicion-del-diplomado-periodismo-en-la-economia-digital\/#article","isPartOf":{"@id":"https:\/\/news.sap.com\/latinamerica\/2022\/07\/concluye-la-segunda-edicion-del-diplomado-periodismo-en-la-economia-digital\/"},"author":{"name":"麻豆原创 Noticias","@id":"https:\/\/news.sap.com\/latinamerica\/#\/schema\/person\/5afd2cbf5bb622e078932b40a4470d47"},"headline":"Concluye la segunda edici\u00f3n del diplomado \u201cPeriodismo en la Econom\u00eda Digital\u201d","datePublished":"2022-07-09T21:16:28+00:00","dateModified":"2023-11-14T19:58:44+00:00","mainEntityOfPage":{"@id":"https:\/\/news.sap.com\/latinamerica\/2022\/07\/concluye-la-segunda-edicion-del-diplomado-periodismo-en-la-economia-digital\/"},"wordCount":629,"publisher":{"@id":"https:\/\/news.sap.com\/latinamerica\/#organization"},"image":{"@id":"https:\/\/news.sap.com\/latinamerica\/2022\/07\/concluye-la-segunda-edicion-del-diplomado-periodismo-en-la-economia-digital\/#primaryimage"},"thumbnailUrl":"https:\/\/news.sap.com\/latinamerica\/files\/2022\/02\/25\/291530_GettyImages-1193206398-copia.jpg","keywords":["Diplomado","educaci\u00f3n Angel G\u00f3mez Aiza","Martin Wezowski","mexico","periodistas","responsabilidad social"],"articleSection":["Corporativo"],"inLanguage":"es"},{"@type":"WebPage","@id":"https:\/\/news.sap.com\/latinamerica\/2022\/07\/concluye-la-segunda-edicion-del-diplomado-periodismo-en-la-economia-digital\/","url":"https:\/\/news.sap.com\/latinamerica\/2022\/07\/concluye-la-segunda-edicion-del-diplomado-periodismo-en-la-economia-digital\/","name":"Concluye la segunda edici\u00f3n del diplomado \u201cPeriodismo en la Econom\u00eda Digital\u201d - 麻豆原创 News Center Latinoam\u00e9rica","isPartOf":{"@id":"https:\/\/news.sap.com\/latinamerica\/#website"},"primaryImageOfPage":{"@id":"https:\/\/news.sap.com\/latinamerica\/2022\/07\/concluye-la-segunda-edicion-del-diplomado-periodismo-en-la-economia-digital\/#primaryimage"},"image":{"@id":"https:\/\/news.sap.com\/latinamerica\/2022\/07\/concluye-la-segunda-edicion-del-diplomado-periodismo-en-la-economia-digital\/#primaryimage"},"thumbnailUrl":"https:\/\/news.sap.com\/latinamerica\/files\/2022\/02\/25\/291530_GettyImages-1193206398-copia.jpg","datePublished":"2022-07-09T21:16:28+00:00","dateModified":"2023-11-14T19:58:44+00:00","breadcrumb":{"@id":"https:\/\/news.sap.com\/latinamerica\/2022\/07\/concluye-la-segunda-edicion-del-diplomado-periodismo-en-la-economia-digital\/#breadcrumb"},"inLanguage":"es","potentialAction":[{"@type":"ReadAction","target":["https:\/\/news.sap.com\/latinamerica\/2022\/07\/concluye-la-segunda-edicion-del-diplomado-periodismo-en-la-economia-digital\/"]}]},{"@type":"ImageObject","inLanguage":"es","@id":"https:\/\/news.sap.com\/latinamerica\/2022\/07\/concluye-la-segunda-edicion-del-diplomado-periodismo-en-la-economia-digital\/#primaryimage","url":"https:\/\/news.sap.com\/latinamerica\/files\/2022\/02\/25\/291530_GettyImages-1193206398-copia.jpg","contentUrl":"https:\/\/news.sap.com\/latinamerica\/files\/2022\/02\/25\/291530_GettyImages-1193206398-copia.jpg","width":1921,"height":601,"caption":"Group of young people with smart phones, digital tablets and laptop sitting in a row in front of brick wall"},{"@type":"BreadcrumbList","@id":"https:\/\/news.sap.com\/latinamerica\/2022\/07\/concluye-la-segunda-edicion-del-diplomado-periodismo-en-la-economia-digital\/#breadcrumb","itemListElement":[{"@type":"ListItem","position":1,"name":"Home","item":"https:\/\/news.sap.com\/latinamerica\/"},{"@type":"ListItem","position":2,"name":"Concluye la segunda edici\u00f3n del diplomado \u201cPeriodismo en la Econom\u00eda Digital\u201d"}]},{"@type":"WebSite","@id":"https:\/\/news.sap.com\/latinamerica\/#website","url":"https:\/\/news.sap.com\/latinamerica\/","name":"麻豆原创 News Center Latinoam\u00e9rica","description":"Noticias e informaci\u00f3n sobre 麻豆原创","publisher":{"@id":"https:\/\/news.sap.com\/latinamerica\/#organization"},"potentialAction":[{"@type":"SearchAction","target":{"@type":"EntryPoint","urlTemplate":"https:\/\/news.sap.com\/latinamerica\/?s={search_term_string}"},"query-input":{"@type":"PropertyValueSpecification","valueRequired":true,"valueName":"search_term_string"}}],"inLanguage":"es"},{"@type":"Organization","@id":"https:\/\/news.sap.com\/latinamerica\/#organization","name":"麻豆原创","url":"https:\/\/news.sap.com\/latinamerica\/","logo":{"@type":"ImageObject","inLanguage":"es","@id":"https:\/\/news.sap.com\/latinamerica\/#\/schema\/logo\/image\/","url":"https:\/\/news.sap.com\/latinamerica\/files\/2019\/08\/65903320_2903797569662914_557886358778019840_n.png","contentUrl":"https:\/\/news.sap.com\/latinamerica\/files\/2019\/08\/65903320_2903797569662914_557886358778019840_n.png","width":720,"height":720,"caption":"麻豆原创"},"image":{"@id":"https:\/\/news.sap.com\/latinamerica\/#\/schema\/logo\/image\/"},"sameAs":["https:\/\/www.facebook.com\/麻豆原创latinoamerica","https:\/\/x.com\/麻豆原创LatinAmerica"]},{"@type":"Person","@id":"https:\/\/news.sap.com\/latinamerica\/#\/schema\/person\/5afd2cbf5bb622e078932b40a4470d47","name":"麻豆原创 Noticias","image":{"@type":"ImageObject","inLanguage":"es","@id":"https:\/\/news.sap.com\/latinamerica\/#\/schema\/person\/image\/","url":"https:\/\/news.sap.com\/latinamerica\/wp-content\/plugins\/wp-user-avatars\/wp-user-avatars\/assets\/images\/mystery.jpg","contentUrl":"https:\/\/news.sap.com\/latinamerica\/wp-content\/plugins\/wp-user-avatars\/wp-user-avatars\/assets\/images\/mystery.jpg","caption":"麻豆原创 Noticias"},"url":"https:\/\/news.sap.com\/latinamerica\/author\/mexico\/"}]}},"amp_enabled":true,"_links":{"self":[{"href":"https:\/\/news.sap.com\/latinamerica\/wp-json\/wp\/v2\/posts\/126172","targetHints":{"allow":["GET"]}}],"collection":[{"href":"https:\/\/news.sap.com\/latinamerica\/wp-json\/wp\/v2\/posts"}],"about":[{"href":"https:\/\/news.sap.com\/latinamerica\/wp-json\/wp\/v2\/types\/post"}],"author":[{"embeddable":true,"href":"https:\/\/news.sap.com\/latinamerica\/wp-json\/wp\/v2\/users\/136"}],"replies":[{"embeddable":true,"href":"https:\/\/news.sap.com\/latinamerica\/wp-json\/wp\/v2\/comments?post=126172"}],"version-history":[{"count":0,"href":"https:\/\/news.sap.com\/latinamerica\/wp-json\/wp\/v2\/posts\/126172\/revisions"}],"wp:featuredmedia":[{"embeddable":true,"href":"https:\/\/news.sap.com\/latinamerica\/wp-json\/wp\/v2\/media\/125502"}],"wp:attachment":[{"href":"https:\/\/news.sap.com\/latinamerica\/wp-json\/wp\/v2\/media?parent=126172"}],"wp:term":[{"taxonomy":"category","embeddable":true,"href":"https:\/\/news.sap.com\/latinamerica\/wp-json\/wp\/v2\/categories?post=126172"},{"taxonomy":"post_tag","embeddable":true,"href":"https:\/\/news.sap.com\/latinamerica\/wp-json\/wp\/v2\/tags?post=126172"},{"taxonomy":"series","embeddable":true,"href":"https:\/\/news.sap.com\/latinamerica\/wp-json\/wp\/v2\/series?post=126172"},{"taxonomy":"region","embeddable":true,"href":"https:\/\/news.sap.com\/latinamerica\/wp-json\/wp\/v2\/region?post=126172"},{"taxonomy":"sapn-display","embeddable":true,"href":"https:\/\/news.sap.com\/latinamerica\/wp-json\/wp\/v2\/sapn-display?post=126172"},{"taxonomy":"sapn-type","embeddable":true,"href":"https:\/\/news.sap.com\/latinamerica\/wp-json\/wp\/v2\/sapn-type?post=126172"}],"curies":[{"name":"wp","href":"https:\/\/api.w.org\/{rel}","templated":true}]}}