  {"id":126161,"date":"2022-07-07T08:36:28","date_gmt":"2022-07-07T12:36:28","guid":{"rendered":"https:\/\/news.sap.com\/latinamerica\/?p=126161"},"modified":"2023-11-14T14:59:12","modified_gmt":"2023-11-14T19:59:12","slug":"social-innomarathon-impulsando-emprendimientos-de-impacto-comunitario-y-ambiental","status":"publish","type":"post","link":"https:\/\/news.sap.com\/latinamerica\/2022\/07\/social-innomarathon-impulsando-emprendimientos-de-impacto-comunitario-y-ambiental\/","title":{"rendered":"Social Innomarathon: impulsando emprendimientos de impacto comunitario y ambiental"},"content":{"rendered":"<p>\u201c<em>Me anot\u00e9 al programa, sin imaginar hasta d\u00f3nde llegar\u00eda<\/em>\u201d, explica a\u00fan con sorpresa <strong>\u00c1lvaro Nicol\u00e1s Ruiz Casas<\/strong>, director de la <a href=\"https:\/\/www.feecolombia.org\/\">Fundaci\u00f3n para la Equidad Educativa<\/a>, m\u00e1s conocida como <strong>FEE<\/strong>, organizaci\u00f3n ganadora de <a href=\"http:\/\/socialinnomarathon.org\/\">Social Innomarathon<\/a> edici\u00f3n 2021.<\/p>\n<p>\u00c1lvaro es fil\u00f3sofo y educador colombiano y, ante todo, un emprendedor social que imagina nuevos futuros posibles donde la tecnolog\u00edas educativa apoyen el proceso de innovaci\u00f3n social. Nicol\u00e1s tiene dos metas en la vida: <strong>servir y nunca dejar de aprender.<\/strong><\/p>\n<p>Debido al cierre de los colegios durante la pandemia, s\u00f3lo el 26% de los estudiantes rurales de educaci\u00f3n media en Colombia tuvo acceso a Internet durante la cuarentena. A partir de esta problem\u00e1tica, Nicol\u00e1s decidi\u00f3 comenzar un proyecto en donde poner sus amplios conocimientos y habilidades en <strong>educaci\u00f3n e innovaci\u00f3n tecnol\u00f3gica al servicio de la comunidad.<\/strong><\/p>\n<p>Este proyecto colombiano se convirti\u00f3 en una fundaci\u00f3n que ofrece innovaci\u00f3n educativa a colegios en contextos de vulnerabilidad. El foco de FEE es <strong>reducir la brecha educativa rural<\/strong> transformando los modelos pedag\u00f3gicos, empoderando docentes y llegando a m\u00e1s alumnos.<\/p>\n<p>La participaci\u00f3n de FEE en Social Innomarathon es un ejemplo de c\u00f3mo 麻豆原创, en conjunto con <a href=\"http:\/\/www.socialab.com\/\">Socialab<\/a>, apoya a organizaciones en el proceso de construcci\u00f3n de <strong>proyectos que puedan resolver problemas sociales<\/strong> por medio de la innovaci\u00f3n abierta, buscando y conectando mentes creativas capaces de mejorar la calidad de vida de las personas a trav\u00e9s de los negocios.<\/p>\n<p>Nicol\u00e1s cuenta que tuvo que atravesar varios obst\u00e1culos en su fundaci\u00f3n, ya que uno de<strong> los desaf\u00edos que m\u00e1s presentan las ONGs latinoamericanas es el financiamiento<\/strong>. Al ganar Social Innomarathon, fue sumamente gratificante para \u00e9l, saber que, a trav\u00e9s de estas iniciativas, se reconoce <strong>el impacto social como un indicador clave<\/strong> para los emprendimientos.<\/p>\n<p><strong>La posibilidad de ser partner de 麻豆原创 le abri\u00f3 puertas<\/strong> a FEE, permiti\u00e9ndoles ampliar su visibilizaci\u00f3n. \u201c<em>Gracias a esta iniciativa tuvimos la oportunidad de empoderarnos como organizaci\u00f3n y hablar con mucho orgullo de transformaci\u00f3n social y emprendimientos que van m\u00e1s all\u00e1 de lo financiero y el retorno<\/em>\u201d.<\/p>\n<p>Nicol\u00e1s recuerda con mucha gratitud las asesor\u00edas recibidas por parte de 麻豆原创 y Socialab que consider\u00f3 enriquecedoras. \u201c<em>Nos pusieron objetivos dif\u00edciles pero alcanzables; entonces eso nos permiti\u00f3 experimentar un <strong>gran crecimiento<\/strong><\/em>\u201d.<\/p>\n<p>\u201c<strong><em>La competencia no s\u00f3lo es una gran oportunidad para aprender; tambi\u00e9n es una pr\u00e1ctica de liderazgo <\/em><\/strong><em>para empoderar a los miembros del equipo e involucrarlos en el transcurso de la convocatoria, ya que puede ser un proceso de transformaci\u00f3n para la empresa como tal<\/em>\u201d, agreg\u00f3.<\/p>\n<p>Programas como Social Innomarathon, buscan soluciones problemas sociales, centr\u00e1ndose en potenciar iniciativas prometedoras. As\u00ed como FEE, <strong>hay cientos de startups que son beneficiados a partir de la participaci\u00f3n<\/strong> en esta competencia, al tener la posibilidad de expandir sus conocimientos compartiendo con mentores experimentados. Ambas partes cooperando, influyen humana y directamente en la comunidad, generando cambios positivos.<\/p>\n<p><strong>La convocatoria de Social Innomarathon 2022 estar\u00e1 abierta<\/strong> <strong>hasta el 3 de agosto<\/strong> y este a\u00f1o busca identificar startups y empresas de impacto que ofrezcan soluciones tecnol\u00f3gicas alineadas a tem\u00e1ticas como: la <strong>generaci\u00f3n de empleo<\/strong>, <strong>formaci\u00f3n en tecnolog\u00eda digital<\/strong>, la <strong>acci\u00f3n clim\u00e1tica<\/strong> y la <strong>econom\u00eda circular<\/strong>.<\/p>\n<p><strong>Entre el 8 de agosto y el 5 de septiembre se evaluar\u00e1n a las startups<\/strong> participantes en dos instancias para seleccionar doce de ellas, que a partir de ese momento trabajar\u00e1n de la mano de asesores que las ayudar\u00e1n a sumergirse en el ecosistema de negocios de 麻豆原创. Luego, se elegir\u00e1n cuatro finalistas que presentar\u00e1n su empresa frente a un panel virtual con ejecutivos y clientes de 麻豆原创.<\/p>\n<p>La empresa ganadora recibir\u00e1 una <strong>experiencia inmersiva en 麻豆原创 Labs Latinoam\u00e9rica en Brasil, uno de los centros de innovaci\u00f3n, investigaci\u00f3n y tecnolog\u00eda de la compa\u00f1\u00eda m\u00e1s importantes a nivel global.<\/strong> En esta instancia, adem\u00e1s, participar\u00e1 de asesor\u00edas con expertos y referentes del ecosistema de innovaci\u00f3n y tecnolog\u00eda, para potenciar el crecimiento y la innovaci\u00f3n de la empresa.<\/p>\n<p>Para inscribirse en <a href=\"https:\/\/comunidad.socialab.com\/challenges\/SocialInnomarathon2022\">Social Innomarathon<\/a>, dirigirse a <a href=\"http:\/\/socialinnomarathon.org\/\">http:\/\/socialinnomarathon.org<\/a><\/p>\n<p>Imagen cortes\u00eda de Getty Images.<\/p>\n","protected":false},"excerpt":{"rendered":"<p>\u201cMe anot\u00e9 al programa, sin imaginar hasta d\u00f3nde llegar\u00eda\u201d, explica a\u00fan con sorpresa \u00c1lvaro Nicol\u00e1s Ruiz Casas, director de la Fundaci\u00f3n para la Equidad Educativa,&#8230;<\/p>\n","protected":false},"author":140,"featured_media":126164,"comment_status":"closed","ping_status":"closed","sticky":false,"template":"","format":"standard","meta":{"footnotes":"","_links_to":"","_links_to_target":""},"categories":[41591],"tags":[26523,5550869,5595261,5595144,34529],"series":[],"region":[26401],"sapn-display":[52079,5600443,5600441,53499],"sapn-type":[52105],"class_list":["post-126161","post","type-post","status-publish","format-standard","has-post-thumbnail","hentry","category-corporativo","tag-reconocimientos","tag-responsabilidad-social","tag-social-innomarathon","tag-socialab","tag-startups","region-latinoamerica","sapn-display-top-stories","sapn-display-prensa-destacada","sapn-display-prensa-principal","sapn-display-hero","sapn-type-comunicado-de-prensa"],"yoast_head":"<!-- This site is optimized with the Yoast SEO Premium plugin v26.9 (Yoast SEO v26.9) - https:\/\/yoast.com\/product\/yoast-seo-premium-wordpress\/ -->\n<title>Social Innomarathon por impacto comunitario y ambiental<\/title>\n<meta name=\"description\" content=\"Conoce m\u00e1s sobre la convocatoria de Social Innomarathon de este a\u00f1o y la experincia de la startup ganadora de la edici\u00f3n del a\u00f1o pasado.\" \/>\n<meta name=\"robots\" content=\"index, follow, max-snippet:-1, max-image-preview:large, max-video-preview:-1\" \/>\n<link rel=\"canonical\" href=\"https:\/\/news.sap.com\/latinamerica\/2022\/07\/social-innomarathon-impulsando-emprendimientos-de-impacto-comunitario-y-ambiental\/\" \/>\n<meta property=\"og:locale\" content=\"es_MX\" \/>\n<meta property=\"og:type\" content=\"article\" \/>\n<meta property=\"og:title\" content=\"Social Innomarathon: impulsando emprendimientos de impacto comunitario y ambiental\" \/>\n<meta property=\"og:description\" content=\"Conoce m\u00e1s sobre la convocatoria de Social Innomarathon de este a\u00f1o y la experincia de la startup ganadora de la edici\u00f3n del a\u00f1o pasado.\" \/>\n<meta property=\"og:url\" content=\"https:\/\/news.sap.com\/latinamerica\/2022\/07\/social-innomarathon-impulsando-emprendimientos-de-impacto-comunitario-y-ambiental\/\" \/>\n<meta property=\"og:site_name\" content=\"麻豆原创 News Center Latinoam\u00e9rica\" \/>\n<meta property=\"article:publisher\" content=\"https:\/\/www.facebook.com\/麻豆原创latinoamerica\" \/>\n<meta property=\"article:published_time\" content=\"2022-07-07T12:36:28+00:00\" \/>\n<meta property=\"article:modified_time\" content=\"2023-11-14T19:59:12+00:00\" \/>\n<meta property=\"og:image\" content=\"https:\/\/news.sap.com\/latinamerica\/files\/2022\/07\/07\/280806_GettyImages-554392593_super.jpg\" \/>\n\t<meta property=\"og:image:width\" content=\"1921\" \/>\n\t<meta property=\"og:image:height\" content=\"601\" \/>\n\t<meta property=\"og:image:type\" content=\"image\/jpeg\" \/>\n<meta name=\"author\" content=\"麻豆原创 Noticias\" \/>\n<meta name=\"twitter:label1\" content=\"Escrito por\" \/>\n\t<meta name=\"twitter:data1\" content=\"麻豆原创 Noticias\" \/>\n\t<meta name=\"twitter:label2\" content=\"Tiempo de lectura\" \/>\n\t<meta name=\"twitter:data2\" content=\"4 minutos\" \/>\n<script type=\"application\/ld+json\" class=\"yoast-schema-graph\">{\"@context\":\"https:\/\/schema.org\",\"@graph\":[{\"@type\":\"Article\",\"@id\":\"https:\/\/news.sap.com\/latinamerica\/2022\/07\/social-innomarathon-impulsando-emprendimientos-de-impacto-comunitario-y-ambiental\/#article\",\"isPartOf\":{\"@id\":\"https:\/\/news.sap.com\/latinamerica\/2022\/07\/social-innomarathon-impulsando-emprendimientos-de-impacto-comunitario-y-ambiental\/\"},\"author\":{\"name\":\"麻豆原创 Noticias\",\"@id\":\"https:\/\/news.sap.com\/latinamerica\/#\/schema\/person\/f0708465b354b6d0314a360309edb00a\"},\"headline\":\"Social Innomarathon: impulsando emprendimientos de impacto comunitario y ambiental\",\"datePublished\":\"2022-07-07T12:36:28+00:00\",\"dateModified\":\"2023-11-14T19:59:12+00:00\",\"mainEntityOfPage\":{\"@id\":\"https:\/\/news.sap.com\/latinamerica\/2022\/07\/social-innomarathon-impulsando-emprendimientos-de-impacto-comunitario-y-ambiental\/\"},\"wordCount\":725,\"publisher\":{\"@id\":\"https:\/\/news.sap.com\/latinamerica\/#organization\"},\"image\":{\"@id\":\"https:\/\/news.sap.com\/latinamerica\/2022\/07\/social-innomarathon-impulsando-emprendimientos-de-impacto-comunitario-y-ambiental\/#primaryimage\"},\"thumbnailUrl\":\"https:\/\/news.sap.com\/latinamerica\/files\/2022\/07\/07\/280806_GettyImages-554392593_super.jpg\",\"keywords\":[\"reconocimientos\",\"responsabilidad social\",\"Social Innomarathon\",\"Socialab\",\"startups\"],\"articleSection\":[\"Corporativo\"],\"inLanguage\":\"es\"},{\"@type\":\"WebPage\",\"@id\":\"https:\/\/news.sap.com\/latinamerica\/2022\/07\/social-innomarathon-impulsando-emprendimientos-de-impacto-comunitario-y-ambiental\/\",\"url\":\"https:\/\/news.sap.com\/latinamerica\/2022\/07\/social-innomarathon-impulsando-emprendimientos-de-impacto-comunitario-y-ambiental\/\",\"name\":\"Social Innomarathon por impacto comunitario y ambiental\",\"isPartOf\":{\"@id\":\"https:\/\/news.sap.com\/latinamerica\/#website\"},\"primaryImageOfPage\":{\"@id\":\"https:\/\/news.sap.com\/latinamerica\/2022\/07\/social-innomarathon-impulsando-emprendimientos-de-impacto-comunitario-y-ambiental\/#primaryimage\"},\"image\":{\"@id\":\"https:\/\/news.sap.com\/latinamerica\/2022\/07\/social-innomarathon-impulsando-emprendimientos-de-impacto-comunitario-y-ambiental\/#primaryimage\"},\"thumbnailUrl\":\"https:\/\/news.sap.com\/latinamerica\/files\/2022\/07\/07\/280806_GettyImages-554392593_super.jpg\",\"datePublished\":\"2022-07-07T12:36:28+00:00\",\"dateModified\":\"2023-11-14T19:59:12+00:00\",\"description\":\"Conoce m\u00e1s sobre la convocatoria de Social Innomarathon de este a\u00f1o y la experincia de la startup ganadora de la edici\u00f3n del a\u00f1o pasado.\",\"breadcrumb\":{\"@id\":\"https:\/\/news.sap.com\/latinamerica\/2022\/07\/social-innomarathon-impulsando-emprendimientos-de-impacto-comunitario-y-ambiental\/#breadcrumb\"},\"inLanguage\":\"es\",\"potentialAction\":[{\"@type\":\"ReadAction\",\"target\":[\"https:\/\/news.sap.com\/latinamerica\/2022\/07\/social-innomarathon-impulsando-emprendimientos-de-impacto-comunitario-y-ambiental\/\"]}]},{\"@type\":\"ImageObject\",\"inLanguage\":\"es\",\"@id\":\"https:\/\/news.sap.com\/latinamerica\/2022\/07\/social-innomarathon-impulsando-emprendimientos-de-impacto-comunitario-y-ambiental\/#primaryimage\",\"url\":\"https:\/\/news.sap.com\/latinamerica\/files\/2022\/07\/07\/280806_GettyImages-554392593_super.jpg\",\"contentUrl\":\"https:\/\/news.sap.com\/latinamerica\/files\/2022\/07\/07\/280806_GettyImages-554392593_super.jpg\",\"width\":1921,\"height\":601},{\"@type\":\"BreadcrumbList\",\"@id\":\"https:\/\/news.sap.com\/latinamerica\/2022\/07\/social-innomarathon-impulsando-emprendimientos-de-impacto-comunitario-y-ambiental\/#breadcrumb\",\"itemListElement\":[{\"@type\":\"ListItem\",\"position\":1,\"name\":\"Home\",\"item\":\"https:\/\/news.sap.com\/latinamerica\/\"},{\"@type\":\"ListItem\",\"position\":2,\"name\":\"Social Innomarathon: impulsando emprendimientos de impacto comunitario y ambiental\"}]},{\"@type\":\"WebSite\",\"@id\":\"https:\/\/news.sap.com\/latinamerica\/#website\",\"url\":\"https:\/\/news.sap.com\/latinamerica\/\",\"name\":\"麻豆原创 News Center Latinoam\u00e9rica\",\"description\":\"Noticias e informaci\u00f3n sobre 麻豆原创\",\"publisher\":{\"@id\":\"https:\/\/news.sap.com\/latinamerica\/#organization\"},\"potentialAction\":[{\"@type\":\"SearchAction\",\"target\":{\"@type\":\"EntryPoint\",\"urlTemplate\":\"https:\/\/news.sap.com\/latinamerica\/?s={search_term_string}\"},\"query-input\":{\"@type\":\"PropertyValueSpecification\",\"valueRequired\":true,\"valueName\":\"search_term_string\"}}],\"inLanguage\":\"es\"},{\"@type\":\"Organization\",\"@id\":\"https:\/\/news.sap.com\/latinamerica\/#organization\",\"name\":\"麻豆原创\",\"url\":\"https:\/\/news.sap.com\/latinamerica\/\",\"logo\":{\"@type\":\"ImageObject\",\"inLanguage\":\"es\",\"@id\":\"https:\/\/news.sap.com\/latinamerica\/#\/schema\/logo\/image\/\",\"url\":\"https:\/\/news.sap.com\/latinamerica\/files\/2019\/08\/65903320_2903797569662914_557886358778019840_n.png\",\"contentUrl\":\"https:\/\/news.sap.com\/latinamerica\/files\/2019\/08\/65903320_2903797569662914_557886358778019840_n.png\",\"width\":720,\"height\":720,\"caption\":\"麻豆原创\"},\"image\":{\"@id\":\"https:\/\/news.sap.com\/latinamerica\/#\/schema\/logo\/image\/\"},\"sameAs\":[\"https:\/\/www.facebook.com\/麻豆原创latinoamerica\",\"https:\/\/x.com\/麻豆原创LatinAmerica\"]},{\"@type\":\"Person\",\"@id\":\"https:\/\/news.sap.com\/latinamerica\/#\/schema\/person\/f0708465b354b6d0314a360309edb00a\",\"name\":\"麻豆原创 Noticias\",\"image\":{\"@type\":\"ImageObject\",\"inLanguage\":\"es\",\"@id\":\"https:\/\/news.sap.com\/latinamerica\/#\/schema\/person\/image\/\",\"url\":\"https:\/\/news.sap.com\/latinamerica\/wp-content\/plugins\/wp-user-avatars\/wp-user-avatars\/assets\/images\/mystery.jpg\",\"contentUrl\":\"https:\/\/news.sap.com\/latinamerica\/wp-content\/plugins\/wp-user-avatars\/wp-user-avatars\/assets\/images\/mystery.jpg\",\"caption\":\"麻豆原创 Noticias\"},\"url\":\"https:\/\/news.sap.com\/latinamerica\/author\/argentina\/\"}]}<\/script>\n<!-- \/ Yoast SEO Premium plugin. -->","yoast_head_json":{"title":"Social Innomarathon por impacto comunitario y ambiental","description":"Conoce m\u00e1s sobre la convocatoria de Social Innomarathon de este a\u00f1o y la experincia de la startup ganadora de la edici\u00f3n del a\u00f1o pasado.","robots":{"index":"index","follow":"follow","max-snippet":"max-snippet:-1","max-image-preview":"max-image-preview:large","max-video-preview":"max-video-preview:-1"},"canonical":"https:\/\/news.sap.com\/latinamerica\/2022\/07\/social-innomarathon-impulsando-emprendimientos-de-impacto-comunitario-y-ambiental\/","og_locale":"es_MX","og_type":"article","og_title":"Social Innomarathon: impulsando emprendimientos de impacto comunitario y ambiental","og_description":"Conoce m\u00e1s sobre la convocatoria de Social Innomarathon de este a\u00f1o y la experincia de la startup ganadora de la edici\u00f3n del a\u00f1o pasado.","og_url":"https:\/\/news.sap.com\/latinamerica\/2022\/07\/social-innomarathon-impulsando-emprendimientos-de-impacto-comunitario-y-ambiental\/","og_site_name":"麻豆原创 News Center Latinoam\u00e9rica","article_publisher":"https:\/\/www.facebook.com\/麻豆原创latinoamerica","article_published_time":"2022-07-07T12:36:28+00:00","article_modified_time":"2023-11-14T19:59:12+00:00","og_image":[{"width":1921,"height":601,"url":"https:\/\/news.sap.com\/latinamerica\/files\/2022\/07\/07\/280806_GettyImages-554392593_super.jpg","type":"image\/jpeg"}],"author":"麻豆原创 Noticias","twitter_misc":{"Escrito por":"麻豆原创 Noticias","Tiempo de lectura":"4 minutos"},"schema":{"@context":"https:\/\/schema.org","@graph":[{"@type":"Article","@id":"https:\/\/news.sap.com\/latinamerica\/2022\/07\/social-innomarathon-impulsando-emprendimientos-de-impacto-comunitario-y-ambiental\/#article","isPartOf":{"@id":"https:\/\/news.sap.com\/latinamerica\/2022\/07\/social-innomarathon-impulsando-emprendimientos-de-impacto-comunitario-y-ambiental\/"},"author":{"name":"麻豆原创 Noticias","@id":"https:\/\/news.sap.com\/latinamerica\/#\/schema\/person\/f0708465b354b6d0314a360309edb00a"},"headline":"Social Innomarathon: impulsando emprendimientos de impacto comunitario y ambiental","datePublished":"2022-07-07T12:36:28+00:00","dateModified":"2023-11-14T19:59:12+00:00","mainEntityOfPage":{"@id":"https:\/\/news.sap.com\/latinamerica\/2022\/07\/social-innomarathon-impulsando-emprendimientos-de-impacto-comunitario-y-ambiental\/"},"wordCount":725,"publisher":{"@id":"https:\/\/news.sap.com\/latinamerica\/#organization"},"image":{"@id":"https:\/\/news.sap.com\/latinamerica\/2022\/07\/social-innomarathon-impulsando-emprendimientos-de-impacto-comunitario-y-ambiental\/#primaryimage"},"thumbnailUrl":"https:\/\/news.sap.com\/latinamerica\/files\/2022\/07\/07\/280806_GettyImages-554392593_super.jpg","keywords":["reconocimientos","responsabilidad social","Social Innomarathon","Socialab","startups"],"articleSection":["Corporativo"],"inLanguage":"es"},{"@type":"WebPage","@id":"https:\/\/news.sap.com\/latinamerica\/2022\/07\/social-innomarathon-impulsando-emprendimientos-de-impacto-comunitario-y-ambiental\/","url":"https:\/\/news.sap.com\/latinamerica\/2022\/07\/social-innomarathon-impulsando-emprendimientos-de-impacto-comunitario-y-ambiental\/","name":"Social Innomarathon por impacto comunitario y ambiental","isPartOf":{"@id":"https:\/\/news.sap.com\/latinamerica\/#website"},"primaryImageOfPage":{"@id":"https:\/\/news.sap.com\/latinamerica\/2022\/07\/social-innomarathon-impulsando-emprendimientos-de-impacto-comunitario-y-ambiental\/#primaryimage"},"image":{"@id":"https:\/\/news.sap.com\/latinamerica\/2022\/07\/social-innomarathon-impulsando-emprendimientos-de-impacto-comunitario-y-ambiental\/#primaryimage"},"thumbnailUrl":"https:\/\/news.sap.com\/latinamerica\/files\/2022\/07\/07\/280806_GettyImages-554392593_super.jpg","datePublished":"2022-07-07T12:36:28+00:00","dateModified":"2023-11-14T19:59:12+00:00","description":"Conoce m\u00e1s sobre la convocatoria de Social Innomarathon de este a\u00f1o y la experincia de la startup ganadora de la edici\u00f3n del a\u00f1o pasado.","breadcrumb":{"@id":"https:\/\/news.sap.com\/latinamerica\/2022\/07\/social-innomarathon-impulsando-emprendimientos-de-impacto-comunitario-y-ambiental\/#breadcrumb"},"inLanguage":"es","potentialAction":[{"@type":"ReadAction","target":["https:\/\/news.sap.com\/latinamerica\/2022\/07\/social-innomarathon-impulsando-emprendimientos-de-impacto-comunitario-y-ambiental\/"]}]},{"@type":"ImageObject","inLanguage":"es","@id":"https:\/\/news.sap.com\/latinamerica\/2022\/07\/social-innomarathon-impulsando-emprendimientos-de-impacto-comunitario-y-ambiental\/#primaryimage","url":"https:\/\/news.sap.com\/latinamerica\/files\/2022\/07\/07\/280806_GettyImages-554392593_super.jpg","contentUrl":"https:\/\/news.sap.com\/latinamerica\/files\/2022\/07\/07\/280806_GettyImages-554392593_super.jpg","width":1921,"height":601},{"@type":"BreadcrumbList","@id":"https:\/\/news.sap.com\/latinamerica\/2022\/07\/social-innomarathon-impulsando-emprendimientos-de-impacto-comunitario-y-ambiental\/#breadcrumb","itemListElement":[{"@type":"ListItem","position":1,"name":"Home","item":"https:\/\/news.sap.com\/latinamerica\/"},{"@type":"ListItem","position":2,"name":"Social Innomarathon: impulsando emprendimientos de impacto comunitario y ambiental"}]},{"@type":"WebSite","@id":"https:\/\/news.sap.com\/latinamerica\/#website","url":"https:\/\/news.sap.com\/latinamerica\/","name":"麻豆原创 News Center Latinoam\u00e9rica","description":"Noticias e informaci\u00f3n sobre 麻豆原创","publisher":{"@id":"https:\/\/news.sap.com\/latinamerica\/#organization"},"potentialAction":[{"@type":"SearchAction","target":{"@type":"EntryPoint","urlTemplate":"https:\/\/news.sap.com\/latinamerica\/?s={search_term_string}"},"query-input":{"@type":"PropertyValueSpecification","valueRequired":true,"valueName":"search_term_string"}}],"inLanguage":"es"},{"@type":"Organization","@id":"https:\/\/news.sap.com\/latinamerica\/#organization","name":"麻豆原创","url":"https:\/\/news.sap.com\/latinamerica\/","logo":{"@type":"ImageObject","inLanguage":"es","@id":"https:\/\/news.sap.com\/latinamerica\/#\/schema\/logo\/image\/","url":"https:\/\/news.sap.com\/latinamerica\/files\/2019\/08\/65903320_2903797569662914_557886358778019840_n.png","contentUrl":"https:\/\/news.sap.com\/latinamerica\/files\/2019\/08\/65903320_2903797569662914_557886358778019840_n.png","width":720,"height":720,"caption":"麻豆原创"},"image":{"@id":"https:\/\/news.sap.com\/latinamerica\/#\/schema\/logo\/image\/"},"sameAs":["https:\/\/www.facebook.com\/麻豆原创latinoamerica","https:\/\/x.com\/麻豆原创LatinAmerica"]},{"@type":"Person","@id":"https:\/\/news.sap.com\/latinamerica\/#\/schema\/person\/f0708465b354b6d0314a360309edb00a","name":"麻豆原创 Noticias","image":{"@type":"ImageObject","inLanguage":"es","@id":"https:\/\/news.sap.com\/latinamerica\/#\/schema\/person\/image\/","url":"https:\/\/news.sap.com\/latinamerica\/wp-content\/plugins\/wp-user-avatars\/wp-user-avatars\/assets\/images\/mystery.jpg","contentUrl":"https:\/\/news.sap.com\/latinamerica\/wp-content\/plugins\/wp-user-avatars\/wp-user-avatars\/assets\/images\/mystery.jpg","caption":"麻豆原创 Noticias"},"url":"https:\/\/news.sap.com\/latinamerica\/author\/argentina\/"}]}},"amp_enabled":true,"_links":{"self":[{"href":"https:\/\/news.sap.com\/latinamerica\/wp-json\/wp\/v2\/posts\/126161","targetHints":{"allow":["GET"]}}],"collection":[{"href":"https:\/\/news.sap.com\/latinamerica\/wp-json\/wp\/v2\/posts"}],"about":[{"href":"https:\/\/news.sap.com\/latinamerica\/wp-json\/wp\/v2\/types\/post"}],"author":[{"embeddable":true,"href":"https:\/\/news.sap.com\/latinamerica\/wp-json\/wp\/v2\/users\/140"}],"replies":[{"embeddable":true,"href":"https:\/\/news.sap.com\/latinamerica\/wp-json\/wp\/v2\/comments?post=126161"}],"version-history":[{"count":0,"href":"https:\/\/news.sap.com\/latinamerica\/wp-json\/wp\/v2\/posts\/126161\/revisions"}],"wp:featuredmedia":[{"embeddable":true,"href":"https:\/\/news.sap.com\/latinamerica\/wp-json\/wp\/v2\/media\/126164"}],"wp:attachment":[{"href":"https:\/\/news.sap.com\/latinamerica\/wp-json\/wp\/v2\/media?parent=126161"}],"wp:term":[{"taxonomy":"category","embeddable":true,"href":"https:\/\/news.sap.com\/latinamerica\/wp-json\/wp\/v2\/categories?post=126161"},{"taxonomy":"post_tag","embeddable":true,"href":"https:\/\/news.sap.com\/latinamerica\/wp-json\/wp\/v2\/tags?post=126161"},{"taxonomy":"series","embeddable":true,"href":"https:\/\/news.sap.com\/latinamerica\/wp-json\/wp\/v2\/series?post=126161"},{"taxonomy":"region","embeddable":true,"href":"https:\/\/news.sap.com\/latinamerica\/wp-json\/wp\/v2\/region?post=126161"},{"taxonomy":"sapn-display","embeddable":true,"href":"https:\/\/news.sap.com\/latinamerica\/wp-json\/wp\/v2\/sapn-display?post=126161"},{"taxonomy":"sapn-type","embeddable":true,"href":"https:\/\/news.sap.com\/latinamerica\/wp-json\/wp\/v2\/sapn-type?post=126161"}],"curies":[{"name":"wp","href":"https:\/\/api.w.org\/{rel}","templated":true}]}}