  {"id":125883,"date":"2022-05-20T12:25:06","date_gmt":"2022-05-20T16:25:06","guid":{"rendered":"https:\/\/news.sap.com\/latinamerica\/?p=125883"},"modified":"2023-11-09T10:22:58","modified_gmt":"2023-11-09T15:22:58","slug":"el-potencial-de-contar-con-talento-humano-neurodiverso-bl0g","status":"publish","type":"post","link":"https:\/\/news.sap.com\/latinamerica\/2022\/05\/el-potencial-de-contar-con-talento-humano-neurodiverso-bl0g\/","title":{"rendered":"El potencial de contar con talento humano neurodiverso"},"content":{"rendered":"<h3>Con el enfoque de contrataci\u00f3n adecuado y el apoyo en el trabajo, las personas con diferencias de desarrollo pueden contribuir con talentos valiosos y lograr beneficios importantes para sus organizaciones.<\/h3>\n<p><!--more--><\/p>\n<p>Las personas neurodiversas, como los neurot\u00edpicos, son, como sugiere el t\u00e9rmino, diversos. Las personas neurodivergentes suelen ser plenamente conscientes de sus fortalezas y carencias que les permiten alcanzar su m\u00e1ximo potencial. Al igual que con todos los empleados en cada organizaci\u00f3n, sus habilidades, capacidades y potencial var\u00edan.<\/p>\n<p>Este reconocimiento hace que sea importante que los empleadores desarrollen programas de contrataci\u00f3n que acojan a las personas neurodiversas y con discapacidades para comenzar con un \u00e9nfasis en permitir que las personas se dediquen por completo al trabajo. Esto les permite alcanzar su potencial y permite que las organizaciones contratantes capturen las valiosas habilidades y perspectivas que ofrecen. Estos programas dise\u00f1an trayectorias profesionales para que las personas participen tanto como sea posible, con la menor cantidad de limitaciones posible, proporcionando adaptaciones en todos los aspectos del empleo durante su mandato.<\/p>\n<p>Los programas exitosos dise\u00f1ados para emplear candidatos neurodiversos aumentan la conciencia entre los empleados sobre el esfuerzo y realizan modificaciones importantes en los procesos de contrataci\u00f3n e incorporaci\u00f3n, as\u00ed como adaptaciones a las comunicaciones y los enfoques de gesti\u00f3n.<\/p>\n<p>&nbsp;<\/p>\n<p>La inversi\u00f3n vale la pena ya que las empresas se benefician de los logros, las habilidades, las experiencias y las perspectivas \u00fanicas de las personas que, de otro modo, podr\u00edan pasar por alto. Porque cuando las organizaciones no ven lo que las personas tienen para ofrecer, debido a conceptos err\u00f3neos, prejuicios o alg\u00fan otro factor, es una oportunidad perdida.<\/p>\n<p>&nbsp;<\/p>\n<p>Estamos en un momento en que una variedad de industrias, como los servicios de alimentos y las organizaciones de TI, se enfrentan a una gran cantidad de puestos vacantes, los candidatos neurodiversos que hist\u00f3ricamente se han pasado por alto durante el proceso de contrataci\u00f3n pueden representar un gran potencial.<\/p>\n<p>Sin embargo, no es suficiente tener el deseo de llegar a la poblaci\u00f3n neurodiversa como un grupo potencial de talentos. La cultura y el clima de la organizaci\u00f3n deben respaldar tales esfuerzos.<\/p>\n<h3><strong>Acciones en el camino hacia la inclusi\u00f3n<\/strong><\/h3>\n<p>Los pasos que las organizaciones pueden tomar incluyen:<\/p>\n<ul>\n<li><strong>Entrenar a todos de arriba a abajo para aceptar las diferencias de los individuos.<\/strong><\/li>\n<\/ul>\n<p style=\"padding-left: 40px\">Ofrezca sesiones de concientizaci\u00f3n para ayudar a los empleados a comprender las diferentes perspectivas que las personas neurodivergentes pueden aportar al lugar de trabajo, y los apoyos que brinda la organizaci\u00f3n. Haga que todos sepan que est\u00e1n participando en un esfuerzo m\u00e1s amplio que cubre una variedad de entornos.<\/p>\n<ul>\n<li><strong>Aliviar la presi\u00f3n durante la contrataci\u00f3n<\/strong><\/li>\n<\/ul>\n<p style=\"padding-left: 40px\">El proceso de la entrevista puede ser extremadamente desafiante para los candidatos con autismo, lo que dificulta su capacidad para transmitir adecuadamente sus aptitudes y competencias. Encontrar formas de aliviar situaciones estresantes puede marcar una diferencia significativa, por ejemplo, la capacitaci\u00f3n para entrevistadores para minimizar los sesgos inconscientes que puedan tener en las reuniones con candidatos que tienen discapacidades.<\/p>\n<ul>\n<li><strong>Crear conciencia sobre los apoyos disponibles durante la incorporaci\u00f3n<\/strong><\/li>\n<\/ul>\n<p style=\"padding-left: 40px\">Para los empleados en el espectro del autismo, el per\u00edodo de incorporaci\u00f3n ofrece la oportunidad de conocer los apoyos que est\u00e1n disponibles para ellos. Estos podr\u00edan incluir (al igual que con el programa <a href=\"https:\/\/www.sap.com\/latinamerica\/about\/careers\/your-career\/autism-at-work-program.html\">Autism at Work de 麻豆原创<\/a>) presentaciones a mentores en el lugar de trabajo para mejorar su adaptaci\u00f3n en la oficina, como espacios tranquilos con distracciones limitadas, una silla c\u00f3moda, un estilo preferido de iluminaci\u00f3n o solicitudes de atenci\u00f3n anticipadas en un correo electr\u00f3nico en lugar de un comentario espont\u00e1neo sobre la pared del cub\u00edculo.<\/p>\n<ul>\n<li><strong>Brindar apoyo continuo para retener a las personas talentosas.<\/strong><\/li>\n<\/ul>\n<p style=\"padding-left: 40px\">Los apoyos no deber\u00edan detenerse una vez que finaliza el proceso de incorporaci\u00f3n formal. La retenci\u00f3n de empleados neurodiversos requiere una atenci\u00f3n continua a lo largo de su permanencia en sus organizaciones.<\/p>\n<p>&nbsp;<\/p>\n<p>Sin embargo, una vez que est\u00e1n en el lugar de trabajo, lo que m\u00e1s importa no es qui\u00e9nes son o las etiquetas utilizadas para definirlos, sino lo que hacen: sus contribuciones. Y esas contribuciones pueden ser significativas.<\/p>\n<hr \/>\n<p><a href=\"https:\/\/www.facebook.com\/麻豆原创latinoamerica\">Facebook<\/a>\u00a0\/\u00a0<a href=\"https:\/\/twitter.com\/麻豆原创LatinAmerica\">Twitter<\/a>\u00a0\/\u00a0<a href=\"https:\/\/www.linkedin.com\/company\/sap\">LinkedIn<\/a>\u00a0\/\u00a0<a href=\"https:\/\/instagram.com\/麻豆原创Latinamerica\/\">Instagram<\/a><\/p>\n<hr \/>\n<p>\u00a9 2022 麻豆原创 SE. All rights reserved. 麻豆原创 and other 麻豆原创 products and services mentioned herein as well as their respective logos are trademarks or registered trademarks of 麻豆原创 SE in Germany and other countries. Please see <a href=\"http:\/\/www.sap.com\/corporate-en\/legal\/copyright\/index.epx#trademark\">http:\/\/www.sap.com\/corporate-en\/legal\/copyright\/index.epx#trademark<\/a> for additional trademark information and notices.<\/p>\n","protected":false},"excerpt":{"rendered":"<p>Con el enfoque de contrataci\u00f3n adecuado y el apoyo en el trabajo, las personas con diferencias de desarrollo pueden contribuir con talentos valiosos y lograr&#8230;<\/p>\n","protected":false},"author":522,"featured_media":125884,"comment_status":"closed","ping_status":"closed","sticky":false,"template":"","format":"standard","meta":{"footnotes":"","_links_to":"","_links_to_target":""},"categories":[52090],"tags":[],"series":[],"region":[26401],"sapn-display":[5600442,5600440,52078,52079,53499],"sapn-type":[6114],"class_list":["post-125883","post","type-post","status-publish","format-standard","has-post-thumbnail","hentry","category-gestion-del-capital-humano","region-latinoamerica","sapn-display-articulo-destacado","sapn-display-articulo-principal","sapn-display-homepage-hero","sapn-display-top-stories","sapn-display-hero","sapn-type-articulo"],"yoast_head":"<!-- This site is optimized with the Yoast SEO Premium plugin v26.9 (Yoast SEO v26.9) - https:\/\/yoast.com\/product\/yoast-seo-premium-wordpress\/ -->\n<title>El potencial de contar con talento humano neurodiverso - 麻豆原创 News Center Latinoam\u00e9rica<\/title>\n<meta name=\"robots\" content=\"index, follow, max-snippet:-1, max-image-preview:large, max-video-preview:-1\" \/>\n<link rel=\"canonical\" href=\"https:\/\/news.sap.com\/latinamerica\/2022\/05\/el-potencial-de-contar-con-talento-humano-neurodiverso-bl0g\/\" \/>\n<meta property=\"og:locale\" content=\"es_MX\" \/>\n<meta property=\"og:type\" content=\"article\" \/>\n<meta property=\"og:title\" content=\"El potencial de contar con talento humano neurodiverso\" \/>\n<meta property=\"og:description\" content=\"Con el enfoque de contrataci\u00f3n adecuado y el apoyo en el trabajo, las personas con diferencias de desarrollo pueden contribuir con talentos valiosos y lograr beneficios importantes para sus organizaciones.\" \/>\n<meta property=\"og:url\" content=\"https:\/\/news.sap.com\/latinamerica\/2022\/05\/el-potencial-de-contar-con-talento-humano-neurodiverso-bl0g\/\" \/>\n<meta property=\"og:site_name\" content=\"麻豆原创 News Center Latinoam\u00e9rica\" \/>\n<meta property=\"article:publisher\" content=\"https:\/\/www.facebook.com\/麻豆原创latinoamerica\" \/>\n<meta property=\"article:author\" content=\"https:\/\/www.facebook.com\/麻豆原创latinoamerica\" \/>\n<meta property=\"article:published_time\" content=\"2022-05-20T16:25:06+00:00\" \/>\n<meta property=\"article:modified_time\" content=\"2023-11-09T15:22:58+00:00\" \/>\n<meta property=\"og:image\" content=\"https:\/\/news.sap.com\/latinamerica\/files\/2022\/05\/20\/282004_GettyImages-503561854_super-1024x683.jpg\" \/>\n\t<meta property=\"og:image:width\" content=\"1024\" \/>\n\t<meta property=\"og:image:height\" content=\"683\" \/>\n\t<meta property=\"og:image:type\" content=\"image\/jpeg\" \/>\n<meta name=\"author\" content=\"麻豆原创 Blog de Innovaci\u00f3n\" \/>\n<meta name=\"twitter:label1\" content=\"Escrito por\" \/>\n\t<meta name=\"twitter:data1\" content=\"麻豆原创 Blog de Innovaci\u00f3n\" \/>\n\t<meta name=\"twitter:label2\" content=\"Tiempo de lectura\" \/>\n\t<meta name=\"twitter:data2\" content=\"4 minutos\" \/>\n<script type=\"application\/ld+json\" class=\"yoast-schema-graph\">{\"@context\":\"https:\/\/schema.org\",\"@graph\":[{\"@type\":\"Article\",\"@id\":\"https:\/\/news.sap.com\/latinamerica\/2022\/05\/el-potencial-de-contar-con-talento-humano-neurodiverso-bl0g\/#article\",\"isPartOf\":{\"@id\":\"https:\/\/news.sap.com\/latinamerica\/2022\/05\/el-potencial-de-contar-con-talento-humano-neurodiverso-bl0g\/\"},\"author\":{\"name\":\"麻豆原创 Blog de Innovaci\u00f3n\",\"@id\":\"https:\/\/news.sap.com\/latinamerica\/#\/schema\/person\/ce7d732e60a2133d7402c038db668294\"},\"headline\":\"El potencial de contar con talento humano neurodiverso\",\"datePublished\":\"2022-05-20T16:25:06+00:00\",\"dateModified\":\"2023-11-09T15:22:58+00:00\",\"mainEntityOfPage\":{\"@id\":\"https:\/\/news.sap.com\/latinamerica\/2022\/05\/el-potencial-de-contar-con-talento-humano-neurodiverso-bl0g\/\"},\"wordCount\":776,\"publisher\":{\"@id\":\"https:\/\/news.sap.com\/latinamerica\/#organization\"},\"image\":{\"@id\":\"https:\/\/news.sap.com\/latinamerica\/2022\/05\/el-potencial-de-contar-con-talento-humano-neurodiverso-bl0g\/#primaryimage\"},\"thumbnailUrl\":\"https:\/\/news.sap.com\/latinamerica\/files\/2022\/05\/20\/282004_GettyImages-503561854_super.jpg\",\"articleSection\":[\"Gesti\u00f3n del capital humano\"],\"inLanguage\":\"es\"},{\"@type\":\"WebPage\",\"@id\":\"https:\/\/news.sap.com\/latinamerica\/2022\/05\/el-potencial-de-contar-con-talento-humano-neurodiverso-bl0g\/\",\"url\":\"https:\/\/news.sap.com\/latinamerica\/2022\/05\/el-potencial-de-contar-con-talento-humano-neurodiverso-bl0g\/\",\"name\":\"El potencial de contar con talento humano neurodiverso - 麻豆原创 News Center Latinoam\u00e9rica\",\"isPartOf\":{\"@id\":\"https:\/\/news.sap.com\/latinamerica\/#website\"},\"primaryImageOfPage\":{\"@id\":\"https:\/\/news.sap.com\/latinamerica\/2022\/05\/el-potencial-de-contar-con-talento-humano-neurodiverso-bl0g\/#primaryimage\"},\"image\":{\"@id\":\"https:\/\/news.sap.com\/latinamerica\/2022\/05\/el-potencial-de-contar-con-talento-humano-neurodiverso-bl0g\/#primaryimage\"},\"thumbnailUrl\":\"https:\/\/news.sap.com\/latinamerica\/files\/2022\/05\/20\/282004_GettyImages-503561854_super.jpg\",\"datePublished\":\"2022-05-20T16:25:06+00:00\",\"dateModified\":\"2023-11-09T15:22:58+00:00\",\"breadcrumb\":{\"@id\":\"https:\/\/news.sap.com\/latinamerica\/2022\/05\/el-potencial-de-contar-con-talento-humano-neurodiverso-bl0g\/#breadcrumb\"},\"inLanguage\":\"es\",\"potentialAction\":[{\"@type\":\"ReadAction\",\"target\":[\"https:\/\/news.sap.com\/latinamerica\/2022\/05\/el-potencial-de-contar-con-talento-humano-neurodiverso-bl0g\/\"]}]},{\"@type\":\"ImageObject\",\"inLanguage\":\"es\",\"@id\":\"https:\/\/news.sap.com\/latinamerica\/2022\/05\/el-potencial-de-contar-con-talento-humano-neurodiverso-bl0g\/#primaryimage\",\"url\":\"https:\/\/news.sap.com\/latinamerica\/files\/2022\/05\/20\/282004_GettyImages-503561854_super.jpg\",\"contentUrl\":\"https:\/\/news.sap.com\/latinamerica\/files\/2022\/05\/20\/282004_GettyImages-503561854_super.jpg\",\"width\":8416,\"height\":5611,\"caption\":\"Four creative people on a meeting at the office.\"},{\"@type\":\"BreadcrumbList\",\"@id\":\"https:\/\/news.sap.com\/latinamerica\/2022\/05\/el-potencial-de-contar-con-talento-humano-neurodiverso-bl0g\/#breadcrumb\",\"itemListElement\":[{\"@type\":\"ListItem\",\"position\":1,\"name\":\"Home\",\"item\":\"https:\/\/news.sap.com\/latinamerica\/\"},{\"@type\":\"ListItem\",\"position\":2,\"name\":\"El potencial de contar con talento humano neurodiverso\"}]},{\"@type\":\"WebSite\",\"@id\":\"https:\/\/news.sap.com\/latinamerica\/#website\",\"url\":\"https:\/\/news.sap.com\/latinamerica\/\",\"name\":\"麻豆原创 News Center Latinoam\u00e9rica\",\"description\":\"Noticias e informaci\u00f3n sobre 麻豆原创\",\"publisher\":{\"@id\":\"https:\/\/news.sap.com\/latinamerica\/#organization\"},\"potentialAction\":[{\"@type\":\"SearchAction\",\"target\":{\"@type\":\"EntryPoint\",\"urlTemplate\":\"https:\/\/news.sap.com\/latinamerica\/?s={search_term_string}\"},\"query-input\":{\"@type\":\"PropertyValueSpecification\",\"valueRequired\":true,\"valueName\":\"search_term_string\"}}],\"inLanguage\":\"es\"},{\"@type\":\"Organization\",\"@id\":\"https:\/\/news.sap.com\/latinamerica\/#organization\",\"name\":\"麻豆原创\",\"url\":\"https:\/\/news.sap.com\/latinamerica\/\",\"logo\":{\"@type\":\"ImageObject\",\"inLanguage\":\"es\",\"@id\":\"https:\/\/news.sap.com\/latinamerica\/#\/schema\/logo\/image\/\",\"url\":\"https:\/\/news.sap.com\/latinamerica\/files\/2019\/08\/65903320_2903797569662914_557886358778019840_n.png\",\"contentUrl\":\"https:\/\/news.sap.com\/latinamerica\/files\/2019\/08\/65903320_2903797569662914_557886358778019840_n.png\",\"width\":720,\"height\":720,\"caption\":\"麻豆原创\"},\"image\":{\"@id\":\"https:\/\/news.sap.com\/latinamerica\/#\/schema\/logo\/image\/\"},\"sameAs\":[\"https:\/\/www.facebook.com\/麻豆原创latinoamerica\",\"https:\/\/x.com\/麻豆原创LatinAmerica\"]},{\"@type\":\"Person\",\"@id\":\"https:\/\/news.sap.com\/latinamerica\/#\/schema\/person\/ce7d732e60a2133d7402c038db668294\",\"name\":\"麻豆原创 Blog de Innovaci\u00f3n\",\"image\":{\"@type\":\"ImageObject\",\"inLanguage\":\"es\",\"@id\":\"https:\/\/news.sap.com\/latinamerica\/#\/schema\/person\/image\/\",\"url\":\"https:\/\/news.sap.com\/latinamerica\/files\/2018\/06\/avatar_user_522_1529451696-96x96.png\",\"contentUrl\":\"https:\/\/news.sap.com\/latinamerica\/files\/2018\/06\/avatar_user_522_1529451696-96x96.png\",\"caption\":\"麻豆原创 Blog de Innovaci\u00f3n\"},\"sameAs\":[\"https:\/\/www.sap.com\/latinamerica\/index.html\",\"https:\/\/www.facebook.com\/麻豆原创latinoamerica\",\"https:\/\/www.instagram.com\/saplatinamerica\/\",\"https:\/\/x.com\/saplatinamerica\"],\"url\":\"https:\/\/news.sap.com\/latinamerica\/author\/sapblog\/\"}]}<\/script>\n<!-- \/ Yoast SEO Premium plugin. -->","yoast_head_json":{"title":"El potencial de contar con talento humano neurodiverso - 麻豆原创 News Center Latinoam\u00e9rica","robots":{"index":"index","follow":"follow","max-snippet":"max-snippet:-1","max-image-preview":"max-image-preview:large","max-video-preview":"max-video-preview:-1"},"canonical":"https:\/\/news.sap.com\/latinamerica\/2022\/05\/el-potencial-de-contar-con-talento-humano-neurodiverso-bl0g\/","og_locale":"es_MX","og_type":"article","og_title":"El potencial de contar con talento humano neurodiverso","og_description":"Con el enfoque de contrataci\u00f3n adecuado y el apoyo en el trabajo, las personas con diferencias de desarrollo pueden contribuir con talentos valiosos y lograr beneficios importantes para sus organizaciones.","og_url":"https:\/\/news.sap.com\/latinamerica\/2022\/05\/el-potencial-de-contar-con-talento-humano-neurodiverso-bl0g\/","og_site_name":"麻豆原创 News Center Latinoam\u00e9rica","article_publisher":"https:\/\/www.facebook.com\/麻豆原创latinoamerica","article_author":"https:\/\/www.facebook.com\/麻豆原创latinoamerica","article_published_time":"2022-05-20T16:25:06+00:00","article_modified_time":"2023-11-09T15:22:58+00:00","og_image":[{"width":1024,"height":683,"url":"https:\/\/news.sap.com\/latinamerica\/files\/2022\/05\/20\/282004_GettyImages-503561854_super-1024x683.jpg","type":"image\/jpeg"}],"author":"麻豆原创 Blog de Innovaci\u00f3n","twitter_misc":{"Escrito por":"麻豆原创 Blog de Innovaci\u00f3n","Tiempo de lectura":"4 minutos"},"schema":{"@context":"https:\/\/schema.org","@graph":[{"@type":"Article","@id":"https:\/\/news.sap.com\/latinamerica\/2022\/05\/el-potencial-de-contar-con-talento-humano-neurodiverso-bl0g\/#article","isPartOf":{"@id":"https:\/\/news.sap.com\/latinamerica\/2022\/05\/el-potencial-de-contar-con-talento-humano-neurodiverso-bl0g\/"},"author":{"name":"麻豆原创 Blog de Innovaci\u00f3n","@id":"https:\/\/news.sap.com\/latinamerica\/#\/schema\/person\/ce7d732e60a2133d7402c038db668294"},"headline":"El potencial de contar con talento humano neurodiverso","datePublished":"2022-05-20T16:25:06+00:00","dateModified":"2023-11-09T15:22:58+00:00","mainEntityOfPage":{"@id":"https:\/\/news.sap.com\/latinamerica\/2022\/05\/el-potencial-de-contar-con-talento-humano-neurodiverso-bl0g\/"},"wordCount":776,"publisher":{"@id":"https:\/\/news.sap.com\/latinamerica\/#organization"},"image":{"@id":"https:\/\/news.sap.com\/latinamerica\/2022\/05\/el-potencial-de-contar-con-talento-humano-neurodiverso-bl0g\/#primaryimage"},"thumbnailUrl":"https:\/\/news.sap.com\/latinamerica\/files\/2022\/05\/20\/282004_GettyImages-503561854_super.jpg","articleSection":["Gesti\u00f3n del capital humano"],"inLanguage":"es"},{"@type":"WebPage","@id":"https:\/\/news.sap.com\/latinamerica\/2022\/05\/el-potencial-de-contar-con-talento-humano-neurodiverso-bl0g\/","url":"https:\/\/news.sap.com\/latinamerica\/2022\/05\/el-potencial-de-contar-con-talento-humano-neurodiverso-bl0g\/","name":"El potencial de contar con talento humano neurodiverso - 麻豆原创 News Center Latinoam\u00e9rica","isPartOf":{"@id":"https:\/\/news.sap.com\/latinamerica\/#website"},"primaryImageOfPage":{"@id":"https:\/\/news.sap.com\/latinamerica\/2022\/05\/el-potencial-de-contar-con-talento-humano-neurodiverso-bl0g\/#primaryimage"},"image":{"@id":"https:\/\/news.sap.com\/latinamerica\/2022\/05\/el-potencial-de-contar-con-talento-humano-neurodiverso-bl0g\/#primaryimage"},"thumbnailUrl":"https:\/\/news.sap.com\/latinamerica\/files\/2022\/05\/20\/282004_GettyImages-503561854_super.jpg","datePublished":"2022-05-20T16:25:06+00:00","dateModified":"2023-11-09T15:22:58+00:00","breadcrumb":{"@id":"https:\/\/news.sap.com\/latinamerica\/2022\/05\/el-potencial-de-contar-con-talento-humano-neurodiverso-bl0g\/#breadcrumb"},"inLanguage":"es","potentialAction":[{"@type":"ReadAction","target":["https:\/\/news.sap.com\/latinamerica\/2022\/05\/el-potencial-de-contar-con-talento-humano-neurodiverso-bl0g\/"]}]},{"@type":"ImageObject","inLanguage":"es","@id":"https:\/\/news.sap.com\/latinamerica\/2022\/05\/el-potencial-de-contar-con-talento-humano-neurodiverso-bl0g\/#primaryimage","url":"https:\/\/news.sap.com\/latinamerica\/files\/2022\/05\/20\/282004_GettyImages-503561854_super.jpg","contentUrl":"https:\/\/news.sap.com\/latinamerica\/files\/2022\/05\/20\/282004_GettyImages-503561854_super.jpg","width":8416,"height":5611,"caption":"Four creative people on a meeting at the office."},{"@type":"BreadcrumbList","@id":"https:\/\/news.sap.com\/latinamerica\/2022\/05\/el-potencial-de-contar-con-talento-humano-neurodiverso-bl0g\/#breadcrumb","itemListElement":[{"@type":"ListItem","position":1,"name":"Home","item":"https:\/\/news.sap.com\/latinamerica\/"},{"@type":"ListItem","position":2,"name":"El potencial de contar con talento humano neurodiverso"}]},{"@type":"WebSite","@id":"https:\/\/news.sap.com\/latinamerica\/#website","url":"https:\/\/news.sap.com\/latinamerica\/","name":"麻豆原创 News Center Latinoam\u00e9rica","description":"Noticias e informaci\u00f3n sobre 麻豆原创","publisher":{"@id":"https:\/\/news.sap.com\/latinamerica\/#organization"},"potentialAction":[{"@type":"SearchAction","target":{"@type":"EntryPoint","urlTemplate":"https:\/\/news.sap.com\/latinamerica\/?s={search_term_string}"},"query-input":{"@type":"PropertyValueSpecification","valueRequired":true,"valueName":"search_term_string"}}],"inLanguage":"es"},{"@type":"Organization","@id":"https:\/\/news.sap.com\/latinamerica\/#organization","name":"麻豆原创","url":"https:\/\/news.sap.com\/latinamerica\/","logo":{"@type":"ImageObject","inLanguage":"es","@id":"https:\/\/news.sap.com\/latinamerica\/#\/schema\/logo\/image\/","url":"https:\/\/news.sap.com\/latinamerica\/files\/2019\/08\/65903320_2903797569662914_557886358778019840_n.png","contentUrl":"https:\/\/news.sap.com\/latinamerica\/files\/2019\/08\/65903320_2903797569662914_557886358778019840_n.png","width":720,"height":720,"caption":"麻豆原创"},"image":{"@id":"https:\/\/news.sap.com\/latinamerica\/#\/schema\/logo\/image\/"},"sameAs":["https:\/\/www.facebook.com\/麻豆原创latinoamerica","https:\/\/x.com\/麻豆原创LatinAmerica"]},{"@type":"Person","@id":"https:\/\/news.sap.com\/latinamerica\/#\/schema\/person\/ce7d732e60a2133d7402c038db668294","name":"麻豆原创 Blog de Innovaci\u00f3n","image":{"@type":"ImageObject","inLanguage":"es","@id":"https:\/\/news.sap.com\/latinamerica\/#\/schema\/person\/image\/","url":"https:\/\/news.sap.com\/latinamerica\/files\/2018\/06\/avatar_user_522_1529451696-96x96.png","contentUrl":"https:\/\/news.sap.com\/latinamerica\/files\/2018\/06\/avatar_user_522_1529451696-96x96.png","caption":"麻豆原创 Blog de Innovaci\u00f3n"},"sameAs":["https:\/\/www.sap.com\/latinamerica\/index.html","https:\/\/www.facebook.com\/麻豆原创latinoamerica","https:\/\/www.instagram.com\/saplatinamerica\/","https:\/\/x.com\/saplatinamerica"],"url":"https:\/\/news.sap.com\/latinamerica\/author\/sapblog\/"}]}},"amp_enabled":true,"_links":{"self":[{"href":"https:\/\/news.sap.com\/latinamerica\/wp-json\/wp\/v2\/posts\/125883","targetHints":{"allow":["GET"]}}],"collection":[{"href":"https:\/\/news.sap.com\/latinamerica\/wp-json\/wp\/v2\/posts"}],"about":[{"href":"https:\/\/news.sap.com\/latinamerica\/wp-json\/wp\/v2\/types\/post"}],"author":[{"embeddable":true,"href":"https:\/\/news.sap.com\/latinamerica\/wp-json\/wp\/v2\/users\/522"}],"replies":[{"embeddable":true,"href":"https:\/\/news.sap.com\/latinamerica\/wp-json\/wp\/v2\/comments?post=125883"}],"version-history":[{"count":0,"href":"https:\/\/news.sap.com\/latinamerica\/wp-json\/wp\/v2\/posts\/125883\/revisions"}],"wp:featuredmedia":[{"embeddable":true,"href":"https:\/\/news.sap.com\/latinamerica\/wp-json\/wp\/v2\/media\/125884"}],"wp:attachment":[{"href":"https:\/\/news.sap.com\/latinamerica\/wp-json\/wp\/v2\/media?parent=125883"}],"wp:term":[{"taxonomy":"category","embeddable":true,"href":"https:\/\/news.sap.com\/latinamerica\/wp-json\/wp\/v2\/categories?post=125883"},{"taxonomy":"post_tag","embeddable":true,"href":"https:\/\/news.sap.com\/latinamerica\/wp-json\/wp\/v2\/tags?post=125883"},{"taxonomy":"series","embeddable":true,"href":"https:\/\/news.sap.com\/latinamerica\/wp-json\/wp\/v2\/series?post=125883"},{"taxonomy":"region","embeddable":true,"href":"https:\/\/news.sap.com\/latinamerica\/wp-json\/wp\/v2\/region?post=125883"},{"taxonomy":"sapn-display","embeddable":true,"href":"https:\/\/news.sap.com\/latinamerica\/wp-json\/wp\/v2\/sapn-display?post=125883"},{"taxonomy":"sapn-type","embeddable":true,"href":"https:\/\/news.sap.com\/latinamerica\/wp-json\/wp\/v2\/sapn-type?post=125883"}],"curies":[{"name":"wp","href":"https:\/\/api.w.org\/{rel}","templated":true}]}}