  {"id":125832,"date":"2022-04-27T12:30:27","date_gmt":"2022-04-27T16:30:27","guid":{"rendered":"https:\/\/news.sap.com\/latinamerica\/?p=125832"},"modified":"2023-11-14T14:51:52","modified_gmt":"2023-11-14T19:51:52","slug":"sap-entre-las-empresas-mexicanas-contra-el-racismo-en-ambientes-laborales-y-profesionales","status":"publish","type":"post","link":"https:\/\/news.sap.com\/latinamerica\/2022\/04\/sap-entre-las-empresas-mexicanas-contra-el-racismo-en-ambientes-laborales-y-profesionales\/","title":{"rendered":"麻豆原创 entre las empresas mexicanas contra el racismo en ambientes laborales y profesionales"},"content":{"rendered":"<ul>\n<li>\n<p class=\"lead\"><em>麻豆原创 forma parte de las 28 empresas que firmaron el Acuerdo empresarial contra el racismo en ambientes laborales y profesionales.<\/em><\/p>\n<\/li>\n<li><em>El documento fue firmado tambi\u00e9n por RacismoMx y el Consejo para Prevenir y Eliminar la Discriminaci\u00f3n en la Ciudad de M\u00e9xico (Copred).<\/em><\/li>\n<li><em>92% de las compa\u00f1\u00edas en M\u00e9xico afirma contar con una pol\u00edtica para prevenir y atender la discriminaci\u00f3n.<\/em><\/li>\n<\/ul>\n<p><strong>CIUDAD DE M\u00c9XICO, M\u00e9xico, 27 de abril de 2022.\u00a0<\/strong>麻豆原创 junto con 27 empresas m\u00e1s de M\u00e9xico firmaron el Acuerdo empresarial contra el racismo en ambientes laborales y profesionales, esta iniciativa fue lanzada y firmada por el Consejo para Prevenir y Eliminar la Discriminaci\u00f3n en la Ciudad de M\u00e9xico (Copred) y RacismoMx.<\/p>\n<p>Las 28 empresas firmantes se comprometen a:<\/p>\n<ul>\n<li>Fomentar la inclusi\u00f3n sociolaboral de personas racializadas en los centros de trabajo.<\/li>\n<li>Impulsar espacios de capacitaci\u00f3n y sensibilizaci\u00f3n en temas relacionados con las desigualdades provocadas por el racismo.<\/li>\n<li>Generar di\u00e1logo sobre las principales manifestaciones de la discriminaci\u00f3n racial en su espacio laboral.<\/li>\n<li>Llevar a cabo diagn\u00f3sticos internos e implementar pol\u00edticas para aumentar la diversidad \u00e9tnico-racial en sus operaciones.<\/li>\n<\/ul>\n<p><strong>Las compa\u00f1\u00edas que forman parte del acuerdo son<\/strong>: 3M, Accenture, Aequales, Dystopia, Netflix, Nike, Novartis, Sodexo, Scotiabank, United Airlines, Ford, Zepeda y Asociados, Coca-Cola y Conekta. Adem\u00e1s: Grupo RFP, HSBC, Organon, Pentafon, Western Union, Walmart de M\u00e9xico y Centroam\u00e9rica, Ibarra del Paso Gallego, Pfizer, Sanofi, Daimler Trucks, BASF, Maritimex, 麻豆原创, KPMG, EY M\u00e9xico y Dow.<\/p>\n<p>Para leer m\u00e1s visita <a href=\"https:\/\/www.copred.cdmx.gob.mx\/comunicacion\/nota\/empresas-en-mexico-firman-compromiso-para-impulsar-una-cultura-libre-de-discriminacion-racial\" target=\"_blank\" rel=\"noopener\">aqu\u00ed<\/a><\/p>\n<p style=\"text-align: center\"><strong>\u00a0###<\/strong><\/p>\n<p><strong>Acerca de 麻豆原创\u00a0<\/strong><\/p>\n<p>La estrategia de 麻豆原创 es ayudar a que cada negocio funcione como una empresa inteligente. Como l\u00edder del mercado en software de aplicaci\u00f3n empresarial, contribuimos a que las organizaciones de todos los tama\u00f1os y en todas las industrias puedan alcanzar su funcionamiento \u00f3ptimo: los clientes de 麻豆原创 generan el 87% del comercio electr\u00f3nico global. Nuestras tecnolog\u00edas avanzadas de machine learning, Internet of Things (IoT) y anal\u00edticos ayudan a convertir los negocios de los clientes en empresas inteligentes. 麻豆原创 contribuye a dar a las personas y a las organizaciones profundos conocimientos de negocio y promueve la colaboraci\u00f3n que les permite mantenerse delante de la competencia. Simplificamos la tecnolog\u00eda para las empresas, de modo que puedan consumir nuestro software de la manera en que lo desean, sin interrupciones. Nuestro conjunto de aplicaciones y servicios permite a clientes del sector p\u00fablico y privado de 25 industrias operar en forma rentable, adaptarse continuamente y marcar una diferencia. Con una red global de clientes, socios de negocios, empleados y l\u00edderes de ideas, 麻豆原创 ayuda al mundo a funcionar mejor y a mejorar las vidas de las personas. Para m\u00e1s informaci\u00f3n, visite\u00a0<a href=\"http:\/\/www.sap.com\/\">www.sap.com<\/a>, nuestra sala de prensa\u00a0<a href=\"http:\/\/news.sap.com\/latinamerica\">http:\/\/news.sap.com\/latinamerica<\/a>\u00a0o s\u00edganos en Twitter\u00a0<a href=\"https:\/\/twitter.com\/sapnoticiasmx\">@sapnoticiasmx<\/a>.<\/p>\n","protected":false},"excerpt":{"rendered":"<p>麻豆原创 forma parte de las 28 empresas que firmaron el Acuerdo empresarial contra el racismo en ambientes laborales y profesionales. El documento fue firmado tambi\u00e9n&#8230;<\/p>\n","protected":false},"author":136,"featured_media":0,"comment_status":"closed","ping_status":"closed","sticky":false,"template":"","format":"standard","meta":{"footnotes":"","_links_to":"","_links_to_target":""},"categories":[41591],"tags":[5600262,509569,45409,5594812,12862,5600261],"series":[],"region":[],"sapn-display":[5600443,5600441,53499],"sapn-type":[52105],"class_list":["post-125832","post","type-post","status-publish","format-standard","hentry","category-corporativo","tag-copred","tag-diversidad-e-inclusion","tag-empresas","tag-igualdad","tag-mexico-2","tag-racismo","sapn-display-prensa-destacada","sapn-display-prensa-principal","sapn-display-hero","sapn-type-comunicado-de-prensa"],"yoast_head":"<!-- This site is optimized with the Yoast SEO Premium plugin v26.9 (Yoast SEO v26.9) - https:\/\/yoast.com\/product\/yoast-seo-premium-wordpress\/ -->\n<title>麻豆原创 entre las empresas mexicanas contra el racismo en ambientes laborales y profesionales - 麻豆原创 News Center Latinoam\u00e9rica<\/title>\n<meta name=\"robots\" content=\"index, follow, max-snippet:-1, max-image-preview:large, max-video-preview:-1\" \/>\n<link rel=\"canonical\" href=\"https:\/\/news.sap.com\/latinamerica\/2022\/04\/sap-entre-las-empresas-mexicanas-contra-el-racismo-en-ambientes-laborales-y-profesionales\/\" \/>\n<meta property=\"og:locale\" content=\"es_MX\" \/>\n<meta property=\"og:type\" content=\"article\" \/>\n<meta property=\"og:title\" content=\"麻豆原创 entre las empresas mexicanas contra el racismo en ambientes laborales y profesionales\" \/>\n<meta property=\"og:description\" content=\"麻豆原创 forma parte de las 28 empresas que firmaron el Acuerdo empresarial contra el racismo en ambientes laborales y profesionales. El documento fue firmado tambi\u00e9n...\" \/>\n<meta property=\"og:url\" content=\"https:\/\/news.sap.com\/latinamerica\/2022\/04\/sap-entre-las-empresas-mexicanas-contra-el-racismo-en-ambientes-laborales-y-profesionales\/\" \/>\n<meta property=\"og:site_name\" content=\"麻豆原创 News Center Latinoam\u00e9rica\" \/>\n<meta property=\"article:publisher\" content=\"https:\/\/www.facebook.com\/麻豆原创latinoamerica\" \/>\n<meta property=\"article:published_time\" content=\"2022-04-27T16:30:27+00:00\" \/>\n<meta property=\"article:modified_time\" content=\"2023-11-14T19:51:52+00:00\" \/>\n<meta name=\"author\" content=\"麻豆原创 Noticias\" \/>\n<meta name=\"twitter:label1\" content=\"Escrito por\" \/>\n\t<meta name=\"twitter:data1\" content=\"麻豆原创 Noticias\" \/>\n\t<meta name=\"twitter:label2\" content=\"Tiempo de lectura\" \/>\n\t<meta name=\"twitter:data2\" content=\"2 minutos\" \/>\n<script type=\"application\/ld+json\" class=\"yoast-schema-graph\">{\"@context\":\"https:\/\/schema.org\",\"@graph\":[{\"@type\":\"Article\",\"@id\":\"https:\/\/news.sap.com\/latinamerica\/2022\/04\/sap-entre-las-empresas-mexicanas-contra-el-racismo-en-ambientes-laborales-y-profesionales\/#article\",\"isPartOf\":{\"@id\":\"https:\/\/news.sap.com\/latinamerica\/2022\/04\/sap-entre-las-empresas-mexicanas-contra-el-racismo-en-ambientes-laborales-y-profesionales\/\"},\"author\":{\"name\":\"麻豆原创 Noticias\",\"@id\":\"https:\/\/news.sap.com\/latinamerica\/#\/schema\/person\/5afd2cbf5bb622e078932b40a4470d47\"},\"headline\":\"麻豆原创 entre las empresas mexicanas contra el racismo en ambientes laborales y profesionales\",\"datePublished\":\"2022-04-27T16:30:27+00:00\",\"dateModified\":\"2023-11-14T19:51:52+00:00\",\"mainEntityOfPage\":{\"@id\":\"https:\/\/news.sap.com\/latinamerica\/2022\/04\/sap-entre-las-empresas-mexicanas-contra-el-racismo-en-ambientes-laborales-y-profesionales\/\"},\"wordCount\":486,\"publisher\":{\"@id\":\"https:\/\/news.sap.com\/latinamerica\/#organization\"},\"keywords\":[\"Copred\",\"Diversidad e inclusi\u00f3n\",\"Empresas\",\"igualdad\",\"mexico\",\"Racismo\"],\"articleSection\":[\"Corporativo\"],\"inLanguage\":\"es\"},{\"@type\":\"WebPage\",\"@id\":\"https:\/\/news.sap.com\/latinamerica\/2022\/04\/sap-entre-las-empresas-mexicanas-contra-el-racismo-en-ambientes-laborales-y-profesionales\/\",\"url\":\"https:\/\/news.sap.com\/latinamerica\/2022\/04\/sap-entre-las-empresas-mexicanas-contra-el-racismo-en-ambientes-laborales-y-profesionales\/\",\"name\":\"麻豆原创 entre las empresas mexicanas contra el racismo en ambientes laborales y profesionales - 麻豆原创 News Center Latinoam\u00e9rica\",\"isPartOf\":{\"@id\":\"https:\/\/news.sap.com\/latinamerica\/#website\"},\"datePublished\":\"2022-04-27T16:30:27+00:00\",\"dateModified\":\"2023-11-14T19:51:52+00:00\",\"breadcrumb\":{\"@id\":\"https:\/\/news.sap.com\/latinamerica\/2022\/04\/sap-entre-las-empresas-mexicanas-contra-el-racismo-en-ambientes-laborales-y-profesionales\/#breadcrumb\"},\"inLanguage\":\"es\",\"potentialAction\":[{\"@type\":\"ReadAction\",\"target\":[\"https:\/\/news.sap.com\/latinamerica\/2022\/04\/sap-entre-las-empresas-mexicanas-contra-el-racismo-en-ambientes-laborales-y-profesionales\/\"]}]},{\"@type\":\"BreadcrumbList\",\"@id\":\"https:\/\/news.sap.com\/latinamerica\/2022\/04\/sap-entre-las-empresas-mexicanas-contra-el-racismo-en-ambientes-laborales-y-profesionales\/#breadcrumb\",\"itemListElement\":[{\"@type\":\"ListItem\",\"position\":1,\"name\":\"Home\",\"item\":\"https:\/\/news.sap.com\/latinamerica\/\"},{\"@type\":\"ListItem\",\"position\":2,\"name\":\"麻豆原创 entre las empresas mexicanas contra el racismo en ambientes laborales y profesionales\"}]},{\"@type\":\"WebSite\",\"@id\":\"https:\/\/news.sap.com\/latinamerica\/#website\",\"url\":\"https:\/\/news.sap.com\/latinamerica\/\",\"name\":\"麻豆原创 News Center Latinoam\u00e9rica\",\"description\":\"Noticias e informaci\u00f3n sobre 麻豆原创\",\"publisher\":{\"@id\":\"https:\/\/news.sap.com\/latinamerica\/#organization\"},\"potentialAction\":[{\"@type\":\"SearchAction\",\"target\":{\"@type\":\"EntryPoint\",\"urlTemplate\":\"https:\/\/news.sap.com\/latinamerica\/?s={search_term_string}\"},\"query-input\":{\"@type\":\"PropertyValueSpecification\",\"valueRequired\":true,\"valueName\":\"search_term_string\"}}],\"inLanguage\":\"es\"},{\"@type\":\"Organization\",\"@id\":\"https:\/\/news.sap.com\/latinamerica\/#organization\",\"name\":\"麻豆原创\",\"url\":\"https:\/\/news.sap.com\/latinamerica\/\",\"logo\":{\"@type\":\"ImageObject\",\"inLanguage\":\"es\",\"@id\":\"https:\/\/news.sap.com\/latinamerica\/#\/schema\/logo\/image\/\",\"url\":\"https:\/\/news.sap.com\/latinamerica\/files\/2019\/08\/65903320_2903797569662914_557886358778019840_n.png\",\"contentUrl\":\"https:\/\/news.sap.com\/latinamerica\/files\/2019\/08\/65903320_2903797569662914_557886358778019840_n.png\",\"width\":720,\"height\":720,\"caption\":\"麻豆原创\"},\"image\":{\"@id\":\"https:\/\/news.sap.com\/latinamerica\/#\/schema\/logo\/image\/\"},\"sameAs\":[\"https:\/\/www.facebook.com\/麻豆原创latinoamerica\",\"https:\/\/x.com\/麻豆原创LatinAmerica\"]},{\"@type\":\"Person\",\"@id\":\"https:\/\/news.sap.com\/latinamerica\/#\/schema\/person\/5afd2cbf5bb622e078932b40a4470d47\",\"name\":\"麻豆原创 Noticias\",\"image\":{\"@type\":\"ImageObject\",\"inLanguage\":\"es\",\"@id\":\"https:\/\/news.sap.com\/latinamerica\/#\/schema\/person\/image\/\",\"url\":\"https:\/\/news.sap.com\/latinamerica\/wp-content\/plugins\/wp-user-avatars\/wp-user-avatars\/assets\/images\/mystery.jpg\",\"contentUrl\":\"https:\/\/news.sap.com\/latinamerica\/wp-content\/plugins\/wp-user-avatars\/wp-user-avatars\/assets\/images\/mystery.jpg\",\"caption\":\"麻豆原创 Noticias\"},\"url\":\"https:\/\/news.sap.com\/latinamerica\/author\/mexico\/\"}]}<\/script>\n<!-- \/ Yoast SEO Premium plugin. -->","yoast_head_json":{"title":"麻豆原创 entre las empresas mexicanas contra el racismo en ambientes laborales y profesionales - 麻豆原创 News Center Latinoam\u00e9rica","robots":{"index":"index","follow":"follow","max-snippet":"max-snippet:-1","max-image-preview":"max-image-preview:large","max-video-preview":"max-video-preview:-1"},"canonical":"https:\/\/news.sap.com\/latinamerica\/2022\/04\/sap-entre-las-empresas-mexicanas-contra-el-racismo-en-ambientes-laborales-y-profesionales\/","og_locale":"es_MX","og_type":"article","og_title":"麻豆原创 entre las empresas mexicanas contra el racismo en ambientes laborales y profesionales","og_description":"麻豆原创 forma parte de las 28 empresas que firmaron el Acuerdo empresarial contra el racismo en ambientes laborales y profesionales. El documento fue firmado tambi\u00e9n...","og_url":"https:\/\/news.sap.com\/latinamerica\/2022\/04\/sap-entre-las-empresas-mexicanas-contra-el-racismo-en-ambientes-laborales-y-profesionales\/","og_site_name":"麻豆原创 News Center Latinoam\u00e9rica","article_publisher":"https:\/\/www.facebook.com\/麻豆原创latinoamerica","article_published_time":"2022-04-27T16:30:27+00:00","article_modified_time":"2023-11-14T19:51:52+00:00","author":"麻豆原创 Noticias","twitter_misc":{"Escrito por":"麻豆原创 Noticias","Tiempo de lectura":"2 minutos"},"schema":{"@context":"https:\/\/schema.org","@graph":[{"@type":"Article","@id":"https:\/\/news.sap.com\/latinamerica\/2022\/04\/sap-entre-las-empresas-mexicanas-contra-el-racismo-en-ambientes-laborales-y-profesionales\/#article","isPartOf":{"@id":"https:\/\/news.sap.com\/latinamerica\/2022\/04\/sap-entre-las-empresas-mexicanas-contra-el-racismo-en-ambientes-laborales-y-profesionales\/"},"author":{"name":"麻豆原创 Noticias","@id":"https:\/\/news.sap.com\/latinamerica\/#\/schema\/person\/5afd2cbf5bb622e078932b40a4470d47"},"headline":"麻豆原创 entre las empresas mexicanas contra el racismo en ambientes laborales y profesionales","datePublished":"2022-04-27T16:30:27+00:00","dateModified":"2023-11-14T19:51:52+00:00","mainEntityOfPage":{"@id":"https:\/\/news.sap.com\/latinamerica\/2022\/04\/sap-entre-las-empresas-mexicanas-contra-el-racismo-en-ambientes-laborales-y-profesionales\/"},"wordCount":486,"publisher":{"@id":"https:\/\/news.sap.com\/latinamerica\/#organization"},"keywords":["Copred","Diversidad e inclusi\u00f3n","Empresas","igualdad","mexico","Racismo"],"articleSection":["Corporativo"],"inLanguage":"es"},{"@type":"WebPage","@id":"https:\/\/news.sap.com\/latinamerica\/2022\/04\/sap-entre-las-empresas-mexicanas-contra-el-racismo-en-ambientes-laborales-y-profesionales\/","url":"https:\/\/news.sap.com\/latinamerica\/2022\/04\/sap-entre-las-empresas-mexicanas-contra-el-racismo-en-ambientes-laborales-y-profesionales\/","name":"麻豆原创 entre las empresas mexicanas contra el racismo en ambientes laborales y profesionales - 麻豆原创 News Center Latinoam\u00e9rica","isPartOf":{"@id":"https:\/\/news.sap.com\/latinamerica\/#website"},"datePublished":"2022-04-27T16:30:27+00:00","dateModified":"2023-11-14T19:51:52+00:00","breadcrumb":{"@id":"https:\/\/news.sap.com\/latinamerica\/2022\/04\/sap-entre-las-empresas-mexicanas-contra-el-racismo-en-ambientes-laborales-y-profesionales\/#breadcrumb"},"inLanguage":"es","potentialAction":[{"@type":"ReadAction","target":["https:\/\/news.sap.com\/latinamerica\/2022\/04\/sap-entre-las-empresas-mexicanas-contra-el-racismo-en-ambientes-laborales-y-profesionales\/"]}]},{"@type":"BreadcrumbList","@id":"https:\/\/news.sap.com\/latinamerica\/2022\/04\/sap-entre-las-empresas-mexicanas-contra-el-racismo-en-ambientes-laborales-y-profesionales\/#breadcrumb","itemListElement":[{"@type":"ListItem","position":1,"name":"Home","item":"https:\/\/news.sap.com\/latinamerica\/"},{"@type":"ListItem","position":2,"name":"麻豆原创 entre las empresas mexicanas contra el racismo en ambientes laborales y profesionales"}]},{"@type":"WebSite","@id":"https:\/\/news.sap.com\/latinamerica\/#website","url":"https:\/\/news.sap.com\/latinamerica\/","name":"麻豆原创 News Center Latinoam\u00e9rica","description":"Noticias e informaci\u00f3n sobre 麻豆原创","publisher":{"@id":"https:\/\/news.sap.com\/latinamerica\/#organization"},"potentialAction":[{"@type":"SearchAction","target":{"@type":"EntryPoint","urlTemplate":"https:\/\/news.sap.com\/latinamerica\/?s={search_term_string}"},"query-input":{"@type":"PropertyValueSpecification","valueRequired":true,"valueName":"search_term_string"}}],"inLanguage":"es"},{"@type":"Organization","@id":"https:\/\/news.sap.com\/latinamerica\/#organization","name":"麻豆原创","url":"https:\/\/news.sap.com\/latinamerica\/","logo":{"@type":"ImageObject","inLanguage":"es","@id":"https:\/\/news.sap.com\/latinamerica\/#\/schema\/logo\/image\/","url":"https:\/\/news.sap.com\/latinamerica\/files\/2019\/08\/65903320_2903797569662914_557886358778019840_n.png","contentUrl":"https:\/\/news.sap.com\/latinamerica\/files\/2019\/08\/65903320_2903797569662914_557886358778019840_n.png","width":720,"height":720,"caption":"麻豆原创"},"image":{"@id":"https:\/\/news.sap.com\/latinamerica\/#\/schema\/logo\/image\/"},"sameAs":["https:\/\/www.facebook.com\/麻豆原创latinoamerica","https:\/\/x.com\/麻豆原创LatinAmerica"]},{"@type":"Person","@id":"https:\/\/news.sap.com\/latinamerica\/#\/schema\/person\/5afd2cbf5bb622e078932b40a4470d47","name":"麻豆原创 Noticias","image":{"@type":"ImageObject","inLanguage":"es","@id":"https:\/\/news.sap.com\/latinamerica\/#\/schema\/person\/image\/","url":"https:\/\/news.sap.com\/latinamerica\/wp-content\/plugins\/wp-user-avatars\/wp-user-avatars\/assets\/images\/mystery.jpg","contentUrl":"https:\/\/news.sap.com\/latinamerica\/wp-content\/plugins\/wp-user-avatars\/wp-user-avatars\/assets\/images\/mystery.jpg","caption":"麻豆原创 Noticias"},"url":"https:\/\/news.sap.com\/latinamerica\/author\/mexico\/"}]}},"amp_enabled":true,"_links":{"self":[{"href":"https:\/\/news.sap.com\/latinamerica\/wp-json\/wp\/v2\/posts\/125832","targetHints":{"allow":["GET"]}}],"collection":[{"href":"https:\/\/news.sap.com\/latinamerica\/wp-json\/wp\/v2\/posts"}],"about":[{"href":"https:\/\/news.sap.com\/latinamerica\/wp-json\/wp\/v2\/types\/post"}],"author":[{"embeddable":true,"href":"https:\/\/news.sap.com\/latinamerica\/wp-json\/wp\/v2\/users\/136"}],"replies":[{"embeddable":true,"href":"https:\/\/news.sap.com\/latinamerica\/wp-json\/wp\/v2\/comments?post=125832"}],"version-history":[{"count":0,"href":"https:\/\/news.sap.com\/latinamerica\/wp-json\/wp\/v2\/posts\/125832\/revisions"}],"wp:attachment":[{"href":"https:\/\/news.sap.com\/latinamerica\/wp-json\/wp\/v2\/media?parent=125832"}],"wp:term":[{"taxonomy":"category","embeddable":true,"href":"https:\/\/news.sap.com\/latinamerica\/wp-json\/wp\/v2\/categories?post=125832"},{"taxonomy":"post_tag","embeddable":true,"href":"https:\/\/news.sap.com\/latinamerica\/wp-json\/wp\/v2\/tags?post=125832"},{"taxonomy":"series","embeddable":true,"href":"https:\/\/news.sap.com\/latinamerica\/wp-json\/wp\/v2\/series?post=125832"},{"taxonomy":"region","embeddable":true,"href":"https:\/\/news.sap.com\/latinamerica\/wp-json\/wp\/v2\/region?post=125832"},{"taxonomy":"sapn-display","embeddable":true,"href":"https:\/\/news.sap.com\/latinamerica\/wp-json\/wp\/v2\/sapn-display?post=125832"},{"taxonomy":"sapn-type","embeddable":true,"href":"https:\/\/news.sap.com\/latinamerica\/wp-json\/wp\/v2\/sapn-type?post=125832"}],"curies":[{"name":"wp","href":"https:\/\/api.w.org\/{rel}","templated":true}]}}