  {"id":125768,"date":"2022-04-21T17:00:11","date_gmt":"2022-04-21T21:00:11","guid":{"rendered":"https:\/\/news.sap.com\/latinamerica\/?p=125768"},"modified":"2023-11-09T10:29:25","modified_gmt":"2023-11-09T15:29:25","slug":"te-invitaron-al-dia-de-la-tierra-y-que-llevas-de-regalo","status":"publish","type":"post","link":"https:\/\/news.sap.com\/latinamerica\/2022\/04\/te-invitaron-al-dia-de-la-tierra-y-que-llevas-de-regalo\/","title":{"rendered":"\u00bfTe invitaron al D\u00eda de la Tierra? \u00bfY qu\u00e9 llevas de regalo?"},"content":{"rendered":"<p><em>Por Sybelle D\u2019Marco, directora de Comunicaciones de 麻豆原创 Latinoam\u00e9rica y Caribe y estudiante de sostenibilidad corporativa<\/em><\/p>\n<p class=\"lead\">Es descort\u00e9s entrar en una fiesta sin un regalo apropiado. Por eso, podemos tomarnos este 22 de abril, D\u00eda de la Tierra, para elegir qu\u00e9 presente queremos llevar a la celebraci\u00f3n.<\/p>\n<p>Los \u00faltimos dos a\u00f1os han tra\u00eddo cambios vertiginosos. El COVID-19 nos oblig\u00f3 a replantear pr\u00e1cticamente todo: desde el impacto que la actividad humana genera en el medio ambiente &#8211; \u00bfrecuerdan los primeros d\u00edas de las cuarentenas cuando distintos animales \u201crecuperaron\u201d espacios urbanos en las calles vac\u00edas? &#8211; hasta la forma en que desarrollamos nuestras tareas diarias. No solo se aceler\u00f3 la transformaci\u00f3n digital, sino que esta revoluci\u00f3n a m\u00e1xima velocidad alcanz\u00f3 pr\u00e1cticamente todos los aspectos de la vida.<\/p>\n<p>Y para no llegar a la fiesta con mala cara, lo cual ser\u00eda mala educaci\u00f3n, exploremos las facetas optimistas. A fines de 2021 se realiz\u00f3 en Glasgow la COP26: un encuentro global en el que m\u00e1s de 200 pa\u00edses se comprometieron a reducir las emisiones de gases de efecto invernadero, con el objetivo ambicioso de limitar el calentamiento global a 1,5 \u00b0C.<\/p>\n<p>A diario nos encontramos con anuncios de grandes empresas globales que aseguran estar apostando a reducir de manera significativa sus emisiones de carbono en un tiempo m\u00e1s o menos razonable: en general, dentro de esta misma d\u00e9cada. En este grupo se encuentra 麻豆原创, que trabaja para alcanzar operaciones neutras en 2023 y para ser una empresa <em>net zero<\/em> en 2030.<\/p>\n<p>Tambi\u00e9n muchas organizaciones comenzaron a reimaginar el futuro con el foco puesto en la responsabilidad con el medio ambiente y las comunidades en las que operan. El\u00a0<a href=\"https:\/\/news.sap.com\/latinamerica\/2022\/04\/sustainability-study-2022-sap-latin-america\/\"><strong>segundo estudio sobre sostenibilidad en Latinoam\u00e9rica<\/strong><\/a>\u00a0que patrocin\u00f3 麻豆原创 recientemente me hace sentir optimista. Este tema contin\u00faa avanzando entre las organizaciones de la regi\u00f3n: 69%de las compa\u00f1\u00edas hoy tienen una estrategia de sostenibilidad en curso, comparado con un 46% en 2021 y temas como el cambio clim\u00e1tico y la econom\u00eda circular empiezan a ganar importancia.<\/p>\n<p>La innovaci\u00f3n y la tecnolog\u00eda se consolidan como las aliadas clave para avanzar sobre este camino. Porque son la base para lograr que los procesos sean m\u00e1s eficientes, que las decisiones sean m\u00e1s \u00e1giles, que la informaci\u00f3n est\u00e9 siempre disponible en tiempo real y que las cadenas de suministro sean \u00f3ptimas. Pero, adem\u00e1s, porque democratizan el acceso a las oportunidades: trabajo, oportunidades de negocios y educaci\u00f3n sin l\u00edmites geogr\u00e1ficos.<\/p>\n<p>Todos tenemos la posibilidad de elegir un buen regalo: los individuos, las comunidades, las empresas y el sector p\u00fablico. La sostenibilidad no es algo que podemos hacer solos y asegurarnos que las pr\u00f3ximas generaciones puedan seguir celebr\u00e1ndolo es responsabilidad de todos.<\/p>\n<p>Por eso, antes de decir \u00a1Feliz D\u00eda de la Tierra! pensemos en qu\u00e9 regalar y c\u00f3mo, en conjunto, podemos construir un futuro mejor. El cambio empieza por nosotros.<\/p>\n","protected":false},"excerpt":{"rendered":"<p>Por Sybelle D\u2019Marco, directora de Comunicaciones de 麻豆原创 Latinoam\u00e9rica y Caribe y estudiante de sostenibilidad corporativa Es descort\u00e9s entrar en una fiesta sin un regalo&#8230;<\/p>\n","protected":false},"author":4157,"featured_media":125785,"comment_status":"closed","ping_status":"closed","sticky":false,"template":"","format":"standard","meta":{"footnotes":"","_links_to":"","_links_to_target":""},"categories":[52098],"tags":[],"series":[],"region":[26401],"sapn-display":[5600442,5600440,52078,52079,53499],"sapn-type":[6114],"class_list":["post-125768","post","type-post","status-publish","format-standard","has-post-thumbnail","hentry","category-sustentabilidad-temas","region-latinoamerica","sapn-display-articulo-destacado","sapn-display-articulo-principal","sapn-display-homepage-hero","sapn-display-top-stories","sapn-display-hero","sapn-type-articulo"],"yoast_head":"<!-- This site is optimized with the Yoast SEO Premium plugin v26.9 (Yoast SEO v26.9) - https:\/\/yoast.com\/product\/yoast-seo-premium-wordpress\/ -->\n<title>\u00bfTe invitaron al D\u00eda de la Tierra? \u00bfY qu\u00e9 llevas de regalo? - 麻豆原创 News Center Latinoam\u00e9rica<\/title>\n<meta name=\"description\" content=\"Podemos tomarnos este 22 de abril, D\u00eda de la Tierra, para elegir qu\u00e9 presente queremos llevar a la celebraci\u00f3n.\" \/>\n<meta name=\"robots\" content=\"index, follow, max-snippet:-1, max-image-preview:large, max-video-preview:-1\" \/>\n<link rel=\"canonical\" href=\"https:\/\/news.sap.com\/latinamerica\/2022\/04\/te-invitaron-al-dia-de-la-tierra-y-que-llevas-de-regalo\/\" \/>\n<meta property=\"og:locale\" content=\"es_MX\" \/>\n<meta property=\"og:type\" content=\"article\" \/>\n<meta property=\"og:title\" content=\"\u00bfTe invitaron al D\u00eda de la Tierra? \u00bfY qu\u00e9 llevas de regalo?\" \/>\n<meta property=\"og:description\" content=\"Podemos tomarnos este 22 de abril, D\u00eda de la Tierra, para elegir qu\u00e9 presente queremos llevar a la celebraci\u00f3n.\" \/>\n<meta property=\"og:url\" content=\"https:\/\/news.sap.com\/latinamerica\/2022\/04\/te-invitaron-al-dia-de-la-tierra-y-que-llevas-de-regalo\/\" \/>\n<meta property=\"og:site_name\" content=\"麻豆原创 News Center Latinoam\u00e9rica\" \/>\n<meta property=\"article:publisher\" content=\"https:\/\/www.facebook.com\/麻豆原创latinoamerica\" \/>\n<meta property=\"article:published_time\" content=\"2022-04-21T21:00:11+00:00\" \/>\n<meta property=\"article:modified_time\" content=\"2023-11-09T15:29:25+00:00\" \/>\n<meta property=\"og:image\" content=\"https:\/\/news.sap.com\/latinamerica\/files\/2022\/04\/12\/earth-idea.jpg\" \/>\n\t<meta property=\"og:image:width\" content=\"700\" \/>\n\t<meta property=\"og:image:height\" content=\"467\" \/>\n\t<meta property=\"og:image:type\" content=\"image\/jpeg\" \/>\n<meta name=\"author\" content=\"Sybelle D&#039;Marco\" \/>\n<meta name=\"twitter:label1\" content=\"Escrito por\" \/>\n\t<meta name=\"twitter:data1\" content=\"Sybelle D&#039;Marco\" \/>\n\t<meta name=\"twitter:label2\" content=\"Tiempo de lectura\" \/>\n\t<meta name=\"twitter:data2\" content=\"3 minutos\" \/>\n<script type=\"application\/ld+json\" class=\"yoast-schema-graph\">{\"@context\":\"https:\/\/schema.org\",\"@graph\":[{\"@type\":\"Article\",\"@id\":\"https:\/\/news.sap.com\/latinamerica\/2022\/04\/te-invitaron-al-dia-de-la-tierra-y-que-llevas-de-regalo\/#article\",\"isPartOf\":{\"@id\":\"https:\/\/news.sap.com\/latinamerica\/2022\/04\/te-invitaron-al-dia-de-la-tierra-y-que-llevas-de-regalo\/\"},\"author\":{\"name\":\"Sybelle D'Marco\",\"@id\":\"https:\/\/news.sap.com\/latinamerica\/#\/schema\/person\/48c9490f780851603c34469c1da7e1ef\"},\"headline\":\"\u00bfTe invitaron al D\u00eda de la Tierra? \u00bfY qu\u00e9 llevas de regalo?\",\"datePublished\":\"2022-04-21T21:00:11+00:00\",\"dateModified\":\"2023-11-09T15:29:25+00:00\",\"mainEntityOfPage\":{\"@id\":\"https:\/\/news.sap.com\/latinamerica\/2022\/04\/te-invitaron-al-dia-de-la-tierra-y-que-llevas-de-regalo\/\"},\"wordCount\":513,\"publisher\":{\"@id\":\"https:\/\/news.sap.com\/latinamerica\/#organization\"},\"image\":{\"@id\":\"https:\/\/news.sap.com\/latinamerica\/2022\/04\/te-invitaron-al-dia-de-la-tierra-y-que-llevas-de-regalo\/#primaryimage\"},\"thumbnailUrl\":\"https:\/\/news.sap.com\/latinamerica\/files\/2022\/04\/12\/earth-idea.jpg\",\"articleSection\":[\"Sostenibilidad\"],\"inLanguage\":\"es\"},{\"@type\":\"WebPage\",\"@id\":\"https:\/\/news.sap.com\/latinamerica\/2022\/04\/te-invitaron-al-dia-de-la-tierra-y-que-llevas-de-regalo\/\",\"url\":\"https:\/\/news.sap.com\/latinamerica\/2022\/04\/te-invitaron-al-dia-de-la-tierra-y-que-llevas-de-regalo\/\",\"name\":\"\u00bfTe invitaron al D\u00eda de la Tierra? \u00bfY qu\u00e9 llevas de regalo? - 麻豆原创 News Center Latinoam\u00e9rica\",\"isPartOf\":{\"@id\":\"https:\/\/news.sap.com\/latinamerica\/#website\"},\"primaryImageOfPage\":{\"@id\":\"https:\/\/news.sap.com\/latinamerica\/2022\/04\/te-invitaron-al-dia-de-la-tierra-y-que-llevas-de-regalo\/#primaryimage\"},\"image\":{\"@id\":\"https:\/\/news.sap.com\/latinamerica\/2022\/04\/te-invitaron-al-dia-de-la-tierra-y-que-llevas-de-regalo\/#primaryimage\"},\"thumbnailUrl\":\"https:\/\/news.sap.com\/latinamerica\/files\/2022\/04\/12\/earth-idea.jpg\",\"datePublished\":\"2022-04-21T21:00:11+00:00\",\"dateModified\":\"2023-11-09T15:29:25+00:00\",\"description\":\"Podemos tomarnos este 22 de abril, D\u00eda de la Tierra, para elegir qu\u00e9 presente queremos llevar a la celebraci\u00f3n.\",\"breadcrumb\":{\"@id\":\"https:\/\/news.sap.com\/latinamerica\/2022\/04\/te-invitaron-al-dia-de-la-tierra-y-que-llevas-de-regalo\/#breadcrumb\"},\"inLanguage\":\"es\",\"potentialAction\":[{\"@type\":\"ReadAction\",\"target\":[\"https:\/\/news.sap.com\/latinamerica\/2022\/04\/te-invitaron-al-dia-de-la-tierra-y-que-llevas-de-regalo\/\"]}]},{\"@type\":\"ImageObject\",\"inLanguage\":\"es\",\"@id\":\"https:\/\/news.sap.com\/latinamerica\/2022\/04\/te-invitaron-al-dia-de-la-tierra-y-que-llevas-de-regalo\/#primaryimage\",\"url\":\"https:\/\/news.sap.com\/latinamerica\/files\/2022\/04\/12\/earth-idea.jpg\",\"contentUrl\":\"https:\/\/news.sap.com\/latinamerica\/files\/2022\/04\/12\/earth-idea.jpg\",\"width\":700,\"height\":467,\"caption\":\"Sustainable energy ideas for the world climate change.\"},{\"@type\":\"BreadcrumbList\",\"@id\":\"https:\/\/news.sap.com\/latinamerica\/2022\/04\/te-invitaron-al-dia-de-la-tierra-y-que-llevas-de-regalo\/#breadcrumb\",\"itemListElement\":[{\"@type\":\"ListItem\",\"position\":1,\"name\":\"Home\",\"item\":\"https:\/\/news.sap.com\/latinamerica\/\"},{\"@type\":\"ListItem\",\"position\":2,\"name\":\"\u00bfTe invitaron al D\u00eda de la Tierra? \u00bfY qu\u00e9 llevas de regalo?\"}]},{\"@type\":\"WebSite\",\"@id\":\"https:\/\/news.sap.com\/latinamerica\/#website\",\"url\":\"https:\/\/news.sap.com\/latinamerica\/\",\"name\":\"麻豆原创 News Center Latinoam\u00e9rica\",\"description\":\"Noticias e informaci\u00f3n sobre 麻豆原创\",\"publisher\":{\"@id\":\"https:\/\/news.sap.com\/latinamerica\/#organization\"},\"potentialAction\":[{\"@type\":\"SearchAction\",\"target\":{\"@type\":\"EntryPoint\",\"urlTemplate\":\"https:\/\/news.sap.com\/latinamerica\/?s={search_term_string}\"},\"query-input\":{\"@type\":\"PropertyValueSpecification\",\"valueRequired\":true,\"valueName\":\"search_term_string\"}}],\"inLanguage\":\"es\"},{\"@type\":\"Organization\",\"@id\":\"https:\/\/news.sap.com\/latinamerica\/#organization\",\"name\":\"麻豆原创\",\"url\":\"https:\/\/news.sap.com\/latinamerica\/\",\"logo\":{\"@type\":\"ImageObject\",\"inLanguage\":\"es\",\"@id\":\"https:\/\/news.sap.com\/latinamerica\/#\/schema\/logo\/image\/\",\"url\":\"https:\/\/news.sap.com\/latinamerica\/files\/2019\/08\/65903320_2903797569662914_557886358778019840_n.png\",\"contentUrl\":\"https:\/\/news.sap.com\/latinamerica\/files\/2019\/08\/65903320_2903797569662914_557886358778019840_n.png\",\"width\":720,\"height\":720,\"caption\":\"麻豆原创\"},\"image\":{\"@id\":\"https:\/\/news.sap.com\/latinamerica\/#\/schema\/logo\/image\/\"},\"sameAs\":[\"https:\/\/www.facebook.com\/麻豆原创latinoamerica\",\"https:\/\/x.com\/麻豆原创LatinAmerica\"]},{\"@type\":\"Person\",\"@id\":\"https:\/\/news.sap.com\/latinamerica\/#\/schema\/person\/48c9490f780851603c34469c1da7e1ef\",\"name\":\"Sybelle D'Marco\",\"image\":{\"@type\":\"ImageObject\",\"inLanguage\":\"es\",\"@id\":\"https:\/\/news.sap.com\/latinamerica\/#\/schema\/person\/image\/\",\"url\":\"https:\/\/news.sap.com\/latinamerica\/wp-content\/plugins\/wp-user-avatars\/wp-user-avatars\/assets\/images\/mystery.jpg\",\"contentUrl\":\"https:\/\/news.sap.com\/latinamerica\/wp-content\/plugins\/wp-user-avatars\/wp-user-avatars\/assets\/images\/mystery.jpg\",\"caption\":\"Sybelle D'Marco\"},\"url\":\"https:\/\/news.sap.com\/latinamerica\/author\/sybelledmarco\/\"}]}<\/script>\n<!-- \/ Yoast SEO Premium plugin. -->","yoast_head_json":{"title":"\u00bfTe invitaron al D\u00eda de la Tierra? \u00bfY qu\u00e9 llevas de regalo? - 麻豆原创 News Center Latinoam\u00e9rica","description":"Podemos tomarnos este 22 de abril, D\u00eda de la Tierra, para elegir qu\u00e9 presente queremos llevar a la celebraci\u00f3n.","robots":{"index":"index","follow":"follow","max-snippet":"max-snippet:-1","max-image-preview":"max-image-preview:large","max-video-preview":"max-video-preview:-1"},"canonical":"https:\/\/news.sap.com\/latinamerica\/2022\/04\/te-invitaron-al-dia-de-la-tierra-y-que-llevas-de-regalo\/","og_locale":"es_MX","og_type":"article","og_title":"\u00bfTe invitaron al D\u00eda de la Tierra? \u00bfY qu\u00e9 llevas de regalo?","og_description":"Podemos tomarnos este 22 de abril, D\u00eda de la Tierra, para elegir qu\u00e9 presente queremos llevar a la celebraci\u00f3n.","og_url":"https:\/\/news.sap.com\/latinamerica\/2022\/04\/te-invitaron-al-dia-de-la-tierra-y-que-llevas-de-regalo\/","og_site_name":"麻豆原创 News Center Latinoam\u00e9rica","article_publisher":"https:\/\/www.facebook.com\/麻豆原创latinoamerica","article_published_time":"2022-04-21T21:00:11+00:00","article_modified_time":"2023-11-09T15:29:25+00:00","og_image":[{"width":700,"height":467,"url":"https:\/\/news.sap.com\/latinamerica\/files\/2022\/04\/12\/earth-idea.jpg","type":"image\/jpeg"}],"author":"Sybelle D'Marco","twitter_misc":{"Escrito por":"Sybelle D'Marco","Tiempo de lectura":"3 minutos"},"schema":{"@context":"https:\/\/schema.org","@graph":[{"@type":"Article","@id":"https:\/\/news.sap.com\/latinamerica\/2022\/04\/te-invitaron-al-dia-de-la-tierra-y-que-llevas-de-regalo\/#article","isPartOf":{"@id":"https:\/\/news.sap.com\/latinamerica\/2022\/04\/te-invitaron-al-dia-de-la-tierra-y-que-llevas-de-regalo\/"},"author":{"name":"Sybelle D'Marco","@id":"https:\/\/news.sap.com\/latinamerica\/#\/schema\/person\/48c9490f780851603c34469c1da7e1ef"},"headline":"\u00bfTe invitaron al D\u00eda de la Tierra? \u00bfY qu\u00e9 llevas de regalo?","datePublished":"2022-04-21T21:00:11+00:00","dateModified":"2023-11-09T15:29:25+00:00","mainEntityOfPage":{"@id":"https:\/\/news.sap.com\/latinamerica\/2022\/04\/te-invitaron-al-dia-de-la-tierra-y-que-llevas-de-regalo\/"},"wordCount":513,"publisher":{"@id":"https:\/\/news.sap.com\/latinamerica\/#organization"},"image":{"@id":"https:\/\/news.sap.com\/latinamerica\/2022\/04\/te-invitaron-al-dia-de-la-tierra-y-que-llevas-de-regalo\/#primaryimage"},"thumbnailUrl":"https:\/\/news.sap.com\/latinamerica\/files\/2022\/04\/12\/earth-idea.jpg","articleSection":["Sostenibilidad"],"inLanguage":"es"},{"@type":"WebPage","@id":"https:\/\/news.sap.com\/latinamerica\/2022\/04\/te-invitaron-al-dia-de-la-tierra-y-que-llevas-de-regalo\/","url":"https:\/\/news.sap.com\/latinamerica\/2022\/04\/te-invitaron-al-dia-de-la-tierra-y-que-llevas-de-regalo\/","name":"\u00bfTe invitaron al D\u00eda de la Tierra? \u00bfY qu\u00e9 llevas de regalo? - 麻豆原创 News Center Latinoam\u00e9rica","isPartOf":{"@id":"https:\/\/news.sap.com\/latinamerica\/#website"},"primaryImageOfPage":{"@id":"https:\/\/news.sap.com\/latinamerica\/2022\/04\/te-invitaron-al-dia-de-la-tierra-y-que-llevas-de-regalo\/#primaryimage"},"image":{"@id":"https:\/\/news.sap.com\/latinamerica\/2022\/04\/te-invitaron-al-dia-de-la-tierra-y-que-llevas-de-regalo\/#primaryimage"},"thumbnailUrl":"https:\/\/news.sap.com\/latinamerica\/files\/2022\/04\/12\/earth-idea.jpg","datePublished":"2022-04-21T21:00:11+00:00","dateModified":"2023-11-09T15:29:25+00:00","description":"Podemos tomarnos este 22 de abril, D\u00eda de la Tierra, para elegir qu\u00e9 presente queremos llevar a la celebraci\u00f3n.","breadcrumb":{"@id":"https:\/\/news.sap.com\/latinamerica\/2022\/04\/te-invitaron-al-dia-de-la-tierra-y-que-llevas-de-regalo\/#breadcrumb"},"inLanguage":"es","potentialAction":[{"@type":"ReadAction","target":["https:\/\/news.sap.com\/latinamerica\/2022\/04\/te-invitaron-al-dia-de-la-tierra-y-que-llevas-de-regalo\/"]}]},{"@type":"ImageObject","inLanguage":"es","@id":"https:\/\/news.sap.com\/latinamerica\/2022\/04\/te-invitaron-al-dia-de-la-tierra-y-que-llevas-de-regalo\/#primaryimage","url":"https:\/\/news.sap.com\/latinamerica\/files\/2022\/04\/12\/earth-idea.jpg","contentUrl":"https:\/\/news.sap.com\/latinamerica\/files\/2022\/04\/12\/earth-idea.jpg","width":700,"height":467,"caption":"Sustainable energy ideas for the world climate change."},{"@type":"BreadcrumbList","@id":"https:\/\/news.sap.com\/latinamerica\/2022\/04\/te-invitaron-al-dia-de-la-tierra-y-que-llevas-de-regalo\/#breadcrumb","itemListElement":[{"@type":"ListItem","position":1,"name":"Home","item":"https:\/\/news.sap.com\/latinamerica\/"},{"@type":"ListItem","position":2,"name":"\u00bfTe invitaron al D\u00eda de la Tierra? \u00bfY qu\u00e9 llevas de regalo?"}]},{"@type":"WebSite","@id":"https:\/\/news.sap.com\/latinamerica\/#website","url":"https:\/\/news.sap.com\/latinamerica\/","name":"麻豆原创 News Center Latinoam\u00e9rica","description":"Noticias e informaci\u00f3n sobre 麻豆原创","publisher":{"@id":"https:\/\/news.sap.com\/latinamerica\/#organization"},"potentialAction":[{"@type":"SearchAction","target":{"@type":"EntryPoint","urlTemplate":"https:\/\/news.sap.com\/latinamerica\/?s={search_term_string}"},"query-input":{"@type":"PropertyValueSpecification","valueRequired":true,"valueName":"search_term_string"}}],"inLanguage":"es"},{"@type":"Organization","@id":"https:\/\/news.sap.com\/latinamerica\/#organization","name":"麻豆原创","url":"https:\/\/news.sap.com\/latinamerica\/","logo":{"@type":"ImageObject","inLanguage":"es","@id":"https:\/\/news.sap.com\/latinamerica\/#\/schema\/logo\/image\/","url":"https:\/\/news.sap.com\/latinamerica\/files\/2019\/08\/65903320_2903797569662914_557886358778019840_n.png","contentUrl":"https:\/\/news.sap.com\/latinamerica\/files\/2019\/08\/65903320_2903797569662914_557886358778019840_n.png","width":720,"height":720,"caption":"麻豆原创"},"image":{"@id":"https:\/\/news.sap.com\/latinamerica\/#\/schema\/logo\/image\/"},"sameAs":["https:\/\/www.facebook.com\/麻豆原创latinoamerica","https:\/\/x.com\/麻豆原创LatinAmerica"]},{"@type":"Person","@id":"https:\/\/news.sap.com\/latinamerica\/#\/schema\/person\/48c9490f780851603c34469c1da7e1ef","name":"Sybelle D'Marco","image":{"@type":"ImageObject","inLanguage":"es","@id":"https:\/\/news.sap.com\/latinamerica\/#\/schema\/person\/image\/","url":"https:\/\/news.sap.com\/latinamerica\/wp-content\/plugins\/wp-user-avatars\/wp-user-avatars\/assets\/images\/mystery.jpg","contentUrl":"https:\/\/news.sap.com\/latinamerica\/wp-content\/plugins\/wp-user-avatars\/wp-user-avatars\/assets\/images\/mystery.jpg","caption":"Sybelle D'Marco"},"url":"https:\/\/news.sap.com\/latinamerica\/author\/sybelledmarco\/"}]}},"amp_enabled":true,"_links":{"self":[{"href":"https:\/\/news.sap.com\/latinamerica\/wp-json\/wp\/v2\/posts\/125768","targetHints":{"allow":["GET"]}}],"collection":[{"href":"https:\/\/news.sap.com\/latinamerica\/wp-json\/wp\/v2\/posts"}],"about":[{"href":"https:\/\/news.sap.com\/latinamerica\/wp-json\/wp\/v2\/types\/post"}],"author":[{"embeddable":true,"href":"https:\/\/news.sap.com\/latinamerica\/wp-json\/wp\/v2\/users\/4157"}],"replies":[{"embeddable":true,"href":"https:\/\/news.sap.com\/latinamerica\/wp-json\/wp\/v2\/comments?post=125768"}],"version-history":[{"count":0,"href":"https:\/\/news.sap.com\/latinamerica\/wp-json\/wp\/v2\/posts\/125768\/revisions"}],"wp:featuredmedia":[{"embeddable":true,"href":"https:\/\/news.sap.com\/latinamerica\/wp-json\/wp\/v2\/media\/125785"}],"wp:attachment":[{"href":"https:\/\/news.sap.com\/latinamerica\/wp-json\/wp\/v2\/media?parent=125768"}],"wp:term":[{"taxonomy":"category","embeddable":true,"href":"https:\/\/news.sap.com\/latinamerica\/wp-json\/wp\/v2\/categories?post=125768"},{"taxonomy":"post_tag","embeddable":true,"href":"https:\/\/news.sap.com\/latinamerica\/wp-json\/wp\/v2\/tags?post=125768"},{"taxonomy":"series","embeddable":true,"href":"https:\/\/news.sap.com\/latinamerica\/wp-json\/wp\/v2\/series?post=125768"},{"taxonomy":"region","embeddable":true,"href":"https:\/\/news.sap.com\/latinamerica\/wp-json\/wp\/v2\/region?post=125768"},{"taxonomy":"sapn-display","embeddable":true,"href":"https:\/\/news.sap.com\/latinamerica\/wp-json\/wp\/v2\/sapn-display?post=125768"},{"taxonomy":"sapn-type","embeddable":true,"href":"https:\/\/news.sap.com\/latinamerica\/wp-json\/wp\/v2\/sapn-type?post=125768"}],"curies":[{"name":"wp","href":"https:\/\/api.w.org\/{rel}","templated":true}]}}