  {"id":125640,"date":"2022-03-02T11:00:22","date_gmt":"2022-03-02T16:00:22","guid":{"rendered":"https:\/\/news.sap.com\/latinamerica\/?p=125640"},"modified":"2023-11-09T10:29:32","modified_gmt":"2023-11-09T15:29:32","slug":"expresamos-nuestra-solidaridad","status":"publish","type":"post","link":"https:\/\/news.sap.com\/latinamerica\/2022\/03\/expresamos-nuestra-solidaridad\/","title":{"rendered":"Expresamos nuestra solidaridad"},"content":{"rendered":"<p class=\"lead\">Al igual que el resto del mundo, vemos con horror la guerra en Ucrania y condenamos la invasi\u00f3n en los t\u00e9rminos m\u00e1s en\u00e9rgicos posibles. Un acto tan inhumano e injustificado como este es un ataque a la democracia y a la humanidad. Sus consecuencias nos afectan a todos.<\/p>\n<p>Las sanciones econ\u00f3micas son un mecanismo importante en los esfuerzos por restaurar la paz. Estamos en constante intercambio con los gobiernos de todo el mundo, tenemos total confianza en su orientaci\u00f3n y apoyamos plenamente las medidas adoptadas hasta el momento. Estamos suspendiendo nuestros negocios en Rusia y Bielorrusia en l\u00ednea con las sanciones y, adem\u00e1s, pondremos en pausa todas las ventas de nuestros servicios y productos en esos pa\u00edses.<\/p>\n<p>Cuando cientos de miles de personas huyen de sus hogares, encontrar y dar refugio r\u00e1pidamente es crucial. Hemos asignado inicialmente un mill\u00f3n de euros para brindar apoyo humanitario al pueblo de Ucrania y estamos trabajando con organizaciones nacionales de la Cruz Roja, la Agencia de las Naciones Unidas para los Refugiados (ACNUR) y otras organizaciones a fin de poner nuestra tecnolog\u00eda a disposici\u00f3n para apoyar sus esfuerzos.<\/p>\n<p>Por ejemplo, nuestras soluciones de software pueden ayudar a las organizaciones a registrar refugiados, coordinar los esfuerzos de voluntarios y adquirir productos humanitarios. Adem\u00e1s, estamos trabajando con Qualtrics para ayudar a las organizaciones sin fines de lucro y los gobiernos regionales a comprender las necesidades m\u00e1s apremiantes de las personas a las que atienden y orientarlas para que encuentren alojamiento y suministros esenciales en el terreno. Tambi\u00e9n hemos ofrecido convertir nuestro espacio de oficinas en lugares de toda Europa en almacenes y alojamientos para refugiados.<\/p>\n<p>La seguridad y protecci\u00f3n de nuestros colegas en la regi\u00f3n es de suma importancia. Para aquellos compa\u00f1eros que eligieron irse de Ucrania, estamos brindando apoyo financiero y log\u00edstico para tratar de hacer que este paso incre\u00edblemente dif\u00edcil sea lo m\u00e1s f\u00e1cil posible.<\/p>\n<p>La familia 麻豆原创 est\u00e1 con todos los afectados y horrorizados por los acontecimientos en Ucrania. En una guerra no hay ganadores, y nos unimos a otros para hacer un llamado a restaurar la paz.<\/p>\n<hr \/>\n<p><em>Actualizado el 9 de marzo:<\/em> hemos suspendido las ventas en Rusia y Bielorrusia. Apoyamos al pueblo de Ucrania y condenamos la guerra.<\/p>\n<hr \/>\n<p><em>Christian Klein es CEO de 麻豆原创 SE.<\/em><\/p>\n","protected":false},"excerpt":{"rendered":"<p>La familia 麻豆原创 est\u00e1 con todos los afectados y horrorizados por los acontecimientos en Ucrania.<\/p>\n","protected":false},"author":1295,"featured_media":125642,"comment_status":"closed","ping_status":"closed","sticky":false,"template":"","format":"standard","meta":{"footnotes":"","_links_to":"","_links_to_target":""},"categories":[41591],"tags":[],"series":[],"region":[26401],"sapn-display":[5600442,5600440,52078,52079,53499],"sapn-type":[6114],"class_list":["post-125640","post","type-post","status-publish","format-standard","has-post-thumbnail","hentry","category-corporativo","region-latinoamerica","sapn-display-articulo-destacado","sapn-display-articulo-principal","sapn-display-homepage-hero","sapn-display-top-stories","sapn-display-hero","sapn-type-articulo"],"yoast_head":"<!-- This site is optimized with the Yoast SEO Premium plugin v26.9 (Yoast SEO v26.9) - https:\/\/yoast.com\/product\/yoast-seo-premium-wordpress\/ -->\n<title>Expresamos nuestra solidaridad - 麻豆原创 News Center Latinoam\u00e9rica<\/title>\n<meta name=\"description\" content=\"Al igual que el resto del mundo, vemos con horror la guerra en Ucrania y condenamos la invasi\u00f3n en los t\u00e9rminos m\u00e1s en\u00e9rgicos posibles.\" \/>\n<meta name=\"robots\" content=\"index, follow, max-snippet:-1, max-image-preview:large, max-video-preview:-1\" \/>\n<link rel=\"canonical\" href=\"https:\/\/news.sap.com\/latinamerica\/2022\/03\/expresamos-nuestra-solidaridad\/\" \/>\n<meta property=\"og:locale\" content=\"es_MX\" \/>\n<meta property=\"og:type\" content=\"article\" \/>\n<meta property=\"og:title\" content=\"Expresamos nuestra solidaridad\" \/>\n<meta property=\"og:description\" content=\"Al igual que el resto del mundo, vemos con horror la guerra en Ucrania y condenamos la invasi\u00f3n en los t\u00e9rminos m\u00e1s en\u00e9rgicos posibles.\" \/>\n<meta property=\"og:url\" content=\"https:\/\/news.sap.com\/latinamerica\/2022\/03\/expresamos-nuestra-solidaridad\/\" \/>\n<meta property=\"og:site_name\" content=\"麻豆原创 News Center Latinoam\u00e9rica\" \/>\n<meta property=\"article:publisher\" content=\"https:\/\/www.facebook.com\/麻豆原创latinoamerica\" \/>\n<meta property=\"article:published_time\" content=\"2022-03-02T16:00:22+00:00\" \/>\n<meta property=\"article:modified_time\" content=\"2023-11-09T15:29:32+00:00\" \/>\n<meta property=\"og:image\" content=\"https:\/\/news.sap.com\/latinamerica\/files\/2022\/03\/02\/Design-sem-nome-1024x323.png\" \/>\n\t<meta property=\"og:image:width\" content=\"1024\" \/>\n\t<meta property=\"og:image:height\" content=\"323\" \/>\n\t<meta property=\"og:image:type\" content=\"image\/png\" \/>\n<meta name=\"author\" content=\"Christian Klein\" \/>\n<meta name=\"twitter:label1\" content=\"Escrito por\" \/>\n\t<meta name=\"twitter:data1\" content=\"Christian Klein\" \/>\n\t<meta name=\"twitter:label2\" content=\"Tiempo de lectura\" \/>\n\t<meta name=\"twitter:data2\" content=\"2 minutos\" \/>\n<script type=\"application\/ld+json\" class=\"yoast-schema-graph\">{\"@context\":\"https:\/\/schema.org\",\"@graph\":[{\"@type\":\"Article\",\"@id\":\"https:\/\/news.sap.com\/latinamerica\/2022\/03\/expresamos-nuestra-solidaridad\/#article\",\"isPartOf\":{\"@id\":\"https:\/\/news.sap.com\/latinamerica\/2022\/03\/expresamos-nuestra-solidaridad\/\"},\"author\":{\"name\":\"Christian Klein\",\"@id\":\"https:\/\/news.sap.com\/latinamerica\/#\/schema\/person\/ac67f6cb1215d36a8e9f4e373796bf19\"},\"headline\":\"Expresamos nuestra solidaridad\",\"datePublished\":\"2022-03-02T16:00:22+00:00\",\"dateModified\":\"2023-11-09T15:29:32+00:00\",\"mainEntityOfPage\":{\"@id\":\"https:\/\/news.sap.com\/latinamerica\/2022\/03\/expresamos-nuestra-solidaridad\/\"},\"wordCount\":400,\"publisher\":{\"@id\":\"https:\/\/news.sap.com\/latinamerica\/#organization\"},\"image\":{\"@id\":\"https:\/\/news.sap.com\/latinamerica\/2022\/03\/expresamos-nuestra-solidaridad\/#primaryimage\"},\"thumbnailUrl\":\"https:\/\/news.sap.com\/latinamerica\/files\/2022\/03\/02\/Design-sem-nome.png\",\"articleSection\":[\"Corporativo\"],\"inLanguage\":\"es\"},{\"@type\":\"WebPage\",\"@id\":\"https:\/\/news.sap.com\/latinamerica\/2022\/03\/expresamos-nuestra-solidaridad\/\",\"url\":\"https:\/\/news.sap.com\/latinamerica\/2022\/03\/expresamos-nuestra-solidaridad\/\",\"name\":\"Expresamos nuestra solidaridad - 麻豆原创 News Center Latinoam\u00e9rica\",\"isPartOf\":{\"@id\":\"https:\/\/news.sap.com\/latinamerica\/#website\"},\"primaryImageOfPage\":{\"@id\":\"https:\/\/news.sap.com\/latinamerica\/2022\/03\/expresamos-nuestra-solidaridad\/#primaryimage\"},\"image\":{\"@id\":\"https:\/\/news.sap.com\/latinamerica\/2022\/03\/expresamos-nuestra-solidaridad\/#primaryimage\"},\"thumbnailUrl\":\"https:\/\/news.sap.com\/latinamerica\/files\/2022\/03\/02\/Design-sem-nome.png\",\"datePublished\":\"2022-03-02T16:00:22+00:00\",\"dateModified\":\"2023-11-09T15:29:32+00:00\",\"description\":\"Al igual que el resto del mundo, vemos con horror la guerra en Ucrania y condenamos la invasi\u00f3n en los t\u00e9rminos m\u00e1s en\u00e9rgicos posibles.\",\"breadcrumb\":{\"@id\":\"https:\/\/news.sap.com\/latinamerica\/2022\/03\/expresamos-nuestra-solidaridad\/#breadcrumb\"},\"inLanguage\":\"es\",\"potentialAction\":[{\"@type\":\"ReadAction\",\"target\":[\"https:\/\/news.sap.com\/latinamerica\/2022\/03\/expresamos-nuestra-solidaridad\/\"]}]},{\"@type\":\"ImageObject\",\"inLanguage\":\"es\",\"@id\":\"https:\/\/news.sap.com\/latinamerica\/2022\/03\/expresamos-nuestra-solidaridad\/#primaryimage\",\"url\":\"https:\/\/news.sap.com\/latinamerica\/files\/2022\/03\/02\/Design-sem-nome.png\",\"contentUrl\":\"https:\/\/news.sap.com\/latinamerica\/files\/2022\/03\/02\/Design-sem-nome.png\",\"width\":1900,\"height\":600},{\"@type\":\"BreadcrumbList\",\"@id\":\"https:\/\/news.sap.com\/latinamerica\/2022\/03\/expresamos-nuestra-solidaridad\/#breadcrumb\",\"itemListElement\":[{\"@type\":\"ListItem\",\"position\":1,\"name\":\"Home\",\"item\":\"https:\/\/news.sap.com\/latinamerica\/\"},{\"@type\":\"ListItem\",\"position\":2,\"name\":\"Expresamos nuestra solidaridad\"}]},{\"@type\":\"WebSite\",\"@id\":\"https:\/\/news.sap.com\/latinamerica\/#website\",\"url\":\"https:\/\/news.sap.com\/latinamerica\/\",\"name\":\"麻豆原创 News Center Latinoam\u00e9rica\",\"description\":\"Noticias e informaci\u00f3n sobre 麻豆原创\",\"publisher\":{\"@id\":\"https:\/\/news.sap.com\/latinamerica\/#organization\"},\"potentialAction\":[{\"@type\":\"SearchAction\",\"target\":{\"@type\":\"EntryPoint\",\"urlTemplate\":\"https:\/\/news.sap.com\/latinamerica\/?s={search_term_string}\"},\"query-input\":{\"@type\":\"PropertyValueSpecification\",\"valueRequired\":true,\"valueName\":\"search_term_string\"}}],\"inLanguage\":\"es\"},{\"@type\":\"Organization\",\"@id\":\"https:\/\/news.sap.com\/latinamerica\/#organization\",\"name\":\"麻豆原创\",\"url\":\"https:\/\/news.sap.com\/latinamerica\/\",\"logo\":{\"@type\":\"ImageObject\",\"inLanguage\":\"es\",\"@id\":\"https:\/\/news.sap.com\/latinamerica\/#\/schema\/logo\/image\/\",\"url\":\"https:\/\/news.sap.com\/latinamerica\/files\/2019\/08\/65903320_2903797569662914_557886358778019840_n.png\",\"contentUrl\":\"https:\/\/news.sap.com\/latinamerica\/files\/2019\/08\/65903320_2903797569662914_557886358778019840_n.png\",\"width\":720,\"height\":720,\"caption\":\"麻豆原创\"},\"image\":{\"@id\":\"https:\/\/news.sap.com\/latinamerica\/#\/schema\/logo\/image\/\"},\"sameAs\":[\"https:\/\/www.facebook.com\/麻豆原创latinoamerica\",\"https:\/\/x.com\/麻豆原创LatinAmerica\"]},{\"@type\":\"Person\",\"@id\":\"https:\/\/news.sap.com\/latinamerica\/#\/schema\/person\/ac67f6cb1215d36a8e9f4e373796bf19\",\"name\":\"Christian Klein\",\"image\":{\"@type\":\"ImageObject\",\"inLanguage\":\"es\",\"@id\":\"https:\/\/news.sap.com\/latinamerica\/#\/schema\/person\/image\/\",\"url\":\"https:\/\/news.sap.com\/wp-content\/blogs.dir\/1\/files\/2024\/08\/19\/avatar_user_1295_1724080240-96x96.jpg\",\"contentUrl\":\"https:\/\/news.sap.com\/wp-content\/blogs.dir\/1\/files\/2024\/08\/19\/avatar_user_1295_1724080240-96x96.jpg\",\"caption\":\"Christian Klein\"},\"description\":\"CEO and Member of the Executive Board of 麻豆原创 SE\",\"sameAs\":[\"https:\/\/www.sap.com\/about\/company\/leadership\/christian-klein.html\"],\"url\":\"https:\/\/news.sap.com\/latinamerica\/author\/christianklein\/\"}]}<\/script>\n<!-- \/ Yoast SEO Premium plugin. -->","yoast_head_json":{"title":"Expresamos nuestra solidaridad - 麻豆原创 News Center Latinoam\u00e9rica","description":"Al igual que el resto del mundo, vemos con horror la guerra en Ucrania y condenamos la invasi\u00f3n en los t\u00e9rminos m\u00e1s en\u00e9rgicos posibles.","robots":{"index":"index","follow":"follow","max-snippet":"max-snippet:-1","max-image-preview":"max-image-preview:large","max-video-preview":"max-video-preview:-1"},"canonical":"https:\/\/news.sap.com\/latinamerica\/2022\/03\/expresamos-nuestra-solidaridad\/","og_locale":"es_MX","og_type":"article","og_title":"Expresamos nuestra solidaridad","og_description":"Al igual que el resto del mundo, vemos con horror la guerra en Ucrania y condenamos la invasi\u00f3n en los t\u00e9rminos m\u00e1s en\u00e9rgicos posibles.","og_url":"https:\/\/news.sap.com\/latinamerica\/2022\/03\/expresamos-nuestra-solidaridad\/","og_site_name":"麻豆原创 News Center Latinoam\u00e9rica","article_publisher":"https:\/\/www.facebook.com\/麻豆原创latinoamerica","article_published_time":"2022-03-02T16:00:22+00:00","article_modified_time":"2023-11-09T15:29:32+00:00","og_image":[{"width":1024,"height":323,"url":"https:\/\/news.sap.com\/latinamerica\/files\/2022\/03\/02\/Design-sem-nome-1024x323.png","type":"image\/png"}],"author":"Christian Klein","twitter_misc":{"Escrito por":"Christian Klein","Tiempo de lectura":"2 minutos"},"schema":{"@context":"https:\/\/schema.org","@graph":[{"@type":"Article","@id":"https:\/\/news.sap.com\/latinamerica\/2022\/03\/expresamos-nuestra-solidaridad\/#article","isPartOf":{"@id":"https:\/\/news.sap.com\/latinamerica\/2022\/03\/expresamos-nuestra-solidaridad\/"},"author":{"name":"Christian Klein","@id":"https:\/\/news.sap.com\/latinamerica\/#\/schema\/person\/ac67f6cb1215d36a8e9f4e373796bf19"},"headline":"Expresamos nuestra solidaridad","datePublished":"2022-03-02T16:00:22+00:00","dateModified":"2023-11-09T15:29:32+00:00","mainEntityOfPage":{"@id":"https:\/\/news.sap.com\/latinamerica\/2022\/03\/expresamos-nuestra-solidaridad\/"},"wordCount":400,"publisher":{"@id":"https:\/\/news.sap.com\/latinamerica\/#organization"},"image":{"@id":"https:\/\/news.sap.com\/latinamerica\/2022\/03\/expresamos-nuestra-solidaridad\/#primaryimage"},"thumbnailUrl":"https:\/\/news.sap.com\/latinamerica\/files\/2022\/03\/02\/Design-sem-nome.png","articleSection":["Corporativo"],"inLanguage":"es"},{"@type":"WebPage","@id":"https:\/\/news.sap.com\/latinamerica\/2022\/03\/expresamos-nuestra-solidaridad\/","url":"https:\/\/news.sap.com\/latinamerica\/2022\/03\/expresamos-nuestra-solidaridad\/","name":"Expresamos nuestra solidaridad - 麻豆原创 News Center Latinoam\u00e9rica","isPartOf":{"@id":"https:\/\/news.sap.com\/latinamerica\/#website"},"primaryImageOfPage":{"@id":"https:\/\/news.sap.com\/latinamerica\/2022\/03\/expresamos-nuestra-solidaridad\/#primaryimage"},"image":{"@id":"https:\/\/news.sap.com\/latinamerica\/2022\/03\/expresamos-nuestra-solidaridad\/#primaryimage"},"thumbnailUrl":"https:\/\/news.sap.com\/latinamerica\/files\/2022\/03\/02\/Design-sem-nome.png","datePublished":"2022-03-02T16:00:22+00:00","dateModified":"2023-11-09T15:29:32+00:00","description":"Al igual que el resto del mundo, vemos con horror la guerra en Ucrania y condenamos la invasi\u00f3n en los t\u00e9rminos m\u00e1s en\u00e9rgicos posibles.","breadcrumb":{"@id":"https:\/\/news.sap.com\/latinamerica\/2022\/03\/expresamos-nuestra-solidaridad\/#breadcrumb"},"inLanguage":"es","potentialAction":[{"@type":"ReadAction","target":["https:\/\/news.sap.com\/latinamerica\/2022\/03\/expresamos-nuestra-solidaridad\/"]}]},{"@type":"ImageObject","inLanguage":"es","@id":"https:\/\/news.sap.com\/latinamerica\/2022\/03\/expresamos-nuestra-solidaridad\/#primaryimage","url":"https:\/\/news.sap.com\/latinamerica\/files\/2022\/03\/02\/Design-sem-nome.png","contentUrl":"https:\/\/news.sap.com\/latinamerica\/files\/2022\/03\/02\/Design-sem-nome.png","width":1900,"height":600},{"@type":"BreadcrumbList","@id":"https:\/\/news.sap.com\/latinamerica\/2022\/03\/expresamos-nuestra-solidaridad\/#breadcrumb","itemListElement":[{"@type":"ListItem","position":1,"name":"Home","item":"https:\/\/news.sap.com\/latinamerica\/"},{"@type":"ListItem","position":2,"name":"Expresamos nuestra solidaridad"}]},{"@type":"WebSite","@id":"https:\/\/news.sap.com\/latinamerica\/#website","url":"https:\/\/news.sap.com\/latinamerica\/","name":"麻豆原创 News Center Latinoam\u00e9rica","description":"Noticias e informaci\u00f3n sobre 麻豆原创","publisher":{"@id":"https:\/\/news.sap.com\/latinamerica\/#organization"},"potentialAction":[{"@type":"SearchAction","target":{"@type":"EntryPoint","urlTemplate":"https:\/\/news.sap.com\/latinamerica\/?s={search_term_string}"},"query-input":{"@type":"PropertyValueSpecification","valueRequired":true,"valueName":"search_term_string"}}],"inLanguage":"es"},{"@type":"Organization","@id":"https:\/\/news.sap.com\/latinamerica\/#organization","name":"麻豆原创","url":"https:\/\/news.sap.com\/latinamerica\/","logo":{"@type":"ImageObject","inLanguage":"es","@id":"https:\/\/news.sap.com\/latinamerica\/#\/schema\/logo\/image\/","url":"https:\/\/news.sap.com\/latinamerica\/files\/2019\/08\/65903320_2903797569662914_557886358778019840_n.png","contentUrl":"https:\/\/news.sap.com\/latinamerica\/files\/2019\/08\/65903320_2903797569662914_557886358778019840_n.png","width":720,"height":720,"caption":"麻豆原创"},"image":{"@id":"https:\/\/news.sap.com\/latinamerica\/#\/schema\/logo\/image\/"},"sameAs":["https:\/\/www.facebook.com\/麻豆原创latinoamerica","https:\/\/x.com\/麻豆原创LatinAmerica"]},{"@type":"Person","@id":"https:\/\/news.sap.com\/latinamerica\/#\/schema\/person\/ac67f6cb1215d36a8e9f4e373796bf19","name":"Christian Klein","image":{"@type":"ImageObject","inLanguage":"es","@id":"https:\/\/news.sap.com\/latinamerica\/#\/schema\/person\/image\/","url":"https:\/\/news.sap.com\/wp-content\/blogs.dir\/1\/files\/2024\/08\/19\/avatar_user_1295_1724080240-96x96.jpg","contentUrl":"https:\/\/news.sap.com\/wp-content\/blogs.dir\/1\/files\/2024\/08\/19\/avatar_user_1295_1724080240-96x96.jpg","caption":"Christian Klein"},"description":"CEO and Member of the Executive Board of 麻豆原创 SE","sameAs":["https:\/\/www.sap.com\/about\/company\/leadership\/christian-klein.html"],"url":"https:\/\/news.sap.com\/latinamerica\/author\/christianklein\/"}]}},"amp_enabled":true,"_links":{"self":[{"href":"https:\/\/news.sap.com\/latinamerica\/wp-json\/wp\/v2\/posts\/125640","targetHints":{"allow":["GET"]}}],"collection":[{"href":"https:\/\/news.sap.com\/latinamerica\/wp-json\/wp\/v2\/posts"}],"about":[{"href":"https:\/\/news.sap.com\/latinamerica\/wp-json\/wp\/v2\/types\/post"}],"author":[{"embeddable":true,"href":"https:\/\/news.sap.com\/latinamerica\/wp-json\/wp\/v2\/users\/1295"}],"replies":[{"embeddable":true,"href":"https:\/\/news.sap.com\/latinamerica\/wp-json\/wp\/v2\/comments?post=125640"}],"version-history":[{"count":0,"href":"https:\/\/news.sap.com\/latinamerica\/wp-json\/wp\/v2\/posts\/125640\/revisions"}],"wp:featuredmedia":[{"embeddable":true,"href":"https:\/\/news.sap.com\/latinamerica\/wp-json\/wp\/v2\/media\/125642"}],"wp:attachment":[{"href":"https:\/\/news.sap.com\/latinamerica\/wp-json\/wp\/v2\/media?parent=125640"}],"wp:term":[{"taxonomy":"category","embeddable":true,"href":"https:\/\/news.sap.com\/latinamerica\/wp-json\/wp\/v2\/categories?post=125640"},{"taxonomy":"post_tag","embeddable":true,"href":"https:\/\/news.sap.com\/latinamerica\/wp-json\/wp\/v2\/tags?post=125640"},{"taxonomy":"series","embeddable":true,"href":"https:\/\/news.sap.com\/latinamerica\/wp-json\/wp\/v2\/series?post=125640"},{"taxonomy":"region","embeddable":true,"href":"https:\/\/news.sap.com\/latinamerica\/wp-json\/wp\/v2\/region?post=125640"},{"taxonomy":"sapn-display","embeddable":true,"href":"https:\/\/news.sap.com\/latinamerica\/wp-json\/wp\/v2\/sapn-display?post=125640"},{"taxonomy":"sapn-type","embeddable":true,"href":"https:\/\/news.sap.com\/latinamerica\/wp-json\/wp\/v2\/sapn-type?post=125640"}],"curies":[{"name":"wp","href":"https:\/\/api.w.org\/{rel}","templated":true}]}}