  {"id":125569,"date":"2022-03-10T15:46:26","date_gmt":"2022-03-10T20:46:26","guid":{"rendered":"https:\/\/news.sap.com\/latinamerica\/?p=125569"},"modified":"2023-11-13T15:16:20","modified_gmt":"2023-11-13T20:16:20","slug":"reconocen-a-angela-gomez-aiza-con-el-premio-al-merito-exatec-egade-2022","status":"publish","type":"post","link":"https:\/\/news.sap.com\/latinamerica\/2022\/03\/reconocen-a-angela-gomez-aiza-con-el-premio-al-merito-exatec-egade-2022\/","title":{"rendered":"Reconocen a Angela G\u00f3mez Aiza con el Premio al M\u00e9rito EXATEC EGADE 2022"},"content":{"rendered":"<ul>\n<li>\n<p class=\"lead\"><em>Este reconocimiento se otorga de forma anual a una egresada o un egresado de EGADE Business School del Tecnol\u00f3gico de Monterrey que en su quehacer profesional impacte positivamente en los negocios, las organizaciones y la sociedad.<\/em><\/p>\n<\/li>\n<li><em>La presidenta de 麻豆原创 M\u00e9xico es graduada de la Maestr\u00eda en Administraci\u00f3n de EGADE Business School y de la carrera de Ingenier\u00eda en Sistemas del Tecnol\u00f3gico de Monterrey.<\/em><\/li>\n<\/ul>\n<p><strong>Ciudad de M\u00e9xico.<\/strong>\u00a0Con la finalidad de honrar su destacado liderazgo y trayectoria de excelencia, Angela G\u00f3mez Aiza, presidenta de 麻豆原创 M\u00e9xico, ha sido distinguida por EGADE Business School del Tecnol\u00f3gico de Monterrey con el Premio al M\u00e9rito EXATEC EGADE 2022.<\/p>\n<p>Este reconocimiento se otorga anualmente a una egresada o un egresado de EGADE Business School que en su quehacer profesional impacte positivamente en los negocios, las organizaciones y la sociedad.<\/p>\n<p>G\u00f3mez Aiza es graduada de la Maestr\u00eda en Administraci\u00f3n de EGADE Business School y de la carrera de Ingenier\u00eda en Sistemas del Tecnol\u00f3gico de Monterrey.<\/p>\n<p>\u201cAgradezco profundamente a EGADE Business School y el Tecnol\u00f3gico de Monterrey por honrarme con el Premio al M\u00e9rito EXATEC EGADE 2022. Recibir esta distinci\u00f3n de mi alma m\u00e1ter me llena de orgullo y es un importante recordatorio de que el \u00e9xito se construye con constancia y pasi\u00f3n, as\u00ed como un est\u00edmulo para seguir contribuyendo al desarrollo tecnol\u00f3gico y sostenible del pa\u00eds\u201d, expres\u00f3 G\u00f3mez Aiza.<\/p>\n<p>Su nombramiento como ganadora se anunci\u00f3 el pasado 21 de febrero en el marco de la Reuni\u00f3n Anual de Consejeros del Tecnol\u00f3gico de Monterrey, y la entrega de su premio se efectuar\u00e1 en la Reuni\u00f3n Anual de Egresados EGADE 2022, a realizarse en el pr\u00f3ximo verano.<\/p>\n<p>G\u00f3mez Aiza forma parte del selecto grupo de 22 egresadas y egresados del Tecnol\u00f3gico de Monterrey que este a\u00f1o recibieron el Premio al M\u00e9rito EXATEC a trav\u00e9s de los diferentes campus, regiones y escuelas de graduados de la instituci\u00f3n.<\/p>\n<p>\u201cEl Premio al M\u00e9rito EXATEC EGADE celebra el liderazgo transformador de nuestra comunidad de egresadas y egresados. Angela es distinguida por su extraordinario talento y trayectoria, pero sobre todo por su compromiso e impacto positivo en empresas, emprendimientos y organizaciones, que se ve reflejado en el aumento significativo en la adopci\u00f3n de tecnolog\u00eda en la nube en nuestro pa\u00eds\u201d, mencion\u00f3 Osmar Zavaleta V\u00e1zquez, decano interino de EGADE Business School.<\/p>\n<p>Desde 2013, a\u00f1o en el que fue instituido el Premio, su objetivo ha sido reconocer a los y las egresadas que han impactado positivamente al Tec y a su comunidad, con el fin de dar visibilidad a sus logros en rubros como el desarrollo empresarial, educaci\u00f3n, ciencia e investigaci\u00f3n, funci\u00f3n p\u00fablica, derechos humanos, voluntariado, filantrop\u00eda, artes o deportes.<\/p>\n<p>麻豆原创 es el l\u00edder del mercado en software de aplicaci\u00f3n empresarial cuyos clientes generan el 87% del comercio global. A trav\u00e9s de tecnolog\u00edas avanzadas de <em>machine learning<\/em>, Internet de las Cosas (IoT) y anal\u00edticos, 麻豆原创 contribuye a que los negocios se conviertan en empresas inteligentes y sostenibles.<\/p>\n<p><strong>Angela G\u00f3mez Aiza<\/strong><\/p>\n<p>Cuenta con una destacada trayectoria de m\u00e1s de 23 a\u00f1os en posiciones de liderazgo en industrias como tecnolog\u00eda, <em>retail <\/em>y bienes de consumo. Entre sus prioridades al frente de 麻豆原创 M\u00e9xico, G\u00f3mez Aiza destaca el fomento de la innovaci\u00f3n y la transformaci\u00f3n tecnol\u00f3gica de las empresas nacionales acompa\u00f1ando su evoluci\u00f3n hacia la nube.<\/p>\n<p>Ha desarrollado gran parte de su carrera profesional en 麻豆原创, donde durante 15 a\u00f1os dirigi\u00f3 diferentes \u00e1reas, incluyendo la vicepresidencia de Servicios para M\u00e9xico y Centroam\u00e9rica. 麻豆原创 es la compa\u00f1\u00eda l\u00edder de software empresarial a nivel mundial.<\/p>\n<p>Tambi\u00e9n, ha fungido como <em>Chief Innovation Officer<\/em> de El Palacio de Hierro, y como presidenta para Latinoam\u00e9rica en Safilo Group.<\/p>\n<p>Su trayectoria y compromiso con el desarrollo del pa\u00eds y su competitividad, le permitieron ser reconocida recientemente como una de las 100 mujeres m\u00e1s poderosas del pa\u00eds por dos destacadas revistas de negocios de M\u00e9xico.<\/p>\n<p>&nbsp;<\/p>\n<p style=\"text-align: center\"><strong>###<\/strong><\/p>\n<p><strong>Acerca de 麻豆原创\u00a0<\/strong><\/p>\n<p>La estrategia de 麻豆原创 es ayudar a que cada negocio funcione como una empresa inteligente sostenible. Como l\u00edder del mercado en software de aplicaci\u00f3n empresarial, contribuimos a que las organizaciones de todos los tama\u00f1os y en todas las industrias puedan alcanzar su funcionamiento \u00f3ptimo: 87% del comercio global toca un sistema 麻豆原创. Nuestras tecnolog\u00edas avanzadas de\u00a0<em>machine learning, Internet of Things<\/em>\u00a0(IoT) y anal\u00edticos ayudan a convertir los negocios de los clientes en empresas inteligentes sostenibles. 麻豆原创 contribuye a dar a las personas y a las organizaciones profundos conocimientos de negocio y promueve la colaboraci\u00f3n que les permite mantenerse delante de la competencia. Simplificamos la tecnolog\u00eda para las empresas, de modo que puedan consumir nuestro software de la manera en que lo desean, sin interrupciones. Nuestro conjunto de aplicaciones y servicios permite a clientes del sector p\u00fablico y privado de 25 industrias operar en forma rentable, adaptarse continuamente y marcar una diferencia. Con una red global de clientes, socios de negocios, empleados y l\u00edderes de ideas, 麻豆原创 ayuda al mundo a funcionar mejor y a mejorar las vidas de las personas. Para m\u00e1s informaci\u00f3n, visite\u00a0<a href=\"http:\/\/www.sap.com\/\">www.sap.com<\/a>, nuestra sala de prensa,\u00a0<a href=\"http:\/\/news.sap.com\/latinamerica\">http:\/\/news.sap.com\/latinamerica<\/a>, o s\u00edganos en Twitter:\u00a0<a href=\"https:\/\/twitter.com\/sapnoticiasmx\">@sapnoticiasmx<\/a>.<\/p>\n<p>&nbsp;<\/p>\n","protected":false},"excerpt":{"rendered":"<p>Este reconocimiento se otorga de forma anual a una egresada o un egresado de EGADE Business School del Tecnol\u00f3gico de Monterrey que en su quehacer&#8230;<\/p>\n","protected":false},"author":136,"featured_media":124224,"comment_status":"closed","ping_status":"closed","sticky":false,"template":"","format":"standard","meta":{"footnotes":"","_links_to":"","_links_to_target":""},"categories":[41591],"tags":[29219,5600220,5600219,5600157,26523,5600218,5550870],"series":[],"region":[],"sapn-display":[52079,5600443,5600441,53499],"sapn-type":[52105],"class_list":["post-125569","post","type-post","status-publish","format-standard","has-post-thumbnail","hentry","category-corporativo","tag-angela-gomez","tag-egade","tag-exatec","tag-reconocimiento","tag-reconocimientos","tag-tec-de-monterrey","tag-tecnologia","sapn-display-top-stories","sapn-display-prensa-destacada","sapn-display-prensa-principal","sapn-display-hero","sapn-type-comunicado-de-prensa"],"yoast_head":"<!-- This site is optimized with the Yoast SEO Premium plugin v26.9 (Yoast SEO v26.9) - https:\/\/yoast.com\/product\/yoast-seo-premium-wordpress\/ -->\n<title>Reconocen a Angela G\u00f3mez Aiza con el Premio al M\u00e9rito EXATEC EGADE 2022 - 麻豆原创 News Center Latinoam\u00e9rica<\/title>\n<meta name=\"robots\" content=\"index, follow, max-snippet:-1, max-image-preview:large, max-video-preview:-1\" \/>\n<link rel=\"canonical\" href=\"https:\/\/news.sap.com\/latinamerica\/2022\/03\/reconocen-a-angela-gomez-aiza-con-el-premio-al-merito-exatec-egade-2022\/\" \/>\n<meta property=\"og:locale\" content=\"es_MX\" \/>\n<meta property=\"og:type\" content=\"article\" \/>\n<meta property=\"og:title\" content=\"Reconocen a Angela G\u00f3mez Aiza con el Premio al M\u00e9rito EXATEC EGADE 2022\" \/>\n<meta property=\"og:description\" content=\"Este reconocimiento se otorga de forma anual a una egresada o un egresado de EGADE Business School del Tecnol\u00f3gico de Monterrey que en su quehacer...\" \/>\n<meta property=\"og:url\" content=\"https:\/\/news.sap.com\/latinamerica\/2022\/03\/reconocen-a-angela-gomez-aiza-con-el-premio-al-merito-exatec-egade-2022\/\" \/>\n<meta property=\"og:site_name\" content=\"麻豆原创 News Center Latinoam\u00e9rica\" \/>\n<meta property=\"article:publisher\" content=\"https:\/\/www.facebook.com\/麻豆原创latinoamerica\" \/>\n<meta property=\"article:published_time\" content=\"2022-03-10T20:46:26+00:00\" \/>\n<meta property=\"article:modified_time\" content=\"2023-11-13T20:16:20+00:00\" \/>\n<meta property=\"og:image\" content=\"https:\/\/news.sap.com\/latinamerica\/files\/2021\/07\/26\/Angela.jpeg\" \/>\n\t<meta property=\"og:image:width\" content=\"1920\" \/>\n\t<meta property=\"og:image:height\" content=\"600\" \/>\n\t<meta property=\"og:image:type\" content=\"image\/jpeg\" \/>\n<meta name=\"author\" content=\"麻豆原创 Noticias\" \/>\n<meta name=\"twitter:label1\" content=\"Escrito por\" \/>\n\t<meta name=\"twitter:data1\" content=\"麻豆原创 Noticias\" \/>\n\t<meta name=\"twitter:label2\" content=\"Tiempo de lectura\" \/>\n\t<meta name=\"twitter:data2\" content=\"5 minutos\" \/>\n<script type=\"application\/ld+json\" class=\"yoast-schema-graph\">{\"@context\":\"https:\/\/schema.org\",\"@graph\":[{\"@type\":\"Article\",\"@id\":\"https:\/\/news.sap.com\/latinamerica\/2022\/03\/reconocen-a-angela-gomez-aiza-con-el-premio-al-merito-exatec-egade-2022\/#article\",\"isPartOf\":{\"@id\":\"https:\/\/news.sap.com\/latinamerica\/2022\/03\/reconocen-a-angela-gomez-aiza-con-el-premio-al-merito-exatec-egade-2022\/\"},\"author\":{\"name\":\"麻豆原创 Noticias\",\"@id\":\"https:\/\/news.sap.com\/latinamerica\/#\/schema\/person\/5afd2cbf5bb622e078932b40a4470d47\"},\"headline\":\"Reconocen a Angela G\u00f3mez Aiza con el Premio al M\u00e9rito EXATEC EGADE 2022\",\"datePublished\":\"2022-03-10T20:46:26+00:00\",\"dateModified\":\"2023-11-13T20:16:20+00:00\",\"mainEntityOfPage\":{\"@id\":\"https:\/\/news.sap.com\/latinamerica\/2022\/03\/reconocen-a-angela-gomez-aiza-con-el-premio-al-merito-exatec-egade-2022\/\"},\"wordCount\":925,\"publisher\":{\"@id\":\"https:\/\/news.sap.com\/latinamerica\/#organization\"},\"image\":{\"@id\":\"https:\/\/news.sap.com\/latinamerica\/2022\/03\/reconocen-a-angela-gomez-aiza-con-el-premio-al-merito-exatec-egade-2022\/#primaryimage\"},\"thumbnailUrl\":\"https:\/\/news.sap.com\/latinamerica\/files\/2021\/07\/26\/Angela.jpeg\",\"keywords\":[\"\u00c1ngela G\u00f3mez\",\"EGADE\",\"EXATEC\",\"Reconocimiento\",\"reconocimientos\",\"Tec de Monterrey\",\"tecnolog\u00eda\"],\"articleSection\":[\"Corporativo\"],\"inLanguage\":\"es\"},{\"@type\":\"WebPage\",\"@id\":\"https:\/\/news.sap.com\/latinamerica\/2022\/03\/reconocen-a-angela-gomez-aiza-con-el-premio-al-merito-exatec-egade-2022\/\",\"url\":\"https:\/\/news.sap.com\/latinamerica\/2022\/03\/reconocen-a-angela-gomez-aiza-con-el-premio-al-merito-exatec-egade-2022\/\",\"name\":\"Reconocen a Angela G\u00f3mez Aiza con el Premio al M\u00e9rito EXATEC EGADE 2022 - 麻豆原创 News Center Latinoam\u00e9rica\",\"isPartOf\":{\"@id\":\"https:\/\/news.sap.com\/latinamerica\/#website\"},\"primaryImageOfPage\":{\"@id\":\"https:\/\/news.sap.com\/latinamerica\/2022\/03\/reconocen-a-angela-gomez-aiza-con-el-premio-al-merito-exatec-egade-2022\/#primaryimage\"},\"image\":{\"@id\":\"https:\/\/news.sap.com\/latinamerica\/2022\/03\/reconocen-a-angela-gomez-aiza-con-el-premio-al-merito-exatec-egade-2022\/#primaryimage\"},\"thumbnailUrl\":\"https:\/\/news.sap.com\/latinamerica\/files\/2021\/07\/26\/Angela.jpeg\",\"datePublished\":\"2022-03-10T20:46:26+00:00\",\"dateModified\":\"2023-11-13T20:16:20+00:00\",\"breadcrumb\":{\"@id\":\"https:\/\/news.sap.com\/latinamerica\/2022\/03\/reconocen-a-angela-gomez-aiza-con-el-premio-al-merito-exatec-egade-2022\/#breadcrumb\"},\"inLanguage\":\"es\",\"potentialAction\":[{\"@type\":\"ReadAction\",\"target\":[\"https:\/\/news.sap.com\/latinamerica\/2022\/03\/reconocen-a-angela-gomez-aiza-con-el-premio-al-merito-exatec-egade-2022\/\"]}]},{\"@type\":\"ImageObject\",\"inLanguage\":\"es\",\"@id\":\"https:\/\/news.sap.com\/latinamerica\/2022\/03\/reconocen-a-angela-gomez-aiza-con-el-premio-al-merito-exatec-egade-2022\/#primaryimage\",\"url\":\"https:\/\/news.sap.com\/latinamerica\/files\/2021\/07\/26\/Angela.jpeg\",\"contentUrl\":\"https:\/\/news.sap.com\/latinamerica\/files\/2021\/07\/26\/Angela.jpeg\",\"width\":1920,\"height\":600,\"caption\":\"Angela G\u00f3mez Aiza\"},{\"@type\":\"BreadcrumbList\",\"@id\":\"https:\/\/news.sap.com\/latinamerica\/2022\/03\/reconocen-a-angela-gomez-aiza-con-el-premio-al-merito-exatec-egade-2022\/#breadcrumb\",\"itemListElement\":[{\"@type\":\"ListItem\",\"position\":1,\"name\":\"Home\",\"item\":\"https:\/\/news.sap.com\/latinamerica\/\"},{\"@type\":\"ListItem\",\"position\":2,\"name\":\"Reconocen a Angela G\u00f3mez Aiza con el Premio al M\u00e9rito EXATEC EGADE 2022\"}]},{\"@type\":\"WebSite\",\"@id\":\"https:\/\/news.sap.com\/latinamerica\/#website\",\"url\":\"https:\/\/news.sap.com\/latinamerica\/\",\"name\":\"麻豆原创 News Center Latinoam\u00e9rica\",\"description\":\"Noticias e informaci\u00f3n sobre 麻豆原创\",\"publisher\":{\"@id\":\"https:\/\/news.sap.com\/latinamerica\/#organization\"},\"potentialAction\":[{\"@type\":\"SearchAction\",\"target\":{\"@type\":\"EntryPoint\",\"urlTemplate\":\"https:\/\/news.sap.com\/latinamerica\/?s={search_term_string}\"},\"query-input\":{\"@type\":\"PropertyValueSpecification\",\"valueRequired\":true,\"valueName\":\"search_term_string\"}}],\"inLanguage\":\"es\"},{\"@type\":\"Organization\",\"@id\":\"https:\/\/news.sap.com\/latinamerica\/#organization\",\"name\":\"麻豆原创\",\"url\":\"https:\/\/news.sap.com\/latinamerica\/\",\"logo\":{\"@type\":\"ImageObject\",\"inLanguage\":\"es\",\"@id\":\"https:\/\/news.sap.com\/latinamerica\/#\/schema\/logo\/image\/\",\"url\":\"https:\/\/news.sap.com\/latinamerica\/files\/2019\/08\/65903320_2903797569662914_557886358778019840_n.png\",\"contentUrl\":\"https:\/\/news.sap.com\/latinamerica\/files\/2019\/08\/65903320_2903797569662914_557886358778019840_n.png\",\"width\":720,\"height\":720,\"caption\":\"麻豆原创\"},\"image\":{\"@id\":\"https:\/\/news.sap.com\/latinamerica\/#\/schema\/logo\/image\/\"},\"sameAs\":[\"https:\/\/www.facebook.com\/麻豆原创latinoamerica\",\"https:\/\/x.com\/麻豆原创LatinAmerica\"]},{\"@type\":\"Person\",\"@id\":\"https:\/\/news.sap.com\/latinamerica\/#\/schema\/person\/5afd2cbf5bb622e078932b40a4470d47\",\"name\":\"麻豆原创 Noticias\",\"image\":{\"@type\":\"ImageObject\",\"inLanguage\":\"es\",\"@id\":\"https:\/\/news.sap.com\/latinamerica\/#\/schema\/person\/image\/\",\"url\":\"https:\/\/news.sap.com\/latinamerica\/wp-content\/plugins\/wp-user-avatars\/wp-user-avatars\/assets\/images\/mystery.jpg\",\"contentUrl\":\"https:\/\/news.sap.com\/latinamerica\/wp-content\/plugins\/wp-user-avatars\/wp-user-avatars\/assets\/images\/mystery.jpg\",\"caption\":\"麻豆原创 Noticias\"},\"url\":\"https:\/\/news.sap.com\/latinamerica\/author\/mexico\/\"}]}<\/script>\n<!-- \/ Yoast SEO Premium plugin. -->","yoast_head_json":{"title":"Reconocen a Angela G\u00f3mez Aiza con el Premio al M\u00e9rito EXATEC EGADE 2022 - 麻豆原创 News Center Latinoam\u00e9rica","robots":{"index":"index","follow":"follow","max-snippet":"max-snippet:-1","max-image-preview":"max-image-preview:large","max-video-preview":"max-video-preview:-1"},"canonical":"https:\/\/news.sap.com\/latinamerica\/2022\/03\/reconocen-a-angela-gomez-aiza-con-el-premio-al-merito-exatec-egade-2022\/","og_locale":"es_MX","og_type":"article","og_title":"Reconocen a Angela G\u00f3mez Aiza con el Premio al M\u00e9rito EXATEC EGADE 2022","og_description":"Este reconocimiento se otorga de forma anual a una egresada o un egresado de EGADE Business School del Tecnol\u00f3gico de Monterrey que en su quehacer...","og_url":"https:\/\/news.sap.com\/latinamerica\/2022\/03\/reconocen-a-angela-gomez-aiza-con-el-premio-al-merito-exatec-egade-2022\/","og_site_name":"麻豆原创 News Center Latinoam\u00e9rica","article_publisher":"https:\/\/www.facebook.com\/麻豆原创latinoamerica","article_published_time":"2022-03-10T20:46:26+00:00","article_modified_time":"2023-11-13T20:16:20+00:00","og_image":[{"width":1920,"height":600,"url":"https:\/\/news.sap.com\/latinamerica\/files\/2021\/07\/26\/Angela.jpeg","type":"image\/jpeg"}],"author":"麻豆原创 Noticias","twitter_misc":{"Escrito por":"麻豆原创 Noticias","Tiempo de lectura":"5 minutos"},"schema":{"@context":"https:\/\/schema.org","@graph":[{"@type":"Article","@id":"https:\/\/news.sap.com\/latinamerica\/2022\/03\/reconocen-a-angela-gomez-aiza-con-el-premio-al-merito-exatec-egade-2022\/#article","isPartOf":{"@id":"https:\/\/news.sap.com\/latinamerica\/2022\/03\/reconocen-a-angela-gomez-aiza-con-el-premio-al-merito-exatec-egade-2022\/"},"author":{"name":"麻豆原创 Noticias","@id":"https:\/\/news.sap.com\/latinamerica\/#\/schema\/person\/5afd2cbf5bb622e078932b40a4470d47"},"headline":"Reconocen a Angela G\u00f3mez Aiza con el Premio al M\u00e9rito EXATEC EGADE 2022","datePublished":"2022-03-10T20:46:26+00:00","dateModified":"2023-11-13T20:16:20+00:00","mainEntityOfPage":{"@id":"https:\/\/news.sap.com\/latinamerica\/2022\/03\/reconocen-a-angela-gomez-aiza-con-el-premio-al-merito-exatec-egade-2022\/"},"wordCount":925,"publisher":{"@id":"https:\/\/news.sap.com\/latinamerica\/#organization"},"image":{"@id":"https:\/\/news.sap.com\/latinamerica\/2022\/03\/reconocen-a-angela-gomez-aiza-con-el-premio-al-merito-exatec-egade-2022\/#primaryimage"},"thumbnailUrl":"https:\/\/news.sap.com\/latinamerica\/files\/2021\/07\/26\/Angela.jpeg","keywords":["\u00c1ngela G\u00f3mez","EGADE","EXATEC","Reconocimiento","reconocimientos","Tec de Monterrey","tecnolog\u00eda"],"articleSection":["Corporativo"],"inLanguage":"es"},{"@type":"WebPage","@id":"https:\/\/news.sap.com\/latinamerica\/2022\/03\/reconocen-a-angela-gomez-aiza-con-el-premio-al-merito-exatec-egade-2022\/","url":"https:\/\/news.sap.com\/latinamerica\/2022\/03\/reconocen-a-angela-gomez-aiza-con-el-premio-al-merito-exatec-egade-2022\/","name":"Reconocen a Angela G\u00f3mez Aiza con el Premio al M\u00e9rito EXATEC EGADE 2022 - 麻豆原创 News Center Latinoam\u00e9rica","isPartOf":{"@id":"https:\/\/news.sap.com\/latinamerica\/#website"},"primaryImageOfPage":{"@id":"https:\/\/news.sap.com\/latinamerica\/2022\/03\/reconocen-a-angela-gomez-aiza-con-el-premio-al-merito-exatec-egade-2022\/#primaryimage"},"image":{"@id":"https:\/\/news.sap.com\/latinamerica\/2022\/03\/reconocen-a-angela-gomez-aiza-con-el-premio-al-merito-exatec-egade-2022\/#primaryimage"},"thumbnailUrl":"https:\/\/news.sap.com\/latinamerica\/files\/2021\/07\/26\/Angela.jpeg","datePublished":"2022-03-10T20:46:26+00:00","dateModified":"2023-11-13T20:16:20+00:00","breadcrumb":{"@id":"https:\/\/news.sap.com\/latinamerica\/2022\/03\/reconocen-a-angela-gomez-aiza-con-el-premio-al-merito-exatec-egade-2022\/#breadcrumb"},"inLanguage":"es","potentialAction":[{"@type":"ReadAction","target":["https:\/\/news.sap.com\/latinamerica\/2022\/03\/reconocen-a-angela-gomez-aiza-con-el-premio-al-merito-exatec-egade-2022\/"]}]},{"@type":"ImageObject","inLanguage":"es","@id":"https:\/\/news.sap.com\/latinamerica\/2022\/03\/reconocen-a-angela-gomez-aiza-con-el-premio-al-merito-exatec-egade-2022\/#primaryimage","url":"https:\/\/news.sap.com\/latinamerica\/files\/2021\/07\/26\/Angela.jpeg","contentUrl":"https:\/\/news.sap.com\/latinamerica\/files\/2021\/07\/26\/Angela.jpeg","width":1920,"height":600,"caption":"Angela G\u00f3mez Aiza"},{"@type":"BreadcrumbList","@id":"https:\/\/news.sap.com\/latinamerica\/2022\/03\/reconocen-a-angela-gomez-aiza-con-el-premio-al-merito-exatec-egade-2022\/#breadcrumb","itemListElement":[{"@type":"ListItem","position":1,"name":"Home","item":"https:\/\/news.sap.com\/latinamerica\/"},{"@type":"ListItem","position":2,"name":"Reconocen a Angela G\u00f3mez Aiza con el Premio al M\u00e9rito EXATEC EGADE 2022"}]},{"@type":"WebSite","@id":"https:\/\/news.sap.com\/latinamerica\/#website","url":"https:\/\/news.sap.com\/latinamerica\/","name":"麻豆原创 News Center Latinoam\u00e9rica","description":"Noticias e informaci\u00f3n sobre 麻豆原创","publisher":{"@id":"https:\/\/news.sap.com\/latinamerica\/#organization"},"potentialAction":[{"@type":"SearchAction","target":{"@type":"EntryPoint","urlTemplate":"https:\/\/news.sap.com\/latinamerica\/?s={search_term_string}"},"query-input":{"@type":"PropertyValueSpecification","valueRequired":true,"valueName":"search_term_string"}}],"inLanguage":"es"},{"@type":"Organization","@id":"https:\/\/news.sap.com\/latinamerica\/#organization","name":"麻豆原创","url":"https:\/\/news.sap.com\/latinamerica\/","logo":{"@type":"ImageObject","inLanguage":"es","@id":"https:\/\/news.sap.com\/latinamerica\/#\/schema\/logo\/image\/","url":"https:\/\/news.sap.com\/latinamerica\/files\/2019\/08\/65903320_2903797569662914_557886358778019840_n.png","contentUrl":"https:\/\/news.sap.com\/latinamerica\/files\/2019\/08\/65903320_2903797569662914_557886358778019840_n.png","width":720,"height":720,"caption":"麻豆原创"},"image":{"@id":"https:\/\/news.sap.com\/latinamerica\/#\/schema\/logo\/image\/"},"sameAs":["https:\/\/www.facebook.com\/麻豆原创latinoamerica","https:\/\/x.com\/麻豆原创LatinAmerica"]},{"@type":"Person","@id":"https:\/\/news.sap.com\/latinamerica\/#\/schema\/person\/5afd2cbf5bb622e078932b40a4470d47","name":"麻豆原创 Noticias","image":{"@type":"ImageObject","inLanguage":"es","@id":"https:\/\/news.sap.com\/latinamerica\/#\/schema\/person\/image\/","url":"https:\/\/news.sap.com\/latinamerica\/wp-content\/plugins\/wp-user-avatars\/wp-user-avatars\/assets\/images\/mystery.jpg","contentUrl":"https:\/\/news.sap.com\/latinamerica\/wp-content\/plugins\/wp-user-avatars\/wp-user-avatars\/assets\/images\/mystery.jpg","caption":"麻豆原创 Noticias"},"url":"https:\/\/news.sap.com\/latinamerica\/author\/mexico\/"}]}},"amp_enabled":true,"_links":{"self":[{"href":"https:\/\/news.sap.com\/latinamerica\/wp-json\/wp\/v2\/posts\/125569","targetHints":{"allow":["GET"]}}],"collection":[{"href":"https:\/\/news.sap.com\/latinamerica\/wp-json\/wp\/v2\/posts"}],"about":[{"href":"https:\/\/news.sap.com\/latinamerica\/wp-json\/wp\/v2\/types\/post"}],"author":[{"embeddable":true,"href":"https:\/\/news.sap.com\/latinamerica\/wp-json\/wp\/v2\/users\/136"}],"replies":[{"embeddable":true,"href":"https:\/\/news.sap.com\/latinamerica\/wp-json\/wp\/v2\/comments?post=125569"}],"version-history":[{"count":0,"href":"https:\/\/news.sap.com\/latinamerica\/wp-json\/wp\/v2\/posts\/125569\/revisions"}],"wp:featuredmedia":[{"embeddable":true,"href":"https:\/\/news.sap.com\/latinamerica\/wp-json\/wp\/v2\/media\/124224"}],"wp:attachment":[{"href":"https:\/\/news.sap.com\/latinamerica\/wp-json\/wp\/v2\/media?parent=125569"}],"wp:term":[{"taxonomy":"category","embeddable":true,"href":"https:\/\/news.sap.com\/latinamerica\/wp-json\/wp\/v2\/categories?post=125569"},{"taxonomy":"post_tag","embeddable":true,"href":"https:\/\/news.sap.com\/latinamerica\/wp-json\/wp\/v2\/tags?post=125569"},{"taxonomy":"series","embeddable":true,"href":"https:\/\/news.sap.com\/latinamerica\/wp-json\/wp\/v2\/series?post=125569"},{"taxonomy":"region","embeddable":true,"href":"https:\/\/news.sap.com\/latinamerica\/wp-json\/wp\/v2\/region?post=125569"},{"taxonomy":"sapn-display","embeddable":true,"href":"https:\/\/news.sap.com\/latinamerica\/wp-json\/wp\/v2\/sapn-display?post=125569"},{"taxonomy":"sapn-type","embeddable":true,"href":"https:\/\/news.sap.com\/latinamerica\/wp-json\/wp\/v2\/sapn-type?post=125569"}],"curies":[{"name":"wp","href":"https:\/\/api.w.org\/{rel}","templated":true}]}}