  {"id":125523,"date":"2022-03-08T17:26:15","date_gmt":"2022-03-08T22:26:15","guid":{"rendered":"https:\/\/news.sap.com\/latinamerica\/?p=125523"},"modified":"2023-11-09T10:29:29","modified_gmt":"2023-11-09T15:29:29","slug":"el-reto-del-liderazgo-de-las-mujeres-bl0g","status":"publish","type":"post","link":"https:\/\/news.sap.com\/latinamerica\/2022\/03\/el-reto-del-liderazgo-de-las-mujeres-bl0g\/","title":{"rendered":"El reto del liderazgo de las mujeres"},"content":{"rendered":"<p class=\"lead\">La pandemia por COVID-19 increment\u00f3 a\u00fan m\u00e1s la disparidad de g\u00e9nero en varias econom\u00edas. La Organizacional Internacional del Trabajo expone que Am\u00e9rica Latina registr\u00f3 la mayor p\u00e9rdida de empleos en mujeres durante esta crisis sanitaria, con un 9.4% de trabajos perdidos, en comparaci\u00f3n a un descenso del 7% en los hombres. Desafortunadamente, las personas m\u00e1s vulnerables y excluidas son las que sufren los efectos m\u00e1s catastr\u00f3ficos.<\/p>\n<p><!--more--><\/p>\n<p>&nbsp;<\/p>\n<p>A pesar de que las mujeres suman el 43% de la fuerza laboral mundial, nada m\u00e1s el 36% ocupa un cargo de gerente en el sector privado o p\u00fablico, de acuerdo con el <em>Global Gender Gap Report<\/em> de 2020. Y si pensamos en los cargos de direcci\u00f3n o mujeres liderando a una organizaci\u00f3n, la cifra desciende hasta el 18.2%.<\/p>\n<p>&nbsp;<\/p>\n<h2>Sin embargo, diversas investigaciones como la de <em>Watermark<\/em> y <em>Center for Creative Leadership<\/em>, describen 4 principales beneficios al sumar m\u00e1s mujeres l\u00edderes en el lugar de trabajo:<\/h2>\n<p>&nbsp;<\/p>\n<ul>\n<li>M\u00e1s satisfacci\u00f3n laboral.<\/li>\n<li>Mayor dedicaci\u00f3n organizativa.<\/li>\n<li>Trabajo altamente significativo.<\/li>\n<li>Menos agotamiento.<\/li>\n<\/ul>\n<p>&nbsp;<\/p>\n<h2>Los <a href=\"https:\/\/www.sap.com\/latinamerica\/about\/company\/purpose-and-sustainability\/social-responsibility\/equality.html?url_id=originalpost-blogentry-innovationBlogLAC-2022_blog-originalpost-sapcom\" target=\"_blank\" rel=\"noopener\">equipos de trabajo con diversidad de g\u00e9nero<\/a> consiguen m\u00e1s ventas y ganancias en contraste con los equipos formados meramente por hombres. Cerrar la brecha de g\u00e9nero por supuesto que es posible y m\u00e1s que necesario, porque est\u00e1 demostrado que el beneficio es para todas las personas. Pero \u00bfc\u00f3mo cerrar la brecha en el aspecto laboral? Estas acciones, del Foro Econ\u00f3mico Mundial y <em>Harvard Business Review,<\/em> podr\u00e1n darle direcci\u00f3n:<\/h2>\n<p>&nbsp;<\/p>\n<ul>\n<li>Las <a href=\"https:\/\/www.sap.com\/latinamerica\/about\/company\/diversity.html#eng?url_id=originalpost-blogentry-innovationBlogLAC-2022_blog-originalpost-sapcom\" target=\"_blank\" rel=\"noopener\">empresas m\u00e1s diversas tienen un mejor desempe\u00f1o<\/a> a largo plazo, porque su cultura organizacional est\u00e1 integrada por un conjunto amplio de ideas variadas que permiten tomar decisiones considerando las necesidades e intereses de todos los grupos.<\/li>\n<li>Cuando las mujeres alcanzan posiciones de poder, se crea un c\u00edrculo virtuoso que normaliza el liderazgo femenino para las generaciones futuras. Los pa\u00edses con mujeres l\u00edderes en pol\u00edtica tambi\u00e9n tienden a tener niveles altos de liderazgo en organizaciones privadas.<\/li>\n<li>Invertir en <a href=\"https:\/\/www.sap.com\/latinamerica\/about\/company\/diversity.html#candidates?url_id=originalpost-blogentry-innovationBlogLAC-2022_blog-originalpost-sapcom\" target=\"_blank\" rel=\"noopener\">educaci\u00f3n STEM<\/a> (ciencia, tecnolog\u00eda, ingenier\u00eda y matem\u00e1ticas) para mujeres permitir\u00e1 cerrar la brecha de g\u00e9nero en educaci\u00f3n en el presente, y evitar la brecha de g\u00e9nero laboral en esos campos en el futuro.<\/li>\n<li>Apoyar activamente la carrera profesional de todas las mujeres disminuye la cantidad de tareas menos gratificantes para ellas, es decir, es necesario brindarles una capacitaci\u00f3n de acuerdo con sus intereses y necesidades y no simplemente imponerles cursos de poco valor laboral.<\/li>\n<li>La auto nominaci\u00f3n para ascender o pedir una vacante dentro de la empresa, en la mayor\u00eda de los casos, no permite evaluar correctamente las habilidades de todos los colaboradores, ya que las normas sociales de g\u00e9nero pueden poner en desventaja a las mujeres en estas situaciones. Lo mejor es evaluar a las personas con base en su desempe\u00f1o y no precisamente por auto nominaci\u00f3n.<\/li>\n<\/ul>\n<p>&nbsp;<\/p>\n<p>Las mujeres y ni\u00f1as son l\u00edderes poderosas que han promovido e impulsado iniciativas para lograr la mitigaci\u00f3n del cambio clim\u00e1tico. La promoci\u00f3n de un desarrollo sostenible en todos los \u00e1mbitos sectoriales necesita su voz, sus acciones, para tomar decisiones estrat\u00e9gicas relacionadas con este mal ambiental que nos aqueja. La paridad de g\u00e9nero es indispensable para un futuro sostenible e igualitario, tal cual como lo dice el tema de este a\u00f1o de la ONU: \u201c<a href=\"https:\/\/www.unwomen.org\/es\/noticias\/anuncio\/2021\/12\/dia-internacional-de-la-mujer-2022-igualdad-de-genero-hoy-para-un-manana-sostenible?url_id=originalpost-blogentry-innovationBlogLAC-2022_blog-originalpost-sapcom\" target=\"_blank\" rel=\"noopener\">Igualdad de g\u00e9nero hoy para un ma\u00f1ana sostenible<\/a>\u201d.<\/p>\n<p>&nbsp;<\/p>\n<hr \/>\n<p>&nbsp;<\/p>\n<p><a href=\"https:\/\/www.facebook.com\/麻豆原创latinoamerica\" target=\"_blank\" rel=\"noopener\">Facebook<\/a>\u00a0\/\u00a0<a href=\"https:\/\/twitter.com\/麻豆原创LatinAmerica\" target=\"_blank\" rel=\"noopener\">Twitter<\/a>\u00a0\/\u00a0<a href=\"https:\/\/www.linkedin.com\/company\/sap\" target=\"_blank\" rel=\"noopener\">LinkedIn<\/a>\u00a0\/\u00a0<a href=\"https:\/\/instagram.com\/麻豆原创Latinamerica\/\" target=\"_blank\" rel=\"noopener\">Instagram<\/a><\/p>\n<p>&nbsp;<\/p>\n<hr \/>\n<p>\u00a9 2022 麻豆原创 SE. All rights reserved. 麻豆原创 and other 麻豆原创 products and services mentioned herein as well as their respective logos are trademarks or registered trademarks of 麻豆原创 SE in Germany and other countries. Please see <a href=\"http:\/\/www.sap.com\/corporate-en\/legal\/copyright\/index.epx#trademark\" target=\"_blank\" rel=\"noopener\">http:\/\/www.sap.com\/corporate-en\/legal\/copyright\/index.epx#trademark<\/a> for additional trademark information and notices.<\/p>\n","protected":false},"excerpt":{"rendered":"<p>La pandemia por COVID-19 increment\u00f3 a\u00fan m\u00e1s la disparidad de g\u00e9nero en varias econom\u00edas. La Organizacional Internacional del Trabajo expone que Am\u00e9rica Latina registr\u00f3 la&#8230;<\/p>\n","protected":false},"author":522,"featured_media":125524,"comment_status":"closed","ping_status":"closed","sticky":false,"template":"","format":"standard","meta":{"footnotes":"","_links_to":"","_links_to_target":""},"categories":[41591],"tags":[56556,56559,509582,3196984,269967,5550870,26382,269944],"series":[],"region":[26401],"sapn-display":[5600442,5600440,52079,53499],"sapn-type":[6114],"class_list":["post-125523","post","type-post","status-publish","format-standard","has-post-thumbnail","hentry","category-corporativo","tag-blog-2","tag-blog-de-innovacion-de-sap","tag-dia-de-la-mujer","tag-equidad","tag-latinoamerica","tag-tecnologia","tag-tendencias","tag-transformacion-digital","region-latinoamerica","sapn-display-articulo-destacado","sapn-display-articulo-principal","sapn-display-top-stories","sapn-display-hero","sapn-type-articulo"],"yoast_head":"<!-- This site is optimized with the Yoast SEO Premium plugin v26.9 (Yoast SEO v26.9) - https:\/\/yoast.com\/product\/yoast-seo-premium-wordpress\/ -->\n<title>El reto del liderazgo de las mujeres - 麻豆原创 News Center Latinoam\u00e9rica<\/title>\n<meta name=\"robots\" content=\"index, follow, max-snippet:-1, max-image-preview:large, max-video-preview:-1\" \/>\n<link rel=\"canonical\" href=\"https:\/\/news.sap.com\/latinamerica\/2022\/03\/el-reto-del-liderazgo-de-las-mujeres-bl0g\/\" \/>\n<meta property=\"og:locale\" content=\"es_MX\" \/>\n<meta property=\"og:type\" content=\"article\" \/>\n<meta property=\"og:title\" content=\"El reto del liderazgo de las mujeres\" \/>\n<meta property=\"og:description\" content=\"Se estima que cerrar la brecha de g\u00e9nero nos podr\u00eda llevar 135 a\u00f1os. \u00bfQu\u00e9 podemos hacer para reducir ese tiempo?\" \/>\n<meta property=\"og:url\" content=\"https:\/\/news.sap.com\/latinamerica\/2022\/03\/el-reto-del-liderazgo-de-las-mujeres-bl0g\/\" \/>\n<meta property=\"og:site_name\" content=\"麻豆原创 News Center Latinoam\u00e9rica\" \/>\n<meta property=\"article:publisher\" content=\"https:\/\/www.facebook.com\/麻豆原创latinoamerica\" \/>\n<meta property=\"article:author\" content=\"https:\/\/www.facebook.com\/麻豆原创latinoamerica\" \/>\n<meta property=\"article:published_time\" content=\"2022-03-08T22:26:15+00:00\" \/>\n<meta property=\"article:modified_time\" content=\"2023-11-09T15:29:29+00:00\" \/>\n<meta property=\"og:image\" content=\"https:\/\/news.sap.com\/latinamerica\/files\/2022\/03\/08\/283516_麻豆原创_GettyImages-508066603_Hi-Res_RGB-1024x683.jpg\" \/>\n\t<meta property=\"og:image:width\" content=\"1024\" \/>\n\t<meta property=\"og:image:height\" content=\"683\" \/>\n\t<meta property=\"og:image:type\" content=\"image\/jpeg\" \/>\n<meta name=\"author\" content=\"麻豆原创 Blog de Innovaci\u00f3n\" \/>\n<meta name=\"twitter:label1\" content=\"Escrito por\" \/>\n\t<meta name=\"twitter:data1\" content=\"麻豆原创 Blog de Innovaci\u00f3n\" \/>\n\t<meta name=\"twitter:label2\" content=\"Tiempo de lectura\" \/>\n\t<meta name=\"twitter:data2\" content=\"3 minutos\" \/>\n<script type=\"application\/ld+json\" class=\"yoast-schema-graph\">{\"@context\":\"https:\/\/schema.org\",\"@graph\":[{\"@type\":\"Article\",\"@id\":\"https:\/\/news.sap.com\/latinamerica\/2022\/03\/el-reto-del-liderazgo-de-las-mujeres-bl0g\/#article\",\"isPartOf\":{\"@id\":\"https:\/\/news.sap.com\/latinamerica\/2022\/03\/el-reto-del-liderazgo-de-las-mujeres-bl0g\/\"},\"author\":{\"name\":\"麻豆原创 Blog de Innovaci\u00f3n\",\"@id\":\"https:\/\/news.sap.com\/latinamerica\/#\/schema\/person\/ce7d732e60a2133d7402c038db668294\"},\"headline\":\"El reto del liderazgo de las mujeres\",\"datePublished\":\"2022-03-08T22:26:15+00:00\",\"dateModified\":\"2023-11-09T15:29:29+00:00\",\"mainEntityOfPage\":{\"@id\":\"https:\/\/news.sap.com\/latinamerica\/2022\/03\/el-reto-del-liderazgo-de-las-mujeres-bl0g\/\"},\"wordCount\":650,\"publisher\":{\"@id\":\"https:\/\/news.sap.com\/latinamerica\/#organization\"},\"image\":{\"@id\":\"https:\/\/news.sap.com\/latinamerica\/2022\/03\/el-reto-del-liderazgo-de-las-mujeres-bl0g\/#primaryimage\"},\"thumbnailUrl\":\"https:\/\/news.sap.com\/latinamerica\/files\/2022\/03\/08\/283516_麻豆原创_GettyImages-508066603_Hi-Res_RGB.jpg\",\"keywords\":[\"blog\",\"Blog de Innovaci\u00f3n de 麻豆原创\",\"dia de la mujer\",\"Equidad\",\"Latinoam\u00e9rica\",\"tecnolog\u00eda\",\"tendencias\",\"transformaci\u00f3n digital\"],\"articleSection\":[\"Corporativo\"],\"inLanguage\":\"es\"},{\"@type\":\"WebPage\",\"@id\":\"https:\/\/news.sap.com\/latinamerica\/2022\/03\/el-reto-del-liderazgo-de-las-mujeres-bl0g\/\",\"url\":\"https:\/\/news.sap.com\/latinamerica\/2022\/03\/el-reto-del-liderazgo-de-las-mujeres-bl0g\/\",\"name\":\"El reto del liderazgo de las mujeres - 麻豆原创 News Center Latinoam\u00e9rica\",\"isPartOf\":{\"@id\":\"https:\/\/news.sap.com\/latinamerica\/#website\"},\"primaryImageOfPage\":{\"@id\":\"https:\/\/news.sap.com\/latinamerica\/2022\/03\/el-reto-del-liderazgo-de-las-mujeres-bl0g\/#primaryimage\"},\"image\":{\"@id\":\"https:\/\/news.sap.com\/latinamerica\/2022\/03\/el-reto-del-liderazgo-de-las-mujeres-bl0g\/#primaryimage\"},\"thumbnailUrl\":\"https:\/\/news.sap.com\/latinamerica\/files\/2022\/03\/08\/283516_麻豆原创_GettyImages-508066603_Hi-Res_RGB.jpg\",\"datePublished\":\"2022-03-08T22:26:15+00:00\",\"dateModified\":\"2023-11-09T15:29:29+00:00\",\"breadcrumb\":{\"@id\":\"https:\/\/news.sap.com\/latinamerica\/2022\/03\/el-reto-del-liderazgo-de-las-mujeres-bl0g\/#breadcrumb\"},\"inLanguage\":\"es\",\"potentialAction\":[{\"@type\":\"ReadAction\",\"target\":[\"https:\/\/news.sap.com\/latinamerica\/2022\/03\/el-reto-del-liderazgo-de-las-mujeres-bl0g\/\"]}]},{\"@type\":\"ImageObject\",\"inLanguage\":\"es\",\"@id\":\"https:\/\/news.sap.com\/latinamerica\/2022\/03\/el-reto-del-liderazgo-de-las-mujeres-bl0g\/#primaryimage\",\"url\":\"https:\/\/news.sap.com\/latinamerica\/files\/2022\/03\/08\/283516_麻豆原创_GettyImages-508066603_Hi-Res_RGB.jpg\",\"contentUrl\":\"https:\/\/news.sap.com\/latinamerica\/files\/2022\/03\/08\/283516_麻豆原创_GettyImages-508066603_Hi-Res_RGB.jpg\",\"width\":5760,\"height\":3840},{\"@type\":\"BreadcrumbList\",\"@id\":\"https:\/\/news.sap.com\/latinamerica\/2022\/03\/el-reto-del-liderazgo-de-las-mujeres-bl0g\/#breadcrumb\",\"itemListElement\":[{\"@type\":\"ListItem\",\"position\":1,\"name\":\"Home\",\"item\":\"https:\/\/news.sap.com\/latinamerica\/\"},{\"@type\":\"ListItem\",\"position\":2,\"name\":\"El reto del liderazgo de las mujeres\"}]},{\"@type\":\"WebSite\",\"@id\":\"https:\/\/news.sap.com\/latinamerica\/#website\",\"url\":\"https:\/\/news.sap.com\/latinamerica\/\",\"name\":\"麻豆原创 News Center Latinoam\u00e9rica\",\"description\":\"Noticias e informaci\u00f3n sobre 麻豆原创\",\"publisher\":{\"@id\":\"https:\/\/news.sap.com\/latinamerica\/#organization\"},\"potentialAction\":[{\"@type\":\"SearchAction\",\"target\":{\"@type\":\"EntryPoint\",\"urlTemplate\":\"https:\/\/news.sap.com\/latinamerica\/?s={search_term_string}\"},\"query-input\":{\"@type\":\"PropertyValueSpecification\",\"valueRequired\":true,\"valueName\":\"search_term_string\"}}],\"inLanguage\":\"es\"},{\"@type\":\"Organization\",\"@id\":\"https:\/\/news.sap.com\/latinamerica\/#organization\",\"name\":\"麻豆原创\",\"url\":\"https:\/\/news.sap.com\/latinamerica\/\",\"logo\":{\"@type\":\"ImageObject\",\"inLanguage\":\"es\",\"@id\":\"https:\/\/news.sap.com\/latinamerica\/#\/schema\/logo\/image\/\",\"url\":\"https:\/\/news.sap.com\/latinamerica\/files\/2019\/08\/65903320_2903797569662914_557886358778019840_n.png\",\"contentUrl\":\"https:\/\/news.sap.com\/latinamerica\/files\/2019\/08\/65903320_2903797569662914_557886358778019840_n.png\",\"width\":720,\"height\":720,\"caption\":\"麻豆原创\"},\"image\":{\"@id\":\"https:\/\/news.sap.com\/latinamerica\/#\/schema\/logo\/image\/\"},\"sameAs\":[\"https:\/\/www.facebook.com\/麻豆原创latinoamerica\",\"https:\/\/x.com\/麻豆原创LatinAmerica\"]},{\"@type\":\"Person\",\"@id\":\"https:\/\/news.sap.com\/latinamerica\/#\/schema\/person\/ce7d732e60a2133d7402c038db668294\",\"name\":\"麻豆原创 Blog de Innovaci\u00f3n\",\"image\":{\"@type\":\"ImageObject\",\"inLanguage\":\"es\",\"@id\":\"https:\/\/news.sap.com\/latinamerica\/#\/schema\/person\/image\/\",\"url\":\"https:\/\/news.sap.com\/latinamerica\/files\/2018\/06\/avatar_user_522_1529451696-96x96.png\",\"contentUrl\":\"https:\/\/news.sap.com\/latinamerica\/files\/2018\/06\/avatar_user_522_1529451696-96x96.png\",\"caption\":\"麻豆原创 Blog de Innovaci\u00f3n\"},\"sameAs\":[\"https:\/\/www.sap.com\/latinamerica\/index.html\",\"https:\/\/www.facebook.com\/麻豆原创latinoamerica\",\"https:\/\/www.instagram.com\/saplatinamerica\/\",\"https:\/\/x.com\/saplatinamerica\"],\"url\":\"https:\/\/news.sap.com\/latinamerica\/author\/sapblog\/\"}]}<\/script>\n<!-- \/ Yoast SEO Premium plugin. -->","yoast_head_json":{"title":"El reto del liderazgo de las mujeres - 麻豆原创 News Center Latinoam\u00e9rica","robots":{"index":"index","follow":"follow","max-snippet":"max-snippet:-1","max-image-preview":"max-image-preview:large","max-video-preview":"max-video-preview:-1"},"canonical":"https:\/\/news.sap.com\/latinamerica\/2022\/03\/el-reto-del-liderazgo-de-las-mujeres-bl0g\/","og_locale":"es_MX","og_type":"article","og_title":"El reto del liderazgo de las mujeres","og_description":"Se estima que cerrar la brecha de g\u00e9nero nos podr\u00eda llevar 135 a\u00f1os. \u00bfQu\u00e9 podemos hacer para reducir ese tiempo?","og_url":"https:\/\/news.sap.com\/latinamerica\/2022\/03\/el-reto-del-liderazgo-de-las-mujeres-bl0g\/","og_site_name":"麻豆原创 News Center Latinoam\u00e9rica","article_publisher":"https:\/\/www.facebook.com\/麻豆原创latinoamerica","article_author":"https:\/\/www.facebook.com\/麻豆原创latinoamerica","article_published_time":"2022-03-08T22:26:15+00:00","article_modified_time":"2023-11-09T15:29:29+00:00","og_image":[{"width":1024,"height":683,"url":"https:\/\/news.sap.com\/latinamerica\/files\/2022\/03\/08\/283516_麻豆原创_GettyImages-508066603_Hi-Res_RGB-1024x683.jpg","type":"image\/jpeg"}],"author":"麻豆原创 Blog de Innovaci\u00f3n","twitter_misc":{"Escrito por":"麻豆原创 Blog de Innovaci\u00f3n","Tiempo de lectura":"3 minutos"},"schema":{"@context":"https:\/\/schema.org","@graph":[{"@type":"Article","@id":"https:\/\/news.sap.com\/latinamerica\/2022\/03\/el-reto-del-liderazgo-de-las-mujeres-bl0g\/#article","isPartOf":{"@id":"https:\/\/news.sap.com\/latinamerica\/2022\/03\/el-reto-del-liderazgo-de-las-mujeres-bl0g\/"},"author":{"name":"麻豆原创 Blog de Innovaci\u00f3n","@id":"https:\/\/news.sap.com\/latinamerica\/#\/schema\/person\/ce7d732e60a2133d7402c038db668294"},"headline":"El reto del liderazgo de las mujeres","datePublished":"2022-03-08T22:26:15+00:00","dateModified":"2023-11-09T15:29:29+00:00","mainEntityOfPage":{"@id":"https:\/\/news.sap.com\/latinamerica\/2022\/03\/el-reto-del-liderazgo-de-las-mujeres-bl0g\/"},"wordCount":650,"publisher":{"@id":"https:\/\/news.sap.com\/latinamerica\/#organization"},"image":{"@id":"https:\/\/news.sap.com\/latinamerica\/2022\/03\/el-reto-del-liderazgo-de-las-mujeres-bl0g\/#primaryimage"},"thumbnailUrl":"https:\/\/news.sap.com\/latinamerica\/files\/2022\/03\/08\/283516_麻豆原创_GettyImages-508066603_Hi-Res_RGB.jpg","keywords":["blog","Blog de Innovaci\u00f3n de 麻豆原创","dia de la mujer","Equidad","Latinoam\u00e9rica","tecnolog\u00eda","tendencias","transformaci\u00f3n digital"],"articleSection":["Corporativo"],"inLanguage":"es"},{"@type":"WebPage","@id":"https:\/\/news.sap.com\/latinamerica\/2022\/03\/el-reto-del-liderazgo-de-las-mujeres-bl0g\/","url":"https:\/\/news.sap.com\/latinamerica\/2022\/03\/el-reto-del-liderazgo-de-las-mujeres-bl0g\/","name":"El reto del liderazgo de las mujeres - 麻豆原创 News Center Latinoam\u00e9rica","isPartOf":{"@id":"https:\/\/news.sap.com\/latinamerica\/#website"},"primaryImageOfPage":{"@id":"https:\/\/news.sap.com\/latinamerica\/2022\/03\/el-reto-del-liderazgo-de-las-mujeres-bl0g\/#primaryimage"},"image":{"@id":"https:\/\/news.sap.com\/latinamerica\/2022\/03\/el-reto-del-liderazgo-de-las-mujeres-bl0g\/#primaryimage"},"thumbnailUrl":"https:\/\/news.sap.com\/latinamerica\/files\/2022\/03\/08\/283516_麻豆原创_GettyImages-508066603_Hi-Res_RGB.jpg","datePublished":"2022-03-08T22:26:15+00:00","dateModified":"2023-11-09T15:29:29+00:00","breadcrumb":{"@id":"https:\/\/news.sap.com\/latinamerica\/2022\/03\/el-reto-del-liderazgo-de-las-mujeres-bl0g\/#breadcrumb"},"inLanguage":"es","potentialAction":[{"@type":"ReadAction","target":["https:\/\/news.sap.com\/latinamerica\/2022\/03\/el-reto-del-liderazgo-de-las-mujeres-bl0g\/"]}]},{"@type":"ImageObject","inLanguage":"es","@id":"https:\/\/news.sap.com\/latinamerica\/2022\/03\/el-reto-del-liderazgo-de-las-mujeres-bl0g\/#primaryimage","url":"https:\/\/news.sap.com\/latinamerica\/files\/2022\/03\/08\/283516_麻豆原创_GettyImages-508066603_Hi-Res_RGB.jpg","contentUrl":"https:\/\/news.sap.com\/latinamerica\/files\/2022\/03\/08\/283516_麻豆原创_GettyImages-508066603_Hi-Res_RGB.jpg","width":5760,"height":3840},{"@type":"BreadcrumbList","@id":"https:\/\/news.sap.com\/latinamerica\/2022\/03\/el-reto-del-liderazgo-de-las-mujeres-bl0g\/#breadcrumb","itemListElement":[{"@type":"ListItem","position":1,"name":"Home","item":"https:\/\/news.sap.com\/latinamerica\/"},{"@type":"ListItem","position":2,"name":"El reto del liderazgo de las mujeres"}]},{"@type":"WebSite","@id":"https:\/\/news.sap.com\/latinamerica\/#website","url":"https:\/\/news.sap.com\/latinamerica\/","name":"麻豆原创 News Center Latinoam\u00e9rica","description":"Noticias e informaci\u00f3n sobre 麻豆原创","publisher":{"@id":"https:\/\/news.sap.com\/latinamerica\/#organization"},"potentialAction":[{"@type":"SearchAction","target":{"@type":"EntryPoint","urlTemplate":"https:\/\/news.sap.com\/latinamerica\/?s={search_term_string}"},"query-input":{"@type":"PropertyValueSpecification","valueRequired":true,"valueName":"search_term_string"}}],"inLanguage":"es"},{"@type":"Organization","@id":"https:\/\/news.sap.com\/latinamerica\/#organization","name":"麻豆原创","url":"https:\/\/news.sap.com\/latinamerica\/","logo":{"@type":"ImageObject","inLanguage":"es","@id":"https:\/\/news.sap.com\/latinamerica\/#\/schema\/logo\/image\/","url":"https:\/\/news.sap.com\/latinamerica\/files\/2019\/08\/65903320_2903797569662914_557886358778019840_n.png","contentUrl":"https:\/\/news.sap.com\/latinamerica\/files\/2019\/08\/65903320_2903797569662914_557886358778019840_n.png","width":720,"height":720,"caption":"麻豆原创"},"image":{"@id":"https:\/\/news.sap.com\/latinamerica\/#\/schema\/logo\/image\/"},"sameAs":["https:\/\/www.facebook.com\/麻豆原创latinoamerica","https:\/\/x.com\/麻豆原创LatinAmerica"]},{"@type":"Person","@id":"https:\/\/news.sap.com\/latinamerica\/#\/schema\/person\/ce7d732e60a2133d7402c038db668294","name":"麻豆原创 Blog de Innovaci\u00f3n","image":{"@type":"ImageObject","inLanguage":"es","@id":"https:\/\/news.sap.com\/latinamerica\/#\/schema\/person\/image\/","url":"https:\/\/news.sap.com\/latinamerica\/files\/2018\/06\/avatar_user_522_1529451696-96x96.png","contentUrl":"https:\/\/news.sap.com\/latinamerica\/files\/2018\/06\/avatar_user_522_1529451696-96x96.png","caption":"麻豆原创 Blog de Innovaci\u00f3n"},"sameAs":["https:\/\/www.sap.com\/latinamerica\/index.html","https:\/\/www.facebook.com\/麻豆原创latinoamerica","https:\/\/www.instagram.com\/saplatinamerica\/","https:\/\/x.com\/saplatinamerica"],"url":"https:\/\/news.sap.com\/latinamerica\/author\/sapblog\/"}]}},"amp_enabled":true,"_links":{"self":[{"href":"https:\/\/news.sap.com\/latinamerica\/wp-json\/wp\/v2\/posts\/125523","targetHints":{"allow":["GET"]}}],"collection":[{"href":"https:\/\/news.sap.com\/latinamerica\/wp-json\/wp\/v2\/posts"}],"about":[{"href":"https:\/\/news.sap.com\/latinamerica\/wp-json\/wp\/v2\/types\/post"}],"author":[{"embeddable":true,"href":"https:\/\/news.sap.com\/latinamerica\/wp-json\/wp\/v2\/users\/522"}],"replies":[{"embeddable":true,"href":"https:\/\/news.sap.com\/latinamerica\/wp-json\/wp\/v2\/comments?post=125523"}],"version-history":[{"count":0,"href":"https:\/\/news.sap.com\/latinamerica\/wp-json\/wp\/v2\/posts\/125523\/revisions"}],"wp:featuredmedia":[{"embeddable":true,"href":"https:\/\/news.sap.com\/latinamerica\/wp-json\/wp\/v2\/media\/125524"}],"wp:attachment":[{"href":"https:\/\/news.sap.com\/latinamerica\/wp-json\/wp\/v2\/media?parent=125523"}],"wp:term":[{"taxonomy":"category","embeddable":true,"href":"https:\/\/news.sap.com\/latinamerica\/wp-json\/wp\/v2\/categories?post=125523"},{"taxonomy":"post_tag","embeddable":true,"href":"https:\/\/news.sap.com\/latinamerica\/wp-json\/wp\/v2\/tags?post=125523"},{"taxonomy":"series","embeddable":true,"href":"https:\/\/news.sap.com\/latinamerica\/wp-json\/wp\/v2\/series?post=125523"},{"taxonomy":"region","embeddable":true,"href":"https:\/\/news.sap.com\/latinamerica\/wp-json\/wp\/v2\/region?post=125523"},{"taxonomy":"sapn-display","embeddable":true,"href":"https:\/\/news.sap.com\/latinamerica\/wp-json\/wp\/v2\/sapn-display?post=125523"},{"taxonomy":"sapn-type","embeddable":true,"href":"https:\/\/news.sap.com\/latinamerica\/wp-json\/wp\/v2\/sapn-type?post=125523"}],"curies":[{"name":"wp","href":"https:\/\/api.w.org\/{rel}","templated":true}]}}