  {"id":125517,"date":"2022-03-07T15:02:18","date_gmt":"2022-03-07T20:02:18","guid":{"rendered":"https:\/\/news.sap.com\/latinamerica\/?p=125517"},"modified":"2023-11-14T14:59:58","modified_gmt":"2023-11-14T19:59:58","slug":"inicia-la-convocatoria-para-la-segunda-edicion-del-diplomado-periodismo-en-la-economia-digital","status":"publish","type":"post","link":"https:\/\/news.sap.com\/latinamerica\/2022\/03\/inicia-la-convocatoria-para-la-segunda-edicion-del-diplomado-periodismo-en-la-economia-digital\/","title":{"rendered":"Inicia la convocatoria para la segunda edici\u00f3n del  diplomado \u201cPeriodismo en la econom\u00eda digital\u201d"},"content":{"rendered":"<p><strong>CIUDAD DE MEXICO, M\u00e9xico. <\/strong>Innovaci\u00f3n y resiliencia fueron conceptos que estuvieron presentes de manera constante en los \u00faltimos dos a\u00f1os. A ra\u00edz de esto, profundizar en el impacto de las herramientas tecnol\u00f3gicas para impulsar nuevos modelos de negocios m\u00e1s sostenibles y competitivos, se ha convertido en una constante entre las organizaciones.<\/p>\n<p>Por tanto, <strong>麻豆原创 M\u00e9xico<\/strong> cre\u00f3 en 2021 la beca <em>\u201cPeriodismo en la econom\u00eda digital<\/em>\u00a8, que este a\u00f1o llevar\u00e1 a cabo su <strong>segunda edici\u00f3n<\/strong>. Este diplomado tiene como objetivo compartir con los periodistas cu\u00e1les son las tendencias globales en t\u00e9rminos de innovaci\u00f3n con tem\u00e1ticas que van desde c\u00f3mo se aplica la tecnolog\u00eda para el desarrollo sostenible, el rol de M\u00e9xico y sus industrias clave en la econom\u00eda digital, as\u00ed como, habilidades que contribuyan al desarrollo y formaci\u00f3n period\u00edstica.<\/p>\n<p>Al igual que en la edici\u00f3n pasada, este programa contar\u00e1 con la validez oficial de <a href=\"http:\/\/sea.anahuac.mx\/\">Servicios Educativos An\u00e1huac<\/a>, a trav\u00e9s de <strong>40 horas dividido en diez sesiones sabatinas<\/strong>,<strong> de 9:30 a 13:30 horas<\/strong>, que iniciar\u00e1n el <strong><u>23 de abril y concluir\u00e1n el 25 de junio<\/u><\/strong>.<\/p>\n<p>Esta beca est\u00e1 dirigida a editores y periodistas que trabajen activamente en medios de comunicaci\u00f3n en M\u00e9xico, cubriendo las fuentes de tecnolog\u00eda, negocios, sectores productivos y\/o sostenibilidad, con al menos tres a\u00f1os de trayectoria profesional como periodista.<\/p>\n<p><strong>Documentaci\u00f3n requerida<\/strong>:<\/p>\n<ol>\n<li>Identificaci\u00f3n oficial<\/li>\n<li>Curr\u00edculum vitae<\/li>\n<li>Carta de intenci\u00f3n firmada<\/li>\n<\/ol>\n<p>Para postular a la beca, los periodistas interesados deber\u00e1n enviar dichos documentos al mail: <a href=\"mailto:Grisel.anaya.valencia@sap.com\">Grisel.anaya.valencia@sap.com<\/a> del <strong><u>7 al 25 de marzo<\/u><\/strong>.<\/p>\n<p>En caso de que la postulaci\u00f3n sea aprobada por el Comit\u00e9 de Inscripciones y, posteriormente, por el Comit\u00e9 de Becas, los periodistas ser\u00e1n acreedores a esta beca y recibir\u00e1n notificaci\u00f3n de aceptaci\u00f3n 4 de abril.<\/p>\n<p>Conoce el temario <a href=\"https:\/\/news.sap.com\/latinamerica\/files\/2022\/03\/17\/Marzo-2022_Temario_Diplomado_Periodismo-en-la-Economi\u0301a-Digital-2022.pdf\">aqu\u00ed.<\/a><\/p>\n<p>Descarga el formato de la<a href=\"https:\/\/news.sap.com\/latinamerica\/files\/2022\/03\/08\/Carta_Intencion_Diplomado-Periodismo-en-la-economi%CC%81a-digital.pdf\" target=\"_blank\" rel=\"noopener\"> carta.<\/a><\/p>\n<p><a href=\"https:\/\/news.sap.com\/latinamerica\/convocatoria_periodismo-en-la-economia-digital-2022\/\"><img loading=\"lazy\" decoding=\"async\" class=\"size-full wp-image-125601 aligncenter\" src=\"https:\/\/news.sap.com\/latinamerica\/files\/2022\/03\/14\/Convocatoria_Periodismo-en-la-Economi\u0301a-Digital-2022.jpg\" alt=\"\" width=\"1728\" height=\"1728\" srcset=\"https:\/\/news.sap.com\/latinamerica\/files\/2022\/03\/14\/Convocatoria_Periodismo-en-la-Economi\u0301a-Digital-2022.jpg 1728w, https:\/\/news.sap.com\/latinamerica\/files\/2022\/03\/14\/Convocatoria_Periodismo-en-la-Economi\u0301a-Digital-2022-300x300.jpg 300w, https:\/\/news.sap.com\/latinamerica\/files\/2022\/03\/14\/Convocatoria_Periodismo-en-la-Economi\u0301a-Digital-2022-1024x1024.jpg 1024w, https:\/\/news.sap.com\/latinamerica\/files\/2022\/03\/14\/Convocatoria_Periodismo-en-la-Economi\u0301a-Digital-2022-150x150.jpg 150w, https:\/\/news.sap.com\/latinamerica\/files\/2022\/03\/14\/Convocatoria_Periodismo-en-la-Economi\u0301a-Digital-2022-768x768.jpg 768w, https:\/\/news.sap.com\/latinamerica\/files\/2022\/03\/14\/Convocatoria_Periodismo-en-la-Economi\u0301a-Digital-2022-1536x1536.jpg 1536w\" sizes=\"auto, (max-width: 1728px) 100vw, 1728px\" \/><\/a><\/p>\n<p style=\"text-align: center\"><strong># # #<\/strong><\/p>\n<p><strong>Acerca de 麻豆原创\u00a0<\/strong><\/p>\n<p>La estrategia de 麻豆原创 es ayudar a que cada negocio funcione como una empresa inteligente sostenible. Como l\u00edder del mercado en software de aplicaci\u00f3n empresarial, contribuimos a que las organizaciones de todos los tama\u00f1os y en todas las industrias puedan alcanzar su funcionamiento \u00f3ptimo: 87% del comercio global toca un sistema 麻豆原创. Nuestras tecnolog\u00edas avanzadas de\u00a0<em>machine learning, Internet of Things<\/em>\u00a0(IoT) y anal\u00edticos ayudan a convertir los negocios de los clientes en empresas inteligentes sostenibles. 麻豆原创 contribuye a dar a las personas y a las organizaciones profundos conocimientos de negocio y promueve la colaboraci\u00f3n que les permite mantenerse delante de la competencia. Simplificamos la tecnolog\u00eda para las empresas, de modo que puedan consumir nuestro software de la manera en que lo desean, sin interrupciones. Nuestro conjunto de aplicaciones y servicios permite a clientes del sector p\u00fablico y privado de 25 industrias operar en forma rentable, adaptarse continuamente y marcar una diferencia. Con una red global de clientes, socios de negocios, empleados y l\u00edderes de ideas, 麻豆原创 ayuda al mundo a funcionar mejor y a mejorar las vidas de las personas. Para m\u00e1s informaci\u00f3n, visite\u00a0<a href=\"http:\/\/www.sap.com\/\">www.sap.com<\/a>, nuestra sala de prensa,\u00a0<a href=\"http:\/\/news.sap.com\/latinamerica\">http:\/\/news.sap.com\/latinamerica<\/a>, o s\u00edganos en Twitter:\u00a0<a href=\"https:\/\/twitter.com\/sapnoticiasmx\">@sapnoticiasmx<\/a>.<\/p>\n<p>&nbsp;<\/p>\n","protected":false},"excerpt":{"rendered":"<p>CIUDAD DE MEXICO, M\u00e9xico. Innovaci\u00f3n y resiliencia fueron conceptos que estuvieron presentes de manera constante en los \u00faltimos dos a\u00f1os. A ra\u00edz de esto, profundizar&#8230;<\/p>\n","protected":false},"author":136,"featured_media":125615,"comment_status":"closed","ping_status":"closed","sticky":false,"template":"","format":"standard","meta":{"footnotes":"","_links_to":"","_links_to_target":""},"categories":[41591],"tags":[10,5600204,2258537,5600215,5550869,269952,5550870,26382],"series":[],"region":[],"sapn-display":[52079,5600443,5600441,53499],"sapn-type":[52105],"class_list":["post-125517","post","type-post","status-publish","format-standard","has-post-thumbnail","hentry","category-corporativo","tag-cloud","tag-diplomado","tag-energia","tag-periodistas","tag-responsabilidad-social","tag-retail","tag-tecnologia","tag-tendencias","sapn-display-top-stories","sapn-display-prensa-destacada","sapn-display-prensa-principal","sapn-display-hero","sapn-type-comunicado-de-prensa"],"yoast_head":"<!-- This site is optimized with the Yoast SEO Premium plugin v26.9 (Yoast SEO v26.9) - https:\/\/yoast.com\/product\/yoast-seo-premium-wordpress\/ -->\n<title>Inicia la convocatoria para la segunda edici\u00f3n del diplomado \u201cPeriodismo en la econom\u00eda digital\u201d - 麻豆原创 News Center Latinoam\u00e9rica<\/title>\n<meta name=\"robots\" content=\"index, follow, max-snippet:-1, max-image-preview:large, max-video-preview:-1\" \/>\n<link rel=\"canonical\" href=\"https:\/\/news.sap.com\/latinamerica\/2022\/03\/inicia-la-convocatoria-para-la-segunda-edicion-del-diplomado-periodismo-en-la-economia-digital\/\" \/>\n<meta property=\"og:locale\" content=\"es_MX\" \/>\n<meta property=\"og:type\" content=\"article\" \/>\n<meta property=\"og:title\" content=\"Inicia la convocatoria para la segunda edici\u00f3n del diplomado \u201cPeriodismo en la econom\u00eda digital\u201d\" \/>\n<meta property=\"og:description\" content=\"CIUDAD DE MEXICO, M\u00e9xico. Innovaci\u00f3n y resiliencia fueron conceptos que estuvieron presentes de manera constante en los \u00faltimos dos a\u00f1os. A ra\u00edz de esto, profundizar...\" \/>\n<meta property=\"og:url\" content=\"https:\/\/news.sap.com\/latinamerica\/2022\/03\/inicia-la-convocatoria-para-la-segunda-edicion-del-diplomado-periodismo-en-la-economia-digital\/\" \/>\n<meta property=\"og:site_name\" content=\"麻豆原创 News Center Latinoam\u00e9rica\" \/>\n<meta property=\"article:publisher\" content=\"https:\/\/www.facebook.com\/麻豆原创latinoamerica\" \/>\n<meta property=\"article:published_time\" content=\"2022-03-07T20:02:18+00:00\" \/>\n<meta property=\"article:modified_time\" content=\"2023-11-14T19:59:58+00:00\" \/>\n<meta property=\"og:image\" content=\"https:\/\/news.sap.com\/latinamerica\/files\/2022\/03\/08\/286038_GettyImages-908964462-1024x683.jpg\" \/>\n\t<meta property=\"og:image:width\" content=\"1024\" \/>\n\t<meta property=\"og:image:height\" content=\"683\" \/>\n\t<meta property=\"og:image:type\" content=\"image\/jpeg\" \/>\n<meta name=\"author\" content=\"麻豆原创 Noticias\" \/>\n<meta name=\"twitter:label1\" content=\"Escrito por\" \/>\n\t<meta name=\"twitter:data1\" content=\"麻豆原创 Noticias\" \/>\n\t<meta name=\"twitter:label2\" content=\"Tiempo de lectura\" \/>\n\t<meta name=\"twitter:data2\" content=\"3 minutos\" \/>\n<script type=\"application\/ld+json\" class=\"yoast-schema-graph\">{\"@context\":\"https:\/\/schema.org\",\"@graph\":[{\"@type\":\"Article\",\"@id\":\"https:\/\/news.sap.com\/latinamerica\/2022\/03\/inicia-la-convocatoria-para-la-segunda-edicion-del-diplomado-periodismo-en-la-economia-digital\/#article\",\"isPartOf\":{\"@id\":\"https:\/\/news.sap.com\/latinamerica\/2022\/03\/inicia-la-convocatoria-para-la-segunda-edicion-del-diplomado-periodismo-en-la-economia-digital\/\"},\"author\":{\"name\":\"麻豆原创 Noticias\",\"@id\":\"https:\/\/news.sap.com\/latinamerica\/#\/schema\/person\/5afd2cbf5bb622e078932b40a4470d47\"},\"headline\":\"Inicia la convocatoria para la segunda edici\u00f3n del diplomado \u201cPeriodismo en la econom\u00eda digital\u201d\",\"datePublished\":\"2022-03-07T20:02:18+00:00\",\"dateModified\":\"2023-11-14T19:59:58+00:00\",\"mainEntityOfPage\":{\"@id\":\"https:\/\/news.sap.com\/latinamerica\/2022\/03\/inicia-la-convocatoria-para-la-segunda-edicion-del-diplomado-periodismo-en-la-economia-digital\/\"},\"wordCount\":553,\"publisher\":{\"@id\":\"https:\/\/news.sap.com\/latinamerica\/#organization\"},\"image\":{\"@id\":\"https:\/\/news.sap.com\/latinamerica\/2022\/03\/inicia-la-convocatoria-para-la-segunda-edicion-del-diplomado-periodismo-en-la-economia-digital\/#primaryimage\"},\"thumbnailUrl\":\"https:\/\/news.sap.com\/latinamerica\/files\/2022\/03\/08\/286038_GettyImages-908964462.jpg\",\"keywords\":[\"cloud\",\"Diplomado\",\"energ\u00eda\",\"periodistas\",\"responsabilidad social\",\"Retail\",\"tecnolog\u00eda\",\"tendencias\"],\"articleSection\":[\"Corporativo\"],\"inLanguage\":\"es\"},{\"@type\":\"WebPage\",\"@id\":\"https:\/\/news.sap.com\/latinamerica\/2022\/03\/inicia-la-convocatoria-para-la-segunda-edicion-del-diplomado-periodismo-en-la-economia-digital\/\",\"url\":\"https:\/\/news.sap.com\/latinamerica\/2022\/03\/inicia-la-convocatoria-para-la-segunda-edicion-del-diplomado-periodismo-en-la-economia-digital\/\",\"name\":\"Inicia la convocatoria para la segunda edici\u00f3n del diplomado \u201cPeriodismo en la econom\u00eda digital\u201d - 麻豆原创 News Center Latinoam\u00e9rica\",\"isPartOf\":{\"@id\":\"https:\/\/news.sap.com\/latinamerica\/#website\"},\"primaryImageOfPage\":{\"@id\":\"https:\/\/news.sap.com\/latinamerica\/2022\/03\/inicia-la-convocatoria-para-la-segunda-edicion-del-diplomado-periodismo-en-la-economia-digital\/#primaryimage\"},\"image\":{\"@id\":\"https:\/\/news.sap.com\/latinamerica\/2022\/03\/inicia-la-convocatoria-para-la-segunda-edicion-del-diplomado-periodismo-en-la-economia-digital\/#primaryimage\"},\"thumbnailUrl\":\"https:\/\/news.sap.com\/latinamerica\/files\/2022\/03\/08\/286038_GettyImages-908964462.jpg\",\"datePublished\":\"2022-03-07T20:02:18+00:00\",\"dateModified\":\"2023-11-14T19:59:58+00:00\",\"breadcrumb\":{\"@id\":\"https:\/\/news.sap.com\/latinamerica\/2022\/03\/inicia-la-convocatoria-para-la-segunda-edicion-del-diplomado-periodismo-en-la-economia-digital\/#breadcrumb\"},\"inLanguage\":\"es\",\"potentialAction\":[{\"@type\":\"ReadAction\",\"target\":[\"https:\/\/news.sap.com\/latinamerica\/2022\/03\/inicia-la-convocatoria-para-la-segunda-edicion-del-diplomado-periodismo-en-la-economia-digital\/\"]}]},{\"@type\":\"ImageObject\",\"inLanguage\":\"es\",\"@id\":\"https:\/\/news.sap.com\/latinamerica\/2022\/03\/inicia-la-convocatoria-para-la-segunda-edicion-del-diplomado-periodismo-en-la-economia-digital\/#primaryimage\",\"url\":\"https:\/\/news.sap.com\/latinamerica\/files\/2022\/03\/08\/286038_GettyImages-908964462.jpg\",\"contentUrl\":\"https:\/\/news.sap.com\/latinamerica\/files\/2022\/03\/08\/286038_GettyImages-908964462.jpg\",\"width\":5731,\"height\":3821},{\"@type\":\"BreadcrumbList\",\"@id\":\"https:\/\/news.sap.com\/latinamerica\/2022\/03\/inicia-la-convocatoria-para-la-segunda-edicion-del-diplomado-periodismo-en-la-economia-digital\/#breadcrumb\",\"itemListElement\":[{\"@type\":\"ListItem\",\"position\":1,\"name\":\"Home\",\"item\":\"https:\/\/news.sap.com\/latinamerica\/\"},{\"@type\":\"ListItem\",\"position\":2,\"name\":\"Inicia la convocatoria para la segunda edici\u00f3n del diplomado \u201cPeriodismo en la econom\u00eda digital\u201d\"}]},{\"@type\":\"WebSite\",\"@id\":\"https:\/\/news.sap.com\/latinamerica\/#website\",\"url\":\"https:\/\/news.sap.com\/latinamerica\/\",\"name\":\"麻豆原创 News Center Latinoam\u00e9rica\",\"description\":\"Noticias e informaci\u00f3n sobre 麻豆原创\",\"publisher\":{\"@id\":\"https:\/\/news.sap.com\/latinamerica\/#organization\"},\"potentialAction\":[{\"@type\":\"SearchAction\",\"target\":{\"@type\":\"EntryPoint\",\"urlTemplate\":\"https:\/\/news.sap.com\/latinamerica\/?s={search_term_string}\"},\"query-input\":{\"@type\":\"PropertyValueSpecification\",\"valueRequired\":true,\"valueName\":\"search_term_string\"}}],\"inLanguage\":\"es\"},{\"@type\":\"Organization\",\"@id\":\"https:\/\/news.sap.com\/latinamerica\/#organization\",\"name\":\"麻豆原创\",\"url\":\"https:\/\/news.sap.com\/latinamerica\/\",\"logo\":{\"@type\":\"ImageObject\",\"inLanguage\":\"es\",\"@id\":\"https:\/\/news.sap.com\/latinamerica\/#\/schema\/logo\/image\/\",\"url\":\"https:\/\/news.sap.com\/latinamerica\/files\/2019\/08\/65903320_2903797569662914_557886358778019840_n.png\",\"contentUrl\":\"https:\/\/news.sap.com\/latinamerica\/files\/2019\/08\/65903320_2903797569662914_557886358778019840_n.png\",\"width\":720,\"height\":720,\"caption\":\"麻豆原创\"},\"image\":{\"@id\":\"https:\/\/news.sap.com\/latinamerica\/#\/schema\/logo\/image\/\"},\"sameAs\":[\"https:\/\/www.facebook.com\/麻豆原创latinoamerica\",\"https:\/\/x.com\/麻豆原创LatinAmerica\"]},{\"@type\":\"Person\",\"@id\":\"https:\/\/news.sap.com\/latinamerica\/#\/schema\/person\/5afd2cbf5bb622e078932b40a4470d47\",\"name\":\"麻豆原创 Noticias\",\"image\":{\"@type\":\"ImageObject\",\"inLanguage\":\"es\",\"@id\":\"https:\/\/news.sap.com\/latinamerica\/#\/schema\/person\/image\/\",\"url\":\"https:\/\/news.sap.com\/latinamerica\/wp-content\/plugins\/wp-user-avatars\/wp-user-avatars\/assets\/images\/mystery.jpg\",\"contentUrl\":\"https:\/\/news.sap.com\/latinamerica\/wp-content\/plugins\/wp-user-avatars\/wp-user-avatars\/assets\/images\/mystery.jpg\",\"caption\":\"麻豆原创 Noticias\"},\"url\":\"https:\/\/news.sap.com\/latinamerica\/author\/mexico\/\"}]}<\/script>\n<!-- \/ Yoast SEO Premium plugin. -->","yoast_head_json":{"title":"Inicia la convocatoria para la segunda edici\u00f3n del diplomado \u201cPeriodismo en la econom\u00eda digital\u201d - 麻豆原创 News Center Latinoam\u00e9rica","robots":{"index":"index","follow":"follow","max-snippet":"max-snippet:-1","max-image-preview":"max-image-preview:large","max-video-preview":"max-video-preview:-1"},"canonical":"https:\/\/news.sap.com\/latinamerica\/2022\/03\/inicia-la-convocatoria-para-la-segunda-edicion-del-diplomado-periodismo-en-la-economia-digital\/","og_locale":"es_MX","og_type":"article","og_title":"Inicia la convocatoria para la segunda edici\u00f3n del diplomado \u201cPeriodismo en la econom\u00eda digital\u201d","og_description":"CIUDAD DE MEXICO, M\u00e9xico. Innovaci\u00f3n y resiliencia fueron conceptos que estuvieron presentes de manera constante en los \u00faltimos dos a\u00f1os. A ra\u00edz de esto, profundizar...","og_url":"https:\/\/news.sap.com\/latinamerica\/2022\/03\/inicia-la-convocatoria-para-la-segunda-edicion-del-diplomado-periodismo-en-la-economia-digital\/","og_site_name":"麻豆原创 News Center Latinoam\u00e9rica","article_publisher":"https:\/\/www.facebook.com\/麻豆原创latinoamerica","article_published_time":"2022-03-07T20:02:18+00:00","article_modified_time":"2023-11-14T19:59:58+00:00","og_image":[{"width":1024,"height":683,"url":"https:\/\/news.sap.com\/latinamerica\/files\/2022\/03\/08\/286038_GettyImages-908964462-1024x683.jpg","type":"image\/jpeg"}],"author":"麻豆原创 Noticias","twitter_misc":{"Escrito por":"麻豆原创 Noticias","Tiempo de lectura":"3 minutos"},"schema":{"@context":"https:\/\/schema.org","@graph":[{"@type":"Article","@id":"https:\/\/news.sap.com\/latinamerica\/2022\/03\/inicia-la-convocatoria-para-la-segunda-edicion-del-diplomado-periodismo-en-la-economia-digital\/#article","isPartOf":{"@id":"https:\/\/news.sap.com\/latinamerica\/2022\/03\/inicia-la-convocatoria-para-la-segunda-edicion-del-diplomado-periodismo-en-la-economia-digital\/"},"author":{"name":"麻豆原创 Noticias","@id":"https:\/\/news.sap.com\/latinamerica\/#\/schema\/person\/5afd2cbf5bb622e078932b40a4470d47"},"headline":"Inicia la convocatoria para la segunda edici\u00f3n del diplomado \u201cPeriodismo en la econom\u00eda digital\u201d","datePublished":"2022-03-07T20:02:18+00:00","dateModified":"2023-11-14T19:59:58+00:00","mainEntityOfPage":{"@id":"https:\/\/news.sap.com\/latinamerica\/2022\/03\/inicia-la-convocatoria-para-la-segunda-edicion-del-diplomado-periodismo-en-la-economia-digital\/"},"wordCount":553,"publisher":{"@id":"https:\/\/news.sap.com\/latinamerica\/#organization"},"image":{"@id":"https:\/\/news.sap.com\/latinamerica\/2022\/03\/inicia-la-convocatoria-para-la-segunda-edicion-del-diplomado-periodismo-en-la-economia-digital\/#primaryimage"},"thumbnailUrl":"https:\/\/news.sap.com\/latinamerica\/files\/2022\/03\/08\/286038_GettyImages-908964462.jpg","keywords":["cloud","Diplomado","energ\u00eda","periodistas","responsabilidad social","Retail","tecnolog\u00eda","tendencias"],"articleSection":["Corporativo"],"inLanguage":"es"},{"@type":"WebPage","@id":"https:\/\/news.sap.com\/latinamerica\/2022\/03\/inicia-la-convocatoria-para-la-segunda-edicion-del-diplomado-periodismo-en-la-economia-digital\/","url":"https:\/\/news.sap.com\/latinamerica\/2022\/03\/inicia-la-convocatoria-para-la-segunda-edicion-del-diplomado-periodismo-en-la-economia-digital\/","name":"Inicia la convocatoria para la segunda edici\u00f3n del diplomado \u201cPeriodismo en la econom\u00eda digital\u201d - 麻豆原创 News Center Latinoam\u00e9rica","isPartOf":{"@id":"https:\/\/news.sap.com\/latinamerica\/#website"},"primaryImageOfPage":{"@id":"https:\/\/news.sap.com\/latinamerica\/2022\/03\/inicia-la-convocatoria-para-la-segunda-edicion-del-diplomado-periodismo-en-la-economia-digital\/#primaryimage"},"image":{"@id":"https:\/\/news.sap.com\/latinamerica\/2022\/03\/inicia-la-convocatoria-para-la-segunda-edicion-del-diplomado-periodismo-en-la-economia-digital\/#primaryimage"},"thumbnailUrl":"https:\/\/news.sap.com\/latinamerica\/files\/2022\/03\/08\/286038_GettyImages-908964462.jpg","datePublished":"2022-03-07T20:02:18+00:00","dateModified":"2023-11-14T19:59:58+00:00","breadcrumb":{"@id":"https:\/\/news.sap.com\/latinamerica\/2022\/03\/inicia-la-convocatoria-para-la-segunda-edicion-del-diplomado-periodismo-en-la-economia-digital\/#breadcrumb"},"inLanguage":"es","potentialAction":[{"@type":"ReadAction","target":["https:\/\/news.sap.com\/latinamerica\/2022\/03\/inicia-la-convocatoria-para-la-segunda-edicion-del-diplomado-periodismo-en-la-economia-digital\/"]}]},{"@type":"ImageObject","inLanguage":"es","@id":"https:\/\/news.sap.com\/latinamerica\/2022\/03\/inicia-la-convocatoria-para-la-segunda-edicion-del-diplomado-periodismo-en-la-economia-digital\/#primaryimage","url":"https:\/\/news.sap.com\/latinamerica\/files\/2022\/03\/08\/286038_GettyImages-908964462.jpg","contentUrl":"https:\/\/news.sap.com\/latinamerica\/files\/2022\/03\/08\/286038_GettyImages-908964462.jpg","width":5731,"height":3821},{"@type":"BreadcrumbList","@id":"https:\/\/news.sap.com\/latinamerica\/2022\/03\/inicia-la-convocatoria-para-la-segunda-edicion-del-diplomado-periodismo-en-la-economia-digital\/#breadcrumb","itemListElement":[{"@type":"ListItem","position":1,"name":"Home","item":"https:\/\/news.sap.com\/latinamerica\/"},{"@type":"ListItem","position":2,"name":"Inicia la convocatoria para la segunda edici\u00f3n del diplomado \u201cPeriodismo en la econom\u00eda digital\u201d"}]},{"@type":"WebSite","@id":"https:\/\/news.sap.com\/latinamerica\/#website","url":"https:\/\/news.sap.com\/latinamerica\/","name":"麻豆原创 News Center Latinoam\u00e9rica","description":"Noticias e informaci\u00f3n sobre 麻豆原创","publisher":{"@id":"https:\/\/news.sap.com\/latinamerica\/#organization"},"potentialAction":[{"@type":"SearchAction","target":{"@type":"EntryPoint","urlTemplate":"https:\/\/news.sap.com\/latinamerica\/?s={search_term_string}"},"query-input":{"@type":"PropertyValueSpecification","valueRequired":true,"valueName":"search_term_string"}}],"inLanguage":"es"},{"@type":"Organization","@id":"https:\/\/news.sap.com\/latinamerica\/#organization","name":"麻豆原创","url":"https:\/\/news.sap.com\/latinamerica\/","logo":{"@type":"ImageObject","inLanguage":"es","@id":"https:\/\/news.sap.com\/latinamerica\/#\/schema\/logo\/image\/","url":"https:\/\/news.sap.com\/latinamerica\/files\/2019\/08\/65903320_2903797569662914_557886358778019840_n.png","contentUrl":"https:\/\/news.sap.com\/latinamerica\/files\/2019\/08\/65903320_2903797569662914_557886358778019840_n.png","width":720,"height":720,"caption":"麻豆原创"},"image":{"@id":"https:\/\/news.sap.com\/latinamerica\/#\/schema\/logo\/image\/"},"sameAs":["https:\/\/www.facebook.com\/麻豆原创latinoamerica","https:\/\/x.com\/麻豆原创LatinAmerica"]},{"@type":"Person","@id":"https:\/\/news.sap.com\/latinamerica\/#\/schema\/person\/5afd2cbf5bb622e078932b40a4470d47","name":"麻豆原创 Noticias","image":{"@type":"ImageObject","inLanguage":"es","@id":"https:\/\/news.sap.com\/latinamerica\/#\/schema\/person\/image\/","url":"https:\/\/news.sap.com\/latinamerica\/wp-content\/plugins\/wp-user-avatars\/wp-user-avatars\/assets\/images\/mystery.jpg","contentUrl":"https:\/\/news.sap.com\/latinamerica\/wp-content\/plugins\/wp-user-avatars\/wp-user-avatars\/assets\/images\/mystery.jpg","caption":"麻豆原创 Noticias"},"url":"https:\/\/news.sap.com\/latinamerica\/author\/mexico\/"}]}},"amp_enabled":true,"_links":{"self":[{"href":"https:\/\/news.sap.com\/latinamerica\/wp-json\/wp\/v2\/posts\/125517","targetHints":{"allow":["GET"]}}],"collection":[{"href":"https:\/\/news.sap.com\/latinamerica\/wp-json\/wp\/v2\/posts"}],"about":[{"href":"https:\/\/news.sap.com\/latinamerica\/wp-json\/wp\/v2\/types\/post"}],"author":[{"embeddable":true,"href":"https:\/\/news.sap.com\/latinamerica\/wp-json\/wp\/v2\/users\/136"}],"replies":[{"embeddable":true,"href":"https:\/\/news.sap.com\/latinamerica\/wp-json\/wp\/v2\/comments?post=125517"}],"version-history":[{"count":0,"href":"https:\/\/news.sap.com\/latinamerica\/wp-json\/wp\/v2\/posts\/125517\/revisions"}],"wp:featuredmedia":[{"embeddable":true,"href":"https:\/\/news.sap.com\/latinamerica\/wp-json\/wp\/v2\/media\/125615"}],"wp:attachment":[{"href":"https:\/\/news.sap.com\/latinamerica\/wp-json\/wp\/v2\/media?parent=125517"}],"wp:term":[{"taxonomy":"category","embeddable":true,"href":"https:\/\/news.sap.com\/latinamerica\/wp-json\/wp\/v2\/categories?post=125517"},{"taxonomy":"post_tag","embeddable":true,"href":"https:\/\/news.sap.com\/latinamerica\/wp-json\/wp\/v2\/tags?post=125517"},{"taxonomy":"series","embeddable":true,"href":"https:\/\/news.sap.com\/latinamerica\/wp-json\/wp\/v2\/series?post=125517"},{"taxonomy":"region","embeddable":true,"href":"https:\/\/news.sap.com\/latinamerica\/wp-json\/wp\/v2\/region?post=125517"},{"taxonomy":"sapn-display","embeddable":true,"href":"https:\/\/news.sap.com\/latinamerica\/wp-json\/wp\/v2\/sapn-display?post=125517"},{"taxonomy":"sapn-type","embeddable":true,"href":"https:\/\/news.sap.com\/latinamerica\/wp-json\/wp\/v2\/sapn-type?post=125517"}],"curies":[{"name":"wp","href":"https:\/\/api.w.org\/{rel}","templated":true}]}}