  {"id":125510,"date":"2022-03-08T11:10:24","date_gmt":"2022-03-08T16:10:24","guid":{"rendered":"https:\/\/news.sap.com\/latinamerica\/?p=125510"},"modified":"2023-11-14T14:26:55","modified_gmt":"2023-11-14T19:26:55","slug":"mujeres-crecimiento-mundo-empresarial","status":"publish","type":"post","link":"https:\/\/news.sap.com\/latinamerica\/2022\/03\/mujeres-crecimiento-mundo-empresarial\/","title":{"rendered":"Mujeres y su crecimiento en el mundo empresarial"},"content":{"rendered":"<p class=\"lead\"><span style=\"font-weight: 400\">Las mujeres nos hemos convertido en un activo importante en el mundo empresarial. \u00bfC\u00f3mo podemos lograr sentirnos parte de las empresas y a\u00fan as\u00ed seguir creciendo? La equidad y diversidad de g\u00e9nero siempre ser\u00e1n factores positivos para cualquier empresa, pues compartir y debatir ideas entre grupos con distintos conocimientos, intereses y personalidades nos hace crecer. Pero, \u00bfqu\u00e9 pasa con los puestos directivos? \u00bfEs verdad que en estos tambi\u00e9n hay equidad?<\/span><\/p>\n<p><span style=\"font-weight: 400\">El reporte <a href=\"https:\/\/www.michaelpage.com.co\/estudios-y-tendencias\/women-in-tech\">Women in Technology 2021<\/a>, realizado por PageGroup en Am\u00e9rica Latina, evidenci\u00f3 que el 30 % de las posiciones de liderazgo en la regi\u00f3n est\u00e1 ocupada por mujeres. A pesar del esfuerzo en materia de equidad en las organizaciones, la cantidad de mujeres dentro de la fuerza laboral, en espec\u00edfico dentro de las \u00e1reas de tecnolog\u00eda, sigue estando a niveles inferiores, ocupando entre un 21% y un 40% del total de las posiciones en la regi\u00f3n.<\/span><\/p>\n<p><span style=\"font-weight: 400\">Desde el lado empresarial, la diversidad y la inclusi\u00f3n de m\u00e1s mujeres en posiciones de liderazgo, es clave a la hora de construir equipos de trabajo exitosos. As\u00ed mismo, es vital abrir m\u00e1s puertas y ofrecer oportunidades a mujeres con talento. Algunas medidas pueden ser horarios flexibles, mejores condiciones para atender las din\u00e1micas normales de la familia o de la gestaci\u00f3n, adem\u00e1s de una pol\u00edtica clara desde el liderazgo m\u00e1s alto de la organizaci\u00f3n para incluir m\u00e1s mujeres en todos los \u00e1mbitos.\u00a0<\/span><\/p>\n<p><span style=\"font-weight: 400\">El proceso de inclusi\u00f3n de las mujeres en las diferentes industrias, especialmente en el campo tecnol\u00f3gico, est\u00e1 permitiendo que los pa\u00edses avancen a un ritmo diferente. Cada d\u00eda m\u00e1s mujeres estamos logrando alcanzar posiciones de liderazgo y es algo que beneficia a la sociedad como un todo. Por ejemplo, Latinoam\u00e9rica es para 麻豆原创 la primera regi\u00f3n en el mundo que es 100% liderada por mujeres. Estos son hitos que van labrando un mejor camino para ir cerrando los estereotipos de g\u00e9nero que tenemos en el mercado.<\/span><\/p>\n<p><span style=\"font-weight: 400\">En 麻豆原创 contamos con distintos programas y redes de apoyo que promueven una cultura de diversidad e inclusi\u00f3n, como Pride at 麻豆原创, una red global de empleados con m\u00e1s de 8.000 miembros, tanto empleados LGBTQ+ como no LGBTQ+. Tambi\u00e9n est\u00e1 la red Business Women\u2019s Network (BWN), la cual se enfoca en la igualdad sexual y el desarrollo de talento femenino. As\u00ed mismo, la compa\u00f1\u00eda ha sido reconocida en varias ocasiones por sus esfuerzos para reclutar y promover una fuerza laboral diversa, con menciones en premios como Ranking PAR Aequales, Great Place to Work Latinoam\u00e9rica y el \u00cdndice de igualdad de g\u00e9nero de Bloomberg.\u00a0<\/span><\/p>\n<p><span style=\"font-weight: 400\">El proceso de inclusi\u00f3n de las mujeres en las industrias de tecnolog\u00eda permitir\u00e1 que nuestros pa\u00edses avancen a un ritmo diferente. Con la educaci\u00f3n pertinente podremos transformar mucho m\u00e1s nuestras regiones, que requieren talento y espacio para abrir campo a las nuevas generaciones y ayudar a su crecimiento.<\/span><\/p>\n<p><em>Publicado originalmente en <a href=\"https:\/\/blogs.portafolio.co\/negocios-en-la-economia-digital\/mujeres-crecimiento-empresarial\/\">Portafolio.co<\/a><\/em><\/p>\n<p>****<\/p>\n<p><strong>Marcela Perilla<\/strong> es presidente de la Regi\u00f3n Norte de Am\u00e9rica Latina y el Caribe conformada por Colombia, Ecuador, Venezuela, Centroam\u00e9rica y el Caribe y tiene bajo su responsabilidad la totalidad de la operaci\u00f3n en esos pa\u00edses. Entre sus objetivos est\u00e1 consolidar el liderazgo de la filial alemana en los diferentes mercados, fomentando la transformaci\u00f3n digital de los clientes y acompa\u00f1ando su evoluci\u00f3n hacia la nube.<\/p>\n","protected":false},"excerpt":{"rendered":"<p>Las mujeres nos hemos convertido en un activo importante en el mundo empresarial. \u00bfC\u00f3mo podemos lograr sentirnos parte de las empresas y a\u00fan as\u00ed seguir&#8230;<\/p>\n","protected":false},"author":3752,"featured_media":125511,"comment_status":"closed","ping_status":"closed","sticky":false,"template":"","format":"standard","meta":{"footnotes":"","_links_to":"","_links_to_target":""},"categories":[41591],"tags":[509569,5590772,5600213,5600214],"series":[],"region":[55204],"sapn-display":[5600442,5600440,52078,52079,53499],"sapn-type":[6114],"class_list":["post-125510","post","type-post","status-publish","format-standard","has-post-thumbnail","hentry","category-corporativo","tag-diversidad-e-inclusion","tag-empresas-inteligentes","tag-liderazgo-femenino","tag-mujer-stem","region-colombia","sapn-display-articulo-destacado","sapn-display-articulo-principal","sapn-display-homepage-hero","sapn-display-top-stories","sapn-display-hero","sapn-type-articulo"],"yoast_head":"<!-- This site is optimized with the Yoast SEO Premium plugin v26.9 (Yoast SEO v26.9) - https:\/\/yoast.com\/product\/yoast-seo-premium-wordpress\/ -->\n<title>Mujeres y su crecimiento en el mundo empresarial<\/title>\n<meta name=\"description\" content=\"Las mujeres nos hemos convertido en un activo importante en el mundo empresarial. \u00bfC\u00f3mo podemos lograr sentirnos parte de las empresas y...\" \/>\n<meta name=\"robots\" content=\"index, follow, max-snippet:-1, max-image-preview:large, max-video-preview:-1\" \/>\n<link rel=\"canonical\" href=\"https:\/\/news.sap.com\/latinamerica\/2022\/03\/mujeres-crecimiento-mundo-empresarial\/\" \/>\n<meta property=\"og:locale\" content=\"es_MX\" \/>\n<meta property=\"og:type\" content=\"article\" \/>\n<meta property=\"og:title\" content=\"Mujeres y su crecimiento en el mundo empresarial\" \/>\n<meta property=\"og:description\" content=\"Las mujeres nos hemos convertido en un activo importante en el mundo empresarial. \u00bfC\u00f3mo podemos lograr sentirnos parte de las empresas y...\" \/>\n<meta property=\"og:url\" content=\"https:\/\/news.sap.com\/latinamerica\/2022\/03\/mujeres-crecimiento-mundo-empresarial\/\" \/>\n<meta property=\"og:site_name\" content=\"麻豆原创 News Center Latinoam\u00e9rica\" \/>\n<meta property=\"article:publisher\" content=\"https:\/\/www.facebook.com\/麻豆原创latinoamerica\" \/>\n<meta property=\"article:published_time\" content=\"2022-03-08T16:10:24+00:00\" \/>\n<meta property=\"article:modified_time\" content=\"2023-11-14T19:26:55+00:00\" \/>\n<meta property=\"og:image\" content=\"https:\/\/news.sap.com\/latinamerica\/files\/2022\/03\/08\/Blog麻豆原创.jpg\" \/>\n\t<meta property=\"og:image:width\" content=\"1280\" \/>\n\t<meta property=\"og:image:height\" content=\"600\" \/>\n\t<meta property=\"og:image:type\" content=\"image\/jpeg\" \/>\n<meta name=\"author\" content=\"Marcela Perilla\" \/>\n<meta name=\"twitter:label1\" content=\"Escrito por\" \/>\n\t<meta name=\"twitter:data1\" content=\"Marcela Perilla\" \/>\n\t<meta name=\"twitter:label2\" content=\"Tiempo de lectura\" \/>\n\t<meta name=\"twitter:data2\" content=\"3 minutos\" \/>\n<script type=\"application\/ld+json\" class=\"yoast-schema-graph\">{\"@context\":\"https:\/\/schema.org\",\"@graph\":[{\"@type\":\"Article\",\"@id\":\"https:\/\/news.sap.com\/latinamerica\/2022\/03\/mujeres-crecimiento-mundo-empresarial\/#article\",\"isPartOf\":{\"@id\":\"https:\/\/news.sap.com\/latinamerica\/2022\/03\/mujeres-crecimiento-mundo-empresarial\/\"},\"author\":{\"name\":\"Marcela Perilla\",\"@id\":\"https:\/\/news.sap.com\/latinamerica\/#\/schema\/person\/2618b7d088c07af0f67543f50f61dc84\"},\"headline\":\"Mujeres y su crecimiento en el mundo empresarial\",\"datePublished\":\"2022-03-08T16:10:24+00:00\",\"dateModified\":\"2023-11-14T19:26:55+00:00\",\"mainEntityOfPage\":{\"@id\":\"https:\/\/news.sap.com\/latinamerica\/2022\/03\/mujeres-crecimiento-mundo-empresarial\/\"},\"wordCount\":585,\"publisher\":{\"@id\":\"https:\/\/news.sap.com\/latinamerica\/#organization\"},\"image\":{\"@id\":\"https:\/\/news.sap.com\/latinamerica\/2022\/03\/mujeres-crecimiento-mundo-empresarial\/#primaryimage\"},\"thumbnailUrl\":\"https:\/\/news.sap.com\/latinamerica\/files\/2022\/03\/08\/Blog麻豆原创.jpg\",\"keywords\":[\"Diversidad e inclusi\u00f3n\",\"empresas inteligentes\",\"Liderazgo Femenino\",\"Mujer STEM\"],\"articleSection\":[\"Corporativo\"],\"inLanguage\":\"es\"},{\"@type\":\"WebPage\",\"@id\":\"https:\/\/news.sap.com\/latinamerica\/2022\/03\/mujeres-crecimiento-mundo-empresarial\/\",\"url\":\"https:\/\/news.sap.com\/latinamerica\/2022\/03\/mujeres-crecimiento-mundo-empresarial\/\",\"name\":\"Mujeres y su crecimiento en el mundo empresarial\",\"isPartOf\":{\"@id\":\"https:\/\/news.sap.com\/latinamerica\/#website\"},\"primaryImageOfPage\":{\"@id\":\"https:\/\/news.sap.com\/latinamerica\/2022\/03\/mujeres-crecimiento-mundo-empresarial\/#primaryimage\"},\"image\":{\"@id\":\"https:\/\/news.sap.com\/latinamerica\/2022\/03\/mujeres-crecimiento-mundo-empresarial\/#primaryimage\"},\"thumbnailUrl\":\"https:\/\/news.sap.com\/latinamerica\/files\/2022\/03\/08\/Blog麻豆原创.jpg\",\"datePublished\":\"2022-03-08T16:10:24+00:00\",\"dateModified\":\"2023-11-14T19:26:55+00:00\",\"description\":\"Las mujeres nos hemos convertido en un activo importante en el mundo empresarial. \u00bfC\u00f3mo podemos lograr sentirnos parte de las empresas y...\",\"breadcrumb\":{\"@id\":\"https:\/\/news.sap.com\/latinamerica\/2022\/03\/mujeres-crecimiento-mundo-empresarial\/#breadcrumb\"},\"inLanguage\":\"es\",\"potentialAction\":[{\"@type\":\"ReadAction\",\"target\":[\"https:\/\/news.sap.com\/latinamerica\/2022\/03\/mujeres-crecimiento-mundo-empresarial\/\"]}]},{\"@type\":\"ImageObject\",\"inLanguage\":\"es\",\"@id\":\"https:\/\/news.sap.com\/latinamerica\/2022\/03\/mujeres-crecimiento-mundo-empresarial\/#primaryimage\",\"url\":\"https:\/\/news.sap.com\/latinamerica\/files\/2022\/03\/08\/Blog麻豆原创.jpg\",\"contentUrl\":\"https:\/\/news.sap.com\/latinamerica\/files\/2022\/03\/08\/Blog麻豆原创.jpg\",\"width\":1280,\"height\":600},{\"@type\":\"BreadcrumbList\",\"@id\":\"https:\/\/news.sap.com\/latinamerica\/2022\/03\/mujeres-crecimiento-mundo-empresarial\/#breadcrumb\",\"itemListElement\":[{\"@type\":\"ListItem\",\"position\":1,\"name\":\"Home\",\"item\":\"https:\/\/news.sap.com\/latinamerica\/\"},{\"@type\":\"ListItem\",\"position\":2,\"name\":\"Mujeres y su crecimiento en el mundo empresarial\"}]},{\"@type\":\"WebSite\",\"@id\":\"https:\/\/news.sap.com\/latinamerica\/#website\",\"url\":\"https:\/\/news.sap.com\/latinamerica\/\",\"name\":\"麻豆原创 News Center Latinoam\u00e9rica\",\"description\":\"Noticias e informaci\u00f3n sobre 麻豆原创\",\"publisher\":{\"@id\":\"https:\/\/news.sap.com\/latinamerica\/#organization\"},\"potentialAction\":[{\"@type\":\"SearchAction\",\"target\":{\"@type\":\"EntryPoint\",\"urlTemplate\":\"https:\/\/news.sap.com\/latinamerica\/?s={search_term_string}\"},\"query-input\":{\"@type\":\"PropertyValueSpecification\",\"valueRequired\":true,\"valueName\":\"search_term_string\"}}],\"inLanguage\":\"es\"},{\"@type\":\"Organization\",\"@id\":\"https:\/\/news.sap.com\/latinamerica\/#organization\",\"name\":\"麻豆原创\",\"url\":\"https:\/\/news.sap.com\/latinamerica\/\",\"logo\":{\"@type\":\"ImageObject\",\"inLanguage\":\"es\",\"@id\":\"https:\/\/news.sap.com\/latinamerica\/#\/schema\/logo\/image\/\",\"url\":\"https:\/\/news.sap.com\/latinamerica\/files\/2019\/08\/65903320_2903797569662914_557886358778019840_n.png\",\"contentUrl\":\"https:\/\/news.sap.com\/latinamerica\/files\/2019\/08\/65903320_2903797569662914_557886358778019840_n.png\",\"width\":720,\"height\":720,\"caption\":\"麻豆原创\"},\"image\":{\"@id\":\"https:\/\/news.sap.com\/latinamerica\/#\/schema\/logo\/image\/\"},\"sameAs\":[\"https:\/\/www.facebook.com\/麻豆原创latinoamerica\",\"https:\/\/x.com\/麻豆原创LatinAmerica\"]},{\"@type\":\"Person\",\"@id\":\"https:\/\/news.sap.com\/latinamerica\/#\/schema\/person\/2618b7d088c07af0f67543f50f61dc84\",\"name\":\"Marcela Perilla\",\"image\":{\"@type\":\"ImageObject\",\"inLanguage\":\"es\",\"@id\":\"https:\/\/news.sap.com\/latinamerica\/#\/schema\/person\/image\/\",\"url\":\"https:\/\/news.sap.com\/latinamerica\/wp-content\/plugins\/wp-user-avatars\/wp-user-avatars\/assets\/images\/mystery.jpg\",\"contentUrl\":\"https:\/\/news.sap.com\/latinamerica\/wp-content\/plugins\/wp-user-avatars\/wp-user-avatars\/assets\/images\/mystery.jpg\",\"caption\":\"Marcela Perilla\"},\"url\":\"https:\/\/news.sap.com\/latinamerica\/author\/marcelaperilla\/\"}]}<\/script>\n<!-- \/ Yoast SEO Premium plugin. -->","yoast_head_json":{"title":"Mujeres y su crecimiento en el mundo empresarial","description":"Las mujeres nos hemos convertido en un activo importante en el mundo empresarial. \u00bfC\u00f3mo podemos lograr sentirnos parte de las empresas y...","robots":{"index":"index","follow":"follow","max-snippet":"max-snippet:-1","max-image-preview":"max-image-preview:large","max-video-preview":"max-video-preview:-1"},"canonical":"https:\/\/news.sap.com\/latinamerica\/2022\/03\/mujeres-crecimiento-mundo-empresarial\/","og_locale":"es_MX","og_type":"article","og_title":"Mujeres y su crecimiento en el mundo empresarial","og_description":"Las mujeres nos hemos convertido en un activo importante en el mundo empresarial. \u00bfC\u00f3mo podemos lograr sentirnos parte de las empresas y...","og_url":"https:\/\/news.sap.com\/latinamerica\/2022\/03\/mujeres-crecimiento-mundo-empresarial\/","og_site_name":"麻豆原创 News Center Latinoam\u00e9rica","article_publisher":"https:\/\/www.facebook.com\/麻豆原创latinoamerica","article_published_time":"2022-03-08T16:10:24+00:00","article_modified_time":"2023-11-14T19:26:55+00:00","og_image":[{"width":1280,"height":600,"url":"https:\/\/news.sap.com\/latinamerica\/files\/2022\/03\/08\/Blog麻豆原创.jpg","type":"image\/jpeg"}],"author":"Marcela Perilla","twitter_misc":{"Escrito por":"Marcela Perilla","Tiempo de lectura":"3 minutos"},"schema":{"@context":"https:\/\/schema.org","@graph":[{"@type":"Article","@id":"https:\/\/news.sap.com\/latinamerica\/2022\/03\/mujeres-crecimiento-mundo-empresarial\/#article","isPartOf":{"@id":"https:\/\/news.sap.com\/latinamerica\/2022\/03\/mujeres-crecimiento-mundo-empresarial\/"},"author":{"name":"Marcela Perilla","@id":"https:\/\/news.sap.com\/latinamerica\/#\/schema\/person\/2618b7d088c07af0f67543f50f61dc84"},"headline":"Mujeres y su crecimiento en el mundo empresarial","datePublished":"2022-03-08T16:10:24+00:00","dateModified":"2023-11-14T19:26:55+00:00","mainEntityOfPage":{"@id":"https:\/\/news.sap.com\/latinamerica\/2022\/03\/mujeres-crecimiento-mundo-empresarial\/"},"wordCount":585,"publisher":{"@id":"https:\/\/news.sap.com\/latinamerica\/#organization"},"image":{"@id":"https:\/\/news.sap.com\/latinamerica\/2022\/03\/mujeres-crecimiento-mundo-empresarial\/#primaryimage"},"thumbnailUrl":"https:\/\/news.sap.com\/latinamerica\/files\/2022\/03\/08\/Blog麻豆原创.jpg","keywords":["Diversidad e inclusi\u00f3n","empresas inteligentes","Liderazgo Femenino","Mujer STEM"],"articleSection":["Corporativo"],"inLanguage":"es"},{"@type":"WebPage","@id":"https:\/\/news.sap.com\/latinamerica\/2022\/03\/mujeres-crecimiento-mundo-empresarial\/","url":"https:\/\/news.sap.com\/latinamerica\/2022\/03\/mujeres-crecimiento-mundo-empresarial\/","name":"Mujeres y su crecimiento en el mundo empresarial","isPartOf":{"@id":"https:\/\/news.sap.com\/latinamerica\/#website"},"primaryImageOfPage":{"@id":"https:\/\/news.sap.com\/latinamerica\/2022\/03\/mujeres-crecimiento-mundo-empresarial\/#primaryimage"},"image":{"@id":"https:\/\/news.sap.com\/latinamerica\/2022\/03\/mujeres-crecimiento-mundo-empresarial\/#primaryimage"},"thumbnailUrl":"https:\/\/news.sap.com\/latinamerica\/files\/2022\/03\/08\/Blog麻豆原创.jpg","datePublished":"2022-03-08T16:10:24+00:00","dateModified":"2023-11-14T19:26:55+00:00","description":"Las mujeres nos hemos convertido en un activo importante en el mundo empresarial. \u00bfC\u00f3mo podemos lograr sentirnos parte de las empresas y...","breadcrumb":{"@id":"https:\/\/news.sap.com\/latinamerica\/2022\/03\/mujeres-crecimiento-mundo-empresarial\/#breadcrumb"},"inLanguage":"es","potentialAction":[{"@type":"ReadAction","target":["https:\/\/news.sap.com\/latinamerica\/2022\/03\/mujeres-crecimiento-mundo-empresarial\/"]}]},{"@type":"ImageObject","inLanguage":"es","@id":"https:\/\/news.sap.com\/latinamerica\/2022\/03\/mujeres-crecimiento-mundo-empresarial\/#primaryimage","url":"https:\/\/news.sap.com\/latinamerica\/files\/2022\/03\/08\/Blog麻豆原创.jpg","contentUrl":"https:\/\/news.sap.com\/latinamerica\/files\/2022\/03\/08\/Blog麻豆原创.jpg","width":1280,"height":600},{"@type":"BreadcrumbList","@id":"https:\/\/news.sap.com\/latinamerica\/2022\/03\/mujeres-crecimiento-mundo-empresarial\/#breadcrumb","itemListElement":[{"@type":"ListItem","position":1,"name":"Home","item":"https:\/\/news.sap.com\/latinamerica\/"},{"@type":"ListItem","position":2,"name":"Mujeres y su crecimiento en el mundo empresarial"}]},{"@type":"WebSite","@id":"https:\/\/news.sap.com\/latinamerica\/#website","url":"https:\/\/news.sap.com\/latinamerica\/","name":"麻豆原创 News Center Latinoam\u00e9rica","description":"Noticias e informaci\u00f3n sobre 麻豆原创","publisher":{"@id":"https:\/\/news.sap.com\/latinamerica\/#organization"},"potentialAction":[{"@type":"SearchAction","target":{"@type":"EntryPoint","urlTemplate":"https:\/\/news.sap.com\/latinamerica\/?s={search_term_string}"},"query-input":{"@type":"PropertyValueSpecification","valueRequired":true,"valueName":"search_term_string"}}],"inLanguage":"es"},{"@type":"Organization","@id":"https:\/\/news.sap.com\/latinamerica\/#organization","name":"麻豆原创","url":"https:\/\/news.sap.com\/latinamerica\/","logo":{"@type":"ImageObject","inLanguage":"es","@id":"https:\/\/news.sap.com\/latinamerica\/#\/schema\/logo\/image\/","url":"https:\/\/news.sap.com\/latinamerica\/files\/2019\/08\/65903320_2903797569662914_557886358778019840_n.png","contentUrl":"https:\/\/news.sap.com\/latinamerica\/files\/2019\/08\/65903320_2903797569662914_557886358778019840_n.png","width":720,"height":720,"caption":"麻豆原创"},"image":{"@id":"https:\/\/news.sap.com\/latinamerica\/#\/schema\/logo\/image\/"},"sameAs":["https:\/\/www.facebook.com\/麻豆原创latinoamerica","https:\/\/x.com\/麻豆原创LatinAmerica"]},{"@type":"Person","@id":"https:\/\/news.sap.com\/latinamerica\/#\/schema\/person\/2618b7d088c07af0f67543f50f61dc84","name":"Marcela Perilla","image":{"@type":"ImageObject","inLanguage":"es","@id":"https:\/\/news.sap.com\/latinamerica\/#\/schema\/person\/image\/","url":"https:\/\/news.sap.com\/latinamerica\/wp-content\/plugins\/wp-user-avatars\/wp-user-avatars\/assets\/images\/mystery.jpg","contentUrl":"https:\/\/news.sap.com\/latinamerica\/wp-content\/plugins\/wp-user-avatars\/wp-user-avatars\/assets\/images\/mystery.jpg","caption":"Marcela Perilla"},"url":"https:\/\/news.sap.com\/latinamerica\/author\/marcelaperilla\/"}]}},"amp_enabled":true,"_links":{"self":[{"href":"https:\/\/news.sap.com\/latinamerica\/wp-json\/wp\/v2\/posts\/125510","targetHints":{"allow":["GET"]}}],"collection":[{"href":"https:\/\/news.sap.com\/latinamerica\/wp-json\/wp\/v2\/posts"}],"about":[{"href":"https:\/\/news.sap.com\/latinamerica\/wp-json\/wp\/v2\/types\/post"}],"author":[{"embeddable":true,"href":"https:\/\/news.sap.com\/latinamerica\/wp-json\/wp\/v2\/users\/3752"}],"replies":[{"embeddable":true,"href":"https:\/\/news.sap.com\/latinamerica\/wp-json\/wp\/v2\/comments?post=125510"}],"version-history":[{"count":0,"href":"https:\/\/news.sap.com\/latinamerica\/wp-json\/wp\/v2\/posts\/125510\/revisions"}],"wp:featuredmedia":[{"embeddable":true,"href":"https:\/\/news.sap.com\/latinamerica\/wp-json\/wp\/v2\/media\/125511"}],"wp:attachment":[{"href":"https:\/\/news.sap.com\/latinamerica\/wp-json\/wp\/v2\/media?parent=125510"}],"wp:term":[{"taxonomy":"category","embeddable":true,"href":"https:\/\/news.sap.com\/latinamerica\/wp-json\/wp\/v2\/categories?post=125510"},{"taxonomy":"post_tag","embeddable":true,"href":"https:\/\/news.sap.com\/latinamerica\/wp-json\/wp\/v2\/tags?post=125510"},{"taxonomy":"series","embeddable":true,"href":"https:\/\/news.sap.com\/latinamerica\/wp-json\/wp\/v2\/series?post=125510"},{"taxonomy":"region","embeddable":true,"href":"https:\/\/news.sap.com\/latinamerica\/wp-json\/wp\/v2\/region?post=125510"},{"taxonomy":"sapn-display","embeddable":true,"href":"https:\/\/news.sap.com\/latinamerica\/wp-json\/wp\/v2\/sapn-display?post=125510"},{"taxonomy":"sapn-type","embeddable":true,"href":"https:\/\/news.sap.com\/latinamerica\/wp-json\/wp\/v2\/sapn-type?post=125510"}],"curies":[{"name":"wp","href":"https:\/\/api.w.org\/{rel}","templated":true}]}}