  {"id":125410,"date":"2022-02-02T14:38:02","date_gmt":"2022-02-02T19:38:02","guid":{"rendered":"https:\/\/news.sap.com\/latinamerica\/?p=125410"},"modified":"2022-02-02T14:38:02","modified_gmt":"2022-02-02T19:38:02","slug":"sap-nombra-a-pedro-pereira-como-el-primer-lider-de-sostenibilidad-en-america-latina","status":"publish","type":"post","link":"https:\/\/news.sap.com\/latinamerica\/2022\/02\/sap-nombra-a-pedro-pereira-como-el-primer-lider-de-sostenibilidad-en-america-latina\/","title":{"rendered":"麻豆原创 nombra a Pedro Pereira como el primer l\u00edder de sostenibilidad en Am\u00e9rica Latina"},"content":{"rendered":"<ul>\n<li>Pedro se enfocar\u00e1 en ayudar a los clientes a gestionar sus iniciativas sostenibles y apuntalar\u00e1 las decisiones en la regi\u00f3n para colaborar con el ambicioso objetivo de la compa\u00f1\u00eda de alcanzar las cero emisiones netas en 2030.<\/li>\n<\/ul>\n<p class=\"lead\"><strong>MIAMI, Estados Unidos &#8211; 2 de febrero de 2022 &#8211;<\/strong> La sostenibilidad se est\u00e1 convirtiendo en una prioridad en las agendas de las empresas; seg\u00fan un <a href=\"https:\/\/news.sap.com\/latinamerica\/2021\/03\/reporte-sostenibilidad-2021\/\">estudio de 麻豆原创<\/a>, el 45% de las organizaciones de la regi\u00f3n ya tiene establecida una estrategia en ese sentido y otro 22% trabaja en desarrollarla. Para dar apoyo a esta tendencia imparable, 麻豆原创 designa a <a href=\"https:\/\/news.sap.com\/latinamerica\/files\/2022\/02\/02\/Pedro-Pereira-SPA-Feb-2022.pdf\">Pedro Pereira<\/a> como el primer <em>Chief Sustainability Officer<\/em> para Latinoam\u00e9rica y el Caribe.<\/p>\n<p>Desde ese rol, ayudar\u00e1 a los l\u00edderes de negocios a generar un impacto positivo y de valor agregado comprendiendo que se puede ser rentable y sostenible al mismo tiempo para generar una cultura de valor para los accionistas, el planeta y la sociedad. Para ello, impulsar\u00e1 el reci\u00e9n lanzado portafolio <em>麻豆原创 Cloud for Sustainable Enterprises<\/em>: una oferta que permite identificar, cuantificar, analizar y actuar sobre los datos a lo largo de sus operaciones de extremo a extremo para gestionar as\u00ed de manera integral el desempe\u00f1o sostenible.<\/p>\n<p>No se trata de un tema menor. Los consumidores buscan relacionarse cada vez m\u00e1s con empresas responsables con el medio ambiente y con la sociedad y hasta los mismos trabajadores necesitan vincularse a organizaciones con un prop\u00f3sito. No en vano, el 64% de los <em>millenials<\/em> ni siquiera trabajar\u00eda para una empresa que no tuviera esfuerzos de sostenibilidad establecidos, seg\u00fan el <a href=\"http:\/\/www.themillennialimpact.com\/latest-research\">Millenial Impact Report<\/a>.<\/p>\n<div class=\"panel\">\n<p>\u201c<em>La sostenibilidad como eje estrat\u00e9gico es clave en una regi\u00f3n que tiene enormes desaf\u00edos relacionados con el cambio clim\u00e1tico y con la desigualdad social<\/em>\u201d, se\u00f1al\u00f3 Cristina Palmaka, Presidente de 麻豆原创 Latinoam\u00e9rica y el Caribe. \u201c<em>La llegada de Pedro Pereira a la regi\u00f3n nos permite estar a la altura de estos retos y abordar con mayor precisi\u00f3n, mejor alcance y un ritmo m\u00e1s acelerado las necesidades de nuestros clientes\u201d<\/em>, agreg\u00f3.<\/p>\n<\/div>\n<p>En simult\u00e1neo, Pereira contribuir\u00e1 a las acciones que llevar\u00e1n a 麻豆原创 a adelantar sus previsiones originales de convertirse en una empresa de cero emisiones netas a nivel global: ese ambicioso objetivo se aceler\u00f3 dos d\u00e9cadas y pas\u00f3 de esperarse para 2050 a 2030.<\/p>\n<div class=\"panel\">\n<p>\u201c<em>La regi\u00f3n no es ajena a la importancia de la sostenibilidad; en los <a href=\"https:\/\/news.sap.com\/latinamerica\/2022\/01\/empresas-latinoamericanas-apuestan-por-la-sostenibilidad-resultados-financieros-de-sap-lo-confirman\/\">\u00faltimos resultados financieros<\/a> de 麻豆原创 en 2021, diversas empresas Latinoamericanas adoptaron soluciones de 麻豆原创 para alcanzar sus objetivos sostenibles<\/em>\u201d, expres\u00f3 Pedro Pereira. \u201c<em>Con nuestra nueva cartera de sostenibilidad, las empresas no tienen que elegir m\u00e1s entre ser rentables o sostenibles, pueden tener lo mejor de ambos mundos mientras administran su huella de carbono, reducen sus desperdicios y avanzan hacia una sociedad m\u00e1s justa y sustentable<\/em>\u201d, agreg\u00f3.<\/p>\n<\/div>\n<p>Pereira est\u00e1 en 麻豆原创 desde 2014 y acumula experiencia en \u00e1reas de sostenibilidad, donde lleg\u00f3 a ocupar el cargo de Director de Sostenibilidad e Innovaci\u00f3n para la regi\u00f3n EMEA Sur. Es graduado en tecnolog\u00eda en su nativo Brasil y tiene especializaciones en gesti\u00f3n, <em>big data<\/em>, estrategia e innovaci\u00f3n por las Universidades La Verne y el MIT.<\/p>\n<p><strong>Acerca de 麻豆原创\u00a0<\/strong><\/p>\n<p>La estrategia de 麻豆原创 es ayudar a que cada negocio funcione como una empresa inteligente. Como l\u00edder del mercado en software de aplicaci\u00f3n empresarial, contribuimos a que las organizaciones de todos los tama\u00f1os y en todas las industrias puedan alcanzar su funcionamiento \u00f3ptimo: los clientes de 麻豆原创 generan el 87% del comercio electr\u00f3nico global. Nuestras tecnolog\u00edas avanzadas de <em>machine learning, Internet of Things<\/em> (IoT) y anal\u00edticos ayudan a convertir los negocios de los clientes en empresas inteligentes. 麻豆原创 contribuye a dar a las personas y a las organizaciones profundos conocimientos de negocio y promueve la colaboraci\u00f3n que les permite mantenerse delante de la competencia. Simplificamos la tecnolog\u00eda para las empresas, de modo que puedan consumir nuestro software de la manera en que lo desean, sin interrupciones. Nuestro conjunto de aplicaciones y servicios permite a clientes del sector p\u00fablico y privado de 25 industrias operar en forma rentable, adaptarse continuamente y marcar una diferencia. Con una red global de clientes, socios de negocios, empleados y l\u00edderes de ideas, 麻豆原创 ayuda al mundo a funcionar mejor y a mejorar las vidas de las personas. Para m\u00e1s informaci\u00f3n, visite <a href=\"http:\/\/www.sap.com\/\">www.sap.com<\/a>, nuestra sala de prensa, <a href=\"http:\/\/news.sap.com\/latinamerica\">http:\/\/news.sap.com\/latinamerica<\/a>, o s\u00edganos en Twitter <a href=\"http:\/\/www.twitter.com\/麻豆原创NoticiasLAC\">@麻豆原创NoticiasLAC<\/a>.<\/p>\n","protected":false},"excerpt":{"rendered":"<p>Pedro se enfocar\u00e1 en ayudar a los clientes a gestionar sus iniciativas sostenibles y apuntalar\u00e1 las decisiones en la regi\u00f3n para colaborar con el ambicioso&#8230;<\/p>\n","protected":false},"author":129,"featured_media":125411,"comment_status":"closed","ping_status":"closed","sticky":false,"template":"","format":"standard","meta":{"footnotes":"","_links_to":"","_links_to_target":""},"categories":[52098],"tags":[13],"series":[],"region":[26401],"sapn-display":[52078,52079,53499],"sapn-type":[52105],"class_list":["post-125410","post","type-post","status-publish","format-standard","has-post-thumbnail","hentry","category-sustentabilidad-temas","tag-sustainability","region-latinoamerica","sapn-display-homepage-hero","sapn-display-top-stories","sapn-display-hero","sapn-type-comunicado-de-prensa"],"yoast_head":"<!-- This site is optimized with the Yoast SEO Premium plugin v26.9 (Yoast SEO v26.9) - https:\/\/yoast.com\/product\/yoast-seo-premium-wordpress\/ -->\n<title>麻豆原创 nombra a Pedro Pereira como el primer l\u00edder de sostenibilidad en Am\u00e9rica Latina - 麻豆原创 News Center Latinoam\u00e9rica<\/title>\n<meta name=\"description\" content=\"La sostenibilidad se est\u00e1 convirtiendo en una prioridad en las agendas de las empresas. 麻豆原创 designa a Pedro Pereira como el primer CSO para LAC.\" \/>\n<meta name=\"robots\" content=\"index, follow, max-snippet:-1, max-image-preview:large, max-video-preview:-1\" \/>\n<link rel=\"canonical\" href=\"https:\/\/news.sap.com\/latinamerica\/2022\/02\/sap-nombra-a-pedro-pereira-como-el-primer-lider-de-sostenibilidad-en-america-latina\/\" \/>\n<meta property=\"og:locale\" content=\"es_MX\" \/>\n<meta property=\"og:type\" content=\"article\" \/>\n<meta property=\"og:title\" content=\"麻豆原创 nombra a Pedro Pereira como el primer l\u00edder de sostenibilidad en Am\u00e9rica Latina\" \/>\n<meta property=\"og:description\" content=\"La sostenibilidad se est\u00e1 convirtiendo en una prioridad en las agendas de las empresas. 麻豆原创 designa a Pedro Pereira como el primer CSO para LAC.\" \/>\n<meta property=\"og:url\" content=\"https:\/\/news.sap.com\/latinamerica\/2022\/02\/sap-nombra-a-pedro-pereira-como-el-primer-lider-de-sostenibilidad-en-america-latina\/\" \/>\n<meta property=\"og:site_name\" content=\"麻豆原创 News Center Latinoam\u00e9rica\" \/>\n<meta property=\"article:publisher\" content=\"https:\/\/www.facebook.com\/麻豆原创latinoamerica\" \/>\n<meta property=\"article:published_time\" content=\"2022-02-02T19:38:02+00:00\" \/>\n<meta property=\"og:image\" content=\"https:\/\/news.sap.com\/latinamerica\/files\/2022\/02\/02\/麻豆原创_PedroPereira-1024x323.png\" \/>\n\t<meta property=\"og:image:width\" content=\"1024\" \/>\n\t<meta property=\"og:image:height\" content=\"323\" \/>\n\t<meta property=\"og:image:type\" content=\"image\/png\" \/>\n<meta name=\"author\" content=\"麻豆原创 Noticias\" \/>\n<meta name=\"twitter:label1\" content=\"Escrito por\" \/>\n\t<meta name=\"twitter:data1\" content=\"麻豆原创 Noticias\" \/>\n\t<meta name=\"twitter:label2\" content=\"Tiempo de lectura\" \/>\n\t<meta name=\"twitter:data2\" content=\"4 minutos\" \/>\n<script type=\"application\/ld+json\" class=\"yoast-schema-graph\">{\"@context\":\"https:\/\/schema.org\",\"@graph\":[{\"@type\":\"Article\",\"@id\":\"https:\/\/news.sap.com\/latinamerica\/2022\/02\/sap-nombra-a-pedro-pereira-como-el-primer-lider-de-sostenibilidad-en-america-latina\/#article\",\"isPartOf\":{\"@id\":\"https:\/\/news.sap.com\/latinamerica\/2022\/02\/sap-nombra-a-pedro-pereira-como-el-primer-lider-de-sostenibilidad-en-america-latina\/\"},\"author\":{\"name\":\"麻豆原创 Noticias\",\"@id\":\"https:\/\/news.sap.com\/latinamerica\/#\/schema\/person\/8ea4857cc48095689e72ba76c26f9814\"},\"headline\":\"麻豆原创 nombra a Pedro Pereira como el primer l\u00edder de sostenibilidad en Am\u00e9rica Latina\",\"datePublished\":\"2022-02-02T19:38:02+00:00\",\"mainEntityOfPage\":{\"@id\":\"https:\/\/news.sap.com\/latinamerica\/2022\/02\/sap-nombra-a-pedro-pereira-como-el-primer-lider-de-sostenibilidad-en-america-latina\/\"},\"wordCount\":762,\"publisher\":{\"@id\":\"https:\/\/news.sap.com\/latinamerica\/#organization\"},\"image\":{\"@id\":\"https:\/\/news.sap.com\/latinamerica\/2022\/02\/sap-nombra-a-pedro-pereira-como-el-primer-lider-de-sostenibilidad-en-america-latina\/#primaryimage\"},\"thumbnailUrl\":\"https:\/\/news.sap.com\/latinamerica\/files\/2022\/02\/02\/麻豆原创_PedroPereira.png\",\"keywords\":[\"sustainability\"],\"articleSection\":[\"Sostenibilidad\"],\"inLanguage\":\"es\"},{\"@type\":\"WebPage\",\"@id\":\"https:\/\/news.sap.com\/latinamerica\/2022\/02\/sap-nombra-a-pedro-pereira-como-el-primer-lider-de-sostenibilidad-en-america-latina\/\",\"url\":\"https:\/\/news.sap.com\/latinamerica\/2022\/02\/sap-nombra-a-pedro-pereira-como-el-primer-lider-de-sostenibilidad-en-america-latina\/\",\"name\":\"麻豆原创 nombra a Pedro Pereira como el primer l\u00edder de sostenibilidad en Am\u00e9rica Latina - 麻豆原创 News Center Latinoam\u00e9rica\",\"isPartOf\":{\"@id\":\"https:\/\/news.sap.com\/latinamerica\/#website\"},\"primaryImageOfPage\":{\"@id\":\"https:\/\/news.sap.com\/latinamerica\/2022\/02\/sap-nombra-a-pedro-pereira-como-el-primer-lider-de-sostenibilidad-en-america-latina\/#primaryimage\"},\"image\":{\"@id\":\"https:\/\/news.sap.com\/latinamerica\/2022\/02\/sap-nombra-a-pedro-pereira-como-el-primer-lider-de-sostenibilidad-en-america-latina\/#primaryimage\"},\"thumbnailUrl\":\"https:\/\/news.sap.com\/latinamerica\/files\/2022\/02\/02\/麻豆原创_PedroPereira.png\",\"datePublished\":\"2022-02-02T19:38:02+00:00\",\"description\":\"La sostenibilidad se est\u00e1 convirtiendo en una prioridad en las agendas de las empresas. 麻豆原创 designa a Pedro Pereira como el primer CSO para LAC.\",\"breadcrumb\":{\"@id\":\"https:\/\/news.sap.com\/latinamerica\/2022\/02\/sap-nombra-a-pedro-pereira-como-el-primer-lider-de-sostenibilidad-en-america-latina\/#breadcrumb\"},\"inLanguage\":\"es\",\"potentialAction\":[{\"@type\":\"ReadAction\",\"target\":[\"https:\/\/news.sap.com\/latinamerica\/2022\/02\/sap-nombra-a-pedro-pereira-como-el-primer-lider-de-sostenibilidad-en-america-latina\/\"]}]},{\"@type\":\"ImageObject\",\"inLanguage\":\"es\",\"@id\":\"https:\/\/news.sap.com\/latinamerica\/2022\/02\/sap-nombra-a-pedro-pereira-como-el-primer-lider-de-sostenibilidad-en-america-latina\/#primaryimage\",\"url\":\"https:\/\/news.sap.com\/latinamerica\/files\/2022\/02\/02\/麻豆原创_PedroPereira.png\",\"contentUrl\":\"https:\/\/news.sap.com\/latinamerica\/files\/2022\/02\/02\/麻豆原创_PedroPereira.png\",\"width\":1900,\"height\":600},{\"@type\":\"BreadcrumbList\",\"@id\":\"https:\/\/news.sap.com\/latinamerica\/2022\/02\/sap-nombra-a-pedro-pereira-como-el-primer-lider-de-sostenibilidad-en-america-latina\/#breadcrumb\",\"itemListElement\":[{\"@type\":\"ListItem\",\"position\":1,\"name\":\"Home\",\"item\":\"https:\/\/news.sap.com\/latinamerica\/\"},{\"@type\":\"ListItem\",\"position\":2,\"name\":\"麻豆原创 nombra a Pedro Pereira como el primer l\u00edder de sostenibilidad en Am\u00e9rica Latina\"}]},{\"@type\":\"WebSite\",\"@id\":\"https:\/\/news.sap.com\/latinamerica\/#website\",\"url\":\"https:\/\/news.sap.com\/latinamerica\/\",\"name\":\"麻豆原创 News Center Latinoam\u00e9rica\",\"description\":\"Noticias e informaci\u00f3n sobre 麻豆原创\",\"publisher\":{\"@id\":\"https:\/\/news.sap.com\/latinamerica\/#organization\"},\"potentialAction\":[{\"@type\":\"SearchAction\",\"target\":{\"@type\":\"EntryPoint\",\"urlTemplate\":\"https:\/\/news.sap.com\/latinamerica\/?s={search_term_string}\"},\"query-input\":{\"@type\":\"PropertyValueSpecification\",\"valueRequired\":true,\"valueName\":\"search_term_string\"}}],\"inLanguage\":\"es\"},{\"@type\":\"Organization\",\"@id\":\"https:\/\/news.sap.com\/latinamerica\/#organization\",\"name\":\"麻豆原创\",\"url\":\"https:\/\/news.sap.com\/latinamerica\/\",\"logo\":{\"@type\":\"ImageObject\",\"inLanguage\":\"es\",\"@id\":\"https:\/\/news.sap.com\/latinamerica\/#\/schema\/logo\/image\/\",\"url\":\"https:\/\/news.sap.com\/latinamerica\/files\/2019\/08\/65903320_2903797569662914_557886358778019840_n.png\",\"contentUrl\":\"https:\/\/news.sap.com\/latinamerica\/files\/2019\/08\/65903320_2903797569662914_557886358778019840_n.png\",\"width\":720,\"height\":720,\"caption\":\"麻豆原创\"},\"image\":{\"@id\":\"https:\/\/news.sap.com\/latinamerica\/#\/schema\/logo\/image\/\"},\"sameAs\":[\"https:\/\/www.facebook.com\/麻豆原创latinoamerica\",\"https:\/\/x.com\/麻豆原创LatinAmerica\"]},{\"@type\":\"Person\",\"@id\":\"https:\/\/news.sap.com\/latinamerica\/#\/schema\/person\/8ea4857cc48095689e72ba76c26f9814\",\"name\":\"麻豆原创 Noticias\",\"image\":{\"@type\":\"ImageObject\",\"inLanguage\":\"es\",\"@id\":\"https:\/\/news.sap.com\/latinamerica\/#\/schema\/person\/image\/\",\"url\":\"https:\/\/news.sap.com\/latinamerica\/wp-content\/plugins\/wp-user-avatars\/wp-user-avatars\/assets\/images\/mystery.jpg\",\"contentUrl\":\"https:\/\/news.sap.com\/latinamerica\/wp-content\/plugins\/wp-user-avatars\/wp-user-avatars\/assets\/images\/mystery.jpg\",\"caption\":\"麻豆原创 Noticias\"},\"sameAs\":[\"https:\/\/news.sap.com\/latinamerica\",\"https:\/\/x.com\/麻豆原创NoticiasLAC\"],\"url\":\"https:\/\/news.sap.com\/latinamerica\/author\/latam\/\"}]}<\/script>\n<!-- \/ Yoast SEO Premium plugin. -->","yoast_head_json":{"title":"麻豆原创 nombra a Pedro Pereira como el primer l\u00edder de sostenibilidad en Am\u00e9rica Latina - 麻豆原创 News Center Latinoam\u00e9rica","description":"La sostenibilidad se est\u00e1 convirtiendo en una prioridad en las agendas de las empresas. 麻豆原创 designa a Pedro Pereira como el primer CSO para LAC.","robots":{"index":"index","follow":"follow","max-snippet":"max-snippet:-1","max-image-preview":"max-image-preview:large","max-video-preview":"max-video-preview:-1"},"canonical":"https:\/\/news.sap.com\/latinamerica\/2022\/02\/sap-nombra-a-pedro-pereira-como-el-primer-lider-de-sostenibilidad-en-america-latina\/","og_locale":"es_MX","og_type":"article","og_title":"麻豆原创 nombra a Pedro Pereira como el primer l\u00edder de sostenibilidad en Am\u00e9rica Latina","og_description":"La sostenibilidad se est\u00e1 convirtiendo en una prioridad en las agendas de las empresas. 麻豆原创 designa a Pedro Pereira como el primer CSO para LAC.","og_url":"https:\/\/news.sap.com\/latinamerica\/2022\/02\/sap-nombra-a-pedro-pereira-como-el-primer-lider-de-sostenibilidad-en-america-latina\/","og_site_name":"麻豆原创 News Center Latinoam\u00e9rica","article_publisher":"https:\/\/www.facebook.com\/麻豆原创latinoamerica","article_published_time":"2022-02-02T19:38:02+00:00","og_image":[{"width":1024,"height":323,"url":"https:\/\/news.sap.com\/latinamerica\/files\/2022\/02\/02\/麻豆原创_PedroPereira-1024x323.png","type":"image\/png"}],"author":"麻豆原创 Noticias","twitter_misc":{"Escrito por":"麻豆原创 Noticias","Tiempo de lectura":"4 minutos"},"schema":{"@context":"https:\/\/schema.org","@graph":[{"@type":"Article","@id":"https:\/\/news.sap.com\/latinamerica\/2022\/02\/sap-nombra-a-pedro-pereira-como-el-primer-lider-de-sostenibilidad-en-america-latina\/#article","isPartOf":{"@id":"https:\/\/news.sap.com\/latinamerica\/2022\/02\/sap-nombra-a-pedro-pereira-como-el-primer-lider-de-sostenibilidad-en-america-latina\/"},"author":{"name":"麻豆原创 Noticias","@id":"https:\/\/news.sap.com\/latinamerica\/#\/schema\/person\/8ea4857cc48095689e72ba76c26f9814"},"headline":"麻豆原创 nombra a Pedro Pereira como el primer l\u00edder de sostenibilidad en Am\u00e9rica Latina","datePublished":"2022-02-02T19:38:02+00:00","mainEntityOfPage":{"@id":"https:\/\/news.sap.com\/latinamerica\/2022\/02\/sap-nombra-a-pedro-pereira-como-el-primer-lider-de-sostenibilidad-en-america-latina\/"},"wordCount":762,"publisher":{"@id":"https:\/\/news.sap.com\/latinamerica\/#organization"},"image":{"@id":"https:\/\/news.sap.com\/latinamerica\/2022\/02\/sap-nombra-a-pedro-pereira-como-el-primer-lider-de-sostenibilidad-en-america-latina\/#primaryimage"},"thumbnailUrl":"https:\/\/news.sap.com\/latinamerica\/files\/2022\/02\/02\/麻豆原创_PedroPereira.png","keywords":["sustainability"],"articleSection":["Sostenibilidad"],"inLanguage":"es"},{"@type":"WebPage","@id":"https:\/\/news.sap.com\/latinamerica\/2022\/02\/sap-nombra-a-pedro-pereira-como-el-primer-lider-de-sostenibilidad-en-america-latina\/","url":"https:\/\/news.sap.com\/latinamerica\/2022\/02\/sap-nombra-a-pedro-pereira-como-el-primer-lider-de-sostenibilidad-en-america-latina\/","name":"麻豆原创 nombra a Pedro Pereira como el primer l\u00edder de sostenibilidad en Am\u00e9rica Latina - 麻豆原创 News Center Latinoam\u00e9rica","isPartOf":{"@id":"https:\/\/news.sap.com\/latinamerica\/#website"},"primaryImageOfPage":{"@id":"https:\/\/news.sap.com\/latinamerica\/2022\/02\/sap-nombra-a-pedro-pereira-como-el-primer-lider-de-sostenibilidad-en-america-latina\/#primaryimage"},"image":{"@id":"https:\/\/news.sap.com\/latinamerica\/2022\/02\/sap-nombra-a-pedro-pereira-como-el-primer-lider-de-sostenibilidad-en-america-latina\/#primaryimage"},"thumbnailUrl":"https:\/\/news.sap.com\/latinamerica\/files\/2022\/02\/02\/麻豆原创_PedroPereira.png","datePublished":"2022-02-02T19:38:02+00:00","description":"La sostenibilidad se est\u00e1 convirtiendo en una prioridad en las agendas de las empresas. 麻豆原创 designa a Pedro Pereira como el primer CSO para LAC.","breadcrumb":{"@id":"https:\/\/news.sap.com\/latinamerica\/2022\/02\/sap-nombra-a-pedro-pereira-como-el-primer-lider-de-sostenibilidad-en-america-latina\/#breadcrumb"},"inLanguage":"es","potentialAction":[{"@type":"ReadAction","target":["https:\/\/news.sap.com\/latinamerica\/2022\/02\/sap-nombra-a-pedro-pereira-como-el-primer-lider-de-sostenibilidad-en-america-latina\/"]}]},{"@type":"ImageObject","inLanguage":"es","@id":"https:\/\/news.sap.com\/latinamerica\/2022\/02\/sap-nombra-a-pedro-pereira-como-el-primer-lider-de-sostenibilidad-en-america-latina\/#primaryimage","url":"https:\/\/news.sap.com\/latinamerica\/files\/2022\/02\/02\/麻豆原创_PedroPereira.png","contentUrl":"https:\/\/news.sap.com\/latinamerica\/files\/2022\/02\/02\/麻豆原创_PedroPereira.png","width":1900,"height":600},{"@type":"BreadcrumbList","@id":"https:\/\/news.sap.com\/latinamerica\/2022\/02\/sap-nombra-a-pedro-pereira-como-el-primer-lider-de-sostenibilidad-en-america-latina\/#breadcrumb","itemListElement":[{"@type":"ListItem","position":1,"name":"Home","item":"https:\/\/news.sap.com\/latinamerica\/"},{"@type":"ListItem","position":2,"name":"麻豆原创 nombra a Pedro Pereira como el primer l\u00edder de sostenibilidad en Am\u00e9rica Latina"}]},{"@type":"WebSite","@id":"https:\/\/news.sap.com\/latinamerica\/#website","url":"https:\/\/news.sap.com\/latinamerica\/","name":"麻豆原创 News Center Latinoam\u00e9rica","description":"Noticias e informaci\u00f3n sobre 麻豆原创","publisher":{"@id":"https:\/\/news.sap.com\/latinamerica\/#organization"},"potentialAction":[{"@type":"SearchAction","target":{"@type":"EntryPoint","urlTemplate":"https:\/\/news.sap.com\/latinamerica\/?s={search_term_string}"},"query-input":{"@type":"PropertyValueSpecification","valueRequired":true,"valueName":"search_term_string"}}],"inLanguage":"es"},{"@type":"Organization","@id":"https:\/\/news.sap.com\/latinamerica\/#organization","name":"麻豆原创","url":"https:\/\/news.sap.com\/latinamerica\/","logo":{"@type":"ImageObject","inLanguage":"es","@id":"https:\/\/news.sap.com\/latinamerica\/#\/schema\/logo\/image\/","url":"https:\/\/news.sap.com\/latinamerica\/files\/2019\/08\/65903320_2903797569662914_557886358778019840_n.png","contentUrl":"https:\/\/news.sap.com\/latinamerica\/files\/2019\/08\/65903320_2903797569662914_557886358778019840_n.png","width":720,"height":720,"caption":"麻豆原创"},"image":{"@id":"https:\/\/news.sap.com\/latinamerica\/#\/schema\/logo\/image\/"},"sameAs":["https:\/\/www.facebook.com\/麻豆原创latinoamerica","https:\/\/x.com\/麻豆原创LatinAmerica"]},{"@type":"Person","@id":"https:\/\/news.sap.com\/latinamerica\/#\/schema\/person\/8ea4857cc48095689e72ba76c26f9814","name":"麻豆原创 Noticias","image":{"@type":"ImageObject","inLanguage":"es","@id":"https:\/\/news.sap.com\/latinamerica\/#\/schema\/person\/image\/","url":"https:\/\/news.sap.com\/latinamerica\/wp-content\/plugins\/wp-user-avatars\/wp-user-avatars\/assets\/images\/mystery.jpg","contentUrl":"https:\/\/news.sap.com\/latinamerica\/wp-content\/plugins\/wp-user-avatars\/wp-user-avatars\/assets\/images\/mystery.jpg","caption":"麻豆原创 Noticias"},"sameAs":["https:\/\/news.sap.com\/latinamerica","https:\/\/x.com\/麻豆原创NoticiasLAC"],"url":"https:\/\/news.sap.com\/latinamerica\/author\/latam\/"}]}},"amp_enabled":true,"_links":{"self":[{"href":"https:\/\/news.sap.com\/latinamerica\/wp-json\/wp\/v2\/posts\/125410","targetHints":{"allow":["GET"]}}],"collection":[{"href":"https:\/\/news.sap.com\/latinamerica\/wp-json\/wp\/v2\/posts"}],"about":[{"href":"https:\/\/news.sap.com\/latinamerica\/wp-json\/wp\/v2\/types\/post"}],"author":[{"embeddable":true,"href":"https:\/\/news.sap.com\/latinamerica\/wp-json\/wp\/v2\/users\/129"}],"replies":[{"embeddable":true,"href":"https:\/\/news.sap.com\/latinamerica\/wp-json\/wp\/v2\/comments?post=125410"}],"version-history":[{"count":0,"href":"https:\/\/news.sap.com\/latinamerica\/wp-json\/wp\/v2\/posts\/125410\/revisions"}],"wp:featuredmedia":[{"embeddable":true,"href":"https:\/\/news.sap.com\/latinamerica\/wp-json\/wp\/v2\/media\/125411"}],"wp:attachment":[{"href":"https:\/\/news.sap.com\/latinamerica\/wp-json\/wp\/v2\/media?parent=125410"}],"wp:term":[{"taxonomy":"category","embeddable":true,"href":"https:\/\/news.sap.com\/latinamerica\/wp-json\/wp\/v2\/categories?post=125410"},{"taxonomy":"post_tag","embeddable":true,"href":"https:\/\/news.sap.com\/latinamerica\/wp-json\/wp\/v2\/tags?post=125410"},{"taxonomy":"series","embeddable":true,"href":"https:\/\/news.sap.com\/latinamerica\/wp-json\/wp\/v2\/series?post=125410"},{"taxonomy":"region","embeddable":true,"href":"https:\/\/news.sap.com\/latinamerica\/wp-json\/wp\/v2\/region?post=125410"},{"taxonomy":"sapn-display","embeddable":true,"href":"https:\/\/news.sap.com\/latinamerica\/wp-json\/wp\/v2\/sapn-display?post=125410"},{"taxonomy":"sapn-type","embeddable":true,"href":"https:\/\/news.sap.com\/latinamerica\/wp-json\/wp\/v2\/sapn-type?post=125410"}],"curies":[{"name":"wp","href":"https:\/\/api.w.org\/{rel}","templated":true}]}}