  {"id":125222,"date":"2021-12-21T13:28:16","date_gmt":"2021-12-21T18:28:16","guid":{"rendered":"https:\/\/news.sap.com\/latinamerica\/?p=125222"},"modified":"2023-11-09T10:34:43","modified_gmt":"2023-11-09T15:34:43","slug":"aspectos-clave-de-resiliencia-mundial-en-la-era-post-covid","status":"publish","type":"post","link":"https:\/\/news.sap.com\/latinamerica\/2021\/12\/aspectos-clave-de-resiliencia-mundial-en-la-era-post-covid\/","title":{"rendered":"Aspectos clave de resiliencia mundial en la era Post-COVID"},"content":{"rendered":"<p class=\"lead\"><em>Luego de m\u00e1s de 744 d\u00edas desde la detecci\u00f3n del primer caso de infecci\u00f3n por COVID 19 en China, la batalla por superar el impacto epidemiol\u00f3gico y econ\u00f3mico a nivel mundial continua. Es la crisis reciente m\u00e1s fuerte percibida por el mundo, luego de la recesi\u00f3n de 2009 debido al colapso inmobiliario en Estados Unidos, que ha dejado miles de muertes y p\u00e9rdidas millonarias en todo el planeta. M\u00faltiples dudas sobre la recuperaci\u00f3n de ingresos y normalizaci\u00f3n de mercados aguardan respuestas, sin embargo, el futuro es prometedor y es clave que usted se conecte con las iniciativas que buscan rescatar las inversiones y potencializar las industrias.<\/em><\/p>\n<p><!--more--><\/p>\n<p>&nbsp;<\/p>\n<p>De acuerdo con cifras entregadas por el Banco mundial en Julio de 2021, el PIB en Am\u00e9rica Latina tuvo una ca\u00edda de 8.1% en 2020, superando lo vivido en Europa y Asia (promedio 6,3%), la cantidad de pobres aumentar\u00e1 a m\u00e1s 29 millones de personas al terminar el a\u00f1o, y m\u00e1s de 3,5 millones de negocios ya han cerrado sus puertas desde que las medidas restrictivas entraron en vigor en un intento desesperado de los gobiernos por frenar el contagio masivo en la poblaci\u00f3n.<\/p>\n<p>El problema m\u00e1s grande evidenciado en econom\u00edas emergentes como la de Am\u00e9rica Latina, es que ante la m\u00e1s m\u00ednima desestabilizaci\u00f3n o detenci\u00f3n forzada en las operaciones del sector productivo, se nota el impacto inmediato en la econom\u00eda, debido a programas insuficientes de apoyo gubernamental, que soporten al peque\u00f1o y mediano empresario sobrellevando problemas de flujo de caja, entre 8 a 65 billones de pesos (4,5% a 6,1% del PIB) por mes para el caso de Colombia.<\/p>\n<p>El camino hacia la recuperaci\u00f3n econ\u00f3mica es dif\u00edcil, pues la brecha generada por la ca\u00edda masiva de las bolsas de valores en el mundo, el desempleo creciendo a doble d\u00edgito, y la preocupaci\u00f3n por las m\u00faltiples olas de contagio, hacen que las estrategias globales necesiten impulso y gesti\u00f3n coordinada entre naciones, entregando resultados orientados a la estabilizaci\u00f3n y recuperaci\u00f3n de la econom\u00eda.<\/p>\n<p>Existen varios elementos que son parte del portafolio de <strong>estrategias para recuperar y estabilizar la econom\u00eda a nivel mundial<\/strong>, y entre otros, los mencionados por naciones unidas, el banco interamericano de desarrollo, la UNCTAD, en el marco de la iniciativa <a href=\"https:\/\/etradeforall.org\/\" target=\"_blank\" rel=\"noopener\">eTrade for all<\/a>\u00a0 que busca impulsar la adopci\u00f3n del comercio electr\u00f3nico en pa\u00edses emergentes y su consolidaci\u00f3n en econom\u00edas robustas, donde la tecnolog\u00eda de informaci\u00f3n y telecomunicaciones promete aportar canales de venta, acercar la oferta y demanda bajo escenarios de trading controlado por normativas de sana competencia, y aprovechamiento del crecimiento y cobertura de acceso a Internet a nivel mundial.<\/p>\n<p>Esta iniciativa est\u00e1 comprometida con hacer inclusivo el e-commerce, y convertirse en un centro de conocimiento para pa\u00edses que deseen sumarse a este \u201cjourney\u201d conectando partners globales, donantes, y comunidades beneficiarias bajo un solo escenario.<\/p>\n<p>Esto aterrizado en cifras expone que durante 2020, al menos 13 pa\u00edses se beneficiaron con actividades de generaci\u00f3n de capacidades t\u00e9cnicas para el e-commerce, firma de leyes para la protecci\u00f3n y privacidad de datos en pa\u00edses pobres como Togo, Cambodia, Uganda y Madagascar, redacci\u00f3n de gu\u00edas t\u00e9cnicas oficiales para asegurar transacciones electr\u00f3nicas, al igual que la finalizaci\u00f3n de evaluaciones sobre el estado de adopci\u00f3n de tecnolog\u00edas de informaci\u00f3n y telecomunicaciones para el e-commerce en m\u00e1s de 40 pa\u00edses para el segundo semestre de 2021.<\/p>\n<p>Seg\u00fan el indicador de desarrollo \u201cComputaci\u00f3n, comunicaciones y otros servicios\u201d del Banco mundial, el porcentaje de exportaci\u00f3n de servicios comerciales usando tecnolog\u00eda de informaci\u00f3n y telecomunicaciones, pas\u00f3 de 47,6% en 2019 a 55,31% en 2020 a nivel mundial, cifra que demuestra un s\u00f3lido crecimiento a doble d\u00edgito. Este es un salto abismal y una cifra record, pues desde 2010 el comportamiento de este indicador creci\u00f3 de 42,7% hasta 46,9% en 2018, confirmando el buen momento que atraviesa el comercio por Internet.<\/p>\n<p>Son cifras contundentes que demuestran gran potencial de crecimiento y una gran oportunidad de desarrollo para naciones pobres en Am\u00e9rica Latina, expandiendo fronteras y entregando soluciones que impulsen la consecuci\u00f3n de diferentes objetivos de desarrollo sostenible de las Naciones Unidas.<\/p>\n<p>En conclusi\u00f3n y como se mencion\u00f3 al principio de este art\u00edculo, el futuro aunque es muy retador, viene cargado de opciones para impulsar la recuperaci\u00f3n econ\u00f3mica, generar empleo, reactivar el comercio e incrementar el PIB en las econom\u00edas m\u00e1s golpeadas, siempre y cuando sus gobiernos y sectores productivos se comprometan con el desarrollo y adopci\u00f3n de tecnolog\u00eda habilitadora de bases para sus exportaciones, consecuci\u00f3n de materias primas y transformaci\u00f3n en productos y servicios de categor\u00eda mundial.<\/p>\n<p>El mundo ha sido golpeado por el COVID-19, pero el \u00edmpetu de recuperaci\u00f3n de la humanidad es m\u00e1s grande que todo lo vivido desde la aparici\u00f3n del primer infectado hasta hoy.<\/p>\n<p>&nbsp;<\/p>\n<p>__________________________________________________________<\/p>\n<p>&nbsp;<\/p>\n<p>Conozca m\u00e1s sobre Alfonso Uscategui (<a href=\"mailto:alfonso.uscategui@sap.com\" target=\"_blank\" rel=\"noopener\">alfonso.uscategui@sap.com<\/a><u>)<\/u><\/p>\n<p>Alfonso es un Ingeniero en TI y Msc de Arquitectura de TI (Universidad de los Andes Colombia) altamente experimentado en Infraestructura de TI, nube, Seguridad, TOGAF, COBIT, implementaci\u00f3n de proyectos 麻豆原创 y operaciones, gesti\u00f3n de proyectos (Agile y PMI), Transformaci\u00f3n Digital, continuidad del negocio, ITIL y viaje a la nube. Alfonso tiene experiencia en la gobernanza y la gesti\u00f3n de las operaciones de los servicios de TI, ha trabajado para grandes empresas globales apoyando a los equipos regionales, de toda la empresa e interculturales, para las operaciones de los centros de servicios compartidos.<\/p>\n<p>Alfonso no s\u00f3lo tiene experiencia en servicios de TI, sino que tambi\u00e9n es experto en gesti\u00f3n empresarial y liderazgo.<\/p>\n","protected":false},"excerpt":{"rendered":"<p>Luego de m\u00e1s de 744 d\u00edas desde la detecci\u00f3n del primer caso de infecci\u00f3n por COVID 19 en China, la batalla por superar el impacto&#8230;<\/p>\n","protected":false},"author":3678,"featured_media":125227,"comment_status":"closed","ping_status":"closed","sticky":false,"template":"","format":"standard","meta":{"footnotes":"","_links_to":"","_links_to_target":""},"categories":[24297],"tags":[56556,56559,5550870,26382,4645354,269944],"series":[],"region":[26401],"sapn-display":[5600442,5600440,52078],"sapn-type":[6114],"class_list":["post-125222","post","type-post","status-publish","format-standard","has-post-thumbnail","hentry","category-tecnologia","tag-blog-2","tag-blog-de-innovacion-de-sap","tag-tecnologia","tag-tendencias","tag-tendencias-digitales","tag-transformacion-digital","region-latinoamerica","sapn-display-articulo-destacado","sapn-display-articulo-principal","sapn-display-homepage-hero","sapn-type-articulo"],"yoast_head":"<!-- This site is optimized with the Yoast SEO Premium plugin v26.9 (Yoast SEO v26.9) - https:\/\/yoast.com\/product\/yoast-seo-premium-wordpress\/ -->\n<title>Aspectos clave de resiliencia mundial en la era Post-COVID - 麻豆原创 News Center Latinoam\u00e9rica<\/title>\n<meta name=\"robots\" content=\"index, follow, max-snippet:-1, max-image-preview:large, max-video-preview:-1\" \/>\n<link rel=\"canonical\" href=\"https:\/\/news.sap.com\/latinamerica\/2021\/12\/aspectos-clave-de-resiliencia-mundial-en-la-era-post-covid\/\" \/>\n<meta property=\"og:locale\" content=\"es_MX\" \/>\n<meta property=\"og:type\" content=\"article\" \/>\n<meta property=\"og:title\" content=\"Aspectos clave de resiliencia mundial en la era Post-COVID\" \/>\n<meta property=\"og:description\" content=\"Luego de m\u00e1s de 744 d\u00edas desde la detecci\u00f3n del primer caso de infecci\u00f3n por COVID 19 en China, la batalla por superar el impacto epidemiol\u00f3gico y econ\u00f3mico a nivel mundial continua.\" \/>\n<meta property=\"og:url\" content=\"https:\/\/news.sap.com\/latinamerica\/2021\/12\/aspectos-clave-de-resiliencia-mundial-en-la-era-post-covid\/\" \/>\n<meta property=\"og:site_name\" content=\"麻豆原创 News Center Latinoam\u00e9rica\" \/>\n<meta property=\"article:publisher\" content=\"https:\/\/www.facebook.com\/麻豆原创latinoamerica\" \/>\n<meta property=\"article:published_time\" content=\"2021-12-21T18:28:16+00:00\" \/>\n<meta property=\"article:modified_time\" content=\"2023-11-09T15:34:43+00:00\" \/>\n<meta property=\"og:image\" content=\"https:\/\/news.sap.com\/latinamerica\/files\/2021\/12\/21\/287249_GettyImages-1217405812-1024x683.jpg\" \/>\n\t<meta property=\"og:image:width\" content=\"1024\" \/>\n\t<meta property=\"og:image:height\" content=\"683\" \/>\n\t<meta property=\"og:image:type\" content=\"image\/jpeg\" \/>\n<meta name=\"author\" content=\"Alfonso Uscategui\" \/>\n<meta name=\"twitter:label1\" content=\"Escrito por\" \/>\n\t<meta name=\"twitter:data1\" content=\"Alfonso Uscategui\" \/>\n\t<meta name=\"twitter:label2\" content=\"Tiempo de lectura\" \/>\n\t<meta name=\"twitter:data2\" content=\"5 minutos\" \/>\n<script type=\"application\/ld+json\" class=\"yoast-schema-graph\">{\"@context\":\"https:\/\/schema.org\",\"@graph\":[{\"@type\":\"Article\",\"@id\":\"https:\/\/news.sap.com\/latinamerica\/2021\/12\/aspectos-clave-de-resiliencia-mundial-en-la-era-post-covid\/#article\",\"isPartOf\":{\"@id\":\"https:\/\/news.sap.com\/latinamerica\/2021\/12\/aspectos-clave-de-resiliencia-mundial-en-la-era-post-covid\/\"},\"author\":{\"name\":\"Alfonso Uscategui\",\"@id\":\"https:\/\/news.sap.com\/latinamerica\/#\/schema\/person\/e8d4ac9aa3879cde4c293c7078d70870\"},\"headline\":\"Aspectos clave de resiliencia mundial en la era Post-COVID\",\"datePublished\":\"2021-12-21T18:28:16+00:00\",\"dateModified\":\"2023-11-09T15:34:43+00:00\",\"mainEntityOfPage\":{\"@id\":\"https:\/\/news.sap.com\/latinamerica\/2021\/12\/aspectos-clave-de-resiliencia-mundial-en-la-era-post-covid\/\"},\"wordCount\":976,\"publisher\":{\"@id\":\"https:\/\/news.sap.com\/latinamerica\/#organization\"},\"image\":{\"@id\":\"https:\/\/news.sap.com\/latinamerica\/2021\/12\/aspectos-clave-de-resiliencia-mundial-en-la-era-post-covid\/#primaryimage\"},\"thumbnailUrl\":\"https:\/\/news.sap.com\/latinamerica\/files\/2021\/12\/21\/287249_GettyImages-1217405812.jpg\",\"keywords\":[\"blog\",\"Blog de Innovaci\u00f3n de 麻豆原创\",\"tecnolog\u00eda\",\"tendencias\",\"tendencias digitales\",\"transformaci\u00f3n digital\"],\"articleSection\":[\"Tecnolog\u00eda\"],\"inLanguage\":\"es\"},{\"@type\":\"WebPage\",\"@id\":\"https:\/\/news.sap.com\/latinamerica\/2021\/12\/aspectos-clave-de-resiliencia-mundial-en-la-era-post-covid\/\",\"url\":\"https:\/\/news.sap.com\/latinamerica\/2021\/12\/aspectos-clave-de-resiliencia-mundial-en-la-era-post-covid\/\",\"name\":\"Aspectos clave de resiliencia mundial en la era Post-COVID - 麻豆原创 News Center Latinoam\u00e9rica\",\"isPartOf\":{\"@id\":\"https:\/\/news.sap.com\/latinamerica\/#website\"},\"primaryImageOfPage\":{\"@id\":\"https:\/\/news.sap.com\/latinamerica\/2021\/12\/aspectos-clave-de-resiliencia-mundial-en-la-era-post-covid\/#primaryimage\"},\"image\":{\"@id\":\"https:\/\/news.sap.com\/latinamerica\/2021\/12\/aspectos-clave-de-resiliencia-mundial-en-la-era-post-covid\/#primaryimage\"},\"thumbnailUrl\":\"https:\/\/news.sap.com\/latinamerica\/files\/2021\/12\/21\/287249_GettyImages-1217405812.jpg\",\"datePublished\":\"2021-12-21T18:28:16+00:00\",\"dateModified\":\"2023-11-09T15:34:43+00:00\",\"breadcrumb\":{\"@id\":\"https:\/\/news.sap.com\/latinamerica\/2021\/12\/aspectos-clave-de-resiliencia-mundial-en-la-era-post-covid\/#breadcrumb\"},\"inLanguage\":\"es\",\"potentialAction\":[{\"@type\":\"ReadAction\",\"target\":[\"https:\/\/news.sap.com\/latinamerica\/2021\/12\/aspectos-clave-de-resiliencia-mundial-en-la-era-post-covid\/\"]}]},{\"@type\":\"ImageObject\",\"inLanguage\":\"es\",\"@id\":\"https:\/\/news.sap.com\/latinamerica\/2021\/12\/aspectos-clave-de-resiliencia-mundial-en-la-era-post-covid\/#primaryimage\",\"url\":\"https:\/\/news.sap.com\/latinamerica\/files\/2021\/12\/21\/287249_GettyImages-1217405812.jpg\",\"contentUrl\":\"https:\/\/news.sap.com\/latinamerica\/files\/2021\/12\/21\/287249_GettyImages-1217405812.jpg\",\"width\":6720,\"height\":4480,\"caption\":\"Woman in winter coat with protective mask on face standing on metro station. Female commuter waiting for the train during Covid-19 outbreak.\"},{\"@type\":\"BreadcrumbList\",\"@id\":\"https:\/\/news.sap.com\/latinamerica\/2021\/12\/aspectos-clave-de-resiliencia-mundial-en-la-era-post-covid\/#breadcrumb\",\"itemListElement\":[{\"@type\":\"ListItem\",\"position\":1,\"name\":\"Home\",\"item\":\"https:\/\/news.sap.com\/latinamerica\/\"},{\"@type\":\"ListItem\",\"position\":2,\"name\":\"Aspectos clave de resiliencia mundial en la era Post-COVID\"}]},{\"@type\":\"WebSite\",\"@id\":\"https:\/\/news.sap.com\/latinamerica\/#website\",\"url\":\"https:\/\/news.sap.com\/latinamerica\/\",\"name\":\"麻豆原创 News Center Latinoam\u00e9rica\",\"description\":\"Noticias e informaci\u00f3n sobre 麻豆原创\",\"publisher\":{\"@id\":\"https:\/\/news.sap.com\/latinamerica\/#organization\"},\"potentialAction\":[{\"@type\":\"SearchAction\",\"target\":{\"@type\":\"EntryPoint\",\"urlTemplate\":\"https:\/\/news.sap.com\/latinamerica\/?s={search_term_string}\"},\"query-input\":{\"@type\":\"PropertyValueSpecification\",\"valueRequired\":true,\"valueName\":\"search_term_string\"}}],\"inLanguage\":\"es\"},{\"@type\":\"Organization\",\"@id\":\"https:\/\/news.sap.com\/latinamerica\/#organization\",\"name\":\"麻豆原创\",\"url\":\"https:\/\/news.sap.com\/latinamerica\/\",\"logo\":{\"@type\":\"ImageObject\",\"inLanguage\":\"es\",\"@id\":\"https:\/\/news.sap.com\/latinamerica\/#\/schema\/logo\/image\/\",\"url\":\"https:\/\/news.sap.com\/latinamerica\/files\/2019\/08\/65903320_2903797569662914_557886358778019840_n.png\",\"contentUrl\":\"https:\/\/news.sap.com\/latinamerica\/files\/2019\/08\/65903320_2903797569662914_557886358778019840_n.png\",\"width\":720,\"height\":720,\"caption\":\"麻豆原创\"},\"image\":{\"@id\":\"https:\/\/news.sap.com\/latinamerica\/#\/schema\/logo\/image\/\"},\"sameAs\":[\"https:\/\/www.facebook.com\/麻豆原创latinoamerica\",\"https:\/\/x.com\/麻豆原创LatinAmerica\"]},{\"@type\":\"Person\",\"@id\":\"https:\/\/news.sap.com\/latinamerica\/#\/schema\/person\/e8d4ac9aa3879cde4c293c7078d70870\",\"name\":\"Alfonso Uscategui\",\"image\":{\"@type\":\"ImageObject\",\"inLanguage\":\"es\",\"@id\":\"https:\/\/news.sap.com\/latinamerica\/#\/schema\/person\/image\/\",\"url\":\"https:\/\/news.sap.com\/latinamerica\/wp-content\/plugins\/wp-user-avatars\/wp-user-avatars\/assets\/images\/mystery.jpg\",\"contentUrl\":\"https:\/\/news.sap.com\/latinamerica\/wp-content\/plugins\/wp-user-avatars\/wp-user-avatars\/assets\/images\/mystery.jpg\",\"caption\":\"Alfonso Uscategui\"},\"url\":\"https:\/\/news.sap.com\/latinamerica\/author\/alfonsouscategui\/\"}]}<\/script>\n<!-- \/ Yoast SEO Premium plugin. -->","yoast_head_json":{"title":"Aspectos clave de resiliencia mundial en la era Post-COVID - 麻豆原创 News Center Latinoam\u00e9rica","robots":{"index":"index","follow":"follow","max-snippet":"max-snippet:-1","max-image-preview":"max-image-preview:large","max-video-preview":"max-video-preview:-1"},"canonical":"https:\/\/news.sap.com\/latinamerica\/2021\/12\/aspectos-clave-de-resiliencia-mundial-en-la-era-post-covid\/","og_locale":"es_MX","og_type":"article","og_title":"Aspectos clave de resiliencia mundial en la era Post-COVID","og_description":"Luego de m\u00e1s de 744 d\u00edas desde la detecci\u00f3n del primer caso de infecci\u00f3n por COVID 19 en China, la batalla por superar el impacto epidemiol\u00f3gico y econ\u00f3mico a nivel mundial continua.","og_url":"https:\/\/news.sap.com\/latinamerica\/2021\/12\/aspectos-clave-de-resiliencia-mundial-en-la-era-post-covid\/","og_site_name":"麻豆原创 News Center Latinoam\u00e9rica","article_publisher":"https:\/\/www.facebook.com\/麻豆原创latinoamerica","article_published_time":"2021-12-21T18:28:16+00:00","article_modified_time":"2023-11-09T15:34:43+00:00","og_image":[{"width":1024,"height":683,"url":"https:\/\/news.sap.com\/latinamerica\/files\/2021\/12\/21\/287249_GettyImages-1217405812-1024x683.jpg","type":"image\/jpeg"}],"author":"Alfonso Uscategui","twitter_misc":{"Escrito por":"Alfonso Uscategui","Tiempo de lectura":"5 minutos"},"schema":{"@context":"https:\/\/schema.org","@graph":[{"@type":"Article","@id":"https:\/\/news.sap.com\/latinamerica\/2021\/12\/aspectos-clave-de-resiliencia-mundial-en-la-era-post-covid\/#article","isPartOf":{"@id":"https:\/\/news.sap.com\/latinamerica\/2021\/12\/aspectos-clave-de-resiliencia-mundial-en-la-era-post-covid\/"},"author":{"name":"Alfonso Uscategui","@id":"https:\/\/news.sap.com\/latinamerica\/#\/schema\/person\/e8d4ac9aa3879cde4c293c7078d70870"},"headline":"Aspectos clave de resiliencia mundial en la era Post-COVID","datePublished":"2021-12-21T18:28:16+00:00","dateModified":"2023-11-09T15:34:43+00:00","mainEntityOfPage":{"@id":"https:\/\/news.sap.com\/latinamerica\/2021\/12\/aspectos-clave-de-resiliencia-mundial-en-la-era-post-covid\/"},"wordCount":976,"publisher":{"@id":"https:\/\/news.sap.com\/latinamerica\/#organization"},"image":{"@id":"https:\/\/news.sap.com\/latinamerica\/2021\/12\/aspectos-clave-de-resiliencia-mundial-en-la-era-post-covid\/#primaryimage"},"thumbnailUrl":"https:\/\/news.sap.com\/latinamerica\/files\/2021\/12\/21\/287249_GettyImages-1217405812.jpg","keywords":["blog","Blog de Innovaci\u00f3n de 麻豆原创","tecnolog\u00eda","tendencias","tendencias digitales","transformaci\u00f3n digital"],"articleSection":["Tecnolog\u00eda"],"inLanguage":"es"},{"@type":"WebPage","@id":"https:\/\/news.sap.com\/latinamerica\/2021\/12\/aspectos-clave-de-resiliencia-mundial-en-la-era-post-covid\/","url":"https:\/\/news.sap.com\/latinamerica\/2021\/12\/aspectos-clave-de-resiliencia-mundial-en-la-era-post-covid\/","name":"Aspectos clave de resiliencia mundial en la era Post-COVID - 麻豆原创 News Center Latinoam\u00e9rica","isPartOf":{"@id":"https:\/\/news.sap.com\/latinamerica\/#website"},"primaryImageOfPage":{"@id":"https:\/\/news.sap.com\/latinamerica\/2021\/12\/aspectos-clave-de-resiliencia-mundial-en-la-era-post-covid\/#primaryimage"},"image":{"@id":"https:\/\/news.sap.com\/latinamerica\/2021\/12\/aspectos-clave-de-resiliencia-mundial-en-la-era-post-covid\/#primaryimage"},"thumbnailUrl":"https:\/\/news.sap.com\/latinamerica\/files\/2021\/12\/21\/287249_GettyImages-1217405812.jpg","datePublished":"2021-12-21T18:28:16+00:00","dateModified":"2023-11-09T15:34:43+00:00","breadcrumb":{"@id":"https:\/\/news.sap.com\/latinamerica\/2021\/12\/aspectos-clave-de-resiliencia-mundial-en-la-era-post-covid\/#breadcrumb"},"inLanguage":"es","potentialAction":[{"@type":"ReadAction","target":["https:\/\/news.sap.com\/latinamerica\/2021\/12\/aspectos-clave-de-resiliencia-mundial-en-la-era-post-covid\/"]}]},{"@type":"ImageObject","inLanguage":"es","@id":"https:\/\/news.sap.com\/latinamerica\/2021\/12\/aspectos-clave-de-resiliencia-mundial-en-la-era-post-covid\/#primaryimage","url":"https:\/\/news.sap.com\/latinamerica\/files\/2021\/12\/21\/287249_GettyImages-1217405812.jpg","contentUrl":"https:\/\/news.sap.com\/latinamerica\/files\/2021\/12\/21\/287249_GettyImages-1217405812.jpg","width":6720,"height":4480,"caption":"Woman in winter coat with protective mask on face standing on metro station. Female commuter waiting for the train during Covid-19 outbreak."},{"@type":"BreadcrumbList","@id":"https:\/\/news.sap.com\/latinamerica\/2021\/12\/aspectos-clave-de-resiliencia-mundial-en-la-era-post-covid\/#breadcrumb","itemListElement":[{"@type":"ListItem","position":1,"name":"Home","item":"https:\/\/news.sap.com\/latinamerica\/"},{"@type":"ListItem","position":2,"name":"Aspectos clave de resiliencia mundial en la era Post-COVID"}]},{"@type":"WebSite","@id":"https:\/\/news.sap.com\/latinamerica\/#website","url":"https:\/\/news.sap.com\/latinamerica\/","name":"麻豆原创 News Center Latinoam\u00e9rica","description":"Noticias e informaci\u00f3n sobre 麻豆原创","publisher":{"@id":"https:\/\/news.sap.com\/latinamerica\/#organization"},"potentialAction":[{"@type":"SearchAction","target":{"@type":"EntryPoint","urlTemplate":"https:\/\/news.sap.com\/latinamerica\/?s={search_term_string}"},"query-input":{"@type":"PropertyValueSpecification","valueRequired":true,"valueName":"search_term_string"}}],"inLanguage":"es"},{"@type":"Organization","@id":"https:\/\/news.sap.com\/latinamerica\/#organization","name":"麻豆原创","url":"https:\/\/news.sap.com\/latinamerica\/","logo":{"@type":"ImageObject","inLanguage":"es","@id":"https:\/\/news.sap.com\/latinamerica\/#\/schema\/logo\/image\/","url":"https:\/\/news.sap.com\/latinamerica\/files\/2019\/08\/65903320_2903797569662914_557886358778019840_n.png","contentUrl":"https:\/\/news.sap.com\/latinamerica\/files\/2019\/08\/65903320_2903797569662914_557886358778019840_n.png","width":720,"height":720,"caption":"麻豆原创"},"image":{"@id":"https:\/\/news.sap.com\/latinamerica\/#\/schema\/logo\/image\/"},"sameAs":["https:\/\/www.facebook.com\/麻豆原创latinoamerica","https:\/\/x.com\/麻豆原创LatinAmerica"]},{"@type":"Person","@id":"https:\/\/news.sap.com\/latinamerica\/#\/schema\/person\/e8d4ac9aa3879cde4c293c7078d70870","name":"Alfonso Uscategui","image":{"@type":"ImageObject","inLanguage":"es","@id":"https:\/\/news.sap.com\/latinamerica\/#\/schema\/person\/image\/","url":"https:\/\/news.sap.com\/latinamerica\/wp-content\/plugins\/wp-user-avatars\/wp-user-avatars\/assets\/images\/mystery.jpg","contentUrl":"https:\/\/news.sap.com\/latinamerica\/wp-content\/plugins\/wp-user-avatars\/wp-user-avatars\/assets\/images\/mystery.jpg","caption":"Alfonso Uscategui"},"url":"https:\/\/news.sap.com\/latinamerica\/author\/alfonsouscategui\/"}]}},"amp_enabled":true,"_links":{"self":[{"href":"https:\/\/news.sap.com\/latinamerica\/wp-json\/wp\/v2\/posts\/125222","targetHints":{"allow":["GET"]}}],"collection":[{"href":"https:\/\/news.sap.com\/latinamerica\/wp-json\/wp\/v2\/posts"}],"about":[{"href":"https:\/\/news.sap.com\/latinamerica\/wp-json\/wp\/v2\/types\/post"}],"author":[{"embeddable":true,"href":"https:\/\/news.sap.com\/latinamerica\/wp-json\/wp\/v2\/users\/3678"}],"replies":[{"embeddable":true,"href":"https:\/\/news.sap.com\/latinamerica\/wp-json\/wp\/v2\/comments?post=125222"}],"version-history":[{"count":0,"href":"https:\/\/news.sap.com\/latinamerica\/wp-json\/wp\/v2\/posts\/125222\/revisions"}],"wp:featuredmedia":[{"embeddable":true,"href":"https:\/\/news.sap.com\/latinamerica\/wp-json\/wp\/v2\/media\/125227"}],"wp:attachment":[{"href":"https:\/\/news.sap.com\/latinamerica\/wp-json\/wp\/v2\/media?parent=125222"}],"wp:term":[{"taxonomy":"category","embeddable":true,"href":"https:\/\/news.sap.com\/latinamerica\/wp-json\/wp\/v2\/categories?post=125222"},{"taxonomy":"post_tag","embeddable":true,"href":"https:\/\/news.sap.com\/latinamerica\/wp-json\/wp\/v2\/tags?post=125222"},{"taxonomy":"series","embeddable":true,"href":"https:\/\/news.sap.com\/latinamerica\/wp-json\/wp\/v2\/series?post=125222"},{"taxonomy":"region","embeddable":true,"href":"https:\/\/news.sap.com\/latinamerica\/wp-json\/wp\/v2\/region?post=125222"},{"taxonomy":"sapn-display","embeddable":true,"href":"https:\/\/news.sap.com\/latinamerica\/wp-json\/wp\/v2\/sapn-display?post=125222"},{"taxonomy":"sapn-type","embeddable":true,"href":"https:\/\/news.sap.com\/latinamerica\/wp-json\/wp\/v2\/sapn-type?post=125222"}],"curies":[{"name":"wp","href":"https:\/\/api.w.org\/{rel}","templated":true}]}}