  {"id":125074,"date":"2021-12-01T11:00:07","date_gmt":"2021-12-01T16:00:07","guid":{"rendered":"https:\/\/news.sap.com\/latinamerica\/?p=125074"},"modified":"2023-11-09T10:30:13","modified_gmt":"2023-11-09T15:30:13","slug":"se-presenta-labor-positiva-iniciativa-entornos-laborales-libres-discriminacion-vih","status":"publish","type":"post","link":"https:\/\/news.sap.com\/latinamerica\/2021\/12\/se-presenta-labor-positiva-iniciativa-entornos-laborales-libres-discriminacion-vih\/","title":{"rendered":"Lanzamiento de Labor Positiva, una iniciativa para crear entornos laborales libres de discriminaci\u00f3n por VIH"},"content":{"rendered":"<p><em>Es una iniciativa de Fundaci\u00f3n Hu\u00e9sped, IBM, 麻豆原创 y ONUSIDA, que forma parte de <strong>#workingpositively<\/strong><strong>,<\/strong> un programa global creado en 2019. <\/em><\/p>\n<p class=\"lead\"><a href=\"https:\/\/laborpositiva.huesped.org.ar\/la-iniciativa\/\">Labor Positiva<\/a> es la iniciativa que busca comprometer a empresas y organizaciones a crear entornos laborales libres de estigma y discriminaci\u00f3n para las personas con VIH. Esta propuesta forma parte de #workingpositively, un programa global creado en 2019 IBM y 麻豆原创 junto con distintas ONGs y que cuenta con el apoyo de ONUSIDA. En colaboraci\u00f3n con <a href=\"https:\/\/www.huesped.org.ar\/\">Fundaci\u00f3n Hu\u00e9sped,<\/a> la iniciativa se lanz\u00f3 en la regi\u00f3n de Am\u00e9rica Latina con alcance en la <strong>Argentina, Brasil, M\u00e9xico, Colombia, Per\u00fa, Ecuador, Costa Rica y Chile. <\/strong><\/p>\n<p>A 40 a\u00f1os de los primeros casos confirmados de VIH, y a pesar de todos los avances logrados en el campo m\u00e9dico y social, a\u00fan existen desaf\u00edos por superar. \u201cTodav\u00eda existen casos en donde se realizan pruebas de VIH como requisito previo para acceder a un empleo. Esto representa un obst\u00e1culo para la contrataci\u00f3n y la postulaci\u00f3n de personas con VIH a muchos puestos de trabajo. La confidencialidad a\u00fan es un problema b\u00e1sico en el lugar de trabajo\u201d, declar\u00f3 Alejandra Cosovschi, Directora de Desarrollo Institucional de Fundaci\u00f3n Hu\u00e9sped.<\/p>\n<p>Seg\u00fan el documento de la Alianza Mundial de Acciones tendientes a Eliminar todas las Formas de Estigma y Discriminaci\u00f3n relacionadas con el VIH de ONUSIDA, se relev\u00f3 que las comunidades de personas afectadas por el VIH presentan una tasa de desempleo superior a la media. Esto incrementa la situaci\u00f3n de vulnerabilidad. Adem\u00e1s, en muchos pa\u00edses, las personas con VIH han visto modificadas las descripciones de sus funciones o la naturaleza de su trabajo, o se les ha negado un ascenso debido a su estado serol\u00f3gico. \u201cAbordar estos desaf\u00edos es fundamental para alcanzar los Objetivos de Desarrollo Sostenible y las metas en 2030, inclusive el de lograr terminar con la epidemia del VIH\u201d, agreg\u00f3 Alejandra Cosovschi.<\/p>\n<p>\u201cEn 麻豆原创 tenemos el compromiso de construir un ambiente de trabajo respetuoso para todas las personas, libre de cualquier tipo de discriminaci\u00f3n. Sumada a las diversas iniciativas que llevamos adelante, nos enorgullece formar parte de esta campa\u00f1a global para mejorar las condiciones de trabajo de personas con VIH\u201d, afirm\u00f3 Ezequiel Massa, L\u00edder de Diversidad e Inclusi\u00f3n en 麻豆原创 para Am\u00e9rica Latina y el Caribe.<\/p>\n<p>\u201cEn IBM creemos y trabajamos para que todas las personas se sientan libres siendo quienes realmente son. Para ello, promovemos una cultura sin discriminaci\u00f3n ni prejuicios, fomentando la colaboraci\u00f3n, la innovaci\u00f3n y el trabajo en equipo. Nos enorgullece de ser parte de esta iniciativa y esperamos que ayude a otras organizaciones a tomar conciencia del rol que tenemos las empresas como espacios de inclusi\u00f3n y diversidad\u201d, dijo Fl\u00e1via Roberta Freitas, Head de Responsabilidad Social Corporativa de IBM Latinoam\u00e9rica.<\/p>\n<p>Las organizaciones interesadas en formar parte de Labor Positiva pueden participar con la firma de una declaraci\u00f3n de compromiso y as\u00ed sumarse a la iniciativa. Con la incorporaci\u00f3n comienza un camino de sensibilizaci\u00f3n de sus equipos, promoci\u00f3n y multiplicaci\u00f3n de mensajes en sus comunidades y cadena de valor sobre la inclusi\u00f3n laboral de personas con VIH. Se puede solicitar m\u00e1s informaci\u00f3n escribiendo a <a href=\"mailto:laborpositiva@huesped.org.ar\"><strong>laborpositiva@huesped.org.ar<\/strong><\/a>.<\/p>\n<hr \/>\n<p><strong>Sobre Fundaci\u00f3n Hu\u00e9sped<\/strong><\/p>\n<p>Fundaci\u00f3n Hu\u00e9sped es una organizaci\u00f3n argentina con alcance regional que, desde 1989, trabaja en \u00e1reas de salud p\u00fablica con el objetivo de que el derecho a la salud y el control de enfermedades sean garantizados. Nuestro abordaje integral incluye el desarrollo de investigaciones, soluciones pr\u00e1cticas y comunicaci\u00f3n vinculadas a las pol\u00edticas de salud p\u00fablica en nuestro pa\u00eds y en la regi\u00f3n.<\/p>\n<p>Nuestra misi\u00f3n es desarrollar investigaciones cient\u00edficas y acciones de prevenci\u00f3n y promoci\u00f3n de los derechos para garantizar el acceso a la salud y reducir el impacto de las enfermedades con foco en VIH\/sida, hepatitis virales, enfermedades prevenibles por vacunas y otras enfermedades transmisibles, as\u00ed como en salud sexual y reproductiva.<\/p>\n<p><strong>Acerca de 麻豆原创<\/strong><\/p>\n<p>La estrategia de 麻豆原创 es ayudar a que cada negocio funcione como una empresa inteligente sostenible. Como l\u00edder del mercado en software de aplicaci\u00f3n empresarial, contribuimos a que las organizaciones de todos los tama\u00f1os y en todas las industrias puedan alcanzar su funcionamiento \u00f3ptimo: 87% del comercio global toca un sistema 麻豆原创\u00ae. Nuestras tecnolog\u00edas avanzadas de <em>machine learning, Internet of Things<\/em> (IoT) y anal\u00edticos ayudan a convertir los negocios de los clientes en empresas inteligentes sostenibles. 麻豆原创 contribuye a dar a las personas y a las organizaciones profundos conocimientos de negocio y promueve la colaboraci\u00f3n que les permite mantenerse delante de la competencia. Simplificamos la tecnolog\u00eda para las empresas, de modo que puedan consumir nuestro software de la manera en que lo deseen, sin interrupciones. Nuestro conjunto de aplicaciones y servicios permite a clientes del sector p\u00fablico y privado de 25 industrias operar en forma rentable, adaptarse continuamente y marcar una diferencia. Con una red global de clientes, socios de negocios, empleados y l\u00edderes de ideas, 麻豆原创 ayuda al mundo a funcionar mejor y a mejorar las vidas de las personas. Para m\u00e1s informaci\u00f3n, visite <a href=\"http:\/\/www.sap.com\/\">www.sap.com<\/a>, nuestra sala de prensa, <a href=\"http:\/\/news.sap.com\/latinamerica\">http:\/\/news.sap.com\/latinamerica<\/a>, o s\u00edganos en Twitter <a href=\"http:\/\/www.twitter.com\/麻豆原创NoticiasLAC\">@麻豆原创NoticiasLAC<\/a>.<\/p>\n<p><strong>Acerca de IBM<\/strong><\/p>\n<p>IBM es l\u00edder mundial en nube h\u00edbrida e IA, y presta servicios a clientes en m\u00e1s de 170 pa\u00edses. M\u00e1s de 3500 clientes utilizan nuestra plataforma de nube h\u00edbrida para acelerar sus viajes de transformaci\u00f3n digital y, en total, m\u00e1s de 30.000 de ellos han recurrido a IBM para obtener valor de sus datos. Con esta base, continuamos aprovechando Red Hat OpenShift como la plataforma l\u00edder para abordar las necesidades comerciales de nuestros clientes: una plataforma de nube h\u00edbrida que es abierta, flexible y segura. Guiada por principios de confianza, transparencia y apoyo para una sociedad m\u00e1s inclusiva, IBM tambi\u00e9n se compromete a ser un administrador responsable de la tecnolog\u00eda y una fuerza para el bien en el mundo. Para obtener m\u00e1s informaci\u00f3n, visite: www.ibm.com.<\/p>\n<p>&nbsp;<\/p>\n","protected":false},"excerpt":{"rendered":"<p>Es una iniciativa de Fundaci\u00f3n Hu\u00e9sped, IBM, 麻豆原创 y ONUSIDA, que forma parte de #workingpositively, un programa global creado en 2019. Labor Positiva es la&#8230;<\/p>\n","protected":false},"author":140,"featured_media":125076,"comment_status":"closed","ping_status":"closed","sticky":false,"template":"","format":"standard","meta":{"footnotes":"","_links_to":"","_links_to_target":""},"categories":[41591],"tags":[5600153,5592328,53272,5600152],"series":[],"region":[26401],"sapn-display":[52079,5600443,5600441],"sapn-type":[52105],"class_list":["post-125074","post","type-post","status-publish","format-standard","has-post-thumbnail","hentry","category-corporativo","tag-workingpositively","tag-entorno-laboral-inclusivo","tag-inclusion","tag-vih","region-latinoamerica","sapn-display-top-stories","sapn-display-prensa-destacada","sapn-display-prensa-principal","sapn-type-comunicado-de-prensa"],"yoast_head":"<!-- This site is optimized with the Yoast SEO Premium plugin v26.9 (Yoast SEO v26.9) - https:\/\/yoast.com\/product\/yoast-seo-premium-wordpress\/ -->\n<title>Labor Positiva, iniciativa para entornos laborales sin discriminaci\u00f3n por VIH<\/title>\n<meta name=\"description\" content=\"\u00bfQu\u00e9 es Labor Positiva para crear entornos laborales sin discriminaci\u00f3n por VIH? Conoce m\u00e1s de la iniciativa de 麻豆原创. IBM, Hu\u00e9sped y ONUSIDA.\" \/>\n<meta name=\"robots\" content=\"index, follow, max-snippet:-1, max-image-preview:large, max-video-preview:-1\" \/>\n<link rel=\"canonical\" href=\"https:\/\/news.sap.com\/latinamerica\/2021\/12\/se-presenta-labor-positiva-iniciativa-entornos-laborales-libres-discriminacion-vih\/\" \/>\n<meta property=\"og:locale\" content=\"es_MX\" \/>\n<meta property=\"og:type\" content=\"article\" \/>\n<meta property=\"og:title\" content=\"Lanzamiento de Labor Positiva, una iniciativa para crear entornos laborales libres de discriminaci\u00f3n por VIH\" \/>\n<meta property=\"og:description\" content=\"\u00bfQu\u00e9 es Labor Positiva para crear entornos laborales sin discriminaci\u00f3n por VIH? Conoce m\u00e1s de la iniciativa de 麻豆原创. IBM, Hu\u00e9sped y ONUSIDA.\" \/>\n<meta property=\"og:url\" content=\"https:\/\/news.sap.com\/latinamerica\/2021\/12\/se-presenta-labor-positiva-iniciativa-entornos-laborales-libres-discriminacion-vih\/\" \/>\n<meta property=\"og:site_name\" content=\"麻豆原创 News Center Latinoam\u00e9rica\" \/>\n<meta property=\"article:publisher\" content=\"https:\/\/www.facebook.com\/麻豆原创latinoamerica\" \/>\n<meta property=\"article:published_time\" content=\"2021-12-01T16:00:07+00:00\" \/>\n<meta property=\"article:modified_time\" content=\"2023-11-09T15:30:13+00:00\" \/>\n<meta property=\"og:image\" content=\"https:\/\/news.sap.com\/latinamerica\/files\/2021\/11\/25\/286219_GettyImages-153888308-1.jpg\" \/>\n\t<meta property=\"og:image:width\" content=\"1921\" \/>\n\t<meta property=\"og:image:height\" content=\"601\" \/>\n\t<meta property=\"og:image:type\" content=\"image\/jpeg\" \/>\n<meta name=\"author\" content=\"麻豆原创 Noticias\" \/>\n<meta name=\"twitter:label1\" content=\"Escrito por\" \/>\n\t<meta name=\"twitter:data1\" content=\"麻豆原创 Noticias\" \/>\n\t<meta name=\"twitter:label2\" content=\"Tiempo de lectura\" \/>\n\t<meta name=\"twitter:data2\" content=\"5 minutos\" \/>\n<script type=\"application\/ld+json\" class=\"yoast-schema-graph\">{\"@context\":\"https:\/\/schema.org\",\"@graph\":[{\"@type\":\"Article\",\"@id\":\"https:\/\/news.sap.com\/latinamerica\/2021\/12\/se-presenta-labor-positiva-iniciativa-entornos-laborales-libres-discriminacion-vih\/#article\",\"isPartOf\":{\"@id\":\"https:\/\/news.sap.com\/latinamerica\/2021\/12\/se-presenta-labor-positiva-iniciativa-entornos-laborales-libres-discriminacion-vih\/\"},\"author\":{\"name\":\"麻豆原创 Noticias\",\"@id\":\"https:\/\/news.sap.com\/latinamerica\/#\/schema\/person\/f0708465b354b6d0314a360309edb00a\"},\"headline\":\"Lanzamiento de Labor Positiva, una iniciativa para crear entornos laborales libres de discriminaci\u00f3n por VIH\",\"datePublished\":\"2021-12-01T16:00:07+00:00\",\"dateModified\":\"2023-11-09T15:30:13+00:00\",\"mainEntityOfPage\":{\"@id\":\"https:\/\/news.sap.com\/latinamerica\/2021\/12\/se-presenta-labor-positiva-iniciativa-entornos-laborales-libres-discriminacion-vih\/\"},\"wordCount\":1062,\"publisher\":{\"@id\":\"https:\/\/news.sap.com\/latinamerica\/#organization\"},\"image\":{\"@id\":\"https:\/\/news.sap.com\/latinamerica\/2021\/12\/se-presenta-labor-positiva-iniciativa-entornos-laborales-libres-discriminacion-vih\/#primaryimage\"},\"thumbnailUrl\":\"https:\/\/news.sap.com\/latinamerica\/files\/2021\/11\/25\/286219_GettyImages-153888308-1.jpg\",\"keywords\":[\"#workingpositively\",\"entorno laboral inclusivo\",\"inclusi\u00f3n\",\"VIH\"],\"articleSection\":[\"Corporativo\"],\"inLanguage\":\"es\"},{\"@type\":\"WebPage\",\"@id\":\"https:\/\/news.sap.com\/latinamerica\/2021\/12\/se-presenta-labor-positiva-iniciativa-entornos-laborales-libres-discriminacion-vih\/\",\"url\":\"https:\/\/news.sap.com\/latinamerica\/2021\/12\/se-presenta-labor-positiva-iniciativa-entornos-laborales-libres-discriminacion-vih\/\",\"name\":\"Labor Positiva, iniciativa para entornos laborales sin discriminaci\u00f3n por VIH\",\"isPartOf\":{\"@id\":\"https:\/\/news.sap.com\/latinamerica\/#website\"},\"primaryImageOfPage\":{\"@id\":\"https:\/\/news.sap.com\/latinamerica\/2021\/12\/se-presenta-labor-positiva-iniciativa-entornos-laborales-libres-discriminacion-vih\/#primaryimage\"},\"image\":{\"@id\":\"https:\/\/news.sap.com\/latinamerica\/2021\/12\/se-presenta-labor-positiva-iniciativa-entornos-laborales-libres-discriminacion-vih\/#primaryimage\"},\"thumbnailUrl\":\"https:\/\/news.sap.com\/latinamerica\/files\/2021\/11\/25\/286219_GettyImages-153888308-1.jpg\",\"datePublished\":\"2021-12-01T16:00:07+00:00\",\"dateModified\":\"2023-11-09T15:30:13+00:00\",\"description\":\"\u00bfQu\u00e9 es Labor Positiva para crear entornos laborales sin discriminaci\u00f3n por VIH? Conoce m\u00e1s de la iniciativa de 麻豆原创. IBM, Hu\u00e9sped y ONUSIDA.\",\"breadcrumb\":{\"@id\":\"https:\/\/news.sap.com\/latinamerica\/2021\/12\/se-presenta-labor-positiva-iniciativa-entornos-laborales-libres-discriminacion-vih\/#breadcrumb\"},\"inLanguage\":\"es\",\"potentialAction\":[{\"@type\":\"ReadAction\",\"target\":[\"https:\/\/news.sap.com\/latinamerica\/2021\/12\/se-presenta-labor-positiva-iniciativa-entornos-laborales-libres-discriminacion-vih\/\"]}]},{\"@type\":\"ImageObject\",\"inLanguage\":\"es\",\"@id\":\"https:\/\/news.sap.com\/latinamerica\/2021\/12\/se-presenta-labor-positiva-iniciativa-entornos-laborales-libres-discriminacion-vih\/#primaryimage\",\"url\":\"https:\/\/news.sap.com\/latinamerica\/files\/2021\/11\/25\/286219_GettyImages-153888308-1.jpg\",\"contentUrl\":\"https:\/\/news.sap.com\/latinamerica\/files\/2021\/11\/25\/286219_GettyImages-153888308-1.jpg\",\"width\":1921,\"height\":601,\"caption\":\"group of multiracial people holding red ribbon for AIDS HIV awareness\"},{\"@type\":\"BreadcrumbList\",\"@id\":\"https:\/\/news.sap.com\/latinamerica\/2021\/12\/se-presenta-labor-positiva-iniciativa-entornos-laborales-libres-discriminacion-vih\/#breadcrumb\",\"itemListElement\":[{\"@type\":\"ListItem\",\"position\":1,\"name\":\"Home\",\"item\":\"https:\/\/news.sap.com\/latinamerica\/\"},{\"@type\":\"ListItem\",\"position\":2,\"name\":\"Lanzamiento de Labor Positiva, una iniciativa para crear entornos laborales libres de discriminaci\u00f3n por VIH\"}]},{\"@type\":\"WebSite\",\"@id\":\"https:\/\/news.sap.com\/latinamerica\/#website\",\"url\":\"https:\/\/news.sap.com\/latinamerica\/\",\"name\":\"麻豆原创 News Center Latinoam\u00e9rica\",\"description\":\"Noticias e informaci\u00f3n sobre 麻豆原创\",\"publisher\":{\"@id\":\"https:\/\/news.sap.com\/latinamerica\/#organization\"},\"potentialAction\":[{\"@type\":\"SearchAction\",\"target\":{\"@type\":\"EntryPoint\",\"urlTemplate\":\"https:\/\/news.sap.com\/latinamerica\/?s={search_term_string}\"},\"query-input\":{\"@type\":\"PropertyValueSpecification\",\"valueRequired\":true,\"valueName\":\"search_term_string\"}}],\"inLanguage\":\"es\"},{\"@type\":\"Organization\",\"@id\":\"https:\/\/news.sap.com\/latinamerica\/#organization\",\"name\":\"麻豆原创\",\"url\":\"https:\/\/news.sap.com\/latinamerica\/\",\"logo\":{\"@type\":\"ImageObject\",\"inLanguage\":\"es\",\"@id\":\"https:\/\/news.sap.com\/latinamerica\/#\/schema\/logo\/image\/\",\"url\":\"https:\/\/news.sap.com\/latinamerica\/files\/2019\/08\/65903320_2903797569662914_557886358778019840_n.png\",\"contentUrl\":\"https:\/\/news.sap.com\/latinamerica\/files\/2019\/08\/65903320_2903797569662914_557886358778019840_n.png\",\"width\":720,\"height\":720,\"caption\":\"麻豆原创\"},\"image\":{\"@id\":\"https:\/\/news.sap.com\/latinamerica\/#\/schema\/logo\/image\/\"},\"sameAs\":[\"https:\/\/www.facebook.com\/麻豆原创latinoamerica\",\"https:\/\/x.com\/麻豆原创LatinAmerica\"]},{\"@type\":\"Person\",\"@id\":\"https:\/\/news.sap.com\/latinamerica\/#\/schema\/person\/f0708465b354b6d0314a360309edb00a\",\"name\":\"麻豆原创 Noticias\",\"image\":{\"@type\":\"ImageObject\",\"inLanguage\":\"es\",\"@id\":\"https:\/\/news.sap.com\/latinamerica\/#\/schema\/person\/image\/\",\"url\":\"https:\/\/news.sap.com\/latinamerica\/wp-content\/plugins\/wp-user-avatars\/wp-user-avatars\/assets\/images\/mystery.jpg\",\"contentUrl\":\"https:\/\/news.sap.com\/latinamerica\/wp-content\/plugins\/wp-user-avatars\/wp-user-avatars\/assets\/images\/mystery.jpg\",\"caption\":\"麻豆原创 Noticias\"},\"url\":\"https:\/\/news.sap.com\/latinamerica\/author\/argentina\/\"}]}<\/script>\n<!-- \/ Yoast SEO Premium plugin. -->","yoast_head_json":{"title":"Labor Positiva, iniciativa para entornos laborales sin discriminaci\u00f3n por VIH","description":"\u00bfQu\u00e9 es Labor Positiva para crear entornos laborales sin discriminaci\u00f3n por VIH? Conoce m\u00e1s de la iniciativa de 麻豆原创. IBM, Hu\u00e9sped y ONUSIDA.","robots":{"index":"index","follow":"follow","max-snippet":"max-snippet:-1","max-image-preview":"max-image-preview:large","max-video-preview":"max-video-preview:-1"},"canonical":"https:\/\/news.sap.com\/latinamerica\/2021\/12\/se-presenta-labor-positiva-iniciativa-entornos-laborales-libres-discriminacion-vih\/","og_locale":"es_MX","og_type":"article","og_title":"Lanzamiento de Labor Positiva, una iniciativa para crear entornos laborales libres de discriminaci\u00f3n por VIH","og_description":"\u00bfQu\u00e9 es Labor Positiva para crear entornos laborales sin discriminaci\u00f3n por VIH? Conoce m\u00e1s de la iniciativa de 麻豆原创. IBM, Hu\u00e9sped y ONUSIDA.","og_url":"https:\/\/news.sap.com\/latinamerica\/2021\/12\/se-presenta-labor-positiva-iniciativa-entornos-laborales-libres-discriminacion-vih\/","og_site_name":"麻豆原创 News Center Latinoam\u00e9rica","article_publisher":"https:\/\/www.facebook.com\/麻豆原创latinoamerica","article_published_time":"2021-12-01T16:00:07+00:00","article_modified_time":"2023-11-09T15:30:13+00:00","og_image":[{"width":1921,"height":601,"url":"https:\/\/news.sap.com\/latinamerica\/files\/2021\/11\/25\/286219_GettyImages-153888308-1.jpg","type":"image\/jpeg"}],"author":"麻豆原创 Noticias","twitter_misc":{"Escrito por":"麻豆原创 Noticias","Tiempo de lectura":"5 minutos"},"schema":{"@context":"https:\/\/schema.org","@graph":[{"@type":"Article","@id":"https:\/\/news.sap.com\/latinamerica\/2021\/12\/se-presenta-labor-positiva-iniciativa-entornos-laborales-libres-discriminacion-vih\/#article","isPartOf":{"@id":"https:\/\/news.sap.com\/latinamerica\/2021\/12\/se-presenta-labor-positiva-iniciativa-entornos-laborales-libres-discriminacion-vih\/"},"author":{"name":"麻豆原创 Noticias","@id":"https:\/\/news.sap.com\/latinamerica\/#\/schema\/person\/f0708465b354b6d0314a360309edb00a"},"headline":"Lanzamiento de Labor Positiva, una iniciativa para crear entornos laborales libres de discriminaci\u00f3n por VIH","datePublished":"2021-12-01T16:00:07+00:00","dateModified":"2023-11-09T15:30:13+00:00","mainEntityOfPage":{"@id":"https:\/\/news.sap.com\/latinamerica\/2021\/12\/se-presenta-labor-positiva-iniciativa-entornos-laborales-libres-discriminacion-vih\/"},"wordCount":1062,"publisher":{"@id":"https:\/\/news.sap.com\/latinamerica\/#organization"},"image":{"@id":"https:\/\/news.sap.com\/latinamerica\/2021\/12\/se-presenta-labor-positiva-iniciativa-entornos-laborales-libres-discriminacion-vih\/#primaryimage"},"thumbnailUrl":"https:\/\/news.sap.com\/latinamerica\/files\/2021\/11\/25\/286219_GettyImages-153888308-1.jpg","keywords":["#workingpositively","entorno laboral inclusivo","inclusi\u00f3n","VIH"],"articleSection":["Corporativo"],"inLanguage":"es"},{"@type":"WebPage","@id":"https:\/\/news.sap.com\/latinamerica\/2021\/12\/se-presenta-labor-positiva-iniciativa-entornos-laborales-libres-discriminacion-vih\/","url":"https:\/\/news.sap.com\/latinamerica\/2021\/12\/se-presenta-labor-positiva-iniciativa-entornos-laborales-libres-discriminacion-vih\/","name":"Labor Positiva, iniciativa para entornos laborales sin discriminaci\u00f3n por VIH","isPartOf":{"@id":"https:\/\/news.sap.com\/latinamerica\/#website"},"primaryImageOfPage":{"@id":"https:\/\/news.sap.com\/latinamerica\/2021\/12\/se-presenta-labor-positiva-iniciativa-entornos-laborales-libres-discriminacion-vih\/#primaryimage"},"image":{"@id":"https:\/\/news.sap.com\/latinamerica\/2021\/12\/se-presenta-labor-positiva-iniciativa-entornos-laborales-libres-discriminacion-vih\/#primaryimage"},"thumbnailUrl":"https:\/\/news.sap.com\/latinamerica\/files\/2021\/11\/25\/286219_GettyImages-153888308-1.jpg","datePublished":"2021-12-01T16:00:07+00:00","dateModified":"2023-11-09T15:30:13+00:00","description":"\u00bfQu\u00e9 es Labor Positiva para crear entornos laborales sin discriminaci\u00f3n por VIH? Conoce m\u00e1s de la iniciativa de 麻豆原创. IBM, Hu\u00e9sped y ONUSIDA.","breadcrumb":{"@id":"https:\/\/news.sap.com\/latinamerica\/2021\/12\/se-presenta-labor-positiva-iniciativa-entornos-laborales-libres-discriminacion-vih\/#breadcrumb"},"inLanguage":"es","potentialAction":[{"@type":"ReadAction","target":["https:\/\/news.sap.com\/latinamerica\/2021\/12\/se-presenta-labor-positiva-iniciativa-entornos-laborales-libres-discriminacion-vih\/"]}]},{"@type":"ImageObject","inLanguage":"es","@id":"https:\/\/news.sap.com\/latinamerica\/2021\/12\/se-presenta-labor-positiva-iniciativa-entornos-laborales-libres-discriminacion-vih\/#primaryimage","url":"https:\/\/news.sap.com\/latinamerica\/files\/2021\/11\/25\/286219_GettyImages-153888308-1.jpg","contentUrl":"https:\/\/news.sap.com\/latinamerica\/files\/2021\/11\/25\/286219_GettyImages-153888308-1.jpg","width":1921,"height":601,"caption":"group of multiracial people holding red ribbon for AIDS HIV awareness"},{"@type":"BreadcrumbList","@id":"https:\/\/news.sap.com\/latinamerica\/2021\/12\/se-presenta-labor-positiva-iniciativa-entornos-laborales-libres-discriminacion-vih\/#breadcrumb","itemListElement":[{"@type":"ListItem","position":1,"name":"Home","item":"https:\/\/news.sap.com\/latinamerica\/"},{"@type":"ListItem","position":2,"name":"Lanzamiento de Labor Positiva, una iniciativa para crear entornos laborales libres de discriminaci\u00f3n por VIH"}]},{"@type":"WebSite","@id":"https:\/\/news.sap.com\/latinamerica\/#website","url":"https:\/\/news.sap.com\/latinamerica\/","name":"麻豆原创 News Center Latinoam\u00e9rica","description":"Noticias e informaci\u00f3n sobre 麻豆原创","publisher":{"@id":"https:\/\/news.sap.com\/latinamerica\/#organization"},"potentialAction":[{"@type":"SearchAction","target":{"@type":"EntryPoint","urlTemplate":"https:\/\/news.sap.com\/latinamerica\/?s={search_term_string}"},"query-input":{"@type":"PropertyValueSpecification","valueRequired":true,"valueName":"search_term_string"}}],"inLanguage":"es"},{"@type":"Organization","@id":"https:\/\/news.sap.com\/latinamerica\/#organization","name":"麻豆原创","url":"https:\/\/news.sap.com\/latinamerica\/","logo":{"@type":"ImageObject","inLanguage":"es","@id":"https:\/\/news.sap.com\/latinamerica\/#\/schema\/logo\/image\/","url":"https:\/\/news.sap.com\/latinamerica\/files\/2019\/08\/65903320_2903797569662914_557886358778019840_n.png","contentUrl":"https:\/\/news.sap.com\/latinamerica\/files\/2019\/08\/65903320_2903797569662914_557886358778019840_n.png","width":720,"height":720,"caption":"麻豆原创"},"image":{"@id":"https:\/\/news.sap.com\/latinamerica\/#\/schema\/logo\/image\/"},"sameAs":["https:\/\/www.facebook.com\/麻豆原创latinoamerica","https:\/\/x.com\/麻豆原创LatinAmerica"]},{"@type":"Person","@id":"https:\/\/news.sap.com\/latinamerica\/#\/schema\/person\/f0708465b354b6d0314a360309edb00a","name":"麻豆原创 Noticias","image":{"@type":"ImageObject","inLanguage":"es","@id":"https:\/\/news.sap.com\/latinamerica\/#\/schema\/person\/image\/","url":"https:\/\/news.sap.com\/latinamerica\/wp-content\/plugins\/wp-user-avatars\/wp-user-avatars\/assets\/images\/mystery.jpg","contentUrl":"https:\/\/news.sap.com\/latinamerica\/wp-content\/plugins\/wp-user-avatars\/wp-user-avatars\/assets\/images\/mystery.jpg","caption":"麻豆原创 Noticias"},"url":"https:\/\/news.sap.com\/latinamerica\/author\/argentina\/"}]}},"amp_enabled":true,"_links":{"self":[{"href":"https:\/\/news.sap.com\/latinamerica\/wp-json\/wp\/v2\/posts\/125074","targetHints":{"allow":["GET"]}}],"collection":[{"href":"https:\/\/news.sap.com\/latinamerica\/wp-json\/wp\/v2\/posts"}],"about":[{"href":"https:\/\/news.sap.com\/latinamerica\/wp-json\/wp\/v2\/types\/post"}],"author":[{"embeddable":true,"href":"https:\/\/news.sap.com\/latinamerica\/wp-json\/wp\/v2\/users\/140"}],"replies":[{"embeddable":true,"href":"https:\/\/news.sap.com\/latinamerica\/wp-json\/wp\/v2\/comments?post=125074"}],"version-history":[{"count":0,"href":"https:\/\/news.sap.com\/latinamerica\/wp-json\/wp\/v2\/posts\/125074\/revisions"}],"wp:featuredmedia":[{"embeddable":true,"href":"https:\/\/news.sap.com\/latinamerica\/wp-json\/wp\/v2\/media\/125076"}],"wp:attachment":[{"href":"https:\/\/news.sap.com\/latinamerica\/wp-json\/wp\/v2\/media?parent=125074"}],"wp:term":[{"taxonomy":"category","embeddable":true,"href":"https:\/\/news.sap.com\/latinamerica\/wp-json\/wp\/v2\/categories?post=125074"},{"taxonomy":"post_tag","embeddable":true,"href":"https:\/\/news.sap.com\/latinamerica\/wp-json\/wp\/v2\/tags?post=125074"},{"taxonomy":"series","embeddable":true,"href":"https:\/\/news.sap.com\/latinamerica\/wp-json\/wp\/v2\/series?post=125074"},{"taxonomy":"region","embeddable":true,"href":"https:\/\/news.sap.com\/latinamerica\/wp-json\/wp\/v2\/region?post=125074"},{"taxonomy":"sapn-display","embeddable":true,"href":"https:\/\/news.sap.com\/latinamerica\/wp-json\/wp\/v2\/sapn-display?post=125074"},{"taxonomy":"sapn-type","embeddable":true,"href":"https:\/\/news.sap.com\/latinamerica\/wp-json\/wp\/v2\/sapn-type?post=125074"}],"curies":[{"name":"wp","href":"https:\/\/api.w.org\/{rel}","templated":true}]}}