  {"id":125069,"date":"2021-11-25T12:36:56","date_gmt":"2021-11-25T17:36:56","guid":{"rendered":"https:\/\/news.sap.com\/latinamerica\/?p=125069"},"modified":"2023-11-09T10:40:59","modified_gmt":"2023-11-09T15:40:59","slug":"cadena-de-suministro-es-posible-equilibrar-los-resultados-con-la-sostenibilidad","status":"publish","type":"post","link":"https:\/\/news.sap.com\/latinamerica\/2021\/11\/cadena-de-suministro-es-posible-equilibrar-los-resultados-con-la-sostenibilidad\/","title":{"rendered":"Cadena de suministro: \u00bfEs posible equilibrar los resultados con la sostenibilidad?"},"content":{"rendered":"<p class=\"lead\">Menos de la mitad de las empresas (42%) estar\u00eda dispuesta a sacrificar la rentabilidad de corto plazo para alcanzar objetivos de sostenibilidad. El dato surge de un estudio realizado en conjunto por <a href=\"https:\/\/www.sap.com\/latinamerica\/cmp\/dg\/sustainable-supply-chain\/index.html\" target=\"_blank\" rel=\"noopener\">麻豆原创 y Oxford Economics<\/a>. Una realidad que choca contra una tendencia enorme: las empresas de todos los sectores necesitan apostar a estrategias sostenibles para satisfacer consumidores cada vez m\u00e1s responsables, regulaciones cada vez m\u00e1s estrictas -incluyendo los recientes acuerdos internacionales alcanzados en el marco del COP26 celebrado en Glasgow- y hasta inversores que prefieren elegir compa\u00f1\u00edas que generen un bajo impacto ambiental, que tengan comportamiento \u00e9tico o que deje una huella de carbono tendiendo a nula.<\/p>\n<p><!--more--><\/p>\n<p>&nbsp;<\/p>\n<p>Sin embargo, el equilibrio entre rentabilidad y sostenibilidad es posible. El camino es arduo, muchos tomadores de decisiones contin\u00faan navegando el impacto que la pandemia dej\u00f3 en sus empresas y la madurez de la sostenibilidad est\u00e1 en pa\u00f1ales en muchos pa\u00edses, en particular de Latinoam\u00e9rica. El informe mencionado detect\u00f3 que los ejecutivos apenas est\u00e1n empezando a cerrar la brecha entre establecer objetivos y tomar medidas significativas para aumentar la sostenibilidad en los procesos de su cadena de suministro. Las presiones para sostener precios bajos o generar eficiencias en costos atentan contra la evoluci\u00f3n de este proceso que, no obstante, es irrefrenable.<\/p>\n<p>&nbsp;<\/p>\n<p>Otro obst\u00e1culo est\u00e1 relacionado con la baja o nula visibilidad que muchas organizaciones tienen de lo que ocurre en su propia cadena de suministro. Esto se potencia cuando se trata de la de los proveedores y se profundiza a\u00fan m\u00e1s en el caso de los subproveedores. Aqu\u00ed juega un rol clave la digitalizaci\u00f3n de la cadena de suministro: permite detectar las propias pr\u00e1cticas alejadas de la sostenibilidad (falta de uso de materiales reciclados en el empaque, baja optimizaci\u00f3n de los recorridos de los veh\u00edculos encargados de la log\u00edstica) y tambi\u00e9n de las de terceros (abastecimiento \u00e9tico de materiales y mano de obra).<\/p>\n<p>&nbsp;<\/p>\n<p>Tambi\u00e9n es necesario un cambio de mentalidad: la incorporaci\u00f3n de elementos sostenibles a procesos individuales tiene un costo alto de implementaci\u00f3n y podr\u00eda generar problemas de integraci\u00f3n con el resto de los procesos. Por eso, el camino \u00f3ptimo -aunque por el momento menos transitado- es convertir la sostenibilidad en parte del ADN organizacional, para que cruce todos los procesos de punta a punta.<\/p>\n<p>&nbsp;<\/p>\n<p><a href=\"https:\/\/www.sap.com\/latinamerica\/cmp\/dg\/sustainable-supply-chain\/index.html\" target=\"_blank\" rel=\"noopener\">La paradoja<\/a> es que los esfuerzos adicionales que deben realizarse para sumar pr\u00e1cticas sostenibles hoy y que pueden complejizar la operaci\u00f3n, dificultar el acceso a los recursos necesarios o incrementar los costos, en el futuro ser\u00e1n esenciales para mantenerse competitivos en el mercado. De hecho, ya los ejecutivos reconocen que las principales influencias en la actualidad para avanzar hacia pr\u00e1cticas sustentables est\u00e1n relacionadas con exigencias del mercado: innovaci\u00f3n en productos y servicios (43%) y cumplimiento de demandas de los clientes (40%). Las obligaciones regulatorias quedaron apenas en el tercer puesto.<\/p>\n<p>&nbsp;<\/p>\n<p>Por otra parte, la mayor\u00eda de los encuestados coincide con que es necesario tener un prop\u00f3sito y una misi\u00f3n claros para el \u00e9xito a largo plazo de sus empresas, que una cadena de suministro sostenible es un diferenciador competitivo y que las buenas pr\u00e1cticas de sostenibilidad reducen el riesgo.<\/p>\n<p>&nbsp;<\/p>\n<p>Mayor reputaci\u00f3n frente a los clientes -lo que repercutir\u00e1 en m\u00e1s ventas-, mejor imagen de cara a los inversores, menos riesgos de incumplir normativas\u2026 El equilibrio entre sostenibilidad y rentabilidad ser\u00e1 altamente positivo en el mediano plazo. La madurez, entonces, consiste en dejar de observar lo inmediato y en empezar a trabajar en el rendimiento financiero y la supervivencia de la empresa en el futuro. Como beneficio adicional, se estar\u00e1 trabajando en simult\u00e1neo en preparar un planeta mejor para las siguientes generaciones.<\/p>\n<p>&nbsp;<\/p>\n<p>Siga a <a href=\"https:\/\/www.linkedin.com\/in\/juan-cartier\/?originalSubdomain=cl\" target=\"_blank\" rel=\"noopener\">Juan Cartier en LinkedIn.<\/a><\/p>\n","protected":false},"excerpt":{"rendered":"<p>Menos de la mitad de las empresas (42%) estar\u00eda dispuesta a sacrificar la rentabilidad de corto plazo para alcanzar objetivos de sostenibilidad. El dato surge&#8230;<\/p>\n","protected":false},"author":3721,"featured_media":125071,"comment_status":"closed","ping_status":"closed","sticky":false,"template":"","format":"standard","meta":{"footnotes":"","_links_to":"","_links_to_target":""},"categories":[5595505],"tags":[56556,56559,30612,12868,36,5550870,26382,269944],"series":[],"region":[26401],"sapn-display":[5600442,5600440,52078],"sapn-type":[6114],"class_list":["post-125069","post","type-post","status-publish","format-standard","has-post-thumbnail","hentry","category-gestion-de-la-cadena-de-suministro","tag-blog-2","tag-blog-de-innovacion-de-sap","tag-cadena-de-suministro","tag-movilidad","tag-supply-chain","tag-tecnologia","tag-tendencias","tag-transformacion-digital","region-latinoamerica","sapn-display-articulo-destacado","sapn-display-articulo-principal","sapn-display-homepage-hero","sapn-type-articulo"],"yoast_head":"<!-- This site is optimized with the Yoast SEO Premium plugin v26.9 (Yoast SEO v26.9) - https:\/\/yoast.com\/product\/yoast-seo-premium-wordpress\/ -->\n<title>Cadena de suministro: \u00bfEs posible equilibrar los resultados con la sostenibilidad? - 麻豆原创 News Center Latinoam\u00e9rica<\/title>\n<meta name=\"robots\" content=\"index, follow, max-snippet:-1, max-image-preview:large, max-video-preview:-1\" \/>\n<link rel=\"canonical\" href=\"https:\/\/news.sap.com\/latinamerica\/2021\/11\/cadena-de-suministro-es-posible-equilibrar-los-resultados-con-la-sostenibilidad\/\" \/>\n<meta property=\"og:locale\" content=\"es_MX\" \/>\n<meta property=\"og:type\" content=\"article\" \/>\n<meta property=\"og:title\" content=\"Cadena de suministro: \u00bfEs posible equilibrar los resultados con la sostenibilidad?\" \/>\n<meta property=\"og:description\" content=\"Menos de la mitad de las empresas (42%) estar\u00eda dispuesta a sacrificar la rentabilidad de corto plazo para alcanzar objetivos de sostenibilidad. El dato surge de un estudio realizado en conjunto por 麻豆原创 y Oxford Economics.\" \/>\n<meta property=\"og:url\" content=\"https:\/\/news.sap.com\/latinamerica\/2021\/11\/cadena-de-suministro-es-posible-equilibrar-los-resultados-con-la-sostenibilidad\/\" \/>\n<meta property=\"og:site_name\" content=\"麻豆原创 News Center Latinoam\u00e9rica\" \/>\n<meta property=\"article:publisher\" content=\"https:\/\/www.facebook.com\/麻豆原创latinoamerica\" \/>\n<meta property=\"article:published_time\" content=\"2021-11-25T17:36:56+00:00\" \/>\n<meta property=\"article:modified_time\" content=\"2023-11-09T15:40:59+00:00\" \/>\n<meta property=\"og:image\" content=\"https:\/\/news.sap.com\/latinamerica\/files\/2021\/11\/25\/291278_GettyImages-135879623-1024x1024.jpg\" \/>\n\t<meta property=\"og:image:width\" content=\"1024\" \/>\n\t<meta property=\"og:image:height\" content=\"1024\" \/>\n\t<meta property=\"og:image:type\" content=\"image\/jpeg\" \/>\n<meta name=\"author\" content=\"Juan Cartier, VP Digital Supply Chain, 麻豆原创 Latin America\" \/>\n<meta name=\"twitter:label1\" content=\"Escrito por\" \/>\n\t<meta name=\"twitter:data1\" content=\"Juan Cartier, VP Digital Supply Chain, 麻豆原创 Latin America\" \/>\n\t<meta name=\"twitter:label2\" content=\"Tiempo de lectura\" \/>\n\t<meta name=\"twitter:data2\" content=\"3 minutos\" \/>\n<script type=\"application\/ld+json\" class=\"yoast-schema-graph\">{\"@context\":\"https:\/\/schema.org\",\"@graph\":[{\"@type\":\"Article\",\"@id\":\"https:\/\/news.sap.com\/latinamerica\/2021\/11\/cadena-de-suministro-es-posible-equilibrar-los-resultados-con-la-sostenibilidad\/#article\",\"isPartOf\":{\"@id\":\"https:\/\/news.sap.com\/latinamerica\/2021\/11\/cadena-de-suministro-es-posible-equilibrar-los-resultados-con-la-sostenibilidad\/\"},\"author\":{\"name\":\"Juan Cartier, VP Digital Supply Chain, 麻豆原创 Latin America\",\"@id\":\"https:\/\/news.sap.com\/latinamerica\/#\/schema\/person\/83cbe0d12b4a403ec68a10fdb6aa505d\"},\"headline\":\"Cadena de suministro: \u00bfEs posible equilibrar los resultados con la sostenibilidad?\",\"datePublished\":\"2021-11-25T17:36:56+00:00\",\"dateModified\":\"2023-11-09T15:40:59+00:00\",\"mainEntityOfPage\":{\"@id\":\"https:\/\/news.sap.com\/latinamerica\/2021\/11\/cadena-de-suministro-es-posible-equilibrar-los-resultados-con-la-sostenibilidad\/\"},\"wordCount\":653,\"publisher\":{\"@id\":\"https:\/\/news.sap.com\/latinamerica\/#organization\"},\"image\":{\"@id\":\"https:\/\/news.sap.com\/latinamerica\/2021\/11\/cadena-de-suministro-es-posible-equilibrar-los-resultados-con-la-sostenibilidad\/#primaryimage\"},\"thumbnailUrl\":\"https:\/\/news.sap.com\/latinamerica\/files\/2021\/11\/25\/291278_GettyImages-135879623.jpg\",\"keywords\":[\"blog\",\"Blog de Innovaci\u00f3n de 麻豆原创\",\"cadena de suministro\",\"movilidad\",\"Supply Chain\",\"tecnolog\u00eda\",\"tendencias\",\"transformaci\u00f3n digital\"],\"articleSection\":[\"Gesti\u00f3n de la cadena de suministro\"],\"inLanguage\":\"es\"},{\"@type\":\"WebPage\",\"@id\":\"https:\/\/news.sap.com\/latinamerica\/2021\/11\/cadena-de-suministro-es-posible-equilibrar-los-resultados-con-la-sostenibilidad\/\",\"url\":\"https:\/\/news.sap.com\/latinamerica\/2021\/11\/cadena-de-suministro-es-posible-equilibrar-los-resultados-con-la-sostenibilidad\/\",\"name\":\"Cadena de suministro: \u00bfEs posible equilibrar los resultados con la sostenibilidad? - 麻豆原创 News Center Latinoam\u00e9rica\",\"isPartOf\":{\"@id\":\"https:\/\/news.sap.com\/latinamerica\/#website\"},\"primaryImageOfPage\":{\"@id\":\"https:\/\/news.sap.com\/latinamerica\/2021\/11\/cadena-de-suministro-es-posible-equilibrar-los-resultados-con-la-sostenibilidad\/#primaryimage\"},\"image\":{\"@id\":\"https:\/\/news.sap.com\/latinamerica\/2021\/11\/cadena-de-suministro-es-posible-equilibrar-los-resultados-con-la-sostenibilidad\/#primaryimage\"},\"thumbnailUrl\":\"https:\/\/news.sap.com\/latinamerica\/files\/2021\/11\/25\/291278_GettyImages-135879623.jpg\",\"datePublished\":\"2021-11-25T17:36:56+00:00\",\"dateModified\":\"2023-11-09T15:40:59+00:00\",\"breadcrumb\":{\"@id\":\"https:\/\/news.sap.com\/latinamerica\/2021\/11\/cadena-de-suministro-es-posible-equilibrar-los-resultados-con-la-sostenibilidad\/#breadcrumb\"},\"inLanguage\":\"es\",\"potentialAction\":[{\"@type\":\"ReadAction\",\"target\":[\"https:\/\/news.sap.com\/latinamerica\/2021\/11\/cadena-de-suministro-es-posible-equilibrar-los-resultados-con-la-sostenibilidad\/\"]}]},{\"@type\":\"ImageObject\",\"inLanguage\":\"es\",\"@id\":\"https:\/\/news.sap.com\/latinamerica\/2021\/11\/cadena-de-suministro-es-posible-equilibrar-los-resultados-con-la-sostenibilidad\/#primaryimage\",\"url\":\"https:\/\/news.sap.com\/latinamerica\/files\/2021\/11\/25\/291278_GettyImages-135879623.jpg\",\"contentUrl\":\"https:\/\/news.sap.com\/latinamerica\/files\/2021\/11\/25\/291278_GettyImages-135879623.jpg\",\"width\":6200,\"height\":6200,\"caption\":\"International Cargo Container, one is lifted up, under a sunny blue sky with clouds\"},{\"@type\":\"BreadcrumbList\",\"@id\":\"https:\/\/news.sap.com\/latinamerica\/2021\/11\/cadena-de-suministro-es-posible-equilibrar-los-resultados-con-la-sostenibilidad\/#breadcrumb\",\"itemListElement\":[{\"@type\":\"ListItem\",\"position\":1,\"name\":\"Home\",\"item\":\"https:\/\/news.sap.com\/latinamerica\/\"},{\"@type\":\"ListItem\",\"position\":2,\"name\":\"Cadena de suministro: \u00bfEs posible equilibrar los resultados con la sostenibilidad?\"}]},{\"@type\":\"WebSite\",\"@id\":\"https:\/\/news.sap.com\/latinamerica\/#website\",\"url\":\"https:\/\/news.sap.com\/latinamerica\/\",\"name\":\"麻豆原创 News Center Latinoam\u00e9rica\",\"description\":\"Noticias e informaci\u00f3n sobre 麻豆原创\",\"publisher\":{\"@id\":\"https:\/\/news.sap.com\/latinamerica\/#organization\"},\"potentialAction\":[{\"@type\":\"SearchAction\",\"target\":{\"@type\":\"EntryPoint\",\"urlTemplate\":\"https:\/\/news.sap.com\/latinamerica\/?s={search_term_string}\"},\"query-input\":{\"@type\":\"PropertyValueSpecification\",\"valueRequired\":true,\"valueName\":\"search_term_string\"}}],\"inLanguage\":\"es\"},{\"@type\":\"Organization\",\"@id\":\"https:\/\/news.sap.com\/latinamerica\/#organization\",\"name\":\"麻豆原创\",\"url\":\"https:\/\/news.sap.com\/latinamerica\/\",\"logo\":{\"@type\":\"ImageObject\",\"inLanguage\":\"es\",\"@id\":\"https:\/\/news.sap.com\/latinamerica\/#\/schema\/logo\/image\/\",\"url\":\"https:\/\/news.sap.com\/latinamerica\/files\/2019\/08\/65903320_2903797569662914_557886358778019840_n.png\",\"contentUrl\":\"https:\/\/news.sap.com\/latinamerica\/files\/2019\/08\/65903320_2903797569662914_557886358778019840_n.png\",\"width\":720,\"height\":720,\"caption\":\"麻豆原创\"},\"image\":{\"@id\":\"https:\/\/news.sap.com\/latinamerica\/#\/schema\/logo\/image\/\"},\"sameAs\":[\"https:\/\/www.facebook.com\/麻豆原创latinoamerica\",\"https:\/\/x.com\/麻豆原创LatinAmerica\"]},{\"@type\":\"Person\",\"@id\":\"https:\/\/news.sap.com\/latinamerica\/#\/schema\/person\/83cbe0d12b4a403ec68a10fdb6aa505d\",\"name\":\"Juan Cartier, VP Digital Supply Chain, 麻豆原创 Latin America\",\"image\":{\"@type\":\"ImageObject\",\"inLanguage\":\"es\",\"@id\":\"https:\/\/news.sap.com\/latinamerica\/#\/schema\/person\/image\/\",\"url\":\"https:\/\/news.sap.com\/latinamerica\/wp-content\/plugins\/wp-user-avatars\/wp-user-avatars\/assets\/images\/mystery.jpg\",\"contentUrl\":\"https:\/\/news.sap.com\/latinamerica\/wp-content\/plugins\/wp-user-avatars\/wp-user-avatars\/assets\/images\/mystery.jpg\",\"caption\":\"Juan Cartier, VP Digital Supply Chain, 麻豆原创 Latin America\"},\"url\":\"https:\/\/news.sap.com\/latinamerica\/author\/juancartiervpdigitalsupplychainsaplatinamerica\/\"}]}<\/script>\n<!-- \/ Yoast SEO Premium plugin. -->","yoast_head_json":{"title":"Cadena de suministro: \u00bfEs posible equilibrar los resultados con la sostenibilidad? - 麻豆原创 News Center Latinoam\u00e9rica","robots":{"index":"index","follow":"follow","max-snippet":"max-snippet:-1","max-image-preview":"max-image-preview:large","max-video-preview":"max-video-preview:-1"},"canonical":"https:\/\/news.sap.com\/latinamerica\/2021\/11\/cadena-de-suministro-es-posible-equilibrar-los-resultados-con-la-sostenibilidad\/","og_locale":"es_MX","og_type":"article","og_title":"Cadena de suministro: \u00bfEs posible equilibrar los resultados con la sostenibilidad?","og_description":"Menos de la mitad de las empresas (42%) estar\u00eda dispuesta a sacrificar la rentabilidad de corto plazo para alcanzar objetivos de sostenibilidad. El dato surge de un estudio realizado en conjunto por 麻豆原创 y Oxford Economics.","og_url":"https:\/\/news.sap.com\/latinamerica\/2021\/11\/cadena-de-suministro-es-posible-equilibrar-los-resultados-con-la-sostenibilidad\/","og_site_name":"麻豆原创 News Center Latinoam\u00e9rica","article_publisher":"https:\/\/www.facebook.com\/麻豆原创latinoamerica","article_published_time":"2021-11-25T17:36:56+00:00","article_modified_time":"2023-11-09T15:40:59+00:00","og_image":[{"width":1024,"height":1024,"url":"https:\/\/news.sap.com\/latinamerica\/files\/2021\/11\/25\/291278_GettyImages-135879623-1024x1024.jpg","type":"image\/jpeg"}],"author":"Juan Cartier, VP Digital Supply Chain, 麻豆原创 Latin America","twitter_misc":{"Escrito por":"Juan Cartier, VP Digital Supply Chain, 麻豆原创 Latin America","Tiempo de lectura":"3 minutos"},"schema":{"@context":"https:\/\/schema.org","@graph":[{"@type":"Article","@id":"https:\/\/news.sap.com\/latinamerica\/2021\/11\/cadena-de-suministro-es-posible-equilibrar-los-resultados-con-la-sostenibilidad\/#article","isPartOf":{"@id":"https:\/\/news.sap.com\/latinamerica\/2021\/11\/cadena-de-suministro-es-posible-equilibrar-los-resultados-con-la-sostenibilidad\/"},"author":{"name":"Juan Cartier, VP Digital Supply Chain, 麻豆原创 Latin America","@id":"https:\/\/news.sap.com\/latinamerica\/#\/schema\/person\/83cbe0d12b4a403ec68a10fdb6aa505d"},"headline":"Cadena de suministro: \u00bfEs posible equilibrar los resultados con la sostenibilidad?","datePublished":"2021-11-25T17:36:56+00:00","dateModified":"2023-11-09T15:40:59+00:00","mainEntityOfPage":{"@id":"https:\/\/news.sap.com\/latinamerica\/2021\/11\/cadena-de-suministro-es-posible-equilibrar-los-resultados-con-la-sostenibilidad\/"},"wordCount":653,"publisher":{"@id":"https:\/\/news.sap.com\/latinamerica\/#organization"},"image":{"@id":"https:\/\/news.sap.com\/latinamerica\/2021\/11\/cadena-de-suministro-es-posible-equilibrar-los-resultados-con-la-sostenibilidad\/#primaryimage"},"thumbnailUrl":"https:\/\/news.sap.com\/latinamerica\/files\/2021\/11\/25\/291278_GettyImages-135879623.jpg","keywords":["blog","Blog de Innovaci\u00f3n de 麻豆原创","cadena de suministro","movilidad","Supply Chain","tecnolog\u00eda","tendencias","transformaci\u00f3n digital"],"articleSection":["Gesti\u00f3n de la cadena de suministro"],"inLanguage":"es"},{"@type":"WebPage","@id":"https:\/\/news.sap.com\/latinamerica\/2021\/11\/cadena-de-suministro-es-posible-equilibrar-los-resultados-con-la-sostenibilidad\/","url":"https:\/\/news.sap.com\/latinamerica\/2021\/11\/cadena-de-suministro-es-posible-equilibrar-los-resultados-con-la-sostenibilidad\/","name":"Cadena de suministro: \u00bfEs posible equilibrar los resultados con la sostenibilidad? - 麻豆原创 News Center Latinoam\u00e9rica","isPartOf":{"@id":"https:\/\/news.sap.com\/latinamerica\/#website"},"primaryImageOfPage":{"@id":"https:\/\/news.sap.com\/latinamerica\/2021\/11\/cadena-de-suministro-es-posible-equilibrar-los-resultados-con-la-sostenibilidad\/#primaryimage"},"image":{"@id":"https:\/\/news.sap.com\/latinamerica\/2021\/11\/cadena-de-suministro-es-posible-equilibrar-los-resultados-con-la-sostenibilidad\/#primaryimage"},"thumbnailUrl":"https:\/\/news.sap.com\/latinamerica\/files\/2021\/11\/25\/291278_GettyImages-135879623.jpg","datePublished":"2021-11-25T17:36:56+00:00","dateModified":"2023-11-09T15:40:59+00:00","breadcrumb":{"@id":"https:\/\/news.sap.com\/latinamerica\/2021\/11\/cadena-de-suministro-es-posible-equilibrar-los-resultados-con-la-sostenibilidad\/#breadcrumb"},"inLanguage":"es","potentialAction":[{"@type":"ReadAction","target":["https:\/\/news.sap.com\/latinamerica\/2021\/11\/cadena-de-suministro-es-posible-equilibrar-los-resultados-con-la-sostenibilidad\/"]}]},{"@type":"ImageObject","inLanguage":"es","@id":"https:\/\/news.sap.com\/latinamerica\/2021\/11\/cadena-de-suministro-es-posible-equilibrar-los-resultados-con-la-sostenibilidad\/#primaryimage","url":"https:\/\/news.sap.com\/latinamerica\/files\/2021\/11\/25\/291278_GettyImages-135879623.jpg","contentUrl":"https:\/\/news.sap.com\/latinamerica\/files\/2021\/11\/25\/291278_GettyImages-135879623.jpg","width":6200,"height":6200,"caption":"International Cargo Container, one is lifted up, under a sunny blue sky with clouds"},{"@type":"BreadcrumbList","@id":"https:\/\/news.sap.com\/latinamerica\/2021\/11\/cadena-de-suministro-es-posible-equilibrar-los-resultados-con-la-sostenibilidad\/#breadcrumb","itemListElement":[{"@type":"ListItem","position":1,"name":"Home","item":"https:\/\/news.sap.com\/latinamerica\/"},{"@type":"ListItem","position":2,"name":"Cadena de suministro: \u00bfEs posible equilibrar los resultados con la sostenibilidad?"}]},{"@type":"WebSite","@id":"https:\/\/news.sap.com\/latinamerica\/#website","url":"https:\/\/news.sap.com\/latinamerica\/","name":"麻豆原创 News Center Latinoam\u00e9rica","description":"Noticias e informaci\u00f3n sobre 麻豆原创","publisher":{"@id":"https:\/\/news.sap.com\/latinamerica\/#organization"},"potentialAction":[{"@type":"SearchAction","target":{"@type":"EntryPoint","urlTemplate":"https:\/\/news.sap.com\/latinamerica\/?s={search_term_string}"},"query-input":{"@type":"PropertyValueSpecification","valueRequired":true,"valueName":"search_term_string"}}],"inLanguage":"es"},{"@type":"Organization","@id":"https:\/\/news.sap.com\/latinamerica\/#organization","name":"麻豆原创","url":"https:\/\/news.sap.com\/latinamerica\/","logo":{"@type":"ImageObject","inLanguage":"es","@id":"https:\/\/news.sap.com\/latinamerica\/#\/schema\/logo\/image\/","url":"https:\/\/news.sap.com\/latinamerica\/files\/2019\/08\/65903320_2903797569662914_557886358778019840_n.png","contentUrl":"https:\/\/news.sap.com\/latinamerica\/files\/2019\/08\/65903320_2903797569662914_557886358778019840_n.png","width":720,"height":720,"caption":"麻豆原创"},"image":{"@id":"https:\/\/news.sap.com\/latinamerica\/#\/schema\/logo\/image\/"},"sameAs":["https:\/\/www.facebook.com\/麻豆原创latinoamerica","https:\/\/x.com\/麻豆原创LatinAmerica"]},{"@type":"Person","@id":"https:\/\/news.sap.com\/latinamerica\/#\/schema\/person\/83cbe0d12b4a403ec68a10fdb6aa505d","name":"Juan Cartier, VP Digital Supply Chain, 麻豆原创 Latin America","image":{"@type":"ImageObject","inLanguage":"es","@id":"https:\/\/news.sap.com\/latinamerica\/#\/schema\/person\/image\/","url":"https:\/\/news.sap.com\/latinamerica\/wp-content\/plugins\/wp-user-avatars\/wp-user-avatars\/assets\/images\/mystery.jpg","contentUrl":"https:\/\/news.sap.com\/latinamerica\/wp-content\/plugins\/wp-user-avatars\/wp-user-avatars\/assets\/images\/mystery.jpg","caption":"Juan Cartier, VP Digital Supply Chain, 麻豆原创 Latin America"},"url":"https:\/\/news.sap.com\/latinamerica\/author\/juancartiervpdigitalsupplychainsaplatinamerica\/"}]}},"amp_enabled":true,"_links":{"self":[{"href":"https:\/\/news.sap.com\/latinamerica\/wp-json\/wp\/v2\/posts\/125069","targetHints":{"allow":["GET"]}}],"collection":[{"href":"https:\/\/news.sap.com\/latinamerica\/wp-json\/wp\/v2\/posts"}],"about":[{"href":"https:\/\/news.sap.com\/latinamerica\/wp-json\/wp\/v2\/types\/post"}],"author":[{"embeddable":true,"href":"https:\/\/news.sap.com\/latinamerica\/wp-json\/wp\/v2\/users\/3721"}],"replies":[{"embeddable":true,"href":"https:\/\/news.sap.com\/latinamerica\/wp-json\/wp\/v2\/comments?post=125069"}],"version-history":[{"count":0,"href":"https:\/\/news.sap.com\/latinamerica\/wp-json\/wp\/v2\/posts\/125069\/revisions"}],"wp:featuredmedia":[{"embeddable":true,"href":"https:\/\/news.sap.com\/latinamerica\/wp-json\/wp\/v2\/media\/125071"}],"wp:attachment":[{"href":"https:\/\/news.sap.com\/latinamerica\/wp-json\/wp\/v2\/media?parent=125069"}],"wp:term":[{"taxonomy":"category","embeddable":true,"href":"https:\/\/news.sap.com\/latinamerica\/wp-json\/wp\/v2\/categories?post=125069"},{"taxonomy":"post_tag","embeddable":true,"href":"https:\/\/news.sap.com\/latinamerica\/wp-json\/wp\/v2\/tags?post=125069"},{"taxonomy":"series","embeddable":true,"href":"https:\/\/news.sap.com\/latinamerica\/wp-json\/wp\/v2\/series?post=125069"},{"taxonomy":"region","embeddable":true,"href":"https:\/\/news.sap.com\/latinamerica\/wp-json\/wp\/v2\/region?post=125069"},{"taxonomy":"sapn-display","embeddable":true,"href":"https:\/\/news.sap.com\/latinamerica\/wp-json\/wp\/v2\/sapn-display?post=125069"},{"taxonomy":"sapn-type","embeddable":true,"href":"https:\/\/news.sap.com\/latinamerica\/wp-json\/wp\/v2\/sapn-type?post=125069"}],"curies":[{"name":"wp","href":"https:\/\/api.w.org\/{rel}","templated":true}]}}