  {"id":125038,"date":"2021-11-22T18:17:18","date_gmt":"2021-11-22T23:17:18","guid":{"rendered":"https:\/\/news.sap.com\/latinamerica\/?p=125038"},"modified":"2023-11-09T10:30:19","modified_gmt":"2023-11-09T15:30:19","slug":"juan-pablo-de-la-torre-nuevo-director-de-qualtrics-en-mexico","status":"publish","type":"post","link":"https:\/\/news.sap.com\/latinamerica\/2021\/11\/juan-pablo-de-la-torre-nuevo-director-de-qualtrics-en-mexico\/","title":{"rendered":"Juan Pablo de la Torre, nuevo director de Qualtrics en M\u00e9xico"},"content":{"rendered":"<ul>\n<li>\n<h2><em>La categor\u00eda de Gesti\u00f3n de Experiencia (XM) tiene un valor de mercado aproximado de 60 mil millones de d\u00f3lares.<\/em><\/h2>\n<\/li>\n<li><em>Entre las empresas que ya usan la herramienta de Qualtrics en M\u00e9xico se encuentran CEMEX, Telef\u00f3nica M\u00e9xico y OXXO.<\/em><\/li>\n<li><em>El directivo cuenta con m\u00e1s de 28 a\u00f1os de experiencia en el sector tecnol\u00f3gico.<\/em><\/li>\n<\/ul>\n<p>Con la intenci\u00f3n de desarrollar la categor\u00eda y las estrategias comerciales para consolidar la categor\u00eda de Gesti\u00f3n de Experiencias (XM) en el pa\u00eds, Qualtrics design\u00f3 a Juan Pablo de la Torre como el nuevo director general de la subsidiaria en M\u00e9xico.<\/p>\n<p>En esta posici\u00f3n, Juan Pablo, apalancado de 麻豆原创, ser\u00e1 responsable de dirigir las estrategias de negocio que permitan a las empresas mexicanas triunfar en la actual econom\u00eda de la experiencia. Categor\u00eda que tiene un valor de mercado de 60 mil millones de d\u00f3lares y es uno de los de crecimiento m\u00e1s veloz en la industria.<\/p>\n<p>La combinaci\u00f3n de 麻豆原创 y Qualtrics permite la obtenci\u00f3n de informaci\u00f3n sobre c\u00f3mo los sentimientos de consumidores y colaboradores en relaci\u00f3n con las empresas, de modo que estas puedan tomar acciones adecuadas en tiempo real.<\/p>\n<p>La econom\u00eda de la experiencia ha cambiado la forma en que las empresas compiten y las organizaciones operan. El costo de cambiar de productos o servicios se ha vuelto tan bajo que es probable que m\u00e1s del 70% de los consumidores cambien de marca debido a una sola mala experiencia. La situaci\u00f3n de constante reinvenci\u00f3n, consecuencia de la pandemia, ha provocado que cada vez sea m\u00e1s com\u00fan encontrar brechas de experiencia, es decir, esos vac\u00edos entre lo que la empresa piensa que est\u00e1 haciendo bien y lo que realmente reciben o perciben sus p\u00fablicos, ya sean clientes y colaboradores.<\/p>\n<p><em>\u00a8No solventar dichas brechas puede llevar a las empresas a perder clientes o colaboradores. Por eso hoy m\u00e1s que nunca, toma especial importancia que las compa\u00f1\u00edas entiendan y comprendan la forma en que sus clientes y colaboradores piensan y sienten sobre su negocio, para de ah\u00ed dise\u00f1ar estrategias que les otorgue la mejor experiencia<\/em>, apunt\u00f3 <strong>Juan Pablo de la Torre<\/strong>.<\/p>\n<p>As\u00ed, empresas de la talla de CEMEX y <a href=\"https:\/\/www.qualtrics.com\/es\/clientes\/telefonica\/\">Telef\u00f3nica M\u00e9xico<\/a> han puesto manos a la obra al confiar en <strong>Qualtrics para adoptar su plataforma de gesti\u00f3n de experiencias<\/strong>. La cementera se <a href=\"https:\/\/news.sap.com\/latinamerica\/2021\/02\/resultados_de_sap_en_mexico_muestran_aceleracion_en_la_nube_de_minoristas\/\">apalanca de Qualtrics y 麻豆原创<\/a> para tener una visibilidad en tiempo real de sus indicadores NPS Net Promoter Score (Puntuaci\u00f3n Neta de Promoci\u00f3n) en todos sus canales de venta, mientras que <a href=\"https:\/\/www.qualtrics.com\/es\/clientes\/telefonica\/\"><strong>Telef\u00f3nica M\u00e9xico<\/strong><\/a> buscaba fortalecer su estrategia de experiencia al cliente, por lo que adopt\u00f3 <strong>Qualtrics <\/strong>para medir mejor el nivel de satisfacci\u00f3n de sus clientes sobre sus productos y servicios, y as\u00ed agilizar el proceso de respuesta a solicitudes.<\/p>\n<p>En t\u00e9rminos de gesti\u00f3n de experiencias para colaboradores destaca <a href=\"https:\/\/news.sap.com\/latinamerica\/2020\/01\/sap-mexico-cierra-2019-con-crecimiento-a-doble-digito-en-la-nube\/\">OXXO<\/a>, la cual podr\u00e1 medir la satisfacci\u00f3n de sus empleados para identificar oportunidades que los lleven a generar planes de acci\u00f3n que mejoren su experiencia de trabajar.<\/p>\n<p style=\"text-align: center\"><strong># # #<\/strong><\/p>\n<p><strong>Acerca de Qualtrics<\/strong><\/p>\n<p>Qualtrics, l\u00edder y creador de la categor\u00eda Gesti\u00f3n de Experiencias (XM), est\u00e1 cambiando la forma en que las organizaciones administran y mejoran las cuatro experiencias centrales del negocio: cliente, empleado, producto y marca. M\u00e1s de 13.500 organizaciones de todo el mundo utilizan Qualtrics para escuchar, comprender y actuar sobre los datos de la experiencia (X-data \u2122): las creencias, emociones e intenciones que le dicen por qu\u00e9 suceden las cosas y qu\u00e9 hacer al respecto. Qualtrics XM Platform \u2122 es un sistema de acci\u00f3n que ayuda a las empresas a atraer clientes que se quedan m\u00e1s tiempo y compran m\u00e1s, involucrar a los empleados que construyen una cultura positiva, desarrollar productos innovadores que la gente ama y construir una marca que apasiona a la gente. Para obtener m\u00e1s informaci\u00f3n, visite qualtrics.com<\/p>\n<p><strong>Acerca de 麻豆原创\u00a0<\/strong><\/p>\n<p>La estrategia de 麻豆原创 es ayudar a que cada negocio funcione como una empresa inteligente sostenible. Como l\u00edder del mercado en software de aplicaci\u00f3n empresarial, contribuimos a que las organizaciones de todos los tama\u00f1os y en todas las industrias puedan alcanzar su funcionamiento \u00f3ptimo: 87% del comercio global toca un sistema 麻豆原创\u00ae. Nuestras tecnolog\u00edas avanzadas de\u00a0<em>machine learning, Internet of Things<\/em>\u00a0(IoT) y anal\u00edticos ayudan a convertir los negocios de los clientes en empresas inteligentes sostenibles. 麻豆原创 contribuye a dar a las personas y a las organizaciones profundos conocimientos de negocio y promueve la colaboraci\u00f3n que les permite mantenerse delante de la competencia. Simplificamos la tecnolog\u00eda para las empresas, de modo que puedan consumir nuestro software de la manera en que lo desean, sin interrupciones. Nuestro conjunto de aplicaciones y servicios permite a clientes del sector p\u00fablico y privado de 25 industrias operar en forma rentable, adaptarse continuamente y marcar una diferencia. Con una red global de clientes, socios de negocios, empleados y l\u00edderes de ideas, 麻豆原创 ayuda al mundo a funcionar mejor y a mejorar las vidas de las personas. Para m\u00e1s informaci\u00f3n, visite\u00a0<a href=\"http:\/\/www.sap.com\/\">www.sap.com<\/a>, nuestra sala de prensa,\u00a0<a href=\"http:\/\/news.sap.com\/latinamerica\">http:\/\/news.sap.com\/latinamerica<\/a>, o s\u00edganos en Twitter:\u00a0<a href=\"https:\/\/twitter.com\/sapnoticiasmx\">@sapnoticiasmx<\/a>.<\/p>\n<p>&nbsp;<\/p>\n","protected":false},"excerpt":{"rendered":"<p>La categor\u00eda de Gesti\u00f3n de Experiencia (XM) tiene un valor de mercado aproximado de 60 mil millones de d\u00f3lares. Entre las empresas que ya usan&#8230;<\/p>\n","protected":false},"author":136,"featured_media":125046,"comment_status":"closed","ping_status":"closed","sticky":false,"template":"","format":"standard","meta":{"footnotes":"","_links_to":"","_links_to_target":""},"categories":[41591],"tags":[5600150,5600149,269958,24313,5591951],"series":[],"region":[],"sapn-display":[52079,5600443,5600441],"sapn-type":[52105],"class_list":["post-125038","post","type-post","status-publish","format-standard","has-post-thumbnail","hentry","category-corporativo","tag-director","tag-juan-pablo-de-la-torre","tag-mexico","tag-nombramiento","tag-qualtrics","sapn-display-top-stories","sapn-display-prensa-destacada","sapn-display-prensa-principal","sapn-type-comunicado-de-prensa"],"yoast_head":"<!-- This site is optimized with the Yoast SEO Premium plugin v26.9 (Yoast SEO v26.9) - https:\/\/yoast.com\/product\/yoast-seo-premium-wordpress\/ -->\n<title>Juan Pablo de la Torre, nuevo director de Qualtrics en M\u00e9xico - 麻豆原创 News Center Latinoam\u00e9rica<\/title>\n<meta name=\"robots\" content=\"index, follow, max-snippet:-1, max-image-preview:large, max-video-preview:-1\" \/>\n<link rel=\"canonical\" href=\"https:\/\/news.sap.com\/latinamerica\/2021\/11\/juan-pablo-de-la-torre-nuevo-director-de-qualtrics-en-mexico\/\" \/>\n<meta property=\"og:locale\" content=\"es_MX\" \/>\n<meta property=\"og:type\" content=\"article\" \/>\n<meta property=\"og:title\" content=\"Juan Pablo de la Torre, nuevo director de Qualtrics en M\u00e9xico\" \/>\n<meta property=\"og:description\" content=\"La categor\u00eda de Gesti\u00f3n de Experiencia (XM) tiene un valor de mercado aproximado de 60 mil millones de d\u00f3lares. Entre las empresas que ya usan...\" \/>\n<meta property=\"og:url\" content=\"https:\/\/news.sap.com\/latinamerica\/2021\/11\/juan-pablo-de-la-torre-nuevo-director-de-qualtrics-en-mexico\/\" \/>\n<meta property=\"og:site_name\" content=\"麻豆原创 News Center Latinoam\u00e9rica\" \/>\n<meta property=\"article:publisher\" content=\"https:\/\/www.facebook.com\/麻豆原创latinoamerica\" \/>\n<meta property=\"article:published_time\" content=\"2021-11-22T23:17:18+00:00\" \/>\n<meta property=\"article:modified_time\" content=\"2023-11-09T15:30:19+00:00\" \/>\n<meta property=\"og:image\" content=\"https:\/\/news.sap.com\/latinamerica\/files\/2021\/11\/22\/288241_GettyImages-1192583552-1024x683.jpg\" \/>\n\t<meta property=\"og:image:width\" content=\"1024\" \/>\n\t<meta property=\"og:image:height\" content=\"683\" \/>\n\t<meta property=\"og:image:type\" content=\"image\/jpeg\" \/>\n<meta name=\"author\" content=\"麻豆原创 Noticias\" \/>\n<meta name=\"twitter:label1\" content=\"Escrito por\" \/>\n\t<meta name=\"twitter:data1\" content=\"麻豆原创 Noticias\" \/>\n\t<meta name=\"twitter:label2\" content=\"Tiempo de lectura\" \/>\n\t<meta name=\"twitter:data2\" content=\"4 minutos\" \/>\n<script type=\"application\/ld+json\" class=\"yoast-schema-graph\">{\"@context\":\"https:\/\/schema.org\",\"@graph\":[{\"@type\":\"Article\",\"@id\":\"https:\/\/news.sap.com\/latinamerica\/2021\/11\/juan-pablo-de-la-torre-nuevo-director-de-qualtrics-en-mexico\/#article\",\"isPartOf\":{\"@id\":\"https:\/\/news.sap.com\/latinamerica\/2021\/11\/juan-pablo-de-la-torre-nuevo-director-de-qualtrics-en-mexico\/\"},\"author\":{\"name\":\"麻豆原创 Noticias\",\"@id\":\"https:\/\/news.sap.com\/latinamerica\/#\/schema\/person\/5afd2cbf5bb622e078932b40a4470d47\"},\"headline\":\"Juan Pablo de la Torre, nuevo director de Qualtrics en M\u00e9xico\",\"datePublished\":\"2021-11-22T23:17:18+00:00\",\"dateModified\":\"2023-11-09T15:30:19+00:00\",\"mainEntityOfPage\":{\"@id\":\"https:\/\/news.sap.com\/latinamerica\/2021\/11\/juan-pablo-de-la-torre-nuevo-director-de-qualtrics-en-mexico\/\"},\"wordCount\":891,\"publisher\":{\"@id\":\"https:\/\/news.sap.com\/latinamerica\/#organization\"},\"image\":{\"@id\":\"https:\/\/news.sap.com\/latinamerica\/2021\/11\/juan-pablo-de-la-torre-nuevo-director-de-qualtrics-en-mexico\/#primaryimage\"},\"thumbnailUrl\":\"https:\/\/news.sap.com\/latinamerica\/files\/2021\/11\/22\/288241_GettyImages-1192583552.jpg\",\"keywords\":[\"Director\",\"Juan Pablo de la Torre\",\"Mexico\",\"Nombramiento\",\"Qualtrics\"],\"articleSection\":[\"Corporativo\"],\"inLanguage\":\"es\"},{\"@type\":\"WebPage\",\"@id\":\"https:\/\/news.sap.com\/latinamerica\/2021\/11\/juan-pablo-de-la-torre-nuevo-director-de-qualtrics-en-mexico\/\",\"url\":\"https:\/\/news.sap.com\/latinamerica\/2021\/11\/juan-pablo-de-la-torre-nuevo-director-de-qualtrics-en-mexico\/\",\"name\":\"Juan Pablo de la Torre, nuevo director de Qualtrics en M\u00e9xico - 麻豆原创 News Center Latinoam\u00e9rica\",\"isPartOf\":{\"@id\":\"https:\/\/news.sap.com\/latinamerica\/#website\"},\"primaryImageOfPage\":{\"@id\":\"https:\/\/news.sap.com\/latinamerica\/2021\/11\/juan-pablo-de-la-torre-nuevo-director-de-qualtrics-en-mexico\/#primaryimage\"},\"image\":{\"@id\":\"https:\/\/news.sap.com\/latinamerica\/2021\/11\/juan-pablo-de-la-torre-nuevo-director-de-qualtrics-en-mexico\/#primaryimage\"},\"thumbnailUrl\":\"https:\/\/news.sap.com\/latinamerica\/files\/2021\/11\/22\/288241_GettyImages-1192583552.jpg\",\"datePublished\":\"2021-11-22T23:17:18+00:00\",\"dateModified\":\"2023-11-09T15:30:19+00:00\",\"breadcrumb\":{\"@id\":\"https:\/\/news.sap.com\/latinamerica\/2021\/11\/juan-pablo-de-la-torre-nuevo-director-de-qualtrics-en-mexico\/#breadcrumb\"},\"inLanguage\":\"es\",\"potentialAction\":[{\"@type\":\"ReadAction\",\"target\":[\"https:\/\/news.sap.com\/latinamerica\/2021\/11\/juan-pablo-de-la-torre-nuevo-director-de-qualtrics-en-mexico\/\"]}]},{\"@type\":\"ImageObject\",\"inLanguage\":\"es\",\"@id\":\"https:\/\/news.sap.com\/latinamerica\/2021\/11\/juan-pablo-de-la-torre-nuevo-director-de-qualtrics-en-mexico\/#primaryimage\",\"url\":\"https:\/\/news.sap.com\/latinamerica\/files\/2021\/11\/22\/288241_GettyImages-1192583552.jpg\",\"contentUrl\":\"https:\/\/news.sap.com\/latinamerica\/files\/2021\/11\/22\/288241_GettyImages-1192583552.jpg\",\"width\":7952,\"height\":5304,\"caption\":\"Businessman\/owner checking kitchen supplies\"},{\"@type\":\"BreadcrumbList\",\"@id\":\"https:\/\/news.sap.com\/latinamerica\/2021\/11\/juan-pablo-de-la-torre-nuevo-director-de-qualtrics-en-mexico\/#breadcrumb\",\"itemListElement\":[{\"@type\":\"ListItem\",\"position\":1,\"name\":\"Home\",\"item\":\"https:\/\/news.sap.com\/latinamerica\/\"},{\"@type\":\"ListItem\",\"position\":2,\"name\":\"Juan Pablo de la Torre, nuevo director de Qualtrics en M\u00e9xico\"}]},{\"@type\":\"WebSite\",\"@id\":\"https:\/\/news.sap.com\/latinamerica\/#website\",\"url\":\"https:\/\/news.sap.com\/latinamerica\/\",\"name\":\"麻豆原创 News Center Latinoam\u00e9rica\",\"description\":\"Noticias e informaci\u00f3n sobre 麻豆原创\",\"publisher\":{\"@id\":\"https:\/\/news.sap.com\/latinamerica\/#organization\"},\"potentialAction\":[{\"@type\":\"SearchAction\",\"target\":{\"@type\":\"EntryPoint\",\"urlTemplate\":\"https:\/\/news.sap.com\/latinamerica\/?s={search_term_string}\"},\"query-input\":{\"@type\":\"PropertyValueSpecification\",\"valueRequired\":true,\"valueName\":\"search_term_string\"}}],\"inLanguage\":\"es\"},{\"@type\":\"Organization\",\"@id\":\"https:\/\/news.sap.com\/latinamerica\/#organization\",\"name\":\"麻豆原创\",\"url\":\"https:\/\/news.sap.com\/latinamerica\/\",\"logo\":{\"@type\":\"ImageObject\",\"inLanguage\":\"es\",\"@id\":\"https:\/\/news.sap.com\/latinamerica\/#\/schema\/logo\/image\/\",\"url\":\"https:\/\/news.sap.com\/latinamerica\/files\/2019\/08\/65903320_2903797569662914_557886358778019840_n.png\",\"contentUrl\":\"https:\/\/news.sap.com\/latinamerica\/files\/2019\/08\/65903320_2903797569662914_557886358778019840_n.png\",\"width\":720,\"height\":720,\"caption\":\"麻豆原创\"},\"image\":{\"@id\":\"https:\/\/news.sap.com\/latinamerica\/#\/schema\/logo\/image\/\"},\"sameAs\":[\"https:\/\/www.facebook.com\/麻豆原创latinoamerica\",\"https:\/\/x.com\/麻豆原创LatinAmerica\"]},{\"@type\":\"Person\",\"@id\":\"https:\/\/news.sap.com\/latinamerica\/#\/schema\/person\/5afd2cbf5bb622e078932b40a4470d47\",\"name\":\"麻豆原创 Noticias\",\"image\":{\"@type\":\"ImageObject\",\"inLanguage\":\"es\",\"@id\":\"https:\/\/news.sap.com\/latinamerica\/#\/schema\/person\/image\/\",\"url\":\"https:\/\/news.sap.com\/latinamerica\/wp-content\/plugins\/wp-user-avatars\/wp-user-avatars\/assets\/images\/mystery.jpg\",\"contentUrl\":\"https:\/\/news.sap.com\/latinamerica\/wp-content\/plugins\/wp-user-avatars\/wp-user-avatars\/assets\/images\/mystery.jpg\",\"caption\":\"麻豆原创 Noticias\"},\"url\":\"https:\/\/news.sap.com\/latinamerica\/author\/mexico\/\"}]}<\/script>\n<!-- \/ Yoast SEO Premium plugin. -->","yoast_head_json":{"title":"Juan Pablo de la Torre, nuevo director de Qualtrics en M\u00e9xico - 麻豆原创 News Center Latinoam\u00e9rica","robots":{"index":"index","follow":"follow","max-snippet":"max-snippet:-1","max-image-preview":"max-image-preview:large","max-video-preview":"max-video-preview:-1"},"canonical":"https:\/\/news.sap.com\/latinamerica\/2021\/11\/juan-pablo-de-la-torre-nuevo-director-de-qualtrics-en-mexico\/","og_locale":"es_MX","og_type":"article","og_title":"Juan Pablo de la Torre, nuevo director de Qualtrics en M\u00e9xico","og_description":"La categor\u00eda de Gesti\u00f3n de Experiencia (XM) tiene un valor de mercado aproximado de 60 mil millones de d\u00f3lares. Entre las empresas que ya usan...","og_url":"https:\/\/news.sap.com\/latinamerica\/2021\/11\/juan-pablo-de-la-torre-nuevo-director-de-qualtrics-en-mexico\/","og_site_name":"麻豆原创 News Center Latinoam\u00e9rica","article_publisher":"https:\/\/www.facebook.com\/麻豆原创latinoamerica","article_published_time":"2021-11-22T23:17:18+00:00","article_modified_time":"2023-11-09T15:30:19+00:00","og_image":[{"width":1024,"height":683,"url":"https:\/\/news.sap.com\/latinamerica\/files\/2021\/11\/22\/288241_GettyImages-1192583552-1024x683.jpg","type":"image\/jpeg"}],"author":"麻豆原创 Noticias","twitter_misc":{"Escrito por":"麻豆原创 Noticias","Tiempo de lectura":"4 minutos"},"schema":{"@context":"https:\/\/schema.org","@graph":[{"@type":"Article","@id":"https:\/\/news.sap.com\/latinamerica\/2021\/11\/juan-pablo-de-la-torre-nuevo-director-de-qualtrics-en-mexico\/#article","isPartOf":{"@id":"https:\/\/news.sap.com\/latinamerica\/2021\/11\/juan-pablo-de-la-torre-nuevo-director-de-qualtrics-en-mexico\/"},"author":{"name":"麻豆原创 Noticias","@id":"https:\/\/news.sap.com\/latinamerica\/#\/schema\/person\/5afd2cbf5bb622e078932b40a4470d47"},"headline":"Juan Pablo de la Torre, nuevo director de Qualtrics en M\u00e9xico","datePublished":"2021-11-22T23:17:18+00:00","dateModified":"2023-11-09T15:30:19+00:00","mainEntityOfPage":{"@id":"https:\/\/news.sap.com\/latinamerica\/2021\/11\/juan-pablo-de-la-torre-nuevo-director-de-qualtrics-en-mexico\/"},"wordCount":891,"publisher":{"@id":"https:\/\/news.sap.com\/latinamerica\/#organization"},"image":{"@id":"https:\/\/news.sap.com\/latinamerica\/2021\/11\/juan-pablo-de-la-torre-nuevo-director-de-qualtrics-en-mexico\/#primaryimage"},"thumbnailUrl":"https:\/\/news.sap.com\/latinamerica\/files\/2021\/11\/22\/288241_GettyImages-1192583552.jpg","keywords":["Director","Juan Pablo de la Torre","Mexico","Nombramiento","Qualtrics"],"articleSection":["Corporativo"],"inLanguage":"es"},{"@type":"WebPage","@id":"https:\/\/news.sap.com\/latinamerica\/2021\/11\/juan-pablo-de-la-torre-nuevo-director-de-qualtrics-en-mexico\/","url":"https:\/\/news.sap.com\/latinamerica\/2021\/11\/juan-pablo-de-la-torre-nuevo-director-de-qualtrics-en-mexico\/","name":"Juan Pablo de la Torre, nuevo director de Qualtrics en M\u00e9xico - 麻豆原创 News Center Latinoam\u00e9rica","isPartOf":{"@id":"https:\/\/news.sap.com\/latinamerica\/#website"},"primaryImageOfPage":{"@id":"https:\/\/news.sap.com\/latinamerica\/2021\/11\/juan-pablo-de-la-torre-nuevo-director-de-qualtrics-en-mexico\/#primaryimage"},"image":{"@id":"https:\/\/news.sap.com\/latinamerica\/2021\/11\/juan-pablo-de-la-torre-nuevo-director-de-qualtrics-en-mexico\/#primaryimage"},"thumbnailUrl":"https:\/\/news.sap.com\/latinamerica\/files\/2021\/11\/22\/288241_GettyImages-1192583552.jpg","datePublished":"2021-11-22T23:17:18+00:00","dateModified":"2023-11-09T15:30:19+00:00","breadcrumb":{"@id":"https:\/\/news.sap.com\/latinamerica\/2021\/11\/juan-pablo-de-la-torre-nuevo-director-de-qualtrics-en-mexico\/#breadcrumb"},"inLanguage":"es","potentialAction":[{"@type":"ReadAction","target":["https:\/\/news.sap.com\/latinamerica\/2021\/11\/juan-pablo-de-la-torre-nuevo-director-de-qualtrics-en-mexico\/"]}]},{"@type":"ImageObject","inLanguage":"es","@id":"https:\/\/news.sap.com\/latinamerica\/2021\/11\/juan-pablo-de-la-torre-nuevo-director-de-qualtrics-en-mexico\/#primaryimage","url":"https:\/\/news.sap.com\/latinamerica\/files\/2021\/11\/22\/288241_GettyImages-1192583552.jpg","contentUrl":"https:\/\/news.sap.com\/latinamerica\/files\/2021\/11\/22\/288241_GettyImages-1192583552.jpg","width":7952,"height":5304,"caption":"Businessman\/owner checking kitchen supplies"},{"@type":"BreadcrumbList","@id":"https:\/\/news.sap.com\/latinamerica\/2021\/11\/juan-pablo-de-la-torre-nuevo-director-de-qualtrics-en-mexico\/#breadcrumb","itemListElement":[{"@type":"ListItem","position":1,"name":"Home","item":"https:\/\/news.sap.com\/latinamerica\/"},{"@type":"ListItem","position":2,"name":"Juan Pablo de la Torre, nuevo director de Qualtrics en M\u00e9xico"}]},{"@type":"WebSite","@id":"https:\/\/news.sap.com\/latinamerica\/#website","url":"https:\/\/news.sap.com\/latinamerica\/","name":"麻豆原创 News Center Latinoam\u00e9rica","description":"Noticias e informaci\u00f3n sobre 麻豆原创","publisher":{"@id":"https:\/\/news.sap.com\/latinamerica\/#organization"},"potentialAction":[{"@type":"SearchAction","target":{"@type":"EntryPoint","urlTemplate":"https:\/\/news.sap.com\/latinamerica\/?s={search_term_string}"},"query-input":{"@type":"PropertyValueSpecification","valueRequired":true,"valueName":"search_term_string"}}],"inLanguage":"es"},{"@type":"Organization","@id":"https:\/\/news.sap.com\/latinamerica\/#organization","name":"麻豆原创","url":"https:\/\/news.sap.com\/latinamerica\/","logo":{"@type":"ImageObject","inLanguage":"es","@id":"https:\/\/news.sap.com\/latinamerica\/#\/schema\/logo\/image\/","url":"https:\/\/news.sap.com\/latinamerica\/files\/2019\/08\/65903320_2903797569662914_557886358778019840_n.png","contentUrl":"https:\/\/news.sap.com\/latinamerica\/files\/2019\/08\/65903320_2903797569662914_557886358778019840_n.png","width":720,"height":720,"caption":"麻豆原创"},"image":{"@id":"https:\/\/news.sap.com\/latinamerica\/#\/schema\/logo\/image\/"},"sameAs":["https:\/\/www.facebook.com\/麻豆原创latinoamerica","https:\/\/x.com\/麻豆原创LatinAmerica"]},{"@type":"Person","@id":"https:\/\/news.sap.com\/latinamerica\/#\/schema\/person\/5afd2cbf5bb622e078932b40a4470d47","name":"麻豆原创 Noticias","image":{"@type":"ImageObject","inLanguage":"es","@id":"https:\/\/news.sap.com\/latinamerica\/#\/schema\/person\/image\/","url":"https:\/\/news.sap.com\/latinamerica\/wp-content\/plugins\/wp-user-avatars\/wp-user-avatars\/assets\/images\/mystery.jpg","contentUrl":"https:\/\/news.sap.com\/latinamerica\/wp-content\/plugins\/wp-user-avatars\/wp-user-avatars\/assets\/images\/mystery.jpg","caption":"麻豆原创 Noticias"},"url":"https:\/\/news.sap.com\/latinamerica\/author\/mexico\/"}]}},"amp_enabled":true,"_links":{"self":[{"href":"https:\/\/news.sap.com\/latinamerica\/wp-json\/wp\/v2\/posts\/125038","targetHints":{"allow":["GET"]}}],"collection":[{"href":"https:\/\/news.sap.com\/latinamerica\/wp-json\/wp\/v2\/posts"}],"about":[{"href":"https:\/\/news.sap.com\/latinamerica\/wp-json\/wp\/v2\/types\/post"}],"author":[{"embeddable":true,"href":"https:\/\/news.sap.com\/latinamerica\/wp-json\/wp\/v2\/users\/136"}],"replies":[{"embeddable":true,"href":"https:\/\/news.sap.com\/latinamerica\/wp-json\/wp\/v2\/comments?post=125038"}],"version-history":[{"count":0,"href":"https:\/\/news.sap.com\/latinamerica\/wp-json\/wp\/v2\/posts\/125038\/revisions"}],"wp:featuredmedia":[{"embeddable":true,"href":"https:\/\/news.sap.com\/latinamerica\/wp-json\/wp\/v2\/media\/125046"}],"wp:attachment":[{"href":"https:\/\/news.sap.com\/latinamerica\/wp-json\/wp\/v2\/media?parent=125038"}],"wp:term":[{"taxonomy":"category","embeddable":true,"href":"https:\/\/news.sap.com\/latinamerica\/wp-json\/wp\/v2\/categories?post=125038"},{"taxonomy":"post_tag","embeddable":true,"href":"https:\/\/news.sap.com\/latinamerica\/wp-json\/wp\/v2\/tags?post=125038"},{"taxonomy":"series","embeddable":true,"href":"https:\/\/news.sap.com\/latinamerica\/wp-json\/wp\/v2\/series?post=125038"},{"taxonomy":"region","embeddable":true,"href":"https:\/\/news.sap.com\/latinamerica\/wp-json\/wp\/v2\/region?post=125038"},{"taxonomy":"sapn-display","embeddable":true,"href":"https:\/\/news.sap.com\/latinamerica\/wp-json\/wp\/v2\/sapn-display?post=125038"},{"taxonomy":"sapn-type","embeddable":true,"href":"https:\/\/news.sap.com\/latinamerica\/wp-json\/wp\/v2\/sapn-type?post=125038"}],"curies":[{"name":"wp","href":"https:\/\/api.w.org\/{rel}","templated":true}]}}