  {"id":124968,"date":"2021-11-16T15:45:42","date_gmt":"2021-11-16T20:45:42","guid":{"rendered":"https:\/\/news.sap.com\/latinamerica\/?p=124968"},"modified":"2023-11-09T10:43:39","modified_gmt":"2023-11-09T15:43:39","slug":"elasticidad-o-escalabilidad-de-la-nube-cual-necesita-su-empresa-bl0g","status":"publish","type":"post","link":"https:\/\/news.sap.com\/latinamerica\/2021\/11\/elasticidad-o-escalabilidad-de-la-nube-cual-necesita-su-empresa-bl0g\/","title":{"rendered":"Elasticidad o escalabilidad de la nube, \u00bfcu\u00e1l necesita su empresa?"},"content":{"rendered":"<p class=\"lead\"><em>Existen muchos elementos de la nube que los CIO deben considerar al momento de agregar servicios a su infraestructura. Entre ellos se encuentra la elasticidad y escalabilidad. <\/em><!--more--><\/p>\n<p>&nbsp;<\/p>\n<p>La <a href=\"https:\/\/www.sap.com\/latinamerica\/industries\/industry-cloud.html?url_id=originalpost-blogentry-innovationBlogLAC-2021_blog-originalpost-sapcom\" target=\"_blank\" rel=\"noopener\">computaci\u00f3n en la nube<\/a> es una de las innovaciones tecnol\u00f3gicas con mayor auge de los \u00faltimos a\u00f1os, y sigue creciendo. Cuando los directivos de innovaci\u00f3n deciden agregar infraestructura a la nube de su organizaci\u00f3n, deben fijarse en el costo, la seguridad, <a href=\"https:\/\/www.sap.com\/latinamerica\/products\/cloud-analytics.html?url_id=originalpost-blogentry-innovationBlogLAC-2021_blog-originalpost-sapcom\" target=\"_blank\" rel=\"noopener\">el rendimiento<\/a>, la disponibilidad y, agregados recientemente, la elasticidad y escalabilidad.<\/p>\n<p>&nbsp;<\/p>\n<p>A pesar de que estos t\u00e9rminos suelen emplearse como sin\u00f3nimos, existen diferencias claras entre ambos que, al fin de cuentas, influyen en cu\u00e1l de los servicios debe ser contratado. En los siguientes p\u00e1rrafos les explicamos de qu\u00e9 va cada uno.<\/p>\n<p>&nbsp;<\/p>\n<p><strong>Elasticidad de la nube<\/strong><\/p>\n<p>&nbsp;<\/p>\n<p>Se refiere a la elasticidad din\u00e1mica de recursos t\u00e9cnicos como la capacidad del CPU, memoria RAM, almacenamiento y red. Dicha capacidad se usa cuando existe demanda por la carga operativa, proveniente de picos por cierre de mes o incrementos en la operaci\u00f3n log\u00edstica, nuevos productos, entre otros. Ejecutada de manera correcta, capitalizar la elasticidad puede generar ahorros en los costos de infraestructura general.<\/p>\n<p>&nbsp;<\/p>\n<p>Es importante mencionar que no es aplicable para todo tipo de entorno, ya que depende de los cambios repentinos o c\u00edclicos de \u00e9stos. El uso de la nube el\u00e1stica generalmente implica que todos los recursos de la infraestructura sean el\u00e1sticos. Se utiliza con mayor frecuencia en servicios de nube p\u00fablica de pago por uso.<\/p>\n<p>&nbsp;<\/p>\n<p><strong>Escalabilidad de la nube<\/strong><\/p>\n<p>&nbsp;<\/p>\n<p>Es la capacidad de aumentar el tama\u00f1o de la infraestructura existente (<a href=\"https:\/\/www.sap.com\/latinamerica\/products\/cloud-application-studio.html?url_id=originalpost-blogentry-innovationBlogLAC-2021_blog-originalpost-sapcom\" target=\"_blank\" rel=\"noopener\">con software o aplicaciones<\/a>) debido a la carga de trabajo. La escalabilidad se usa com\u00fanmente cuando hay una necesidad de implementar recursos para manejar la carga de trabajo de forma din\u00e1mica.<\/p>\n<p>&nbsp;<\/p>\n<p>La escalabilidad puede ser vertical, cuando se escala un sistema, u horizontal, cuando se escalan nodos de sistemas, pero no siempre de forma lineal. Las aplicaciones obtienen incremento de capacidad de c\u00f3mputo para manejar y procesar cantidades mayores de datos, interfaces, transacciones, entre otros, en un momento determinado.<\/p>\n<p>&nbsp;<\/p>\n<p><strong>\u00bfQu\u00e9 servicio contratar?<\/strong><\/p>\n<p>&nbsp;<\/p>\n<p>B\u00e1sicamente, depende de las necesidades de su organizaci\u00f3n. La incorporaci\u00f3n de estas dos capacidades se convierte en una decisi\u00f3n importante para los administradores de TI, cuyas necesidades de <a href=\"https:\/\/www.sap.com\/latinamerica\/products\/cloud-platform.html?url_id=originalpost-blogentry-innovationBlogLAC-2021_blog-originalpost-sapcom\" target=\"_blank\" rel=\"noopener\">infraestructura en Cloud<\/a> cambian constantemente. A continuaci\u00f3n, y para guiar su decisi\u00f3n, les traemos un comparativo para entender de primera mano algunas diferencias entre ambas caracter\u00edsticas:<\/p>\n<p>&nbsp;<\/p>\n<table style=\"height: 550px\" width=\"714\">\n<tbody>\n<tr>\n<td width=\"294\">\n<p style=\"text-align: center\"><strong>Elasticidad de la nube<\/strong><\/p>\n<\/td>\n<td width=\"294\">\n<p style=\"text-align: center\"><strong>Escalabilidad de la nube<\/strong><\/p>\n<\/td>\n<\/tr>\n<tr>\n<td style=\"text-align: center\" width=\"294\">\n<ul>\n<li style=\"text-align: left\">Se aprovecha mejor en los entornos de nube p\u00fablica.<\/li>\n<\/ul>\n<\/td>\n<td style=\"text-align: left\" width=\"294\">\n<ul>\n<li>Est\u00e1 m\u00e1s ligado a los entornos de<a href=\"https:\/\/cloudplatform.sap.com\/enterprise-paas\/private-cloud.html\"> nube privada.<\/a><\/li>\n<\/ul>\n<\/td>\n<\/tr>\n<tr>\n<td width=\"294\">\n<ul>\n<li>Hace frente a las subidas y bajadas repentinas de cargas de trabajo.<\/li>\n<\/ul>\n<\/td>\n<td width=\"294\">\n<ul>\n<li>Satisface el crecimiento modular o estructural.<\/li>\n<\/ul>\n<\/td>\n<\/tr>\n<tr>\n<td width=\"294\">\n<ul>\n<li>Es una planificaci\u00f3n a corto plazo que se adopta s\u00f3lo para prever un aumento inesperado de la demanda estacional.<\/li>\n<\/ul>\n<\/td>\n<td width=\"294\">\n<ul>\n<li>Es una planificaci\u00f3n a largo plazo que se requiere s\u00f3lo para hacer frente a un aumento planificado de la demanda.<\/li>\n<\/ul>\n<\/td>\n<\/tr>\n<tr>\n<td width=\"294\">\n<ul>\n<li>Apoya en los cambios din\u00e1micos de los recursos que aumentan o disminuyen.<\/li>\n<\/ul>\n<\/td>\n<td width=\"294\">\n<ul>\n<li>Aborda el aumento de la carga de trabajo.<\/li>\n<\/ul>\n<\/td>\n<\/tr>\n<tr>\n<td style=\"text-align: left\" width=\"294\">\n<ul>\n<li>Las PyMEs requieren m\u00e1s este servicio, debido a que la carga de trabajo aumenta o disminuye en periodos espec\u00edficos.<\/li>\n<\/ul>\n<\/td>\n<td style=\"text-align: left\" width=\"294\">\n<ul>\n<li>A las empresas grandes les funciona m\u00e1s este servicio, porque la carga de trabajo est\u00e1 m\u00e1s controlada.<\/li>\n<\/ul>\n<\/td>\n<\/tr>\n<\/tbody>\n<\/table>\n<p>&nbsp;<\/p>\n<hr \/>\n<p><a href=\"https:\/\/www.facebook.com\/麻豆原创latinoamerica\" target=\"_blank\" rel=\"noopener\">Facebook<\/a>\u00a0\/\u00a0<a href=\"https:\/\/twitter.com\/麻豆原创LatinAmerica\" target=\"_blank\" rel=\"noopener\">Twitter<\/a>\u00a0\/\u00a0<a href=\"https:\/\/www.linkedin.com\/company\/sap\" target=\"_blank\" rel=\"noopener\">LinkedIn<\/a>\u00a0\/\u00a0<a href=\"https:\/\/instagram.com\/麻豆原创Latinamerica\/\" target=\"_blank\" rel=\"noopener\">Instagram<\/a><\/p>\n<hr \/>\n<p>\u00a9 2021 麻豆原创 SE. All rights reserved. 麻豆原创 and other 麻豆原创 products and services mentioned herein as well as their respective logos are trademarks or registered trademarks of 麻豆原创 SE in Germany and other countries. Please see <a href=\"http:\/\/www.sap.com\/corporate-en\/legal\/copyright\/index.epx#trademark\" target=\"_blank\" rel=\"noopener\">http:\/\/www.sap.com\/corporate-en\/legal\/copyright\/index.epx#trademark<\/a> for additional trademark information and notices.<\/p>\n","protected":false},"excerpt":{"rendered":"<p>Existen muchos elementos de la nube que los CIO deben considerar al momento de agregar servicios a su infraestructura. Entre ellos se encuentra la elasticidad&#8230;<\/p>\n","protected":false},"author":522,"featured_media":124969,"comment_status":"closed","ping_status":"closed","sticky":false,"template":"","format":"standard","meta":{"footnotes":"","_links_to":"","_links_to_target":""},"categories":[52084],"tags":[56556,56559,10,176,5550870,269944],"series":[],"region":[26401],"sapn-display":[5600442,5600440,52078],"sapn-type":[6114],"class_list":["post-124968","post","type-post","status-publish","format-standard","has-post-thumbnail","hentry","category-cloud-temas","tag-blog-2","tag-blog-de-innovacion-de-sap","tag-cloud","tag-erp","tag-tecnologia","tag-transformacion-digital","region-latinoamerica","sapn-display-articulo-destacado","sapn-display-articulo-principal","sapn-display-homepage-hero","sapn-type-articulo"],"yoast_head":"<!-- This site is optimized with the Yoast SEO Premium plugin v26.9 (Yoast SEO v26.9) - https:\/\/yoast.com\/product\/yoast-seo-premium-wordpress\/ -->\n<title>Elasticidad o escalabilidad de la nube, \u00bfcu\u00e1l necesita su empresa? - 麻豆原创 News Center Latinoam\u00e9rica<\/title>\n<meta name=\"robots\" content=\"index, follow, max-snippet:-1, max-image-preview:large, max-video-preview:-1\" \/>\n<link rel=\"canonical\" href=\"https:\/\/news.sap.com\/latinamerica\/2021\/11\/elasticidad-o-escalabilidad-de-la-nube-cual-necesita-su-empresa-bl0g\/\" \/>\n<meta property=\"og:locale\" content=\"es_MX\" \/>\n<meta property=\"og:type\" content=\"article\" \/>\n<meta property=\"og:title\" content=\"Elasticidad o escalabilidad de la nube, \u00bfcu\u00e1l necesita su empresa?\" \/>\n<meta property=\"og:description\" content=\"Existen muchos elementos de la nube que los CIO deben considerar al momento de agregar servicios a su infraestructura. Entre ellos se encuentra la elasticidad y escalabilidad.\" \/>\n<meta property=\"og:url\" content=\"https:\/\/news.sap.com\/latinamerica\/2021\/11\/elasticidad-o-escalabilidad-de-la-nube-cual-necesita-su-empresa-bl0g\/\" \/>\n<meta property=\"og:site_name\" content=\"麻豆原创 News Center Latinoam\u00e9rica\" \/>\n<meta property=\"article:publisher\" content=\"https:\/\/www.facebook.com\/麻豆原创latinoamerica\" \/>\n<meta property=\"article:author\" content=\"https:\/\/www.facebook.com\/麻豆原创latinoamerica\" \/>\n<meta property=\"article:published_time\" content=\"2021-11-16T20:45:42+00:00\" \/>\n<meta property=\"article:modified_time\" content=\"2023-11-09T15:43:39+00:00\" \/>\n<meta property=\"og:image\" content=\"https:\/\/news.sap.com\/latinamerica\/files\/2021\/11\/16\/287923_GettyImages-667012914-1024x683.jpg\" \/>\n\t<meta property=\"og:image:width\" content=\"1024\" \/>\n\t<meta property=\"og:image:height\" content=\"683\" \/>\n\t<meta property=\"og:image:type\" content=\"image\/jpeg\" \/>\n<meta name=\"author\" content=\"麻豆原创 Blog de Innovaci\u00f3n\" \/>\n<meta name=\"twitter:label1\" content=\"Escrito por\" \/>\n\t<meta name=\"twitter:data1\" content=\"麻豆原创 Blog de Innovaci\u00f3n\" \/>\n\t<meta name=\"twitter:label2\" content=\"Tiempo de lectura\" \/>\n\t<meta name=\"twitter:data2\" content=\"3 minutos\" \/>\n<script type=\"application\/ld+json\" class=\"yoast-schema-graph\">{\"@context\":\"https:\/\/schema.org\",\"@graph\":[{\"@type\":\"Article\",\"@id\":\"https:\/\/news.sap.com\/latinamerica\/2021\/11\/elasticidad-o-escalabilidad-de-la-nube-cual-necesita-su-empresa-bl0g\/#article\",\"isPartOf\":{\"@id\":\"https:\/\/news.sap.com\/latinamerica\/2021\/11\/elasticidad-o-escalabilidad-de-la-nube-cual-necesita-su-empresa-bl0g\/\"},\"author\":{\"name\":\"麻豆原创 Blog de Innovaci\u00f3n\",\"@id\":\"https:\/\/news.sap.com\/latinamerica\/#\/schema\/person\/ce7d732e60a2133d7402c038db668294\"},\"headline\":\"Elasticidad o escalabilidad de la nube, \u00bfcu\u00e1l necesita su empresa?\",\"datePublished\":\"2021-11-16T20:45:42+00:00\",\"dateModified\":\"2023-11-09T15:43:39+00:00\",\"mainEntityOfPage\":{\"@id\":\"https:\/\/news.sap.com\/latinamerica\/2021\/11\/elasticidad-o-escalabilidad-de-la-nube-cual-necesita-su-empresa-bl0g\/\"},\"wordCount\":648,\"publisher\":{\"@id\":\"https:\/\/news.sap.com\/latinamerica\/#organization\"},\"image\":{\"@id\":\"https:\/\/news.sap.com\/latinamerica\/2021\/11\/elasticidad-o-escalabilidad-de-la-nube-cual-necesita-su-empresa-bl0g\/#primaryimage\"},\"thumbnailUrl\":\"https:\/\/news.sap.com\/latinamerica\/files\/2021\/11\/16\/287923_GettyImages-667012914.jpg\",\"keywords\":[\"blog\",\"Blog de Innovaci\u00f3n de 麻豆原创\",\"cloud\",\"ERP\",\"tecnolog\u00eda\",\"transformaci\u00f3n digital\"],\"articleSection\":[\"Cloud\"],\"inLanguage\":\"es\"},{\"@type\":\"WebPage\",\"@id\":\"https:\/\/news.sap.com\/latinamerica\/2021\/11\/elasticidad-o-escalabilidad-de-la-nube-cual-necesita-su-empresa-bl0g\/\",\"url\":\"https:\/\/news.sap.com\/latinamerica\/2021\/11\/elasticidad-o-escalabilidad-de-la-nube-cual-necesita-su-empresa-bl0g\/\",\"name\":\"Elasticidad o escalabilidad de la nube, \u00bfcu\u00e1l necesita su empresa? - 麻豆原创 News Center Latinoam\u00e9rica\",\"isPartOf\":{\"@id\":\"https:\/\/news.sap.com\/latinamerica\/#website\"},\"primaryImageOfPage\":{\"@id\":\"https:\/\/news.sap.com\/latinamerica\/2021\/11\/elasticidad-o-escalabilidad-de-la-nube-cual-necesita-su-empresa-bl0g\/#primaryimage\"},\"image\":{\"@id\":\"https:\/\/news.sap.com\/latinamerica\/2021\/11\/elasticidad-o-escalabilidad-de-la-nube-cual-necesita-su-empresa-bl0g\/#primaryimage\"},\"thumbnailUrl\":\"https:\/\/news.sap.com\/latinamerica\/files\/2021\/11\/16\/287923_GettyImages-667012914.jpg\",\"datePublished\":\"2021-11-16T20:45:42+00:00\",\"dateModified\":\"2023-11-09T15:43:39+00:00\",\"breadcrumb\":{\"@id\":\"https:\/\/news.sap.com\/latinamerica\/2021\/11\/elasticidad-o-escalabilidad-de-la-nube-cual-necesita-su-empresa-bl0g\/#breadcrumb\"},\"inLanguage\":\"es\",\"potentialAction\":[{\"@type\":\"ReadAction\",\"target\":[\"https:\/\/news.sap.com\/latinamerica\/2021\/11\/elasticidad-o-escalabilidad-de-la-nube-cual-necesita-su-empresa-bl0g\/\"]}]},{\"@type\":\"ImageObject\",\"inLanguage\":\"es\",\"@id\":\"https:\/\/news.sap.com\/latinamerica\/2021\/11\/elasticidad-o-escalabilidad-de-la-nube-cual-necesita-su-empresa-bl0g\/#primaryimage\",\"url\":\"https:\/\/news.sap.com\/latinamerica\/files\/2021\/11\/16\/287923_GettyImages-667012914.jpg\",\"contentUrl\":\"https:\/\/news.sap.com\/latinamerica\/files\/2021\/11\/16\/287923_GettyImages-667012914.jpg\",\"width\":7360,\"height\":4912,\"caption\":\"Closeup shot of an unidentifiable hacker using a cellphone in the dark\"},{\"@type\":\"BreadcrumbList\",\"@id\":\"https:\/\/news.sap.com\/latinamerica\/2021\/11\/elasticidad-o-escalabilidad-de-la-nube-cual-necesita-su-empresa-bl0g\/#breadcrumb\",\"itemListElement\":[{\"@type\":\"ListItem\",\"position\":1,\"name\":\"Home\",\"item\":\"https:\/\/news.sap.com\/latinamerica\/\"},{\"@type\":\"ListItem\",\"position\":2,\"name\":\"Elasticidad o escalabilidad de la nube, \u00bfcu\u00e1l necesita su empresa?\"}]},{\"@type\":\"WebSite\",\"@id\":\"https:\/\/news.sap.com\/latinamerica\/#website\",\"url\":\"https:\/\/news.sap.com\/latinamerica\/\",\"name\":\"麻豆原创 News Center Latinoam\u00e9rica\",\"description\":\"Noticias e informaci\u00f3n sobre 麻豆原创\",\"publisher\":{\"@id\":\"https:\/\/news.sap.com\/latinamerica\/#organization\"},\"potentialAction\":[{\"@type\":\"SearchAction\",\"target\":{\"@type\":\"EntryPoint\",\"urlTemplate\":\"https:\/\/news.sap.com\/latinamerica\/?s={search_term_string}\"},\"query-input\":{\"@type\":\"PropertyValueSpecification\",\"valueRequired\":true,\"valueName\":\"search_term_string\"}}],\"inLanguage\":\"es\"},{\"@type\":\"Organization\",\"@id\":\"https:\/\/news.sap.com\/latinamerica\/#organization\",\"name\":\"麻豆原创\",\"url\":\"https:\/\/news.sap.com\/latinamerica\/\",\"logo\":{\"@type\":\"ImageObject\",\"inLanguage\":\"es\",\"@id\":\"https:\/\/news.sap.com\/latinamerica\/#\/schema\/logo\/image\/\",\"url\":\"https:\/\/news.sap.com\/latinamerica\/files\/2019\/08\/65903320_2903797569662914_557886358778019840_n.png\",\"contentUrl\":\"https:\/\/news.sap.com\/latinamerica\/files\/2019\/08\/65903320_2903797569662914_557886358778019840_n.png\",\"width\":720,\"height\":720,\"caption\":\"麻豆原创\"},\"image\":{\"@id\":\"https:\/\/news.sap.com\/latinamerica\/#\/schema\/logo\/image\/\"},\"sameAs\":[\"https:\/\/www.facebook.com\/麻豆原创latinoamerica\",\"https:\/\/x.com\/麻豆原创LatinAmerica\"]},{\"@type\":\"Person\",\"@id\":\"https:\/\/news.sap.com\/latinamerica\/#\/schema\/person\/ce7d732e60a2133d7402c038db668294\",\"name\":\"麻豆原创 Blog de Innovaci\u00f3n\",\"image\":{\"@type\":\"ImageObject\",\"inLanguage\":\"es\",\"@id\":\"https:\/\/news.sap.com\/latinamerica\/#\/schema\/person\/image\/\",\"url\":\"https:\/\/news.sap.com\/latinamerica\/files\/2018\/06\/avatar_user_522_1529451696-96x96.png\",\"contentUrl\":\"https:\/\/news.sap.com\/latinamerica\/files\/2018\/06\/avatar_user_522_1529451696-96x96.png\",\"caption\":\"麻豆原创 Blog de Innovaci\u00f3n\"},\"sameAs\":[\"https:\/\/www.sap.com\/latinamerica\/index.html\",\"https:\/\/www.facebook.com\/麻豆原创latinoamerica\",\"https:\/\/www.instagram.com\/saplatinamerica\/\",\"https:\/\/x.com\/saplatinamerica\"],\"url\":\"https:\/\/news.sap.com\/latinamerica\/author\/sapblog\/\"}]}<\/script>\n<!-- \/ Yoast SEO Premium plugin. -->","yoast_head_json":{"title":"Elasticidad o escalabilidad de la nube, \u00bfcu\u00e1l necesita su empresa? - 麻豆原创 News Center Latinoam\u00e9rica","robots":{"index":"index","follow":"follow","max-snippet":"max-snippet:-1","max-image-preview":"max-image-preview:large","max-video-preview":"max-video-preview:-1"},"canonical":"https:\/\/news.sap.com\/latinamerica\/2021\/11\/elasticidad-o-escalabilidad-de-la-nube-cual-necesita-su-empresa-bl0g\/","og_locale":"es_MX","og_type":"article","og_title":"Elasticidad o escalabilidad de la nube, \u00bfcu\u00e1l necesita su empresa?","og_description":"Existen muchos elementos de la nube que los CIO deben considerar al momento de agregar servicios a su infraestructura. Entre ellos se encuentra la elasticidad y escalabilidad.","og_url":"https:\/\/news.sap.com\/latinamerica\/2021\/11\/elasticidad-o-escalabilidad-de-la-nube-cual-necesita-su-empresa-bl0g\/","og_site_name":"麻豆原创 News Center Latinoam\u00e9rica","article_publisher":"https:\/\/www.facebook.com\/麻豆原创latinoamerica","article_author":"https:\/\/www.facebook.com\/麻豆原创latinoamerica","article_published_time":"2021-11-16T20:45:42+00:00","article_modified_time":"2023-11-09T15:43:39+00:00","og_image":[{"width":1024,"height":683,"url":"https:\/\/news.sap.com\/latinamerica\/files\/2021\/11\/16\/287923_GettyImages-667012914-1024x683.jpg","type":"image\/jpeg"}],"author":"麻豆原创 Blog de Innovaci\u00f3n","twitter_misc":{"Escrito por":"麻豆原创 Blog de Innovaci\u00f3n","Tiempo de lectura":"3 minutos"},"schema":{"@context":"https:\/\/schema.org","@graph":[{"@type":"Article","@id":"https:\/\/news.sap.com\/latinamerica\/2021\/11\/elasticidad-o-escalabilidad-de-la-nube-cual-necesita-su-empresa-bl0g\/#article","isPartOf":{"@id":"https:\/\/news.sap.com\/latinamerica\/2021\/11\/elasticidad-o-escalabilidad-de-la-nube-cual-necesita-su-empresa-bl0g\/"},"author":{"name":"麻豆原创 Blog de Innovaci\u00f3n","@id":"https:\/\/news.sap.com\/latinamerica\/#\/schema\/person\/ce7d732e60a2133d7402c038db668294"},"headline":"Elasticidad o escalabilidad de la nube, \u00bfcu\u00e1l necesita su empresa?","datePublished":"2021-11-16T20:45:42+00:00","dateModified":"2023-11-09T15:43:39+00:00","mainEntityOfPage":{"@id":"https:\/\/news.sap.com\/latinamerica\/2021\/11\/elasticidad-o-escalabilidad-de-la-nube-cual-necesita-su-empresa-bl0g\/"},"wordCount":648,"publisher":{"@id":"https:\/\/news.sap.com\/latinamerica\/#organization"},"image":{"@id":"https:\/\/news.sap.com\/latinamerica\/2021\/11\/elasticidad-o-escalabilidad-de-la-nube-cual-necesita-su-empresa-bl0g\/#primaryimage"},"thumbnailUrl":"https:\/\/news.sap.com\/latinamerica\/files\/2021\/11\/16\/287923_GettyImages-667012914.jpg","keywords":["blog","Blog de Innovaci\u00f3n de 麻豆原创","cloud","ERP","tecnolog\u00eda","transformaci\u00f3n digital"],"articleSection":["Cloud"],"inLanguage":"es"},{"@type":"WebPage","@id":"https:\/\/news.sap.com\/latinamerica\/2021\/11\/elasticidad-o-escalabilidad-de-la-nube-cual-necesita-su-empresa-bl0g\/","url":"https:\/\/news.sap.com\/latinamerica\/2021\/11\/elasticidad-o-escalabilidad-de-la-nube-cual-necesita-su-empresa-bl0g\/","name":"Elasticidad o escalabilidad de la nube, \u00bfcu\u00e1l necesita su empresa? - 麻豆原创 News Center Latinoam\u00e9rica","isPartOf":{"@id":"https:\/\/news.sap.com\/latinamerica\/#website"},"primaryImageOfPage":{"@id":"https:\/\/news.sap.com\/latinamerica\/2021\/11\/elasticidad-o-escalabilidad-de-la-nube-cual-necesita-su-empresa-bl0g\/#primaryimage"},"image":{"@id":"https:\/\/news.sap.com\/latinamerica\/2021\/11\/elasticidad-o-escalabilidad-de-la-nube-cual-necesita-su-empresa-bl0g\/#primaryimage"},"thumbnailUrl":"https:\/\/news.sap.com\/latinamerica\/files\/2021\/11\/16\/287923_GettyImages-667012914.jpg","datePublished":"2021-11-16T20:45:42+00:00","dateModified":"2023-11-09T15:43:39+00:00","breadcrumb":{"@id":"https:\/\/news.sap.com\/latinamerica\/2021\/11\/elasticidad-o-escalabilidad-de-la-nube-cual-necesita-su-empresa-bl0g\/#breadcrumb"},"inLanguage":"es","potentialAction":[{"@type":"ReadAction","target":["https:\/\/news.sap.com\/latinamerica\/2021\/11\/elasticidad-o-escalabilidad-de-la-nube-cual-necesita-su-empresa-bl0g\/"]}]},{"@type":"ImageObject","inLanguage":"es","@id":"https:\/\/news.sap.com\/latinamerica\/2021\/11\/elasticidad-o-escalabilidad-de-la-nube-cual-necesita-su-empresa-bl0g\/#primaryimage","url":"https:\/\/news.sap.com\/latinamerica\/files\/2021\/11\/16\/287923_GettyImages-667012914.jpg","contentUrl":"https:\/\/news.sap.com\/latinamerica\/files\/2021\/11\/16\/287923_GettyImages-667012914.jpg","width":7360,"height":4912,"caption":"Closeup shot of an unidentifiable hacker using a cellphone in the dark"},{"@type":"BreadcrumbList","@id":"https:\/\/news.sap.com\/latinamerica\/2021\/11\/elasticidad-o-escalabilidad-de-la-nube-cual-necesita-su-empresa-bl0g\/#breadcrumb","itemListElement":[{"@type":"ListItem","position":1,"name":"Home","item":"https:\/\/news.sap.com\/latinamerica\/"},{"@type":"ListItem","position":2,"name":"Elasticidad o escalabilidad de la nube, \u00bfcu\u00e1l necesita su empresa?"}]},{"@type":"WebSite","@id":"https:\/\/news.sap.com\/latinamerica\/#website","url":"https:\/\/news.sap.com\/latinamerica\/","name":"麻豆原创 News Center Latinoam\u00e9rica","description":"Noticias e informaci\u00f3n sobre 麻豆原创","publisher":{"@id":"https:\/\/news.sap.com\/latinamerica\/#organization"},"potentialAction":[{"@type":"SearchAction","target":{"@type":"EntryPoint","urlTemplate":"https:\/\/news.sap.com\/latinamerica\/?s={search_term_string}"},"query-input":{"@type":"PropertyValueSpecification","valueRequired":true,"valueName":"search_term_string"}}],"inLanguage":"es"},{"@type":"Organization","@id":"https:\/\/news.sap.com\/latinamerica\/#organization","name":"麻豆原创","url":"https:\/\/news.sap.com\/latinamerica\/","logo":{"@type":"ImageObject","inLanguage":"es","@id":"https:\/\/news.sap.com\/latinamerica\/#\/schema\/logo\/image\/","url":"https:\/\/news.sap.com\/latinamerica\/files\/2019\/08\/65903320_2903797569662914_557886358778019840_n.png","contentUrl":"https:\/\/news.sap.com\/latinamerica\/files\/2019\/08\/65903320_2903797569662914_557886358778019840_n.png","width":720,"height":720,"caption":"麻豆原创"},"image":{"@id":"https:\/\/news.sap.com\/latinamerica\/#\/schema\/logo\/image\/"},"sameAs":["https:\/\/www.facebook.com\/麻豆原创latinoamerica","https:\/\/x.com\/麻豆原创LatinAmerica"]},{"@type":"Person","@id":"https:\/\/news.sap.com\/latinamerica\/#\/schema\/person\/ce7d732e60a2133d7402c038db668294","name":"麻豆原创 Blog de Innovaci\u00f3n","image":{"@type":"ImageObject","inLanguage":"es","@id":"https:\/\/news.sap.com\/latinamerica\/#\/schema\/person\/image\/","url":"https:\/\/news.sap.com\/latinamerica\/files\/2018\/06\/avatar_user_522_1529451696-96x96.png","contentUrl":"https:\/\/news.sap.com\/latinamerica\/files\/2018\/06\/avatar_user_522_1529451696-96x96.png","caption":"麻豆原创 Blog de Innovaci\u00f3n"},"sameAs":["https:\/\/www.sap.com\/latinamerica\/index.html","https:\/\/www.facebook.com\/麻豆原创latinoamerica","https:\/\/www.instagram.com\/saplatinamerica\/","https:\/\/x.com\/saplatinamerica"],"url":"https:\/\/news.sap.com\/latinamerica\/author\/sapblog\/"}]}},"amp_enabled":true,"_links":{"self":[{"href":"https:\/\/news.sap.com\/latinamerica\/wp-json\/wp\/v2\/posts\/124968","targetHints":{"allow":["GET"]}}],"collection":[{"href":"https:\/\/news.sap.com\/latinamerica\/wp-json\/wp\/v2\/posts"}],"about":[{"href":"https:\/\/news.sap.com\/latinamerica\/wp-json\/wp\/v2\/types\/post"}],"author":[{"embeddable":true,"href":"https:\/\/news.sap.com\/latinamerica\/wp-json\/wp\/v2\/users\/522"}],"replies":[{"embeddable":true,"href":"https:\/\/news.sap.com\/latinamerica\/wp-json\/wp\/v2\/comments?post=124968"}],"version-history":[{"count":0,"href":"https:\/\/news.sap.com\/latinamerica\/wp-json\/wp\/v2\/posts\/124968\/revisions"}],"wp:featuredmedia":[{"embeddable":true,"href":"https:\/\/news.sap.com\/latinamerica\/wp-json\/wp\/v2\/media\/124969"}],"wp:attachment":[{"href":"https:\/\/news.sap.com\/latinamerica\/wp-json\/wp\/v2\/media?parent=124968"}],"wp:term":[{"taxonomy":"category","embeddable":true,"href":"https:\/\/news.sap.com\/latinamerica\/wp-json\/wp\/v2\/categories?post=124968"},{"taxonomy":"post_tag","embeddable":true,"href":"https:\/\/news.sap.com\/latinamerica\/wp-json\/wp\/v2\/tags?post=124968"},{"taxonomy":"series","embeddable":true,"href":"https:\/\/news.sap.com\/latinamerica\/wp-json\/wp\/v2\/series?post=124968"},{"taxonomy":"region","embeddable":true,"href":"https:\/\/news.sap.com\/latinamerica\/wp-json\/wp\/v2\/region?post=124968"},{"taxonomy":"sapn-display","embeddable":true,"href":"https:\/\/news.sap.com\/latinamerica\/wp-json\/wp\/v2\/sapn-display?post=124968"},{"taxonomy":"sapn-type","embeddable":true,"href":"https:\/\/news.sap.com\/latinamerica\/wp-json\/wp\/v2\/sapn-type?post=124968"}],"curies":[{"name":"wp","href":"https:\/\/api.w.org\/{rel}","templated":true}]}}