  {"id":124931,"date":"2021-11-08T12:11:47","date_gmt":"2021-11-08T17:11:47","guid":{"rendered":"https:\/\/news.sap.com\/latinamerica\/?p=124931"},"modified":"2023-11-09T10:43:41","modified_gmt":"2023-11-09T15:43:41","slug":"estamos-preparados-para-los-dias-sin-impuestos-cyberdays-y-blackfridays","status":"publish","type":"post","link":"https:\/\/news.sap.com\/latinamerica\/2021\/11\/estamos-preparados-para-los-dias-sin-impuestos-cyberdays-y-blackfridays\/","title":{"rendered":"\u00bfEstamos preparados para los d\u00edas sin impuestos, \u201ccyberdays\u201d y \u201cblackfridays\u201d?"},"content":{"rendered":"<p class=\"lead\"><em>Durante los d\u00edas en los que las personas estuvieron obligadas a permanecer en sus hogares, se dispararon de forma exponencial las compras por internet, trayendo grandes retos al comercio para poder atender esta demanda. Estos retos fueron evidentes en diferentes puntos del proceso de ventas, desde el momento de la compra por parte del consumidor, la entrega de los diferentes productos y el manejo de reclamos por diferentes motivos: demoras en la entrega, defectos en los productos y muchos m\u00e1s.<\/em><\/p>\n<p><!--more--><\/p>\n<p>&nbsp;<\/p>\n<p>Al d\u00eda de hoy la situaci\u00f3n ha mejorado y el sector econ\u00f3mico en Am\u00e9rica Latina y el Caribe est\u00e1 mostrando indicadores mas favorables, seg\u00fan <strong><a href=\"https:\/\/news.un.org\/es\/story\/2021\/08\/1496132\" target=\"_blank\" rel=\"noopener\">Naciones Unidas<\/a> la econom\u00eda regional tiene una proyecci\u00f3n de crecimiento del 5,9% para el 2021 pero con una desaceleraci\u00f3n en 2022<\/strong>.<\/p>\n<p>&nbsp;<\/p>\n<p>Esto representa nuevos retos y oportunidades en el sector comercial para contrarrestar esa desaceleraci\u00f3n.<\/p>\n<p>Son muchas las estrategias comerciales que diferentes establecimientos vienen promoviendo para hacer frente a la reactivaci\u00f3n econ\u00f3mica en la era post pandemia. Algunas de ellas han sido replicadas de ideas que nacieron en pa\u00edses como Estados Unidos y se adaptan f\u00e1cilmente a los mercados latinoamericanos. Estos d\u00edas comerciales que se caracterizan por manejar promociones especiales, precios sin el impuesto a las ventas, ofrecen precios a\u00fan m\u00e1s c\u00f3modos para los consumidores que hacen sus compras por medio de canales digitales, en comparaci\u00f3n a los precios que si ofrecen en tiendas f\u00edsicas.<\/p>\n<p>&nbsp;<\/p>\n<p>Afortunadamente muchas empresas aprovecharon la coyuntura para hacer frente a la demanda generada en los canales digitales, e hicieron inversiones importantes para abordar proyectos de transformaci\u00f3n que permitieran tener un proceso de ventas y distribuci\u00f3n que cubriera las necesidades de los consumidores. A pesar de que la visita a las tiendas f\u00edsicas ha llegado a niveles cercanos a la pre pandemia, a\u00fan existe el temor de muchos a las aglomeraciones y al contagio por lo que prefieren seguir haciendo este tipo de compras en l\u00ednea.<\/p>\n<p>&nbsp;<\/p>\n<h2>De todas formas, con el regreso progresivo a la presencialidad, hablando espec\u00edficamente de compras en centros comerciales, tiendas y supermercados, podemos ver el esfuerzo e inversi\u00f3n que vienen haciendo en los diferentes establecimientos respecto a:<\/h2>\n<ul>\n<li>Aplicaciones: que acompa\u00f1an los clientes seg\u00fan sus gustos, preferencias y ofrecen mejores precios si la compra es en l\u00ednea.<\/li>\n<li>Inversiones en aplicaciones con reconocimiento de im\u00e1genes: para hacer an\u00e1lisis de sentimientos y tener la posibilidad de abordar clientes de mejor forma de acuerdo con su estado de \u00e1nimo.<\/li>\n<li>Cajas de auto pago: que agilizan la compra, evitan aglomeraciones y tener que hacer largas filas especialmente cuando se compran pocos productos.<\/li>\n<\/ul>\n<p>&nbsp;<\/p>\n<p>Por el lado de los consumidores tambi\u00e9n existen retos y oportunidades importantes. La adopci\u00f3n de dispositivos con acceso a Internet viene creciendo, como tambi\u00e9n la confianza en las compras por internet y tecnolog\u00edas como las mencionadas previamente. Un indicador favorable para la dinamizaci\u00f3n econ\u00f3mica y el consumo de bienes y servicios mediante pagos digitales, es que la bancarizaci\u00f3n de las personas viene en aumento. <strong>Aproximadamente el 55% de las personas en Am\u00e9rica Latina est\u00e1n <a href=\"https:\/\/www.eleconomista.com.mx\/sectorfinanciero\/Pandemia-amplio-inclusion-financiera-en-AL-20210728-0111.html\" target=\"_blank\" rel=\"noopener\">bancarizadas<\/a><\/strong>, pero esa cifra es muy baja en comparaci\u00f3n con naciones desarrolladas.<\/p>\n<p>&nbsp;<\/p>\n<p>Tal vez, nunca vamos a estar completamente preparados para todo lo que se viene presentando y se va a presentar, pero se han dado pasos importantes que mejoran la experiencia de los consumidores y permiten dinamizar la econom\u00eda en un momento tan relevante de reactivaci\u00f3n como el que venimos atravesando.<\/p>\n<hr \/>\n<p><em>Fuentes: <\/em><\/p>\n<p><em>Bolet\u00edn ONU<\/em><\/p>\n<p><a href=\"https:\/\/www.eleconomista.com.mx\/sectorfinanciero\/Pandemia-amplio-inclusion-financiera-en-AL-20210728-0111.html\" target=\"_blank\" rel=\"noopener\"><em>Art\u00edculo El Economista<\/em><\/a><\/p>\n<hr \/>\n<p>Conozca m\u00e1s sobre\u00a0\u00a0<a href=\"https:\/\/www.linkedin.com\/in\/jptoledoc\/\" target=\"_blank\" rel=\"noopener\">Juan Pablo Toledo<\/a><\/p>\n<p>Juan Pablo Toledo es Ingeniero de Sistemas graduado de la Escuela Colombiana de Ingenier\u00eda Julio Garavito de Bogot\u00e1 \u2013 Colombia. Posee un MBA con \u00c9nfasis en Project Management de la Escuela Europea de Direcci\u00f3n y Empresa de Espa\u00f1a,\u00a0adem\u00e1s de diferentes certificaciones 麻豆原创. Juan Pablo ha desarrollado m\u00e1s de 16\u00a0a\u00f1os de experiencia en el sector IT con especial \u00e9nfasis en temas de software de 麻豆原创. Ha participado en diferentes proyectos de implementaci\u00f3n y ha trabajado tambi\u00e9n apoyando diferentes l\u00edneas de negocio dentro de 麻豆原创. Actualmente hace parte del\u00a0Centro de Excelencia para 麻豆原创 S\/4HANA Cloud para el Norte de Am\u00e9rica Latina.<\/p>\n","protected":false},"excerpt":{"rendered":"<p>Durante los d\u00edas en los que las personas estuvieron obligadas a permanecer en sus hogares, se dispararon de forma exponencial las compras por internet, trayendo&#8230;<\/p>\n","protected":false},"author":3953,"featured_media":124932,"comment_status":"closed","ping_status":"closed","sticky":false,"template":"","format":"standard","meta":{"footnotes":"","_links_to":"","_links_to_target":""},"categories":[24297],"tags":[56556,56559,5550870,26382,4645354,269944],"series":[],"region":[26401],"sapn-display":[5600442,5600440,52078],"sapn-type":[6114],"class_list":["post-124931","post","type-post","status-publish","format-standard","has-post-thumbnail","hentry","category-tecnologia","tag-blog-2","tag-blog-de-innovacion-de-sap","tag-tecnologia","tag-tendencias","tag-tendencias-digitales","tag-transformacion-digital","region-latinoamerica","sapn-display-articulo-destacado","sapn-display-articulo-principal","sapn-display-homepage-hero","sapn-type-articulo"],"yoast_head":"<!-- This site is optimized with the Yoast SEO Premium plugin v26.9 (Yoast SEO v26.9) - https:\/\/yoast.com\/product\/yoast-seo-premium-wordpress\/ -->\n<title>\u00bfEstamos preparados para los d\u00edas sin impuestos, \u201ccyberdays\u201d y \u201cblackfridays\u201d? - 麻豆原创 News Center Latinoam\u00e9rica<\/title>\n<meta name=\"robots\" content=\"index, follow, max-snippet:-1, max-image-preview:large, max-video-preview:-1\" \/>\n<link rel=\"canonical\" href=\"https:\/\/news.sap.com\/latinamerica\/2021\/11\/estamos-preparados-para-los-dias-sin-impuestos-cyberdays-y-blackfridays\/\" \/>\n<meta property=\"og:locale\" content=\"es_MX\" \/>\n<meta property=\"og:type\" content=\"article\" \/>\n<meta property=\"og:title\" content=\"\u00bfEstamos preparados para los d\u00edas sin impuestos, \u201ccyberdays\u201d y \u201cblackfridays\u201d?\" \/>\n<meta property=\"og:description\" content=\"Durante los d\u00edas en los que las personas estuvieron obligadas a permanecer en sus hogares, se dispararon de forma exponencial las compras por internet, trayendo grandes retos al comercio para poder atender esta demanda.\" \/>\n<meta property=\"og:url\" content=\"https:\/\/news.sap.com\/latinamerica\/2021\/11\/estamos-preparados-para-los-dias-sin-impuestos-cyberdays-y-blackfridays\/\" \/>\n<meta property=\"og:site_name\" content=\"麻豆原创 News Center Latinoam\u00e9rica\" \/>\n<meta property=\"article:publisher\" content=\"https:\/\/www.facebook.com\/麻豆原创latinoamerica\" \/>\n<meta property=\"article:published_time\" content=\"2021-11-08T17:11:47+00:00\" \/>\n<meta property=\"article:modified_time\" content=\"2023-11-09T15:43:41+00:00\" \/>\n<meta property=\"og:image\" content=\"https:\/\/news.sap.com\/latinamerica\/files\/2021\/11\/08\/285204_iStock-507476574-1024x683.jpg\" \/>\n\t<meta property=\"og:image:width\" content=\"1024\" \/>\n\t<meta property=\"og:image:height\" content=\"683\" \/>\n\t<meta property=\"og:image:type\" content=\"image\/jpeg\" \/>\n<meta name=\"author\" content=\"Juan Pablo Toledo\" \/>\n<meta name=\"twitter:label1\" content=\"Escrito por\" \/>\n\t<meta name=\"twitter:data1\" content=\"Juan Pablo Toledo\" \/>\n\t<meta name=\"twitter:label2\" content=\"Tiempo de lectura\" \/>\n\t<meta name=\"twitter:data2\" content=\"4 minutos\" \/>\n<script type=\"application\/ld+json\" class=\"yoast-schema-graph\">{\"@context\":\"https:\/\/schema.org\",\"@graph\":[{\"@type\":\"Article\",\"@id\":\"https:\/\/news.sap.com\/latinamerica\/2021\/11\/estamos-preparados-para-los-dias-sin-impuestos-cyberdays-y-blackfridays\/#article\",\"isPartOf\":{\"@id\":\"https:\/\/news.sap.com\/latinamerica\/2021\/11\/estamos-preparados-para-los-dias-sin-impuestos-cyberdays-y-blackfridays\/\"},\"author\":{\"name\":\"Juan Pablo Toledo\",\"@id\":\"https:\/\/news.sap.com\/latinamerica\/#\/schema\/person\/68434072793bed842047d665ed38307c\"},\"headline\":\"\u00bfEstamos preparados para los d\u00edas sin impuestos, \u201ccyberdays\u201d y \u201cblackfridays\u201d?\",\"datePublished\":\"2021-11-08T17:11:47+00:00\",\"dateModified\":\"2023-11-09T15:43:41+00:00\",\"mainEntityOfPage\":{\"@id\":\"https:\/\/news.sap.com\/latinamerica\/2021\/11\/estamos-preparados-para-los-dias-sin-impuestos-cyberdays-y-blackfridays\/\"},\"wordCount\":739,\"publisher\":{\"@id\":\"https:\/\/news.sap.com\/latinamerica\/#organization\"},\"image\":{\"@id\":\"https:\/\/news.sap.com\/latinamerica\/2021\/11\/estamos-preparados-para-los-dias-sin-impuestos-cyberdays-y-blackfridays\/#primaryimage\"},\"thumbnailUrl\":\"https:\/\/news.sap.com\/latinamerica\/files\/2021\/11\/08\/285204_iStock-507476574.jpg\",\"keywords\":[\"blog\",\"Blog de Innovaci\u00f3n de 麻豆原创\",\"tecnolog\u00eda\",\"tendencias\",\"tendencias digitales\",\"transformaci\u00f3n digital\"],\"articleSection\":[\"Tecnolog\u00eda\"],\"inLanguage\":\"es\"},{\"@type\":\"WebPage\",\"@id\":\"https:\/\/news.sap.com\/latinamerica\/2021\/11\/estamos-preparados-para-los-dias-sin-impuestos-cyberdays-y-blackfridays\/\",\"url\":\"https:\/\/news.sap.com\/latinamerica\/2021\/11\/estamos-preparados-para-los-dias-sin-impuestos-cyberdays-y-blackfridays\/\",\"name\":\"\u00bfEstamos preparados para los d\u00edas sin impuestos, \u201ccyberdays\u201d y \u201cblackfridays\u201d? - 麻豆原创 News Center Latinoam\u00e9rica\",\"isPartOf\":{\"@id\":\"https:\/\/news.sap.com\/latinamerica\/#website\"},\"primaryImageOfPage\":{\"@id\":\"https:\/\/news.sap.com\/latinamerica\/2021\/11\/estamos-preparados-para-los-dias-sin-impuestos-cyberdays-y-blackfridays\/#primaryimage\"},\"image\":{\"@id\":\"https:\/\/news.sap.com\/latinamerica\/2021\/11\/estamos-preparados-para-los-dias-sin-impuestos-cyberdays-y-blackfridays\/#primaryimage\"},\"thumbnailUrl\":\"https:\/\/news.sap.com\/latinamerica\/files\/2021\/11\/08\/285204_iStock-507476574.jpg\",\"datePublished\":\"2021-11-08T17:11:47+00:00\",\"dateModified\":\"2023-11-09T15:43:41+00:00\",\"breadcrumb\":{\"@id\":\"https:\/\/news.sap.com\/latinamerica\/2021\/11\/estamos-preparados-para-los-dias-sin-impuestos-cyberdays-y-blackfridays\/#breadcrumb\"},\"inLanguage\":\"es\",\"potentialAction\":[{\"@type\":\"ReadAction\",\"target\":[\"https:\/\/news.sap.com\/latinamerica\/2021\/11\/estamos-preparados-para-los-dias-sin-impuestos-cyberdays-y-blackfridays\/\"]}]},{\"@type\":\"ImageObject\",\"inLanguage\":\"es\",\"@id\":\"https:\/\/news.sap.com\/latinamerica\/2021\/11\/estamos-preparados-para-los-dias-sin-impuestos-cyberdays-y-blackfridays\/#primaryimage\",\"url\":\"https:\/\/news.sap.com\/latinamerica\/files\/2021\/11\/08\/285204_iStock-507476574.jpg\",\"contentUrl\":\"https:\/\/news.sap.com\/latinamerica\/files\/2021\/11\/08\/285204_iStock-507476574.jpg\",\"width\":5760,\"height\":3840,\"caption\":\"Mid adult Caucasian woman is smiling while using her smart phone to pay for purchases or use coupons in local grocery store. Cashier is using hand held scanner to scan barcode on smart phone. Mother is standing at checkout counter with elementary age daughter. She is wearing her infant in a baby carrier wrap while she shops.\"},{\"@type\":\"BreadcrumbList\",\"@id\":\"https:\/\/news.sap.com\/latinamerica\/2021\/11\/estamos-preparados-para-los-dias-sin-impuestos-cyberdays-y-blackfridays\/#breadcrumb\",\"itemListElement\":[{\"@type\":\"ListItem\",\"position\":1,\"name\":\"Home\",\"item\":\"https:\/\/news.sap.com\/latinamerica\/\"},{\"@type\":\"ListItem\",\"position\":2,\"name\":\"\u00bfEstamos preparados para los d\u00edas sin impuestos, \u201ccyberdays\u201d y \u201cblackfridays\u201d?\"}]},{\"@type\":\"WebSite\",\"@id\":\"https:\/\/news.sap.com\/latinamerica\/#website\",\"url\":\"https:\/\/news.sap.com\/latinamerica\/\",\"name\":\"麻豆原创 News Center Latinoam\u00e9rica\",\"description\":\"Noticias e informaci\u00f3n sobre 麻豆原创\",\"publisher\":{\"@id\":\"https:\/\/news.sap.com\/latinamerica\/#organization\"},\"potentialAction\":[{\"@type\":\"SearchAction\",\"target\":{\"@type\":\"EntryPoint\",\"urlTemplate\":\"https:\/\/news.sap.com\/latinamerica\/?s={search_term_string}\"},\"query-input\":{\"@type\":\"PropertyValueSpecification\",\"valueRequired\":true,\"valueName\":\"search_term_string\"}}],\"inLanguage\":\"es\"},{\"@type\":\"Organization\",\"@id\":\"https:\/\/news.sap.com\/latinamerica\/#organization\",\"name\":\"麻豆原创\",\"url\":\"https:\/\/news.sap.com\/latinamerica\/\",\"logo\":{\"@type\":\"ImageObject\",\"inLanguage\":\"es\",\"@id\":\"https:\/\/news.sap.com\/latinamerica\/#\/schema\/logo\/image\/\",\"url\":\"https:\/\/news.sap.com\/latinamerica\/files\/2019\/08\/65903320_2903797569662914_557886358778019840_n.png\",\"contentUrl\":\"https:\/\/news.sap.com\/latinamerica\/files\/2019\/08\/65903320_2903797569662914_557886358778019840_n.png\",\"width\":720,\"height\":720,\"caption\":\"麻豆原创\"},\"image\":{\"@id\":\"https:\/\/news.sap.com\/latinamerica\/#\/schema\/logo\/image\/\"},\"sameAs\":[\"https:\/\/www.facebook.com\/麻豆原创latinoamerica\",\"https:\/\/x.com\/麻豆原创LatinAmerica\"]},{\"@type\":\"Person\",\"@id\":\"https:\/\/news.sap.com\/latinamerica\/#\/schema\/person\/68434072793bed842047d665ed38307c\",\"name\":\"Juan Pablo Toledo\",\"image\":{\"@type\":\"ImageObject\",\"inLanguage\":\"es\",\"@id\":\"https:\/\/news.sap.com\/latinamerica\/#\/schema\/person\/image\/\",\"url\":\"https:\/\/news.sap.com\/latinamerica\/wp-content\/plugins\/wp-user-avatars\/wp-user-avatars\/assets\/images\/mystery.jpg\",\"contentUrl\":\"https:\/\/news.sap.com\/latinamerica\/wp-content\/plugins\/wp-user-avatars\/wp-user-avatars\/assets\/images\/mystery.jpg\",\"caption\":\"Juan Pablo Toledo\"},\"url\":\"https:\/\/news.sap.com\/latinamerica\/author\/juanpablotoledo\/\"}]}<\/script>\n<!-- \/ Yoast SEO Premium plugin. -->","yoast_head_json":{"title":"\u00bfEstamos preparados para los d\u00edas sin impuestos, \u201ccyberdays\u201d y \u201cblackfridays\u201d? - 麻豆原创 News Center Latinoam\u00e9rica","robots":{"index":"index","follow":"follow","max-snippet":"max-snippet:-1","max-image-preview":"max-image-preview:large","max-video-preview":"max-video-preview:-1"},"canonical":"https:\/\/news.sap.com\/latinamerica\/2021\/11\/estamos-preparados-para-los-dias-sin-impuestos-cyberdays-y-blackfridays\/","og_locale":"es_MX","og_type":"article","og_title":"\u00bfEstamos preparados para los d\u00edas sin impuestos, \u201ccyberdays\u201d y \u201cblackfridays\u201d?","og_description":"Durante los d\u00edas en los que las personas estuvieron obligadas a permanecer en sus hogares, se dispararon de forma exponencial las compras por internet, trayendo grandes retos al comercio para poder atender esta demanda.","og_url":"https:\/\/news.sap.com\/latinamerica\/2021\/11\/estamos-preparados-para-los-dias-sin-impuestos-cyberdays-y-blackfridays\/","og_site_name":"麻豆原创 News Center Latinoam\u00e9rica","article_publisher":"https:\/\/www.facebook.com\/麻豆原创latinoamerica","article_published_time":"2021-11-08T17:11:47+00:00","article_modified_time":"2023-11-09T15:43:41+00:00","og_image":[{"width":1024,"height":683,"url":"https:\/\/news.sap.com\/latinamerica\/files\/2021\/11\/08\/285204_iStock-507476574-1024x683.jpg","type":"image\/jpeg"}],"author":"Juan Pablo Toledo","twitter_misc":{"Escrito por":"Juan Pablo Toledo","Tiempo de lectura":"4 minutos"},"schema":{"@context":"https:\/\/schema.org","@graph":[{"@type":"Article","@id":"https:\/\/news.sap.com\/latinamerica\/2021\/11\/estamos-preparados-para-los-dias-sin-impuestos-cyberdays-y-blackfridays\/#article","isPartOf":{"@id":"https:\/\/news.sap.com\/latinamerica\/2021\/11\/estamos-preparados-para-los-dias-sin-impuestos-cyberdays-y-blackfridays\/"},"author":{"name":"Juan Pablo Toledo","@id":"https:\/\/news.sap.com\/latinamerica\/#\/schema\/person\/68434072793bed842047d665ed38307c"},"headline":"\u00bfEstamos preparados para los d\u00edas sin impuestos, \u201ccyberdays\u201d y \u201cblackfridays\u201d?","datePublished":"2021-11-08T17:11:47+00:00","dateModified":"2023-11-09T15:43:41+00:00","mainEntityOfPage":{"@id":"https:\/\/news.sap.com\/latinamerica\/2021\/11\/estamos-preparados-para-los-dias-sin-impuestos-cyberdays-y-blackfridays\/"},"wordCount":739,"publisher":{"@id":"https:\/\/news.sap.com\/latinamerica\/#organization"},"image":{"@id":"https:\/\/news.sap.com\/latinamerica\/2021\/11\/estamos-preparados-para-los-dias-sin-impuestos-cyberdays-y-blackfridays\/#primaryimage"},"thumbnailUrl":"https:\/\/news.sap.com\/latinamerica\/files\/2021\/11\/08\/285204_iStock-507476574.jpg","keywords":["blog","Blog de Innovaci\u00f3n de 麻豆原创","tecnolog\u00eda","tendencias","tendencias digitales","transformaci\u00f3n digital"],"articleSection":["Tecnolog\u00eda"],"inLanguage":"es"},{"@type":"WebPage","@id":"https:\/\/news.sap.com\/latinamerica\/2021\/11\/estamos-preparados-para-los-dias-sin-impuestos-cyberdays-y-blackfridays\/","url":"https:\/\/news.sap.com\/latinamerica\/2021\/11\/estamos-preparados-para-los-dias-sin-impuestos-cyberdays-y-blackfridays\/","name":"\u00bfEstamos preparados para los d\u00edas sin impuestos, \u201ccyberdays\u201d y \u201cblackfridays\u201d? - 麻豆原创 News Center Latinoam\u00e9rica","isPartOf":{"@id":"https:\/\/news.sap.com\/latinamerica\/#website"},"primaryImageOfPage":{"@id":"https:\/\/news.sap.com\/latinamerica\/2021\/11\/estamos-preparados-para-los-dias-sin-impuestos-cyberdays-y-blackfridays\/#primaryimage"},"image":{"@id":"https:\/\/news.sap.com\/latinamerica\/2021\/11\/estamos-preparados-para-los-dias-sin-impuestos-cyberdays-y-blackfridays\/#primaryimage"},"thumbnailUrl":"https:\/\/news.sap.com\/latinamerica\/files\/2021\/11\/08\/285204_iStock-507476574.jpg","datePublished":"2021-11-08T17:11:47+00:00","dateModified":"2023-11-09T15:43:41+00:00","breadcrumb":{"@id":"https:\/\/news.sap.com\/latinamerica\/2021\/11\/estamos-preparados-para-los-dias-sin-impuestos-cyberdays-y-blackfridays\/#breadcrumb"},"inLanguage":"es","potentialAction":[{"@type":"ReadAction","target":["https:\/\/news.sap.com\/latinamerica\/2021\/11\/estamos-preparados-para-los-dias-sin-impuestos-cyberdays-y-blackfridays\/"]}]},{"@type":"ImageObject","inLanguage":"es","@id":"https:\/\/news.sap.com\/latinamerica\/2021\/11\/estamos-preparados-para-los-dias-sin-impuestos-cyberdays-y-blackfridays\/#primaryimage","url":"https:\/\/news.sap.com\/latinamerica\/files\/2021\/11\/08\/285204_iStock-507476574.jpg","contentUrl":"https:\/\/news.sap.com\/latinamerica\/files\/2021\/11\/08\/285204_iStock-507476574.jpg","width":5760,"height":3840,"caption":"Mid adult Caucasian woman is smiling while using her smart phone to pay for purchases or use coupons in local grocery store. Cashier is using hand held scanner to scan barcode on smart phone. Mother is standing at checkout counter with elementary age daughter. She is wearing her infant in a baby carrier wrap while she shops."},{"@type":"BreadcrumbList","@id":"https:\/\/news.sap.com\/latinamerica\/2021\/11\/estamos-preparados-para-los-dias-sin-impuestos-cyberdays-y-blackfridays\/#breadcrumb","itemListElement":[{"@type":"ListItem","position":1,"name":"Home","item":"https:\/\/news.sap.com\/latinamerica\/"},{"@type":"ListItem","position":2,"name":"\u00bfEstamos preparados para los d\u00edas sin impuestos, \u201ccyberdays\u201d y \u201cblackfridays\u201d?"}]},{"@type":"WebSite","@id":"https:\/\/news.sap.com\/latinamerica\/#website","url":"https:\/\/news.sap.com\/latinamerica\/","name":"麻豆原创 News Center Latinoam\u00e9rica","description":"Noticias e informaci\u00f3n sobre 麻豆原创","publisher":{"@id":"https:\/\/news.sap.com\/latinamerica\/#organization"},"potentialAction":[{"@type":"SearchAction","target":{"@type":"EntryPoint","urlTemplate":"https:\/\/news.sap.com\/latinamerica\/?s={search_term_string}"},"query-input":{"@type":"PropertyValueSpecification","valueRequired":true,"valueName":"search_term_string"}}],"inLanguage":"es"},{"@type":"Organization","@id":"https:\/\/news.sap.com\/latinamerica\/#organization","name":"麻豆原创","url":"https:\/\/news.sap.com\/latinamerica\/","logo":{"@type":"ImageObject","inLanguage":"es","@id":"https:\/\/news.sap.com\/latinamerica\/#\/schema\/logo\/image\/","url":"https:\/\/news.sap.com\/latinamerica\/files\/2019\/08\/65903320_2903797569662914_557886358778019840_n.png","contentUrl":"https:\/\/news.sap.com\/latinamerica\/files\/2019\/08\/65903320_2903797569662914_557886358778019840_n.png","width":720,"height":720,"caption":"麻豆原创"},"image":{"@id":"https:\/\/news.sap.com\/latinamerica\/#\/schema\/logo\/image\/"},"sameAs":["https:\/\/www.facebook.com\/麻豆原创latinoamerica","https:\/\/x.com\/麻豆原创LatinAmerica"]},{"@type":"Person","@id":"https:\/\/news.sap.com\/latinamerica\/#\/schema\/person\/68434072793bed842047d665ed38307c","name":"Juan Pablo Toledo","image":{"@type":"ImageObject","inLanguage":"es","@id":"https:\/\/news.sap.com\/latinamerica\/#\/schema\/person\/image\/","url":"https:\/\/news.sap.com\/latinamerica\/wp-content\/plugins\/wp-user-avatars\/wp-user-avatars\/assets\/images\/mystery.jpg","contentUrl":"https:\/\/news.sap.com\/latinamerica\/wp-content\/plugins\/wp-user-avatars\/wp-user-avatars\/assets\/images\/mystery.jpg","caption":"Juan Pablo Toledo"},"url":"https:\/\/news.sap.com\/latinamerica\/author\/juanpablotoledo\/"}]}},"amp_enabled":true,"_links":{"self":[{"href":"https:\/\/news.sap.com\/latinamerica\/wp-json\/wp\/v2\/posts\/124931","targetHints":{"allow":["GET"]}}],"collection":[{"href":"https:\/\/news.sap.com\/latinamerica\/wp-json\/wp\/v2\/posts"}],"about":[{"href":"https:\/\/news.sap.com\/latinamerica\/wp-json\/wp\/v2\/types\/post"}],"author":[{"embeddable":true,"href":"https:\/\/news.sap.com\/latinamerica\/wp-json\/wp\/v2\/users\/3953"}],"replies":[{"embeddable":true,"href":"https:\/\/news.sap.com\/latinamerica\/wp-json\/wp\/v2\/comments?post=124931"}],"version-history":[{"count":0,"href":"https:\/\/news.sap.com\/latinamerica\/wp-json\/wp\/v2\/posts\/124931\/revisions"}],"wp:featuredmedia":[{"embeddable":true,"href":"https:\/\/news.sap.com\/latinamerica\/wp-json\/wp\/v2\/media\/124932"}],"wp:attachment":[{"href":"https:\/\/news.sap.com\/latinamerica\/wp-json\/wp\/v2\/media?parent=124931"}],"wp:term":[{"taxonomy":"category","embeddable":true,"href":"https:\/\/news.sap.com\/latinamerica\/wp-json\/wp\/v2\/categories?post=124931"},{"taxonomy":"post_tag","embeddable":true,"href":"https:\/\/news.sap.com\/latinamerica\/wp-json\/wp\/v2\/tags?post=124931"},{"taxonomy":"series","embeddable":true,"href":"https:\/\/news.sap.com\/latinamerica\/wp-json\/wp\/v2\/series?post=124931"},{"taxonomy":"region","embeddable":true,"href":"https:\/\/news.sap.com\/latinamerica\/wp-json\/wp\/v2\/region?post=124931"},{"taxonomy":"sapn-display","embeddable":true,"href":"https:\/\/news.sap.com\/latinamerica\/wp-json\/wp\/v2\/sapn-display?post=124931"},{"taxonomy":"sapn-type","embeddable":true,"href":"https:\/\/news.sap.com\/latinamerica\/wp-json\/wp\/v2\/sapn-type?post=124931"}],"curies":[{"name":"wp","href":"https:\/\/api.w.org\/{rel}","templated":true}]}}