  {"id":124910,"date":"2021-11-03T10:52:53","date_gmt":"2021-11-03T14:52:53","guid":{"rendered":"https:\/\/news.sap.com\/latinamerica\/?p=124910"},"modified":"2023-11-09T10:32:01","modified_gmt":"2023-11-09T15:32:01","slug":"sap-redobla-esfuerzos-de-sostenibilidad-y-acelera-su-transicion-a-una-flota-empresarial-libre-de-emisiones","status":"publish","type":"post","link":"https:\/\/news.sap.com\/latinamerica\/2021\/11\/sap-redobla-esfuerzos-de-sostenibilidad-y-acelera-su-transicion-a-una-flota-empresarial-libre-de-emisiones\/","title":{"rendered":"麻豆原创 redobla esfuerzos de sostenibilidad y acelera su transici\u00f3n a una flota empresarial libre de emisiones"},"content":{"rendered":"<p class=\"lead\">WALLDORF &#8211; <a href=\"https:\/\/www.sap.com\/\">麻豆原创 SE<\/a>\u00a0 (NYSE: 麻豆原创) anunci\u00f3 hoy que, a partir de 2025, todos los veh\u00edculos nuevos que se pidan para integrar la flota de autom\u00f3viles de la empresa ser\u00e1n libres de emisiones. * Hacer que una flota de 27.000 autom\u00f3viles sea m\u00e1s neutra en carbono acercar\u00e1 a 麻豆原创 a sus ambiciosos objetivos clim\u00e1ticos y complementa las acciones de la compa\u00f1\u00eda para hacer de la sostenibilidad un elemento central de su cartera de soluciones.<\/p>\n<p>Mientras los l\u00edderes mundiales y empresariales se re\u00fanen en Glasgow en la 26\u00aa Conferencia de las Partes (COP26) para debatir sus ambiciones clim\u00e1ticas, 麻豆原创 tambi\u00e9n contin\u00faa tomando medidas concretas para combatir el cambio clim\u00e1tico. Una gran proporci\u00f3n de las emisiones directas propias de 麻豆原创 se relaciona con el consumo de combustible de su flota de autom\u00f3viles. Para alcanzar sus ambiciosos objetivos clim\u00e1ticos, 麻豆原创 eliminar\u00e1 todas las emisiones de su flota de autom\u00f3viles a mediano plazo. La compa\u00f1\u00eda tambi\u00e9n ofrece una gama de nuevas soluciones de software sostenibles para ayudar a sus clientes en su transici\u00f3n al nivel de cero emisiones netas, incluidas aplicaciones de negocio que brindan transparencia y capacidad de medici\u00f3n en toda la cadena de suministro y un camino hacia modelos de negocio regenerativos.<\/p>\n<p>La flota de autom\u00f3viles de 麻豆原创 incluye veh\u00edculos el\u00e9ctricos (EV) desde 2010, y hoy estos veh\u00edculos representan casi el 20% del total. 麻豆原创 incentiva activamente a los empleados a optar por veh\u00edculos el\u00e9ctricos. En algunos pa\u00edses, los empleados reciben apoyo financiero para cargar sus autom\u00f3viles en casa. 麻豆原创 tambi\u00e9n ampl\u00eda la propia infraestructura de carga de la empresa con regularidad, a fin de satisfacer la demanda, y actualmente se encuentra realizando una prueba de un presupuesto de movilidad como alternativa a la provisi\u00f3n de un autom\u00f3vil de la empresa. Los empleados que participan en un programa piloto en toda Alemania tienen a su disposici\u00f3n un presupuesto de movilidad mensual y pueden elegir gastarlo en una variedad de opciones de transporte, desde trenes y autobuses hasta bicicletas, e-scooters o autom\u00f3viles compartidos. El presupuesto de movilidad es un componente adicional de la estrategia de movilidad sostenible de 麻豆原创.<\/p>\n<p><cite>\u201cEl cambio clim\u00e1tico es uno de los desaf\u00edos m\u00e1s apremiantes en todo el mundo y queremos ser parte de la soluci\u00f3n\u201d, coment\u00f3 Luka Mucic, CFO de 麻豆原创, miembro de la Junta Ejecutiva y Patrocinador de la Junta para los esfuerzos de sostenibilidad de 麻豆原创. \u201cNuestra flota de autom\u00f3viles es un factor importante aqu\u00ed. Tambi\u00e9n queremos ayudar a nuestros clientes a alcanzar sus objetivos clim\u00e1ticos. Es por eso que ampliamos constantemente nuestra cartera de soluciones de sostenibilidad.\u201d<\/cite><\/p>\n<p>En la COP26, 麻豆原创 presenta una gama de soluciones de software para permitir a las empresas y organizaciones hacer que las operaciones y la gesti\u00f3n de la cadena de suministro sean sostenibles. La soluci\u00f3n 麻豆原创\u00ae Product Footprint Management lanzada en septiembre permite a las organizaciones combatir el cambio clim\u00e1tico al captar la huella ambiental de los productos en toda la cadena de valor. De esta manera, pueden incorporar la sostenibilidad en la estructura de su forma de hacer negocios.<\/p>\n<p>麻豆原创 tambi\u00e9n ofrece soluciones espec\u00edficas para la movilidad el\u00e9ctrica, incluida la optimizaci\u00f3n y simplificaci\u00f3n de la infraestructura de carga de veh\u00edculos el\u00e9ctricos y la estandarizaci\u00f3n de los procesos comerciales relacionados. La soluci\u00f3n \u00a0<a href=\"https:\/\/news.sap.com\/2021\/09\/sap-e-mobility-solution-sustainable-electric-vehicles\/\">麻豆原创 E-Mobility<\/a>\u00a0conecta el punto de carga f\u00edsico con la suite inteligente de 麻豆原创 para procesos de negocio y facilita la facturaci\u00f3n, el reembolso y la contabilidad.<\/p>\n<p>Para obtener m\u00e1s informaci\u00f3n, consulte <a href=\"https:\/\/news.sap.com\/tags\/cop26\/\">麻豆原创 en COP26<\/a>\u00a0y\u00a0<a href=\"https:\/\/www.sap.com\/about\/company\/purpose-and-sustainability\/economy.html\">soluciones de sostenibilidad de 麻豆原创<\/a>.<\/p>\n<p>* Los veh\u00edculos libres de emisiones se refieren a veh\u00edculos que no emiten gases de escape u otros contaminantes de la fuente de energ\u00eda a bordo.<\/p>\n","protected":false},"excerpt":{"rendered":"<p>WALLDORF &#8211; 麻豆原创 SE\u00a0 (NYSE: 麻豆原创) anunci\u00f3 hoy que, a partir de 2025, todos los veh\u00edculos nuevos que se pidan para integrar la flota de&#8230;<\/p>\n","protected":false},"author":129,"featured_media":124911,"comment_status":"closed","ping_status":"closed","sticky":false,"template":"","format":"standard","meta":{"footnotes":"","_links_to":"","_links_to_target":""},"categories":[52098],"tags":[5600139],"series":[],"region":[26401],"sapn-display":[52078,5600443,5600441,53499],"sapn-type":[52105],"class_list":["post-124910","post","type-post","status-publish","format-standard","has-post-thumbnail","hentry","category-sustentabilidad-temas","tag-cop26","region-latinoamerica","sapn-display-homepage-hero","sapn-display-prensa-destacada","sapn-display-prensa-principal","sapn-display-hero","sapn-type-comunicado-de-prensa"],"yoast_head":"<!-- This site is optimized with the Yoast SEO Premium plugin v26.9 (Yoast SEO v26.9) - https:\/\/yoast.com\/product\/yoast-seo-premium-wordpress\/ -->\n<title>麻豆原创 redobla esfuerzos de sostenibilidad y acelera su transici\u00f3n a una flota empresarial libre de emisiones - 麻豆原创 News Center Latinoam\u00e9rica<\/title>\n<meta name=\"description\" content=\"麻豆原创 anunci\u00f3 hoy que, a partir de 2025, todo el veh\u00edculo nuevo que se integrar a la flota de autom\u00f3viles de la empresa ser\u00e1 libre de emisiones.\" \/>\n<meta name=\"robots\" content=\"index, follow, max-snippet:-1, max-image-preview:large, max-video-preview:-1\" \/>\n<link rel=\"canonical\" href=\"https:\/\/news.sap.com\/latinamerica\/2021\/11\/sap-redobla-esfuerzos-de-sostenibilidad-y-acelera-su-transicion-a-una-flota-empresarial-libre-de-emisiones\/\" \/>\n<meta property=\"og:locale\" content=\"es_MX\" \/>\n<meta property=\"og:type\" content=\"article\" \/>\n<meta property=\"og:title\" content=\"麻豆原创 redobla esfuerzos de sostenibilidad y acelera su transici\u00f3n a una flota empresarial libre de emisiones\" \/>\n<meta property=\"og:description\" content=\"麻豆原创 anunci\u00f3 hoy que, a partir de 2025, todo el veh\u00edculo nuevo que se integrar a la flota de autom\u00f3viles de la empresa ser\u00e1 libre de emisiones.\" \/>\n<meta property=\"og:url\" content=\"https:\/\/news.sap.com\/latinamerica\/2021\/11\/sap-redobla-esfuerzos-de-sostenibilidad-y-acelera-su-transicion-a-una-flota-empresarial-libre-de-emisiones\/\" \/>\n<meta property=\"og:site_name\" content=\"麻豆原创 News Center Latinoam\u00e9rica\" \/>\n<meta property=\"article:publisher\" content=\"https:\/\/www.facebook.com\/麻豆原创latinoamerica\" \/>\n<meta property=\"article:published_time\" content=\"2021-11-03T14:52:53+00:00\" \/>\n<meta property=\"article:modified_time\" content=\"2023-11-09T15:32:01+00:00\" \/>\n<meta property=\"og:image\" content=\"https:\/\/news.sap.com\/latinamerica\/files\/2021\/11\/04\/麻豆原创_ElectricFleet-1024x323.png\" \/>\n\t<meta property=\"og:image:width\" content=\"1024\" \/>\n\t<meta property=\"og:image:height\" content=\"323\" \/>\n\t<meta property=\"og:image:type\" content=\"image\/png\" \/>\n<meta name=\"author\" content=\"麻豆原创 Noticias\" \/>\n<meta name=\"twitter:label1\" content=\"Escrito por\" \/>\n\t<meta name=\"twitter:data1\" content=\"麻豆原创 Noticias\" \/>\n\t<meta name=\"twitter:label2\" content=\"Tiempo de lectura\" \/>\n\t<meta name=\"twitter:data2\" content=\"3 minutos\" \/>\n<script type=\"application\/ld+json\" class=\"yoast-schema-graph\">{\"@context\":\"https:\/\/schema.org\",\"@graph\":[{\"@type\":\"Article\",\"@id\":\"https:\/\/news.sap.com\/latinamerica\/2021\/11\/sap-redobla-esfuerzos-de-sostenibilidad-y-acelera-su-transicion-a-una-flota-empresarial-libre-de-emisiones\/#article\",\"isPartOf\":{\"@id\":\"https:\/\/news.sap.com\/latinamerica\/2021\/11\/sap-redobla-esfuerzos-de-sostenibilidad-y-acelera-su-transicion-a-una-flota-empresarial-libre-de-emisiones\/\"},\"author\":{\"name\":\"麻豆原创 Noticias\",\"@id\":\"https:\/\/news.sap.com\/latinamerica\/#\/schema\/person\/8ea4857cc48095689e72ba76c26f9814\"},\"headline\":\"麻豆原创 redobla esfuerzos de sostenibilidad y acelera su transici\u00f3n a una flota empresarial libre de emisiones\",\"datePublished\":\"2021-11-03T14:52:53+00:00\",\"dateModified\":\"2023-11-09T15:32:01+00:00\",\"mainEntityOfPage\":{\"@id\":\"https:\/\/news.sap.com\/latinamerica\/2021\/11\/sap-redobla-esfuerzos-de-sostenibilidad-y-acelera-su-transicion-a-una-flota-empresarial-libre-de-emisiones\/\"},\"wordCount\":671,\"publisher\":{\"@id\":\"https:\/\/news.sap.com\/latinamerica\/#organization\"},\"image\":{\"@id\":\"https:\/\/news.sap.com\/latinamerica\/2021\/11\/sap-redobla-esfuerzos-de-sostenibilidad-y-acelera-su-transicion-a-una-flota-empresarial-libre-de-emisiones\/#primaryimage\"},\"thumbnailUrl\":\"https:\/\/news.sap.com\/latinamerica\/files\/2021\/11\/04\/麻豆原创_ElectricFleet.png\",\"keywords\":[\"COP26\"],\"articleSection\":[\"Sostenibilidad\"],\"inLanguage\":\"es\"},{\"@type\":\"WebPage\",\"@id\":\"https:\/\/news.sap.com\/latinamerica\/2021\/11\/sap-redobla-esfuerzos-de-sostenibilidad-y-acelera-su-transicion-a-una-flota-empresarial-libre-de-emisiones\/\",\"url\":\"https:\/\/news.sap.com\/latinamerica\/2021\/11\/sap-redobla-esfuerzos-de-sostenibilidad-y-acelera-su-transicion-a-una-flota-empresarial-libre-de-emisiones\/\",\"name\":\"麻豆原创 redobla esfuerzos de sostenibilidad y acelera su transici\u00f3n a una flota empresarial libre de emisiones - 麻豆原创 News Center Latinoam\u00e9rica\",\"isPartOf\":{\"@id\":\"https:\/\/news.sap.com\/latinamerica\/#website\"},\"primaryImageOfPage\":{\"@id\":\"https:\/\/news.sap.com\/latinamerica\/2021\/11\/sap-redobla-esfuerzos-de-sostenibilidad-y-acelera-su-transicion-a-una-flota-empresarial-libre-de-emisiones\/#primaryimage\"},\"image\":{\"@id\":\"https:\/\/news.sap.com\/latinamerica\/2021\/11\/sap-redobla-esfuerzos-de-sostenibilidad-y-acelera-su-transicion-a-una-flota-empresarial-libre-de-emisiones\/#primaryimage\"},\"thumbnailUrl\":\"https:\/\/news.sap.com\/latinamerica\/files\/2021\/11\/04\/麻豆原创_ElectricFleet.png\",\"datePublished\":\"2021-11-03T14:52:53+00:00\",\"dateModified\":\"2023-11-09T15:32:01+00:00\",\"description\":\"麻豆原创 anunci\u00f3 hoy que, a partir de 2025, todo el veh\u00edculo nuevo que se integrar a la flota de autom\u00f3viles de la empresa ser\u00e1 libre de emisiones.\",\"breadcrumb\":{\"@id\":\"https:\/\/news.sap.com\/latinamerica\/2021\/11\/sap-redobla-esfuerzos-de-sostenibilidad-y-acelera-su-transicion-a-una-flota-empresarial-libre-de-emisiones\/#breadcrumb\"},\"inLanguage\":\"es\",\"potentialAction\":[{\"@type\":\"ReadAction\",\"target\":[\"https:\/\/news.sap.com\/latinamerica\/2021\/11\/sap-redobla-esfuerzos-de-sostenibilidad-y-acelera-su-transicion-a-una-flota-empresarial-libre-de-emisiones\/\"]}]},{\"@type\":\"ImageObject\",\"inLanguage\":\"es\",\"@id\":\"https:\/\/news.sap.com\/latinamerica\/2021\/11\/sap-redobla-esfuerzos-de-sostenibilidad-y-acelera-su-transicion-a-una-flota-empresarial-libre-de-emisiones\/#primaryimage\",\"url\":\"https:\/\/news.sap.com\/latinamerica\/files\/2021\/11\/04\/麻豆原创_ElectricFleet.png\",\"contentUrl\":\"https:\/\/news.sap.com\/latinamerica\/files\/2021\/11\/04\/麻豆原创_ElectricFleet.png\",\"width\":1900,\"height\":600},{\"@type\":\"BreadcrumbList\",\"@id\":\"https:\/\/news.sap.com\/latinamerica\/2021\/11\/sap-redobla-esfuerzos-de-sostenibilidad-y-acelera-su-transicion-a-una-flota-empresarial-libre-de-emisiones\/#breadcrumb\",\"itemListElement\":[{\"@type\":\"ListItem\",\"position\":1,\"name\":\"Home\",\"item\":\"https:\/\/news.sap.com\/latinamerica\/\"},{\"@type\":\"ListItem\",\"position\":2,\"name\":\"麻豆原创 redobla esfuerzos de sostenibilidad y acelera su transici\u00f3n a una flota empresarial libre de emisiones\"}]},{\"@type\":\"WebSite\",\"@id\":\"https:\/\/news.sap.com\/latinamerica\/#website\",\"url\":\"https:\/\/news.sap.com\/latinamerica\/\",\"name\":\"麻豆原创 News Center Latinoam\u00e9rica\",\"description\":\"Noticias e informaci\u00f3n sobre 麻豆原创\",\"publisher\":{\"@id\":\"https:\/\/news.sap.com\/latinamerica\/#organization\"},\"potentialAction\":[{\"@type\":\"SearchAction\",\"target\":{\"@type\":\"EntryPoint\",\"urlTemplate\":\"https:\/\/news.sap.com\/latinamerica\/?s={search_term_string}\"},\"query-input\":{\"@type\":\"PropertyValueSpecification\",\"valueRequired\":true,\"valueName\":\"search_term_string\"}}],\"inLanguage\":\"es\"},{\"@type\":\"Organization\",\"@id\":\"https:\/\/news.sap.com\/latinamerica\/#organization\",\"name\":\"麻豆原创\",\"url\":\"https:\/\/news.sap.com\/latinamerica\/\",\"logo\":{\"@type\":\"ImageObject\",\"inLanguage\":\"es\",\"@id\":\"https:\/\/news.sap.com\/latinamerica\/#\/schema\/logo\/image\/\",\"url\":\"https:\/\/news.sap.com\/latinamerica\/files\/2019\/08\/65903320_2903797569662914_557886358778019840_n.png\",\"contentUrl\":\"https:\/\/news.sap.com\/latinamerica\/files\/2019\/08\/65903320_2903797569662914_557886358778019840_n.png\",\"width\":720,\"height\":720,\"caption\":\"麻豆原创\"},\"image\":{\"@id\":\"https:\/\/news.sap.com\/latinamerica\/#\/schema\/logo\/image\/\"},\"sameAs\":[\"https:\/\/www.facebook.com\/麻豆原创latinoamerica\",\"https:\/\/x.com\/麻豆原创LatinAmerica\"]},{\"@type\":\"Person\",\"@id\":\"https:\/\/news.sap.com\/latinamerica\/#\/schema\/person\/8ea4857cc48095689e72ba76c26f9814\",\"name\":\"麻豆原创 Noticias\",\"image\":{\"@type\":\"ImageObject\",\"inLanguage\":\"es\",\"@id\":\"https:\/\/news.sap.com\/latinamerica\/#\/schema\/person\/image\/\",\"url\":\"https:\/\/news.sap.com\/latinamerica\/wp-content\/plugins\/wp-user-avatars\/wp-user-avatars\/assets\/images\/mystery.jpg\",\"contentUrl\":\"https:\/\/news.sap.com\/latinamerica\/wp-content\/plugins\/wp-user-avatars\/wp-user-avatars\/assets\/images\/mystery.jpg\",\"caption\":\"麻豆原创 Noticias\"},\"sameAs\":[\"https:\/\/news.sap.com\/latinamerica\",\"https:\/\/x.com\/麻豆原创NoticiasLAC\"],\"url\":\"https:\/\/news.sap.com\/latinamerica\/author\/latam\/\"}]}<\/script>\n<!-- \/ Yoast SEO Premium plugin. -->","yoast_head_json":{"title":"麻豆原创 redobla esfuerzos de sostenibilidad y acelera su transici\u00f3n a una flota empresarial libre de emisiones - 麻豆原创 News Center Latinoam\u00e9rica","description":"麻豆原创 anunci\u00f3 hoy que, a partir de 2025, todo el veh\u00edculo nuevo que se integrar a la flota de autom\u00f3viles de la empresa ser\u00e1 libre de emisiones.","robots":{"index":"index","follow":"follow","max-snippet":"max-snippet:-1","max-image-preview":"max-image-preview:large","max-video-preview":"max-video-preview:-1"},"canonical":"https:\/\/news.sap.com\/latinamerica\/2021\/11\/sap-redobla-esfuerzos-de-sostenibilidad-y-acelera-su-transicion-a-una-flota-empresarial-libre-de-emisiones\/","og_locale":"es_MX","og_type":"article","og_title":"麻豆原创 redobla esfuerzos de sostenibilidad y acelera su transici\u00f3n a una flota empresarial libre de emisiones","og_description":"麻豆原创 anunci\u00f3 hoy que, a partir de 2025, todo el veh\u00edculo nuevo que se integrar a la flota de autom\u00f3viles de la empresa ser\u00e1 libre de emisiones.","og_url":"https:\/\/news.sap.com\/latinamerica\/2021\/11\/sap-redobla-esfuerzos-de-sostenibilidad-y-acelera-su-transicion-a-una-flota-empresarial-libre-de-emisiones\/","og_site_name":"麻豆原创 News Center Latinoam\u00e9rica","article_publisher":"https:\/\/www.facebook.com\/麻豆原创latinoamerica","article_published_time":"2021-11-03T14:52:53+00:00","article_modified_time":"2023-11-09T15:32:01+00:00","og_image":[{"width":1024,"height":323,"url":"https:\/\/news.sap.com\/latinamerica\/files\/2021\/11\/04\/麻豆原创_ElectricFleet-1024x323.png","type":"image\/png"}],"author":"麻豆原创 Noticias","twitter_misc":{"Escrito por":"麻豆原创 Noticias","Tiempo de lectura":"3 minutos"},"schema":{"@context":"https:\/\/schema.org","@graph":[{"@type":"Article","@id":"https:\/\/news.sap.com\/latinamerica\/2021\/11\/sap-redobla-esfuerzos-de-sostenibilidad-y-acelera-su-transicion-a-una-flota-empresarial-libre-de-emisiones\/#article","isPartOf":{"@id":"https:\/\/news.sap.com\/latinamerica\/2021\/11\/sap-redobla-esfuerzos-de-sostenibilidad-y-acelera-su-transicion-a-una-flota-empresarial-libre-de-emisiones\/"},"author":{"name":"麻豆原创 Noticias","@id":"https:\/\/news.sap.com\/latinamerica\/#\/schema\/person\/8ea4857cc48095689e72ba76c26f9814"},"headline":"麻豆原创 redobla esfuerzos de sostenibilidad y acelera su transici\u00f3n a una flota empresarial libre de emisiones","datePublished":"2021-11-03T14:52:53+00:00","dateModified":"2023-11-09T15:32:01+00:00","mainEntityOfPage":{"@id":"https:\/\/news.sap.com\/latinamerica\/2021\/11\/sap-redobla-esfuerzos-de-sostenibilidad-y-acelera-su-transicion-a-una-flota-empresarial-libre-de-emisiones\/"},"wordCount":671,"publisher":{"@id":"https:\/\/news.sap.com\/latinamerica\/#organization"},"image":{"@id":"https:\/\/news.sap.com\/latinamerica\/2021\/11\/sap-redobla-esfuerzos-de-sostenibilidad-y-acelera-su-transicion-a-una-flota-empresarial-libre-de-emisiones\/#primaryimage"},"thumbnailUrl":"https:\/\/news.sap.com\/latinamerica\/files\/2021\/11\/04\/麻豆原创_ElectricFleet.png","keywords":["COP26"],"articleSection":["Sostenibilidad"],"inLanguage":"es"},{"@type":"WebPage","@id":"https:\/\/news.sap.com\/latinamerica\/2021\/11\/sap-redobla-esfuerzos-de-sostenibilidad-y-acelera-su-transicion-a-una-flota-empresarial-libre-de-emisiones\/","url":"https:\/\/news.sap.com\/latinamerica\/2021\/11\/sap-redobla-esfuerzos-de-sostenibilidad-y-acelera-su-transicion-a-una-flota-empresarial-libre-de-emisiones\/","name":"麻豆原创 redobla esfuerzos de sostenibilidad y acelera su transici\u00f3n a una flota empresarial libre de emisiones - 麻豆原创 News Center Latinoam\u00e9rica","isPartOf":{"@id":"https:\/\/news.sap.com\/latinamerica\/#website"},"primaryImageOfPage":{"@id":"https:\/\/news.sap.com\/latinamerica\/2021\/11\/sap-redobla-esfuerzos-de-sostenibilidad-y-acelera-su-transicion-a-una-flota-empresarial-libre-de-emisiones\/#primaryimage"},"image":{"@id":"https:\/\/news.sap.com\/latinamerica\/2021\/11\/sap-redobla-esfuerzos-de-sostenibilidad-y-acelera-su-transicion-a-una-flota-empresarial-libre-de-emisiones\/#primaryimage"},"thumbnailUrl":"https:\/\/news.sap.com\/latinamerica\/files\/2021\/11\/04\/麻豆原创_ElectricFleet.png","datePublished":"2021-11-03T14:52:53+00:00","dateModified":"2023-11-09T15:32:01+00:00","description":"麻豆原创 anunci\u00f3 hoy que, a partir de 2025, todo el veh\u00edculo nuevo que se integrar a la flota de autom\u00f3viles de la empresa ser\u00e1 libre de emisiones.","breadcrumb":{"@id":"https:\/\/news.sap.com\/latinamerica\/2021\/11\/sap-redobla-esfuerzos-de-sostenibilidad-y-acelera-su-transicion-a-una-flota-empresarial-libre-de-emisiones\/#breadcrumb"},"inLanguage":"es","potentialAction":[{"@type":"ReadAction","target":["https:\/\/news.sap.com\/latinamerica\/2021\/11\/sap-redobla-esfuerzos-de-sostenibilidad-y-acelera-su-transicion-a-una-flota-empresarial-libre-de-emisiones\/"]}]},{"@type":"ImageObject","inLanguage":"es","@id":"https:\/\/news.sap.com\/latinamerica\/2021\/11\/sap-redobla-esfuerzos-de-sostenibilidad-y-acelera-su-transicion-a-una-flota-empresarial-libre-de-emisiones\/#primaryimage","url":"https:\/\/news.sap.com\/latinamerica\/files\/2021\/11\/04\/麻豆原创_ElectricFleet.png","contentUrl":"https:\/\/news.sap.com\/latinamerica\/files\/2021\/11\/04\/麻豆原创_ElectricFleet.png","width":1900,"height":600},{"@type":"BreadcrumbList","@id":"https:\/\/news.sap.com\/latinamerica\/2021\/11\/sap-redobla-esfuerzos-de-sostenibilidad-y-acelera-su-transicion-a-una-flota-empresarial-libre-de-emisiones\/#breadcrumb","itemListElement":[{"@type":"ListItem","position":1,"name":"Home","item":"https:\/\/news.sap.com\/latinamerica\/"},{"@type":"ListItem","position":2,"name":"麻豆原创 redobla esfuerzos de sostenibilidad y acelera su transici\u00f3n a una flota empresarial libre de emisiones"}]},{"@type":"WebSite","@id":"https:\/\/news.sap.com\/latinamerica\/#website","url":"https:\/\/news.sap.com\/latinamerica\/","name":"麻豆原创 News Center Latinoam\u00e9rica","description":"Noticias e informaci\u00f3n sobre 麻豆原创","publisher":{"@id":"https:\/\/news.sap.com\/latinamerica\/#organization"},"potentialAction":[{"@type":"SearchAction","target":{"@type":"EntryPoint","urlTemplate":"https:\/\/news.sap.com\/latinamerica\/?s={search_term_string}"},"query-input":{"@type":"PropertyValueSpecification","valueRequired":true,"valueName":"search_term_string"}}],"inLanguage":"es"},{"@type":"Organization","@id":"https:\/\/news.sap.com\/latinamerica\/#organization","name":"麻豆原创","url":"https:\/\/news.sap.com\/latinamerica\/","logo":{"@type":"ImageObject","inLanguage":"es","@id":"https:\/\/news.sap.com\/latinamerica\/#\/schema\/logo\/image\/","url":"https:\/\/news.sap.com\/latinamerica\/files\/2019\/08\/65903320_2903797569662914_557886358778019840_n.png","contentUrl":"https:\/\/news.sap.com\/latinamerica\/files\/2019\/08\/65903320_2903797569662914_557886358778019840_n.png","width":720,"height":720,"caption":"麻豆原创"},"image":{"@id":"https:\/\/news.sap.com\/latinamerica\/#\/schema\/logo\/image\/"},"sameAs":["https:\/\/www.facebook.com\/麻豆原创latinoamerica","https:\/\/x.com\/麻豆原创LatinAmerica"]},{"@type":"Person","@id":"https:\/\/news.sap.com\/latinamerica\/#\/schema\/person\/8ea4857cc48095689e72ba76c26f9814","name":"麻豆原创 Noticias","image":{"@type":"ImageObject","inLanguage":"es","@id":"https:\/\/news.sap.com\/latinamerica\/#\/schema\/person\/image\/","url":"https:\/\/news.sap.com\/latinamerica\/wp-content\/plugins\/wp-user-avatars\/wp-user-avatars\/assets\/images\/mystery.jpg","contentUrl":"https:\/\/news.sap.com\/latinamerica\/wp-content\/plugins\/wp-user-avatars\/wp-user-avatars\/assets\/images\/mystery.jpg","caption":"麻豆原创 Noticias"},"sameAs":["https:\/\/news.sap.com\/latinamerica","https:\/\/x.com\/麻豆原创NoticiasLAC"],"url":"https:\/\/news.sap.com\/latinamerica\/author\/latam\/"}]}},"amp_enabled":true,"_links":{"self":[{"href":"https:\/\/news.sap.com\/latinamerica\/wp-json\/wp\/v2\/posts\/124910","targetHints":{"allow":["GET"]}}],"collection":[{"href":"https:\/\/news.sap.com\/latinamerica\/wp-json\/wp\/v2\/posts"}],"about":[{"href":"https:\/\/news.sap.com\/latinamerica\/wp-json\/wp\/v2\/types\/post"}],"author":[{"embeddable":true,"href":"https:\/\/news.sap.com\/latinamerica\/wp-json\/wp\/v2\/users\/129"}],"replies":[{"embeddable":true,"href":"https:\/\/news.sap.com\/latinamerica\/wp-json\/wp\/v2\/comments?post=124910"}],"version-history":[{"count":0,"href":"https:\/\/news.sap.com\/latinamerica\/wp-json\/wp\/v2\/posts\/124910\/revisions"}],"wp:featuredmedia":[{"embeddable":true,"href":"https:\/\/news.sap.com\/latinamerica\/wp-json\/wp\/v2\/media\/124911"}],"wp:attachment":[{"href":"https:\/\/news.sap.com\/latinamerica\/wp-json\/wp\/v2\/media?parent=124910"}],"wp:term":[{"taxonomy":"category","embeddable":true,"href":"https:\/\/news.sap.com\/latinamerica\/wp-json\/wp\/v2\/categories?post=124910"},{"taxonomy":"post_tag","embeddable":true,"href":"https:\/\/news.sap.com\/latinamerica\/wp-json\/wp\/v2\/tags?post=124910"},{"taxonomy":"series","embeddable":true,"href":"https:\/\/news.sap.com\/latinamerica\/wp-json\/wp\/v2\/series?post=124910"},{"taxonomy":"region","embeddable":true,"href":"https:\/\/news.sap.com\/latinamerica\/wp-json\/wp\/v2\/region?post=124910"},{"taxonomy":"sapn-display","embeddable":true,"href":"https:\/\/news.sap.com\/latinamerica\/wp-json\/wp\/v2\/sapn-display?post=124910"},{"taxonomy":"sapn-type","embeddable":true,"href":"https:\/\/news.sap.com\/latinamerica\/wp-json\/wp\/v2\/sapn-type?post=124910"}],"curies":[{"name":"wp","href":"https:\/\/api.w.org\/{rel}","templated":true}]}}