  {"id":124901,"date":"2021-11-03T11:02:15","date_gmt":"2021-11-03T15:02:15","guid":{"rendered":"https:\/\/news.sap.com\/latinamerica\/?p=124901"},"modified":"2023-11-09T10:31:59","modified_gmt":"2023-11-09T15:31:59","slug":"cop26-las-dos-semanas-mas-importantes-para-nuestro-clima","status":"publish","type":"post","link":"https:\/\/news.sap.com\/latinamerica\/2021\/11\/cop26-las-dos-semanas-mas-importantes-para-nuestro-clima\/","title":{"rendered":"COP26: Las dos semanas m\u00e1s importantes para nuestro clima"},"content":{"rendered":"<p class=\"lead\">Puede decirse que estas dos semanas ser\u00e1n los 14 d\u00edas m\u00e1s importantes para el futuro de nuestro clima. La sesi\u00f3n de COP26 organizada por las Naciones Unidas se inaugur\u00f3 oficialmente hace unos d\u00edas en Glasgow, y representantes de casi 200 naciones se han dado cita en una reuni\u00f3n hist\u00f3rica para negociar acuerdos que permitan reducir las emisiones de gases de efecto invernadero e implementar acciones para mitigar los impactos del cambio clim\u00e1tico.<\/p>\n<p>COP significa \u201c<em>Conference of the Parties<\/em>\u201d, o la conferencia de las partes, es decir, los gobiernos que han suscrito la Convenci\u00f3n Marco de las Naciones Unidas sobre el Cambio Clim\u00e1tico. COP re\u00fane a dichos gobiernos una vez por a\u00f1o para debatir c\u00f3mo abordar de forma conjunta el cambio clim\u00e1tico. Asisten a las conferencias dirigentes, ministros y negociadores de todo el mundo, as\u00ed como representantes de organizaciones no gubernamentales (ONG), el sector empresarial, organismos internacionales y los medios de comunicaci\u00f3n.<\/p>\n<p>COP26 es diferente. La diferencia radica en que es considerado\u00a0<a href=\"https:\/\/ukcop26.org\/uk-presidency\/what-is-a-cop\/\">un punto de inflexi\u00f3n en la historia<\/a>. Las partes revisar\u00e1n el progreso logrado en referencia al Acuerdo de Par\u00eds que se celebr\u00f3 en COP21 en 2015. El Acuerdo de Par\u00eds es un tratado internacional firmado por casi todos los pa\u00edses del mundo para mantener el aumento de la temperatura promedio mundial por debajo de 2<sup>\u25e6<\/sup>C, e idealmente, 1.5<sup>\u25e6<\/sup>C por sobre los niveles previos a la revoluci\u00f3n industrial.<\/p>\n<p>Desafortunadamente, el progreso ha sido lento. La mayor\u00eda de los pa\u00edses no han logrado las metas acordadas en Par\u00eds. Se suma a ello un\u00a0<a href=\"https:\/\/www.ipcc.ch\/report\/ar6\/wg1\/\">informe cr\u00edtico<\/a>\u00a0emitido este a\u00f1o que alerta sobre eventos extremos como olas de calor, sequ\u00edas e inundaciones, as\u00ed como un l\u00edmite de temperatura clave que se estar\u00eda superando en poco m\u00e1s de una d\u00e9cada. El informe ha sido llamado un \u201cc\u00f3digo rojo para la humanidad\u201d. El Secretario General de las Naciones Unidas ha dejado en claro que no hay tiempo para demoras ni espacio para excusas. Todav\u00eda podemos evitar una cat\u00e1strofe clim\u00e1tica, pero los gobiernos deben hacer que COP26 sea un \u00e9xito.<\/p>\n<p>麻豆原创 ha <a href=\"https:\/\/www.wemeanbusinesscoalition.org\/g20-2021\/\">expuesto claramente su posici\u00f3n sobre lo que los gobiernos necesitan hacer en COP26<\/a>: deben acordar pol\u00edticas ambiciosas que den a las empresas el mandato de impulsar la innovaci\u00f3n y la acci\u00f3n a escala.<\/p>\n<p>La semana pasada, el CEO de 麻豆原创, Christian Klein, deline\u00f3 la\u00a0<a href=\"https:\/\/news.sap.com\/2021\/10\/sap-at-cop26-ambitious-goals-action\/\">importancia del COP26<\/a>\u00a0y el papel que desempe\u00f1an las empresas en la b\u00fasqueda de emisiones cero y residuos cero para alcanzar ambiciones compartidas con miras a un futuro sostenible. Como compa\u00f1\u00eda global con m\u00e1s de 100.000 empleados en el mundo, estamos liderando con el ejemplo. El Director de Sostenibilidad de 麻豆原创, Daniel Schmid, <a href=\"https:\/\/news.sap.com\/2021\/10\/integrating-climate-action-end-to-end\/\">describe c\u00f3mo la compa\u00f1\u00eda est\u00e1 cumpliendo su promesa corporativa<\/a>\u00a0para ser neutral en carbono hacia el a\u00f1o 2023 y c\u00f3mo est\u00e1 ayudando a otras empresas a impulsar el desempe\u00f1o sostenible de principio a fin con la tecnolog\u00eda como facilitador cr\u00edtico para que la econom\u00eda de cero emisiones netas se convierta en realidad.<\/p>\n<p><a href=\"https:\/\/unfccc.int\/process-and-meetings\/conferences\/glasgow-climate-change-conference\">Se puede consultar la agenda oficial detallada y el programa de COP26 aqu\u00ed<\/a>. Se espera la participaci\u00f3n de m\u00e1s de 30.000 personas en la reuni\u00f3n en vivo y\u00a0<a href=\"https:\/\/www.youtube.com\/c\/cop26?app=desktop\">online<\/a>. Las negociaciones de los gobiernos son la actividad clave en COP, pero el acontecimiento tambi\u00e9n se caracteriza por una gama de actividades para el p\u00fablico, como exposiciones corporativas y de ONGs, eventos complementarios, reuniones de alto nivel, lanzamientos de informes y presentaciones.<\/p>\n<p>麻豆原创 est\u00e1 participando en una serie de programas y actividades en el marco de COP26, tanto en Glasgow como virtualmente.<\/p>\n<p>麻豆原创 es\u00a0<a href=\"https:\/\/youtu.be\/F9-lYVbYdgc\">patrocinador estrat\u00e9gico corporativo<\/a>\u00a0del\u00a0<a href=\"https:\/\/events.climateaction.org\/sustainable-innovation-forum\/\">Foro de Innovaci\u00f3n Sostenible<\/a>\u00a0y sus ejecutivos participar\u00e1n en sesiones clave:<\/p>\n<ul>\n<li><a href=\"https:\/\/app.swapcard.com\/event\/innovation-zone\/planning\/UGxhbm5pbmdfNzA4Mjc1\"><strong>Llamado a la acci\u00f3n \u2013 Liderando la Econom\u00eda Verde Global<\/strong><\/a><br \/>\nMiembro de la Junta Ejecutiva de 麻豆原创 y Director Financiero (CFO), Luka Mucic<br \/>\n8 de noviembre de 2021, 4:30 p.m. GMT<\/li>\n<li><a href=\"https:\/\/app.swapcard.com\/event\/innovation-zone\/planning\/UGxhbm5pbmdfNzA4Mzc1\"><strong>L\u00edderes Clim\u00e1ticos <em>Live<\/em> \u2013 C\u00f3mo la tecnolog\u00eda allanar\u00e1 el camino para una econom\u00eda regenerativa<\/strong><\/a><br \/>\nMiembro de la Junta Ejecutiva de 麻豆原创 y L\u00edder Global de <em>Customer Success<\/em>, Scott Russell<br \/>\n10 de noviembre de 2021, 2:25-2:45 p.m. GMT<\/li>\n<li><a href=\"https:\/\/app.swapcard.com\/event\/innovation-zone\/planning\/UGxhbm5pbmdfNzA4MzQ4\"><strong>Un Panel <em>Green Deal<\/em> \u2013 <em>Big Tech<\/em> y Acci\u00f3n por el Clima<\/strong><\/a><br \/>\nDirector de Sostenibilidad de 麻豆原创, Daniel Schmid<br \/>\n10 de noviembre de 2021, 9:15-9:55 a.m. GMT<\/li>\n<\/ul>\n<p>麻豆原创 y sus expertos en sostenibilidad tambi\u00e9n participan en diversas sesiones y foros adicionales en el marco de COP26:<\/p>\n<ul>\n<li><strong>Destrabar la promesa de la sostenibilidad en Asia Pac\u00edfico, charla informal<\/strong>\u00a0con Anita Varshney y responsables de Sostenibilidad de 麻豆原创 y Accenture<br \/>\n3 de noviembre de 2021, 9:00 a.m. GMT (<a href=\"https:\/\/cvent.me\/Yd1W9z?rt=Dg-eHcJKT0Kff1n8U-KL1A\">Registrarse aqu\u00ed<\/a>)<\/li>\n<li><strong>Una sesi\u00f3n afiliada al Foro Econ\u00f3mico Mundial sobre el logro de objetivos de sostenibilidad compartidos<\/strong><br \/>\n3 de noviembre de 2021, 9:00-10:00 a.m. CET (<a href=\"https:\/\/webinars.sap.com\/2021-11-3-achieving-shared-sustainability-goals-cop26\/en\/registration.aspx\">Registrarse aqu\u00ed<\/a>)<\/li>\n<li><strong>Panel sobre aumento de escala de soluciones digitales innovadoras para la acci\u00f3n clim\u00e1tica,\u00a0<\/strong>organizado por CMNUCC, Comisi\u00f3n Europea y GIZ, con Daniel Schmid<br \/>\n4 de noviembre de 2021, 5:00 p.m. GMT (<a href=\"https:\/\/unfccc.int\/topics\/un-climate-change-global-innovation-hub\">Mirar la transmisi\u00f3n aqu\u00ed<\/a>)<\/li>\n<li><strong>Soluciones digitales a problemas ambientales: casos de uso, enfoques de pol\u00edtica<\/strong>, con Thijs Eiling y ejecutivos de Vodafon y Nokia, 4 de noviembre de 2021, 4:00 p.m. CET (<a href=\"https:\/\/2go.iccwbo.org\/icc-make-climate-action-everyone-s-business-forum.html\">Registrarse aqu\u00ed<\/a>)<\/li>\n<li><strong>Panel de Debate Accenture Panel sobre Negocios y Naturaleza, <\/strong>con Daniel Schmid, 8 de noviembre de 2021, 9:30-11:00 a.m. GMT (<a href=\"https:\/\/web.cvent.com\/event\/3d5c95bc-44d3-4c92-a775-9c5ec28ebf2d\/websitePage:4a169165-c94d-491b-b906-e2aef5e69716?rt=gf8Zf75mCEeQA5r2qzJluw\">Registrarse aqu\u00ed<\/a>)<\/li>\n<li><strong><em>Workshop One Carbon World<\/em><\/strong><strong> sobre metas clim\u00e1ticas basadas en ciencia y qu\u00e9 significa para su organizaci\u00f3n,\u00a0<\/strong>con Marcus Wagner<br \/>\n8 de noviembre de 2021 a las 9:30 a.m. GMT (<a href=\"https:\/\/www.onecarbonworld.com\/event-details\/climate-science-based-targets-1\">Registrarse aqu\u00ed<\/a>)<\/li>\n<li><strong><em>Workshop One Carbon World<\/em><\/strong><strong> sobre c\u00f3mo su empresa puede salvar el planeta,\u00a0<\/strong>con Jonas Dennler<strong><br \/>\n<\/strong>8 de noviembre de 2021, 9:30-10:30 a.m. GMT (<a href=\"https:\/\/www.onecarbonworld.com\/event-details\/how-can-your-business-save-our-planet\">Registrarse aqu\u00ed<\/a>)<\/li>\n<\/ul>\n<p>COP26 es un per\u00edodo de suma importancia en t\u00e9rminos de acci\u00f3n por el clima. 麻豆原创 realizar\u00e1 varios anuncios durante este per\u00edodo, para comunicar el <a href=\"http:\/\/www.sap.com\/sustainability\">compromiso con la sostenibilidad<\/a> de la compa\u00f1\u00eda.<\/p>\n","protected":false},"excerpt":{"rendered":"<p>Puede decirse que estas dos semanas ser\u00e1n los 14 d\u00edas m\u00e1s importantes para el futuro de nuestro clima. La sesi\u00f3n de COP26 organizada por las&#8230;<\/p>\n","protected":false},"author":129,"featured_media":124902,"comment_status":"closed","ping_status":"closed","sticky":false,"template":"","format":"standard","meta":{"footnotes":"","_links_to":"","_links_to_target":""},"categories":[52098],"tags":[5600139],"series":[],"region":[26401],"sapn-display":[52078,5600443,5600441,53499],"sapn-type":[52105],"class_list":["post-124901","post","type-post","status-publish","format-standard","has-post-thumbnail","hentry","category-sustentabilidad-temas","tag-cop26","region-latinoamerica","sapn-display-homepage-hero","sapn-display-prensa-destacada","sapn-display-prensa-principal","sapn-display-hero","sapn-type-comunicado-de-prensa"],"yoast_head":"<!-- This site is optimized with the Yoast SEO Premium plugin v26.9 (Yoast SEO v26.9) - https:\/\/yoast.com\/product\/yoast-seo-premium-wordpress\/ -->\n<title>COP26: Las dos semanas m\u00e1s importantes para nuestro clima - 麻豆原创 News Center Latinoam\u00e9rica<\/title>\n<meta name=\"description\" content=\"麻豆原创 participa en una serie actividades en el marco de COP26 en Glasgow y virtualmente, y ha expuesto su posici\u00f3n sobre lo que los gobiernos necesitan hacer.\" \/>\n<meta name=\"robots\" content=\"index, follow, max-snippet:-1, max-image-preview:large, max-video-preview:-1\" \/>\n<link rel=\"canonical\" href=\"https:\/\/news.sap.com\/latinamerica\/2021\/11\/cop26-las-dos-semanas-mas-importantes-para-nuestro-clima\/\" \/>\n<meta property=\"og:locale\" content=\"es_MX\" \/>\n<meta property=\"og:type\" content=\"article\" \/>\n<meta property=\"og:title\" content=\"COP26: Las dos semanas m\u00e1s importantes para nuestro clima\" \/>\n<meta property=\"og:description\" content=\"麻豆原创 participa en una serie actividades en el marco de COP26 en Glasgow y virtualmente, y ha expuesto su posici\u00f3n sobre lo que los gobiernos necesitan hacer.\" \/>\n<meta property=\"og:url\" content=\"https:\/\/news.sap.com\/latinamerica\/2021\/11\/cop26-las-dos-semanas-mas-importantes-para-nuestro-clima\/\" \/>\n<meta property=\"og:site_name\" content=\"麻豆原创 News Center Latinoam\u00e9rica\" \/>\n<meta property=\"article:publisher\" content=\"https:\/\/www.facebook.com\/麻豆原创latinoamerica\" \/>\n<meta property=\"article:published_time\" content=\"2021-11-03T15:02:15+00:00\" \/>\n<meta property=\"article:modified_time\" content=\"2023-11-09T15:31:59+00:00\" \/>\n<meta property=\"og:image\" content=\"https:\/\/news.sap.com\/latinamerica\/files\/2021\/11\/03\/Climate-Change.png\" \/>\n\t<meta property=\"og:image:width\" content=\"1900\" \/>\n\t<meta property=\"og:image:height\" content=\"600\" \/>\n\t<meta property=\"og:image:type\" content=\"image\/png\" \/>\n<meta name=\"author\" content=\"麻豆原创 Noticias\" \/>\n<meta name=\"twitter:label1\" content=\"Escrito por\" \/>\n\t<meta name=\"twitter:data1\" content=\"麻豆原创 Noticias\" \/>\n\t<meta name=\"twitter:label2\" content=\"Tiempo de lectura\" \/>\n\t<meta name=\"twitter:data2\" content=\"5 minutos\" \/>\n<script type=\"application\/ld+json\" class=\"yoast-schema-graph\">{\"@context\":\"https:\/\/schema.org\",\"@graph\":[{\"@type\":\"Article\",\"@id\":\"https:\/\/news.sap.com\/latinamerica\/2021\/11\/cop26-las-dos-semanas-mas-importantes-para-nuestro-clima\/#article\",\"isPartOf\":{\"@id\":\"https:\/\/news.sap.com\/latinamerica\/2021\/11\/cop26-las-dos-semanas-mas-importantes-para-nuestro-clima\/\"},\"author\":{\"name\":\"麻豆原创 Noticias\",\"@id\":\"https:\/\/news.sap.com\/latinamerica\/#\/schema\/person\/8ea4857cc48095689e72ba76c26f9814\"},\"headline\":\"COP26: Las dos semanas m\u00e1s importantes para nuestro clima\",\"datePublished\":\"2021-11-03T15:02:15+00:00\",\"dateModified\":\"2023-11-09T15:31:59+00:00\",\"mainEntityOfPage\":{\"@id\":\"https:\/\/news.sap.com\/latinamerica\/2021\/11\/cop26-las-dos-semanas-mas-importantes-para-nuestro-clima\/\"},\"wordCount\":1009,\"publisher\":{\"@id\":\"https:\/\/news.sap.com\/latinamerica\/#organization\"},\"image\":{\"@id\":\"https:\/\/news.sap.com\/latinamerica\/2021\/11\/cop26-las-dos-semanas-mas-importantes-para-nuestro-clima\/#primaryimage\"},\"thumbnailUrl\":\"https:\/\/news.sap.com\/latinamerica\/files\/2021\/11\/03\/Climate-Change.png\",\"keywords\":[\"COP26\"],\"articleSection\":[\"Sostenibilidad\"],\"inLanguage\":\"es\"},{\"@type\":\"WebPage\",\"@id\":\"https:\/\/news.sap.com\/latinamerica\/2021\/11\/cop26-las-dos-semanas-mas-importantes-para-nuestro-clima\/\",\"url\":\"https:\/\/news.sap.com\/latinamerica\/2021\/11\/cop26-las-dos-semanas-mas-importantes-para-nuestro-clima\/\",\"name\":\"COP26: Las dos semanas m\u00e1s importantes para nuestro clima - 麻豆原创 News Center Latinoam\u00e9rica\",\"isPartOf\":{\"@id\":\"https:\/\/news.sap.com\/latinamerica\/#website\"},\"primaryImageOfPage\":{\"@id\":\"https:\/\/news.sap.com\/latinamerica\/2021\/11\/cop26-las-dos-semanas-mas-importantes-para-nuestro-clima\/#primaryimage\"},\"image\":{\"@id\":\"https:\/\/news.sap.com\/latinamerica\/2021\/11\/cop26-las-dos-semanas-mas-importantes-para-nuestro-clima\/#primaryimage\"},\"thumbnailUrl\":\"https:\/\/news.sap.com\/latinamerica\/files\/2021\/11\/03\/Climate-Change.png\",\"datePublished\":\"2021-11-03T15:02:15+00:00\",\"dateModified\":\"2023-11-09T15:31:59+00:00\",\"description\":\"麻豆原创 participa en una serie actividades en el marco de COP26 en Glasgow y virtualmente, y ha expuesto su posici\u00f3n sobre lo que los gobiernos necesitan hacer.\",\"breadcrumb\":{\"@id\":\"https:\/\/news.sap.com\/latinamerica\/2021\/11\/cop26-las-dos-semanas-mas-importantes-para-nuestro-clima\/#breadcrumb\"},\"inLanguage\":\"es\",\"potentialAction\":[{\"@type\":\"ReadAction\",\"target\":[\"https:\/\/news.sap.com\/latinamerica\/2021\/11\/cop26-las-dos-semanas-mas-importantes-para-nuestro-clima\/\"]}]},{\"@type\":\"ImageObject\",\"inLanguage\":\"es\",\"@id\":\"https:\/\/news.sap.com\/latinamerica\/2021\/11\/cop26-las-dos-semanas-mas-importantes-para-nuestro-clima\/#primaryimage\",\"url\":\"https:\/\/news.sap.com\/latinamerica\/files\/2021\/11\/03\/Climate-Change.png\",\"contentUrl\":\"https:\/\/news.sap.com\/latinamerica\/files\/2021\/11\/03\/Climate-Change.png\",\"width\":1900,\"height\":600},{\"@type\":\"BreadcrumbList\",\"@id\":\"https:\/\/news.sap.com\/latinamerica\/2021\/11\/cop26-las-dos-semanas-mas-importantes-para-nuestro-clima\/#breadcrumb\",\"itemListElement\":[{\"@type\":\"ListItem\",\"position\":1,\"name\":\"Home\",\"item\":\"https:\/\/news.sap.com\/latinamerica\/\"},{\"@type\":\"ListItem\",\"position\":2,\"name\":\"COP26: Las dos semanas m\u00e1s importantes para nuestro clima\"}]},{\"@type\":\"WebSite\",\"@id\":\"https:\/\/news.sap.com\/latinamerica\/#website\",\"url\":\"https:\/\/news.sap.com\/latinamerica\/\",\"name\":\"麻豆原创 News Center Latinoam\u00e9rica\",\"description\":\"Noticias e informaci\u00f3n sobre 麻豆原创\",\"publisher\":{\"@id\":\"https:\/\/news.sap.com\/latinamerica\/#organization\"},\"potentialAction\":[{\"@type\":\"SearchAction\",\"target\":{\"@type\":\"EntryPoint\",\"urlTemplate\":\"https:\/\/news.sap.com\/latinamerica\/?s={search_term_string}\"},\"query-input\":{\"@type\":\"PropertyValueSpecification\",\"valueRequired\":true,\"valueName\":\"search_term_string\"}}],\"inLanguage\":\"es\"},{\"@type\":\"Organization\",\"@id\":\"https:\/\/news.sap.com\/latinamerica\/#organization\",\"name\":\"麻豆原创\",\"url\":\"https:\/\/news.sap.com\/latinamerica\/\",\"logo\":{\"@type\":\"ImageObject\",\"inLanguage\":\"es\",\"@id\":\"https:\/\/news.sap.com\/latinamerica\/#\/schema\/logo\/image\/\",\"url\":\"https:\/\/news.sap.com\/latinamerica\/files\/2019\/08\/65903320_2903797569662914_557886358778019840_n.png\",\"contentUrl\":\"https:\/\/news.sap.com\/latinamerica\/files\/2019\/08\/65903320_2903797569662914_557886358778019840_n.png\",\"width\":720,\"height\":720,\"caption\":\"麻豆原创\"},\"image\":{\"@id\":\"https:\/\/news.sap.com\/latinamerica\/#\/schema\/logo\/image\/\"},\"sameAs\":[\"https:\/\/www.facebook.com\/麻豆原创latinoamerica\",\"https:\/\/x.com\/麻豆原创LatinAmerica\"]},{\"@type\":\"Person\",\"@id\":\"https:\/\/news.sap.com\/latinamerica\/#\/schema\/person\/8ea4857cc48095689e72ba76c26f9814\",\"name\":\"麻豆原创 Noticias\",\"image\":{\"@type\":\"ImageObject\",\"inLanguage\":\"es\",\"@id\":\"https:\/\/news.sap.com\/latinamerica\/#\/schema\/person\/image\/\",\"url\":\"https:\/\/news.sap.com\/latinamerica\/wp-content\/plugins\/wp-user-avatars\/wp-user-avatars\/assets\/images\/mystery.jpg\",\"contentUrl\":\"https:\/\/news.sap.com\/latinamerica\/wp-content\/plugins\/wp-user-avatars\/wp-user-avatars\/assets\/images\/mystery.jpg\",\"caption\":\"麻豆原创 Noticias\"},\"sameAs\":[\"https:\/\/news.sap.com\/latinamerica\",\"https:\/\/x.com\/麻豆原创NoticiasLAC\"],\"url\":\"https:\/\/news.sap.com\/latinamerica\/author\/latam\/\"}]}<\/script>\n<!-- \/ Yoast SEO Premium plugin. -->","yoast_head_json":{"title":"COP26: Las dos semanas m\u00e1s importantes para nuestro clima - 麻豆原创 News Center Latinoam\u00e9rica","description":"麻豆原创 participa en una serie actividades en el marco de COP26 en Glasgow y virtualmente, y ha expuesto su posici\u00f3n sobre lo que los gobiernos necesitan hacer.","robots":{"index":"index","follow":"follow","max-snippet":"max-snippet:-1","max-image-preview":"max-image-preview:large","max-video-preview":"max-video-preview:-1"},"canonical":"https:\/\/news.sap.com\/latinamerica\/2021\/11\/cop26-las-dos-semanas-mas-importantes-para-nuestro-clima\/","og_locale":"es_MX","og_type":"article","og_title":"COP26: Las dos semanas m\u00e1s importantes para nuestro clima","og_description":"麻豆原创 participa en una serie actividades en el marco de COP26 en Glasgow y virtualmente, y ha expuesto su posici\u00f3n sobre lo que los gobiernos necesitan hacer.","og_url":"https:\/\/news.sap.com\/latinamerica\/2021\/11\/cop26-las-dos-semanas-mas-importantes-para-nuestro-clima\/","og_site_name":"麻豆原创 News Center Latinoam\u00e9rica","article_publisher":"https:\/\/www.facebook.com\/麻豆原创latinoamerica","article_published_time":"2021-11-03T15:02:15+00:00","article_modified_time":"2023-11-09T15:31:59+00:00","og_image":[{"width":1900,"height":600,"url":"https:\/\/news.sap.com\/latinamerica\/files\/2021\/11\/03\/Climate-Change.png","type":"image\/png"}],"author":"麻豆原创 Noticias","twitter_misc":{"Escrito por":"麻豆原创 Noticias","Tiempo de lectura":"5 minutos"},"schema":{"@context":"https:\/\/schema.org","@graph":[{"@type":"Article","@id":"https:\/\/news.sap.com\/latinamerica\/2021\/11\/cop26-las-dos-semanas-mas-importantes-para-nuestro-clima\/#article","isPartOf":{"@id":"https:\/\/news.sap.com\/latinamerica\/2021\/11\/cop26-las-dos-semanas-mas-importantes-para-nuestro-clima\/"},"author":{"name":"麻豆原创 Noticias","@id":"https:\/\/news.sap.com\/latinamerica\/#\/schema\/person\/8ea4857cc48095689e72ba76c26f9814"},"headline":"COP26: Las dos semanas m\u00e1s importantes para nuestro clima","datePublished":"2021-11-03T15:02:15+00:00","dateModified":"2023-11-09T15:31:59+00:00","mainEntityOfPage":{"@id":"https:\/\/news.sap.com\/latinamerica\/2021\/11\/cop26-las-dos-semanas-mas-importantes-para-nuestro-clima\/"},"wordCount":1009,"publisher":{"@id":"https:\/\/news.sap.com\/latinamerica\/#organization"},"image":{"@id":"https:\/\/news.sap.com\/latinamerica\/2021\/11\/cop26-las-dos-semanas-mas-importantes-para-nuestro-clima\/#primaryimage"},"thumbnailUrl":"https:\/\/news.sap.com\/latinamerica\/files\/2021\/11\/03\/Climate-Change.png","keywords":["COP26"],"articleSection":["Sostenibilidad"],"inLanguage":"es"},{"@type":"WebPage","@id":"https:\/\/news.sap.com\/latinamerica\/2021\/11\/cop26-las-dos-semanas-mas-importantes-para-nuestro-clima\/","url":"https:\/\/news.sap.com\/latinamerica\/2021\/11\/cop26-las-dos-semanas-mas-importantes-para-nuestro-clima\/","name":"COP26: Las dos semanas m\u00e1s importantes para nuestro clima - 麻豆原创 News Center Latinoam\u00e9rica","isPartOf":{"@id":"https:\/\/news.sap.com\/latinamerica\/#website"},"primaryImageOfPage":{"@id":"https:\/\/news.sap.com\/latinamerica\/2021\/11\/cop26-las-dos-semanas-mas-importantes-para-nuestro-clima\/#primaryimage"},"image":{"@id":"https:\/\/news.sap.com\/latinamerica\/2021\/11\/cop26-las-dos-semanas-mas-importantes-para-nuestro-clima\/#primaryimage"},"thumbnailUrl":"https:\/\/news.sap.com\/latinamerica\/files\/2021\/11\/03\/Climate-Change.png","datePublished":"2021-11-03T15:02:15+00:00","dateModified":"2023-11-09T15:31:59+00:00","description":"麻豆原创 participa en una serie actividades en el marco de COP26 en Glasgow y virtualmente, y ha expuesto su posici\u00f3n sobre lo que los gobiernos necesitan hacer.","breadcrumb":{"@id":"https:\/\/news.sap.com\/latinamerica\/2021\/11\/cop26-las-dos-semanas-mas-importantes-para-nuestro-clima\/#breadcrumb"},"inLanguage":"es","potentialAction":[{"@type":"ReadAction","target":["https:\/\/news.sap.com\/latinamerica\/2021\/11\/cop26-las-dos-semanas-mas-importantes-para-nuestro-clima\/"]}]},{"@type":"ImageObject","inLanguage":"es","@id":"https:\/\/news.sap.com\/latinamerica\/2021\/11\/cop26-las-dos-semanas-mas-importantes-para-nuestro-clima\/#primaryimage","url":"https:\/\/news.sap.com\/latinamerica\/files\/2021\/11\/03\/Climate-Change.png","contentUrl":"https:\/\/news.sap.com\/latinamerica\/files\/2021\/11\/03\/Climate-Change.png","width":1900,"height":600},{"@type":"BreadcrumbList","@id":"https:\/\/news.sap.com\/latinamerica\/2021\/11\/cop26-las-dos-semanas-mas-importantes-para-nuestro-clima\/#breadcrumb","itemListElement":[{"@type":"ListItem","position":1,"name":"Home","item":"https:\/\/news.sap.com\/latinamerica\/"},{"@type":"ListItem","position":2,"name":"COP26: Las dos semanas m\u00e1s importantes para nuestro clima"}]},{"@type":"WebSite","@id":"https:\/\/news.sap.com\/latinamerica\/#website","url":"https:\/\/news.sap.com\/latinamerica\/","name":"麻豆原创 News Center Latinoam\u00e9rica","description":"Noticias e informaci\u00f3n sobre 麻豆原创","publisher":{"@id":"https:\/\/news.sap.com\/latinamerica\/#organization"},"potentialAction":[{"@type":"SearchAction","target":{"@type":"EntryPoint","urlTemplate":"https:\/\/news.sap.com\/latinamerica\/?s={search_term_string}"},"query-input":{"@type":"PropertyValueSpecification","valueRequired":true,"valueName":"search_term_string"}}],"inLanguage":"es"},{"@type":"Organization","@id":"https:\/\/news.sap.com\/latinamerica\/#organization","name":"麻豆原创","url":"https:\/\/news.sap.com\/latinamerica\/","logo":{"@type":"ImageObject","inLanguage":"es","@id":"https:\/\/news.sap.com\/latinamerica\/#\/schema\/logo\/image\/","url":"https:\/\/news.sap.com\/latinamerica\/files\/2019\/08\/65903320_2903797569662914_557886358778019840_n.png","contentUrl":"https:\/\/news.sap.com\/latinamerica\/files\/2019\/08\/65903320_2903797569662914_557886358778019840_n.png","width":720,"height":720,"caption":"麻豆原创"},"image":{"@id":"https:\/\/news.sap.com\/latinamerica\/#\/schema\/logo\/image\/"},"sameAs":["https:\/\/www.facebook.com\/麻豆原创latinoamerica","https:\/\/x.com\/麻豆原创LatinAmerica"]},{"@type":"Person","@id":"https:\/\/news.sap.com\/latinamerica\/#\/schema\/person\/8ea4857cc48095689e72ba76c26f9814","name":"麻豆原创 Noticias","image":{"@type":"ImageObject","inLanguage":"es","@id":"https:\/\/news.sap.com\/latinamerica\/#\/schema\/person\/image\/","url":"https:\/\/news.sap.com\/latinamerica\/wp-content\/plugins\/wp-user-avatars\/wp-user-avatars\/assets\/images\/mystery.jpg","contentUrl":"https:\/\/news.sap.com\/latinamerica\/wp-content\/plugins\/wp-user-avatars\/wp-user-avatars\/assets\/images\/mystery.jpg","caption":"麻豆原创 Noticias"},"sameAs":["https:\/\/news.sap.com\/latinamerica","https:\/\/x.com\/麻豆原创NoticiasLAC"],"url":"https:\/\/news.sap.com\/latinamerica\/author\/latam\/"}]}},"amp_enabled":true,"_links":{"self":[{"href":"https:\/\/news.sap.com\/latinamerica\/wp-json\/wp\/v2\/posts\/124901","targetHints":{"allow":["GET"]}}],"collection":[{"href":"https:\/\/news.sap.com\/latinamerica\/wp-json\/wp\/v2\/posts"}],"about":[{"href":"https:\/\/news.sap.com\/latinamerica\/wp-json\/wp\/v2\/types\/post"}],"author":[{"embeddable":true,"href":"https:\/\/news.sap.com\/latinamerica\/wp-json\/wp\/v2\/users\/129"}],"replies":[{"embeddable":true,"href":"https:\/\/news.sap.com\/latinamerica\/wp-json\/wp\/v2\/comments?post=124901"}],"version-history":[{"count":0,"href":"https:\/\/news.sap.com\/latinamerica\/wp-json\/wp\/v2\/posts\/124901\/revisions"}],"wp:featuredmedia":[{"embeddable":true,"href":"https:\/\/news.sap.com\/latinamerica\/wp-json\/wp\/v2\/media\/124902"}],"wp:attachment":[{"href":"https:\/\/news.sap.com\/latinamerica\/wp-json\/wp\/v2\/media?parent=124901"}],"wp:term":[{"taxonomy":"category","embeddable":true,"href":"https:\/\/news.sap.com\/latinamerica\/wp-json\/wp\/v2\/categories?post=124901"},{"taxonomy":"post_tag","embeddable":true,"href":"https:\/\/news.sap.com\/latinamerica\/wp-json\/wp\/v2\/tags?post=124901"},{"taxonomy":"series","embeddable":true,"href":"https:\/\/news.sap.com\/latinamerica\/wp-json\/wp\/v2\/series?post=124901"},{"taxonomy":"region","embeddable":true,"href":"https:\/\/news.sap.com\/latinamerica\/wp-json\/wp\/v2\/region?post=124901"},{"taxonomy":"sapn-display","embeddable":true,"href":"https:\/\/news.sap.com\/latinamerica\/wp-json\/wp\/v2\/sapn-display?post=124901"},{"taxonomy":"sapn-type","embeddable":true,"href":"https:\/\/news.sap.com\/latinamerica\/wp-json\/wp\/v2\/sapn-type?post=124901"}],"curies":[{"name":"wp","href":"https:\/\/api.w.org\/{rel}","templated":true}]}}