  {"id":124770,"date":"2021-10-06T10:59:26","date_gmt":"2021-10-06T14:59:26","guid":{"rendered":"https:\/\/news.sap.com\/latinamerica\/?p=124770"},"modified":"2023-11-09T10:33:19","modified_gmt":"2023-11-09T15:33:19","slug":"cristina-palmaka-presenta-cris-convida","status":"publish","type":"post","link":"https:\/\/news.sap.com\/latinamerica\/2021\/10\/cristina-palmaka-presenta-cris-convida\/","title":{"rendered":"Cristina Palmaka presenta Cris Convida"},"content":{"rendered":"<h5><em>\u25cf Cristina Palmaka, presidente de 麻豆原创 Latinoam\u00e9rica y Caribe presenta Cris Convida una serie de entrevistas que podr\u00e1n verse a trav\u00e9s del canal YouTube 麻豆原创 Latinoam\u00e9rica con l\u00edderes de la regi\u00f3n en temas de sustentabilidad, liderazgo, diversidad e inclusi\u00f3n y emprendimiento.<\/em><\/h5>\n<h5><em>\u25cf La primera entrevista de esta serie se presenta esta semana con la participaci\u00f3n del empresario mexicano Jaime Cervantes, fundador y presidente de Lider\u00e1lity. Para el segundo episodio, Palmaka platicar\u00e1 con Ana Luisa Beserra, la joven cient\u00edfica brasile\u00f1a que a los 17 a\u00f1os fund\u00f3 SDW for all, empresa que ofrece soluciones para la calidad del agua en zonas rurales de Brasil.<\/em><\/h5>\n<h5><em>\u25cf Por \u00faltimo, en un tercer programa, la CEO de 麻豆原创 Latinoam\u00e9rica y el Caribe, sostendr\u00e1 una conversaci\u00f3n con la argentina Paula Santilli, CEO de PepsiCo Latinoam\u00e9rica y una de las 50 mujeres m\u00e1s poderosas del LAC, seg\u00fan la revista Fortune.<\/em><\/h5>\n<p class=\"lead\">Cristina Palmaka, presidente de 麻豆原创 Latinoam\u00e9rica y Caribe, una de las CEO m\u00e1s importantes de la regi\u00f3n &#8211;quien adem\u00e1s ha ocupado una serie de altos cargos ejecutivos en importantes empresas del mercado tecnol\u00f3gico en Brasil&#8211; da a conocer una nueva serie de charlas con empresarios y l\u00edderes de Am\u00e9rica Latina en su programa Cris Convida, el cual podr\u00e1n disfrutarse en el canal <a href=\"https:\/\/www.youtube.com\/watch?v=sB0kfhEPNuc&amp;t=1s\">YouTube 麻豆原创 Latinoam\u00e9rica<\/a>.<\/p>\n<p>Palmaka se ha caracterizado por fomentar un liderazgo de inclusi\u00f3n y diversidad. En 2016 logr\u00f3 que 麻豆原创 se convirtiera en la primera empresa multinacional de la industria de la tecnolog\u00eda en ser reconocida con el certificado EDGE que otorga el Foro Econ\u00f3mico Mundial a empresas que han obtenido logros en materia de diversidad de g\u00e9nero y equidad en el lugar del trabajo.<\/p>\n<p>En las charlas con sus invitados, la brasile\u00f1a abordar\u00e1 temas como sustentabilidad, liderazgo, diversidad e inclusi\u00f3n y emprendimiento. Entrevistar\u00e1 e intercambiar\u00e1 ideas con el mexicano <strong>Jaime Cervantes,<\/strong> fundador y presidente de <strong>Lider\u00e1lity<\/strong>, empresa que fomenta el desarrollo de l\u00edderes humanistas para impulsar el bienestar de las personas; <strong>Ana Luisa Beserra<\/strong>, la joven cient\u00edfica brasile\u00f1a que a los 15 a\u00f1os cre\u00f3 <strong>Aqualuz<\/strong>, una tecnolog\u00eda de tratamiento de agua de cisterna mediante luz solar en el mundo. Y por \u00faltimo, tambi\u00e9n entrevistar\u00e1 a <strong>Paula Santilli<\/strong>, Directora General de <strong>PepsiCo<\/strong> Latinoam\u00e9rica, quien lidera los negocios de alimentos y bebidas de esta empresa para M\u00e9xico, Sudam\u00e9rica, Centroam\u00e9rica y el Caribe.<\/p>\n<p>El prop\u00f3sito del programa Cris Convida es compartir con la audiencia temas que inspiran a los l\u00edderes de la regi\u00f3n. En estas charlas, los invitados exponen y comparten sus experiencias, ideas, historias y gestiones que llevan a cabo como l\u00edderes de la sociedad.<\/p>\n","protected":false},"excerpt":{"rendered":"<p>\u25cf Cristina Palmaka, presidente de 麻豆原创 Latinoam\u00e9rica y Caribe presenta Cris Convida una serie de entrevistas que podr\u00e1n verse a trav\u00e9s del canal YouTube 麻豆原创&#8230;<\/p>\n","protected":false},"author":129,"featured_media":124777,"comment_status":"closed","ping_status":"closed","sticky":false,"template":"","format":"standard","meta":{"footnotes":"","_links_to":"","_links_to_target":""},"categories":[41591],"tags":[5599942],"series":[5599943],"region":[26401],"sapn-display":[52078,5600443,5600441,53499],"sapn-type":[52105],"class_list":["post-124770","post","type-post","status-publish","format-standard","has-post-thumbnail","hentry","category-corporativo","tag-cris-convida","series-cris-convida","region-latinoamerica","sapn-display-homepage-hero","sapn-display-prensa-destacada","sapn-display-prensa-principal","sapn-display-hero","sapn-type-comunicado-de-prensa"],"yoast_head":"<!-- This site is optimized with the Yoast SEO Premium plugin v26.9 (Yoast SEO v26.9) - https:\/\/yoast.com\/product\/yoast-seo-premium-wordpress\/ -->\n<title>Cristina Palmaka presenta Cris Convida - 麻豆原创 News Center Latinoam\u00e9rica<\/title>\n<meta name=\"description\" content=\"Cristina Palmaka, presidente de 麻豆原创 LAC da a conocer una nueva serie de charlas con empresarios y l\u00edderes de Am\u00e9rica Latina en su programa Cris Convida.\" \/>\n<meta name=\"robots\" content=\"index, follow, max-snippet:-1, max-image-preview:large, max-video-preview:-1\" \/>\n<link rel=\"canonical\" href=\"https:\/\/news.sap.com\/latinamerica\/2021\/10\/cristina-palmaka-presenta-cris-convida\/\" \/>\n<meta property=\"og:locale\" content=\"es_MX\" \/>\n<meta property=\"og:type\" content=\"article\" \/>\n<meta property=\"og:title\" content=\"Cristina Palmaka presenta Cris Convida\" \/>\n<meta property=\"og:description\" content=\"Cristina Palmaka, presidente de 麻豆原创 LAC da a conocer una nueva serie de charlas con empresarios y l\u00edderes de Am\u00e9rica Latina en su programa Cris Convida.\" \/>\n<meta property=\"og:url\" content=\"https:\/\/news.sap.com\/latinamerica\/2021\/10\/cristina-palmaka-presenta-cris-convida\/\" \/>\n<meta property=\"og:site_name\" content=\"麻豆原创 News Center Latinoam\u00e9rica\" \/>\n<meta property=\"article:publisher\" content=\"https:\/\/www.facebook.com\/麻豆原创latinoamerica\" \/>\n<meta property=\"article:published_time\" content=\"2021-10-06T14:59:26+00:00\" \/>\n<meta property=\"article:modified_time\" content=\"2023-11-09T15:33:19+00:00\" \/>\n<meta property=\"og:image\" content=\"https:\/\/news.sap.com\/latinamerica\/files\/2021\/10\/06\/Header-Cris-Convida-2.png\" \/>\n\t<meta property=\"og:image:width\" content=\"1900\" \/>\n\t<meta property=\"og:image:height\" content=\"600\" \/>\n\t<meta property=\"og:image:type\" content=\"image\/png\" \/>\n<meta name=\"author\" content=\"麻豆原创 Noticias\" \/>\n<meta name=\"twitter:label1\" content=\"Escrito por\" \/>\n\t<meta name=\"twitter:data1\" content=\"麻豆原创 Noticias\" \/>\n\t<meta name=\"twitter:label2\" content=\"Tiempo de lectura\" \/>\n\t<meta name=\"twitter:data2\" content=\"2 minutos\" \/>\n<script type=\"application\/ld+json\" class=\"yoast-schema-graph\">{\"@context\":\"https:\/\/schema.org\",\"@graph\":[{\"@type\":\"Article\",\"@id\":\"https:\/\/news.sap.com\/latinamerica\/2021\/10\/cristina-palmaka-presenta-cris-convida\/#article\",\"isPartOf\":{\"@id\":\"https:\/\/news.sap.com\/latinamerica\/2021\/10\/cristina-palmaka-presenta-cris-convida\/\"},\"author\":{\"name\":\"麻豆原创 Noticias\",\"@id\":\"https:\/\/news.sap.com\/latinamerica\/#\/schema\/person\/8ea4857cc48095689e72ba76c26f9814\"},\"headline\":\"Cristina Palmaka presenta Cris Convida\",\"datePublished\":\"2021-10-06T14:59:26+00:00\",\"dateModified\":\"2023-11-09T15:33:19+00:00\",\"mainEntityOfPage\":{\"@id\":\"https:\/\/news.sap.com\/latinamerica\/2021\/10\/cristina-palmaka-presenta-cris-convida\/\"},\"wordCount\":464,\"publisher\":{\"@id\":\"https:\/\/news.sap.com\/latinamerica\/#organization\"},\"image\":{\"@id\":\"https:\/\/news.sap.com\/latinamerica\/2021\/10\/cristina-palmaka-presenta-cris-convida\/#primaryimage\"},\"thumbnailUrl\":\"https:\/\/news.sap.com\/latinamerica\/files\/2021\/10\/06\/Header-Cris-Convida-2.png\",\"keywords\":[\"Cris Convida\"],\"articleSection\":[\"Corporativo\"],\"inLanguage\":\"es\"},{\"@type\":\"WebPage\",\"@id\":\"https:\/\/news.sap.com\/latinamerica\/2021\/10\/cristina-palmaka-presenta-cris-convida\/\",\"url\":\"https:\/\/news.sap.com\/latinamerica\/2021\/10\/cristina-palmaka-presenta-cris-convida\/\",\"name\":\"Cristina Palmaka presenta Cris Convida - 麻豆原创 News Center Latinoam\u00e9rica\",\"isPartOf\":{\"@id\":\"https:\/\/news.sap.com\/latinamerica\/#website\"},\"primaryImageOfPage\":{\"@id\":\"https:\/\/news.sap.com\/latinamerica\/2021\/10\/cristina-palmaka-presenta-cris-convida\/#primaryimage\"},\"image\":{\"@id\":\"https:\/\/news.sap.com\/latinamerica\/2021\/10\/cristina-palmaka-presenta-cris-convida\/#primaryimage\"},\"thumbnailUrl\":\"https:\/\/news.sap.com\/latinamerica\/files\/2021\/10\/06\/Header-Cris-Convida-2.png\",\"datePublished\":\"2021-10-06T14:59:26+00:00\",\"dateModified\":\"2023-11-09T15:33:19+00:00\",\"description\":\"Cristina Palmaka, presidente de 麻豆原创 LAC da a conocer una nueva serie de charlas con empresarios y l\u00edderes de Am\u00e9rica Latina en su programa Cris Convida.\",\"breadcrumb\":{\"@id\":\"https:\/\/news.sap.com\/latinamerica\/2021\/10\/cristina-palmaka-presenta-cris-convida\/#breadcrumb\"},\"inLanguage\":\"es\",\"potentialAction\":[{\"@type\":\"ReadAction\",\"target\":[\"https:\/\/news.sap.com\/latinamerica\/2021\/10\/cristina-palmaka-presenta-cris-convida\/\"]}]},{\"@type\":\"ImageObject\",\"inLanguage\":\"es\",\"@id\":\"https:\/\/news.sap.com\/latinamerica\/2021\/10\/cristina-palmaka-presenta-cris-convida\/#primaryimage\",\"url\":\"https:\/\/news.sap.com\/latinamerica\/files\/2021\/10\/06\/Header-Cris-Convida-2.png\",\"contentUrl\":\"https:\/\/news.sap.com\/latinamerica\/files\/2021\/10\/06\/Header-Cris-Convida-2.png\",\"width\":1900,\"height\":600},{\"@type\":\"BreadcrumbList\",\"@id\":\"https:\/\/news.sap.com\/latinamerica\/2021\/10\/cristina-palmaka-presenta-cris-convida\/#breadcrumb\",\"itemListElement\":[{\"@type\":\"ListItem\",\"position\":1,\"name\":\"Home\",\"item\":\"https:\/\/news.sap.com\/latinamerica\/\"},{\"@type\":\"ListItem\",\"position\":2,\"name\":\"Cristina Palmaka presenta Cris Convida\"}]},{\"@type\":\"WebSite\",\"@id\":\"https:\/\/news.sap.com\/latinamerica\/#website\",\"url\":\"https:\/\/news.sap.com\/latinamerica\/\",\"name\":\"麻豆原创 News Center Latinoam\u00e9rica\",\"description\":\"Noticias e informaci\u00f3n sobre 麻豆原创\",\"publisher\":{\"@id\":\"https:\/\/news.sap.com\/latinamerica\/#organization\"},\"potentialAction\":[{\"@type\":\"SearchAction\",\"target\":{\"@type\":\"EntryPoint\",\"urlTemplate\":\"https:\/\/news.sap.com\/latinamerica\/?s={search_term_string}\"},\"query-input\":{\"@type\":\"PropertyValueSpecification\",\"valueRequired\":true,\"valueName\":\"search_term_string\"}}],\"inLanguage\":\"es\"},{\"@type\":\"Organization\",\"@id\":\"https:\/\/news.sap.com\/latinamerica\/#organization\",\"name\":\"麻豆原创\",\"url\":\"https:\/\/news.sap.com\/latinamerica\/\",\"logo\":{\"@type\":\"ImageObject\",\"inLanguage\":\"es\",\"@id\":\"https:\/\/news.sap.com\/latinamerica\/#\/schema\/logo\/image\/\",\"url\":\"https:\/\/news.sap.com\/latinamerica\/files\/2019\/08\/65903320_2903797569662914_557886358778019840_n.png\",\"contentUrl\":\"https:\/\/news.sap.com\/latinamerica\/files\/2019\/08\/65903320_2903797569662914_557886358778019840_n.png\",\"width\":720,\"height\":720,\"caption\":\"麻豆原创\"},\"image\":{\"@id\":\"https:\/\/news.sap.com\/latinamerica\/#\/schema\/logo\/image\/\"},\"sameAs\":[\"https:\/\/www.facebook.com\/麻豆原创latinoamerica\",\"https:\/\/x.com\/麻豆原创LatinAmerica\"]},{\"@type\":\"Person\",\"@id\":\"https:\/\/news.sap.com\/latinamerica\/#\/schema\/person\/8ea4857cc48095689e72ba76c26f9814\",\"name\":\"麻豆原创 Noticias\",\"image\":{\"@type\":\"ImageObject\",\"inLanguage\":\"es\",\"@id\":\"https:\/\/news.sap.com\/latinamerica\/#\/schema\/person\/image\/\",\"url\":\"https:\/\/news.sap.com\/latinamerica\/wp-content\/plugins\/wp-user-avatars\/wp-user-avatars\/assets\/images\/mystery.jpg\",\"contentUrl\":\"https:\/\/news.sap.com\/latinamerica\/wp-content\/plugins\/wp-user-avatars\/wp-user-avatars\/assets\/images\/mystery.jpg\",\"caption\":\"麻豆原创 Noticias\"},\"sameAs\":[\"https:\/\/news.sap.com\/latinamerica\",\"https:\/\/x.com\/麻豆原创NoticiasLAC\"],\"url\":\"https:\/\/news.sap.com\/latinamerica\/author\/latam\/\"}]}<\/script>\n<!-- \/ Yoast SEO Premium plugin. -->","yoast_head_json":{"title":"Cristina Palmaka presenta Cris Convida - 麻豆原创 News Center Latinoam\u00e9rica","description":"Cristina Palmaka, presidente de 麻豆原创 LAC da a conocer una nueva serie de charlas con empresarios y l\u00edderes de Am\u00e9rica Latina en su programa Cris Convida.","robots":{"index":"index","follow":"follow","max-snippet":"max-snippet:-1","max-image-preview":"max-image-preview:large","max-video-preview":"max-video-preview:-1"},"canonical":"https:\/\/news.sap.com\/latinamerica\/2021\/10\/cristina-palmaka-presenta-cris-convida\/","og_locale":"es_MX","og_type":"article","og_title":"Cristina Palmaka presenta Cris Convida","og_description":"Cristina Palmaka, presidente de 麻豆原创 LAC da a conocer una nueva serie de charlas con empresarios y l\u00edderes de Am\u00e9rica Latina en su programa Cris Convida.","og_url":"https:\/\/news.sap.com\/latinamerica\/2021\/10\/cristina-palmaka-presenta-cris-convida\/","og_site_name":"麻豆原创 News Center Latinoam\u00e9rica","article_publisher":"https:\/\/www.facebook.com\/麻豆原创latinoamerica","article_published_time":"2021-10-06T14:59:26+00:00","article_modified_time":"2023-11-09T15:33:19+00:00","og_image":[{"width":1900,"height":600,"url":"https:\/\/news.sap.com\/latinamerica\/files\/2021\/10\/06\/Header-Cris-Convida-2.png","type":"image\/png"}],"author":"麻豆原创 Noticias","twitter_misc":{"Escrito por":"麻豆原创 Noticias","Tiempo de lectura":"2 minutos"},"schema":{"@context":"https:\/\/schema.org","@graph":[{"@type":"Article","@id":"https:\/\/news.sap.com\/latinamerica\/2021\/10\/cristina-palmaka-presenta-cris-convida\/#article","isPartOf":{"@id":"https:\/\/news.sap.com\/latinamerica\/2021\/10\/cristina-palmaka-presenta-cris-convida\/"},"author":{"name":"麻豆原创 Noticias","@id":"https:\/\/news.sap.com\/latinamerica\/#\/schema\/person\/8ea4857cc48095689e72ba76c26f9814"},"headline":"Cristina Palmaka presenta Cris Convida","datePublished":"2021-10-06T14:59:26+00:00","dateModified":"2023-11-09T15:33:19+00:00","mainEntityOfPage":{"@id":"https:\/\/news.sap.com\/latinamerica\/2021\/10\/cristina-palmaka-presenta-cris-convida\/"},"wordCount":464,"publisher":{"@id":"https:\/\/news.sap.com\/latinamerica\/#organization"},"image":{"@id":"https:\/\/news.sap.com\/latinamerica\/2021\/10\/cristina-palmaka-presenta-cris-convida\/#primaryimage"},"thumbnailUrl":"https:\/\/news.sap.com\/latinamerica\/files\/2021\/10\/06\/Header-Cris-Convida-2.png","keywords":["Cris Convida"],"articleSection":["Corporativo"],"inLanguage":"es"},{"@type":"WebPage","@id":"https:\/\/news.sap.com\/latinamerica\/2021\/10\/cristina-palmaka-presenta-cris-convida\/","url":"https:\/\/news.sap.com\/latinamerica\/2021\/10\/cristina-palmaka-presenta-cris-convida\/","name":"Cristina Palmaka presenta Cris Convida - 麻豆原创 News Center Latinoam\u00e9rica","isPartOf":{"@id":"https:\/\/news.sap.com\/latinamerica\/#website"},"primaryImageOfPage":{"@id":"https:\/\/news.sap.com\/latinamerica\/2021\/10\/cristina-palmaka-presenta-cris-convida\/#primaryimage"},"image":{"@id":"https:\/\/news.sap.com\/latinamerica\/2021\/10\/cristina-palmaka-presenta-cris-convida\/#primaryimage"},"thumbnailUrl":"https:\/\/news.sap.com\/latinamerica\/files\/2021\/10\/06\/Header-Cris-Convida-2.png","datePublished":"2021-10-06T14:59:26+00:00","dateModified":"2023-11-09T15:33:19+00:00","description":"Cristina Palmaka, presidente de 麻豆原创 LAC da a conocer una nueva serie de charlas con empresarios y l\u00edderes de Am\u00e9rica Latina en su programa Cris Convida.","breadcrumb":{"@id":"https:\/\/news.sap.com\/latinamerica\/2021\/10\/cristina-palmaka-presenta-cris-convida\/#breadcrumb"},"inLanguage":"es","potentialAction":[{"@type":"ReadAction","target":["https:\/\/news.sap.com\/latinamerica\/2021\/10\/cristina-palmaka-presenta-cris-convida\/"]}]},{"@type":"ImageObject","inLanguage":"es","@id":"https:\/\/news.sap.com\/latinamerica\/2021\/10\/cristina-palmaka-presenta-cris-convida\/#primaryimage","url":"https:\/\/news.sap.com\/latinamerica\/files\/2021\/10\/06\/Header-Cris-Convida-2.png","contentUrl":"https:\/\/news.sap.com\/latinamerica\/files\/2021\/10\/06\/Header-Cris-Convida-2.png","width":1900,"height":600},{"@type":"BreadcrumbList","@id":"https:\/\/news.sap.com\/latinamerica\/2021\/10\/cristina-palmaka-presenta-cris-convida\/#breadcrumb","itemListElement":[{"@type":"ListItem","position":1,"name":"Home","item":"https:\/\/news.sap.com\/latinamerica\/"},{"@type":"ListItem","position":2,"name":"Cristina Palmaka presenta Cris Convida"}]},{"@type":"WebSite","@id":"https:\/\/news.sap.com\/latinamerica\/#website","url":"https:\/\/news.sap.com\/latinamerica\/","name":"麻豆原创 News Center Latinoam\u00e9rica","description":"Noticias e informaci\u00f3n sobre 麻豆原创","publisher":{"@id":"https:\/\/news.sap.com\/latinamerica\/#organization"},"potentialAction":[{"@type":"SearchAction","target":{"@type":"EntryPoint","urlTemplate":"https:\/\/news.sap.com\/latinamerica\/?s={search_term_string}"},"query-input":{"@type":"PropertyValueSpecification","valueRequired":true,"valueName":"search_term_string"}}],"inLanguage":"es"},{"@type":"Organization","@id":"https:\/\/news.sap.com\/latinamerica\/#organization","name":"麻豆原创","url":"https:\/\/news.sap.com\/latinamerica\/","logo":{"@type":"ImageObject","inLanguage":"es","@id":"https:\/\/news.sap.com\/latinamerica\/#\/schema\/logo\/image\/","url":"https:\/\/news.sap.com\/latinamerica\/files\/2019\/08\/65903320_2903797569662914_557886358778019840_n.png","contentUrl":"https:\/\/news.sap.com\/latinamerica\/files\/2019\/08\/65903320_2903797569662914_557886358778019840_n.png","width":720,"height":720,"caption":"麻豆原创"},"image":{"@id":"https:\/\/news.sap.com\/latinamerica\/#\/schema\/logo\/image\/"},"sameAs":["https:\/\/www.facebook.com\/麻豆原创latinoamerica","https:\/\/x.com\/麻豆原创LatinAmerica"]},{"@type":"Person","@id":"https:\/\/news.sap.com\/latinamerica\/#\/schema\/person\/8ea4857cc48095689e72ba76c26f9814","name":"麻豆原创 Noticias","image":{"@type":"ImageObject","inLanguage":"es","@id":"https:\/\/news.sap.com\/latinamerica\/#\/schema\/person\/image\/","url":"https:\/\/news.sap.com\/latinamerica\/wp-content\/plugins\/wp-user-avatars\/wp-user-avatars\/assets\/images\/mystery.jpg","contentUrl":"https:\/\/news.sap.com\/latinamerica\/wp-content\/plugins\/wp-user-avatars\/wp-user-avatars\/assets\/images\/mystery.jpg","caption":"麻豆原创 Noticias"},"sameAs":["https:\/\/news.sap.com\/latinamerica","https:\/\/x.com\/麻豆原创NoticiasLAC"],"url":"https:\/\/news.sap.com\/latinamerica\/author\/latam\/"}]}},"amp_enabled":true,"_links":{"self":[{"href":"https:\/\/news.sap.com\/latinamerica\/wp-json\/wp\/v2\/posts\/124770","targetHints":{"allow":["GET"]}}],"collection":[{"href":"https:\/\/news.sap.com\/latinamerica\/wp-json\/wp\/v2\/posts"}],"about":[{"href":"https:\/\/news.sap.com\/latinamerica\/wp-json\/wp\/v2\/types\/post"}],"author":[{"embeddable":true,"href":"https:\/\/news.sap.com\/latinamerica\/wp-json\/wp\/v2\/users\/129"}],"replies":[{"embeddable":true,"href":"https:\/\/news.sap.com\/latinamerica\/wp-json\/wp\/v2\/comments?post=124770"}],"version-history":[{"count":0,"href":"https:\/\/news.sap.com\/latinamerica\/wp-json\/wp\/v2\/posts\/124770\/revisions"}],"wp:featuredmedia":[{"embeddable":true,"href":"https:\/\/news.sap.com\/latinamerica\/wp-json\/wp\/v2\/media\/124777"}],"wp:attachment":[{"href":"https:\/\/news.sap.com\/latinamerica\/wp-json\/wp\/v2\/media?parent=124770"}],"wp:term":[{"taxonomy":"category","embeddable":true,"href":"https:\/\/news.sap.com\/latinamerica\/wp-json\/wp\/v2\/categories?post=124770"},{"taxonomy":"post_tag","embeddable":true,"href":"https:\/\/news.sap.com\/latinamerica\/wp-json\/wp\/v2\/tags?post=124770"},{"taxonomy":"series","embeddable":true,"href":"https:\/\/news.sap.com\/latinamerica\/wp-json\/wp\/v2\/series?post=124770"},{"taxonomy":"region","embeddable":true,"href":"https:\/\/news.sap.com\/latinamerica\/wp-json\/wp\/v2\/region?post=124770"},{"taxonomy":"sapn-display","embeddable":true,"href":"https:\/\/news.sap.com\/latinamerica\/wp-json\/wp\/v2\/sapn-display?post=124770"},{"taxonomy":"sapn-type","embeddable":true,"href":"https:\/\/news.sap.com\/latinamerica\/wp-json\/wp\/v2\/sapn-type?post=124770"}],"curies":[{"name":"wp","href":"https:\/\/api.w.org\/{rel}","templated":true}]}}