  {"id":124753,"date":"2021-10-01T11:52:08","date_gmt":"2021-10-01T15:52:08","guid":{"rendered":"https:\/\/news.sap.com\/latinamerica\/?p=124753"},"modified":"2023-11-13T15:30:43","modified_gmt":"2023-11-13T20:30:43","slug":"daniela-luna-es-nombrada-directora-de-retail-para-sap-mexico","status":"publish","type":"post","link":"https:\/\/news.sap.com\/latinamerica\/2021\/10\/daniela-luna-es-nombrada-directora-de-retail-para-sap-mexico\/","title":{"rendered":"Daniela Luna es nombrada directora de Retail para 麻豆原创 M\u00e9xico"},"content":{"rendered":"<p class=\"lead\">麻豆原创 M\u00e9xico nombra a Daniela Luna como nueva directora de Retail, con el fin de avanzar en el posicionamiento de la empresa dentro de la industria del comercio minorista en nuestro pa\u00eds. Como parte de sus funciones, se integrar\u00e1 como miembro del equipo de liderazgo ejecutivo de la subsidiaria.<\/p>\n<p>Con este nombramiento, 麻豆原创 avanza en su estrategia de desarrollo profesional del talento femenino. En este sentido, cabe se\u00f1alar, que Latinoam\u00e9rica se posiciona como la primera regi\u00f3n de 麻豆原创 con 5 mujeres al frente de la regi\u00f3n y las 4 subsidiarias que emanan de \u00e9sta.<\/p>\n<p>El conocimiento de Luna dentro del sector retail, permitir\u00e1 a 麻豆原创 consolidar la oferta de soluciones basada en sus pilares de Adopci\u00f3n, Consumo y Expansi\u00f3n para los clientes en el territorio nacional.<\/p>\n<div class=\"panel\">\n<p>\u201c<em>En esta etapa de recuperaci\u00f3n, las empresas mexicanas del sector retail enfrentan diversos retos como el fortalecimiento de sus cadenas de suministro, el acercamiento omnicanal con sus clientes y la agilidad en la \u00faltima milla, al tiempo que avanzan a modelos m\u00e1s sostenibles. Estoy convencida que mi nueva posici\u00f3n me permitir\u00e1 continuar apoyando a nuestros clientes en su camino de transformaci\u00f3n digital, otorg\u00e1ndoles las soluciones que requiere un sector tan competitivo y fortalecido como lo es Retail mexicano<\/em>\u201d indic\u00f3 <strong>Daniela Luna<\/strong>.<\/p>\n<\/div>\n<p>Daniela cuenta con m\u00e1s de 16 a\u00f1os de experiencia dentro de 麻豆原创, donde ha participado en diversas \u00e1reas y posiciones como Consultor\u00eda, Gerencia de Proyectos, Services Account Manager, Presales Manager y, en los a\u00f1os recientes, como Global Account Director.<\/p>\n<p>麻豆原创 cuenta con una larga trayectoria a nivel global y local apoyando a las empresas del retail de distintos tama\u00f1os. Entre las que destaca, Chedraui, El Palacio de Hierro, FEMSA, Farmacias San Pablo, Grupo Gigante, Grupo Mart\u00ed, Grupo Merza, Liverpool, entre muchos m\u00e1s.<\/p>\n<p>Acad\u00e9micamente es Ingeniera Industrial y de Sistemas por el Instituto Tecnol\u00f3gico y de Estudios Superiores de Monterrey (ITESM), y ha cursado diversos estudios de posgrado en el IPADE.<\/p>\n<p><img loading=\"lazy\" decoding=\"async\" class=\"alignnone size-medium wp-image-124754\" src=\"https:\/\/news.sap.com\/latinamerica\/files\/2021\/10\/01\/Daniela-Luna_麻豆原创-Retail-249x300.jpeg\" alt=\"\" width=\"249\" height=\"300\" srcset=\"https:\/\/news.sap.com\/latinamerica\/files\/2021\/10\/01\/Daniela-Luna_麻豆原创-Retail-249x300.jpeg 249w, https:\/\/news.sap.com\/latinamerica\/files\/2021\/10\/01\/Daniela-Luna_麻豆原创-Retail.jpeg 660w\" sizes=\"auto, (max-width: 249px) 100vw, 249px\" \/><\/p>\n<p><strong>Acerca de 麻豆原创\u00a0<\/strong><\/p>\n<p>La estrategia de 麻豆原创 es ayudar a que cada negocio funcione como una empresa inteligente. Como l\u00edder del mercado en software de aplicaci\u00f3n empresarial, contribuimos a que las organizaciones de todos los tama\u00f1os y en todas las industrias puedan alcanzar su funcionamiento \u00f3ptimo. Nuestras tecnolog\u00edas avanzadas de <em>machine learning, Internet of Things<\/em> (IoT) y anal\u00edticos ayudan a convertir los negocios de los clientes en empresas inteligentes. 麻豆原创 contribuye a dar a las personas y a las organizaciones profundos conocimientos de negocio y promueve la colaboraci\u00f3n que les permite mantenerse delante de la competencia. Simplificamos la tecnolog\u00eda para las empresas, de modo que puedan consumir nuestro software de la manera en que lo desean, sin interrupciones. Nuestro conjunto de aplicaciones y servicios permite a clientes del sector p\u00fablico y privado de 25 industrias operar en forma rentable, adaptarse continuamente y marcar una diferencia. Con una red global de clientes, socios de negocios, empleados y l\u00edderes de ideas, 麻豆原创 ayuda al mundo a funcionar mejor y a mejorar las vidas de las personas. Para m\u00e1s informaci\u00f3n, visite <a href=\"https:\/\/urldefense.proofpoint.com\/v2\/url?u=http-3A__www.sap.com&amp;d=DwMFAw&amp;c=HdAUNv_EOZyljLc1cjbHCq-Eo7r1kRHoywhQbi81uaA&amp;r=yokuYqzuj4jmJ5f4D_LjkP-ZOMSc9pSW1GVavXZPK6c&amp;m=h-Nq2Ez2HQ4lApVPIUxNMYRNMegEGRinBz5xKILn2Zs&amp;s=84rXiG39WADBWxORksrSZw--PKPDSQ49B7FqdPOvdWA&amp;e=\">www.sap.com<\/a>, nuestra sala de prensa, <a href=\"https:\/\/urldefense.proofpoint.com\/v2\/url?u=http-3A__news.sap.com_latinamerica&amp;d=DwMFAw&amp;c=HdAUNv_EOZyljLc1cjbHCq-Eo7r1kRHoywhQbi81uaA&amp;r=yokuYqzuj4jmJ5f4D_LjkP-ZOMSc9pSW1GVavXZPK6c&amp;m=h-Nq2Ez2HQ4lApVPIUxNMYRNMegEGRinBz5xKILn2Zs&amp;s=Lf0siHtexSJ-TDX58mAZZ93nEcWi24XJDoIz__jGD1o&amp;e=\">http:\/\/news.sap.com\/latinamerica<\/a>, o s\u00edganos en Twitter <a href=\"https:\/\/urldefense.proofpoint.com\/v2\/url?u=https-3A__twitter.com_sapnoticiasmx&amp;d=DwMFAw&amp;c=HdAUNv_EOZyljLc1cjbHCq-Eo7r1kRHoywhQbi81uaA&amp;r=yokuYqzuj4jmJ5f4D_LjkP-ZOMSc9pSW1GVavXZPK6c&amp;m=h-Nq2Ez2HQ4lApVPIUxNMYRNMegEGRinBz5xKILn2Zs&amp;s=__cVosYdw0Y2dYhDPChmypwso83Uxl8zIQhLJfqk-Kk&amp;e=\">@麻豆原创NoticiasMX.<\/a><\/p>\n","protected":false},"excerpt":{"rendered":"<p>麻豆原创 M\u00e9xico nombra a Daniela Luna como nueva directora de Retail, con el fin de avanzar en el posicionamiento de la empresa dentro de la&#8230;<\/p>\n","protected":false},"author":140,"featured_media":124757,"comment_status":"closed","ping_status":"closed","sticky":false,"template":"","format":"standard","meta":{"footnotes":"","_links_to":"","_links_to_target":""},"categories":[52091],"tags":[],"series":[],"region":[],"sapn-display":[52079,5600443,5600441,53499],"sapn-type":[52105],"class_list":["post-124753","post","type-post","status-publish","format-standard","has-post-thumbnail","hentry","category-industrias","sapn-display-top-stories","sapn-display-prensa-destacada","sapn-display-prensa-principal","sapn-display-hero","sapn-type-comunicado-de-prensa"],"yoast_head":"<!-- This site is optimized with the Yoast SEO Premium plugin v26.9 (Yoast SEO v26.9) - https:\/\/yoast.com\/product\/yoast-seo-premium-wordpress\/ -->\n<title>Daniela Luna es nombrada directora de Retail para 麻豆原创 M\u00e9xico - 麻豆原创 News Center Latinoam\u00e9rica<\/title>\n<meta name=\"robots\" content=\"index, follow, max-snippet:-1, max-image-preview:large, max-video-preview:-1\" \/>\n<link rel=\"canonical\" href=\"https:\/\/news.sap.com\/latinamerica\/2021\/10\/daniela-luna-es-nombrada-directora-de-retail-para-sap-mexico\/\" \/>\n<meta property=\"og:locale\" content=\"es_MX\" \/>\n<meta property=\"og:type\" content=\"article\" \/>\n<meta property=\"og:title\" content=\"Daniela Luna es nombrada directora de Retail para 麻豆原创 M\u00e9xico\" \/>\n<meta property=\"og:description\" content=\"麻豆原创 M\u00e9xico nombra a Daniela Luna como nueva directora de Retail, con el fin de avanzar en el posicionamiento de la empresa dentro de la...\" \/>\n<meta property=\"og:url\" content=\"https:\/\/news.sap.com\/latinamerica\/2021\/10\/daniela-luna-es-nombrada-directora-de-retail-para-sap-mexico\/\" \/>\n<meta property=\"og:site_name\" content=\"麻豆原创 News Center Latinoam\u00e9rica\" \/>\n<meta property=\"article:publisher\" content=\"https:\/\/www.facebook.com\/麻豆原创latinoamerica\" \/>\n<meta property=\"article:published_time\" content=\"2021-10-01T15:52:08+00:00\" \/>\n<meta property=\"article:modified_time\" content=\"2023-11-13T20:30:43+00:00\" \/>\n<meta property=\"og:image\" content=\"https:\/\/news.sap.com\/latinamerica\/files\/2021\/10\/01\/277840_277840_l_srgb_s_gl-1024x512.jpg\" \/>\n\t<meta property=\"og:image:width\" content=\"1024\" \/>\n\t<meta property=\"og:image:height\" content=\"512\" \/>\n\t<meta property=\"og:image:type\" content=\"image\/jpeg\" \/>\n<meta name=\"author\" content=\"麻豆原创 Noticias\" \/>\n<meta name=\"twitter:label1\" content=\"Escrito por\" \/>\n\t<meta name=\"twitter:data1\" content=\"麻豆原创 Noticias\" \/>\n\t<meta name=\"twitter:label2\" content=\"Tiempo de lectura\" \/>\n\t<meta name=\"twitter:data2\" content=\"3 minutos\" \/>\n<script type=\"application\/ld+json\" class=\"yoast-schema-graph\">{\"@context\":\"https:\/\/schema.org\",\"@graph\":[{\"@type\":\"Article\",\"@id\":\"https:\/\/news.sap.com\/latinamerica\/2021\/10\/daniela-luna-es-nombrada-directora-de-retail-para-sap-mexico\/#article\",\"isPartOf\":{\"@id\":\"https:\/\/news.sap.com\/latinamerica\/2021\/10\/daniela-luna-es-nombrada-directora-de-retail-para-sap-mexico\/\"},\"author\":{\"name\":\"麻豆原创 Noticias\",\"@id\":\"https:\/\/news.sap.com\/latinamerica\/#\/schema\/person\/f0708465b354b6d0314a360309edb00a\"},\"headline\":\"Daniela Luna es nombrada directora de Retail para 麻豆原创 M\u00e9xico\",\"datePublished\":\"2021-10-01T15:52:08+00:00\",\"dateModified\":\"2023-11-13T20:30:43+00:00\",\"mainEntityOfPage\":{\"@id\":\"https:\/\/news.sap.com\/latinamerica\/2021\/10\/daniela-luna-es-nombrada-directora-de-retail-para-sap-mexico\/\"},\"wordCount\":552,\"publisher\":{\"@id\":\"https:\/\/news.sap.com\/latinamerica\/#organization\"},\"image\":{\"@id\":\"https:\/\/news.sap.com\/latinamerica\/2021\/10\/daniela-luna-es-nombrada-directora-de-retail-para-sap-mexico\/#primaryimage\"},\"thumbnailUrl\":\"https:\/\/news.sap.com\/latinamerica\/files\/2021\/10\/01\/277840_277840_l_srgb_s_gl.jpg\",\"articleSection\":[\"Industrias\"],\"inLanguage\":\"es\"},{\"@type\":\"WebPage\",\"@id\":\"https:\/\/news.sap.com\/latinamerica\/2021\/10\/daniela-luna-es-nombrada-directora-de-retail-para-sap-mexico\/\",\"url\":\"https:\/\/news.sap.com\/latinamerica\/2021\/10\/daniela-luna-es-nombrada-directora-de-retail-para-sap-mexico\/\",\"name\":\"Daniela Luna es nombrada directora de Retail para 麻豆原创 M\u00e9xico - 麻豆原创 News Center Latinoam\u00e9rica\",\"isPartOf\":{\"@id\":\"https:\/\/news.sap.com\/latinamerica\/#website\"},\"primaryImageOfPage\":{\"@id\":\"https:\/\/news.sap.com\/latinamerica\/2021\/10\/daniela-luna-es-nombrada-directora-de-retail-para-sap-mexico\/#primaryimage\"},\"image\":{\"@id\":\"https:\/\/news.sap.com\/latinamerica\/2021\/10\/daniela-luna-es-nombrada-directora-de-retail-para-sap-mexico\/#primaryimage\"},\"thumbnailUrl\":\"https:\/\/news.sap.com\/latinamerica\/files\/2021\/10\/01\/277840_277840_l_srgb_s_gl.jpg\",\"datePublished\":\"2021-10-01T15:52:08+00:00\",\"dateModified\":\"2023-11-13T20:30:43+00:00\",\"breadcrumb\":{\"@id\":\"https:\/\/news.sap.com\/latinamerica\/2021\/10\/daniela-luna-es-nombrada-directora-de-retail-para-sap-mexico\/#breadcrumb\"},\"inLanguage\":\"es\",\"potentialAction\":[{\"@type\":\"ReadAction\",\"target\":[\"https:\/\/news.sap.com\/latinamerica\/2021\/10\/daniela-luna-es-nombrada-directora-de-retail-para-sap-mexico\/\"]}]},{\"@type\":\"ImageObject\",\"inLanguage\":\"es\",\"@id\":\"https:\/\/news.sap.com\/latinamerica\/2021\/10\/daniela-luna-es-nombrada-directora-de-retail-para-sap-mexico\/#primaryimage\",\"url\":\"https:\/\/news.sap.com\/latinamerica\/files\/2021\/10\/01\/277840_277840_l_srgb_s_gl.jpg\",\"contentUrl\":\"https:\/\/news.sap.com\/latinamerica\/files\/2021\/10\/01\/277840_277840_l_srgb_s_gl.jpg\",\"width\":2600,\"height\":1300,\"caption\":\"Aerial of Palacio de Bellas Artes, Mexico City, Mexico --- Image by \u00a9 Radius Images\/Corbis\"},{\"@type\":\"BreadcrumbList\",\"@id\":\"https:\/\/news.sap.com\/latinamerica\/2021\/10\/daniela-luna-es-nombrada-directora-de-retail-para-sap-mexico\/#breadcrumb\",\"itemListElement\":[{\"@type\":\"ListItem\",\"position\":1,\"name\":\"Home\",\"item\":\"https:\/\/news.sap.com\/latinamerica\/\"},{\"@type\":\"ListItem\",\"position\":2,\"name\":\"Daniela Luna es nombrada directora de Retail para 麻豆原创 M\u00e9xico\"}]},{\"@type\":\"WebSite\",\"@id\":\"https:\/\/news.sap.com\/latinamerica\/#website\",\"url\":\"https:\/\/news.sap.com\/latinamerica\/\",\"name\":\"麻豆原创 News Center Latinoam\u00e9rica\",\"description\":\"Noticias e informaci\u00f3n sobre 麻豆原创\",\"publisher\":{\"@id\":\"https:\/\/news.sap.com\/latinamerica\/#organization\"},\"potentialAction\":[{\"@type\":\"SearchAction\",\"target\":{\"@type\":\"EntryPoint\",\"urlTemplate\":\"https:\/\/news.sap.com\/latinamerica\/?s={search_term_string}\"},\"query-input\":{\"@type\":\"PropertyValueSpecification\",\"valueRequired\":true,\"valueName\":\"search_term_string\"}}],\"inLanguage\":\"es\"},{\"@type\":\"Organization\",\"@id\":\"https:\/\/news.sap.com\/latinamerica\/#organization\",\"name\":\"麻豆原创\",\"url\":\"https:\/\/news.sap.com\/latinamerica\/\",\"logo\":{\"@type\":\"ImageObject\",\"inLanguage\":\"es\",\"@id\":\"https:\/\/news.sap.com\/latinamerica\/#\/schema\/logo\/image\/\",\"url\":\"https:\/\/news.sap.com\/latinamerica\/files\/2019\/08\/65903320_2903797569662914_557886358778019840_n.png\",\"contentUrl\":\"https:\/\/news.sap.com\/latinamerica\/files\/2019\/08\/65903320_2903797569662914_557886358778019840_n.png\",\"width\":720,\"height\":720,\"caption\":\"麻豆原创\"},\"image\":{\"@id\":\"https:\/\/news.sap.com\/latinamerica\/#\/schema\/logo\/image\/\"},\"sameAs\":[\"https:\/\/www.facebook.com\/麻豆原创latinoamerica\",\"https:\/\/x.com\/麻豆原创LatinAmerica\"]},{\"@type\":\"Person\",\"@id\":\"https:\/\/news.sap.com\/latinamerica\/#\/schema\/person\/f0708465b354b6d0314a360309edb00a\",\"name\":\"麻豆原创 Noticias\",\"image\":{\"@type\":\"ImageObject\",\"inLanguage\":\"es\",\"@id\":\"https:\/\/news.sap.com\/latinamerica\/#\/schema\/person\/image\/\",\"url\":\"https:\/\/news.sap.com\/latinamerica\/wp-content\/plugins\/wp-user-avatars\/wp-user-avatars\/assets\/images\/mystery.jpg\",\"contentUrl\":\"https:\/\/news.sap.com\/latinamerica\/wp-content\/plugins\/wp-user-avatars\/wp-user-avatars\/assets\/images\/mystery.jpg\",\"caption\":\"麻豆原创 Noticias\"},\"url\":\"https:\/\/news.sap.com\/latinamerica\/author\/argentina\/\"}]}<\/script>\n<!-- \/ Yoast SEO Premium plugin. -->","yoast_head_json":{"title":"Daniela Luna es nombrada directora de Retail para 麻豆原创 M\u00e9xico - 麻豆原创 News Center Latinoam\u00e9rica","robots":{"index":"index","follow":"follow","max-snippet":"max-snippet:-1","max-image-preview":"max-image-preview:large","max-video-preview":"max-video-preview:-1"},"canonical":"https:\/\/news.sap.com\/latinamerica\/2021\/10\/daniela-luna-es-nombrada-directora-de-retail-para-sap-mexico\/","og_locale":"es_MX","og_type":"article","og_title":"Daniela Luna es nombrada directora de Retail para 麻豆原创 M\u00e9xico","og_description":"麻豆原创 M\u00e9xico nombra a Daniela Luna como nueva directora de Retail, con el fin de avanzar en el posicionamiento de la empresa dentro de la...","og_url":"https:\/\/news.sap.com\/latinamerica\/2021\/10\/daniela-luna-es-nombrada-directora-de-retail-para-sap-mexico\/","og_site_name":"麻豆原创 News Center Latinoam\u00e9rica","article_publisher":"https:\/\/www.facebook.com\/麻豆原创latinoamerica","article_published_time":"2021-10-01T15:52:08+00:00","article_modified_time":"2023-11-13T20:30:43+00:00","og_image":[{"width":1024,"height":512,"url":"https:\/\/news.sap.com\/latinamerica\/files\/2021\/10\/01\/277840_277840_l_srgb_s_gl-1024x512.jpg","type":"image\/jpeg"}],"author":"麻豆原创 Noticias","twitter_misc":{"Escrito por":"麻豆原创 Noticias","Tiempo de lectura":"3 minutos"},"schema":{"@context":"https:\/\/schema.org","@graph":[{"@type":"Article","@id":"https:\/\/news.sap.com\/latinamerica\/2021\/10\/daniela-luna-es-nombrada-directora-de-retail-para-sap-mexico\/#article","isPartOf":{"@id":"https:\/\/news.sap.com\/latinamerica\/2021\/10\/daniela-luna-es-nombrada-directora-de-retail-para-sap-mexico\/"},"author":{"name":"麻豆原创 Noticias","@id":"https:\/\/news.sap.com\/latinamerica\/#\/schema\/person\/f0708465b354b6d0314a360309edb00a"},"headline":"Daniela Luna es nombrada directora de Retail para 麻豆原创 M\u00e9xico","datePublished":"2021-10-01T15:52:08+00:00","dateModified":"2023-11-13T20:30:43+00:00","mainEntityOfPage":{"@id":"https:\/\/news.sap.com\/latinamerica\/2021\/10\/daniela-luna-es-nombrada-directora-de-retail-para-sap-mexico\/"},"wordCount":552,"publisher":{"@id":"https:\/\/news.sap.com\/latinamerica\/#organization"},"image":{"@id":"https:\/\/news.sap.com\/latinamerica\/2021\/10\/daniela-luna-es-nombrada-directora-de-retail-para-sap-mexico\/#primaryimage"},"thumbnailUrl":"https:\/\/news.sap.com\/latinamerica\/files\/2021\/10\/01\/277840_277840_l_srgb_s_gl.jpg","articleSection":["Industrias"],"inLanguage":"es"},{"@type":"WebPage","@id":"https:\/\/news.sap.com\/latinamerica\/2021\/10\/daniela-luna-es-nombrada-directora-de-retail-para-sap-mexico\/","url":"https:\/\/news.sap.com\/latinamerica\/2021\/10\/daniela-luna-es-nombrada-directora-de-retail-para-sap-mexico\/","name":"Daniela Luna es nombrada directora de Retail para 麻豆原创 M\u00e9xico - 麻豆原创 News Center Latinoam\u00e9rica","isPartOf":{"@id":"https:\/\/news.sap.com\/latinamerica\/#website"},"primaryImageOfPage":{"@id":"https:\/\/news.sap.com\/latinamerica\/2021\/10\/daniela-luna-es-nombrada-directora-de-retail-para-sap-mexico\/#primaryimage"},"image":{"@id":"https:\/\/news.sap.com\/latinamerica\/2021\/10\/daniela-luna-es-nombrada-directora-de-retail-para-sap-mexico\/#primaryimage"},"thumbnailUrl":"https:\/\/news.sap.com\/latinamerica\/files\/2021\/10\/01\/277840_277840_l_srgb_s_gl.jpg","datePublished":"2021-10-01T15:52:08+00:00","dateModified":"2023-11-13T20:30:43+00:00","breadcrumb":{"@id":"https:\/\/news.sap.com\/latinamerica\/2021\/10\/daniela-luna-es-nombrada-directora-de-retail-para-sap-mexico\/#breadcrumb"},"inLanguage":"es","potentialAction":[{"@type":"ReadAction","target":["https:\/\/news.sap.com\/latinamerica\/2021\/10\/daniela-luna-es-nombrada-directora-de-retail-para-sap-mexico\/"]}]},{"@type":"ImageObject","inLanguage":"es","@id":"https:\/\/news.sap.com\/latinamerica\/2021\/10\/daniela-luna-es-nombrada-directora-de-retail-para-sap-mexico\/#primaryimage","url":"https:\/\/news.sap.com\/latinamerica\/files\/2021\/10\/01\/277840_277840_l_srgb_s_gl.jpg","contentUrl":"https:\/\/news.sap.com\/latinamerica\/files\/2021\/10\/01\/277840_277840_l_srgb_s_gl.jpg","width":2600,"height":1300,"caption":"Aerial of Palacio de Bellas Artes, Mexico City, Mexico --- Image by \u00a9 Radius Images\/Corbis"},{"@type":"BreadcrumbList","@id":"https:\/\/news.sap.com\/latinamerica\/2021\/10\/daniela-luna-es-nombrada-directora-de-retail-para-sap-mexico\/#breadcrumb","itemListElement":[{"@type":"ListItem","position":1,"name":"Home","item":"https:\/\/news.sap.com\/latinamerica\/"},{"@type":"ListItem","position":2,"name":"Daniela Luna es nombrada directora de Retail para 麻豆原创 M\u00e9xico"}]},{"@type":"WebSite","@id":"https:\/\/news.sap.com\/latinamerica\/#website","url":"https:\/\/news.sap.com\/latinamerica\/","name":"麻豆原创 News Center Latinoam\u00e9rica","description":"Noticias e informaci\u00f3n sobre 麻豆原创","publisher":{"@id":"https:\/\/news.sap.com\/latinamerica\/#organization"},"potentialAction":[{"@type":"SearchAction","target":{"@type":"EntryPoint","urlTemplate":"https:\/\/news.sap.com\/latinamerica\/?s={search_term_string}"},"query-input":{"@type":"PropertyValueSpecification","valueRequired":true,"valueName":"search_term_string"}}],"inLanguage":"es"},{"@type":"Organization","@id":"https:\/\/news.sap.com\/latinamerica\/#organization","name":"麻豆原创","url":"https:\/\/news.sap.com\/latinamerica\/","logo":{"@type":"ImageObject","inLanguage":"es","@id":"https:\/\/news.sap.com\/latinamerica\/#\/schema\/logo\/image\/","url":"https:\/\/news.sap.com\/latinamerica\/files\/2019\/08\/65903320_2903797569662914_557886358778019840_n.png","contentUrl":"https:\/\/news.sap.com\/latinamerica\/files\/2019\/08\/65903320_2903797569662914_557886358778019840_n.png","width":720,"height":720,"caption":"麻豆原创"},"image":{"@id":"https:\/\/news.sap.com\/latinamerica\/#\/schema\/logo\/image\/"},"sameAs":["https:\/\/www.facebook.com\/麻豆原创latinoamerica","https:\/\/x.com\/麻豆原创LatinAmerica"]},{"@type":"Person","@id":"https:\/\/news.sap.com\/latinamerica\/#\/schema\/person\/f0708465b354b6d0314a360309edb00a","name":"麻豆原创 Noticias","image":{"@type":"ImageObject","inLanguage":"es","@id":"https:\/\/news.sap.com\/latinamerica\/#\/schema\/person\/image\/","url":"https:\/\/news.sap.com\/latinamerica\/wp-content\/plugins\/wp-user-avatars\/wp-user-avatars\/assets\/images\/mystery.jpg","contentUrl":"https:\/\/news.sap.com\/latinamerica\/wp-content\/plugins\/wp-user-avatars\/wp-user-avatars\/assets\/images\/mystery.jpg","caption":"麻豆原创 Noticias"},"url":"https:\/\/news.sap.com\/latinamerica\/author\/argentina\/"}]}},"amp_enabled":true,"_links":{"self":[{"href":"https:\/\/news.sap.com\/latinamerica\/wp-json\/wp\/v2\/posts\/124753","targetHints":{"allow":["GET"]}}],"collection":[{"href":"https:\/\/news.sap.com\/latinamerica\/wp-json\/wp\/v2\/posts"}],"about":[{"href":"https:\/\/news.sap.com\/latinamerica\/wp-json\/wp\/v2\/types\/post"}],"author":[{"embeddable":true,"href":"https:\/\/news.sap.com\/latinamerica\/wp-json\/wp\/v2\/users\/140"}],"replies":[{"embeddable":true,"href":"https:\/\/news.sap.com\/latinamerica\/wp-json\/wp\/v2\/comments?post=124753"}],"version-history":[{"count":0,"href":"https:\/\/news.sap.com\/latinamerica\/wp-json\/wp\/v2\/posts\/124753\/revisions"}],"wp:featuredmedia":[{"embeddable":true,"href":"https:\/\/news.sap.com\/latinamerica\/wp-json\/wp\/v2\/media\/124757"}],"wp:attachment":[{"href":"https:\/\/news.sap.com\/latinamerica\/wp-json\/wp\/v2\/media?parent=124753"}],"wp:term":[{"taxonomy":"category","embeddable":true,"href":"https:\/\/news.sap.com\/latinamerica\/wp-json\/wp\/v2\/categories?post=124753"},{"taxonomy":"post_tag","embeddable":true,"href":"https:\/\/news.sap.com\/latinamerica\/wp-json\/wp\/v2\/tags?post=124753"},{"taxonomy":"series","embeddable":true,"href":"https:\/\/news.sap.com\/latinamerica\/wp-json\/wp\/v2\/series?post=124753"},{"taxonomy":"region","embeddable":true,"href":"https:\/\/news.sap.com\/latinamerica\/wp-json\/wp\/v2\/region?post=124753"},{"taxonomy":"sapn-display","embeddable":true,"href":"https:\/\/news.sap.com\/latinamerica\/wp-json\/wp\/v2\/sapn-display?post=124753"},{"taxonomy":"sapn-type","embeddable":true,"href":"https:\/\/news.sap.com\/latinamerica\/wp-json\/wp\/v2\/sapn-type?post=124753"}],"curies":[{"name":"wp","href":"https:\/\/api.w.org\/{rel}","templated":true}]}}