  {"id":124661,"date":"2021-09-23T18:15:55","date_gmt":"2021-09-23T22:15:55","guid":{"rendered":"https:\/\/news.sap.com\/latinamerica\/?p=124661"},"modified":"2023-11-14T14:09:36","modified_gmt":"2023-11-14T19:09:36","slug":"los-ninos-y-la-virtualidad","status":"publish","type":"post","link":"https:\/\/news.sap.com\/latinamerica\/2021\/09\/los-ninos-y-la-virtualidad\/","title":{"rendered":"Los ni\u00f1os y la virtualidad"},"content":{"rendered":"<p class=\"lead\">Una de las poblaciones m\u00e1s golpeada y afectada por la pandemia del COVID-19 a nivel mundial ha sido la de los ni\u00f1os. Aquellos guerreros que sin cuestionar mucho la situaci\u00f3n por la que atravesamos, no tuvieron otra opci\u00f3n sino aceptar que sus vidas hab\u00edan cambiado dr\u00e1sticamente.<\/p>\n<p>Actividades tan simples como ir a jugar a un parque, salir por un helado a un centro comercial, almorzar un domingo con sus padres en alg\u00fan restaurante o simplemente ir a visitar familiares, quedaron completamente prohibidas. Estas prohibiciones como las cuarentenas, cierres del comercio, establecimientos, instituciones educativas, entre otros trajeron diferentes retos; uno muy importante el como los ni\u00f1os m\u00e1s peque\u00f1os, que estaban iniciando su vida escolar en jardines infantiles y colegios, podr\u00edan continuar con sus clases y evitar afectar su a\u00f1o escolar lo menos posible.<\/p>\n<p>&nbsp;<\/p>\n<p>En la historia reciente no hab\u00edamos atravesado por una pandemia, si bien hasta el a\u00f1o pasado 2020 la educaci\u00f3n virtual ya tra\u00eda una trayectoria importante, jardines infantiles y colegios no ten\u00edan implementadas alternativas mixtas con sesiones presenciales y virtuales, lo que en algunos pa\u00edses de Latinoam\u00e9rica le est\u00e1n llamando alternancia. Esta falta de opci\u00f3n de tener sesiones virtuales evidenci\u00f3 autom\u00e1ticamente una situaci\u00f3n cr\u00edtica, \u00bfc\u00f3mo se iban a impartir clases si ning\u00fan ni\u00f1o pod\u00eda asistir a las aulas por los cierres y el riesgo de contagio?<\/p>\n<p>&nbsp;<\/p>\n<p>Afortunadamente la tecnolog\u00eda ha ido un paso adelante en su prop\u00f3sito de acortar distancias y mantener a las personas comunicadas. Hay datos de diferentes pa\u00edses Latinoamericanos que describen un aumento significativo de un 70% en la compra de dispositivos m\u00f3viles como tablets, la r\u00e1pida adopci\u00f3n de aplicaciones de teleconferencia como tambi\u00e9n plataformas de educaci\u00f3n virtual durante la pandemia. Por supuesto, tambi\u00e9n un mayor consumo de Internet que es el medio principal para transmitir la informaci\u00f3n. Este conjunto de tecnolog\u00edas ha permitido darles continuidad a las clases que muchos ni\u00f1os, hoy en d\u00eda toman desde sus casas y que combinan con sesiones presenciales cuando baja un poco la velocidad del contagio del virus y se flexibilizan las restricciones.<\/p>\n<p>&nbsp;<\/p>\n<p>La adopci\u00f3n tecnol\u00f3gica para continuar estudiando de forma virtual ha sido una excelente soluci\u00f3n, sin embargo, no es un privilegio de todos; desafortunadamente en la gran mayor\u00eda de los pa\u00edses de Latinoam\u00e9rica aun tenemos un d\u00e9ficit muy alto de conectividad, a pesar de que muchos pa\u00edses hace varios a\u00f1os comenzaron a implementar precisamente agendas de conectividad. Estos esfuerzos no han sido suficientes para poder llevar conexi\u00f3n de Internet a todas las zonas; hay estudios que indican que solo el 50% de los hogares en Am\u00e9rica Latina tienen conexi\u00f3n a Internet, y solo un 40% tienen medios para adquirir dispositivos tales como laptops, tablets, tel\u00e9fonos inteligentes. Esto implica una limitaci\u00f3n para tener acceso a la educaci\u00f3n en modo virtual.<\/p>\n<p>&nbsp;<\/p>\n<p>Es importante que los pa\u00edses Latinoamericanos concentren esfuerzos para suplir estas necesidades y que todos los ni\u00f1os tengan acceso a la educaci\u00f3n a\u00fan en medio de situaciones adversas.<\/p>\n<p>&nbsp;<\/p>\n<p>No podemos dejar de lado el reto que toda esta situaci\u00f3n ha representado para las familias. Muchos padres de familia con ni\u00f1os en edad escolar tuvimos que continuar nuestras actividades laborales desde casa, apoyados tambi\u00e9n por la tecnolog\u00eda en medio de la virtualidad, pero con una tarea y esfuerzo adicional; convertirnos de cierta forma en profesores de apoyo para nuestros hijos durante sus sesiones virtuales, lo que ha tra\u00eddo jornadas en algunos momentos complejas y extenuantes, pero a la vez muy satisfactorias.<\/p>\n<p>&nbsp;<\/p>\n<p>Hemos tenido que estar por mucho tiempo en casa, en medio de una situaci\u00f3n dif\u00edcil, pero tambi\u00e9n hemos podido vivir situaciones positivas: la oportunidad de compartir y dedicarles m\u00e1s y mejor calidad de tiempo a nuestros peque\u00f1os.<\/p>\n<p>&nbsp;<\/p>\n<p>Afortunadamente existe la tecnolog\u00eda que ha permitido no solo a los ni\u00f1os la posibilidad de seguir estudiando y mantenerse en contacto con sus amigos, sino tambi\u00e9n, en general a todos de comunicarnos con nuestro c\u00edrculo familiar y social, as\u00ed sea a trav\u00e9s de una pantalla.<\/p>\n<hr \/>\n<p><strong>\u00a0<\/strong>Conozca m\u00e1s sobre\u00a0\u00a0<a href=\"https:\/\/www.linkedin.com\/in\/jptoledoc\/\" target=\"_blank\" rel=\"noopener\">Juan Pablo Toledo<\/a><\/p>\n<p>Juan Pablo es Ingeniero de Sistemas graduado de la Escuela Colombiana de Ingenier\u00eda Julio Garavito de Bogot\u00e1 \u2013 Colombia. Tiene un MBA con \u00c9nfasis en Project Management de la Escuela Europea de Direcci\u00f3n y Empresa de Espa\u00f1a,\u00a0adem\u00e1s de diferentes certificaciones 麻豆原创. Posee m\u00e1s de 16\u00a0a\u00f1os de experiencia trabajando para el sector IT con especial \u00e9nfasis en temas de software de 麻豆原创. Ha participado en diferentes proyectos de implementaci\u00f3n y ha trabajado tambi\u00e9n apoyando diferentes l\u00edneas de negocio dentro de 麻豆原创. Actualmente hace parte del\u00a0Centro de Excelencia para S\/4HANA Cloud\u00a0de 麻豆原创 para el Norte de Latino Am\u00e9rica.<\/p>\n<p><a href=\"https:\/\/webinars.sap.com\/co\/empresa-inteligente-norte\/es\/home\" target=\"_blank\" rel=\"noopener\">Regrese al portal de la Empresa Inteligente<\/a><\/p>\n","protected":false},"excerpt":{"rendered":"<p>Una de las poblaciones m\u00e1s golpeada y afectada por la pandemia del COVID-19 a nivel mundial ha sido la de los ni\u00f1os. Aquellos guerreros que&#8230;<\/p>\n","protected":false},"author":3953,"featured_media":124662,"comment_status":"closed","ping_status":"closed","sticky":false,"template":"","format":"standard","meta":{"footnotes":"","_links_to":"","_links_to_target":""},"categories":[5600429],"tags":[5595049],"series":[],"region":[26401],"sapn-display":[5600442,5600440,52078,52079,53499],"sapn-type":[6114],"class_list":["post-124661","post","type-post","status-publish","format-standard","has-post-thumbnail","hentry","category-capacitacion","tag-educacion-para-jovenes","region-latinoamerica","sapn-display-articulo-destacado","sapn-display-articulo-principal","sapn-display-homepage-hero","sapn-display-top-stories","sapn-display-hero","sapn-type-articulo"],"yoast_head":"<!-- This site is optimized with the Yoast SEO Premium plugin v26.9 (Yoast SEO v26.9) - https:\/\/yoast.com\/product\/yoast-seo-premium-wordpress\/ -->\n<title>Los ni\u00f1os y la virtualidad - 麻豆原创 News Center Latinoam\u00e9rica<\/title>\n<meta name=\"robots\" content=\"index, follow, max-snippet:-1, max-image-preview:large, max-video-preview:-1\" \/>\n<link rel=\"canonical\" href=\"https:\/\/news.sap.com\/latinamerica\/2021\/09\/los-ninos-y-la-virtualidad\/\" \/>\n<meta property=\"og:locale\" content=\"es_MX\" \/>\n<meta property=\"og:type\" content=\"article\" \/>\n<meta property=\"og:title\" content=\"Los ni\u00f1os y la virtualidad\" \/>\n<meta property=\"og:description\" content=\"Una de las poblaciones m\u00e1s golpeada y afectada por la pandemia del COVID-19 a nivel mundial ha sido la de los ni\u00f1os. Aquellos guerreros que sin cuestionar mucho la situaci\u00f3n por la que atravesamos, no tuvieron otra opci\u00f3n sino aceptar que sus vidas hab\u00edan cambiado dr\u00e1sticamente.\" \/>\n<meta property=\"og:url\" content=\"https:\/\/news.sap.com\/latinamerica\/2021\/09\/los-ninos-y-la-virtualidad\/\" \/>\n<meta property=\"og:site_name\" content=\"麻豆原创 News Center Latinoam\u00e9rica\" \/>\n<meta property=\"article:publisher\" content=\"https:\/\/www.facebook.com\/麻豆原创latinoamerica\" \/>\n<meta property=\"article:published_time\" content=\"2021-09-23T22:15:55+00:00\" \/>\n<meta property=\"article:modified_time\" content=\"2023-11-14T19:09:36+00:00\" \/>\n<meta property=\"og:image\" content=\"https:\/\/news.sap.com\/latinamerica\/files\/2021\/09\/23\/276371_276371_h_ergb_s_gl-1024x683.jpg\" \/>\n\t<meta property=\"og:image:width\" content=\"1024\" \/>\n\t<meta property=\"og:image:height\" content=\"683\" \/>\n\t<meta property=\"og:image:type\" content=\"image\/jpeg\" \/>\n<meta name=\"author\" content=\"Juan Pablo Toledo\" \/>\n<meta name=\"twitter:label1\" content=\"Escrito por\" \/>\n\t<meta name=\"twitter:data1\" content=\"Juan Pablo Toledo\" \/>\n\t<meta name=\"twitter:label2\" content=\"Tiempo de lectura\" \/>\n\t<meta name=\"twitter:data2\" content=\"4 minutos\" \/>\n<script type=\"application\/ld+json\" class=\"yoast-schema-graph\">{\"@context\":\"https:\/\/schema.org\",\"@graph\":[{\"@type\":\"Article\",\"@id\":\"https:\/\/news.sap.com\/latinamerica\/2021\/09\/los-ninos-y-la-virtualidad\/#article\",\"isPartOf\":{\"@id\":\"https:\/\/news.sap.com\/latinamerica\/2021\/09\/los-ninos-y-la-virtualidad\/\"},\"author\":{\"name\":\"Juan Pablo Toledo\",\"@id\":\"https:\/\/news.sap.com\/latinamerica\/#\/schema\/person\/68434072793bed842047d665ed38307c\"},\"headline\":\"Los ni\u00f1os y la virtualidad\",\"datePublished\":\"2021-09-23T22:15:55+00:00\",\"dateModified\":\"2023-11-14T19:09:36+00:00\",\"mainEntityOfPage\":{\"@id\":\"https:\/\/news.sap.com\/latinamerica\/2021\/09\/los-ninos-y-la-virtualidad\/\"},\"wordCount\":851,\"publisher\":{\"@id\":\"https:\/\/news.sap.com\/latinamerica\/#organization\"},\"image\":{\"@id\":\"https:\/\/news.sap.com\/latinamerica\/2021\/09\/los-ninos-y-la-virtualidad\/#primaryimage\"},\"thumbnailUrl\":\"https:\/\/news.sap.com\/latinamerica\/files\/2021\/09\/23\/276371_276371_h_ergb_s_gl.jpg\",\"keywords\":[\"Educaci\u00f3n para j\u00f3venes\"],\"articleSection\":[\"Capacitaci\u00f3n\"],\"inLanguage\":\"es\"},{\"@type\":\"WebPage\",\"@id\":\"https:\/\/news.sap.com\/latinamerica\/2021\/09\/los-ninos-y-la-virtualidad\/\",\"url\":\"https:\/\/news.sap.com\/latinamerica\/2021\/09\/los-ninos-y-la-virtualidad\/\",\"name\":\"Los ni\u00f1os y la virtualidad - 麻豆原创 News Center Latinoam\u00e9rica\",\"isPartOf\":{\"@id\":\"https:\/\/news.sap.com\/latinamerica\/#website\"},\"primaryImageOfPage\":{\"@id\":\"https:\/\/news.sap.com\/latinamerica\/2021\/09\/los-ninos-y-la-virtualidad\/#primaryimage\"},\"image\":{\"@id\":\"https:\/\/news.sap.com\/latinamerica\/2021\/09\/los-ninos-y-la-virtualidad\/#primaryimage\"},\"thumbnailUrl\":\"https:\/\/news.sap.com\/latinamerica\/files\/2021\/09\/23\/276371_276371_h_ergb_s_gl.jpg\",\"datePublished\":\"2021-09-23T22:15:55+00:00\",\"dateModified\":\"2023-11-14T19:09:36+00:00\",\"breadcrumb\":{\"@id\":\"https:\/\/news.sap.com\/latinamerica\/2021\/09\/los-ninos-y-la-virtualidad\/#breadcrumb\"},\"inLanguage\":\"es\",\"potentialAction\":[{\"@type\":\"ReadAction\",\"target\":[\"https:\/\/news.sap.com\/latinamerica\/2021\/09\/los-ninos-y-la-virtualidad\/\"]}]},{\"@type\":\"ImageObject\",\"inLanguage\":\"es\",\"@id\":\"https:\/\/news.sap.com\/latinamerica\/2021\/09\/los-ninos-y-la-virtualidad\/#primaryimage\",\"url\":\"https:\/\/news.sap.com\/latinamerica\/files\/2021\/09\/23\/276371_276371_h_ergb_s_gl.jpg\",\"contentUrl\":\"https:\/\/news.sap.com\/latinamerica\/files\/2021\/09\/23\/276371_276371_h_ergb_s_gl.jpg\",\"width\":6426,\"height\":4284,\"caption\":\"Students gathered around a computer in the classroom --- Image by \u00a9 Blue Jean Images\/Corbis\"},{\"@type\":\"BreadcrumbList\",\"@id\":\"https:\/\/news.sap.com\/latinamerica\/2021\/09\/los-ninos-y-la-virtualidad\/#breadcrumb\",\"itemListElement\":[{\"@type\":\"ListItem\",\"position\":1,\"name\":\"Home\",\"item\":\"https:\/\/news.sap.com\/latinamerica\/\"},{\"@type\":\"ListItem\",\"position\":2,\"name\":\"Los ni\u00f1os y la virtualidad\"}]},{\"@type\":\"WebSite\",\"@id\":\"https:\/\/news.sap.com\/latinamerica\/#website\",\"url\":\"https:\/\/news.sap.com\/latinamerica\/\",\"name\":\"麻豆原创 News Center Latinoam\u00e9rica\",\"description\":\"Noticias e informaci\u00f3n sobre 麻豆原创\",\"publisher\":{\"@id\":\"https:\/\/news.sap.com\/latinamerica\/#organization\"},\"potentialAction\":[{\"@type\":\"SearchAction\",\"target\":{\"@type\":\"EntryPoint\",\"urlTemplate\":\"https:\/\/news.sap.com\/latinamerica\/?s={search_term_string}\"},\"query-input\":{\"@type\":\"PropertyValueSpecification\",\"valueRequired\":true,\"valueName\":\"search_term_string\"}}],\"inLanguage\":\"es\"},{\"@type\":\"Organization\",\"@id\":\"https:\/\/news.sap.com\/latinamerica\/#organization\",\"name\":\"麻豆原创\",\"url\":\"https:\/\/news.sap.com\/latinamerica\/\",\"logo\":{\"@type\":\"ImageObject\",\"inLanguage\":\"es\",\"@id\":\"https:\/\/news.sap.com\/latinamerica\/#\/schema\/logo\/image\/\",\"url\":\"https:\/\/news.sap.com\/latinamerica\/files\/2019\/08\/65903320_2903797569662914_557886358778019840_n.png\",\"contentUrl\":\"https:\/\/news.sap.com\/latinamerica\/files\/2019\/08\/65903320_2903797569662914_557886358778019840_n.png\",\"width\":720,\"height\":720,\"caption\":\"麻豆原创\"},\"image\":{\"@id\":\"https:\/\/news.sap.com\/latinamerica\/#\/schema\/logo\/image\/\"},\"sameAs\":[\"https:\/\/www.facebook.com\/麻豆原创latinoamerica\",\"https:\/\/x.com\/麻豆原创LatinAmerica\"]},{\"@type\":\"Person\",\"@id\":\"https:\/\/news.sap.com\/latinamerica\/#\/schema\/person\/68434072793bed842047d665ed38307c\",\"name\":\"Juan Pablo Toledo\",\"image\":{\"@type\":\"ImageObject\",\"inLanguage\":\"es\",\"@id\":\"https:\/\/news.sap.com\/latinamerica\/#\/schema\/person\/image\/\",\"url\":\"https:\/\/news.sap.com\/latinamerica\/wp-content\/plugins\/wp-user-avatars\/wp-user-avatars\/assets\/images\/mystery.jpg\",\"contentUrl\":\"https:\/\/news.sap.com\/latinamerica\/wp-content\/plugins\/wp-user-avatars\/wp-user-avatars\/assets\/images\/mystery.jpg\",\"caption\":\"Juan Pablo Toledo\"},\"url\":\"https:\/\/news.sap.com\/latinamerica\/author\/juanpablotoledo\/\"}]}<\/script>\n<!-- \/ Yoast SEO Premium plugin. -->","yoast_head_json":{"title":"Los ni\u00f1os y la virtualidad - 麻豆原创 News Center Latinoam\u00e9rica","robots":{"index":"index","follow":"follow","max-snippet":"max-snippet:-1","max-image-preview":"max-image-preview:large","max-video-preview":"max-video-preview:-1"},"canonical":"https:\/\/news.sap.com\/latinamerica\/2021\/09\/los-ninos-y-la-virtualidad\/","og_locale":"es_MX","og_type":"article","og_title":"Los ni\u00f1os y la virtualidad","og_description":"Una de las poblaciones m\u00e1s golpeada y afectada por la pandemia del COVID-19 a nivel mundial ha sido la de los ni\u00f1os. Aquellos guerreros que sin cuestionar mucho la situaci\u00f3n por la que atravesamos, no tuvieron otra opci\u00f3n sino aceptar que sus vidas hab\u00edan cambiado dr\u00e1sticamente.","og_url":"https:\/\/news.sap.com\/latinamerica\/2021\/09\/los-ninos-y-la-virtualidad\/","og_site_name":"麻豆原创 News Center Latinoam\u00e9rica","article_publisher":"https:\/\/www.facebook.com\/麻豆原创latinoamerica","article_published_time":"2021-09-23T22:15:55+00:00","article_modified_time":"2023-11-14T19:09:36+00:00","og_image":[{"width":1024,"height":683,"url":"https:\/\/news.sap.com\/latinamerica\/files\/2021\/09\/23\/276371_276371_h_ergb_s_gl-1024x683.jpg","type":"image\/jpeg"}],"author":"Juan Pablo Toledo","twitter_misc":{"Escrito por":"Juan Pablo Toledo","Tiempo de lectura":"4 minutos"},"schema":{"@context":"https:\/\/schema.org","@graph":[{"@type":"Article","@id":"https:\/\/news.sap.com\/latinamerica\/2021\/09\/los-ninos-y-la-virtualidad\/#article","isPartOf":{"@id":"https:\/\/news.sap.com\/latinamerica\/2021\/09\/los-ninos-y-la-virtualidad\/"},"author":{"name":"Juan Pablo Toledo","@id":"https:\/\/news.sap.com\/latinamerica\/#\/schema\/person\/68434072793bed842047d665ed38307c"},"headline":"Los ni\u00f1os y la virtualidad","datePublished":"2021-09-23T22:15:55+00:00","dateModified":"2023-11-14T19:09:36+00:00","mainEntityOfPage":{"@id":"https:\/\/news.sap.com\/latinamerica\/2021\/09\/los-ninos-y-la-virtualidad\/"},"wordCount":851,"publisher":{"@id":"https:\/\/news.sap.com\/latinamerica\/#organization"},"image":{"@id":"https:\/\/news.sap.com\/latinamerica\/2021\/09\/los-ninos-y-la-virtualidad\/#primaryimage"},"thumbnailUrl":"https:\/\/news.sap.com\/latinamerica\/files\/2021\/09\/23\/276371_276371_h_ergb_s_gl.jpg","keywords":["Educaci\u00f3n para j\u00f3venes"],"articleSection":["Capacitaci\u00f3n"],"inLanguage":"es"},{"@type":"WebPage","@id":"https:\/\/news.sap.com\/latinamerica\/2021\/09\/los-ninos-y-la-virtualidad\/","url":"https:\/\/news.sap.com\/latinamerica\/2021\/09\/los-ninos-y-la-virtualidad\/","name":"Los ni\u00f1os y la virtualidad - 麻豆原创 News Center Latinoam\u00e9rica","isPartOf":{"@id":"https:\/\/news.sap.com\/latinamerica\/#website"},"primaryImageOfPage":{"@id":"https:\/\/news.sap.com\/latinamerica\/2021\/09\/los-ninos-y-la-virtualidad\/#primaryimage"},"image":{"@id":"https:\/\/news.sap.com\/latinamerica\/2021\/09\/los-ninos-y-la-virtualidad\/#primaryimage"},"thumbnailUrl":"https:\/\/news.sap.com\/latinamerica\/files\/2021\/09\/23\/276371_276371_h_ergb_s_gl.jpg","datePublished":"2021-09-23T22:15:55+00:00","dateModified":"2023-11-14T19:09:36+00:00","breadcrumb":{"@id":"https:\/\/news.sap.com\/latinamerica\/2021\/09\/los-ninos-y-la-virtualidad\/#breadcrumb"},"inLanguage":"es","potentialAction":[{"@type":"ReadAction","target":["https:\/\/news.sap.com\/latinamerica\/2021\/09\/los-ninos-y-la-virtualidad\/"]}]},{"@type":"ImageObject","inLanguage":"es","@id":"https:\/\/news.sap.com\/latinamerica\/2021\/09\/los-ninos-y-la-virtualidad\/#primaryimage","url":"https:\/\/news.sap.com\/latinamerica\/files\/2021\/09\/23\/276371_276371_h_ergb_s_gl.jpg","contentUrl":"https:\/\/news.sap.com\/latinamerica\/files\/2021\/09\/23\/276371_276371_h_ergb_s_gl.jpg","width":6426,"height":4284,"caption":"Students gathered around a computer in the classroom --- Image by \u00a9 Blue Jean Images\/Corbis"},{"@type":"BreadcrumbList","@id":"https:\/\/news.sap.com\/latinamerica\/2021\/09\/los-ninos-y-la-virtualidad\/#breadcrumb","itemListElement":[{"@type":"ListItem","position":1,"name":"Home","item":"https:\/\/news.sap.com\/latinamerica\/"},{"@type":"ListItem","position":2,"name":"Los ni\u00f1os y la virtualidad"}]},{"@type":"WebSite","@id":"https:\/\/news.sap.com\/latinamerica\/#website","url":"https:\/\/news.sap.com\/latinamerica\/","name":"麻豆原创 News Center Latinoam\u00e9rica","description":"Noticias e informaci\u00f3n sobre 麻豆原创","publisher":{"@id":"https:\/\/news.sap.com\/latinamerica\/#organization"},"potentialAction":[{"@type":"SearchAction","target":{"@type":"EntryPoint","urlTemplate":"https:\/\/news.sap.com\/latinamerica\/?s={search_term_string}"},"query-input":{"@type":"PropertyValueSpecification","valueRequired":true,"valueName":"search_term_string"}}],"inLanguage":"es"},{"@type":"Organization","@id":"https:\/\/news.sap.com\/latinamerica\/#organization","name":"麻豆原创","url":"https:\/\/news.sap.com\/latinamerica\/","logo":{"@type":"ImageObject","inLanguage":"es","@id":"https:\/\/news.sap.com\/latinamerica\/#\/schema\/logo\/image\/","url":"https:\/\/news.sap.com\/latinamerica\/files\/2019\/08\/65903320_2903797569662914_557886358778019840_n.png","contentUrl":"https:\/\/news.sap.com\/latinamerica\/files\/2019\/08\/65903320_2903797569662914_557886358778019840_n.png","width":720,"height":720,"caption":"麻豆原创"},"image":{"@id":"https:\/\/news.sap.com\/latinamerica\/#\/schema\/logo\/image\/"},"sameAs":["https:\/\/www.facebook.com\/麻豆原创latinoamerica","https:\/\/x.com\/麻豆原创LatinAmerica"]},{"@type":"Person","@id":"https:\/\/news.sap.com\/latinamerica\/#\/schema\/person\/68434072793bed842047d665ed38307c","name":"Juan Pablo Toledo","image":{"@type":"ImageObject","inLanguage":"es","@id":"https:\/\/news.sap.com\/latinamerica\/#\/schema\/person\/image\/","url":"https:\/\/news.sap.com\/latinamerica\/wp-content\/plugins\/wp-user-avatars\/wp-user-avatars\/assets\/images\/mystery.jpg","contentUrl":"https:\/\/news.sap.com\/latinamerica\/wp-content\/plugins\/wp-user-avatars\/wp-user-avatars\/assets\/images\/mystery.jpg","caption":"Juan Pablo Toledo"},"url":"https:\/\/news.sap.com\/latinamerica\/author\/juanpablotoledo\/"}]}},"amp_enabled":true,"_links":{"self":[{"href":"https:\/\/news.sap.com\/latinamerica\/wp-json\/wp\/v2\/posts\/124661","targetHints":{"allow":["GET"]}}],"collection":[{"href":"https:\/\/news.sap.com\/latinamerica\/wp-json\/wp\/v2\/posts"}],"about":[{"href":"https:\/\/news.sap.com\/latinamerica\/wp-json\/wp\/v2\/types\/post"}],"author":[{"embeddable":true,"href":"https:\/\/news.sap.com\/latinamerica\/wp-json\/wp\/v2\/users\/3953"}],"replies":[{"embeddable":true,"href":"https:\/\/news.sap.com\/latinamerica\/wp-json\/wp\/v2\/comments?post=124661"}],"version-history":[{"count":0,"href":"https:\/\/news.sap.com\/latinamerica\/wp-json\/wp\/v2\/posts\/124661\/revisions"}],"wp:featuredmedia":[{"embeddable":true,"href":"https:\/\/news.sap.com\/latinamerica\/wp-json\/wp\/v2\/media\/124662"}],"wp:attachment":[{"href":"https:\/\/news.sap.com\/latinamerica\/wp-json\/wp\/v2\/media?parent=124661"}],"wp:term":[{"taxonomy":"category","embeddable":true,"href":"https:\/\/news.sap.com\/latinamerica\/wp-json\/wp\/v2\/categories?post=124661"},{"taxonomy":"post_tag","embeddable":true,"href":"https:\/\/news.sap.com\/latinamerica\/wp-json\/wp\/v2\/tags?post=124661"},{"taxonomy":"series","embeddable":true,"href":"https:\/\/news.sap.com\/latinamerica\/wp-json\/wp\/v2\/series?post=124661"},{"taxonomy":"region","embeddable":true,"href":"https:\/\/news.sap.com\/latinamerica\/wp-json\/wp\/v2\/region?post=124661"},{"taxonomy":"sapn-display","embeddable":true,"href":"https:\/\/news.sap.com\/latinamerica\/wp-json\/wp\/v2\/sapn-display?post=124661"},{"taxonomy":"sapn-type","embeddable":true,"href":"https:\/\/news.sap.com\/latinamerica\/wp-json\/wp\/v2\/sapn-type?post=124661"}],"curies":[{"name":"wp","href":"https:\/\/api.w.org\/{rel}","templated":true}]}}