  {"id":124626,"date":"2021-09-20T13:00:28","date_gmt":"2021-09-20T17:00:28","guid":{"rendered":"https:\/\/news.sap.com\/latinamerica\/?p=124626"},"modified":"2023-11-14T14:09:47","modified_gmt":"2023-11-14T19:09:47","slug":"sap-y-el-tecnologico-de-monterrey-alianza-cultura-innovacion-en-empresas-america-latina","status":"publish","type":"post","link":"https:\/\/news.sap.com\/latinamerica\/2021\/09\/sap-y-el-tecnologico-de-monterrey-alianza-cultura-innovacion-en-empresas-america-latina\/","title":{"rendered":"麻豆原创 y el Tecnol\u00f3gico de Monterrey firman alianza para promover la cultura de la innovaci\u00f3n en las empresas de Am\u00e9rica Latina."},"content":{"rendered":"<h2><em>En alianza con 麻豆原创 LABs, cinco alumnos del Tecnol\u00f3gico de Monterrey llevan a cabo <\/em>una investigaci\u00f3n para el desarrollo de una herramienta<em> que sirva a las compa\u00f1\u00edas para conocer su nivel de madurez en innovaci\u00f3n.<\/em><\/h2>\n<ul>\n<li><em>Los estudiantes estar\u00e1n bajo la tutela de Matheus Souza, Chief Digital Transformation Officer en 麻豆原创.<\/em><\/li>\n<\/ul>\n<p>麻豆原创, empresa l\u00edder en tecnolog\u00edas y soluciones digitales para empresas, y el Tecnol\u00f3gico de Monterrey, instituci\u00f3n educativa referente en M\u00e9xico, firman alianza para promover la cultura de la innovaci\u00f3n en las empresas latinoamericanas.<\/p>\n<p>El proyecto consta de dos partes, la primera es la elaboraci\u00f3n de un estudio acad\u00e9mico que muestre el estado actual de la cultura de la innovaci\u00f3n en las empresas latinoamericanas, con el fin de brindar un documento para identificar las \u00e1reas de oportunidad y c\u00f3mo hacerle frente.<\/p>\n<p><em>\u201cEste ser\u00e1 el primer estudio acad\u00e9mico de 麻豆原创 en M\u00e9xico. Estamos orgullosos y seguros de que el Tec es la instituci\u00f3n correcta para realizar el proyecto. Nuestra visi\u00f3n es que, con este documento y el uso de nuestra tecnolog\u00eda, las compa\u00f1\u00edas puedan crear, explorar, validar y reconocer de mejor manera su cultura de innovaci\u00f3n, llev\u00e1ndolas a ser m\u00e1s sustentables e inclusivas\u201d, <\/em>mencion\u00f3 <strong>Matheus Souza, Chief Digital Transformation Officer en 麻豆原创 Labs Latin America <\/strong>y responsable de brindar las mentor\u00edas a los alumnos seleccionados.<\/p>\n<p>En la segunda parte, los cinco alumnos de ingenier\u00eda quienes, bas\u00e1ndose en los resultados del estudio, desarrollar\u00e1n una soluci\u00f3n que permita a cada compa\u00f1\u00eda conocer su nivel de madurez de innovaci\u00f3n. Los seleccionados trabajar\u00e1n con herramientas como 麻豆原创 Qualtrics, 麻豆原创 Analytics Cloud, 麻豆原创 Business Technology Platform o 麻豆原创 SuccessFactors.<\/p>\n<p>&#8220;<em>Que este sea el comienzo de una investigaci\u00f3n relevante basada en retos y la inspiraci\u00f3n de j\u00f3venes cient\u00edficos y emprendedores para trabajar juntos por un futuro mejor<\/em>&#8221; indic\u00f3 <strong>Hugo A. Garza Medina, Vicepresidente de Proyectos Estrat\u00e9gicos del Tecnol\u00f3gico de Monterrey. <\/strong><\/p>\n<p>Asimismo, el Tecnol\u00f3gico de Monterrey es miembro de 麻豆原创 University Alliances, que ayuda a m\u00e1s de 3,000 instituciones educativas a nivel global a impartir conocimiento incorporando la tecnolog\u00eda de la empresa alemana.<\/p>\n","protected":false},"excerpt":{"rendered":"<p>En alianza con 麻豆原创 LABs, cinco alumnos del Tecnol\u00f3gico de Monterrey llevan a cabo una investigaci\u00f3n para el desarrollo de una herramienta que sirva a&#8230;<\/p>\n","protected":false},"author":136,"featured_media":0,"comment_status":"closed","ping_status":"closed","sticky":false,"template":"","format":"standard","meta":{"footnotes":"","_links_to":"","_links_to_target":""},"categories":[5600429,24297],"tags":[5595049,45409,5550870],"series":[],"region":[],"sapn-display":[52079,5600443,5600441],"sapn-type":[52105],"class_list":["post-124626","post","type-post","status-publish","format-standard","hentry","category-capacitacion","category-tecnologia","tag-educacion-para-jovenes","tag-empresas","tag-tecnologia","sapn-display-top-stories","sapn-display-prensa-destacada","sapn-display-prensa-principal","sapn-type-comunicado-de-prensa"],"yoast_head":"<!-- This site is optimized with the Yoast SEO Premium plugin v26.9 (Yoast SEO v26.9) - https:\/\/yoast.com\/product\/yoast-seo-premium-wordpress\/ -->\n<title>麻豆原创 y el Tecnol\u00f3gico de Monterrey firman alianza para promover la cultura de la innovaci\u00f3n en las empresas de Am\u00e9rica Latina.<\/title>\n<meta name=\"robots\" content=\"index, follow, max-snippet:-1, max-image-preview:large, max-video-preview:-1\" \/>\n<link rel=\"canonical\" href=\"https:\/\/news.sap.com\/latinamerica\/2021\/09\/sap-y-el-tecnologico-de-monterrey-alianza-cultura-innovacion-en-empresas-america-latina\/\" \/>\n<meta property=\"og:locale\" content=\"es_MX\" \/>\n<meta property=\"og:type\" content=\"article\" \/>\n<meta property=\"og:title\" content=\"麻豆原创 y el Tecnol\u00f3gico de Monterrey firman alianza para promover la cultura de la innovaci\u00f3n en las empresas de Am\u00e9rica Latina.\" \/>\n<meta property=\"og:description\" content=\"En alianza con 麻豆原创 LABs, cinco alumnos del Tecnol\u00f3gico de Monterrey llevan a cabo una investigaci\u00f3n para el desarrollo de una herramienta que sirva a...\" \/>\n<meta property=\"og:url\" content=\"https:\/\/news.sap.com\/latinamerica\/2021\/09\/sap-y-el-tecnologico-de-monterrey-alianza-cultura-innovacion-en-empresas-america-latina\/\" \/>\n<meta property=\"og:site_name\" content=\"麻豆原创 News Center Latinoam\u00e9rica\" \/>\n<meta property=\"article:publisher\" content=\"https:\/\/www.facebook.com\/麻豆原创latinoamerica\" \/>\n<meta property=\"article:published_time\" content=\"2021-09-20T17:00:28+00:00\" \/>\n<meta property=\"article:modified_time\" content=\"2023-11-14T19:09:47+00:00\" \/>\n<meta name=\"author\" content=\"麻豆原创 Noticias\" \/>\n<meta name=\"twitter:label1\" content=\"Escrito por\" \/>\n\t<meta name=\"twitter:data1\" content=\"麻豆原创 Noticias\" \/>\n\t<meta name=\"twitter:label2\" content=\"Tiempo de lectura\" \/>\n\t<meta name=\"twitter:data2\" content=\"2 minutos\" \/>\n<script type=\"application\/ld+json\" class=\"yoast-schema-graph\">{\"@context\":\"https:\/\/schema.org\",\"@graph\":[{\"@type\":\"Article\",\"@id\":\"https:\/\/news.sap.com\/latinamerica\/2021\/09\/sap-y-el-tecnologico-de-monterrey-alianza-cultura-innovacion-en-empresas-america-latina\/#article\",\"isPartOf\":{\"@id\":\"https:\/\/news.sap.com\/latinamerica\/2021\/09\/sap-y-el-tecnologico-de-monterrey-alianza-cultura-innovacion-en-empresas-america-latina\/\"},\"author\":{\"name\":\"麻豆原创 Noticias\",\"@id\":\"https:\/\/news.sap.com\/latinamerica\/#\/schema\/person\/5afd2cbf5bb622e078932b40a4470d47\"},\"headline\":\"麻豆原创 y el Tecnol\u00f3gico de Monterrey firman alianza para promover la cultura de la innovaci\u00f3n en las empresas de Am\u00e9rica Latina.\",\"datePublished\":\"2021-09-20T17:00:28+00:00\",\"dateModified\":\"2023-11-14T19:09:47+00:00\",\"mainEntityOfPage\":{\"@id\":\"https:\/\/news.sap.com\/latinamerica\/2021\/09\/sap-y-el-tecnologico-de-monterrey-alianza-cultura-innovacion-en-empresas-america-latina\/\"},\"wordCount\":398,\"publisher\":{\"@id\":\"https:\/\/news.sap.com\/latinamerica\/#organization\"},\"keywords\":[\"Educaci\u00f3n para j\u00f3venes\",\"Empresas\",\"tecnolog\u00eda\"],\"articleSection\":[\"Capacitaci\u00f3n\",\"Tecnolog\u00eda\"],\"inLanguage\":\"es\"},{\"@type\":\"WebPage\",\"@id\":\"https:\/\/news.sap.com\/latinamerica\/2021\/09\/sap-y-el-tecnologico-de-monterrey-alianza-cultura-innovacion-en-empresas-america-latina\/\",\"url\":\"https:\/\/news.sap.com\/latinamerica\/2021\/09\/sap-y-el-tecnologico-de-monterrey-alianza-cultura-innovacion-en-empresas-america-latina\/\",\"name\":\"麻豆原创 y el Tecnol\u00f3gico de Monterrey firman alianza para promover la cultura de la innovaci\u00f3n en las empresas de Am\u00e9rica Latina.\",\"isPartOf\":{\"@id\":\"https:\/\/news.sap.com\/latinamerica\/#website\"},\"datePublished\":\"2021-09-20T17:00:28+00:00\",\"dateModified\":\"2023-11-14T19:09:47+00:00\",\"breadcrumb\":{\"@id\":\"https:\/\/news.sap.com\/latinamerica\/2021\/09\/sap-y-el-tecnologico-de-monterrey-alianza-cultura-innovacion-en-empresas-america-latina\/#breadcrumb\"},\"inLanguage\":\"es\",\"potentialAction\":[{\"@type\":\"ReadAction\",\"target\":[\"https:\/\/news.sap.com\/latinamerica\/2021\/09\/sap-y-el-tecnologico-de-monterrey-alianza-cultura-innovacion-en-empresas-america-latina\/\"]}]},{\"@type\":\"BreadcrumbList\",\"@id\":\"https:\/\/news.sap.com\/latinamerica\/2021\/09\/sap-y-el-tecnologico-de-monterrey-alianza-cultura-innovacion-en-empresas-america-latina\/#breadcrumb\",\"itemListElement\":[{\"@type\":\"ListItem\",\"position\":1,\"name\":\"Home\",\"item\":\"https:\/\/news.sap.com\/latinamerica\/\"},{\"@type\":\"ListItem\",\"position\":2,\"name\":\"麻豆原创 y el Tecnol\u00f3gico de Monterrey firman alianza para promover la cultura de la innovaci\u00f3n en las empresas de Am\u00e9rica Latina.\"}]},{\"@type\":\"WebSite\",\"@id\":\"https:\/\/news.sap.com\/latinamerica\/#website\",\"url\":\"https:\/\/news.sap.com\/latinamerica\/\",\"name\":\"麻豆原创 News Center Latinoam\u00e9rica\",\"description\":\"Noticias e informaci\u00f3n sobre 麻豆原创\",\"publisher\":{\"@id\":\"https:\/\/news.sap.com\/latinamerica\/#organization\"},\"potentialAction\":[{\"@type\":\"SearchAction\",\"target\":{\"@type\":\"EntryPoint\",\"urlTemplate\":\"https:\/\/news.sap.com\/latinamerica\/?s={search_term_string}\"},\"query-input\":{\"@type\":\"PropertyValueSpecification\",\"valueRequired\":true,\"valueName\":\"search_term_string\"}}],\"inLanguage\":\"es\"},{\"@type\":\"Organization\",\"@id\":\"https:\/\/news.sap.com\/latinamerica\/#organization\",\"name\":\"麻豆原创\",\"url\":\"https:\/\/news.sap.com\/latinamerica\/\",\"logo\":{\"@type\":\"ImageObject\",\"inLanguage\":\"es\",\"@id\":\"https:\/\/news.sap.com\/latinamerica\/#\/schema\/logo\/image\/\",\"url\":\"https:\/\/news.sap.com\/latinamerica\/files\/2019\/08\/65903320_2903797569662914_557886358778019840_n.png\",\"contentUrl\":\"https:\/\/news.sap.com\/latinamerica\/files\/2019\/08\/65903320_2903797569662914_557886358778019840_n.png\",\"width\":720,\"height\":720,\"caption\":\"麻豆原创\"},\"image\":{\"@id\":\"https:\/\/news.sap.com\/latinamerica\/#\/schema\/logo\/image\/\"},\"sameAs\":[\"https:\/\/www.facebook.com\/麻豆原创latinoamerica\",\"https:\/\/x.com\/麻豆原创LatinAmerica\"]},{\"@type\":\"Person\",\"@id\":\"https:\/\/news.sap.com\/latinamerica\/#\/schema\/person\/5afd2cbf5bb622e078932b40a4470d47\",\"name\":\"麻豆原创 Noticias\",\"image\":{\"@type\":\"ImageObject\",\"inLanguage\":\"es\",\"@id\":\"https:\/\/news.sap.com\/latinamerica\/#\/schema\/person\/image\/\",\"url\":\"https:\/\/news.sap.com\/latinamerica\/wp-content\/plugins\/wp-user-avatars\/wp-user-avatars\/assets\/images\/mystery.jpg\",\"contentUrl\":\"https:\/\/news.sap.com\/latinamerica\/wp-content\/plugins\/wp-user-avatars\/wp-user-avatars\/assets\/images\/mystery.jpg\",\"caption\":\"麻豆原创 Noticias\"},\"url\":\"https:\/\/news.sap.com\/latinamerica\/author\/mexico\/\"}]}<\/script>\n<!-- \/ Yoast SEO Premium plugin. -->","yoast_head_json":{"title":"麻豆原创 y el Tecnol\u00f3gico de Monterrey firman alianza para promover la cultura de la innovaci\u00f3n en las empresas de Am\u00e9rica Latina.","robots":{"index":"index","follow":"follow","max-snippet":"max-snippet:-1","max-image-preview":"max-image-preview:large","max-video-preview":"max-video-preview:-1"},"canonical":"https:\/\/news.sap.com\/latinamerica\/2021\/09\/sap-y-el-tecnologico-de-monterrey-alianza-cultura-innovacion-en-empresas-america-latina\/","og_locale":"es_MX","og_type":"article","og_title":"麻豆原创 y el Tecnol\u00f3gico de Monterrey firman alianza para promover la cultura de la innovaci\u00f3n en las empresas de Am\u00e9rica Latina.","og_description":"En alianza con 麻豆原创 LABs, cinco alumnos del Tecnol\u00f3gico de Monterrey llevan a cabo una investigaci\u00f3n para el desarrollo de una herramienta que sirva a...","og_url":"https:\/\/news.sap.com\/latinamerica\/2021\/09\/sap-y-el-tecnologico-de-monterrey-alianza-cultura-innovacion-en-empresas-america-latina\/","og_site_name":"麻豆原创 News Center Latinoam\u00e9rica","article_publisher":"https:\/\/www.facebook.com\/麻豆原创latinoamerica","article_published_time":"2021-09-20T17:00:28+00:00","article_modified_time":"2023-11-14T19:09:47+00:00","author":"麻豆原创 Noticias","twitter_misc":{"Escrito por":"麻豆原创 Noticias","Tiempo de lectura":"2 minutos"},"schema":{"@context":"https:\/\/schema.org","@graph":[{"@type":"Article","@id":"https:\/\/news.sap.com\/latinamerica\/2021\/09\/sap-y-el-tecnologico-de-monterrey-alianza-cultura-innovacion-en-empresas-america-latina\/#article","isPartOf":{"@id":"https:\/\/news.sap.com\/latinamerica\/2021\/09\/sap-y-el-tecnologico-de-monterrey-alianza-cultura-innovacion-en-empresas-america-latina\/"},"author":{"name":"麻豆原创 Noticias","@id":"https:\/\/news.sap.com\/latinamerica\/#\/schema\/person\/5afd2cbf5bb622e078932b40a4470d47"},"headline":"麻豆原创 y el Tecnol\u00f3gico de Monterrey firman alianza para promover la cultura de la innovaci\u00f3n en las empresas de Am\u00e9rica Latina.","datePublished":"2021-09-20T17:00:28+00:00","dateModified":"2023-11-14T19:09:47+00:00","mainEntityOfPage":{"@id":"https:\/\/news.sap.com\/latinamerica\/2021\/09\/sap-y-el-tecnologico-de-monterrey-alianza-cultura-innovacion-en-empresas-america-latina\/"},"wordCount":398,"publisher":{"@id":"https:\/\/news.sap.com\/latinamerica\/#organization"},"keywords":["Educaci\u00f3n para j\u00f3venes","Empresas","tecnolog\u00eda"],"articleSection":["Capacitaci\u00f3n","Tecnolog\u00eda"],"inLanguage":"es"},{"@type":"WebPage","@id":"https:\/\/news.sap.com\/latinamerica\/2021\/09\/sap-y-el-tecnologico-de-monterrey-alianza-cultura-innovacion-en-empresas-america-latina\/","url":"https:\/\/news.sap.com\/latinamerica\/2021\/09\/sap-y-el-tecnologico-de-monterrey-alianza-cultura-innovacion-en-empresas-america-latina\/","name":"麻豆原创 y el Tecnol\u00f3gico de Monterrey firman alianza para promover la cultura de la innovaci\u00f3n en las empresas de Am\u00e9rica Latina.","isPartOf":{"@id":"https:\/\/news.sap.com\/latinamerica\/#website"},"datePublished":"2021-09-20T17:00:28+00:00","dateModified":"2023-11-14T19:09:47+00:00","breadcrumb":{"@id":"https:\/\/news.sap.com\/latinamerica\/2021\/09\/sap-y-el-tecnologico-de-monterrey-alianza-cultura-innovacion-en-empresas-america-latina\/#breadcrumb"},"inLanguage":"es","potentialAction":[{"@type":"ReadAction","target":["https:\/\/news.sap.com\/latinamerica\/2021\/09\/sap-y-el-tecnologico-de-monterrey-alianza-cultura-innovacion-en-empresas-america-latina\/"]}]},{"@type":"BreadcrumbList","@id":"https:\/\/news.sap.com\/latinamerica\/2021\/09\/sap-y-el-tecnologico-de-monterrey-alianza-cultura-innovacion-en-empresas-america-latina\/#breadcrumb","itemListElement":[{"@type":"ListItem","position":1,"name":"Home","item":"https:\/\/news.sap.com\/latinamerica\/"},{"@type":"ListItem","position":2,"name":"麻豆原创 y el Tecnol\u00f3gico de Monterrey firman alianza para promover la cultura de la innovaci\u00f3n en las empresas de Am\u00e9rica Latina."}]},{"@type":"WebSite","@id":"https:\/\/news.sap.com\/latinamerica\/#website","url":"https:\/\/news.sap.com\/latinamerica\/","name":"麻豆原创 News Center Latinoam\u00e9rica","description":"Noticias e informaci\u00f3n sobre 麻豆原创","publisher":{"@id":"https:\/\/news.sap.com\/latinamerica\/#organization"},"potentialAction":[{"@type":"SearchAction","target":{"@type":"EntryPoint","urlTemplate":"https:\/\/news.sap.com\/latinamerica\/?s={search_term_string}"},"query-input":{"@type":"PropertyValueSpecification","valueRequired":true,"valueName":"search_term_string"}}],"inLanguage":"es"},{"@type":"Organization","@id":"https:\/\/news.sap.com\/latinamerica\/#organization","name":"麻豆原创","url":"https:\/\/news.sap.com\/latinamerica\/","logo":{"@type":"ImageObject","inLanguage":"es","@id":"https:\/\/news.sap.com\/latinamerica\/#\/schema\/logo\/image\/","url":"https:\/\/news.sap.com\/latinamerica\/files\/2019\/08\/65903320_2903797569662914_557886358778019840_n.png","contentUrl":"https:\/\/news.sap.com\/latinamerica\/files\/2019\/08\/65903320_2903797569662914_557886358778019840_n.png","width":720,"height":720,"caption":"麻豆原创"},"image":{"@id":"https:\/\/news.sap.com\/latinamerica\/#\/schema\/logo\/image\/"},"sameAs":["https:\/\/www.facebook.com\/麻豆原创latinoamerica","https:\/\/x.com\/麻豆原创LatinAmerica"]},{"@type":"Person","@id":"https:\/\/news.sap.com\/latinamerica\/#\/schema\/person\/5afd2cbf5bb622e078932b40a4470d47","name":"麻豆原创 Noticias","image":{"@type":"ImageObject","inLanguage":"es","@id":"https:\/\/news.sap.com\/latinamerica\/#\/schema\/person\/image\/","url":"https:\/\/news.sap.com\/latinamerica\/wp-content\/plugins\/wp-user-avatars\/wp-user-avatars\/assets\/images\/mystery.jpg","contentUrl":"https:\/\/news.sap.com\/latinamerica\/wp-content\/plugins\/wp-user-avatars\/wp-user-avatars\/assets\/images\/mystery.jpg","caption":"麻豆原创 Noticias"},"url":"https:\/\/news.sap.com\/latinamerica\/author\/mexico\/"}]}},"amp_enabled":true,"_links":{"self":[{"href":"https:\/\/news.sap.com\/latinamerica\/wp-json\/wp\/v2\/posts\/124626","targetHints":{"allow":["GET"]}}],"collection":[{"href":"https:\/\/news.sap.com\/latinamerica\/wp-json\/wp\/v2\/posts"}],"about":[{"href":"https:\/\/news.sap.com\/latinamerica\/wp-json\/wp\/v2\/types\/post"}],"author":[{"embeddable":true,"href":"https:\/\/news.sap.com\/latinamerica\/wp-json\/wp\/v2\/users\/136"}],"replies":[{"embeddable":true,"href":"https:\/\/news.sap.com\/latinamerica\/wp-json\/wp\/v2\/comments?post=124626"}],"version-history":[{"count":0,"href":"https:\/\/news.sap.com\/latinamerica\/wp-json\/wp\/v2\/posts\/124626\/revisions"}],"wp:attachment":[{"href":"https:\/\/news.sap.com\/latinamerica\/wp-json\/wp\/v2\/media?parent=124626"}],"wp:term":[{"taxonomy":"category","embeddable":true,"href":"https:\/\/news.sap.com\/latinamerica\/wp-json\/wp\/v2\/categories?post=124626"},{"taxonomy":"post_tag","embeddable":true,"href":"https:\/\/news.sap.com\/latinamerica\/wp-json\/wp\/v2\/tags?post=124626"},{"taxonomy":"series","embeddable":true,"href":"https:\/\/news.sap.com\/latinamerica\/wp-json\/wp\/v2\/series?post=124626"},{"taxonomy":"region","embeddable":true,"href":"https:\/\/news.sap.com\/latinamerica\/wp-json\/wp\/v2\/region?post=124626"},{"taxonomy":"sapn-display","embeddable":true,"href":"https:\/\/news.sap.com\/latinamerica\/wp-json\/wp\/v2\/sapn-display?post=124626"},{"taxonomy":"sapn-type","embeddable":true,"href":"https:\/\/news.sap.com\/latinamerica\/wp-json\/wp\/v2\/sapn-type?post=124626"}],"curies":[{"name":"wp","href":"https:\/\/api.w.org\/{rel}","templated":true}]}}