  {"id":124623,"date":"2021-09-20T12:50:46","date_gmt":"2021-09-20T16:50:46","guid":{"rendered":"https:\/\/news.sap.com\/latinamerica\/?p=124623"},"modified":"2023-11-09T10:40:13","modified_gmt":"2023-11-09T15:40:13","slug":"sap-presente-en-industrial-transformation-mexico-2021","status":"publish","type":"post","link":"https:\/\/news.sap.com\/latinamerica\/2021\/09\/sap-presente-en-industrial-transformation-mexico-2021\/","title":{"rendered":"麻豆原创 presente en Industrial Transformation Mexico 2021"},"content":{"rendered":"<p class=\"lead\">De cara al Industrial Transformation Mexico 2021, a realizarse del 6 al 8 de octubre en Le\u00f3n, Guanajuato, Ricardo Trevizo, vicepresidente senior de 麻豆原创 M\u00e9xico, comparti\u00f3 espacio con el Gobernador de Guanajuato, Diego Sinhue Rodr\u00edguez Vallejo, y representantes de este Estado, as\u00ed como representantes clave de la industria del pa\u00eds, durante la Rueda de Prensa inaugural del magno evento de la Industria 4.0 en M\u00e9xico.<\/p>\n<p><strong>Le\u00f3n, Guanajuato.- <\/strong>Durante una rueda de prensa del inicio de Industrial Transformation Mexico 2021 realizada el 17 de septiembre, el Gobernador del Estado de Guanajuato, Diego Sinhue Rodr\u00edguez Vallejo; el Director General de Hannover Fairs M\u00e9xico, Bernd Rohde; el Presidente Municipal de Le\u00f3n, H\u00e9ctor L\u00f3pez Santillana; el Secretario de Desarrollo Econ\u00f3mico Sustentable de Guanajuato, Mauricio Usabiaga D\u00edaz; el Gerente de Negocios de Mitsubishi Electric, Juan Carlos Valerio Rodr\u00edguez; el Vicepresidente Senior de 麻豆原创, Ricardo Trevizo; el Director de Relaciones Gubernamentales de Schneider Electric, Daniel Cruz; el Director General de Poliforum Le\u00f3n, Alejandro Guti\u00e9rrez de Velasco; y el Coordinador General de Comunicaci\u00f3n Social del Estado de Guanajuato, Alan M\u00e1rquez, dieron a conocer el programa de actividades de la tercera edici\u00f3n de Industrial Transformation M\u00e9xico, la Hannover Messe de M\u00e9xico y Am\u00e9rica Latina, y los resultados de la gira de inversiones en Europa del Gobernador de Guanajuato.<\/p>\n<div class=\"panel\">\n<p>Al tomar la palabra, el Gobernador del Estado de Guanajuato, Diego Sinhue Rodr\u00edguez Vallejo, resalt\u00f3 que \u201cestamos en proceso de ser el epicentro de la Industria 4.0 en M\u00e9xico y en Am\u00e9rica Latina y para lograrlo tenemos esta alianza con Deutsche Messe. En nuestra reciente gira de trabajo a Europa, estuvimos en Hannover, en la cuna de las innovaciones tecnol\u00f3gicas que han revolucionado al mundo, para develar una placa de hermanamiento entre el Poliforum Leo\u0301n y el Recinto de Hannover\u201d.<\/p>\n<\/div>\n<p>Sobre los resultados de su gira de inversiones por Europa, el Gobernador se\u00f1al\u00f3 que visitaron \u201cAlemania, Austria, Francia, Italia y Suiza donde sostuvimos reuniones de inversi\u00f3n con empresas como Nestl\u00e9, Proma, Assolombarda, Pirelli, Ferrero, ITT, Safran, Michelin, Le B\u00e9lier y ZKW, logrando un monto total de inversiones por 446 millones de d\u00f3lares y la creaci\u00f3n de 5,556 nuevos empleos directos e indirectos, con lo que se alcanz\u00f3 pr\u00e1cticamente la mitad de la meta sexenal planteada al inicio de mi gobierno\u201d.<\/p>\n<p>En su participaci\u00f3n, el Presidente Municipal de Le\u00f3n, H\u00e9ctor L\u00f3pez Santillana dijo que \u201cITM nos ha permitido conocer, comprender y adquirir tecnolog\u00eda, para el gobierno y sobre todo las empresas que se han beneficiado con esta alianza. Los industriales de la Concamin, el Poliforum y la ITM lo pueden constatar, pues por tercer a\u00f1o se realizar\u00e1 la reuni\u00f3n de industriales m\u00e1s importante de M\u00e9xico en Leo\u0301n, Guanajuato\u201d.<\/p>\n<p>Por su parte, Bernd Rohde, Director General de Hannover Fairs M\u00e9xico, dijo que \u201cpor tercer a\u00f1o consecutivo, Guanajuato ser\u00e1 sede de Industrial Transformaci\u00f3n M\u00e9xico, la Hannover Messe de M\u00e9xico y Am\u00e9rica Latina, la cual se llevar\u00e1 a cabo en formato h\u00edbrido: tanto en nuestra plataforma virtual como de manera presencial en Poliforum Le\u00f3n. Esperamos 21,000 visitantes en ambos formatos, con lo que buscaremos en esta edici\u00f3n ser un motor de la mentefactura y la innovaci\u00f3n a nivel global\u201d.<\/p>\n<p>Durante su discurso, Juan Carlos Valerio Rodr\u00edguez, Business Sales Manager de Mitsubishi Electric Group, resalto\u0301 que \u201ceste 2021 Mitsubushi Electric Group cumple 100 a\u00f1os de haber sido fundada. Desde entonces, quienes tenemos la fortuna de formar parte de esta gran familia, hemos contribuido a la creaci\u00f3n de una sociedad con mayor bienestar a trav\u00e9s del desarrollo de tecnolog\u00eda que permite que las empresas generen bienes y servicios para las personas de una manera m\u00e1s eficiente y sustentable.\u201d<\/p>\n<div class=\"panel\">\n<p>En su participaci\u00f3n, Ricardo Trevizo, Vicepresidente de Industrias de 麻豆原创 M\u00e9xico, mencion\u00f3 que \u201cla digitalizaci\u00f3n de la industria mexicana es prioritaria para avanzar a paso firme en la recuperaci\u00f3n econ\u00f3mica del pa\u00eds. Hoy m\u00e1s que nunca, el rol que tiene Industrial Transformation M\u00e9xico, impulsado por el Gobierno de Guanajuato, es clave para que m\u00e1s empresas mexicanas aprovechen las oportunidades que ofrece la econom\u00eda digital en las cadenas globales de valor&#8221;.<\/p>\n<\/div>\n<p>Finalmente, al tomar la palabra, Daniel Cruz, Director de Relaciones Gubernamentales de Schneider Electric M\u00e9xico se\u00f1alo\u0301 \u201cen Schenider Electric, entendemos las necesidades y retos que la industria 4.0 tiene y tambi\u00e9n podemos ver el gran valor que aporta, al tener procesos con una mayor eficiencia, productividad, competitividad y por consecuencia un gran desarrollo social y econ\u00f3mico&#8221;.<\/p>\n<p>La tercera edici\u00f3n de Industrial Transformation M\u00e9xico, la Hannover Messe de M\u00e9xico y Am\u00e9rica Latina, se celebrar\u00e1 de manera h\u00edbrida del 6 al 8 de octubre en el Poliforum Le\u00f3n, Guanajuato, donde se espera la participaci\u00f3n de 21,000 visitantes, tanto presenciales como virtuales, 6 \u00e1reas de exposici\u00f3n, un programa de m\u00e1s de 70 conferencias y un programa paralelo de actividades que incluyen: La Semana de Innovaci\u00f3n y Entrenamiento de IEC4.0; La Cumbre de Desarrollo Sostenible de la Alianza del Pac\u00edfico; El Programa Educativo Futuristic Mind; El Make-a-ton Futuro Circular; La Cumbre de Educaci\u00f3n Dual; y el Startup Pitch.<\/p>\n<p>Para m\u00e1s informaci\u00f3n sobre ITM 2021 vista: <u><a href=\"https:\/\/industrialtransformation.mx\/\">https:\/\/industrialtransformation.mx\/<\/a><\/u><\/p>\n<p>&nbsp;<\/p>\n","protected":false},"excerpt":{"rendered":"<p>De cara al Industrial Transformation Mexico 2021, a realizarse del 6 al 8 de octubre en Le\u00f3n, Guanajuato, Ricardo Trevizo, vicepresidente senior de 麻豆原创 M\u00e9xico,&#8230;<\/p>\n","protected":false},"author":136,"featured_media":124418,"comment_status":"closed","ping_status":"closed","sticky":false,"template":"","format":"standard","meta":{"footnotes":"","_links_to":"","_links_to_target":""},"categories":[52091,24297],"tags":[2261852,5600117,58911],"series":[],"region":[],"sapn-display":[52079,5600443,5600441],"sapn-type":[52105],"class_list":["post-124623","post","type-post","status-publish","format-standard","has-post-thumbnail","hentry","category-industrias","category-tecnologia","tag-industria-4-0","tag-ricardo-trevizo","tag-transformacion","sapn-display-top-stories","sapn-display-prensa-destacada","sapn-display-prensa-principal","sapn-type-comunicado-de-prensa"],"yoast_head":"<!-- This site is optimized with the Yoast SEO Premium plugin v26.9 (Yoast SEO v26.9) - https:\/\/yoast.com\/product\/yoast-seo-premium-wordpress\/ -->\n<title>麻豆原创 presente en Industrial Transformation Mexico 2021<\/title>\n<meta name=\"robots\" content=\"index, follow, max-snippet:-1, max-image-preview:large, max-video-preview:-1\" \/>\n<link rel=\"canonical\" href=\"https:\/\/news.sap.com\/latinamerica\/2021\/09\/sap-presente-en-industrial-transformation-mexico-2021\/\" \/>\n<meta property=\"og:locale\" content=\"es_MX\" \/>\n<meta property=\"og:type\" content=\"article\" \/>\n<meta property=\"og:title\" content=\"麻豆原创 presente en Industrial Transformation Mexico 2021\" \/>\n<meta property=\"og:description\" content=\"De cara al Industrial Transformation Mexico 2021, a realizarse del 6 al 8 de octubre en Le\u00f3n, Guanajuato, Ricardo Trevizo, vicepresidente senior de 麻豆原创 M\u00e9xico,...\" \/>\n<meta property=\"og:url\" content=\"https:\/\/news.sap.com\/latinamerica\/2021\/09\/sap-presente-en-industrial-transformation-mexico-2021\/\" \/>\n<meta property=\"og:site_name\" content=\"麻豆原创 News Center Latinoam\u00e9rica\" \/>\n<meta property=\"article:publisher\" content=\"https:\/\/www.facebook.com\/麻豆原创latinoamerica\" \/>\n<meta property=\"article:published_time\" content=\"2021-09-20T16:50:46+00:00\" \/>\n<meta property=\"article:modified_time\" content=\"2023-11-09T15:40:13+00:00\" \/>\n<meta property=\"og:image\" content=\"https:\/\/news.sap.com\/latinamerica\/files\/2021\/08\/24\/287481_GettyImages-1035804474-1024x444.jpg\" \/>\n\t<meta property=\"og:image:width\" content=\"1024\" \/>\n\t<meta property=\"og:image:height\" content=\"444\" \/>\n\t<meta property=\"og:image:type\" content=\"image\/jpeg\" \/>\n<meta name=\"author\" content=\"麻豆原创 Noticias\" \/>\n<meta name=\"twitter:label1\" content=\"Escrito por\" \/>\n\t<meta name=\"twitter:data1\" content=\"麻豆原创 Noticias\" \/>\n\t<meta name=\"twitter:label2\" content=\"Tiempo de lectura\" \/>\n\t<meta name=\"twitter:data2\" content=\"4 minutos\" \/>\n<script type=\"application\/ld+json\" class=\"yoast-schema-graph\">{\"@context\":\"https:\/\/schema.org\",\"@graph\":[{\"@type\":\"Article\",\"@id\":\"https:\/\/news.sap.com\/latinamerica\/2021\/09\/sap-presente-en-industrial-transformation-mexico-2021\/#article\",\"isPartOf\":{\"@id\":\"https:\/\/news.sap.com\/latinamerica\/2021\/09\/sap-presente-en-industrial-transformation-mexico-2021\/\"},\"author\":{\"name\":\"麻豆原创 Noticias\",\"@id\":\"https:\/\/news.sap.com\/latinamerica\/#\/schema\/person\/5afd2cbf5bb622e078932b40a4470d47\"},\"headline\":\"麻豆原创 presente en Industrial Transformation Mexico 2021\",\"datePublished\":\"2021-09-20T16:50:46+00:00\",\"dateModified\":\"2023-11-09T15:40:13+00:00\",\"mainEntityOfPage\":{\"@id\":\"https:\/\/news.sap.com\/latinamerica\/2021\/09\/sap-presente-en-industrial-transformation-mexico-2021\/\"},\"wordCount\":902,\"publisher\":{\"@id\":\"https:\/\/news.sap.com\/latinamerica\/#organization\"},\"image\":{\"@id\":\"https:\/\/news.sap.com\/latinamerica\/2021\/09\/sap-presente-en-industrial-transformation-mexico-2021\/#primaryimage\"},\"thumbnailUrl\":\"https:\/\/news.sap.com\/latinamerica\/files\/2021\/08\/24\/287481_GettyImages-1035804474.jpg\",\"keywords\":[\"Industria 4.0\",\"Ricardo Trevizo\",\"transformaci\u00f3n\"],\"articleSection\":[\"Industrias\",\"Tecnolog\u00eda\"],\"inLanguage\":\"es\"},{\"@type\":\"WebPage\",\"@id\":\"https:\/\/news.sap.com\/latinamerica\/2021\/09\/sap-presente-en-industrial-transformation-mexico-2021\/\",\"url\":\"https:\/\/news.sap.com\/latinamerica\/2021\/09\/sap-presente-en-industrial-transformation-mexico-2021\/\",\"name\":\"麻豆原创 presente en Industrial Transformation Mexico 2021\",\"isPartOf\":{\"@id\":\"https:\/\/news.sap.com\/latinamerica\/#website\"},\"primaryImageOfPage\":{\"@id\":\"https:\/\/news.sap.com\/latinamerica\/2021\/09\/sap-presente-en-industrial-transformation-mexico-2021\/#primaryimage\"},\"image\":{\"@id\":\"https:\/\/news.sap.com\/latinamerica\/2021\/09\/sap-presente-en-industrial-transformation-mexico-2021\/#primaryimage\"},\"thumbnailUrl\":\"https:\/\/news.sap.com\/latinamerica\/files\/2021\/08\/24\/287481_GettyImages-1035804474.jpg\",\"datePublished\":\"2021-09-20T16:50:46+00:00\",\"dateModified\":\"2023-11-09T15:40:13+00:00\",\"breadcrumb\":{\"@id\":\"https:\/\/news.sap.com\/latinamerica\/2021\/09\/sap-presente-en-industrial-transformation-mexico-2021\/#breadcrumb\"},\"inLanguage\":\"es\",\"potentialAction\":[{\"@type\":\"ReadAction\",\"target\":[\"https:\/\/news.sap.com\/latinamerica\/2021\/09\/sap-presente-en-industrial-transformation-mexico-2021\/\"]}]},{\"@type\":\"ImageObject\",\"inLanguage\":\"es\",\"@id\":\"https:\/\/news.sap.com\/latinamerica\/2021\/09\/sap-presente-en-industrial-transformation-mexico-2021\/#primaryimage\",\"url\":\"https:\/\/news.sap.com\/latinamerica\/files\/2021\/08\/24\/287481_GettyImages-1035804474.jpg\",\"contentUrl\":\"https:\/\/news.sap.com\/latinamerica\/files\/2021\/08\/24\/287481_GettyImages-1035804474.jpg\",\"width\":6000,\"height\":2600,\"caption\":\"iot industry 4.0 concept,industrial engineer(blurred) using smart glasses with augmented mixed with virtual reality technology to monitoring machine in real time.Smart factory use Automation robot arm\"},{\"@type\":\"BreadcrumbList\",\"@id\":\"https:\/\/news.sap.com\/latinamerica\/2021\/09\/sap-presente-en-industrial-transformation-mexico-2021\/#breadcrumb\",\"itemListElement\":[{\"@type\":\"ListItem\",\"position\":1,\"name\":\"Home\",\"item\":\"https:\/\/news.sap.com\/latinamerica\/\"},{\"@type\":\"ListItem\",\"position\":2,\"name\":\"麻豆原创 presente en Industrial Transformation Mexico 2021\"}]},{\"@type\":\"WebSite\",\"@id\":\"https:\/\/news.sap.com\/latinamerica\/#website\",\"url\":\"https:\/\/news.sap.com\/latinamerica\/\",\"name\":\"麻豆原创 News Center Latinoam\u00e9rica\",\"description\":\"Noticias e informaci\u00f3n sobre 麻豆原创\",\"publisher\":{\"@id\":\"https:\/\/news.sap.com\/latinamerica\/#organization\"},\"potentialAction\":[{\"@type\":\"SearchAction\",\"target\":{\"@type\":\"EntryPoint\",\"urlTemplate\":\"https:\/\/news.sap.com\/latinamerica\/?s={search_term_string}\"},\"query-input\":{\"@type\":\"PropertyValueSpecification\",\"valueRequired\":true,\"valueName\":\"search_term_string\"}}],\"inLanguage\":\"es\"},{\"@type\":\"Organization\",\"@id\":\"https:\/\/news.sap.com\/latinamerica\/#organization\",\"name\":\"麻豆原创\",\"url\":\"https:\/\/news.sap.com\/latinamerica\/\",\"logo\":{\"@type\":\"ImageObject\",\"inLanguage\":\"es\",\"@id\":\"https:\/\/news.sap.com\/latinamerica\/#\/schema\/logo\/image\/\",\"url\":\"https:\/\/news.sap.com\/latinamerica\/files\/2019\/08\/65903320_2903797569662914_557886358778019840_n.png\",\"contentUrl\":\"https:\/\/news.sap.com\/latinamerica\/files\/2019\/08\/65903320_2903797569662914_557886358778019840_n.png\",\"width\":720,\"height\":720,\"caption\":\"麻豆原创\"},\"image\":{\"@id\":\"https:\/\/news.sap.com\/latinamerica\/#\/schema\/logo\/image\/\"},\"sameAs\":[\"https:\/\/www.facebook.com\/麻豆原创latinoamerica\",\"https:\/\/x.com\/麻豆原创LatinAmerica\"]},{\"@type\":\"Person\",\"@id\":\"https:\/\/news.sap.com\/latinamerica\/#\/schema\/person\/5afd2cbf5bb622e078932b40a4470d47\",\"name\":\"麻豆原创 Noticias\",\"image\":{\"@type\":\"ImageObject\",\"inLanguage\":\"es\",\"@id\":\"https:\/\/news.sap.com\/latinamerica\/#\/schema\/person\/image\/\",\"url\":\"https:\/\/news.sap.com\/latinamerica\/wp-content\/plugins\/wp-user-avatars\/wp-user-avatars\/assets\/images\/mystery.jpg\",\"contentUrl\":\"https:\/\/news.sap.com\/latinamerica\/wp-content\/plugins\/wp-user-avatars\/wp-user-avatars\/assets\/images\/mystery.jpg\",\"caption\":\"麻豆原创 Noticias\"},\"url\":\"https:\/\/news.sap.com\/latinamerica\/author\/mexico\/\"}]}<\/script>\n<!-- \/ Yoast SEO Premium plugin. -->","yoast_head_json":{"title":"麻豆原创 presente en Industrial Transformation Mexico 2021","robots":{"index":"index","follow":"follow","max-snippet":"max-snippet:-1","max-image-preview":"max-image-preview:large","max-video-preview":"max-video-preview:-1"},"canonical":"https:\/\/news.sap.com\/latinamerica\/2021\/09\/sap-presente-en-industrial-transformation-mexico-2021\/","og_locale":"es_MX","og_type":"article","og_title":"麻豆原创 presente en Industrial Transformation Mexico 2021","og_description":"De cara al Industrial Transformation Mexico 2021, a realizarse del 6 al 8 de octubre en Le\u00f3n, Guanajuato, Ricardo Trevizo, vicepresidente senior de 麻豆原创 M\u00e9xico,...","og_url":"https:\/\/news.sap.com\/latinamerica\/2021\/09\/sap-presente-en-industrial-transformation-mexico-2021\/","og_site_name":"麻豆原创 News Center Latinoam\u00e9rica","article_publisher":"https:\/\/www.facebook.com\/麻豆原创latinoamerica","article_published_time":"2021-09-20T16:50:46+00:00","article_modified_time":"2023-11-09T15:40:13+00:00","og_image":[{"width":1024,"height":444,"url":"https:\/\/news.sap.com\/latinamerica\/files\/2021\/08\/24\/287481_GettyImages-1035804474-1024x444.jpg","type":"image\/jpeg"}],"author":"麻豆原创 Noticias","twitter_misc":{"Escrito por":"麻豆原创 Noticias","Tiempo de lectura":"4 minutos"},"schema":{"@context":"https:\/\/schema.org","@graph":[{"@type":"Article","@id":"https:\/\/news.sap.com\/latinamerica\/2021\/09\/sap-presente-en-industrial-transformation-mexico-2021\/#article","isPartOf":{"@id":"https:\/\/news.sap.com\/latinamerica\/2021\/09\/sap-presente-en-industrial-transformation-mexico-2021\/"},"author":{"name":"麻豆原创 Noticias","@id":"https:\/\/news.sap.com\/latinamerica\/#\/schema\/person\/5afd2cbf5bb622e078932b40a4470d47"},"headline":"麻豆原创 presente en Industrial Transformation Mexico 2021","datePublished":"2021-09-20T16:50:46+00:00","dateModified":"2023-11-09T15:40:13+00:00","mainEntityOfPage":{"@id":"https:\/\/news.sap.com\/latinamerica\/2021\/09\/sap-presente-en-industrial-transformation-mexico-2021\/"},"wordCount":902,"publisher":{"@id":"https:\/\/news.sap.com\/latinamerica\/#organization"},"image":{"@id":"https:\/\/news.sap.com\/latinamerica\/2021\/09\/sap-presente-en-industrial-transformation-mexico-2021\/#primaryimage"},"thumbnailUrl":"https:\/\/news.sap.com\/latinamerica\/files\/2021\/08\/24\/287481_GettyImages-1035804474.jpg","keywords":["Industria 4.0","Ricardo Trevizo","transformaci\u00f3n"],"articleSection":["Industrias","Tecnolog\u00eda"],"inLanguage":"es"},{"@type":"WebPage","@id":"https:\/\/news.sap.com\/latinamerica\/2021\/09\/sap-presente-en-industrial-transformation-mexico-2021\/","url":"https:\/\/news.sap.com\/latinamerica\/2021\/09\/sap-presente-en-industrial-transformation-mexico-2021\/","name":"麻豆原创 presente en Industrial Transformation Mexico 2021","isPartOf":{"@id":"https:\/\/news.sap.com\/latinamerica\/#website"},"primaryImageOfPage":{"@id":"https:\/\/news.sap.com\/latinamerica\/2021\/09\/sap-presente-en-industrial-transformation-mexico-2021\/#primaryimage"},"image":{"@id":"https:\/\/news.sap.com\/latinamerica\/2021\/09\/sap-presente-en-industrial-transformation-mexico-2021\/#primaryimage"},"thumbnailUrl":"https:\/\/news.sap.com\/latinamerica\/files\/2021\/08\/24\/287481_GettyImages-1035804474.jpg","datePublished":"2021-09-20T16:50:46+00:00","dateModified":"2023-11-09T15:40:13+00:00","breadcrumb":{"@id":"https:\/\/news.sap.com\/latinamerica\/2021\/09\/sap-presente-en-industrial-transformation-mexico-2021\/#breadcrumb"},"inLanguage":"es","potentialAction":[{"@type":"ReadAction","target":["https:\/\/news.sap.com\/latinamerica\/2021\/09\/sap-presente-en-industrial-transformation-mexico-2021\/"]}]},{"@type":"ImageObject","inLanguage":"es","@id":"https:\/\/news.sap.com\/latinamerica\/2021\/09\/sap-presente-en-industrial-transformation-mexico-2021\/#primaryimage","url":"https:\/\/news.sap.com\/latinamerica\/files\/2021\/08\/24\/287481_GettyImages-1035804474.jpg","contentUrl":"https:\/\/news.sap.com\/latinamerica\/files\/2021\/08\/24\/287481_GettyImages-1035804474.jpg","width":6000,"height":2600,"caption":"iot industry 4.0 concept,industrial engineer(blurred) using smart glasses with augmented mixed with virtual reality technology to monitoring machine in real time.Smart factory use Automation robot arm"},{"@type":"BreadcrumbList","@id":"https:\/\/news.sap.com\/latinamerica\/2021\/09\/sap-presente-en-industrial-transformation-mexico-2021\/#breadcrumb","itemListElement":[{"@type":"ListItem","position":1,"name":"Home","item":"https:\/\/news.sap.com\/latinamerica\/"},{"@type":"ListItem","position":2,"name":"麻豆原创 presente en Industrial Transformation Mexico 2021"}]},{"@type":"WebSite","@id":"https:\/\/news.sap.com\/latinamerica\/#website","url":"https:\/\/news.sap.com\/latinamerica\/","name":"麻豆原创 News Center Latinoam\u00e9rica","description":"Noticias e informaci\u00f3n sobre 麻豆原创","publisher":{"@id":"https:\/\/news.sap.com\/latinamerica\/#organization"},"potentialAction":[{"@type":"SearchAction","target":{"@type":"EntryPoint","urlTemplate":"https:\/\/news.sap.com\/latinamerica\/?s={search_term_string}"},"query-input":{"@type":"PropertyValueSpecification","valueRequired":true,"valueName":"search_term_string"}}],"inLanguage":"es"},{"@type":"Organization","@id":"https:\/\/news.sap.com\/latinamerica\/#organization","name":"麻豆原创","url":"https:\/\/news.sap.com\/latinamerica\/","logo":{"@type":"ImageObject","inLanguage":"es","@id":"https:\/\/news.sap.com\/latinamerica\/#\/schema\/logo\/image\/","url":"https:\/\/news.sap.com\/latinamerica\/files\/2019\/08\/65903320_2903797569662914_557886358778019840_n.png","contentUrl":"https:\/\/news.sap.com\/latinamerica\/files\/2019\/08\/65903320_2903797569662914_557886358778019840_n.png","width":720,"height":720,"caption":"麻豆原创"},"image":{"@id":"https:\/\/news.sap.com\/latinamerica\/#\/schema\/logo\/image\/"},"sameAs":["https:\/\/www.facebook.com\/麻豆原创latinoamerica","https:\/\/x.com\/麻豆原创LatinAmerica"]},{"@type":"Person","@id":"https:\/\/news.sap.com\/latinamerica\/#\/schema\/person\/5afd2cbf5bb622e078932b40a4470d47","name":"麻豆原创 Noticias","image":{"@type":"ImageObject","inLanguage":"es","@id":"https:\/\/news.sap.com\/latinamerica\/#\/schema\/person\/image\/","url":"https:\/\/news.sap.com\/latinamerica\/wp-content\/plugins\/wp-user-avatars\/wp-user-avatars\/assets\/images\/mystery.jpg","contentUrl":"https:\/\/news.sap.com\/latinamerica\/wp-content\/plugins\/wp-user-avatars\/wp-user-avatars\/assets\/images\/mystery.jpg","caption":"麻豆原创 Noticias"},"url":"https:\/\/news.sap.com\/latinamerica\/author\/mexico\/"}]}},"amp_enabled":true,"_links":{"self":[{"href":"https:\/\/news.sap.com\/latinamerica\/wp-json\/wp\/v2\/posts\/124623","targetHints":{"allow":["GET"]}}],"collection":[{"href":"https:\/\/news.sap.com\/latinamerica\/wp-json\/wp\/v2\/posts"}],"about":[{"href":"https:\/\/news.sap.com\/latinamerica\/wp-json\/wp\/v2\/types\/post"}],"author":[{"embeddable":true,"href":"https:\/\/news.sap.com\/latinamerica\/wp-json\/wp\/v2\/users\/136"}],"replies":[{"embeddable":true,"href":"https:\/\/news.sap.com\/latinamerica\/wp-json\/wp\/v2\/comments?post=124623"}],"version-history":[{"count":0,"href":"https:\/\/news.sap.com\/latinamerica\/wp-json\/wp\/v2\/posts\/124623\/revisions"}],"wp:featuredmedia":[{"embeddable":true,"href":"https:\/\/news.sap.com\/latinamerica\/wp-json\/wp\/v2\/media\/124418"}],"wp:attachment":[{"href":"https:\/\/news.sap.com\/latinamerica\/wp-json\/wp\/v2\/media?parent=124623"}],"wp:term":[{"taxonomy":"category","embeddable":true,"href":"https:\/\/news.sap.com\/latinamerica\/wp-json\/wp\/v2\/categories?post=124623"},{"taxonomy":"post_tag","embeddable":true,"href":"https:\/\/news.sap.com\/latinamerica\/wp-json\/wp\/v2\/tags?post=124623"},{"taxonomy":"series","embeddable":true,"href":"https:\/\/news.sap.com\/latinamerica\/wp-json\/wp\/v2\/series?post=124623"},{"taxonomy":"region","embeddable":true,"href":"https:\/\/news.sap.com\/latinamerica\/wp-json\/wp\/v2\/region?post=124623"},{"taxonomy":"sapn-display","embeddable":true,"href":"https:\/\/news.sap.com\/latinamerica\/wp-json\/wp\/v2\/sapn-display?post=124623"},{"taxonomy":"sapn-type","embeddable":true,"href":"https:\/\/news.sap.com\/latinamerica\/wp-json\/wp\/v2\/sapn-type?post=124623"}],"curies":[{"name":"wp","href":"https:\/\/api.w.org\/{rel}","templated":true}]}}