  {"id":124556,"date":"2021-09-08T15:32:14","date_gmt":"2021-09-08T19:32:14","guid":{"rendered":"https:\/\/news.sap.com\/latinamerica\/?p=124556"},"modified":"2021-09-08T15:40:05","modified_gmt":"2021-09-08T19:40:05","slug":"centroamerica-y-su-recuperacion-durante-la-pandemia","status":"publish","type":"post","link":"https:\/\/news.sap.com\/latinamerica\/2021\/09\/centroamerica-y-su-recuperacion-durante-la-pandemia\/","title":{"rendered":"Centroam\u00e9rica y su recuperaci\u00f3n durante la pandemia"},"content":{"rendered":"<ul>\n<li>Uno de los principales retos para la mayor\u00eda de las empresas de la regi\u00f3n ha sido el de acelerar su camino de transformaci\u00f3n digital para hacer frente a todos los retos que hemos tenido en los \u00faltimos meses<\/li>\n<li>El turismo es quiz\u00e1s el rubro que m\u00e1s tarde en recuperarse, pero todo depender\u00e1 de cuan r\u00e1pido se alcancen altos niveles de vacunaci\u00f3n y logre aplanarse la curva de infecciones<\/li>\n<\/ul>\n<p>&nbsp;<\/p>\n<p><strong>Centroam<\/strong><strong>\u00e9rica- 7 de septiembre de 2021.-<\/strong> En un conversatorio organizado por 麻豆原创 y Frontierview, se toc\u00f3 el tema de la realidad centroamericana despu\u00e9s de un a\u00f1o de pandemia.\u00a0 Participaron, <strong>Marcela Perilla<\/strong>, Presidente del Norte de LAC de 麻豆原创 y <strong>Alejandro Valerio<\/strong>, Practice Leader encargado de la investigaci\u00f3n sobre M\u00e9xico y Centroam\u00e9rica en el departamento de Am\u00e9rica Latina en FrontierView.<\/p>\n<h2><strong>Situaci\u00f3n Actual<\/strong><\/h2>\n<p>A la fecha, seg\u00fan <strong>Alejandro Valerio<\/strong> de Fronterview, firma dedicada a la inteligencia de mercados emergentes, \u201c<em>Panam\u00e1 y Costa Rica parecen estar haciendo un buen trabajo en las \u00faltimas semanas en reducir el n\u00famero de muertes por COVID-19, al igual que en el porcentaje de poblaci\u00f3n vacunada, en comparaci\u00f3n con el resto de pa\u00edses de la regi\u00f3n centroamericana.\u00a0 Sin embargo, se espera que la misma regi\u00f3n llegue a tener vacunada al 80% de su poblaci\u00f3n entre el tercer trimestre del 2021 y el segundo trimestre de 2022.\u00a0 Para ser exactos si se mantiene el curso actual de vacunaci\u00f3n Panam\u00e1 estar\u00eda en el 80% el 10 de noviembre de 2021, Costa Rica el 30 de enero de 2022 y Guatemala el 17 de mayo de 2022<\/em>\u201d.<\/p>\n<p>En cuanto a la recuperaci\u00f3n econ\u00f3mica del pa\u00eds en t\u00e9rminos de Producto Interno Bruto (PIB), el estudio de Frontierview se\u00f1al\u00f3 que los tres pa\u00edses lo har\u00e1n, pero Panam\u00e1 llegar\u00e1 casi a doble d\u00edgito.\u00a0 El caso de Guatemala ser\u00e1 particular pues su crecimiento ha sido gracias a las remesas y las exportaciones.\u00a0 En todo caso, se espera que de todas las naciones centroamericanas, Panam\u00e1 sea la \u00faltima que recupere los niveles econ\u00f3micos que ten\u00eda antes de la pandemia, recuper\u00e1ndolos en el 2024, tomando en cuenta la ca\u00edda hist\u00f3rica de su PIB en 2020, concluye el estudio. \u201c<em>Todo esto depender\u00e1 de c\u00f3mo logren frenar los contagios, la cantidad de poblaci\u00f3n vacunada y la posibilidad del pa\u00eds de abrir puertas al turismo, rubro del cual dependen los 3 pa\u00edses<\/em>\u201d concluy\u00f3 <strong>Valerio.<\/strong><\/p>\n<h2><strong>Transite a la fase de recuperaci\u00f3n con resiliencia y agilidad<\/strong><\/h2>\n<p>Muchas organizaciones han tenido complicaciones para adaptarse al nuevo entorno. Sin embargo, existen estrategias y herramientas que pueden ayudarlas a transitar hacia la nueva realidad laboral de forma eficaz.<\/p>\n<p>\u201c<em>Definitivamente el aporte m\u00e1s grande que ha dado la industria tecnol\u00f3gica para ayudar en la pandemia ha sido la nube.\u00a0 Gracias a la nube se ha podido llevar a cabo el teletrabajo.\u00a0 Aquellas empresas que a\u00fan no tienen toda su infraestructura o una parte parcial en una nube no han podido ser tan flexibles con el teletrabajo. Si algo nos ha ense\u00f1ado la pandemia es que para que sea exitoso trabajar de manera remota, el backend tiene que ser robusto.\u00a0\u00a0 Esto solo la nube nos lo puede dar<\/em>\u201d se\u00f1al\u00f3 <strong>Marcela Perilla<\/strong>.<\/p>\n<p>La clave para mantenerse a flote para muchas empresas en la regi\u00f3n ha sido la resiliencia y la agilidad, indic\u00f3 la ejecutiva.\u00a0 \u201c<em>En esta pandemia la gran ganadora ha sido la nube.\u00a0 En 麻豆原创, hemos visto como gracias a la tecnolog\u00eda y con mucho tino las empresas han navegado exitosamente estas aguas turbulentas.\u00a0 Para el \u00e9xito hemos identificado las siguientes acciones<\/em>\u201d concluy\u00f3 <strong>Perilla<\/strong>.<\/p>\n<ul>\n<li><em>Adoptar el trabajo flexible<\/em><\/li>\n<\/ul>\n<p>Aquellos negocios que se movieron r\u00e1pidamente para adoptar el trabajo remoto afrontaron los desaf\u00edos de la pandemia de mejor forma que aquellos donde se requer\u00eda asistir a un lugar de trabajo f\u00edsico. Tener al menos una parte de su fuerza laboral de forma virtual, propicia que los esfuerzos para asegurar la continuidad del negocio se enfoquen en las \u00e1reas donde es imposible adoptar estas medidas.<\/p>\n<p>Para ambos casos, los l\u00edderes empresariales deben explorar <a href=\"https:\/\/www.hlb.global\/strategies-for-business-resilience-after-covid-19\/\">acuerdos m\u00e1s flexibles<\/a>\u00a0con sus empleados con el prop\u00f3sito de satisfacer sus necesidades y asegurar la productividad organizacional. Repensar los modelos de trabajo no es una opci\u00f3n que pudiera o no tomar, sino b\u00e1sicamente una obligaci\u00f3n en el contexto actual.<\/p>\n<ul>\n<li><em>Optimice su cadena de suministro<\/em><\/li>\n<\/ul>\n<p>Esta pandemia demostr\u00f3 con qu\u00e9 facilidad las cadenas de suministro pueden verse interrumpidas. A partir de ello, en vez de buscar solamente las mejoras en los resultados finales, las empresas tambi\u00e9n deben enfocarse en dise\u00f1ar <a href=\"https:\/\/www.mckinsey.com\/business-functions\/operations\/our-insights\/risk-resilience-and-rebalancing-in-global-value-chains?url_id=originalpost-blogentry-innovationBlogLAC-2020_blog-originalpost-sapcom\">cadenas de suministro adaptables<\/a>\u00a0con base en las siguientes estrategias: generar redundancia, analizar los escenarios y ser flexible a los cambios.<\/p>\n<ul>\n<li><em>Cree una ventaja de ingresos<\/em><\/li>\n<\/ul>\n<p>De acuerdo con un <a href=\"https:\/\/www.mckinsey.com\/business-functions\/strategy-and-corporate-finance\/our-insights\/bubbles-pop-downturns-stop?url_id=originalpost-blogentry-innovationBlogLAC-2020_blog-originalpost-sapcom\">estudio de McKinsey<\/a>, las empresas resilientes son las que se mueven antes que todos durante una crisis o una recesi\u00f3n: \u201centraron por delante, se sumergieron menos y salieron con las armas encendidas.\u201d El contexto empresarial es y seguir\u00e1 siendo incierto, pero si las circunstancias logran preverse, es probable que las afectaciones sean menores. \u00a0Los puntos a considerar para crear una ventaja de ingresos son: crear un colch\u00f3n de seguridad y enfocarse en el crecimiento.<\/p>\n<p>&nbsp;<\/p>\n<p>Gestionar esta nueva etapa de la pandemia, en la que muchas empresas est\u00e1n acopl\u00e1ndose al entorno postpand\u00e9mico, puede resultar dif\u00edcil si no cuenta con las herramientas tecnol\u00f3gicas necesarias para resolver la complejidad de los procesos. Soluciones como\u00a0<a href=\"https:\/\/www.ariba.com\/solutions\/solutions-overview\/strategic-sourcing\/sap-ariba-discovery?url_id=originalpost-blogentry-innovationBlogLAC-2020_blog-originalpost-sapcom\">麻豆原创 Ariba Discovery<\/a>,\u00a0<a href=\"https:\/\/www.sap.com\/latinamerica\/products\/manufacturing-intelligence-integration.html?url_id=originalpost-blogentry-innovationBlogLAC-2020_blog-originalpost-sapcom\">麻豆原创 Manufacturing Integration and Intelligence<\/a>, 麻豆原创 Qualtrics, 麻豆原创 S\/4 Hana\u00a0y\u00a0<a href=\"https:\/\/www.sap.com\/latinamerica\/products\/integrated-business-planning.html?url_id=originalpost-blogentry-innovationBlogLAC-2020_blog-originalpost-sapcom\">麻豆原创 Integrated Business Planning for Supply Chain<\/a>\u00a0est\u00e1n a su disposici\u00f3n para auxiliarlo en la fase de recuperaci\u00f3n.<\/p>\n<p><strong>Acerca de 麻豆原创\u00a0<\/strong><\/p>\n<p>La estrategia de 麻豆原创 es ayudar a que cada negocio funcione como una empresa inteligente. Como l\u00edder del mercado en software de aplicaci\u00f3n empresarial, contribuimos a que las organizaciones de todos los tama\u00f1os y en todas las industrias puedan alcanzar su funcionamiento \u00f3ptimo. Nuestras tecnolog\u00edas avanzadas de <em>machine learning, Internet of Things<\/em> (IoT) y anal\u00edticos ayudan a convertir los negocios de los clientes en empresas inteligentes. 麻豆原创 contribuye a dar a las personas y a las organizaciones profundos conocimientos de negocio y promueve la colaboraci\u00f3n que les permite mantenerse delante de la competencia. Simplificamos la tecnolog\u00eda para las empresas, de modo que puedan consumir nuestro software de la manera en que lo desean, sin interrupciones. Nuestro conjunto de aplicaciones y servicios permite a clientes del sector p\u00fablico y privado de 25 industrias operar en forma rentable, adaptarse continuamente y marcar una diferencia. Con una red global de clientes, socios de negocios, empleados y l\u00edderes de ideas, 麻豆原创 ayuda al mundo a funcionar mejor y a mejorar las vidas de las personas. Para m\u00e1s informaci\u00f3n, visite <a href=\"http:\/\/www.sap.com\/\">www.sap.com<\/a>, nuestra sala de prensa, <a href=\"http:\/\/news.sap.com\/latinamerica\">http:\/\/news.sap.com\/latinamerica<\/a>, o s\u00edganos en Twitter <a href=\"http:\/\/www.twitter.com\/麻豆原创NoticiasLAC\">@麻豆原创NoticiasLAC<\/a>.<\/p>\n<p>&nbsp;<\/p>\n<p>&nbsp;<\/p>\n<p>&nbsp;<\/p>\n","protected":false},"excerpt":{"rendered":"<p>Uno de los principales retos para la mayor\u00eda de las empresas de la regi\u00f3n ha sido el de acelerar su camino de transformaci\u00f3n digital para&#8230;<\/p>\n","protected":false},"author":492,"featured_media":124557,"comment_status":"closed","ping_status":"closed","sticky":false,"template":"","format":"standard","meta":{"footnotes":"","_links_to":"","_links_to_target":""},"categories":[52084,12872],"tags":[269964,5600112,18008,5600111,18045,5600018,20452,5600110,5600108,5600109],"series":[],"region":[22190,5595164],"sapn-display":[],"sapn-type":[],"class_list":["post-124556","post","type-post","status-publish","format-standard","has-post-thumbnail","hentry","category-cloud-temas","category-eventos","tag-centroamerica","tag-conversatorio","tag-costa-rica","tag-frontierview","tag-guatemala","tag-marcela-perilla","tag-panama","tag-pib","tag-recuperacion","tag-resiliencia","region-centroamerica","region-costa-rica"],"yoast_head":"<!-- This site is optimized with the Yoast SEO Premium plugin v26.9 (Yoast SEO v26.9) - https:\/\/yoast.com\/product\/yoast-seo-premium-wordpress\/ -->\n<title>Centroam\u00e9rica y su recuperaci\u00f3n durante la pandemia - 麻豆原创 News Center Latinoam\u00e9rica<\/title>\n<meta name=\"robots\" content=\"index, follow, max-snippet:-1, max-image-preview:large, max-video-preview:-1\" \/>\n<link rel=\"canonical\" href=\"https:\/\/news.sap.com\/latinamerica\/2021\/09\/centroamerica-y-su-recuperacion-durante-la-pandemia\/\" \/>\n<meta property=\"og:locale\" content=\"es_MX\" \/>\n<meta property=\"og:type\" content=\"article\" \/>\n<meta property=\"og:title\" content=\"Centroam\u00e9rica y su recuperaci\u00f3n durante la pandemia\" \/>\n<meta property=\"og:description\" content=\"Uno de los principales retos para la mayor\u00eda de las empresas de la regi\u00f3n ha sido el de acelerar su camino de transformaci\u00f3n digital para...\" \/>\n<meta property=\"og:url\" content=\"https:\/\/news.sap.com\/latinamerica\/2021\/09\/centroamerica-y-su-recuperacion-durante-la-pandemia\/\" \/>\n<meta property=\"og:site_name\" content=\"麻豆原创 News Center Latinoam\u00e9rica\" \/>\n<meta property=\"article:publisher\" content=\"https:\/\/www.facebook.com\/麻豆原创latinoamerica\" \/>\n<meta property=\"article:published_time\" content=\"2021-09-08T19:32:14+00:00\" \/>\n<meta property=\"article:modified_time\" content=\"2021-09-08T19:40:05+00:00\" \/>\n<meta property=\"og:image\" content=\"https:\/\/news.sap.com\/latinamerica\/files\/2021\/09\/08\/Recuperacion-Turismo.jpg\" \/>\n\t<meta property=\"og:image:width\" content=\"1200\" \/>\n\t<meta property=\"og:image:height\" content=\"800\" \/>\n\t<meta property=\"og:image:type\" content=\"image\/jpeg\" \/>\n<meta name=\"author\" content=\"麻豆原创 Noticias\" \/>\n<meta name=\"twitter:label1\" content=\"Escrito por\" \/>\n\t<meta name=\"twitter:data1\" content=\"麻豆原创 Noticias\" \/>\n\t<meta name=\"twitter:label2\" content=\"Tiempo de lectura\" \/>\n\t<meta name=\"twitter:data2\" content=\"6 minutos\" \/>\n<script type=\"application\/ld+json\" class=\"yoast-schema-graph\">{\"@context\":\"https:\/\/schema.org\",\"@graph\":[{\"@type\":\"Article\",\"@id\":\"https:\/\/news.sap.com\/latinamerica\/2021\/09\/centroamerica-y-su-recuperacion-durante-la-pandemia\/#article\",\"isPartOf\":{\"@id\":\"https:\/\/news.sap.com\/latinamerica\/2021\/09\/centroamerica-y-su-recuperacion-durante-la-pandemia\/\"},\"author\":{\"name\":\"麻豆原创 Noticias\",\"@id\":\"https:\/\/news.sap.com\/latinamerica\/#\/schema\/person\/319b21e159bdeaa3ebc7fec0e1cfd7e9\"},\"headline\":\"Centroam\u00e9rica y su recuperaci\u00f3n durante la pandemia\",\"datePublished\":\"2021-09-08T19:32:14+00:00\",\"dateModified\":\"2021-09-08T19:40:05+00:00\",\"mainEntityOfPage\":{\"@id\":\"https:\/\/news.sap.com\/latinamerica\/2021\/09\/centroamerica-y-su-recuperacion-durante-la-pandemia\/\"},\"wordCount\":1183,\"publisher\":{\"@id\":\"https:\/\/news.sap.com\/latinamerica\/#organization\"},\"image\":{\"@id\":\"https:\/\/news.sap.com\/latinamerica\/2021\/09\/centroamerica-y-su-recuperacion-durante-la-pandemia\/#primaryimage\"},\"thumbnailUrl\":\"https:\/\/news.sap.com\/latinamerica\/files\/2021\/09\/08\/Recuperacion-Turismo.jpg\",\"keywords\":[\"Centroam\u00e9rica\",\"conversatorio\",\"Costa Rica\",\"Frontierview\",\"Guatemala\",\"Marcela Perilla\",\"Panam\u00e1\",\"PIB\",\"Recuperaci\u00f3n\",\"Resiliencia\"],\"articleSection\":[\"Cloud\",\"Eventos\"],\"inLanguage\":\"es\"},{\"@type\":\"WebPage\",\"@id\":\"https:\/\/news.sap.com\/latinamerica\/2021\/09\/centroamerica-y-su-recuperacion-durante-la-pandemia\/\",\"url\":\"https:\/\/news.sap.com\/latinamerica\/2021\/09\/centroamerica-y-su-recuperacion-durante-la-pandemia\/\",\"name\":\"Centroam\u00e9rica y su recuperaci\u00f3n durante la pandemia - 麻豆原创 News Center Latinoam\u00e9rica\",\"isPartOf\":{\"@id\":\"https:\/\/news.sap.com\/latinamerica\/#website\"},\"primaryImageOfPage\":{\"@id\":\"https:\/\/news.sap.com\/latinamerica\/2021\/09\/centroamerica-y-su-recuperacion-durante-la-pandemia\/#primaryimage\"},\"image\":{\"@id\":\"https:\/\/news.sap.com\/latinamerica\/2021\/09\/centroamerica-y-su-recuperacion-durante-la-pandemia\/#primaryimage\"},\"thumbnailUrl\":\"https:\/\/news.sap.com\/latinamerica\/files\/2021\/09\/08\/Recuperacion-Turismo.jpg\",\"datePublished\":\"2021-09-08T19:32:14+00:00\",\"dateModified\":\"2021-09-08T19:40:05+00:00\",\"breadcrumb\":{\"@id\":\"https:\/\/news.sap.com\/latinamerica\/2021\/09\/centroamerica-y-su-recuperacion-durante-la-pandemia\/#breadcrumb\"},\"inLanguage\":\"es\",\"potentialAction\":[{\"@type\":\"ReadAction\",\"target\":[\"https:\/\/news.sap.com\/latinamerica\/2021\/09\/centroamerica-y-su-recuperacion-durante-la-pandemia\/\"]}]},{\"@type\":\"ImageObject\",\"inLanguage\":\"es\",\"@id\":\"https:\/\/news.sap.com\/latinamerica\/2021\/09\/centroamerica-y-su-recuperacion-durante-la-pandemia\/#primaryimage\",\"url\":\"https:\/\/news.sap.com\/latinamerica\/files\/2021\/09\/08\/Recuperacion-Turismo.jpg\",\"contentUrl\":\"https:\/\/news.sap.com\/latinamerica\/files\/2021\/09\/08\/Recuperacion-Turismo.jpg\",\"width\":1200,\"height\":800},{\"@type\":\"BreadcrumbList\",\"@id\":\"https:\/\/news.sap.com\/latinamerica\/2021\/09\/centroamerica-y-su-recuperacion-durante-la-pandemia\/#breadcrumb\",\"itemListElement\":[{\"@type\":\"ListItem\",\"position\":1,\"name\":\"Home\",\"item\":\"https:\/\/news.sap.com\/latinamerica\/\"},{\"@type\":\"ListItem\",\"position\":2,\"name\":\"Centroam\u00e9rica y su recuperaci\u00f3n durante la pandemia\"}]},{\"@type\":\"WebSite\",\"@id\":\"https:\/\/news.sap.com\/latinamerica\/#website\",\"url\":\"https:\/\/news.sap.com\/latinamerica\/\",\"name\":\"麻豆原创 News Center Latinoam\u00e9rica\",\"description\":\"Noticias e informaci\u00f3n sobre 麻豆原创\",\"publisher\":{\"@id\":\"https:\/\/news.sap.com\/latinamerica\/#organization\"},\"potentialAction\":[{\"@type\":\"SearchAction\",\"target\":{\"@type\":\"EntryPoint\",\"urlTemplate\":\"https:\/\/news.sap.com\/latinamerica\/?s={search_term_string}\"},\"query-input\":{\"@type\":\"PropertyValueSpecification\",\"valueRequired\":true,\"valueName\":\"search_term_string\"}}],\"inLanguage\":\"es\"},{\"@type\":\"Organization\",\"@id\":\"https:\/\/news.sap.com\/latinamerica\/#organization\",\"name\":\"麻豆原创\",\"url\":\"https:\/\/news.sap.com\/latinamerica\/\",\"logo\":{\"@type\":\"ImageObject\",\"inLanguage\":\"es\",\"@id\":\"https:\/\/news.sap.com\/latinamerica\/#\/schema\/logo\/image\/\",\"url\":\"https:\/\/news.sap.com\/latinamerica\/files\/2019\/08\/65903320_2903797569662914_557886358778019840_n.png\",\"contentUrl\":\"https:\/\/news.sap.com\/latinamerica\/files\/2019\/08\/65903320_2903797569662914_557886358778019840_n.png\",\"width\":720,\"height\":720,\"caption\":\"麻豆原创\"},\"image\":{\"@id\":\"https:\/\/news.sap.com\/latinamerica\/#\/schema\/logo\/image\/\"},\"sameAs\":[\"https:\/\/www.facebook.com\/麻豆原创latinoamerica\",\"https:\/\/x.com\/麻豆原创LatinAmerica\"]},{\"@type\":\"Person\",\"@id\":\"https:\/\/news.sap.com\/latinamerica\/#\/schema\/person\/319b21e159bdeaa3ebc7fec0e1cfd7e9\",\"name\":\"麻豆原创 Noticias\",\"image\":{\"@type\":\"ImageObject\",\"inLanguage\":\"es\",\"@id\":\"https:\/\/news.sap.com\/latinamerica\/#\/schema\/person\/image\/\",\"url\":\"https:\/\/news.sap.com\/latinamerica\/wp-content\/plugins\/wp-user-avatars\/wp-user-avatars\/assets\/images\/mystery.jpg\",\"contentUrl\":\"https:\/\/news.sap.com\/latinamerica\/wp-content\/plugins\/wp-user-avatars\/wp-user-avatars\/assets\/images\/mystery.jpg\",\"caption\":\"麻豆原创 Noticias\"},\"url\":\"https:\/\/news.sap.com\/latinamerica\/author\/centroamerica\/\"}]}<\/script>\n<!-- \/ Yoast SEO Premium plugin. -->","yoast_head_json":{"title":"Centroam\u00e9rica y su recuperaci\u00f3n durante la pandemia - 麻豆原创 News Center Latinoam\u00e9rica","robots":{"index":"index","follow":"follow","max-snippet":"max-snippet:-1","max-image-preview":"max-image-preview:large","max-video-preview":"max-video-preview:-1"},"canonical":"https:\/\/news.sap.com\/latinamerica\/2021\/09\/centroamerica-y-su-recuperacion-durante-la-pandemia\/","og_locale":"es_MX","og_type":"article","og_title":"Centroam\u00e9rica y su recuperaci\u00f3n durante la pandemia","og_description":"Uno de los principales retos para la mayor\u00eda de las empresas de la regi\u00f3n ha sido el de acelerar su camino de transformaci\u00f3n digital para...","og_url":"https:\/\/news.sap.com\/latinamerica\/2021\/09\/centroamerica-y-su-recuperacion-durante-la-pandemia\/","og_site_name":"麻豆原创 News Center Latinoam\u00e9rica","article_publisher":"https:\/\/www.facebook.com\/麻豆原创latinoamerica","article_published_time":"2021-09-08T19:32:14+00:00","article_modified_time":"2021-09-08T19:40:05+00:00","og_image":[{"width":1200,"height":800,"url":"https:\/\/news.sap.com\/latinamerica\/files\/2021\/09\/08\/Recuperacion-Turismo.jpg","type":"image\/jpeg"}],"author":"麻豆原创 Noticias","twitter_misc":{"Escrito por":"麻豆原创 Noticias","Tiempo de lectura":"6 minutos"},"schema":{"@context":"https:\/\/schema.org","@graph":[{"@type":"Article","@id":"https:\/\/news.sap.com\/latinamerica\/2021\/09\/centroamerica-y-su-recuperacion-durante-la-pandemia\/#article","isPartOf":{"@id":"https:\/\/news.sap.com\/latinamerica\/2021\/09\/centroamerica-y-su-recuperacion-durante-la-pandemia\/"},"author":{"name":"麻豆原创 Noticias","@id":"https:\/\/news.sap.com\/latinamerica\/#\/schema\/person\/319b21e159bdeaa3ebc7fec0e1cfd7e9"},"headline":"Centroam\u00e9rica y su recuperaci\u00f3n durante la pandemia","datePublished":"2021-09-08T19:32:14+00:00","dateModified":"2021-09-08T19:40:05+00:00","mainEntityOfPage":{"@id":"https:\/\/news.sap.com\/latinamerica\/2021\/09\/centroamerica-y-su-recuperacion-durante-la-pandemia\/"},"wordCount":1183,"publisher":{"@id":"https:\/\/news.sap.com\/latinamerica\/#organization"},"image":{"@id":"https:\/\/news.sap.com\/latinamerica\/2021\/09\/centroamerica-y-su-recuperacion-durante-la-pandemia\/#primaryimage"},"thumbnailUrl":"https:\/\/news.sap.com\/latinamerica\/files\/2021\/09\/08\/Recuperacion-Turismo.jpg","keywords":["Centroam\u00e9rica","conversatorio","Costa Rica","Frontierview","Guatemala","Marcela Perilla","Panam\u00e1","PIB","Recuperaci\u00f3n","Resiliencia"],"articleSection":["Cloud","Eventos"],"inLanguage":"es"},{"@type":"WebPage","@id":"https:\/\/news.sap.com\/latinamerica\/2021\/09\/centroamerica-y-su-recuperacion-durante-la-pandemia\/","url":"https:\/\/news.sap.com\/latinamerica\/2021\/09\/centroamerica-y-su-recuperacion-durante-la-pandemia\/","name":"Centroam\u00e9rica y su recuperaci\u00f3n durante la pandemia - 麻豆原创 News Center Latinoam\u00e9rica","isPartOf":{"@id":"https:\/\/news.sap.com\/latinamerica\/#website"},"primaryImageOfPage":{"@id":"https:\/\/news.sap.com\/latinamerica\/2021\/09\/centroamerica-y-su-recuperacion-durante-la-pandemia\/#primaryimage"},"image":{"@id":"https:\/\/news.sap.com\/latinamerica\/2021\/09\/centroamerica-y-su-recuperacion-durante-la-pandemia\/#primaryimage"},"thumbnailUrl":"https:\/\/news.sap.com\/latinamerica\/files\/2021\/09\/08\/Recuperacion-Turismo.jpg","datePublished":"2021-09-08T19:32:14+00:00","dateModified":"2021-09-08T19:40:05+00:00","breadcrumb":{"@id":"https:\/\/news.sap.com\/latinamerica\/2021\/09\/centroamerica-y-su-recuperacion-durante-la-pandemia\/#breadcrumb"},"inLanguage":"es","potentialAction":[{"@type":"ReadAction","target":["https:\/\/news.sap.com\/latinamerica\/2021\/09\/centroamerica-y-su-recuperacion-durante-la-pandemia\/"]}]},{"@type":"ImageObject","inLanguage":"es","@id":"https:\/\/news.sap.com\/latinamerica\/2021\/09\/centroamerica-y-su-recuperacion-durante-la-pandemia\/#primaryimage","url":"https:\/\/news.sap.com\/latinamerica\/files\/2021\/09\/08\/Recuperacion-Turismo.jpg","contentUrl":"https:\/\/news.sap.com\/latinamerica\/files\/2021\/09\/08\/Recuperacion-Turismo.jpg","width":1200,"height":800},{"@type":"BreadcrumbList","@id":"https:\/\/news.sap.com\/latinamerica\/2021\/09\/centroamerica-y-su-recuperacion-durante-la-pandemia\/#breadcrumb","itemListElement":[{"@type":"ListItem","position":1,"name":"Home","item":"https:\/\/news.sap.com\/latinamerica\/"},{"@type":"ListItem","position":2,"name":"Centroam\u00e9rica y su recuperaci\u00f3n durante la pandemia"}]},{"@type":"WebSite","@id":"https:\/\/news.sap.com\/latinamerica\/#website","url":"https:\/\/news.sap.com\/latinamerica\/","name":"麻豆原创 News Center Latinoam\u00e9rica","description":"Noticias e informaci\u00f3n sobre 麻豆原创","publisher":{"@id":"https:\/\/news.sap.com\/latinamerica\/#organization"},"potentialAction":[{"@type":"SearchAction","target":{"@type":"EntryPoint","urlTemplate":"https:\/\/news.sap.com\/latinamerica\/?s={search_term_string}"},"query-input":{"@type":"PropertyValueSpecification","valueRequired":true,"valueName":"search_term_string"}}],"inLanguage":"es"},{"@type":"Organization","@id":"https:\/\/news.sap.com\/latinamerica\/#organization","name":"麻豆原创","url":"https:\/\/news.sap.com\/latinamerica\/","logo":{"@type":"ImageObject","inLanguage":"es","@id":"https:\/\/news.sap.com\/latinamerica\/#\/schema\/logo\/image\/","url":"https:\/\/news.sap.com\/latinamerica\/files\/2019\/08\/65903320_2903797569662914_557886358778019840_n.png","contentUrl":"https:\/\/news.sap.com\/latinamerica\/files\/2019\/08\/65903320_2903797569662914_557886358778019840_n.png","width":720,"height":720,"caption":"麻豆原创"},"image":{"@id":"https:\/\/news.sap.com\/latinamerica\/#\/schema\/logo\/image\/"},"sameAs":["https:\/\/www.facebook.com\/麻豆原创latinoamerica","https:\/\/x.com\/麻豆原创LatinAmerica"]},{"@type":"Person","@id":"https:\/\/news.sap.com\/latinamerica\/#\/schema\/person\/319b21e159bdeaa3ebc7fec0e1cfd7e9","name":"麻豆原创 Noticias","image":{"@type":"ImageObject","inLanguage":"es","@id":"https:\/\/news.sap.com\/latinamerica\/#\/schema\/person\/image\/","url":"https:\/\/news.sap.com\/latinamerica\/wp-content\/plugins\/wp-user-avatars\/wp-user-avatars\/assets\/images\/mystery.jpg","contentUrl":"https:\/\/news.sap.com\/latinamerica\/wp-content\/plugins\/wp-user-avatars\/wp-user-avatars\/assets\/images\/mystery.jpg","caption":"麻豆原创 Noticias"},"url":"https:\/\/news.sap.com\/latinamerica\/author\/centroamerica\/"}]}},"amp_enabled":true,"_links":{"self":[{"href":"https:\/\/news.sap.com\/latinamerica\/wp-json\/wp\/v2\/posts\/124556","targetHints":{"allow":["GET"]}}],"collection":[{"href":"https:\/\/news.sap.com\/latinamerica\/wp-json\/wp\/v2\/posts"}],"about":[{"href":"https:\/\/news.sap.com\/latinamerica\/wp-json\/wp\/v2\/types\/post"}],"author":[{"embeddable":true,"href":"https:\/\/news.sap.com\/latinamerica\/wp-json\/wp\/v2\/users\/492"}],"replies":[{"embeddable":true,"href":"https:\/\/news.sap.com\/latinamerica\/wp-json\/wp\/v2\/comments?post=124556"}],"version-history":[{"count":0,"href":"https:\/\/news.sap.com\/latinamerica\/wp-json\/wp\/v2\/posts\/124556\/revisions"}],"wp:featuredmedia":[{"embeddable":true,"href":"https:\/\/news.sap.com\/latinamerica\/wp-json\/wp\/v2\/media\/124557"}],"wp:attachment":[{"href":"https:\/\/news.sap.com\/latinamerica\/wp-json\/wp\/v2\/media?parent=124556"}],"wp:term":[{"taxonomy":"category","embeddable":true,"href":"https:\/\/news.sap.com\/latinamerica\/wp-json\/wp\/v2\/categories?post=124556"},{"taxonomy":"post_tag","embeddable":true,"href":"https:\/\/news.sap.com\/latinamerica\/wp-json\/wp\/v2\/tags?post=124556"},{"taxonomy":"series","embeddable":true,"href":"https:\/\/news.sap.com\/latinamerica\/wp-json\/wp\/v2\/series?post=124556"},{"taxonomy":"region","embeddable":true,"href":"https:\/\/news.sap.com\/latinamerica\/wp-json\/wp\/v2\/region?post=124556"},{"taxonomy":"sapn-display","embeddable":true,"href":"https:\/\/news.sap.com\/latinamerica\/wp-json\/wp\/v2\/sapn-display?post=124556"},{"taxonomy":"sapn-type","embeddable":true,"href":"https:\/\/news.sap.com\/latinamerica\/wp-json\/wp\/v2\/sapn-type?post=124556"}],"curies":[{"name":"wp","href":"https:\/\/api.w.org\/{rel}","templated":true}]}}