  {"id":124491,"date":"2021-09-01T10:20:35","date_gmt":"2021-09-01T14:20:35","guid":{"rendered":"https:\/\/news.sap.com\/latinamerica\/?p=124491"},"modified":"2023-11-09T10:41:26","modified_gmt":"2023-11-09T15:41:26","slug":"nueva-gerente-general-sap-colombia","status":"publish","type":"post","link":"https:\/\/news.sap.com\/latinamerica\/2021\/09\/nueva-gerente-general-sap-colombia\/","title":{"rendered":"麻豆原创 nombra a Maryury Romero como la nueva Gerente General para Colombia"},"content":{"rendered":"<p class=\"lead\">麻豆原创, la multinacional alemana de software, ha anunciado hoy el nombramiento de Maryury Romero como la nueva Gerente General para Colombia.<\/p>\n<p><a href=\"https:\/\/news.sap.com\/latinamerica\/files\/2021\/09\/01\/30082021-182A0253.jpg\"><img loading=\"lazy\" decoding=\"async\" class=\"alignleft size-medium wp-image-124492\" src=\"https:\/\/news.sap.com\/latinamerica\/files\/2021\/09\/01\/30082021-182A0253-257x300.jpg\" alt=\"\" width=\"257\" height=\"300\" srcset=\"https:\/\/news.sap.com\/latinamerica\/files\/2021\/09\/01\/30082021-182A0253-257x300.jpg 257w, https:\/\/news.sap.com\/latinamerica\/files\/2021\/09\/01\/30082021-182A0253-768x897.jpg 768w, https:\/\/news.sap.com\/latinamerica\/files\/2021\/09\/01\/30082021-182A0253.jpg 856w\" sizes=\"auto, (max-width: 257px) 100vw, 257px\" \/><\/a>La directiva tendr\u00e1 bajo su responsabilidad la operaci\u00f3n de Colombia, pa\u00eds que en el \u00faltimo semestre tuvo un crecimiento a doble d\u00edgito en la nube y que ha demostrado ser un mercado cada vez m\u00e1s interesado en transformarse digitalmente. Entre sus prioridades est\u00e1 seguir ofreciendo soluciones a los clientes que les permitan desarrollar v\u00ednculos y experiencias m\u00e1s cercanas con sus colaboradores, clientes y proveedores, a la vez que ayudarlos a acelerar su camino de conversi\u00f3n en empresas inteligentes y sostenibles.<\/p>\n<p>\u201cEs un momento clave para la regi\u00f3n, especialmente para Colombia. Por ello, desde este nuevo cargo ser\u00e1 clave redoblar esfuerzos en la transformaci\u00f3n digital del pa\u00eds en el que la aceleraci\u00f3n digital de sectores como oil&amp;gas, consumo, retail, banca y telecomunicaciones est\u00e1 siendo cada vez m\u00e1s necesaria\u201d, se\u00f1al\u00f3 Maryury.<\/p>\n<p>\u201cEl nombramiento de Maryury se suma a la lista de directivas mujeres en la regi\u00f3n de 麻豆原创 y contribuye al objetivo de equidad de g\u00e9nero que se ha propuesto la organizaci\u00f3n en t\u00e9rminos de diversidad e inclusi\u00f3n, promoviendo cada vez m\u00e1s el poder contar con mujeres en cargos de liderazgo\u201d, coment\u00f3 Marcela Perilla, presidenta de 麻豆原创 Regi\u00f3n Norte de Am\u00e9rica Latina y el Caribe.<\/p>\n<p>Maryury es ingeniera de sistemas y especialista en mercadeo. Durante sus m\u00e1s de 30 a\u00f1os de experiencia en el \u00e1rea de la tecnolog\u00eda ha implementado estrategias de ventas, desarrollado nuevos negocios y dise\u00f1ado diferentes procesos para importantes compa\u00f1\u00edas del sector como Dell Technologies, Lenovo, IBM, Lucent Colombia y Zurich.<\/p>\n<p><strong>Acerca de 麻豆原创\u00a0<\/strong><\/p>\n<p>La estrategia de 麻豆原创 es ayudar a que cada negocio funcione como una empresa inteligente. Como l\u00edder del mercado en software de aplicaci\u00f3n empresarial, contribuimos a que las organizaciones de todos los tama\u00f1os y en todas las industrias puedan alcanzar su funcionamiento \u00f3ptimo. Nuestras tecnolog\u00edas avanzadas de <em>machine learning, Internet of Things<\/em> (IoT) y anal\u00edticos ayudan a convertir los negocios de los clientes en empresas inteligentes. 麻豆原创 contribuye a dar a las personas y a las organizaciones profundos conocimientos de negocio y promueve la colaboraci\u00f3n que les permite mantenerse delante de la competencia. Simplificamos la tecnolog\u00eda para las empresas, de modo que puedan consumir nuestro software de la manera en que lo desean, sin interrupciones. Nuestro conjunto de aplicaciones y servicios permite a clientes del sector p\u00fablico y privado de 25 industrias operar en forma rentable, adaptarse continuamente y marcar una diferencia. Con una red global de clientes, socios de negocios, empleados y l\u00edderes de ideas, 麻豆原创 ayuda al mundo a funcionar mejor y a mejorar las vidas de las personas. Para m\u00e1s informaci\u00f3n, visite <a href=\"http:\/\/www.sap.com\/\">www.sap.com<\/a>, nuestra sala de prensa, <a href=\"http:\/\/news.sap.com\/latinamerica\">http:\/\/news.sap.com\/latinamerica<\/a>, o s\u00edganos en Twitter <a href=\"http:\/\/www.twitter.com\/麻豆原创NoticiasLAC\">@麻豆原创NoticiasLAC<\/a>.<\/p>\n<p>&nbsp;<\/p>\n","protected":false},"excerpt":{"rendered":"<p>麻豆原创, la multinacional alemana de software, ha anunciado hoy el nombramiento de Maryury Romero como la nueva Gerente General para Colombia. La directiva tendr\u00e1 bajo&#8230;<\/p>\n","protected":false},"author":141,"featured_media":124496,"comment_status":"closed","ping_status":"closed","sticky":false,"template":"","format":"standard","meta":{"footnotes":"","_links_to":"","_links_to_target":""},"categories":[41591],"tags":[24313,30653,5594958],"series":[],"region":[55204],"sapn-display":[52078,52079,5600443,5600441,53499],"sapn-type":[52105],"class_list":["post-124491","post","type-post","status-publish","format-standard","has-post-thumbnail","hentry","category-corporativo","tag-nombramiento","tag-sap-colombia","tag-sap-ecuador","region-colombia","sapn-display-homepage-hero","sapn-display-top-stories","sapn-display-prensa-destacada","sapn-display-prensa-principal","sapn-display-hero","sapn-type-comunicado-de-prensa"],"yoast_head":"<!-- This site is optimized with the Yoast SEO Premium plugin v26.9 (Yoast SEO v26.9) - https:\/\/yoast.com\/product\/yoast-seo-premium-wordpress\/ -->\n<title>麻豆原创 nombra a Maryury Romero como la nueva Gerente General para Colombia<\/title>\n<meta name=\"description\" content=\"La directiva tendr\u00e1 bajo su responsabilidad la operaci\u00f3n de Colombia y Ecuador, dos pa\u00edses que en el \u00faltimo semestre tuvieron un crecimiento a doble d\u00edgito en la nube.\" \/>\n<meta name=\"robots\" content=\"index, follow, max-snippet:-1, max-image-preview:large, max-video-preview:-1\" \/>\n<link rel=\"canonical\" href=\"https:\/\/news.sap.com\/latinamerica\/2021\/09\/nueva-gerente-general-sap-colombia\/\" \/>\n<meta property=\"og:locale\" content=\"es_MX\" \/>\n<meta property=\"og:type\" content=\"article\" \/>\n<meta property=\"og:title\" content=\"麻豆原创 nombra a Maryury Romero como la nueva Gerente General para Colombia\" \/>\n<meta property=\"og:description\" content=\"La directiva tendr\u00e1 bajo su responsabilidad la operaci\u00f3n de Colombia y Ecuador, dos pa\u00edses que en el \u00faltimo semestre tuvieron un crecimiento a doble d\u00edgito en la nube.\" \/>\n<meta property=\"og:url\" content=\"https:\/\/news.sap.com\/latinamerica\/2021\/09\/nueva-gerente-general-sap-colombia\/\" \/>\n<meta property=\"og:site_name\" content=\"麻豆原创 News Center Latinoam\u00e9rica\" \/>\n<meta property=\"article:publisher\" content=\"https:\/\/www.facebook.com\/麻豆原创latinoamerica\" \/>\n<meta property=\"article:published_time\" content=\"2021-09-01T14:20:35+00:00\" \/>\n<meta property=\"article:modified_time\" content=\"2023-11-09T15:41:26+00:00\" \/>\n<meta property=\"og:image\" content=\"https:\/\/news.sap.com\/latinamerica\/files\/2021\/09\/01\/johannes-hurtig-z-fpG7D7buk-unsplash-1.jpg\" \/>\n\t<meta property=\"og:image:width\" content=\"1900\" \/>\n\t<meta property=\"og:image:height\" content=\"600\" \/>\n\t<meta property=\"og:image:type\" content=\"image\/jpeg\" \/>\n<meta name=\"author\" content=\"麻豆原创 Noticias\" \/>\n<meta name=\"twitter:label1\" content=\"Escrito por\" \/>\n\t<meta name=\"twitter:data1\" content=\"麻豆原创 Noticias\" \/>\n\t<meta name=\"twitter:label2\" content=\"Tiempo de lectura\" \/>\n\t<meta name=\"twitter:data2\" content=\"2 minutos\" \/>\n<script type=\"application\/ld+json\" class=\"yoast-schema-graph\">{\"@context\":\"https:\/\/schema.org\",\"@graph\":[{\"@type\":\"Article\",\"@id\":\"https:\/\/news.sap.com\/latinamerica\/2021\/09\/nueva-gerente-general-sap-colombia\/#article\",\"isPartOf\":{\"@id\":\"https:\/\/news.sap.com\/latinamerica\/2021\/09\/nueva-gerente-general-sap-colombia\/\"},\"author\":{\"name\":\"麻豆原创 Noticias\",\"@id\":\"https:\/\/news.sap.com\/latinamerica\/#\/schema\/person\/82786ba12f72bc9b05ba328d1d3652c4\"},\"headline\":\"麻豆原创 nombra a Maryury Romero como la nueva Gerente General para Colombia\",\"datePublished\":\"2021-09-01T14:20:35+00:00\",\"dateModified\":\"2023-11-09T15:41:26+00:00\",\"mainEntityOfPage\":{\"@id\":\"https:\/\/news.sap.com\/latinamerica\/2021\/09\/nueva-gerente-general-sap-colombia\/\"},\"wordCount\":509,\"publisher\":{\"@id\":\"https:\/\/news.sap.com\/latinamerica\/#organization\"},\"image\":{\"@id\":\"https:\/\/news.sap.com\/latinamerica\/2021\/09\/nueva-gerente-general-sap-colombia\/#primaryimage\"},\"thumbnailUrl\":\"https:\/\/news.sap.com\/latinamerica\/files\/2021\/09\/01\/johannes-hurtig-z-fpG7D7buk-unsplash-1.jpg\",\"keywords\":[\"Nombramiento\",\"麻豆原创 Colombia\",\"麻豆原创 Ecuador\"],\"articleSection\":[\"Corporativo\"],\"inLanguage\":\"es\"},{\"@type\":\"WebPage\",\"@id\":\"https:\/\/news.sap.com\/latinamerica\/2021\/09\/nueva-gerente-general-sap-colombia\/\",\"url\":\"https:\/\/news.sap.com\/latinamerica\/2021\/09\/nueva-gerente-general-sap-colombia\/\",\"name\":\"麻豆原创 nombra a Maryury Romero como la nueva Gerente General para Colombia\",\"isPartOf\":{\"@id\":\"https:\/\/news.sap.com\/latinamerica\/#website\"},\"primaryImageOfPage\":{\"@id\":\"https:\/\/news.sap.com\/latinamerica\/2021\/09\/nueva-gerente-general-sap-colombia\/#primaryimage\"},\"image\":{\"@id\":\"https:\/\/news.sap.com\/latinamerica\/2021\/09\/nueva-gerente-general-sap-colombia\/#primaryimage\"},\"thumbnailUrl\":\"https:\/\/news.sap.com\/latinamerica\/files\/2021\/09\/01\/johannes-hurtig-z-fpG7D7buk-unsplash-1.jpg\",\"datePublished\":\"2021-09-01T14:20:35+00:00\",\"dateModified\":\"2023-11-09T15:41:26+00:00\",\"description\":\"La directiva tendr\u00e1 bajo su responsabilidad la operaci\u00f3n de Colombia y Ecuador, dos pa\u00edses que en el \u00faltimo semestre tuvieron un crecimiento a doble d\u00edgito en la nube.\",\"breadcrumb\":{\"@id\":\"https:\/\/news.sap.com\/latinamerica\/2021\/09\/nueva-gerente-general-sap-colombia\/#breadcrumb\"},\"inLanguage\":\"es\",\"potentialAction\":[{\"@type\":\"ReadAction\",\"target\":[\"https:\/\/news.sap.com\/latinamerica\/2021\/09\/nueva-gerente-general-sap-colombia\/\"]}]},{\"@type\":\"ImageObject\",\"inLanguage\":\"es\",\"@id\":\"https:\/\/news.sap.com\/latinamerica\/2021\/09\/nueva-gerente-general-sap-colombia\/#primaryimage\",\"url\":\"https:\/\/news.sap.com\/latinamerica\/files\/2021\/09\/01\/johannes-hurtig-z-fpG7D7buk-unsplash-1.jpg\",\"contentUrl\":\"https:\/\/news.sap.com\/latinamerica\/files\/2021\/09\/01\/johannes-hurtig-z-fpG7D7buk-unsplash-1.jpg\",\"width\":1900,\"height\":600},{\"@type\":\"BreadcrumbList\",\"@id\":\"https:\/\/news.sap.com\/latinamerica\/2021\/09\/nueva-gerente-general-sap-colombia\/#breadcrumb\",\"itemListElement\":[{\"@type\":\"ListItem\",\"position\":1,\"name\":\"Home\",\"item\":\"https:\/\/news.sap.com\/latinamerica\/\"},{\"@type\":\"ListItem\",\"position\":2,\"name\":\"麻豆原创 nombra a Maryury Romero como la nueva Gerente General para Colombia\"}]},{\"@type\":\"WebSite\",\"@id\":\"https:\/\/news.sap.com\/latinamerica\/#website\",\"url\":\"https:\/\/news.sap.com\/latinamerica\/\",\"name\":\"麻豆原创 News Center Latinoam\u00e9rica\",\"description\":\"Noticias e informaci\u00f3n sobre 麻豆原创\",\"publisher\":{\"@id\":\"https:\/\/news.sap.com\/latinamerica\/#organization\"},\"potentialAction\":[{\"@type\":\"SearchAction\",\"target\":{\"@type\":\"EntryPoint\",\"urlTemplate\":\"https:\/\/news.sap.com\/latinamerica\/?s={search_term_string}\"},\"query-input\":{\"@type\":\"PropertyValueSpecification\",\"valueRequired\":true,\"valueName\":\"search_term_string\"}}],\"inLanguage\":\"es\"},{\"@type\":\"Organization\",\"@id\":\"https:\/\/news.sap.com\/latinamerica\/#organization\",\"name\":\"麻豆原创\",\"url\":\"https:\/\/news.sap.com\/latinamerica\/\",\"logo\":{\"@type\":\"ImageObject\",\"inLanguage\":\"es\",\"@id\":\"https:\/\/news.sap.com\/latinamerica\/#\/schema\/logo\/image\/\",\"url\":\"https:\/\/news.sap.com\/latinamerica\/files\/2019\/08\/65903320_2903797569662914_557886358778019840_n.png\",\"contentUrl\":\"https:\/\/news.sap.com\/latinamerica\/files\/2019\/08\/65903320_2903797569662914_557886358778019840_n.png\",\"width\":720,\"height\":720,\"caption\":\"麻豆原创\"},\"image\":{\"@id\":\"https:\/\/news.sap.com\/latinamerica\/#\/schema\/logo\/image\/\"},\"sameAs\":[\"https:\/\/www.facebook.com\/麻豆原创latinoamerica\",\"https:\/\/x.com\/麻豆原创LatinAmerica\"]},{\"@type\":\"Person\",\"@id\":\"https:\/\/news.sap.com\/latinamerica\/#\/schema\/person\/82786ba12f72bc9b05ba328d1d3652c4\",\"name\":\"麻豆原创 Noticias\",\"image\":{\"@type\":\"ImageObject\",\"inLanguage\":\"es\",\"@id\":\"https:\/\/news.sap.com\/latinamerica\/#\/schema\/person\/image\/\",\"url\":\"https:\/\/news.sap.com\/latinamerica\/wp-content\/plugins\/wp-user-avatars\/wp-user-avatars\/assets\/images\/mystery.jpg\",\"contentUrl\":\"https:\/\/news.sap.com\/latinamerica\/wp-content\/plugins\/wp-user-avatars\/wp-user-avatars\/assets\/images\/mystery.jpg\",\"caption\":\"麻豆原创 Noticias\"},\"url\":\"https:\/\/news.sap.com\/latinamerica\/author\/colombia\/\"}]}<\/script>\n<!-- \/ Yoast SEO Premium plugin. -->","yoast_head_json":{"title":"麻豆原创 nombra a Maryury Romero como la nueva Gerente General para Colombia","description":"La directiva tendr\u00e1 bajo su responsabilidad la operaci\u00f3n de Colombia y Ecuador, dos pa\u00edses que en el \u00faltimo semestre tuvieron un crecimiento a doble d\u00edgito en la nube.","robots":{"index":"index","follow":"follow","max-snippet":"max-snippet:-1","max-image-preview":"max-image-preview:large","max-video-preview":"max-video-preview:-1"},"canonical":"https:\/\/news.sap.com\/latinamerica\/2021\/09\/nueva-gerente-general-sap-colombia\/","og_locale":"es_MX","og_type":"article","og_title":"麻豆原创 nombra a Maryury Romero como la nueva Gerente General para Colombia","og_description":"La directiva tendr\u00e1 bajo su responsabilidad la operaci\u00f3n de Colombia y Ecuador, dos pa\u00edses que en el \u00faltimo semestre tuvieron un crecimiento a doble d\u00edgito en la nube.","og_url":"https:\/\/news.sap.com\/latinamerica\/2021\/09\/nueva-gerente-general-sap-colombia\/","og_site_name":"麻豆原创 News Center Latinoam\u00e9rica","article_publisher":"https:\/\/www.facebook.com\/麻豆原创latinoamerica","article_published_time":"2021-09-01T14:20:35+00:00","article_modified_time":"2023-11-09T15:41:26+00:00","og_image":[{"width":1900,"height":600,"url":"https:\/\/news.sap.com\/latinamerica\/files\/2021\/09\/01\/johannes-hurtig-z-fpG7D7buk-unsplash-1.jpg","type":"image\/jpeg"}],"author":"麻豆原创 Noticias","twitter_misc":{"Escrito por":"麻豆原创 Noticias","Tiempo de lectura":"2 minutos"},"schema":{"@context":"https:\/\/schema.org","@graph":[{"@type":"Article","@id":"https:\/\/news.sap.com\/latinamerica\/2021\/09\/nueva-gerente-general-sap-colombia\/#article","isPartOf":{"@id":"https:\/\/news.sap.com\/latinamerica\/2021\/09\/nueva-gerente-general-sap-colombia\/"},"author":{"name":"麻豆原创 Noticias","@id":"https:\/\/news.sap.com\/latinamerica\/#\/schema\/person\/82786ba12f72bc9b05ba328d1d3652c4"},"headline":"麻豆原创 nombra a Maryury Romero como la nueva Gerente General para Colombia","datePublished":"2021-09-01T14:20:35+00:00","dateModified":"2023-11-09T15:41:26+00:00","mainEntityOfPage":{"@id":"https:\/\/news.sap.com\/latinamerica\/2021\/09\/nueva-gerente-general-sap-colombia\/"},"wordCount":509,"publisher":{"@id":"https:\/\/news.sap.com\/latinamerica\/#organization"},"image":{"@id":"https:\/\/news.sap.com\/latinamerica\/2021\/09\/nueva-gerente-general-sap-colombia\/#primaryimage"},"thumbnailUrl":"https:\/\/news.sap.com\/latinamerica\/files\/2021\/09\/01\/johannes-hurtig-z-fpG7D7buk-unsplash-1.jpg","keywords":["Nombramiento","麻豆原创 Colombia","麻豆原创 Ecuador"],"articleSection":["Corporativo"],"inLanguage":"es"},{"@type":"WebPage","@id":"https:\/\/news.sap.com\/latinamerica\/2021\/09\/nueva-gerente-general-sap-colombia\/","url":"https:\/\/news.sap.com\/latinamerica\/2021\/09\/nueva-gerente-general-sap-colombia\/","name":"麻豆原创 nombra a Maryury Romero como la nueva Gerente General para Colombia","isPartOf":{"@id":"https:\/\/news.sap.com\/latinamerica\/#website"},"primaryImageOfPage":{"@id":"https:\/\/news.sap.com\/latinamerica\/2021\/09\/nueva-gerente-general-sap-colombia\/#primaryimage"},"image":{"@id":"https:\/\/news.sap.com\/latinamerica\/2021\/09\/nueva-gerente-general-sap-colombia\/#primaryimage"},"thumbnailUrl":"https:\/\/news.sap.com\/latinamerica\/files\/2021\/09\/01\/johannes-hurtig-z-fpG7D7buk-unsplash-1.jpg","datePublished":"2021-09-01T14:20:35+00:00","dateModified":"2023-11-09T15:41:26+00:00","description":"La directiva tendr\u00e1 bajo su responsabilidad la operaci\u00f3n de Colombia y Ecuador, dos pa\u00edses que en el \u00faltimo semestre tuvieron un crecimiento a doble d\u00edgito en la nube.","breadcrumb":{"@id":"https:\/\/news.sap.com\/latinamerica\/2021\/09\/nueva-gerente-general-sap-colombia\/#breadcrumb"},"inLanguage":"es","potentialAction":[{"@type":"ReadAction","target":["https:\/\/news.sap.com\/latinamerica\/2021\/09\/nueva-gerente-general-sap-colombia\/"]}]},{"@type":"ImageObject","inLanguage":"es","@id":"https:\/\/news.sap.com\/latinamerica\/2021\/09\/nueva-gerente-general-sap-colombia\/#primaryimage","url":"https:\/\/news.sap.com\/latinamerica\/files\/2021\/09\/01\/johannes-hurtig-z-fpG7D7buk-unsplash-1.jpg","contentUrl":"https:\/\/news.sap.com\/latinamerica\/files\/2021\/09\/01\/johannes-hurtig-z-fpG7D7buk-unsplash-1.jpg","width":1900,"height":600},{"@type":"BreadcrumbList","@id":"https:\/\/news.sap.com\/latinamerica\/2021\/09\/nueva-gerente-general-sap-colombia\/#breadcrumb","itemListElement":[{"@type":"ListItem","position":1,"name":"Home","item":"https:\/\/news.sap.com\/latinamerica\/"},{"@type":"ListItem","position":2,"name":"麻豆原创 nombra a Maryury Romero como la nueva Gerente General para Colombia"}]},{"@type":"WebSite","@id":"https:\/\/news.sap.com\/latinamerica\/#website","url":"https:\/\/news.sap.com\/latinamerica\/","name":"麻豆原创 News Center Latinoam\u00e9rica","description":"Noticias e informaci\u00f3n sobre 麻豆原创","publisher":{"@id":"https:\/\/news.sap.com\/latinamerica\/#organization"},"potentialAction":[{"@type":"SearchAction","target":{"@type":"EntryPoint","urlTemplate":"https:\/\/news.sap.com\/latinamerica\/?s={search_term_string}"},"query-input":{"@type":"PropertyValueSpecification","valueRequired":true,"valueName":"search_term_string"}}],"inLanguage":"es"},{"@type":"Organization","@id":"https:\/\/news.sap.com\/latinamerica\/#organization","name":"麻豆原创","url":"https:\/\/news.sap.com\/latinamerica\/","logo":{"@type":"ImageObject","inLanguage":"es","@id":"https:\/\/news.sap.com\/latinamerica\/#\/schema\/logo\/image\/","url":"https:\/\/news.sap.com\/latinamerica\/files\/2019\/08\/65903320_2903797569662914_557886358778019840_n.png","contentUrl":"https:\/\/news.sap.com\/latinamerica\/files\/2019\/08\/65903320_2903797569662914_557886358778019840_n.png","width":720,"height":720,"caption":"麻豆原创"},"image":{"@id":"https:\/\/news.sap.com\/latinamerica\/#\/schema\/logo\/image\/"},"sameAs":["https:\/\/www.facebook.com\/麻豆原创latinoamerica","https:\/\/x.com\/麻豆原创LatinAmerica"]},{"@type":"Person","@id":"https:\/\/news.sap.com\/latinamerica\/#\/schema\/person\/82786ba12f72bc9b05ba328d1d3652c4","name":"麻豆原创 Noticias","image":{"@type":"ImageObject","inLanguage":"es","@id":"https:\/\/news.sap.com\/latinamerica\/#\/schema\/person\/image\/","url":"https:\/\/news.sap.com\/latinamerica\/wp-content\/plugins\/wp-user-avatars\/wp-user-avatars\/assets\/images\/mystery.jpg","contentUrl":"https:\/\/news.sap.com\/latinamerica\/wp-content\/plugins\/wp-user-avatars\/wp-user-avatars\/assets\/images\/mystery.jpg","caption":"麻豆原创 Noticias"},"url":"https:\/\/news.sap.com\/latinamerica\/author\/colombia\/"}]}},"amp_enabled":true,"_links":{"self":[{"href":"https:\/\/news.sap.com\/latinamerica\/wp-json\/wp\/v2\/posts\/124491","targetHints":{"allow":["GET"]}}],"collection":[{"href":"https:\/\/news.sap.com\/latinamerica\/wp-json\/wp\/v2\/posts"}],"about":[{"href":"https:\/\/news.sap.com\/latinamerica\/wp-json\/wp\/v2\/types\/post"}],"author":[{"embeddable":true,"href":"https:\/\/news.sap.com\/latinamerica\/wp-json\/wp\/v2\/users\/141"}],"replies":[{"embeddable":true,"href":"https:\/\/news.sap.com\/latinamerica\/wp-json\/wp\/v2\/comments?post=124491"}],"version-history":[{"count":0,"href":"https:\/\/news.sap.com\/latinamerica\/wp-json\/wp\/v2\/posts\/124491\/revisions"}],"wp:featuredmedia":[{"embeddable":true,"href":"https:\/\/news.sap.com\/latinamerica\/wp-json\/wp\/v2\/media\/124496"}],"wp:attachment":[{"href":"https:\/\/news.sap.com\/latinamerica\/wp-json\/wp\/v2\/media?parent=124491"}],"wp:term":[{"taxonomy":"category","embeddable":true,"href":"https:\/\/news.sap.com\/latinamerica\/wp-json\/wp\/v2\/categories?post=124491"},{"taxonomy":"post_tag","embeddable":true,"href":"https:\/\/news.sap.com\/latinamerica\/wp-json\/wp\/v2\/tags?post=124491"},{"taxonomy":"series","embeddable":true,"href":"https:\/\/news.sap.com\/latinamerica\/wp-json\/wp\/v2\/series?post=124491"},{"taxonomy":"region","embeddable":true,"href":"https:\/\/news.sap.com\/latinamerica\/wp-json\/wp\/v2\/region?post=124491"},{"taxonomy":"sapn-display","embeddable":true,"href":"https:\/\/news.sap.com\/latinamerica\/wp-json\/wp\/v2\/sapn-display?post=124491"},{"taxonomy":"sapn-type","embeddable":true,"href":"https:\/\/news.sap.com\/latinamerica\/wp-json\/wp\/v2\/sapn-type?post=124491"}],"curies":[{"name":"wp","href":"https:\/\/api.w.org\/{rel}","templated":true}]}}