  {"id":124470,"date":"2021-08-31T12:05:43","date_gmt":"2021-08-31T16:05:43","guid":{"rendered":"https:\/\/news.sap.com\/latinamerica\/?p=124470"},"modified":"2023-11-09T10:41:29","modified_gmt":"2023-11-09T15:41:29","slug":"sap-latinoamerica-suma-a-paola-becerra-a-su-equipo-de-liderazgo-para-dirigir-el-portafolio-de-customer-experience","status":"publish","type":"post","link":"https:\/\/news.sap.com\/latinamerica\/2021\/08\/sap-latinoamerica-suma-a-paola-becerra-a-su-equipo-de-liderazgo-para-dirigir-el-portafolio-de-customer-experience\/","title":{"rendered":"麻豆原创 Latinoam\u00e9rica suma a Paola Becerra a su equipo de liderazgo para dirigir el portafolio de Customer Experience"},"content":{"rendered":"<ul>\n<li style=\"text-align: left\">La ingeniera mexicana dirige un equipo de 140 expertos en la regi\u00f3n.<\/li>\n<\/ul>\n<p class=\"lead\"><strong>Miami, EE.UU. &#8211; 31 de agosto de 2021 &#8211;<\/strong> 麻豆原创 Latinoam\u00e9rica nombr\u00f3 a Paola Becerra l\u00edder del portafolio de Customer Experience en la regi\u00f3n con la finalidad de ayudar a las empresas a crear experiencias sencillas y significativas para sus clientes.<\/p>\n<p>Becerra llega para ocupar un cargo clave en \u00e9pocas de aceleraci\u00f3n digital: brindar la mejor experiencia posible a los clientes dejo de ser una opci\u00f3n para transformarse en una pieza fundamental para el crecimiento de las empresas y para competir en la era de los negocios digitales. De hecho, fue un segmento que experiment\u00f3 un s\u00f3lido crecimiento de doble d\u00edgito en el segundo trimestre cerrado recientemente por la compa\u00f1\u00eda.<\/p>\n<p>\u201cEn una \u00e9poca potenciada por los constantes cambios en los h\u00e1bitos del consumidor, mi prioridad ser\u00e1 acompa\u00f1ar a las empresas de la regi\u00f3n a implementar tecnolog\u00edas clave para acompa\u00f1ar este proceso, desarrollar experiencias personalizadas y avanzar hacia la transformaci\u00f3n necesaria para tener \u00e9xito en la Econom\u00eda de la Experiencia 2.0\u201d, se\u00f1al\u00f3 la propia Becerra.<\/p>\n<p>Con 21 a\u00f1os de experiencia en la industria tecnol\u00f3gica, Becerra se uni\u00f3 a 麻豆原创 en 2018 y ha estado encargada de posicionar las soluciones de Digital Core Cloud Business y m\u00e1s recientemente las del Customer Experience en el mercado mexicano.<\/p>\n<p><img loading=\"lazy\" decoding=\"async\" class=\"alignleft size-full wp-image-124373\" src=\"https:\/\/news.sap.com\/latinamerica\/files\/2011\/04\/21\/Paola-Becerra_CX-LAC.jpeg\" alt=\"\" width=\"1200\" height=\"1600\" srcset=\"https:\/\/news.sap.com\/latinamerica\/files\/2011\/04\/21\/Paola-Becerra_CX-LAC.jpeg 1200w, https:\/\/news.sap.com\/latinamerica\/files\/2011\/04\/21\/Paola-Becerra_CX-LAC-225x300.jpeg 225w, https:\/\/news.sap.com\/latinamerica\/files\/2011\/04\/21\/Paola-Becerra_CX-LAC-768x1024.jpeg 768w, https:\/\/news.sap.com\/latinamerica\/files\/2011\/04\/21\/Paola-Becerra_CX-LAC-1152x1536.jpeg 1152w\" sizes=\"auto, (max-width: 1200px) 100vw, 1200px\" \/><\/p>\n<p>&nbsp;<\/p>\n","protected":false},"excerpt":{"rendered":"<p>La ingeniera mexicana dirige un equipo de 140 expertos en la regi\u00f3n. Miami, EE.UU. &#8211; 31 de agosto de 2021 &#8211; 麻豆原创 Latinoam\u00e9rica nombr\u00f3 a&#8230;<\/p>\n","protected":false},"author":129,"featured_media":124472,"comment_status":"closed","ping_status":"closed","sticky":false,"template":"","format":"standard","meta":{"footnotes":"","_links_to":"","_links_to_target":""},"categories":[41591],"tags":[13516,5600085,59592],"series":[],"region":[26401],"sapn-display":[52078,52079,5600443,5600441,53499],"sapn-type":[52105],"class_list":["post-124470","post","type-post","status-publish","format-standard","has-post-thumbnail","hentry","category-corporativo","tag-nombramientos","tag-paola-becerra","tag-sap-lac","region-latinoamerica","sapn-display-homepage-hero","sapn-display-top-stories","sapn-display-prensa-destacada","sapn-display-prensa-principal","sapn-display-hero","sapn-type-comunicado-de-prensa"],"yoast_head":"<!-- This site is optimized with the Yoast SEO Premium plugin v26.9 (Yoast SEO v26.9) - https:\/\/yoast.com\/product\/yoast-seo-premium-wordpress\/ -->\n<title>麻豆原创 Latinoam\u00e9rica suma a Paola Becerra a su equipo de liderazgo para dirigir el portafolio de Customer Experience - 麻豆原创 News Center Latinoam\u00e9rica<\/title>\n<meta name=\"description\" content=\"麻豆原创 Latinoam\u00e9rica nombr\u00f3 a Paola Becerra l\u00edder del portafolio de Customer Experience en la regi\u00f3n para crear experiencias sencillas y significativas.\" \/>\n<meta name=\"robots\" content=\"index, follow, max-snippet:-1, max-image-preview:large, max-video-preview:-1\" \/>\n<link rel=\"canonical\" href=\"https:\/\/news.sap.com\/latinamerica\/2021\/08\/sap-latinoamerica-suma-a-paola-becerra-a-su-equipo-de-liderazgo-para-dirigir-el-portafolio-de-customer-experience\/\" \/>\n<meta property=\"og:locale\" content=\"es_MX\" \/>\n<meta property=\"og:type\" content=\"article\" \/>\n<meta property=\"og:title\" content=\"麻豆原创 Latinoam\u00e9rica suma a Paola Becerra a su equipo de liderazgo para dirigir el portafolio de Customer Experience\" \/>\n<meta property=\"og:description\" content=\"麻豆原创 Latinoam\u00e9rica nombr\u00f3 a Paola Becerra l\u00edder del portafolio de Customer Experience en la regi\u00f3n para crear experiencias sencillas y significativas.\" \/>\n<meta property=\"og:url\" content=\"https:\/\/news.sap.com\/latinamerica\/2021\/08\/sap-latinoamerica-suma-a-paola-becerra-a-su-equipo-de-liderazgo-para-dirigir-el-portafolio-de-customer-experience\/\" \/>\n<meta property=\"og:site_name\" content=\"麻豆原创 News Center Latinoam\u00e9rica\" \/>\n<meta property=\"article:publisher\" content=\"https:\/\/www.facebook.com\/麻豆原创latinoamerica\" \/>\n<meta property=\"article:published_time\" content=\"2021-08-31T16:05:43+00:00\" \/>\n<meta property=\"article:modified_time\" content=\"2023-11-09T15:41:29+00:00\" \/>\n<meta property=\"og:image\" content=\"https:\/\/news.sap.com\/latinamerica\/files\/2021\/08\/31\/Paola-Becerra.png\" \/>\n\t<meta property=\"og:image:width\" content=\"1900\" \/>\n\t<meta property=\"og:image:height\" content=\"600\" \/>\n\t<meta property=\"og:image:type\" content=\"image\/png\" \/>\n<meta name=\"author\" content=\"麻豆原创 Noticias\" \/>\n<meta name=\"twitter:label1\" content=\"Escrito por\" \/>\n\t<meta name=\"twitter:data1\" content=\"麻豆原创 Noticias\" \/>\n\t<meta name=\"twitter:label2\" content=\"Tiempo de lectura\" \/>\n\t<meta name=\"twitter:data2\" content=\"1 minuto\" \/>\n<script type=\"application\/ld+json\" class=\"yoast-schema-graph\">{\"@context\":\"https:\/\/schema.org\",\"@graph\":[{\"@type\":\"Article\",\"@id\":\"https:\/\/news.sap.com\/latinamerica\/2021\/08\/sap-latinoamerica-suma-a-paola-becerra-a-su-equipo-de-liderazgo-para-dirigir-el-portafolio-de-customer-experience\/#article\",\"isPartOf\":{\"@id\":\"https:\/\/news.sap.com\/latinamerica\/2021\/08\/sap-latinoamerica-suma-a-paola-becerra-a-su-equipo-de-liderazgo-para-dirigir-el-portafolio-de-customer-experience\/\"},\"author\":{\"name\":\"麻豆原创 Noticias\",\"@id\":\"https:\/\/news.sap.com\/latinamerica\/#\/schema\/person\/8ea4857cc48095689e72ba76c26f9814\"},\"headline\":\"麻豆原创 Latinoam\u00e9rica suma a Paola Becerra a su equipo de liderazgo para dirigir el portafolio de Customer Experience\",\"datePublished\":\"2021-08-31T16:05:43+00:00\",\"dateModified\":\"2023-11-09T15:41:29+00:00\",\"mainEntityOfPage\":{\"@id\":\"https:\/\/news.sap.com\/latinamerica\/2021\/08\/sap-latinoamerica-suma-a-paola-becerra-a-su-equipo-de-liderazgo-para-dirigir-el-portafolio-de-customer-experience\/\"},\"wordCount\":251,\"publisher\":{\"@id\":\"https:\/\/news.sap.com\/latinamerica\/#organization\"},\"image\":{\"@id\":\"https:\/\/news.sap.com\/latinamerica\/2021\/08\/sap-latinoamerica-suma-a-paola-becerra-a-su-equipo-de-liderazgo-para-dirigir-el-portafolio-de-customer-experience\/#primaryimage\"},\"thumbnailUrl\":\"https:\/\/news.sap.com\/latinamerica\/files\/2021\/08\/31\/Paola-Becerra.png\",\"keywords\":[\"Nombramientos\",\"Paola Becerra\",\"麻豆原创 LAC\"],\"articleSection\":[\"Corporativo\"],\"inLanguage\":\"es\"},{\"@type\":\"WebPage\",\"@id\":\"https:\/\/news.sap.com\/latinamerica\/2021\/08\/sap-latinoamerica-suma-a-paola-becerra-a-su-equipo-de-liderazgo-para-dirigir-el-portafolio-de-customer-experience\/\",\"url\":\"https:\/\/news.sap.com\/latinamerica\/2021\/08\/sap-latinoamerica-suma-a-paola-becerra-a-su-equipo-de-liderazgo-para-dirigir-el-portafolio-de-customer-experience\/\",\"name\":\"麻豆原创 Latinoam\u00e9rica suma a Paola Becerra a su equipo de liderazgo para dirigir el portafolio de Customer Experience - 麻豆原创 News Center Latinoam\u00e9rica\",\"isPartOf\":{\"@id\":\"https:\/\/news.sap.com\/latinamerica\/#website\"},\"primaryImageOfPage\":{\"@id\":\"https:\/\/news.sap.com\/latinamerica\/2021\/08\/sap-latinoamerica-suma-a-paola-becerra-a-su-equipo-de-liderazgo-para-dirigir-el-portafolio-de-customer-experience\/#primaryimage\"},\"image\":{\"@id\":\"https:\/\/news.sap.com\/latinamerica\/2021\/08\/sap-latinoamerica-suma-a-paola-becerra-a-su-equipo-de-liderazgo-para-dirigir-el-portafolio-de-customer-experience\/#primaryimage\"},\"thumbnailUrl\":\"https:\/\/news.sap.com\/latinamerica\/files\/2021\/08\/31\/Paola-Becerra.png\",\"datePublished\":\"2021-08-31T16:05:43+00:00\",\"dateModified\":\"2023-11-09T15:41:29+00:00\",\"description\":\"麻豆原创 Latinoam\u00e9rica nombr\u00f3 a Paola Becerra l\u00edder del portafolio de Customer Experience en la regi\u00f3n para crear experiencias sencillas y significativas.\",\"breadcrumb\":{\"@id\":\"https:\/\/news.sap.com\/latinamerica\/2021\/08\/sap-latinoamerica-suma-a-paola-becerra-a-su-equipo-de-liderazgo-para-dirigir-el-portafolio-de-customer-experience\/#breadcrumb\"},\"inLanguage\":\"es\",\"potentialAction\":[{\"@type\":\"ReadAction\",\"target\":[\"https:\/\/news.sap.com\/latinamerica\/2021\/08\/sap-latinoamerica-suma-a-paola-becerra-a-su-equipo-de-liderazgo-para-dirigir-el-portafolio-de-customer-experience\/\"]}]},{\"@type\":\"ImageObject\",\"inLanguage\":\"es\",\"@id\":\"https:\/\/news.sap.com\/latinamerica\/2021\/08\/sap-latinoamerica-suma-a-paola-becerra-a-su-equipo-de-liderazgo-para-dirigir-el-portafolio-de-customer-experience\/#primaryimage\",\"url\":\"https:\/\/news.sap.com\/latinamerica\/files\/2021\/08\/31\/Paola-Becerra.png\",\"contentUrl\":\"https:\/\/news.sap.com\/latinamerica\/files\/2021\/08\/31\/Paola-Becerra.png\",\"width\":1900,\"height\":600},{\"@type\":\"BreadcrumbList\",\"@id\":\"https:\/\/news.sap.com\/latinamerica\/2021\/08\/sap-latinoamerica-suma-a-paola-becerra-a-su-equipo-de-liderazgo-para-dirigir-el-portafolio-de-customer-experience\/#breadcrumb\",\"itemListElement\":[{\"@type\":\"ListItem\",\"position\":1,\"name\":\"Home\",\"item\":\"https:\/\/news.sap.com\/latinamerica\/\"},{\"@type\":\"ListItem\",\"position\":2,\"name\":\"麻豆原创 Latinoam\u00e9rica suma a Paola Becerra a su equipo de liderazgo para dirigir el portafolio de Customer Experience\"}]},{\"@type\":\"WebSite\",\"@id\":\"https:\/\/news.sap.com\/latinamerica\/#website\",\"url\":\"https:\/\/news.sap.com\/latinamerica\/\",\"name\":\"麻豆原创 News Center Latinoam\u00e9rica\",\"description\":\"Noticias e informaci\u00f3n sobre 麻豆原创\",\"publisher\":{\"@id\":\"https:\/\/news.sap.com\/latinamerica\/#organization\"},\"potentialAction\":[{\"@type\":\"SearchAction\",\"target\":{\"@type\":\"EntryPoint\",\"urlTemplate\":\"https:\/\/news.sap.com\/latinamerica\/?s={search_term_string}\"},\"query-input\":{\"@type\":\"PropertyValueSpecification\",\"valueRequired\":true,\"valueName\":\"search_term_string\"}}],\"inLanguage\":\"es\"},{\"@type\":\"Organization\",\"@id\":\"https:\/\/news.sap.com\/latinamerica\/#organization\",\"name\":\"麻豆原创\",\"url\":\"https:\/\/news.sap.com\/latinamerica\/\",\"logo\":{\"@type\":\"ImageObject\",\"inLanguage\":\"es\",\"@id\":\"https:\/\/news.sap.com\/latinamerica\/#\/schema\/logo\/image\/\",\"url\":\"https:\/\/news.sap.com\/latinamerica\/files\/2019\/08\/65903320_2903797569662914_557886358778019840_n.png\",\"contentUrl\":\"https:\/\/news.sap.com\/latinamerica\/files\/2019\/08\/65903320_2903797569662914_557886358778019840_n.png\",\"width\":720,\"height\":720,\"caption\":\"麻豆原创\"},\"image\":{\"@id\":\"https:\/\/news.sap.com\/latinamerica\/#\/schema\/logo\/image\/\"},\"sameAs\":[\"https:\/\/www.facebook.com\/麻豆原创latinoamerica\",\"https:\/\/x.com\/麻豆原创LatinAmerica\"]},{\"@type\":\"Person\",\"@id\":\"https:\/\/news.sap.com\/latinamerica\/#\/schema\/person\/8ea4857cc48095689e72ba76c26f9814\",\"name\":\"麻豆原创 Noticias\",\"image\":{\"@type\":\"ImageObject\",\"inLanguage\":\"es\",\"@id\":\"https:\/\/news.sap.com\/latinamerica\/#\/schema\/person\/image\/\",\"url\":\"https:\/\/news.sap.com\/latinamerica\/wp-content\/plugins\/wp-user-avatars\/wp-user-avatars\/assets\/images\/mystery.jpg\",\"contentUrl\":\"https:\/\/news.sap.com\/latinamerica\/wp-content\/plugins\/wp-user-avatars\/wp-user-avatars\/assets\/images\/mystery.jpg\",\"caption\":\"麻豆原创 Noticias\"},\"sameAs\":[\"https:\/\/news.sap.com\/latinamerica\",\"https:\/\/x.com\/麻豆原创NoticiasLAC\"],\"url\":\"https:\/\/news.sap.com\/latinamerica\/author\/latam\/\"}]}<\/script>\n<!-- \/ Yoast SEO Premium plugin. -->","yoast_head_json":{"title":"麻豆原创 Latinoam\u00e9rica suma a Paola Becerra a su equipo de liderazgo para dirigir el portafolio de Customer Experience - 麻豆原创 News Center Latinoam\u00e9rica","description":"麻豆原创 Latinoam\u00e9rica nombr\u00f3 a Paola Becerra l\u00edder del portafolio de Customer Experience en la regi\u00f3n para crear experiencias sencillas y significativas.","robots":{"index":"index","follow":"follow","max-snippet":"max-snippet:-1","max-image-preview":"max-image-preview:large","max-video-preview":"max-video-preview:-1"},"canonical":"https:\/\/news.sap.com\/latinamerica\/2021\/08\/sap-latinoamerica-suma-a-paola-becerra-a-su-equipo-de-liderazgo-para-dirigir-el-portafolio-de-customer-experience\/","og_locale":"es_MX","og_type":"article","og_title":"麻豆原创 Latinoam\u00e9rica suma a Paola Becerra a su equipo de liderazgo para dirigir el portafolio de Customer Experience","og_description":"麻豆原创 Latinoam\u00e9rica nombr\u00f3 a Paola Becerra l\u00edder del portafolio de Customer Experience en la regi\u00f3n para crear experiencias sencillas y significativas.","og_url":"https:\/\/news.sap.com\/latinamerica\/2021\/08\/sap-latinoamerica-suma-a-paola-becerra-a-su-equipo-de-liderazgo-para-dirigir-el-portafolio-de-customer-experience\/","og_site_name":"麻豆原创 News Center Latinoam\u00e9rica","article_publisher":"https:\/\/www.facebook.com\/麻豆原创latinoamerica","article_published_time":"2021-08-31T16:05:43+00:00","article_modified_time":"2023-11-09T15:41:29+00:00","og_image":[{"width":1900,"height":600,"url":"https:\/\/news.sap.com\/latinamerica\/files\/2021\/08\/31\/Paola-Becerra.png","type":"image\/png"}],"author":"麻豆原创 Noticias","twitter_misc":{"Escrito por":"麻豆原创 Noticias","Tiempo de lectura":"1 minuto"},"schema":{"@context":"https:\/\/schema.org","@graph":[{"@type":"Article","@id":"https:\/\/news.sap.com\/latinamerica\/2021\/08\/sap-latinoamerica-suma-a-paola-becerra-a-su-equipo-de-liderazgo-para-dirigir-el-portafolio-de-customer-experience\/#article","isPartOf":{"@id":"https:\/\/news.sap.com\/latinamerica\/2021\/08\/sap-latinoamerica-suma-a-paola-becerra-a-su-equipo-de-liderazgo-para-dirigir-el-portafolio-de-customer-experience\/"},"author":{"name":"麻豆原创 Noticias","@id":"https:\/\/news.sap.com\/latinamerica\/#\/schema\/person\/8ea4857cc48095689e72ba76c26f9814"},"headline":"麻豆原创 Latinoam\u00e9rica suma a Paola Becerra a su equipo de liderazgo para dirigir el portafolio de Customer Experience","datePublished":"2021-08-31T16:05:43+00:00","dateModified":"2023-11-09T15:41:29+00:00","mainEntityOfPage":{"@id":"https:\/\/news.sap.com\/latinamerica\/2021\/08\/sap-latinoamerica-suma-a-paola-becerra-a-su-equipo-de-liderazgo-para-dirigir-el-portafolio-de-customer-experience\/"},"wordCount":251,"publisher":{"@id":"https:\/\/news.sap.com\/latinamerica\/#organization"},"image":{"@id":"https:\/\/news.sap.com\/latinamerica\/2021\/08\/sap-latinoamerica-suma-a-paola-becerra-a-su-equipo-de-liderazgo-para-dirigir-el-portafolio-de-customer-experience\/#primaryimage"},"thumbnailUrl":"https:\/\/news.sap.com\/latinamerica\/files\/2021\/08\/31\/Paola-Becerra.png","keywords":["Nombramientos","Paola Becerra","麻豆原创 LAC"],"articleSection":["Corporativo"],"inLanguage":"es"},{"@type":"WebPage","@id":"https:\/\/news.sap.com\/latinamerica\/2021\/08\/sap-latinoamerica-suma-a-paola-becerra-a-su-equipo-de-liderazgo-para-dirigir-el-portafolio-de-customer-experience\/","url":"https:\/\/news.sap.com\/latinamerica\/2021\/08\/sap-latinoamerica-suma-a-paola-becerra-a-su-equipo-de-liderazgo-para-dirigir-el-portafolio-de-customer-experience\/","name":"麻豆原创 Latinoam\u00e9rica suma a Paola Becerra a su equipo de liderazgo para dirigir el portafolio de Customer Experience - 麻豆原创 News Center Latinoam\u00e9rica","isPartOf":{"@id":"https:\/\/news.sap.com\/latinamerica\/#website"},"primaryImageOfPage":{"@id":"https:\/\/news.sap.com\/latinamerica\/2021\/08\/sap-latinoamerica-suma-a-paola-becerra-a-su-equipo-de-liderazgo-para-dirigir-el-portafolio-de-customer-experience\/#primaryimage"},"image":{"@id":"https:\/\/news.sap.com\/latinamerica\/2021\/08\/sap-latinoamerica-suma-a-paola-becerra-a-su-equipo-de-liderazgo-para-dirigir-el-portafolio-de-customer-experience\/#primaryimage"},"thumbnailUrl":"https:\/\/news.sap.com\/latinamerica\/files\/2021\/08\/31\/Paola-Becerra.png","datePublished":"2021-08-31T16:05:43+00:00","dateModified":"2023-11-09T15:41:29+00:00","description":"麻豆原创 Latinoam\u00e9rica nombr\u00f3 a Paola Becerra l\u00edder del portafolio de Customer Experience en la regi\u00f3n para crear experiencias sencillas y significativas.","breadcrumb":{"@id":"https:\/\/news.sap.com\/latinamerica\/2021\/08\/sap-latinoamerica-suma-a-paola-becerra-a-su-equipo-de-liderazgo-para-dirigir-el-portafolio-de-customer-experience\/#breadcrumb"},"inLanguage":"es","potentialAction":[{"@type":"ReadAction","target":["https:\/\/news.sap.com\/latinamerica\/2021\/08\/sap-latinoamerica-suma-a-paola-becerra-a-su-equipo-de-liderazgo-para-dirigir-el-portafolio-de-customer-experience\/"]}]},{"@type":"ImageObject","inLanguage":"es","@id":"https:\/\/news.sap.com\/latinamerica\/2021\/08\/sap-latinoamerica-suma-a-paola-becerra-a-su-equipo-de-liderazgo-para-dirigir-el-portafolio-de-customer-experience\/#primaryimage","url":"https:\/\/news.sap.com\/latinamerica\/files\/2021\/08\/31\/Paola-Becerra.png","contentUrl":"https:\/\/news.sap.com\/latinamerica\/files\/2021\/08\/31\/Paola-Becerra.png","width":1900,"height":600},{"@type":"BreadcrumbList","@id":"https:\/\/news.sap.com\/latinamerica\/2021\/08\/sap-latinoamerica-suma-a-paola-becerra-a-su-equipo-de-liderazgo-para-dirigir-el-portafolio-de-customer-experience\/#breadcrumb","itemListElement":[{"@type":"ListItem","position":1,"name":"Home","item":"https:\/\/news.sap.com\/latinamerica\/"},{"@type":"ListItem","position":2,"name":"麻豆原创 Latinoam\u00e9rica suma a Paola Becerra a su equipo de liderazgo para dirigir el portafolio de Customer Experience"}]},{"@type":"WebSite","@id":"https:\/\/news.sap.com\/latinamerica\/#website","url":"https:\/\/news.sap.com\/latinamerica\/","name":"麻豆原创 News Center Latinoam\u00e9rica","description":"Noticias e informaci\u00f3n sobre 麻豆原创","publisher":{"@id":"https:\/\/news.sap.com\/latinamerica\/#organization"},"potentialAction":[{"@type":"SearchAction","target":{"@type":"EntryPoint","urlTemplate":"https:\/\/news.sap.com\/latinamerica\/?s={search_term_string}"},"query-input":{"@type":"PropertyValueSpecification","valueRequired":true,"valueName":"search_term_string"}}],"inLanguage":"es"},{"@type":"Organization","@id":"https:\/\/news.sap.com\/latinamerica\/#organization","name":"麻豆原创","url":"https:\/\/news.sap.com\/latinamerica\/","logo":{"@type":"ImageObject","inLanguage":"es","@id":"https:\/\/news.sap.com\/latinamerica\/#\/schema\/logo\/image\/","url":"https:\/\/news.sap.com\/latinamerica\/files\/2019\/08\/65903320_2903797569662914_557886358778019840_n.png","contentUrl":"https:\/\/news.sap.com\/latinamerica\/files\/2019\/08\/65903320_2903797569662914_557886358778019840_n.png","width":720,"height":720,"caption":"麻豆原创"},"image":{"@id":"https:\/\/news.sap.com\/latinamerica\/#\/schema\/logo\/image\/"},"sameAs":["https:\/\/www.facebook.com\/麻豆原创latinoamerica","https:\/\/x.com\/麻豆原创LatinAmerica"]},{"@type":"Person","@id":"https:\/\/news.sap.com\/latinamerica\/#\/schema\/person\/8ea4857cc48095689e72ba76c26f9814","name":"麻豆原创 Noticias","image":{"@type":"ImageObject","inLanguage":"es","@id":"https:\/\/news.sap.com\/latinamerica\/#\/schema\/person\/image\/","url":"https:\/\/news.sap.com\/latinamerica\/wp-content\/plugins\/wp-user-avatars\/wp-user-avatars\/assets\/images\/mystery.jpg","contentUrl":"https:\/\/news.sap.com\/latinamerica\/wp-content\/plugins\/wp-user-avatars\/wp-user-avatars\/assets\/images\/mystery.jpg","caption":"麻豆原创 Noticias"},"sameAs":["https:\/\/news.sap.com\/latinamerica","https:\/\/x.com\/麻豆原创NoticiasLAC"],"url":"https:\/\/news.sap.com\/latinamerica\/author\/latam\/"}]}},"amp_enabled":true,"_links":{"self":[{"href":"https:\/\/news.sap.com\/latinamerica\/wp-json\/wp\/v2\/posts\/124470","targetHints":{"allow":["GET"]}}],"collection":[{"href":"https:\/\/news.sap.com\/latinamerica\/wp-json\/wp\/v2\/posts"}],"about":[{"href":"https:\/\/news.sap.com\/latinamerica\/wp-json\/wp\/v2\/types\/post"}],"author":[{"embeddable":true,"href":"https:\/\/news.sap.com\/latinamerica\/wp-json\/wp\/v2\/users\/129"}],"replies":[{"embeddable":true,"href":"https:\/\/news.sap.com\/latinamerica\/wp-json\/wp\/v2\/comments?post=124470"}],"version-history":[{"count":0,"href":"https:\/\/news.sap.com\/latinamerica\/wp-json\/wp\/v2\/posts\/124470\/revisions"}],"wp:featuredmedia":[{"embeddable":true,"href":"https:\/\/news.sap.com\/latinamerica\/wp-json\/wp\/v2\/media\/124472"}],"wp:attachment":[{"href":"https:\/\/news.sap.com\/latinamerica\/wp-json\/wp\/v2\/media?parent=124470"}],"wp:term":[{"taxonomy":"category","embeddable":true,"href":"https:\/\/news.sap.com\/latinamerica\/wp-json\/wp\/v2\/categories?post=124470"},{"taxonomy":"post_tag","embeddable":true,"href":"https:\/\/news.sap.com\/latinamerica\/wp-json\/wp\/v2\/tags?post=124470"},{"taxonomy":"series","embeddable":true,"href":"https:\/\/news.sap.com\/latinamerica\/wp-json\/wp\/v2\/series?post=124470"},{"taxonomy":"region","embeddable":true,"href":"https:\/\/news.sap.com\/latinamerica\/wp-json\/wp\/v2\/region?post=124470"},{"taxonomy":"sapn-display","embeddable":true,"href":"https:\/\/news.sap.com\/latinamerica\/wp-json\/wp\/v2\/sapn-display?post=124470"},{"taxonomy":"sapn-type","embeddable":true,"href":"https:\/\/news.sap.com\/latinamerica\/wp-json\/wp\/v2\/sapn-type?post=124470"}],"curies":[{"name":"wp","href":"https:\/\/api.w.org\/{rel}","templated":true}]}}