  {"id":124439,"date":"2021-08-26T14:38:42","date_gmt":"2021-08-26T18:38:42","guid":{"rendered":"https:\/\/news.sap.com\/latinamerica\/?p=124439"},"modified":"2023-11-09T10:49:16","modified_gmt":"2023-11-09T15:49:16","slug":"como-mantenernos-relevantes-como-profesionales-en-un-mundo-que-cambia-cada-dia-de-manera-mas-acelerada","status":"publish","type":"post","link":"https:\/\/news.sap.com\/latinamerica\/2021\/08\/como-mantenernos-relevantes-como-profesionales-en-un-mundo-que-cambia-cada-dia-de-manera-mas-acelerada\/","title":{"rendered":"\u00bfC\u00f3mo mantenernos relevantes como profesionales en un mundo que cambia cada d\u00eda de manera m\u00e1s acelerada?"},"content":{"rendered":"<p class=\"lead\"><em>Hoy en d\u00eda es com\u00fan escuchar que las competencias llamadas soft o competencias blandas son cada vez m\u00e1s importantes para ser exitoso, tanto en el entorno profesional como personal.<\/em><\/p>\n<p><!--more--><\/p>\n<p>Ser un profesional experto en un tema e industria espec\u00edfica y tener un conocimiento en un campo determinado, es conocido como competencias \u00a8hard\u00a8 o competencias duras, pero actualmente no son suficientes, ni son lo \u00fanico o m\u00e1s importante que buscan las organizaciones. Si bien, mantenerse actualizado con las \u00faltimas tendencias de la industria o los avances del campo en el que trabajamos y somos expertos es una necesidad imperativa para mantenerse relevante, esto por s\u00ed s\u00f3lo no es suficiente, para crecer en una organizaci\u00f3n.<\/p>\n<p>&nbsp;<\/p>\n<p>Mantener las competencias duras es un trabajo diario y dado el entorno de cambio en el que vivimos, seguir estudiando y estar actualizado es fundamental. Esto debe ser parte de nuestra rutina diaria y adem\u00e1s, debe hacer nuestra vida m\u00e1s interesante- ojal\u00e1 sea algo que nos apasione tambi\u00e9n. Pero esta disciplina es relativamente f\u00e1cil, pues realmente implica tomar la decisi\u00f3n de aprender cada d\u00eda y de cada persona con la que interactuamos, y claramente tambi\u00e9n dedicar un tiempo a dicho aprendizaje.<\/p>\n<p>&nbsp;<\/p>\n<p>Sin embargo, potenciar las habilidades blandas es mucho menos estructurado y requiere un esfuerzo adicional de nosotros como personas. Este ejercicio requiere que definamos cu\u00e1les son aquellas habilidades que queremos potenciar y que definamos una estrategia para hacerlo. Leyendo acerca de las habilidades blandas, encontr\u00e9 un listado extenso de ellas: el liderazgo, la creatividad, el pensamiento cr\u00edtico, el autoconocimiento, la empat\u00eda, la inteligencia emocional y muchas m\u00e1s. Todos tenemos en mayor o menor grado dichas habilidades, pero es clave identificar aquellas en las que tenemos oportunidades de mejora y definamos para estas un plan de trabajo que nos permita tener las actitudes requeridas, para estructurarlas como un h\u00e1bito.<\/p>\n<p>&nbsp;<\/p>\n<p>A efectos de esta reflexi\u00f3n quisiera compartir mi experiencia con una de estas habilidades que es la <strong>capacidad de escucha con empat\u00eda<\/strong>. Todos sabemos que los equipos m\u00e1s exitosos son aquellos que pueden colaborar abiertamente en pro de un objetivo com\u00fan. En estos equipos las personas realmente se interesan por escuchar las ideas del otro y todas las ideas son respetadas y analizadas, estos equipos no sufren de ceguera voluntaria y no huyen del conflicto, es posible estar en desacuerdo y se elige la honestidad por encima de la comodidad, porque el conflicto es manejado con respeto.<\/p>\n<p>&nbsp;<\/p>\n<p>Ya sea en las organizaciones o en la familia como organizaci\u00f3n, es en ocasiones m\u00e1s f\u00e1cil mantenerse en un estado de comodidad y no recurrir a la honestidad por miedo a evitar el conflicto o a no ser escuchados. Entonces la mejor manera de promover la honestidad en nuestros equipos es generando un entorno de escucha con empat\u00eda, que permita que todos sus miembros puedan expresar lo que piensan\/sienten y no eviten el conflicto. Es importante que el conflicto sea visto como un elemento de construcci\u00f3n, que se maneja con respeto y no como un elemento destructivo, ya que puede ser inmensamente \u00fatil para construir un entendimiento com\u00fan de la realidad y evitar la trampa de escuchar lo que queremos, alej\u00e1ndonos muchas veces de nuestros objetivos y metas.<\/p>\n<p>&nbsp;<\/p>\n<p>Pero \u00bfc\u00f3mo construir un entorno seguro donde las personas puedan expresar sus ideas, ser creativas y estar en desacuerdo sin miedo?\u00a0 Mi conclusi\u00f3n, es que se requieren al menos 3 actitudes conscientes:<\/p>\n<ul>\n<li>\n<div class=\"panel\">1.- La escucha emp\u00e1tica que va m\u00e1s all\u00e1 de simplemente o\u00edr, para poder entender las motivaciones y las expectativas de nuestro interlocutor,<\/div>\n<\/li>\n<li>\n<div class=\"panel\">2.- Partir de la buena intenci\u00f3n de nuestro interlocutor, entendiendo que el conflicto se basa en una diferencia de forma, pero no de objetivo com\u00fan, y<\/div>\n<\/li>\n<li>\n<div class=\"panel\">3.- Entender el conflicto como un mecanismo de construcci\u00f3n, en el que debemos ser humildes y abiertos para escuchar otras perspectivas y darnos la oportunidad de ser curiosos, para darles una oportunidad.<\/div>\n<\/li>\n<\/ul>\n<p>Hacer conciencia cada vez que escuchamos a otra persona o nos enfrentamos a un conflicto de estos 3 puntos me ha permitido aprender m\u00e1s sobre las personas a mi alrededor y entender que a\u00fan con experiencia y conocimiento, no necesariamente tenemos la mejor respuesta o soluci\u00f3n creativa a una situaci\u00f3n.<\/p>\n<p>&nbsp;<\/p>\n<p>Ahora estoy tratando de escuchar m\u00e1s emp\u00e1ticamente a mi familia y a los equipos con los que interact\u00fao, para que juntos trabajemos por nuestros objetivos comunes.<\/p>\n<p>&nbsp;<\/p>\n<p>Queda ahora un interrogante, \u00bfcu\u00e1l es la competencia blanda en la que vas a empezar a trabajar conscientemente ma\u00f1ana?<\/p>\n<p>&#8212;&#8212;&#8212;&#8212;&#8212;&#8212;&#8212;&#8212;&#8212;&#8212;&#8212;&#8212;&#8212;&#8212;&#8212;&#8212;&#8212;&#8212;&#8212;&#8212;&#8212;&#8212;&#8212;&#8212;&#8212;&#8212;&#8212;&#8212;&#8212;&#8212;&#8212;&#8212;&#8212;&#8212;&#8212;&#8212;&#8212;&#8212;&#8212;&#8212;&#8211;<\/p>\n<p>Conozca m\u00e1s sobre <a href=\"https:\/\/www.linkedin.com\/in\/catalina-pinz%C3%B3n-751475\/\" target=\"_blank\" rel=\"noopener\">Catalina Pinz\u00f3n<\/a><\/p>\n<p>Directora comercial orientada a resultados con m\u00e1s de 20 a\u00f1os de experiencia en ventas y gerencia de venta de software. Con experiencia en el manejo de equipos virtuales de ventas para el cierre de grandes negocios de software, reclutamiento y liderazgo de equipos de ventas para entregar crecimientos de doble d\u00edgito y abrir nuevos mercados en Latinoam\u00e9rica norte: Colombia, Ecuador, Venezuela, Caribe y Centro Am\u00e9rica.<\/p>\n<p>Consistentemente entregando crecimientos de doble d\u00edgito y entregando y sobrepasando cuotas de ventas.<\/p>\n<p>Actualmente trabajando como parte de un equipo global de iniciativas estrat\u00e9gicas (GSI) en 麻豆原创, una organizaci\u00f3n global que se encarga de soportar los equipos regionales en la ejecuci\u00f3n de programas globales y en la definici\u00f3n de la estrategia, estructuraci\u00f3n, negociaci\u00f3n y cierre de oportunidades complejas o altamente competitivas.<\/p>\n<p><a href=\"https:\/\/webinars.sap.com\/co\/empresa-inteligente-norte\/es\/home\" target=\"_blank\" rel=\"noopener\">Regrese al portal de la Empresa Inteligente<\/a><\/p>\n","protected":false},"excerpt":{"rendered":"<p>Hoy en d\u00eda es com\u00fan escuchar que las competencias llamadas soft o competencias blandas son cada vez m\u00e1s importantes para ser exitoso, tanto en el&#8230;<\/p>\n","protected":false},"author":3679,"featured_media":124440,"comment_status":"closed","ping_status":"closed","sticky":false,"template":"","format":"standard","meta":{"footnotes":"","_links_to":"","_links_to_target":""},"categories":[24297],"tags":[56556,56559,56592,24299,26382],"series":[],"region":[26401],"sapn-display":[5600442,5600440,52078,52079,53499],"sapn-type":[6114],"class_list":["post-124439","post","type-post","status-publish","format-standard","has-post-thumbnail","hentry","category-tecnologia","tag-blog-2","tag-blog-de-innovacion-de-sap","tag-business-innovation","tag-negocios","tag-tendencias","region-latinoamerica","sapn-display-articulo-destacado","sapn-display-articulo-principal","sapn-display-homepage-hero","sapn-display-top-stories","sapn-display-hero","sapn-type-articulo"],"yoast_head":"<!-- This site is optimized with the Yoast SEO Premium plugin v26.9 (Yoast SEO v26.9) - https:\/\/yoast.com\/product\/yoast-seo-premium-wordpress\/ -->\n<title>\u00bfC\u00f3mo mantenernos relevantes como profesionales en un mundo que cambia cada d\u00eda de manera m\u00e1s acelerada? - 麻豆原创 News Center Latinoam\u00e9rica<\/title>\n<meta name=\"robots\" content=\"index, follow, max-snippet:-1, max-image-preview:large, max-video-preview:-1\" \/>\n<link rel=\"canonical\" href=\"https:\/\/news.sap.com\/latinamerica\/2021\/08\/como-mantenernos-relevantes-como-profesionales-en-un-mundo-que-cambia-cada-dia-de-manera-mas-acelerada\/\" \/>\n<meta property=\"og:locale\" content=\"es_MX\" \/>\n<meta property=\"og:type\" content=\"article\" \/>\n<meta property=\"og:title\" content=\"\u00bfC\u00f3mo mantenernos relevantes como profesionales en un mundo que cambia cada d\u00eda de manera m\u00e1s acelerada?\" \/>\n<meta property=\"og:description\" content=\"Hoy en d\u00eda es com\u00fan escuchar que las competencias llamadas soft o competencias blandas son cada vez m\u00e1s importantes para ser exitoso, tanto en el entorno profesional como personal.\" \/>\n<meta property=\"og:url\" content=\"https:\/\/news.sap.com\/latinamerica\/2021\/08\/como-mantenernos-relevantes-como-profesionales-en-un-mundo-que-cambia-cada-dia-de-manera-mas-acelerada\/\" \/>\n<meta property=\"og:site_name\" content=\"麻豆原创 News Center Latinoam\u00e9rica\" \/>\n<meta property=\"article:publisher\" content=\"https:\/\/www.facebook.com\/麻豆原创latinoamerica\" \/>\n<meta property=\"article:published_time\" content=\"2021-08-26T18:38:42+00:00\" \/>\n<meta property=\"article:modified_time\" content=\"2023-11-09T15:49:16+00:00\" \/>\n<meta property=\"og:image\" content=\"https:\/\/news.sap.com\/latinamerica\/files\/2021\/08\/26\/286430_shutterstock_633424550-1024x683.jpg\" \/>\n\t<meta property=\"og:image:width\" content=\"1024\" \/>\n\t<meta property=\"og:image:height\" content=\"683\" \/>\n\t<meta property=\"og:image:type\" content=\"image\/jpeg\" \/>\n<meta name=\"author\" content=\"Catalina Pinz\u00f3n\" \/>\n<meta name=\"twitter:label1\" content=\"Escrito por\" \/>\n\t<meta name=\"twitter:data1\" content=\"Catalina Pinz\u00f3n\" \/>\n\t<meta name=\"twitter:label2\" content=\"Tiempo de lectura\" \/>\n\t<meta name=\"twitter:data2\" content=\"5 minutos\" \/>\n<script type=\"application\/ld+json\" class=\"yoast-schema-graph\">{\"@context\":\"https:\/\/schema.org\",\"@graph\":[{\"@type\":\"Article\",\"@id\":\"https:\/\/news.sap.com\/latinamerica\/2021\/08\/como-mantenernos-relevantes-como-profesionales-en-un-mundo-que-cambia-cada-dia-de-manera-mas-acelerada\/#article\",\"isPartOf\":{\"@id\":\"https:\/\/news.sap.com\/latinamerica\/2021\/08\/como-mantenernos-relevantes-como-profesionales-en-un-mundo-que-cambia-cada-dia-de-manera-mas-acelerada\/\"},\"author\":{\"name\":\"Catalina Pinz\u00f3n\",\"@id\":\"https:\/\/news.sap.com\/latinamerica\/#\/schema\/person\/66e13ce25f7e6bb9870234c61a8e2a38\"},\"headline\":\"\u00bfC\u00f3mo mantenernos relevantes como profesionales en un mundo que cambia cada d\u00eda de manera m\u00e1s acelerada?\",\"datePublished\":\"2021-08-26T18:38:42+00:00\",\"dateModified\":\"2023-11-09T15:49:16+00:00\",\"mainEntityOfPage\":{\"@id\":\"https:\/\/news.sap.com\/latinamerica\/2021\/08\/como-mantenernos-relevantes-como-profesionales-en-un-mundo-que-cambia-cada-dia-de-manera-mas-acelerada\/\"},\"wordCount\":958,\"publisher\":{\"@id\":\"https:\/\/news.sap.com\/latinamerica\/#organization\"},\"image\":{\"@id\":\"https:\/\/news.sap.com\/latinamerica\/2021\/08\/como-mantenernos-relevantes-como-profesionales-en-un-mundo-que-cambia-cada-dia-de-manera-mas-acelerada\/#primaryimage\"},\"thumbnailUrl\":\"https:\/\/news.sap.com\/latinamerica\/files\/2021\/08\/26\/286430_shutterstock_633424550.jpg\",\"keywords\":[\"blog\",\"Blog de Innovaci\u00f3n de 麻豆原创\",\"Business Innovation\",\"Negocios\",\"tendencias\"],\"articleSection\":[\"Tecnolog\u00eda\"],\"inLanguage\":\"es\"},{\"@type\":\"WebPage\",\"@id\":\"https:\/\/news.sap.com\/latinamerica\/2021\/08\/como-mantenernos-relevantes-como-profesionales-en-un-mundo-que-cambia-cada-dia-de-manera-mas-acelerada\/\",\"url\":\"https:\/\/news.sap.com\/latinamerica\/2021\/08\/como-mantenernos-relevantes-como-profesionales-en-un-mundo-que-cambia-cada-dia-de-manera-mas-acelerada\/\",\"name\":\"\u00bfC\u00f3mo mantenernos relevantes como profesionales en un mundo que cambia cada d\u00eda de manera m\u00e1s acelerada? - 麻豆原创 News Center Latinoam\u00e9rica\",\"isPartOf\":{\"@id\":\"https:\/\/news.sap.com\/latinamerica\/#website\"},\"primaryImageOfPage\":{\"@id\":\"https:\/\/news.sap.com\/latinamerica\/2021\/08\/como-mantenernos-relevantes-como-profesionales-en-un-mundo-que-cambia-cada-dia-de-manera-mas-acelerada\/#primaryimage\"},\"image\":{\"@id\":\"https:\/\/news.sap.com\/latinamerica\/2021\/08\/como-mantenernos-relevantes-como-profesionales-en-un-mundo-que-cambia-cada-dia-de-manera-mas-acelerada\/#primaryimage\"},\"thumbnailUrl\":\"https:\/\/news.sap.com\/latinamerica\/files\/2021\/08\/26\/286430_shutterstock_633424550.jpg\",\"datePublished\":\"2021-08-26T18:38:42+00:00\",\"dateModified\":\"2023-11-09T15:49:16+00:00\",\"breadcrumb\":{\"@id\":\"https:\/\/news.sap.com\/latinamerica\/2021\/08\/como-mantenernos-relevantes-como-profesionales-en-un-mundo-que-cambia-cada-dia-de-manera-mas-acelerada\/#breadcrumb\"},\"inLanguage\":\"es\",\"potentialAction\":[{\"@type\":\"ReadAction\",\"target\":[\"https:\/\/news.sap.com\/latinamerica\/2021\/08\/como-mantenernos-relevantes-como-profesionales-en-un-mundo-que-cambia-cada-dia-de-manera-mas-acelerada\/\"]}]},{\"@type\":\"ImageObject\",\"inLanguage\":\"es\",\"@id\":\"https:\/\/news.sap.com\/latinamerica\/2021\/08\/como-mantenernos-relevantes-como-profesionales-en-un-mundo-que-cambia-cada-dia-de-manera-mas-acelerada\/#primaryimage\",\"url\":\"https:\/\/news.sap.com\/latinamerica\/files\/2021\/08\/26\/286430_shutterstock_633424550.jpg\",\"contentUrl\":\"https:\/\/news.sap.com\/latinamerica\/files\/2021\/08\/26\/286430_shutterstock_633424550.jpg\",\"width\":4507,\"height\":3004},{\"@type\":\"BreadcrumbList\",\"@id\":\"https:\/\/news.sap.com\/latinamerica\/2021\/08\/como-mantenernos-relevantes-como-profesionales-en-un-mundo-que-cambia-cada-dia-de-manera-mas-acelerada\/#breadcrumb\",\"itemListElement\":[{\"@type\":\"ListItem\",\"position\":1,\"name\":\"Home\",\"item\":\"https:\/\/news.sap.com\/latinamerica\/\"},{\"@type\":\"ListItem\",\"position\":2,\"name\":\"\u00bfC\u00f3mo mantenernos relevantes como profesionales en un mundo que cambia cada d\u00eda de manera m\u00e1s acelerada?\"}]},{\"@type\":\"WebSite\",\"@id\":\"https:\/\/news.sap.com\/latinamerica\/#website\",\"url\":\"https:\/\/news.sap.com\/latinamerica\/\",\"name\":\"麻豆原创 News Center Latinoam\u00e9rica\",\"description\":\"Noticias e informaci\u00f3n sobre 麻豆原创\",\"publisher\":{\"@id\":\"https:\/\/news.sap.com\/latinamerica\/#organization\"},\"potentialAction\":[{\"@type\":\"SearchAction\",\"target\":{\"@type\":\"EntryPoint\",\"urlTemplate\":\"https:\/\/news.sap.com\/latinamerica\/?s={search_term_string}\"},\"query-input\":{\"@type\":\"PropertyValueSpecification\",\"valueRequired\":true,\"valueName\":\"search_term_string\"}}],\"inLanguage\":\"es\"},{\"@type\":\"Organization\",\"@id\":\"https:\/\/news.sap.com\/latinamerica\/#organization\",\"name\":\"麻豆原创\",\"url\":\"https:\/\/news.sap.com\/latinamerica\/\",\"logo\":{\"@type\":\"ImageObject\",\"inLanguage\":\"es\",\"@id\":\"https:\/\/news.sap.com\/latinamerica\/#\/schema\/logo\/image\/\",\"url\":\"https:\/\/news.sap.com\/latinamerica\/files\/2019\/08\/65903320_2903797569662914_557886358778019840_n.png\",\"contentUrl\":\"https:\/\/news.sap.com\/latinamerica\/files\/2019\/08\/65903320_2903797569662914_557886358778019840_n.png\",\"width\":720,\"height\":720,\"caption\":\"麻豆原创\"},\"image\":{\"@id\":\"https:\/\/news.sap.com\/latinamerica\/#\/schema\/logo\/image\/\"},\"sameAs\":[\"https:\/\/www.facebook.com\/麻豆原创latinoamerica\",\"https:\/\/x.com\/麻豆原创LatinAmerica\"]},{\"@type\":\"Person\",\"@id\":\"https:\/\/news.sap.com\/latinamerica\/#\/schema\/person\/66e13ce25f7e6bb9870234c61a8e2a38\",\"name\":\"Catalina Pinz\u00f3n\",\"image\":{\"@type\":\"ImageObject\",\"inLanguage\":\"es\",\"@id\":\"https:\/\/news.sap.com\/latinamerica\/#\/schema\/person\/image\/\",\"url\":\"https:\/\/news.sap.com\/latinamerica\/wp-content\/plugins\/wp-user-avatars\/wp-user-avatars\/assets\/images\/mystery.jpg\",\"contentUrl\":\"https:\/\/news.sap.com\/latinamerica\/wp-content\/plugins\/wp-user-avatars\/wp-user-avatars\/assets\/images\/mystery.jpg\",\"caption\":\"Catalina Pinz\u00f3n\"},\"url\":\"https:\/\/news.sap.com\/latinamerica\/author\/catalinapinzon\/\"}]}<\/script>\n<!-- \/ Yoast SEO Premium plugin. -->","yoast_head_json":{"title":"\u00bfC\u00f3mo mantenernos relevantes como profesionales en un mundo que cambia cada d\u00eda de manera m\u00e1s acelerada? - 麻豆原创 News Center Latinoam\u00e9rica","robots":{"index":"index","follow":"follow","max-snippet":"max-snippet:-1","max-image-preview":"max-image-preview:large","max-video-preview":"max-video-preview:-1"},"canonical":"https:\/\/news.sap.com\/latinamerica\/2021\/08\/como-mantenernos-relevantes-como-profesionales-en-un-mundo-que-cambia-cada-dia-de-manera-mas-acelerada\/","og_locale":"es_MX","og_type":"article","og_title":"\u00bfC\u00f3mo mantenernos relevantes como profesionales en un mundo que cambia cada d\u00eda de manera m\u00e1s acelerada?","og_description":"Hoy en d\u00eda es com\u00fan escuchar que las competencias llamadas soft o competencias blandas son cada vez m\u00e1s importantes para ser exitoso, tanto en el entorno profesional como personal.","og_url":"https:\/\/news.sap.com\/latinamerica\/2021\/08\/como-mantenernos-relevantes-como-profesionales-en-un-mundo-que-cambia-cada-dia-de-manera-mas-acelerada\/","og_site_name":"麻豆原创 News Center Latinoam\u00e9rica","article_publisher":"https:\/\/www.facebook.com\/麻豆原创latinoamerica","article_published_time":"2021-08-26T18:38:42+00:00","article_modified_time":"2023-11-09T15:49:16+00:00","og_image":[{"width":1024,"height":683,"url":"https:\/\/news.sap.com\/latinamerica\/files\/2021\/08\/26\/286430_shutterstock_633424550-1024x683.jpg","type":"image\/jpeg"}],"author":"Catalina Pinz\u00f3n","twitter_misc":{"Escrito por":"Catalina Pinz\u00f3n","Tiempo de lectura":"5 minutos"},"schema":{"@context":"https:\/\/schema.org","@graph":[{"@type":"Article","@id":"https:\/\/news.sap.com\/latinamerica\/2021\/08\/como-mantenernos-relevantes-como-profesionales-en-un-mundo-que-cambia-cada-dia-de-manera-mas-acelerada\/#article","isPartOf":{"@id":"https:\/\/news.sap.com\/latinamerica\/2021\/08\/como-mantenernos-relevantes-como-profesionales-en-un-mundo-que-cambia-cada-dia-de-manera-mas-acelerada\/"},"author":{"name":"Catalina Pinz\u00f3n","@id":"https:\/\/news.sap.com\/latinamerica\/#\/schema\/person\/66e13ce25f7e6bb9870234c61a8e2a38"},"headline":"\u00bfC\u00f3mo mantenernos relevantes como profesionales en un mundo que cambia cada d\u00eda de manera m\u00e1s acelerada?","datePublished":"2021-08-26T18:38:42+00:00","dateModified":"2023-11-09T15:49:16+00:00","mainEntityOfPage":{"@id":"https:\/\/news.sap.com\/latinamerica\/2021\/08\/como-mantenernos-relevantes-como-profesionales-en-un-mundo-que-cambia-cada-dia-de-manera-mas-acelerada\/"},"wordCount":958,"publisher":{"@id":"https:\/\/news.sap.com\/latinamerica\/#organization"},"image":{"@id":"https:\/\/news.sap.com\/latinamerica\/2021\/08\/como-mantenernos-relevantes-como-profesionales-en-un-mundo-que-cambia-cada-dia-de-manera-mas-acelerada\/#primaryimage"},"thumbnailUrl":"https:\/\/news.sap.com\/latinamerica\/files\/2021\/08\/26\/286430_shutterstock_633424550.jpg","keywords":["blog","Blog de Innovaci\u00f3n de 麻豆原创","Business Innovation","Negocios","tendencias"],"articleSection":["Tecnolog\u00eda"],"inLanguage":"es"},{"@type":"WebPage","@id":"https:\/\/news.sap.com\/latinamerica\/2021\/08\/como-mantenernos-relevantes-como-profesionales-en-un-mundo-que-cambia-cada-dia-de-manera-mas-acelerada\/","url":"https:\/\/news.sap.com\/latinamerica\/2021\/08\/como-mantenernos-relevantes-como-profesionales-en-un-mundo-que-cambia-cada-dia-de-manera-mas-acelerada\/","name":"\u00bfC\u00f3mo mantenernos relevantes como profesionales en un mundo que cambia cada d\u00eda de manera m\u00e1s acelerada? - 麻豆原创 News Center Latinoam\u00e9rica","isPartOf":{"@id":"https:\/\/news.sap.com\/latinamerica\/#website"},"primaryImageOfPage":{"@id":"https:\/\/news.sap.com\/latinamerica\/2021\/08\/como-mantenernos-relevantes-como-profesionales-en-un-mundo-que-cambia-cada-dia-de-manera-mas-acelerada\/#primaryimage"},"image":{"@id":"https:\/\/news.sap.com\/latinamerica\/2021\/08\/como-mantenernos-relevantes-como-profesionales-en-un-mundo-que-cambia-cada-dia-de-manera-mas-acelerada\/#primaryimage"},"thumbnailUrl":"https:\/\/news.sap.com\/latinamerica\/files\/2021\/08\/26\/286430_shutterstock_633424550.jpg","datePublished":"2021-08-26T18:38:42+00:00","dateModified":"2023-11-09T15:49:16+00:00","breadcrumb":{"@id":"https:\/\/news.sap.com\/latinamerica\/2021\/08\/como-mantenernos-relevantes-como-profesionales-en-un-mundo-que-cambia-cada-dia-de-manera-mas-acelerada\/#breadcrumb"},"inLanguage":"es","potentialAction":[{"@type":"ReadAction","target":["https:\/\/news.sap.com\/latinamerica\/2021\/08\/como-mantenernos-relevantes-como-profesionales-en-un-mundo-que-cambia-cada-dia-de-manera-mas-acelerada\/"]}]},{"@type":"ImageObject","inLanguage":"es","@id":"https:\/\/news.sap.com\/latinamerica\/2021\/08\/como-mantenernos-relevantes-como-profesionales-en-un-mundo-que-cambia-cada-dia-de-manera-mas-acelerada\/#primaryimage","url":"https:\/\/news.sap.com\/latinamerica\/files\/2021\/08\/26\/286430_shutterstock_633424550.jpg","contentUrl":"https:\/\/news.sap.com\/latinamerica\/files\/2021\/08\/26\/286430_shutterstock_633424550.jpg","width":4507,"height":3004},{"@type":"BreadcrumbList","@id":"https:\/\/news.sap.com\/latinamerica\/2021\/08\/como-mantenernos-relevantes-como-profesionales-en-un-mundo-que-cambia-cada-dia-de-manera-mas-acelerada\/#breadcrumb","itemListElement":[{"@type":"ListItem","position":1,"name":"Home","item":"https:\/\/news.sap.com\/latinamerica\/"},{"@type":"ListItem","position":2,"name":"\u00bfC\u00f3mo mantenernos relevantes como profesionales en un mundo que cambia cada d\u00eda de manera m\u00e1s acelerada?"}]},{"@type":"WebSite","@id":"https:\/\/news.sap.com\/latinamerica\/#website","url":"https:\/\/news.sap.com\/latinamerica\/","name":"麻豆原创 News Center Latinoam\u00e9rica","description":"Noticias e informaci\u00f3n sobre 麻豆原创","publisher":{"@id":"https:\/\/news.sap.com\/latinamerica\/#organization"},"potentialAction":[{"@type":"SearchAction","target":{"@type":"EntryPoint","urlTemplate":"https:\/\/news.sap.com\/latinamerica\/?s={search_term_string}"},"query-input":{"@type":"PropertyValueSpecification","valueRequired":true,"valueName":"search_term_string"}}],"inLanguage":"es"},{"@type":"Organization","@id":"https:\/\/news.sap.com\/latinamerica\/#organization","name":"麻豆原创","url":"https:\/\/news.sap.com\/latinamerica\/","logo":{"@type":"ImageObject","inLanguage":"es","@id":"https:\/\/news.sap.com\/latinamerica\/#\/schema\/logo\/image\/","url":"https:\/\/news.sap.com\/latinamerica\/files\/2019\/08\/65903320_2903797569662914_557886358778019840_n.png","contentUrl":"https:\/\/news.sap.com\/latinamerica\/files\/2019\/08\/65903320_2903797569662914_557886358778019840_n.png","width":720,"height":720,"caption":"麻豆原创"},"image":{"@id":"https:\/\/news.sap.com\/latinamerica\/#\/schema\/logo\/image\/"},"sameAs":["https:\/\/www.facebook.com\/麻豆原创latinoamerica","https:\/\/x.com\/麻豆原创LatinAmerica"]},{"@type":"Person","@id":"https:\/\/news.sap.com\/latinamerica\/#\/schema\/person\/66e13ce25f7e6bb9870234c61a8e2a38","name":"Catalina Pinz\u00f3n","image":{"@type":"ImageObject","inLanguage":"es","@id":"https:\/\/news.sap.com\/latinamerica\/#\/schema\/person\/image\/","url":"https:\/\/news.sap.com\/latinamerica\/wp-content\/plugins\/wp-user-avatars\/wp-user-avatars\/assets\/images\/mystery.jpg","contentUrl":"https:\/\/news.sap.com\/latinamerica\/wp-content\/plugins\/wp-user-avatars\/wp-user-avatars\/assets\/images\/mystery.jpg","caption":"Catalina Pinz\u00f3n"},"url":"https:\/\/news.sap.com\/latinamerica\/author\/catalinapinzon\/"}]}},"amp_enabled":true,"_links":{"self":[{"href":"https:\/\/news.sap.com\/latinamerica\/wp-json\/wp\/v2\/posts\/124439","targetHints":{"allow":["GET"]}}],"collection":[{"href":"https:\/\/news.sap.com\/latinamerica\/wp-json\/wp\/v2\/posts"}],"about":[{"href":"https:\/\/news.sap.com\/latinamerica\/wp-json\/wp\/v2\/types\/post"}],"author":[{"embeddable":true,"href":"https:\/\/news.sap.com\/latinamerica\/wp-json\/wp\/v2\/users\/3679"}],"replies":[{"embeddable":true,"href":"https:\/\/news.sap.com\/latinamerica\/wp-json\/wp\/v2\/comments?post=124439"}],"version-history":[{"count":0,"href":"https:\/\/news.sap.com\/latinamerica\/wp-json\/wp\/v2\/posts\/124439\/revisions"}],"wp:featuredmedia":[{"embeddable":true,"href":"https:\/\/news.sap.com\/latinamerica\/wp-json\/wp\/v2\/media\/124440"}],"wp:attachment":[{"href":"https:\/\/news.sap.com\/latinamerica\/wp-json\/wp\/v2\/media?parent=124439"}],"wp:term":[{"taxonomy":"category","embeddable":true,"href":"https:\/\/news.sap.com\/latinamerica\/wp-json\/wp\/v2\/categories?post=124439"},{"taxonomy":"post_tag","embeddable":true,"href":"https:\/\/news.sap.com\/latinamerica\/wp-json\/wp\/v2\/tags?post=124439"},{"taxonomy":"series","embeddable":true,"href":"https:\/\/news.sap.com\/latinamerica\/wp-json\/wp\/v2\/series?post=124439"},{"taxonomy":"region","embeddable":true,"href":"https:\/\/news.sap.com\/latinamerica\/wp-json\/wp\/v2\/region?post=124439"},{"taxonomy":"sapn-display","embeddable":true,"href":"https:\/\/news.sap.com\/latinamerica\/wp-json\/wp\/v2\/sapn-display?post=124439"},{"taxonomy":"sapn-type","embeddable":true,"href":"https:\/\/news.sap.com\/latinamerica\/wp-json\/wp\/v2\/sapn-type?post=124439"}],"curies":[{"name":"wp","href":"https:\/\/api.w.org\/{rel}","templated":true}]}}